{"id":219805,"date":"2025-04-28T12:34:53","date_gmt":"2025-04-28T15:34:53","guid":{"rendered":"https:\/\/informelitoral.com.ar\/?p=219805"},"modified":"2025-04-28T21:00:57","modified_gmt":"2025-04-29T00:00:57","slug":"aranguren-celebra-el-dia-del-animal-con-jornada-gratuita-de-vacunacion-antirrabica-y-desparasitacion","status":"publish","type":"post","link":"https:\/\/informelitoral.com.ar\/aranguren-celebra-el-dia-del-animal-con-jornada-gratuita-de-vacunacion-antirrabica-y-desparasitacion\/","title":{"rendered":"Aranguren celebra el D\u00eda del Animal con jornada gratuita de vacunaci\u00f3n antirr\u00e1bica y desparasitaci\u00f3n"},"content":{"rendered":"<p data-sourcepos=\"5:1-5:217\">La <strong>Municipalidad de Aranguren<\/strong> invita a todos los vecinos a participar de una jornada especial de vacunaci\u00f3n antirr\u00e1bica y desparasitaci\u00f3n gratuita para perros y gatos, en el marco de la celebraci\u00f3n del D\u00eda del Animal.<\/p>\n<p data-sourcepos=\"7:1-7:93\">El operativo se llevar\u00e1 a cabo el <strong>29 de abril<\/strong> en dos puntos estrat\u00e9gicos de la localidad:<\/p>\n<ul data-sourcepos=\"9:1-11:0\">\n<li data-sourcepos=\"9:1-9:50\"><strong>De 09:00 a 11:00:<\/strong> Polideportivo Municipal<\/li>\n<li data-sourcepos=\"10:1-11:0\"><strong>De 11:00 a 13:00:<\/strong> Plaza Saludable<\/li>\n<\/ul>\n<p data-sourcepos=\"12:1-12:258\">Esta importante acci\u00f3n de salud animal est\u00e1 destinada a <strong>perros y gatos mayores de 3 meses<\/strong>. Se recuerda a los due\u00f1os que los <strong>perros deber\u00e1n asistir con collar y correa<\/strong>, mientras que los <strong>gatos deber\u00e1n ser trasladados dentro de un contenedor seguro<\/strong>.<\/p>\n<p data-sourcepos=\"14:1-14:76\"><strong>Adem\u00e1s, durante la jornada se podr\u00e1n solicitar turnos para castraciones. <\/strong><em>(Informe Litoral)<\/em><\/p>\n","protected":false},"excerpt":{"rendered":"<p>El operativo ser\u00e1 el 29 de abril en dos puntos: de 9 a 11 en el Polideportivo Municipal y de 11 a 13 en la Plaza Saludable.<\/p>\n","protected":false},"author":8,"featured_media":137282,"comment_status":"open","ping_status":"open","sticky":false,"template":"","format":"standard","meta":{"fifu_image_url":"","fifu_image_alt":"","footnotes":""},"categories":[4592],"tags":[143,1305],"class_list":{"0":"post-219805","1":"post","2":"type-post","3":"status-publish","4":"format-standard","5":"has-post-thumbnail","7":"category-departamento-nogoya","8":"tag-aranguren","9":"tag-dia-del-animal"},"yoast_head":"<title>Aranguren celebra el D\u00eda del Animal con jornada gratuita de vacunaci\u00f3n antirr\u00e1bica y desparasitaci\u00f3n - Informe Litoral<\/title>\n<meta name=\"robots\" content=\"index, follow, max-snippet:-1, max-image-preview:large, max-video-preview:-1\" \/>\n<link rel=\"canonical\" href=\"https:\/\/informelitoral.com.ar\/aranguren-celebra-el-dia-del-animal-con-jornada-gratuita-de-vacunacion-antirrabica-y-desparasitacion\/\" \/>\n<meta property=\"og:locale\" content=\"es_ES\" \/>\n<meta property=\"og:type\" content=\"article\" \/>\n<meta property=\"og:title\" content=\"Aranguren celebra el D\u00eda del Animal con jornada gratuita de vacunaci\u00f3n antirr\u00e1bica y desparasitaci\u00f3n - Informe Litoral\" \/>\n<meta property=\"og:description\" content=\"El operativo ser\u00e1 el 29 de abril en dos puntos: de 9 a 11 en el Polideportivo Municipal y de 11 a 13 en la Plaza Saludable.\" \/>\n<meta property=\"og:url\" content=\"https:\/\/informelitoral.com.ar\/aranguren-celebra-el-dia-del-animal-con-jornada-gratuita-de-vacunacion-antirrabica-y-desparasitacion\/\" \/>\n<meta property=\"og:site_name\" content=\"Informe Litoral\" \/>\n<meta property=\"article:publisher\" content=\"https:\/\/www.facebook.com\/informelitoral\/\" \/>\n<meta property=\"article:published_time\" content=\"2025-04-28T15:34:53+00:00\" \/>\n<meta property=\"article:modified_time\" content=\"2025-04-29T00:00:57+00:00\" \/>\n<meta property=\"og:image\" content=\"https:\/\/informelitoral.com.ar\/%77%70%2d%63%6f%6e%74%65%6e%74\/uploads\/2023\/04\/dia-de-los-animales.jpg\" \/>\n\t<meta property=\"og:image:width\" content=\"1500\" \/>\n\t<meta property=\"og:image:height\" content=\"1000\" \/>\n\t<meta property=\"og:image:type\" content=\"image\/jpeg\" \/>\n<meta name=\"author\" content=\"Sebastian\" \/>\n<meta name=\"twitter:card\" content=\"summary_large_image\" \/>\n<meta name=\"twitter:creator\" content=\"@InformeLitoral\" \/>\n<meta name=\"twitter:site\" content=\"@InformeLitoral\" \/>\n<meta name=\"twitter:label1\" content=\"Escrito por\" \/>\n\t<meta name=\"twitter:data1\" content=\"Sebastian\" \/>\n\t<meta name=\"twitter:label2\" content=\"Tiempo de lectura\" \/>\n\t<meta name=\"twitter:data2\" content=\"1 minuto\" \/>\n<script type=\"application\/ld+json\" class=\"yoast-schema-graph\">{\"@context\":\"https:\\\/\\\/schema.org\",\"@graph\":[{\"@type\":\"Article\",\"@id\":\"https:\\\/\\\/informelitoral.com.ar\\\/aranguren-celebra-el-dia-del-animal-con-jornada-gratuita-de-vacunacion-antirrabica-y-desparasitacion\\\/#article\",\"isPartOf\":{\"@id\":\"https:\\\/\\\/informelitoral.com.ar\\\/aranguren-celebra-el-dia-del-animal-con-jornada-gratuita-de-vacunacion-antirrabica-y-desparasitacion\\\/\"},\"author\":{\"name\":\"Sebastian\",\"@id\":\"https:\\\/\\\/informelitoral.com.ar\\\/#\\\/schema\\\/person\\\/f05f9f461677119578717524b127d6d5\"},\"headline\":\"Aranguren celebra el D\u00eda del Animal con jornada gratuita de vacunaci\u00f3n antirr\u00e1bica y desparasitaci\u00f3n\",\"datePublished\":\"2025-04-28T15:34:53+00:00\",\"dateModified\":\"2025-04-29T00:00:57+00:00\",\"mainEntityOfPage\":{\"@id\":\"https:\\\/\\\/informelitoral.com.ar\\\/aranguren-celebra-el-dia-del-animal-con-jornada-gratuita-de-vacunacion-antirrabica-y-desparasitacion\\\/\"},\"wordCount\":142,\"commentCount\":0,\"publisher\":{\"@id\":\"https:\\\/\\\/informelitoral.com.ar\\\/#organization\"},\"image\":{\"@id\":\"https:\\\/\\\/informelitoral.com.ar\\\/aranguren-celebra-el-dia-del-animal-con-jornada-gratuita-de-vacunacion-antirrabica-y-desparasitacion\\\/#primaryimage\"},\"thumbnailUrl\":\"https:\\\/\\\/informelitoral.com.ar\\\/%77%70%2d%63%6f%6e%74%65%6e%74\\\/uploads\\\/2023\\\/04\\\/dia-de-los-animales.jpg\",\"keywords\":[\"Aranguren\",\"D\u00eda del Animal\"],\"articleSection\":[\"Departamento Nogoy\u00e1\"],\"inLanguage\":\"es\",\"potentialAction\":[{\"@type\":\"CommentAction\",\"name\":\"Comment\",\"target\":[\"https:\\\/\\\/informelitoral.com.ar\\\/aranguren-celebra-el-dia-del-animal-con-jornada-gratuita-de-vacunacion-antirrabica-y-desparasitacion\\\/#respond\"]}]},{\"@type\":\"WebPage\",\"@id\":\"https:\\\/\\\/informelitoral.com.ar\\\/aranguren-celebra-el-dia-del-animal-con-jornada-gratuita-de-vacunacion-antirrabica-y-desparasitacion\\\/\",\"url\":\"https:\\\/\\\/informelitoral.com.ar\\\/aranguren-celebra-el-dia-del-animal-con-jornada-gratuita-de-vacunacion-antirrabica-y-desparasitacion\\\/\",\"name\":\"Aranguren celebra el D\u00eda del Animal con jornada gratuita de vacunaci\u00f3n antirr\u00e1bica y desparasitaci\u00f3n - Informe Litoral\",\"isPartOf\":{\"@id\":\"https:\\\/\\\/informelitoral.com.ar\\\/#website\"},\"primaryImageOfPage\":{\"@id\":\"https:\\\/\\\/informelitoral.com.ar\\\/aranguren-celebra-el-dia-del-animal-con-jornada-gratuita-de-vacunacion-antirrabica-y-desparasitacion\\\/#primaryimage\"},\"image\":{\"@id\":\"https:\\\/\\\/informelitoral.com.ar\\\/aranguren-celebra-el-dia-del-animal-con-jornada-gratuita-de-vacunacion-antirrabica-y-desparasitacion\\\/#primaryimage\"},\"thumbnailUrl\":\"https:\\\/\\\/informelitoral.com.ar\\\/%77%70%2d%63%6f%6e%74%65%6e%74\\\/uploads\\\/2023\\\/04\\\/dia-de-los-animales.jpg\",\"datePublished\":\"2025-04-28T15:34:53+00:00\",\"dateModified\":\"2025-04-29T00:00:57+00:00\",\"breadcrumb\":{\"@id\":\"https:\\\/\\\/informelitoral.com.ar\\\/aranguren-celebra-el-dia-del-animal-con-jornada-gratuita-de-vacunacion-antirrabica-y-desparasitacion\\\/#breadcrumb\"},\"inLanguage\":\"es\",\"potentialAction\":[{\"@type\":\"ReadAction\",\"target\":[\"https:\\\/\\\/informelitoral.com.ar\\\/aranguren-celebra-el-dia-del-animal-con-jornada-gratuita-de-vacunacion-antirrabica-y-desparasitacion\\\/\"]}]},{\"@type\":\"ImageObject\",\"inLanguage\":\"es\",\"@id\":\"https:\\\/\\\/informelitoral.com.ar\\\/aranguren-celebra-el-dia-del-animal-con-jornada-gratuita-de-vacunacion-antirrabica-y-desparasitacion\\\/#primaryimage\",\"url\":\"https:\\\/\\\/informelitoral.com.ar\\\/%77%70%2d%63%6f%6e%74%65%6e%74\\\/uploads\\\/2023\\\/04\\\/dia-de-los-animales.jpg\",\"contentUrl\":\"https:\\\/\\\/informelitoral.com.ar\\\/%77%70%2d%63%6f%6e%74%65%6e%74\\\/uploads\\\/2023\\\/04\\\/dia-de-los-animales.jpg\",\"width\":1500,\"height\":1000},{\"@type\":\"BreadcrumbList\",\"@id\":\"https:\\\/\\\/informelitoral.com.ar\\\/aranguren-celebra-el-dia-del-animal-con-jornada-gratuita-de-vacunacion-antirrabica-y-desparasitacion\\\/#breadcrumb\",\"itemListElement\":[{\"@type\":\"ListItem\",\"position\":1,\"name\":\"Portada\",\"item\":\"https:\\\/\\\/informelitoral.com.ar\\\/\"},{\"@type\":\"ListItem\",\"position\":2,\"name\":\"Aranguren celebra el D\u00eda del Animal con jornada gratuita de vacunaci\u00f3n antirr\u00e1bica y desparasitaci\u00f3n\"}]},{\"@type\":\"WebSite\",\"@id\":\"https:\\\/\\\/informelitoral.com.ar\\\/#website\",\"url\":\"https:\\\/\\\/informelitoral.com.ar\\\/\",\"name\":\"Informe Litoral\",\"description\":\"&quot;Nos informamos&quot; \",\"publisher\":{\"@id\":\"https:\\\/\\\/informelitoral.com.ar\\\/#organization\"},\"potentialAction\":[{\"@type\":\"SearchAction\",\"target\":{\"@type\":\"EntryPoint\",\"urlTemplate\":\"https:\\\/\\\/informelitoral.com.ar\\\/?s={search_term_string}\"},\"query-input\":{\"@type\":\"PropertyValueSpecification\",\"valueRequired\":true,\"valueName\":\"search_term_string\"}}],\"inLanguage\":\"es\"},{\"@type\":\"Organization\",\"@id\":\"https:\\\/\\\/informelitoral.com.ar\\\/#organization\",\"name\":\"Informe Litoral\",\"url\":\"https:\\\/\\\/informelitoral.com.ar\\\/\",\"logo\":{\"@type\":\"ImageObject\",\"inLanguage\":\"es\",\"@id\":\"https:\\\/\\\/informelitoral.com.ar\\\/#\\\/schema\\\/logo\\\/image\\\/\",\"url\":\"https:\\\/\\\/informelitoral.com.ar\\\/%77%70%2d%63%6f%6e%74%65%6e%74\\\/uploads\\\/2021\\\/01\\\/circulo.png\",\"contentUrl\":\"https:\\\/\\\/informelitoral.com.ar\\\/%77%70%2d%63%6f%6e%74%65%6e%74\\\/uploads\\\/2021\\\/01\\\/circulo.png\",\"width\":723,\"height\":731,\"caption\":\"Informe Litoral\"},\"image\":{\"@id\":\"https:\\\/\\\/informelitoral.com.ar\\\/#\\\/schema\\\/logo\\\/image\\\/\"},\"sameAs\":[\"https:\\\/\\\/www.facebook.com\\\/informelitoral\\\/\",\"https:\\\/\\\/x.com\\\/InformeLitoral\",\"https:\\\/\\\/www.instagram.com\\\/informelitoral\\\/\",\"https:\\\/\\\/www.youtube.com\\\/channel\\\/UCua4Qvz8Icb6MYqhoq9xLXw\"]},{\"@type\":\"Person\",\"@id\":\"https:\\\/\\\/informelitoral.com.ar\\\/#\\\/schema\\\/person\\\/f05f9f461677119578717524b127d6d5\",\"name\":\"Sebastian\",\"image\":{\"@type\":\"ImageObject\",\"inLanguage\":\"es\",\"@id\":\"https:\\\/\\\/secure.gravatar.com\\\/avatar\\\/b71bf7481d447dfb9583c7f2798e7cc64de6efb9067b74633ed8c31059a3bd82?s=96&d=mm&r=g\",\"url\":\"https:\\\/\\\/secure.gravatar.com\\\/avatar\\\/b71bf7481d447dfb9583c7f2798e7cc64de6efb9067b74633ed8c31059a3bd82?s=96&d=mm&r=g\",\"contentUrl\":\"https:\\\/\\\/secure.gravatar.com\\\/avatar\\\/b71bf7481d447dfb9583c7f2798e7cc64de6efb9067b74633ed8c31059a3bd82?s=96&d=mm&r=g\",\"caption\":\"Sebastian\"},\"url\":\"https:\\\/\\\/informelitoral.com.ar\\\/author\\\/sebastian\\\/\"}]}<\/script>","yoast_head_json":{"title":"Aranguren celebra el D\u00eda del Animal con jornada gratuita de vacunaci\u00f3n antirr\u00e1bica y desparasitaci\u00f3n - Informe Litoral","robots":{"index":"index","follow":"follow","max-snippet":"max-snippet:-1","max-image-preview":"max-image-preview:large","max-video-preview":"max-video-preview:-1"},"canonical":"https:\/\/informelitoral.com.ar\/aranguren-celebra-el-dia-del-animal-con-jornada-gratuita-de-vacunacion-antirrabica-y-desparasitacion\/","og_locale":"es_ES","og_type":"article","og_title":"Aranguren celebra el D\u00eda del Animal con jornada gratuita de vacunaci\u00f3n antirr\u00e1bica y desparasitaci\u00f3n - Informe Litoral","og_description":"El operativo ser\u00e1 el 29 de abril en dos puntos: de 9 a 11 en el Polideportivo Municipal y de 11 a 13 en la Plaza Saludable.","og_url":"https:\/\/informelitoral.com.ar\/aranguren-celebra-el-dia-del-animal-con-jornada-gratuita-de-vacunacion-antirrabica-y-desparasitacion\/","og_site_name":"Informe Litoral","article_publisher":"https:\/\/www.facebook.com\/informelitoral\/","article_published_time":"2025-04-28T15:34:53+00:00","article_modified_time":"2025-04-29T00:00:57+00:00","og_image":[{"width":1500,"height":1000,"url":"https:\/\/informelitoral.com.ar\/%77%70%2d%63%6f%6e%74%65%6e%74\/uploads\/2023\/04\/dia-de-los-animales.jpg","type":"image\/jpeg"}],"author":"Sebastian","twitter_card":"summary_large_image","twitter_creator":"@InformeLitoral","twitter_site":"@InformeLitoral","twitter_misc":{"Escrito por":"Sebastian","Tiempo de lectura":"1 minuto"},"schema":{"@context":"https:\/\/schema.org","@graph":[{"@type":"Article","@id":"https:\/\/informelitoral.com.ar\/aranguren-celebra-el-dia-del-animal-con-jornada-gratuita-de-vacunacion-antirrabica-y-desparasitacion\/#article","isPartOf":{"@id":"https:\/\/informelitoral.com.ar\/aranguren-celebra-el-dia-del-animal-con-jornada-gratuita-de-vacunacion-antirrabica-y-desparasitacion\/"},"author":{"name":"Sebastian","@id":"https:\/\/informelitoral.com.ar\/#\/schema\/person\/f05f9f461677119578717524b127d6d5"},"headline":"Aranguren celebra el D\u00eda del Animal con jornada gratuita de vacunaci\u00f3n antirr\u00e1bica y desparasitaci\u00f3n","datePublished":"2025-04-28T15:34:53+00:00","dateModified":"2025-04-29T00:00:57+00:00","mainEntityOfPage":{"@id":"https:\/\/informelitoral.com.ar\/aranguren-celebra-el-dia-del-animal-con-jornada-gratuita-de-vacunacion-antirrabica-y-desparasitacion\/"},"wordCount":142,"commentCount":0,"publisher":{"@id":"https:\/\/informelitoral.com.ar\/#organization"},"image":{"@id":"https:\/\/informelitoral.com.ar\/aranguren-celebra-el-dia-del-animal-con-jornada-gratuita-de-vacunacion-antirrabica-y-desparasitacion\/#primaryimage"},"thumbnailUrl":"https:\/\/informelitoral.com.ar\/%77%70%2d%63%6f%6e%74%65%6e%74\/uploads\/2023\/04\/dia-de-los-animales.jpg","keywords":["Aranguren","D\u00eda del Animal"],"articleSection":["Departamento Nogoy\u00e1"],"inLanguage":"es","potentialAction":[{"@type":"CommentAction","name":"Comment","target":["https:\/\/informelitoral.com.ar\/aranguren-celebra-el-dia-del-animal-con-jornada-gratuita-de-vacunacion-antirrabica-y-desparasitacion\/#respond"]}]},{"@type":"WebPage","@id":"https:\/\/informelitoral.com.ar\/aranguren-celebra-el-dia-del-animal-con-jornada-gratuita-de-vacunacion-antirrabica-y-desparasitacion\/","url":"https:\/\/informelitoral.com.ar\/aranguren-celebra-el-dia-del-animal-con-jornada-gratuita-de-vacunacion-antirrabica-y-desparasitacion\/","name":"Aranguren celebra el D\u00eda del Animal con jornada gratuita de vacunaci\u00f3n antirr\u00e1bica y desparasitaci\u00f3n - Informe Litoral","isPartOf":{"@id":"https:\/\/informelitoral.com.ar\/#website"},"primaryImageOfPage":{"@id":"https:\/\/informelitoral.com.ar\/aranguren-celebra-el-dia-del-animal-con-jornada-gratuita-de-vacunacion-antirrabica-y-desparasitacion\/#primaryimage"},"image":{"@id":"https:\/\/informelitoral.com.ar\/aranguren-celebra-el-dia-del-animal-con-jornada-gratuita-de-vacunacion-antirrabica-y-desparasitacion\/#primaryimage"},"thumbnailUrl":"https:\/\/informelitoral.com.ar\/%77%70%2d%63%6f%6e%74%65%6e%74\/uploads\/2023\/04\/dia-de-los-animales.jpg","datePublished":"2025-04-28T15:34:53+00:00","dateModified":"2025-04-29T00:00:57+00:00","breadcrumb":{"@id":"https:\/\/informelitoral.com.ar\/aranguren-celebra-el-dia-del-animal-con-jornada-gratuita-de-vacunacion-antirrabica-y-desparasitacion\/#breadcrumb"},"inLanguage":"es","potentialAction":[{"@type":"ReadAction","target":["https:\/\/informelitoral.com.ar\/aranguren-celebra-el-dia-del-animal-con-jornada-gratuita-de-vacunacion-antirrabica-y-desparasitacion\/"]}]},{"@type":"ImageObject","inLanguage":"es","@id":"https:\/\/informelitoral.com.ar\/aranguren-celebra-el-dia-del-animal-con-jornada-gratuita-de-vacunacion-antirrabica-y-desparasitacion\/#primaryimage","url":"https:\/\/informelitoral.com.ar\/%77%70%2d%63%6f%6e%74%65%6e%74\/uploads\/2023\/04\/dia-de-los-animales.jpg","contentUrl":"https:\/\/informelitoral.com.ar\/%77%70%2d%63%6f%6e%74%65%6e%74\/uploads\/2023\/04\/dia-de-los-animales.jpg","width":1500,"height":1000},{"@type":"BreadcrumbList","@id":"https:\/\/informelitoral.com.ar\/aranguren-celebra-el-dia-del-animal-con-jornada-gratuita-de-vacunacion-antirrabica-y-desparasitacion\/#breadcrumb","itemListElement":[{"@type":"ListItem","position":1,"name":"Portada","item":"https:\/\/informelitoral.com.ar\/"},{"@type":"ListItem","position":2,"name":"Aranguren celebra el D\u00eda del Animal con jornada gratuita de vacunaci\u00f3n antirr\u00e1bica y desparasitaci\u00f3n"}]},{"@type":"WebSite","@id":"https:\/\/informelitoral.com.ar\/#website","url":"https:\/\/informelitoral.com.ar\/","name":"Informe Litoral","description":"&quot;Nos informamos&quot; ","publisher":{"@id":"https:\/\/informelitoral.com.ar\/#organization"},"potentialAction":[{"@type":"SearchAction","target":{"@type":"EntryPoint","urlTemplate":"https:\/\/informelitoral.com.ar\/?s={search_term_string}"},"query-input":{"@type":"PropertyValueSpecification","valueRequired":true,"valueName":"search_term_string"}}],"inLanguage":"es"},{"@type":"Organization","@id":"https:\/\/informelitoral.com.ar\/#organization","name":"Informe Litoral","url":"https:\/\/informelitoral.com.ar\/","logo":{"@type":"ImageObject","inLanguage":"es","@id":"https:\/\/informelitoral.com.ar\/#\/schema\/logo\/image\/","url":"https:\/\/informelitoral.com.ar\/%77%70%2d%63%6f%6e%74%65%6e%74\/uploads\/2021\/01\/circulo.png","contentUrl":"https:\/\/informelitoral.com.ar\/%77%70%2d%63%6f%6e%74%65%6e%74\/uploads\/2021\/01\/circulo.png","width":723,"height":731,"caption":"Informe Litoral"},"image":{"@id":"https:\/\/informelitoral.com.ar\/#\/schema\/logo\/image\/"},"sameAs":["https:\/\/www.facebook.com\/informelitoral\/","https:\/\/x.com\/InformeLitoral","https:\/\/www.instagram.com\/informelitoral\/","https:\/\/www.youtube.com\/channel\/UCua4Qvz8Icb6MYqhoq9xLXw"]},{"@type":"Person","@id":"https:\/\/informelitoral.com.ar\/#\/schema\/person\/f05f9f461677119578717524b127d6d5","name":"Sebastian","image":{"@type":"ImageObject","inLanguage":"es","@id":"https:\/\/secure.gravatar.com\/avatar\/b71bf7481d447dfb9583c7f2798e7cc64de6efb9067b74633ed8c31059a3bd82?s=96&d=mm&r=g","url":"https:\/\/secure.gravatar.com\/avatar\/b71bf7481d447dfb9583c7f2798e7cc64de6efb9067b74633ed8c31059a3bd82?s=96&d=mm&r=g","contentUrl":"https:\/\/secure.gravatar.com\/avatar\/b71bf7481d447dfb9583c7f2798e7cc64de6efb9067b74633ed8c31059a3bd82?s=96&d=mm&r=g","caption":"Sebastian"},"url":"https:\/\/informelitoral.com.ar\/author\/sebastian\/"}]}},"_links":{"self":[{"href":"https:\/\/informelitoral.com.ar\/%77%70%2d%6a%73%6f%6e\/wp\/v2\/posts\/219805","targetHints":{"allow":["GET"]}}],"collection":[{"href":"https:\/\/informelitoral.com.ar\/%77%70%2d%6a%73%6f%6e\/wp\/v2\/posts"}],"about":[{"href":"https:\/\/informelitoral.com.ar\/%77%70%2d%6a%73%6f%6e\/wp\/v2\/types\/post"}],"author":[{"embeddable":true,"href":"https:\/\/informelitoral.com.ar\/%77%70%2d%6a%73%6f%6e\/wp\/v2\/users\/8"}],"replies":[{"embeddable":true,"href":"https:\/\/informelitoral.com.ar\/%77%70%2d%6a%73%6f%6e\/wp\/v2\/comments?post=219805"}],"version-history":[{"count":0,"href":"https:\/\/informelitoral.com.ar\/%77%70%2d%6a%73%6f%6e\/wp\/v2\/posts\/219805\/revisions"}],"wp:featuredmedia":[{"embeddable":true,"href":"https:\/\/informelitoral.com.ar\/%77%70%2d%6a%73%6f%6e\/wp\/v2\/media\/137282"}],"wp:attachment":[{"href":"https:\/\/informelitoral.com.ar\/%77%70%2d%6a%73%6f%6e\/wp\/v2\/media?parent=219805"}],"wp:term":[{"taxonomy":"category","embeddable":true,"href":"https:\/\/informelitoral.com.ar\/%77%70%2d%6a%73%6f%6e\/wp\/v2\/categories?post=219805"},{"taxonomy":"post_tag","embeddable":true,"href":"https:\/\/informelitoral.com.ar\/%77%70%2d%6a%73%6f%6e\/wp\/v2\/tags?post=219805"}],"curies":[{"name":"wp","href":"https:\/\/api.w.org\/{rel}","templated":true}]}}