{"id":219715,"date":"2025-04-28T08:05:51","date_gmt":"2025-04-28T11:05:51","guid":{"rendered":"https:\/\/informelitoral.com.ar\/?p=219715"},"modified":"2025-04-28T08:08:32","modified_gmt":"2025-04-28T11:08:32","slug":"geriatrico-clausurado-en-ramirez-hablan-de-malos-tratos-gritos-insultos-y-suciedad","status":"publish","type":"post","link":"https:\/\/informelitoral.com.ar\/geriatrico-clausurado-en-ramirez-hablan-de-malos-tratos-gritos-insultos-y-suciedad\/","title":{"rendered":"Geri\u00e1trico clausurado en Ram\u00edrez: hablan de malos tratos, gritos, insultos y suciedad"},"content":{"rendered":"<p>El ministerio de Salud de la provincia de Entre R\u00edos clausur\u00f3 de manera definitiva el geri\u00e1trico \u201cLa Emilia II\u201d, ubicado en la localidad de General Ram\u00edrez, en el departamento Diamante.<\/p>\n<p>La medida se tom\u00f3 con el objetivo de preservar la integridad f\u00edsica y la calidad de atenci\u00f3n de las personas mayores residentes en el lugar. Fue el resultado de un proceso que se extendi\u00f3 por m\u00e1s de un a\u00f1o, iniciado tras la detecci\u00f3n de m\u00faltiples irregularidades. Entre ellas, el incumplimiento de condiciones m\u00ednimas de habilitaci\u00f3n, la superpoblaci\u00f3n de residentes y la falta de respuesta a los requerimientos oficiales.<\/p>\n<figure id=\"attachment_219532\" aria-describedby=\"caption-attachment-219532\" style=\"width: 2048px\" class=\"wp-caption aligncenter\"><a href=\"https:\/\/informelitoral.com.ar\/%77%70%2d%63%6f%6e%74%65%6e%74\/uploads\/2025\/04\/la-emilia-II-clausurado.jpg\"><img loading=\"lazy\" decoding=\"async\" class=\"wp-image-219532 size-full\" src=\"https:\/\/informelitoral.com.ar\/%77%70%2d%63%6f%6e%74%65%6e%74\/uploads\/2025\/04\/la-emilia-II-clausurado.jpg\" alt=\"\" width=\"2048\" height=\"1542\" srcset=\"https:\/\/informelitoral.com.ar\/%77%70%2d%63%6f%6e%74%65%6e%74\/uploads\/2025\/04\/la-emilia-II-clausurado.jpg 2048w, https:\/\/informelitoral.com.ar\/%77%70%2d%63%6f%6e%74%65%6e%74\/uploads\/2025\/04\/la-emilia-II-clausurado-300x226.jpg 300w, https:\/\/informelitoral.com.ar\/%77%70%2d%63%6f%6e%74%65%6e%74\/uploads\/2025\/04\/la-emilia-II-clausurado-1024x771.jpg 1024w, https:\/\/informelitoral.com.ar\/%77%70%2d%63%6f%6e%74%65%6e%74\/uploads\/2025\/04\/la-emilia-II-clausurado-768x578.jpg 768w, https:\/\/informelitoral.com.ar\/%77%70%2d%63%6f%6e%74%65%6e%74\/uploads\/2025\/04\/la-emilia-II-clausurado-1536x1157.jpg 1536w, https:\/\/informelitoral.com.ar\/%77%70%2d%63%6f%6e%74%65%6e%74\/uploads\/2025\/04\/la-emilia-II-clausurado-558x420.jpg 558w, https:\/\/informelitoral.com.ar\/%77%70%2d%63%6f%6e%74%65%6e%74\/uploads\/2025\/04\/la-emilia-II-clausurado-80x60.jpg 80w, https:\/\/informelitoral.com.ar\/%77%70%2d%63%6f%6e%74%65%6e%74\/uploads\/2025\/04\/la-emilia-II-clausurado-696x524.jpg 696w, https:\/\/informelitoral.com.ar\/%77%70%2d%63%6f%6e%74%65%6e%74\/uploads\/2025\/04\/la-emilia-II-clausurado-1068x804.jpg 1068w, https:\/\/informelitoral.com.ar\/%77%70%2d%63%6f%6e%74%65%6e%74\/uploads\/2025\/04\/la-emilia-II-clausurado-1920x1446.jpg 1920w\" sizes=\"auto, (max-width: 2048px) 100vw, 2048px\" \/><\/a><figcaption id=\"caption-attachment-219532\" class=\"wp-caption-text\">Frente del geri\u00e1trico clausurado. Foto: Polako Miguel.<\/figcaption><\/figure>\n<h2><strong>\u201cMalos tratos, gritos e insultos\u201d<\/strong><\/h2>\n<p>El sitio\u00a0<i>FM Estaci\u00f3n Plus<\/i>\u00a0dio a conocer uno de los testimonios que, en febrero de este a\u00f1o, lleg\u00f3 a la justicia de Diamante, trat\u00e1ndose del relato de una ex residente del geri\u00e1trico.<\/p>\n<p>Las denuncias se fueron acumulando y mediante visitas interdisciplinarias, Salud P\u00fablica fue constatando la situaci\u00f3n que atravesaban los ancianos.<\/p>\n<p>Este a\u00f1o, ya fuera de la residencia, esta se\u00f1ora cont\u00f3 que ingres\u00f3 en marzo de 2023 junto a su esposo y explay\u00e1ndose en la denuncia, narr\u00f3: \u00abMi marido padec\u00eda muchas enfermedades -entre ellas- asma, diabetes y le costaba caminar, producto de una ca\u00edda en nuestra casa, cuando sufri\u00f3 una quebradura de cadera y desde ello, se movilizaba en andador. Una vez en el Hogar de ancianos, ya\u00a0<b>no quer\u00eda estar all\u00ed por los malos tratos que recib\u00eda junto a mi marido<\/b>\u00ab.<\/p>\n<p>\u00ab<b>Al momento de llevarnos a dormir nos gritaban, a mi esposo lo sacud\u00edan muy fuerte, lo insultaban de muy mala manera<\/b>. La comida no era la mejor. La higiene que el lugar deb\u00eda tener, no la ten\u00eda,\u00a0<b>hab\u00eda muchos olores, hab\u00eda moscas<\/b>\u00a0en el lugar,\u00a0<b>todo estaba sucio<\/b>\u00ab, detall\u00f3 la mujer.<\/p>\n<p>Su esposo falleci\u00f3 en el Hogar. \u00abEstuve un tiempo m\u00e1s ah\u00ed, y\u00a0<b>como los malos tratos se segu\u00edan suscitando para con otros ancianos<\/b>\u00a0que ya fallecieron,\u00a0<b>decid\u00ed avisarle a mi hija para que me sacara<\/b>\u00ab, relat\u00f3 en su denuncia.<\/p>\n<h2><strong>Otra denuncia<\/strong><\/h2>\n<p>Aunque en esta tem\u00e1tica suele ponerse bajo la lupa la versi\u00f3n de ex trabajadores del lugar; en este caso, la denuncia de una persona que dej\u00f3 de prestar servicios en La Emilia, sum\u00f3 coincidencias con lo relatado en otras acusaciones formalizadas y tambi\u00e9n pas\u00f3 a integrar el c\u00famulo de indicios sobre los que trabaj\u00f3 articuladamente la Fiscal\u00eda de Diamante con las autoridades sanitarias provinciales.<\/p>\n<p>Otro testimonio judicializado es el de una joven de 21 a\u00f1os, quien aclar\u00f3 que su situaci\u00f3n econ\u00f3mica y necesidad laboral para poder subsistir junto a su hija, le impidieron animarse a denunciar con anterioridad. No obstante, sostuvo: \u00abAll\u00ed dentro\u00a0<b>ve\u00eda maltrato hacia los pacientes por parte de los empleados y los due\u00f1os<\/b>\u00ab.<\/p>\n<p>Tambi\u00e9n aludi\u00f3 \u00abestado de abandono al que llegan, con abichaduras\u00bb y dio cuenta de comportamientos inapropiados hacia la salud de los pacientes, endilgados a una de las responsables del funcionamiento del Hogar. Al plasmar esto en febrero de 2025, la joven dej\u00f3 en manos de la justicia nuevas cuestiones por investigar.<\/p>\n<h6><em><strong>Del archivo:\u00a0<a href=\"https:\/\/informelitoral.com.ar\/desmalezaron-frente-a-las-escuelas-de-isletas\/\" target=\"_blank\" rel=\"noopener\">Desmalezaron frente a las escuelas de Isletas<\/a><\/strong><\/em><\/h6>\n<h6><em><strong><a href=\"https:\/\/informelitoral.com.ar\/colocaron-broza-en-zonas-de-pantanos-de-costa-grande\/\" target=\"_blank\" rel=\"noopener\">Colocaron broza en zonas de pantanos de Costa Grande<\/a><\/strong><\/em><\/h6>\n","protected":false},"excerpt":{"rendered":"<p>La Justicia de Diamante intervino gracias a la denuncia de una mujer de 77 a\u00f1os. Una extrabajadora del lugar tambi\u00e9n coincidi\u00f3 sobre las condicione y el trato que se daba dentro de la residencia La Emilia II. <\/p>\n","protected":false},"author":2,"featured_media":219531,"comment_status":"open","ping_status":"open","sticky":false,"template":"","format":"standard","meta":{"fifu_image_url":"","fifu_image_alt":"","footnotes":""},"categories":[4586],"tags":[914,556,2549,27],"class_list":{"0":"post-219715","1":"post","2":"type-post","3":"status-publish","4":"format-standard","5":"has-post-thumbnail","7":"category-general-ramirez","8":"tag-adultos-mayores","9":"tag-general-ramirez","10":"tag-geriatrico","11":"tag-ramirez"},"yoast_head":"<title>Geri\u00e1trico clausurado en Ram\u00edrez: hablan de malos tratos, gritos, insultos y suciedad - Informe Litoral<\/title>\n<meta name=\"robots\" content=\"index, follow, max-snippet:-1, max-image-preview:large, max-video-preview:-1\" \/>\n<link rel=\"canonical\" href=\"https:\/\/informelitoral.com.ar\/geriatrico-clausurado-en-ramirez-hablan-de-malos-tratos-gritos-insultos-y-suciedad\/\" \/>\n<meta property=\"og:locale\" content=\"es_ES\" \/>\n<meta property=\"og:type\" content=\"article\" \/>\n<meta property=\"og:title\" content=\"Geri\u00e1trico clausurado en Ram\u00edrez: hablan de malos tratos, gritos, insultos y suciedad - Informe Litoral\" \/>\n<meta property=\"og:description\" content=\"La Justicia de Diamante intervino gracias a la denuncia de una mujer de 77 a\u00f1os. Una extrabajadora del lugar tambi\u00e9n coincidi\u00f3 sobre las condicione y el trato que se daba dentro de la residencia La Emilia II.\" \/>\n<meta property=\"og:url\" content=\"https:\/\/informelitoral.com.ar\/geriatrico-clausurado-en-ramirez-hablan-de-malos-tratos-gritos-insultos-y-suciedad\/\" \/>\n<meta property=\"og:site_name\" content=\"Informe Litoral\" \/>\n<meta property=\"article:publisher\" content=\"https:\/\/www.facebook.com\/informelitoral\/\" \/>\n<meta property=\"article:published_time\" content=\"2025-04-28T11:05:51+00:00\" \/>\n<meta property=\"article:modified_time\" content=\"2025-04-28T11:08:32+00:00\" \/>\n<meta property=\"og:image\" content=\"https:\/\/informelitoral.com.ar\/%77%70%2d%63%6f%6e%74%65%6e%74\/uploads\/2025\/04\/492199199_9679071425504831_4311814273593251788_n.jpg\" \/>\n\t<meta property=\"og:image:width\" content=\"2048\" \/>\n\t<meta property=\"og:image:height\" content=\"1542\" \/>\n\t<meta property=\"og:image:type\" content=\"image\/jpeg\" \/>\n<meta name=\"author\" content=\"Gonzalo Schmidt\" \/>\n<meta name=\"twitter:card\" content=\"summary_large_image\" \/>\n<meta name=\"twitter:creator\" content=\"@InformeLitoral\" \/>\n<meta name=\"twitter:site\" content=\"@InformeLitoral\" \/>\n<meta name=\"twitter:label1\" content=\"Escrito por\" \/>\n\t<meta name=\"twitter:data1\" content=\"Gonzalo Schmidt\" \/>\n\t<meta name=\"twitter:label2\" content=\"Tiempo de lectura\" \/>\n\t<meta name=\"twitter:data2\" content=\"3 minutos\" \/>\n<script type=\"application\/ld+json\" class=\"yoast-schema-graph\">{\"@context\":\"https:\\\/\\\/schema.org\",\"@graph\":[{\"@type\":\"Article\",\"@id\":\"https:\\\/\\\/informelitoral.com.ar\\\/geriatrico-clausurado-en-ramirez-hablan-de-malos-tratos-gritos-insultos-y-suciedad\\\/#article\",\"isPartOf\":{\"@id\":\"https:\\\/\\\/informelitoral.com.ar\\\/geriatrico-clausurado-en-ramirez-hablan-de-malos-tratos-gritos-insultos-y-suciedad\\\/\"},\"author\":{\"name\":\"Gonzalo Schmidt\",\"@id\":\"https:\\\/\\\/informelitoral.com.ar\\\/#\\\/schema\\\/person\\\/b9d00407c836482871ef1d57bf8e3180\"},\"headline\":\"Geri\u00e1trico clausurado en Ram\u00edrez: hablan de malos tratos, gritos, insultos y suciedad\",\"datePublished\":\"2025-04-28T11:05:51+00:00\",\"dateModified\":\"2025-04-28T11:08:32+00:00\",\"mainEntityOfPage\":{\"@id\":\"https:\\\/\\\/informelitoral.com.ar\\\/geriatrico-clausurado-en-ramirez-hablan-de-malos-tratos-gritos-insultos-y-suciedad\\\/\"},\"wordCount\":582,\"commentCount\":0,\"publisher\":{\"@id\":\"https:\\\/\\\/informelitoral.com.ar\\\/#organization\"},\"image\":{\"@id\":\"https:\\\/\\\/informelitoral.com.ar\\\/geriatrico-clausurado-en-ramirez-hablan-de-malos-tratos-gritos-insultos-y-suciedad\\\/#primaryimage\"},\"thumbnailUrl\":\"https:\\\/\\\/informelitoral.com.ar\\\/%77%70%2d%63%6f%6e%74%65%6e%74\\\/uploads\\\/2025\\\/04\\\/492199199_9679071425504831_4311814273593251788_n.jpg\",\"keywords\":[\"Adultos mayores\",\"General Ram\u00edrez\",\"Geri\u00e1trico\",\"Ram\u00edrez\"],\"articleSection\":[\"General Ram\u00edrez\"],\"inLanguage\":\"es\",\"potentialAction\":[{\"@type\":\"CommentAction\",\"name\":\"Comment\",\"target\":[\"https:\\\/\\\/informelitoral.com.ar\\\/geriatrico-clausurado-en-ramirez-hablan-de-malos-tratos-gritos-insultos-y-suciedad\\\/#respond\"]}]},{\"@type\":\"WebPage\",\"@id\":\"https:\\\/\\\/informelitoral.com.ar\\\/geriatrico-clausurado-en-ramirez-hablan-de-malos-tratos-gritos-insultos-y-suciedad\\\/\",\"url\":\"https:\\\/\\\/informelitoral.com.ar\\\/geriatrico-clausurado-en-ramirez-hablan-de-malos-tratos-gritos-insultos-y-suciedad\\\/\",\"name\":\"Geri\u00e1trico clausurado en Ram\u00edrez: hablan de malos tratos, gritos, insultos y suciedad - Informe Litoral\",\"isPartOf\":{\"@id\":\"https:\\\/\\\/informelitoral.com.ar\\\/#website\"},\"primaryImageOfPage\":{\"@id\":\"https:\\\/\\\/informelitoral.com.ar\\\/geriatrico-clausurado-en-ramirez-hablan-de-malos-tratos-gritos-insultos-y-suciedad\\\/#primaryimage\"},\"image\":{\"@id\":\"https:\\\/\\\/informelitoral.com.ar\\\/geriatrico-clausurado-en-ramirez-hablan-de-malos-tratos-gritos-insultos-y-suciedad\\\/#primaryimage\"},\"thumbnailUrl\":\"https:\\\/\\\/informelitoral.com.ar\\\/%77%70%2d%63%6f%6e%74%65%6e%74\\\/uploads\\\/2025\\\/04\\\/492199199_9679071425504831_4311814273593251788_n.jpg\",\"datePublished\":\"2025-04-28T11:05:51+00:00\",\"dateModified\":\"2025-04-28T11:08:32+00:00\",\"breadcrumb\":{\"@id\":\"https:\\\/\\\/informelitoral.com.ar\\\/geriatrico-clausurado-en-ramirez-hablan-de-malos-tratos-gritos-insultos-y-suciedad\\\/#breadcrumb\"},\"inLanguage\":\"es\",\"potentialAction\":[{\"@type\":\"ReadAction\",\"target\":[\"https:\\\/\\\/informelitoral.com.ar\\\/geriatrico-clausurado-en-ramirez-hablan-de-malos-tratos-gritos-insultos-y-suciedad\\\/\"]}]},{\"@type\":\"ImageObject\",\"inLanguage\":\"es\",\"@id\":\"https:\\\/\\\/informelitoral.com.ar\\\/geriatrico-clausurado-en-ramirez-hablan-de-malos-tratos-gritos-insultos-y-suciedad\\\/#primaryimage\",\"url\":\"https:\\\/\\\/informelitoral.com.ar\\\/%77%70%2d%63%6f%6e%74%65%6e%74\\\/uploads\\\/2025\\\/04\\\/492199199_9679071425504831_4311814273593251788_n.jpg\",\"contentUrl\":\"https:\\\/\\\/informelitoral.com.ar\\\/%77%70%2d%63%6f%6e%74%65%6e%74\\\/uploads\\\/2025\\\/04\\\/492199199_9679071425504831_4311814273593251788_n.jpg\",\"width\":2048,\"height\":1542},{\"@type\":\"BreadcrumbList\",\"@id\":\"https:\\\/\\\/informelitoral.com.ar\\\/geriatrico-clausurado-en-ramirez-hablan-de-malos-tratos-gritos-insultos-y-suciedad\\\/#breadcrumb\",\"itemListElement\":[{\"@type\":\"ListItem\",\"position\":1,\"name\":\"Portada\",\"item\":\"https:\\\/\\\/informelitoral.com.ar\\\/\"},{\"@type\":\"ListItem\",\"position\":2,\"name\":\"Geri\u00e1trico clausurado en Ram\u00edrez: hablan de malos tratos, gritos, insultos y suciedad\"}]},{\"@type\":\"WebSite\",\"@id\":\"https:\\\/\\\/informelitoral.com.ar\\\/#website\",\"url\":\"https:\\\/\\\/informelitoral.com.ar\\\/\",\"name\":\"Informe Litoral\",\"description\":\"&quot;Nos informamos&quot; \",\"publisher\":{\"@id\":\"https:\\\/\\\/informelitoral.com.ar\\\/#organization\"},\"potentialAction\":[{\"@type\":\"SearchAction\",\"target\":{\"@type\":\"EntryPoint\",\"urlTemplate\":\"https:\\\/\\\/informelitoral.com.ar\\\/?s={search_term_string}\"},\"query-input\":{\"@type\":\"PropertyValueSpecification\",\"valueRequired\":true,\"valueName\":\"search_term_string\"}}],\"inLanguage\":\"es\"},{\"@type\":\"Organization\",\"@id\":\"https:\\\/\\\/informelitoral.com.ar\\\/#organization\",\"name\":\"Informe Litoral\",\"url\":\"https:\\\/\\\/informelitoral.com.ar\\\/\",\"logo\":{\"@type\":\"ImageObject\",\"inLanguage\":\"es\",\"@id\":\"https:\\\/\\\/informelitoral.com.ar\\\/#\\\/schema\\\/logo\\\/image\\\/\",\"url\":\"https:\\\/\\\/informelitoral.com.ar\\\/%77%70%2d%63%6f%6e%74%65%6e%74\\\/uploads\\\/2021\\\/01\\\/circulo.png\",\"contentUrl\":\"https:\\\/\\\/informelitoral.com.ar\\\/%77%70%2d%63%6f%6e%74%65%6e%74\\\/uploads\\\/2021\\\/01\\\/circulo.png\",\"width\":723,\"height\":731,\"caption\":\"Informe Litoral\"},\"image\":{\"@id\":\"https:\\\/\\\/informelitoral.com.ar\\\/#\\\/schema\\\/logo\\\/image\\\/\"},\"sameAs\":[\"https:\\\/\\\/www.facebook.com\\\/informelitoral\\\/\",\"https:\\\/\\\/x.com\\\/InformeLitoral\",\"https:\\\/\\\/www.instagram.com\\\/informelitoral\\\/\",\"https:\\\/\\\/www.youtube.com\\\/channel\\\/UCua4Qvz8Icb6MYqhoq9xLXw\"]},{\"@type\":\"Person\",\"@id\":\"https:\\\/\\\/informelitoral.com.ar\\\/#\\\/schema\\\/person\\\/b9d00407c836482871ef1d57bf8e3180\",\"name\":\"Gonzalo Schmidt\",\"image\":{\"@type\":\"ImageObject\",\"inLanguage\":\"es\",\"@id\":\"https:\\\/\\\/secure.gravatar.com\\\/avatar\\\/31a1a7b66ff2de83bd0e9fd79d026630d2d99e55e8bfe501287647b4fd9743de?s=96&d=mm&r=g\",\"url\":\"https:\\\/\\\/secure.gravatar.com\\\/avatar\\\/31a1a7b66ff2de83bd0e9fd79d026630d2d99e55e8bfe501287647b4fd9743de?s=96&d=mm&r=g\",\"contentUrl\":\"https:\\\/\\\/secure.gravatar.com\\\/avatar\\\/31a1a7b66ff2de83bd0e9fd79d026630d2d99e55e8bfe501287647b4fd9743de?s=96&d=mm&r=g\",\"caption\":\"Gonzalo Schmidt\"},\"description\":\"Sitio web de noticias de la provincia de Entre R\u00edos, Argentina. Informaci\u00f3n y entretenimiento. Informe Litoral, nos informamos.\",\"sameAs\":[\"http:\\\/\\\/www.isletasnoticias.com.ar\"],\"url\":\"https:\\\/\\\/informelitoral.com.ar\\\/author\\\/gonzalo\\\/\"}]}<\/script>","yoast_head_json":{"title":"Geri\u00e1trico clausurado en Ram\u00edrez: hablan de malos tratos, gritos, insultos y suciedad - Informe Litoral","robots":{"index":"index","follow":"follow","max-snippet":"max-snippet:-1","max-image-preview":"max-image-preview:large","max-video-preview":"max-video-preview:-1"},"canonical":"https:\/\/informelitoral.com.ar\/geriatrico-clausurado-en-ramirez-hablan-de-malos-tratos-gritos-insultos-y-suciedad\/","og_locale":"es_ES","og_type":"article","og_title":"Geri\u00e1trico clausurado en Ram\u00edrez: hablan de malos tratos, gritos, insultos y suciedad - Informe Litoral","og_description":"La Justicia de Diamante intervino gracias a la denuncia de una mujer de 77 a\u00f1os. Una extrabajadora del lugar tambi\u00e9n coincidi\u00f3 sobre las condicione y el trato que se daba dentro de la residencia La Emilia II.","og_url":"https:\/\/informelitoral.com.ar\/geriatrico-clausurado-en-ramirez-hablan-de-malos-tratos-gritos-insultos-y-suciedad\/","og_site_name":"Informe Litoral","article_publisher":"https:\/\/www.facebook.com\/informelitoral\/","article_published_time":"2025-04-28T11:05:51+00:00","article_modified_time":"2025-04-28T11:08:32+00:00","og_image":[{"width":2048,"height":1542,"url":"https:\/\/informelitoral.com.ar\/%77%70%2d%63%6f%6e%74%65%6e%74\/uploads\/2025\/04\/492199199_9679071425504831_4311814273593251788_n.jpg","type":"image\/jpeg"}],"author":"Gonzalo Schmidt","twitter_card":"summary_large_image","twitter_creator":"@InformeLitoral","twitter_site":"@InformeLitoral","twitter_misc":{"Escrito por":"Gonzalo Schmidt","Tiempo de lectura":"3 minutos"},"schema":{"@context":"https:\/\/schema.org","@graph":[{"@type":"Article","@id":"https:\/\/informelitoral.com.ar\/geriatrico-clausurado-en-ramirez-hablan-de-malos-tratos-gritos-insultos-y-suciedad\/#article","isPartOf":{"@id":"https:\/\/informelitoral.com.ar\/geriatrico-clausurado-en-ramirez-hablan-de-malos-tratos-gritos-insultos-y-suciedad\/"},"author":{"name":"Gonzalo Schmidt","@id":"https:\/\/informelitoral.com.ar\/#\/schema\/person\/b9d00407c836482871ef1d57bf8e3180"},"headline":"Geri\u00e1trico clausurado en Ram\u00edrez: hablan de malos tratos, gritos, insultos y suciedad","datePublished":"2025-04-28T11:05:51+00:00","dateModified":"2025-04-28T11:08:32+00:00","mainEntityOfPage":{"@id":"https:\/\/informelitoral.com.ar\/geriatrico-clausurado-en-ramirez-hablan-de-malos-tratos-gritos-insultos-y-suciedad\/"},"wordCount":582,"commentCount":0,"publisher":{"@id":"https:\/\/informelitoral.com.ar\/#organization"},"image":{"@id":"https:\/\/informelitoral.com.ar\/geriatrico-clausurado-en-ramirez-hablan-de-malos-tratos-gritos-insultos-y-suciedad\/#primaryimage"},"thumbnailUrl":"https:\/\/informelitoral.com.ar\/%77%70%2d%63%6f%6e%74%65%6e%74\/uploads\/2025\/04\/492199199_9679071425504831_4311814273593251788_n.jpg","keywords":["Adultos mayores","General Ram\u00edrez","Geri\u00e1trico","Ram\u00edrez"],"articleSection":["General Ram\u00edrez"],"inLanguage":"es","potentialAction":[{"@type":"CommentAction","name":"Comment","target":["https:\/\/informelitoral.com.ar\/geriatrico-clausurado-en-ramirez-hablan-de-malos-tratos-gritos-insultos-y-suciedad\/#respond"]}]},{"@type":"WebPage","@id":"https:\/\/informelitoral.com.ar\/geriatrico-clausurado-en-ramirez-hablan-de-malos-tratos-gritos-insultos-y-suciedad\/","url":"https:\/\/informelitoral.com.ar\/geriatrico-clausurado-en-ramirez-hablan-de-malos-tratos-gritos-insultos-y-suciedad\/","name":"Geri\u00e1trico clausurado en Ram\u00edrez: hablan de malos tratos, gritos, insultos y suciedad - Informe Litoral","isPartOf":{"@id":"https:\/\/informelitoral.com.ar\/#website"},"primaryImageOfPage":{"@id":"https:\/\/informelitoral.com.ar\/geriatrico-clausurado-en-ramirez-hablan-de-malos-tratos-gritos-insultos-y-suciedad\/#primaryimage"},"image":{"@id":"https:\/\/informelitoral.com.ar\/geriatrico-clausurado-en-ramirez-hablan-de-malos-tratos-gritos-insultos-y-suciedad\/#primaryimage"},"thumbnailUrl":"https:\/\/informelitoral.com.ar\/%77%70%2d%63%6f%6e%74%65%6e%74\/uploads\/2025\/04\/492199199_9679071425504831_4311814273593251788_n.jpg","datePublished":"2025-04-28T11:05:51+00:00","dateModified":"2025-04-28T11:08:32+00:00","breadcrumb":{"@id":"https:\/\/informelitoral.com.ar\/geriatrico-clausurado-en-ramirez-hablan-de-malos-tratos-gritos-insultos-y-suciedad\/#breadcrumb"},"inLanguage":"es","potentialAction":[{"@type":"ReadAction","target":["https:\/\/informelitoral.com.ar\/geriatrico-clausurado-en-ramirez-hablan-de-malos-tratos-gritos-insultos-y-suciedad\/"]}]},{"@type":"ImageObject","inLanguage":"es","@id":"https:\/\/informelitoral.com.ar\/geriatrico-clausurado-en-ramirez-hablan-de-malos-tratos-gritos-insultos-y-suciedad\/#primaryimage","url":"https:\/\/informelitoral.com.ar\/%77%70%2d%63%6f%6e%74%65%6e%74\/uploads\/2025\/04\/492199199_9679071425504831_4311814273593251788_n.jpg","contentUrl":"https:\/\/informelitoral.com.ar\/%77%70%2d%63%6f%6e%74%65%6e%74\/uploads\/2025\/04\/492199199_9679071425504831_4311814273593251788_n.jpg","width":2048,"height":1542},{"@type":"BreadcrumbList","@id":"https:\/\/informelitoral.com.ar\/geriatrico-clausurado-en-ramirez-hablan-de-malos-tratos-gritos-insultos-y-suciedad\/#breadcrumb","itemListElement":[{"@type":"ListItem","position":1,"name":"Portada","item":"https:\/\/informelitoral.com.ar\/"},{"@type":"ListItem","position":2,"name":"Geri\u00e1trico clausurado en Ram\u00edrez: hablan de malos tratos, gritos, insultos y suciedad"}]},{"@type":"WebSite","@id":"https:\/\/informelitoral.com.ar\/#website","url":"https:\/\/informelitoral.com.ar\/","name":"Informe Litoral","description":"&quot;Nos informamos&quot; ","publisher":{"@id":"https:\/\/informelitoral.com.ar\/#organization"},"potentialAction":[{"@type":"SearchAction","target":{"@type":"EntryPoint","urlTemplate":"https:\/\/informelitoral.com.ar\/?s={search_term_string}"},"query-input":{"@type":"PropertyValueSpecification","valueRequired":true,"valueName":"search_term_string"}}],"inLanguage":"es"},{"@type":"Organization","@id":"https:\/\/informelitoral.com.ar\/#organization","name":"Informe Litoral","url":"https:\/\/informelitoral.com.ar\/","logo":{"@type":"ImageObject","inLanguage":"es","@id":"https:\/\/informelitoral.com.ar\/#\/schema\/logo\/image\/","url":"https:\/\/informelitoral.com.ar\/%77%70%2d%63%6f%6e%74%65%6e%74\/uploads\/2021\/01\/circulo.png","contentUrl":"https:\/\/informelitoral.com.ar\/%77%70%2d%63%6f%6e%74%65%6e%74\/uploads\/2021\/01\/circulo.png","width":723,"height":731,"caption":"Informe Litoral"},"image":{"@id":"https:\/\/informelitoral.com.ar\/#\/schema\/logo\/image\/"},"sameAs":["https:\/\/www.facebook.com\/informelitoral\/","https:\/\/x.com\/InformeLitoral","https:\/\/www.instagram.com\/informelitoral\/","https:\/\/www.youtube.com\/channel\/UCua4Qvz8Icb6MYqhoq9xLXw"]},{"@type":"Person","@id":"https:\/\/informelitoral.com.ar\/#\/schema\/person\/b9d00407c836482871ef1d57bf8e3180","name":"Gonzalo Schmidt","image":{"@type":"ImageObject","inLanguage":"es","@id":"https:\/\/secure.gravatar.com\/avatar\/31a1a7b66ff2de83bd0e9fd79d026630d2d99e55e8bfe501287647b4fd9743de?s=96&d=mm&r=g","url":"https:\/\/secure.gravatar.com\/avatar\/31a1a7b66ff2de83bd0e9fd79d026630d2d99e55e8bfe501287647b4fd9743de?s=96&d=mm&r=g","contentUrl":"https:\/\/secure.gravatar.com\/avatar\/31a1a7b66ff2de83bd0e9fd79d026630d2d99e55e8bfe501287647b4fd9743de?s=96&d=mm&r=g","caption":"Gonzalo Schmidt"},"description":"Sitio web de noticias de la provincia de Entre R\u00edos, Argentina. Informaci\u00f3n y entretenimiento. Informe Litoral, nos informamos.","sameAs":["http:\/\/www.isletasnoticias.com.ar"],"url":"https:\/\/informelitoral.com.ar\/author\/gonzalo\/"}]}},"_links":{"self":[{"href":"https:\/\/informelitoral.com.ar\/%77%70%2d%6a%73%6f%6e\/wp\/v2\/posts\/219715","targetHints":{"allow":["GET"]}}],"collection":[{"href":"https:\/\/informelitoral.com.ar\/%77%70%2d%6a%73%6f%6e\/wp\/v2\/posts"}],"about":[{"href":"https:\/\/informelitoral.com.ar\/%77%70%2d%6a%73%6f%6e\/wp\/v2\/types\/post"}],"author":[{"embeddable":true,"href":"https:\/\/informelitoral.com.ar\/%77%70%2d%6a%73%6f%6e\/wp\/v2\/users\/2"}],"replies":[{"embeddable":true,"href":"https:\/\/informelitoral.com.ar\/%77%70%2d%6a%73%6f%6e\/wp\/v2\/comments?post=219715"}],"version-history":[{"count":0,"href":"https:\/\/informelitoral.com.ar\/%77%70%2d%6a%73%6f%6e\/wp\/v2\/posts\/219715\/revisions"}],"wp:featuredmedia":[{"embeddable":true,"href":"https:\/\/informelitoral.com.ar\/%77%70%2d%6a%73%6f%6e\/wp\/v2\/media\/219531"}],"wp:attachment":[{"href":"https:\/\/informelitoral.com.ar\/%77%70%2d%6a%73%6f%6e\/wp\/v2\/media?parent=219715"}],"wp:term":[{"taxonomy":"category","embeddable":true,"href":"https:\/\/informelitoral.com.ar\/%77%70%2d%6a%73%6f%6e\/wp\/v2\/categories?post=219715"},{"taxonomy":"post_tag","embeddable":true,"href":"https:\/\/informelitoral.com.ar\/%77%70%2d%6a%73%6f%6e\/wp\/v2\/tags?post=219715"}],"curies":[{"name":"wp","href":"https:\/\/api.w.org\/{rel}","templated":true}]}}