{"id":219712,"date":"2025-04-28T07:48:18","date_gmt":"2025-04-28T10:48:18","guid":{"rendered":"https:\/\/informelitoral.com.ar\/?p=219712"},"modified":"2025-04-28T07:49:46","modified_gmt":"2025-04-28T10:49:46","slug":"gualeguaychu-marcho-por-21a-vez-contra-la-planta-de-celulosa-upm","status":"publish","type":"post","link":"https:\/\/informelitoral.com.ar\/gualeguaychu-marcho-por-21a-vez-contra-la-planta-de-celulosa-upm\/","title":{"rendered":"Gualeguaych\u00fa march\u00f3 por 21\u00aa vez contra la planta de celulosa UPM"},"content":{"rendered":"<p>La movilizaci\u00f3n es parte de una lucha que mantiene activa durante m\u00e1s de dos d\u00e9cadas y que busca visibilizar las consecuencias ambientales negativas que esta planta gener\u00f3 en la regi\u00f3n. Durante la marcha, los participantes expresaron su descontento con las pol\u00edticas ambientales de los gobiernos argentino y uruguayo, que permitieron la contaminaci\u00f3n y el deterioro del ecosistema del r\u00edo Uruguay.<\/p>\n<p>La asamblea tambi\u00e9n se mostr\u00f3 conmovida por la reciente muerte del Papa Francisco, quien abog\u00f3 por un mundo sin pobreza y en defensa del medio ambiente. \u201cHoy nos embarga una gran congoja por la muerte de nuestro Papa Francisco, quien se manifest\u00f3 permanentemente en contra de las empresas contaminantes\u201d, se\u00f1alaron los organizadores, recordando su enc\u00edclica Laudato Si como un llamado a la acci\u00f3n.<\/p>\n<p>En la proclama le\u00edda durante la movilizaci\u00f3n, los integrantes de Acag denunciaron que \u201cBotbia-UPM Fray Bentos sigue contaminando y nosotros seguiremos reclamando\u201d. Hicieron hincapi\u00e9 en los graves antecedentes de la empresa, que ha burlado controles y es responsable de derrames de \u00e1cido sulf\u00farico y otros efluentes contaminantes, afectando la biota de la regi\u00f3n.<\/p>\n<p>Adem\u00e1s, los manifestantes alertaron sobre el estado de hidrofobia de los suelos en la regi\u00f3n, resultado de la intensificaci\u00f3n de plantaciones de pinos y eucaliptos. \u201cEsto provoca sequ\u00edas en las napas, falta de pasturas y aumenta el riesgo de inundaciones\u201d, advirtieron.<\/p>\n<p>La carta de la asamblea tambi\u00e9n hizo un llamado a la transparencia en el monitoreo de la planta, demandando que los resultados de los muestreos de contaminaci\u00f3n sean p\u00fablicos y accesibles para la poblaci\u00f3n. \u201cExigimos saber qu\u00e9 aire estamos respirando y qu\u00e9 futuro tendr\u00e1 la calidad del agua del r\u00edo Uruguay\u201d, afirmaron.<\/p>\n<p>En el acto, los participantes manifestaron su rechazo a la construcci\u00f3n de una nueva planta de producci\u00f3n de hidr\u00f3geno verde en Fray Bentos, que, seg\u00fan mencionaron, abastecer\u00e1 combustible a camiones para la industria maderera. Reiteraron que esta situaci\u00f3n pone en riesgo el medio ambiente y la salud de la poblaci\u00f3n local.<\/p>\n<p>\u201cNo claudiquemos, ya dijimos que esta lucha ser\u00e1 larga. La naturaleza nos pide a gritos que reflexionemos\u201d, concluyeron los miembros de la Acag, reafirmando su compromiso de seguir luchando por r\u00edos limpios, aire puro y una tierra f\u00e9rtil, \u201csin contaminaci\u00f3n, por el agua y la vida\u201d.<\/p>\n<div class=\"youtube-embed\" data-video_id=\"YBsH8rYJUXA\"><iframe loading=\"lazy\" title=\"IP Noticias | 21\u00aa marcha contra las papeleras en Gualeguaych\u00fa\" width=\"696\" height=\"392\" src=\"https:\/\/www.youtube.com\/embed\/YBsH8rYJUXA?feature=oembed&#038;enablejsapi=1\" frameborder=\"0\" allow=\"accelerometer; autoplay; clipboard-write; encrypted-media; gyroscope; picture-in-picture; web-share\" referrerpolicy=\"strict-origin-when-cross-origin\" allowfullscreen><\/iframe><\/div>\n<h6><em><strong>Del archivo:\u00a0<a href=\"https:\/\/informelitoral.com.ar\/pablo-guelperin-destaco-que-el-correcto-diagnostico-contribuye-al-ambiente-y-el-bolsillo\/\" target=\"_blank\" rel=\"noopener\">Pablo Guelper\u00edn destac\u00f3 que el correcto diagn\u00f3stico contribuye al ambiente y el bolsillo<\/a><\/strong><\/em><\/h6>\n","protected":false},"excerpt":{"rendered":"<p>La Asamblea Ciudadana Ambiental de Gualeguaych\u00fa (Acag) se moviliz\u00f3 al puente internacional General San Mart\u00edn, en un firme rechazo al funcionamiento de la planta de celulosa UPM -anteriormente conocida como Botnia-, ubicada en territorio uruguayo, frente a la costa argentina.<\/p>\n","protected":false},"author":2,"featured_media":219714,"comment_status":"open","ping_status":"open","sticky":false,"template":"","format":"standard","meta":{"fifu_image_url":"https:\/\/aimdigital.com.ar\/galeria\/fotos\/2025\/04\/27\/o_1745806406.jpg","fifu_image_alt":"","footnotes":""},"categories":[6],"tags":[46,138,1456],"class_list":{"0":"post-219712","1":"post","2":"type-post","3":"status-publish","4":"format-standard","5":"has-post-thumbnail","7":"category-entre-rios","8":"tag-ambiente","9":"tag-gualeguaychu","10":"tag-rio-uruguay"},"yoast_head":"<title>Gualeguaych\u00fa march\u00f3 por 21\u00aa vez contra la planta de celulosa UPM - Informe Litoral<\/title>\n<meta name=\"robots\" content=\"index, follow, max-snippet:-1, max-image-preview:large, max-video-preview:-1\" \/>\n<link rel=\"canonical\" href=\"https:\/\/informelitoral.com.ar\/gualeguaychu-marcho-por-21a-vez-contra-la-planta-de-celulosa-upm\/\" \/>\n<meta property=\"og:locale\" content=\"es_ES\" \/>\n<meta property=\"og:type\" content=\"article\" \/>\n<meta property=\"og:title\" content=\"Gualeguaych\u00fa march\u00f3 por 21\u00aa vez contra la planta de celulosa UPM - Informe Litoral\" \/>\n<meta property=\"og:description\" content=\"La Asamblea Ciudadana Ambiental de Gualeguaych\u00fa (Acag) se moviliz\u00f3 al puente internacional General San Mart\u00edn, en un firme rechazo al funcionamiento de la planta de celulosa UPM -anteriormente conocida como Botnia-, ubicada en territorio uruguayo, frente a la costa argentina.\" \/>\n<meta property=\"og:url\" content=\"https:\/\/informelitoral.com.ar\/gualeguaychu-marcho-por-21a-vez-contra-la-planta-de-celulosa-upm\/\" \/>\n<meta property=\"og:site_name\" content=\"Informe Litoral\" \/>\n<meta property=\"article:publisher\" content=\"https:\/\/www.facebook.com\/informelitoral\/\" \/>\n<meta property=\"article:published_time\" content=\"2025-04-28T10:48:18+00:00\" \/>\n<meta property=\"article:modified_time\" content=\"2025-04-28T10:49:46+00:00\" \/>\n<meta property=\"og:image\" content=\"https:\/\/aimdigital.com.ar\/galeria\/fotos\/2025\/04\/27\/o_1745806406.jpg\" \/><meta property=\"og:image\" content=\"https:\/\/aimdigital.com.ar\/galeria\/fotos\/2025\/04\/27\/o_1745806406.jpg\" \/>\n\t<meta property=\"og:image:width\" content=\"600\" \/>\n\t<meta property=\"og:image:height\" content=\"400\" \/>\n\t<meta property=\"og:image:type\" content=\"image\/jpeg\" \/>\n<meta name=\"author\" content=\"Gonzalo Schmidt\" \/>\n<meta name=\"twitter:card\" content=\"summary_large_image\" \/>\n<meta name=\"twitter:image\" content=\"https:\/\/aimdigital.com.ar\/galeria\/fotos\/2025\/04\/27\/o_1745806406.jpg\" \/>\n<meta name=\"twitter:creator\" content=\"@InformeLitoral\" \/>\n<meta name=\"twitter:site\" content=\"@InformeLitoral\" \/>\n<meta name=\"twitter:label1\" content=\"Escrito por\" \/>\n\t<meta name=\"twitter:data1\" content=\"Gonzalo Schmidt\" \/>\n\t<meta name=\"twitter:label2\" content=\"Tiempo de lectura\" \/>\n\t<meta name=\"twitter:data2\" content=\"2 minutos\" \/>\n<script type=\"application\/ld+json\" class=\"yoast-schema-graph\">{\"@context\":\"https:\\\/\\\/schema.org\",\"@graph\":[{\"@type\":\"Article\",\"@id\":\"https:\\\/\\\/informelitoral.com.ar\\\/gualeguaychu-marcho-por-21a-vez-contra-la-planta-de-celulosa-upm\\\/#article\",\"isPartOf\":{\"@id\":\"https:\\\/\\\/informelitoral.com.ar\\\/gualeguaychu-marcho-por-21a-vez-contra-la-planta-de-celulosa-upm\\\/\"},\"author\":{\"name\":\"Gonzalo Schmidt\",\"@id\":\"https:\\\/\\\/informelitoral.com.ar\\\/#\\\/schema\\\/person\\\/b9d00407c836482871ef1d57bf8e3180\"},\"headline\":\"Gualeguaych\u00fa march\u00f3 por 21\u00aa vez contra la planta de celulosa UPM\",\"datePublished\":\"2025-04-28T10:48:18+00:00\",\"dateModified\":\"2025-04-28T10:49:46+00:00\",\"mainEntityOfPage\":{\"@id\":\"https:\\\/\\\/informelitoral.com.ar\\\/gualeguaychu-marcho-por-21a-vez-contra-la-planta-de-celulosa-upm\\\/\"},\"wordCount\":437,\"commentCount\":0,\"publisher\":{\"@id\":\"https:\\\/\\\/informelitoral.com.ar\\\/#organization\"},\"image\":{\"@id\":\"https:\\\/\\\/informelitoral.com.ar\\\/gualeguaychu-marcho-por-21a-vez-contra-la-planta-de-celulosa-upm\\\/#primaryimage\"},\"thumbnailUrl\":\"https:\\\/\\\/aimdigital.com.ar\\\/galeria\\\/fotos\\\/2025\\\/04\\\/27\\\/o_1745806406.jpg\",\"keywords\":[\"Ambiente\",\"Gualeguaych\u00fa\",\"r\u00edo Uruguay\"],\"articleSection\":[\"Entre R\u00edos\"],\"inLanguage\":\"es\",\"potentialAction\":[{\"@type\":\"CommentAction\",\"name\":\"Comment\",\"target\":[\"https:\\\/\\\/informelitoral.com.ar\\\/gualeguaychu-marcho-por-21a-vez-contra-la-planta-de-celulosa-upm\\\/#respond\"]}]},{\"@type\":\"WebPage\",\"@id\":\"https:\\\/\\\/informelitoral.com.ar\\\/gualeguaychu-marcho-por-21a-vez-contra-la-planta-de-celulosa-upm\\\/\",\"url\":\"https:\\\/\\\/informelitoral.com.ar\\\/gualeguaychu-marcho-por-21a-vez-contra-la-planta-de-celulosa-upm\\\/\",\"name\":\"Gualeguaych\u00fa march\u00f3 por 21\u00aa vez contra la planta de celulosa UPM - Informe Litoral\",\"isPartOf\":{\"@id\":\"https:\\\/\\\/informelitoral.com.ar\\\/#website\"},\"primaryImageOfPage\":{\"@id\":\"https:\\\/\\\/informelitoral.com.ar\\\/gualeguaychu-marcho-por-21a-vez-contra-la-planta-de-celulosa-upm\\\/#primaryimage\"},\"image\":{\"@id\":\"https:\\\/\\\/informelitoral.com.ar\\\/gualeguaychu-marcho-por-21a-vez-contra-la-planta-de-celulosa-upm\\\/#primaryimage\"},\"thumbnailUrl\":\"https:\\\/\\\/aimdigital.com.ar\\\/galeria\\\/fotos\\\/2025\\\/04\\\/27\\\/o_1745806406.jpg\",\"datePublished\":\"2025-04-28T10:48:18+00:00\",\"dateModified\":\"2025-04-28T10:49:46+00:00\",\"breadcrumb\":{\"@id\":\"https:\\\/\\\/informelitoral.com.ar\\\/gualeguaychu-marcho-por-21a-vez-contra-la-planta-de-celulosa-upm\\\/#breadcrumb\"},\"inLanguage\":\"es\",\"potentialAction\":[{\"@type\":\"ReadAction\",\"target\":[\"https:\\\/\\\/informelitoral.com.ar\\\/gualeguaychu-marcho-por-21a-vez-contra-la-planta-de-celulosa-upm\\\/\"]}]},{\"@type\":\"ImageObject\",\"inLanguage\":\"es\",\"@id\":\"https:\\\/\\\/informelitoral.com.ar\\\/gualeguaychu-marcho-por-21a-vez-contra-la-planta-de-celulosa-upm\\\/#primaryimage\",\"url\":\"https:\\\/\\\/aimdigital.com.ar\\\/galeria\\\/fotos\\\/2025\\\/04\\\/27\\\/o_1745806406.jpg\",\"contentUrl\":\"https:\\\/\\\/aimdigital.com.ar\\\/galeria\\\/fotos\\\/2025\\\/04\\\/27\\\/o_1745806406.jpg\",\"width\":\"600\",\"height\":\"400\"},{\"@type\":\"BreadcrumbList\",\"@id\":\"https:\\\/\\\/informelitoral.com.ar\\\/gualeguaychu-marcho-por-21a-vez-contra-la-planta-de-celulosa-upm\\\/#breadcrumb\",\"itemListElement\":[{\"@type\":\"ListItem\",\"position\":1,\"name\":\"Portada\",\"item\":\"https:\\\/\\\/informelitoral.com.ar\\\/\"},{\"@type\":\"ListItem\",\"position\":2,\"name\":\"Gualeguaych\u00fa march\u00f3 por 21\u00aa vez contra la planta de celulosa UPM\"}]},{\"@type\":\"WebSite\",\"@id\":\"https:\\\/\\\/informelitoral.com.ar\\\/#website\",\"url\":\"https:\\\/\\\/informelitoral.com.ar\\\/\",\"name\":\"Informe Litoral\",\"description\":\"&quot;Nos informamos&quot; \",\"publisher\":{\"@id\":\"https:\\\/\\\/informelitoral.com.ar\\\/#organization\"},\"potentialAction\":[{\"@type\":\"SearchAction\",\"target\":{\"@type\":\"EntryPoint\",\"urlTemplate\":\"https:\\\/\\\/informelitoral.com.ar\\\/?s={search_term_string}\"},\"query-input\":{\"@type\":\"PropertyValueSpecification\",\"valueRequired\":true,\"valueName\":\"search_term_string\"}}],\"inLanguage\":\"es\"},{\"@type\":\"Organization\",\"@id\":\"https:\\\/\\\/informelitoral.com.ar\\\/#organization\",\"name\":\"Informe Litoral\",\"url\":\"https:\\\/\\\/informelitoral.com.ar\\\/\",\"logo\":{\"@type\":\"ImageObject\",\"inLanguage\":\"es\",\"@id\":\"https:\\\/\\\/informelitoral.com.ar\\\/#\\\/schema\\\/logo\\\/image\\\/\",\"url\":\"https:\\\/\\\/informelitoral.com.ar\\\/%77%70%2d%63%6f%6e%74%65%6e%74\\\/uploads\\\/2021\\\/01\\\/circulo.png\",\"contentUrl\":\"https:\\\/\\\/informelitoral.com.ar\\\/%77%70%2d%63%6f%6e%74%65%6e%74\\\/uploads\\\/2021\\\/01\\\/circulo.png\",\"width\":723,\"height\":731,\"caption\":\"Informe Litoral\"},\"image\":{\"@id\":\"https:\\\/\\\/informelitoral.com.ar\\\/#\\\/schema\\\/logo\\\/image\\\/\"},\"sameAs\":[\"https:\\\/\\\/www.facebook.com\\\/informelitoral\\\/\",\"https:\\\/\\\/x.com\\\/InformeLitoral\",\"https:\\\/\\\/www.instagram.com\\\/informelitoral\\\/\",\"https:\\\/\\\/www.youtube.com\\\/channel\\\/UCua4Qvz8Icb6MYqhoq9xLXw\"]},{\"@type\":\"Person\",\"@id\":\"https:\\\/\\\/informelitoral.com.ar\\\/#\\\/schema\\\/person\\\/b9d00407c836482871ef1d57bf8e3180\",\"name\":\"Gonzalo Schmidt\",\"image\":{\"@type\":\"ImageObject\",\"inLanguage\":\"es\",\"@id\":\"https:\\\/\\\/secure.gravatar.com\\\/avatar\\\/31a1a7b66ff2de83bd0e9fd79d026630d2d99e55e8bfe501287647b4fd9743de?s=96&d=mm&r=g\",\"url\":\"https:\\\/\\\/secure.gravatar.com\\\/avatar\\\/31a1a7b66ff2de83bd0e9fd79d026630d2d99e55e8bfe501287647b4fd9743de?s=96&d=mm&r=g\",\"contentUrl\":\"https:\\\/\\\/secure.gravatar.com\\\/avatar\\\/31a1a7b66ff2de83bd0e9fd79d026630d2d99e55e8bfe501287647b4fd9743de?s=96&d=mm&r=g\",\"caption\":\"Gonzalo Schmidt\"},\"description\":\"Sitio web de noticias de la provincia de Entre R\u00edos, Argentina. Informaci\u00f3n y entretenimiento. Informe Litoral, nos informamos.\",\"sameAs\":[\"http:\\\/\\\/www.isletasnoticias.com.ar\"],\"url\":\"https:\\\/\\\/informelitoral.com.ar\\\/author\\\/gonzalo\\\/\"}]}<\/script>","yoast_head_json":{"title":"Gualeguaych\u00fa march\u00f3 por 21\u00aa vez contra la planta de celulosa UPM - Informe Litoral","robots":{"index":"index","follow":"follow","max-snippet":"max-snippet:-1","max-image-preview":"max-image-preview:large","max-video-preview":"max-video-preview:-1"},"canonical":"https:\/\/informelitoral.com.ar\/gualeguaychu-marcho-por-21a-vez-contra-la-planta-de-celulosa-upm\/","og_locale":"es_ES","og_type":"article","og_title":"Gualeguaych\u00fa march\u00f3 por 21\u00aa vez contra la planta de celulosa UPM - Informe Litoral","og_description":"La Asamblea Ciudadana Ambiental de Gualeguaych\u00fa (Acag) se moviliz\u00f3 al puente internacional General San Mart\u00edn, en un firme rechazo al funcionamiento de la planta de celulosa UPM -anteriormente conocida como Botnia-, ubicada en territorio uruguayo, frente a la costa argentina.","og_url":"https:\/\/informelitoral.com.ar\/gualeguaychu-marcho-por-21a-vez-contra-la-planta-de-celulosa-upm\/","og_site_name":"Informe Litoral","article_publisher":"https:\/\/www.facebook.com\/informelitoral\/","article_published_time":"2025-04-28T10:48:18+00:00","article_modified_time":"2025-04-28T10:49:46+00:00","og_image":[{"url":"https:\/\/aimdigital.com.ar\/galeria\/fotos\/2025\/04\/27\/o_1745806406.jpg","type":"","width":"","height":""},{"width":600,"height":400,"url":"https:\/\/aimdigital.com.ar\/galeria\/fotos\/2025\/04\/27\/o_1745806406.jpg","type":"image\/jpeg"}],"author":"Gonzalo Schmidt","twitter_card":"summary_large_image","twitter_image":"https:\/\/aimdigital.com.ar\/galeria\/fotos\/2025\/04\/27\/o_1745806406.jpg","twitter_creator":"@InformeLitoral","twitter_site":"@InformeLitoral","twitter_misc":{"Escrito por":"Gonzalo Schmidt","Tiempo de lectura":"2 minutos"},"schema":{"@context":"https:\/\/schema.org","@graph":[{"@type":"Article","@id":"https:\/\/informelitoral.com.ar\/gualeguaychu-marcho-por-21a-vez-contra-la-planta-de-celulosa-upm\/#article","isPartOf":{"@id":"https:\/\/informelitoral.com.ar\/gualeguaychu-marcho-por-21a-vez-contra-la-planta-de-celulosa-upm\/"},"author":{"name":"Gonzalo Schmidt","@id":"https:\/\/informelitoral.com.ar\/#\/schema\/person\/b9d00407c836482871ef1d57bf8e3180"},"headline":"Gualeguaych\u00fa march\u00f3 por 21\u00aa vez contra la planta de celulosa UPM","datePublished":"2025-04-28T10:48:18+00:00","dateModified":"2025-04-28T10:49:46+00:00","mainEntityOfPage":{"@id":"https:\/\/informelitoral.com.ar\/gualeguaychu-marcho-por-21a-vez-contra-la-planta-de-celulosa-upm\/"},"wordCount":437,"commentCount":0,"publisher":{"@id":"https:\/\/informelitoral.com.ar\/#organization"},"image":{"@id":"https:\/\/informelitoral.com.ar\/gualeguaychu-marcho-por-21a-vez-contra-la-planta-de-celulosa-upm\/#primaryimage"},"thumbnailUrl":"https:\/\/aimdigital.com.ar\/galeria\/fotos\/2025\/04\/27\/o_1745806406.jpg","keywords":["Ambiente","Gualeguaych\u00fa","r\u00edo Uruguay"],"articleSection":["Entre R\u00edos"],"inLanguage":"es","potentialAction":[{"@type":"CommentAction","name":"Comment","target":["https:\/\/informelitoral.com.ar\/gualeguaychu-marcho-por-21a-vez-contra-la-planta-de-celulosa-upm\/#respond"]}]},{"@type":"WebPage","@id":"https:\/\/informelitoral.com.ar\/gualeguaychu-marcho-por-21a-vez-contra-la-planta-de-celulosa-upm\/","url":"https:\/\/informelitoral.com.ar\/gualeguaychu-marcho-por-21a-vez-contra-la-planta-de-celulosa-upm\/","name":"Gualeguaych\u00fa march\u00f3 por 21\u00aa vez contra la planta de celulosa UPM - Informe Litoral","isPartOf":{"@id":"https:\/\/informelitoral.com.ar\/#website"},"primaryImageOfPage":{"@id":"https:\/\/informelitoral.com.ar\/gualeguaychu-marcho-por-21a-vez-contra-la-planta-de-celulosa-upm\/#primaryimage"},"image":{"@id":"https:\/\/informelitoral.com.ar\/gualeguaychu-marcho-por-21a-vez-contra-la-planta-de-celulosa-upm\/#primaryimage"},"thumbnailUrl":"https:\/\/aimdigital.com.ar\/galeria\/fotos\/2025\/04\/27\/o_1745806406.jpg","datePublished":"2025-04-28T10:48:18+00:00","dateModified":"2025-04-28T10:49:46+00:00","breadcrumb":{"@id":"https:\/\/informelitoral.com.ar\/gualeguaychu-marcho-por-21a-vez-contra-la-planta-de-celulosa-upm\/#breadcrumb"},"inLanguage":"es","potentialAction":[{"@type":"ReadAction","target":["https:\/\/informelitoral.com.ar\/gualeguaychu-marcho-por-21a-vez-contra-la-planta-de-celulosa-upm\/"]}]},{"@type":"ImageObject","inLanguage":"es","@id":"https:\/\/informelitoral.com.ar\/gualeguaychu-marcho-por-21a-vez-contra-la-planta-de-celulosa-upm\/#primaryimage","url":"https:\/\/aimdigital.com.ar\/galeria\/fotos\/2025\/04\/27\/o_1745806406.jpg","contentUrl":"https:\/\/aimdigital.com.ar\/galeria\/fotos\/2025\/04\/27\/o_1745806406.jpg","width":"600","height":"400"},{"@type":"BreadcrumbList","@id":"https:\/\/informelitoral.com.ar\/gualeguaychu-marcho-por-21a-vez-contra-la-planta-de-celulosa-upm\/#breadcrumb","itemListElement":[{"@type":"ListItem","position":1,"name":"Portada","item":"https:\/\/informelitoral.com.ar\/"},{"@type":"ListItem","position":2,"name":"Gualeguaych\u00fa march\u00f3 por 21\u00aa vez contra la planta de celulosa UPM"}]},{"@type":"WebSite","@id":"https:\/\/informelitoral.com.ar\/#website","url":"https:\/\/informelitoral.com.ar\/","name":"Informe Litoral","description":"&quot;Nos informamos&quot; ","publisher":{"@id":"https:\/\/informelitoral.com.ar\/#organization"},"potentialAction":[{"@type":"SearchAction","target":{"@type":"EntryPoint","urlTemplate":"https:\/\/informelitoral.com.ar\/?s={search_term_string}"},"query-input":{"@type":"PropertyValueSpecification","valueRequired":true,"valueName":"search_term_string"}}],"inLanguage":"es"},{"@type":"Organization","@id":"https:\/\/informelitoral.com.ar\/#organization","name":"Informe Litoral","url":"https:\/\/informelitoral.com.ar\/","logo":{"@type":"ImageObject","inLanguage":"es","@id":"https:\/\/informelitoral.com.ar\/#\/schema\/logo\/image\/","url":"https:\/\/informelitoral.com.ar\/%77%70%2d%63%6f%6e%74%65%6e%74\/uploads\/2021\/01\/circulo.png","contentUrl":"https:\/\/informelitoral.com.ar\/%77%70%2d%63%6f%6e%74%65%6e%74\/uploads\/2021\/01\/circulo.png","width":723,"height":731,"caption":"Informe Litoral"},"image":{"@id":"https:\/\/informelitoral.com.ar\/#\/schema\/logo\/image\/"},"sameAs":["https:\/\/www.facebook.com\/informelitoral\/","https:\/\/x.com\/InformeLitoral","https:\/\/www.instagram.com\/informelitoral\/","https:\/\/www.youtube.com\/channel\/UCua4Qvz8Icb6MYqhoq9xLXw"]},{"@type":"Person","@id":"https:\/\/informelitoral.com.ar\/#\/schema\/person\/b9d00407c836482871ef1d57bf8e3180","name":"Gonzalo Schmidt","image":{"@type":"ImageObject","inLanguage":"es","@id":"https:\/\/secure.gravatar.com\/avatar\/31a1a7b66ff2de83bd0e9fd79d026630d2d99e55e8bfe501287647b4fd9743de?s=96&d=mm&r=g","url":"https:\/\/secure.gravatar.com\/avatar\/31a1a7b66ff2de83bd0e9fd79d026630d2d99e55e8bfe501287647b4fd9743de?s=96&d=mm&r=g","contentUrl":"https:\/\/secure.gravatar.com\/avatar\/31a1a7b66ff2de83bd0e9fd79d026630d2d99e55e8bfe501287647b4fd9743de?s=96&d=mm&r=g","caption":"Gonzalo Schmidt"},"description":"Sitio web de noticias de la provincia de Entre R\u00edos, Argentina. Informaci\u00f3n y entretenimiento. Informe Litoral, nos informamos.","sameAs":["http:\/\/www.isletasnoticias.com.ar"],"url":"https:\/\/informelitoral.com.ar\/author\/gonzalo\/"}]}},"fifu_image_url":"https:\/\/aimdigital.com.ar\/galeria\/fotos\/2025\/04\/27\/o_1745806406.jpg","_links":{"self":[{"href":"https:\/\/informelitoral.com.ar\/%77%70%2d%6a%73%6f%6e\/wp\/v2\/posts\/219712","targetHints":{"allow":["GET"]}}],"collection":[{"href":"https:\/\/informelitoral.com.ar\/%77%70%2d%6a%73%6f%6e\/wp\/v2\/posts"}],"about":[{"href":"https:\/\/informelitoral.com.ar\/%77%70%2d%6a%73%6f%6e\/wp\/v2\/types\/post"}],"author":[{"embeddable":true,"href":"https:\/\/informelitoral.com.ar\/%77%70%2d%6a%73%6f%6e\/wp\/v2\/users\/2"}],"replies":[{"embeddable":true,"href":"https:\/\/informelitoral.com.ar\/%77%70%2d%6a%73%6f%6e\/wp\/v2\/comments?post=219712"}],"version-history":[{"count":0,"href":"https:\/\/informelitoral.com.ar\/%77%70%2d%6a%73%6f%6e\/wp\/v2\/posts\/219712\/revisions"}],"wp:featuredmedia":[{"embeddable":true,"href":"https:\/\/informelitoral.com.ar\/%77%70%2d%6a%73%6f%6e\/wp\/v2\/media\/219714"}],"wp:attachment":[{"href":"https:\/\/informelitoral.com.ar\/%77%70%2d%6a%73%6f%6e\/wp\/v2\/media?parent=219712"}],"wp:term":[{"taxonomy":"category","embeddable":true,"href":"https:\/\/informelitoral.com.ar\/%77%70%2d%6a%73%6f%6e\/wp\/v2\/categories?post=219712"},{"taxonomy":"post_tag","embeddable":true,"href":"https:\/\/informelitoral.com.ar\/%77%70%2d%6a%73%6f%6e\/wp\/v2\/tags?post=219712"}],"curies":[{"name":"wp","href":"https:\/\/api.w.org\/{rel}","templated":true}]}}