{"id":219710,"date":"2025-04-28T07:39:42","date_gmt":"2025-04-28T10:39:42","guid":{"rendered":"https:\/\/informelitoral.com.ar\/?p=219710"},"modified":"2025-04-28T07:39:42","modified_gmt":"2025-04-28T10:39:42","slug":"el-amanecer-del-lunes-fue-fresco-pero-el-sol-le-pondra-su-calor-al-dia","status":"publish","type":"post","link":"https:\/\/informelitoral.com.ar\/el-amanecer-del-lunes-fue-fresco-pero-el-sol-le-pondra-su-calor-al-dia\/","title":{"rendered":"El amanecer del lunes fue fresco pero el sol le pondr\u00e1 su calor al d\u00eda"},"content":{"rendered":"<p>El pron\u00f3stico del Servicio Meteorol\u00f3gico Nacional anuncia para este lunes una jornada a puro sol en la capital entrerriana y la regi\u00f3n, con temperaturas t\u00edpicas de esta \u00e9poca del a\u00f1o.<\/p>\n<p>Durante las primeras horas del d\u00eda, el cielo se presentaba despejado, con una temperatura de 11\u00b0, humedad del 81% y viento leve del oeste. Para el transcurso de la ma\u00f1ana se espera que el term\u00f3metro baje a\u00fan m\u00e1s, rondando los 7\u00b0, con viento suave desde el suroeste.<\/p>\n<p>Con el correr de las horas, el panorama mejorar\u00e1: por la tarde el cielo continuar\u00e1 despejado, la temperatura trepar\u00e1 hasta los 24\u00b0 y el viento rotar\u00e1 hacia el sur. Hacia la noche, el term\u00f3metro volver\u00e1 a descender hasta los 18\u00b0, bajo un cielo despejado y viento leve del suroeste.<\/p>\n<h2 class=\"wp-block-heading\"><strong>C\u00f3mo continuar\u00e1 la semana<\/strong><\/h2>\n<p>El organismo nacional prev\u00e9 que el buen tiempo se mantenga durante los pr\u00f3ximos d\u00edas, aunque el ambiente seguir\u00e1 algo fresco. Para este martes se espera una jornada similar, aunque con algo m\u00e1s de nubosidad. El cielo estar\u00e1 parcialmente cubierto durante gran parte del d\u00eda, con temperaturas de entre 12\u00b0 de m\u00ednima y 25\u00b0 de m\u00e1xima.<\/p>\n<p>El sol sale a las 7:32 y se pone a las 18:27<\/p>\n","protected":false},"excerpt":{"rendered":"<p>El SMN anticipa una jornada oto\u00f1al, con ma\u00f1ana fresca y temperaturas m\u00e1s templadas hacia la tarde. C\u00f3mo seguir\u00e1 el clima durante la semana.<\/p>\n","protected":false},"author":2,"featured_media":59627,"comment_status":"open","ping_status":"open","sticky":false,"template":"","format":"standard","meta":{"fifu_image_url":"","fifu_image_alt":"","footnotes":""},"categories":[6],"tags":[38,2759,113],"class_list":{"0":"post-219710","1":"post","2":"type-post","3":"status-publish","4":"format-standard","5":"has-post-thumbnail","7":"category-entre-rios","8":"tag-el-tiempo","9":"tag-pronostico-del-tiempo","10":"tag-smn"},"yoast_head":"<title>El amanecer del lunes fue fresco pero el sol le pondr\u00e1 su calor al d\u00eda - Informe Litoral<\/title>\n<meta name=\"robots\" content=\"index, follow, max-snippet:-1, max-image-preview:large, max-video-preview:-1\" \/>\n<link rel=\"canonical\" href=\"https:\/\/informelitoral.com.ar\/el-amanecer-del-lunes-fue-fresco-pero-el-sol-le-pondra-su-calor-al-dia\/\" \/>\n<meta property=\"og:locale\" content=\"es_ES\" \/>\n<meta property=\"og:type\" content=\"article\" \/>\n<meta property=\"og:title\" content=\"El amanecer del lunes fue fresco pero el sol le pondr\u00e1 su calor al d\u00eda - Informe Litoral\" \/>\n<meta property=\"og:description\" content=\"El SMN anticipa una jornada oto\u00f1al, con ma\u00f1ana fresca y temperaturas m\u00e1s templadas hacia la tarde. C\u00f3mo seguir\u00e1 el clima durante la semana.\" \/>\n<meta property=\"og:url\" content=\"https:\/\/informelitoral.com.ar\/el-amanecer-del-lunes-fue-fresco-pero-el-sol-le-pondra-su-calor-al-dia\/\" \/>\n<meta property=\"og:site_name\" content=\"Informe Litoral\" \/>\n<meta property=\"article:publisher\" content=\"https:\/\/www.facebook.com\/informelitoral\/\" \/>\n<meta property=\"article:published_time\" content=\"2025-04-28T10:39:42+00:00\" \/>\n<meta property=\"og:image\" content=\"https:\/\/informelitoral.com.ar\/%77%70%2d%63%6f%6e%74%65%6e%74\/uploads\/2021\/05\/amanecer-fresco.jpg\" \/>\n\t<meta property=\"og:image:width\" content=\"910\" \/>\n\t<meta property=\"og:image:height\" content=\"683\" \/>\n\t<meta property=\"og:image:type\" content=\"image\/jpeg\" \/>\n<meta name=\"author\" content=\"Gonzalo Schmidt\" \/>\n<meta name=\"twitter:card\" content=\"summary_large_image\" \/>\n<meta name=\"twitter:creator\" content=\"@InformeLitoral\" \/>\n<meta name=\"twitter:site\" content=\"@InformeLitoral\" \/>\n<meta name=\"twitter:label1\" content=\"Escrito por\" \/>\n\t<meta name=\"twitter:data1\" content=\"Gonzalo Schmidt\" \/>\n\t<meta name=\"twitter:label2\" content=\"Tiempo de lectura\" \/>\n\t<meta name=\"twitter:data2\" content=\"1 minuto\" \/>\n<script type=\"application\/ld+json\" class=\"yoast-schema-graph\">{\"@context\":\"https:\\\/\\\/schema.org\",\"@graph\":[{\"@type\":\"Article\",\"@id\":\"https:\\\/\\\/informelitoral.com.ar\\\/el-amanecer-del-lunes-fue-fresco-pero-el-sol-le-pondra-su-calor-al-dia\\\/#article\",\"isPartOf\":{\"@id\":\"https:\\\/\\\/informelitoral.com.ar\\\/el-amanecer-del-lunes-fue-fresco-pero-el-sol-le-pondra-su-calor-al-dia\\\/\"},\"author\":{\"name\":\"Gonzalo Schmidt\",\"@id\":\"https:\\\/\\\/informelitoral.com.ar\\\/#\\\/schema\\\/person\\\/b9d00407c836482871ef1d57bf8e3180\"},\"headline\":\"El amanecer del lunes fue fresco pero el sol le pondr\u00e1 su calor al d\u00eda\",\"datePublished\":\"2025-04-28T10:39:42+00:00\",\"mainEntityOfPage\":{\"@id\":\"https:\\\/\\\/informelitoral.com.ar\\\/el-amanecer-del-lunes-fue-fresco-pero-el-sol-le-pondra-su-calor-al-dia\\\/\"},\"wordCount\":222,\"commentCount\":0,\"publisher\":{\"@id\":\"https:\\\/\\\/informelitoral.com.ar\\\/#organization\"},\"image\":{\"@id\":\"https:\\\/\\\/informelitoral.com.ar\\\/el-amanecer-del-lunes-fue-fresco-pero-el-sol-le-pondra-su-calor-al-dia\\\/#primaryimage\"},\"thumbnailUrl\":\"https:\\\/\\\/informelitoral.com.ar\\\/%77%70%2d%63%6f%6e%74%65%6e%74\\\/uploads\\\/2021\\\/05\\\/amanecer-fresco.jpg\",\"keywords\":[\"El tiempo\",\"Pron\u00f3stico del tiempo\",\"SMN\"],\"articleSection\":[\"Entre R\u00edos\"],\"inLanguage\":\"es\",\"potentialAction\":[{\"@type\":\"CommentAction\",\"name\":\"Comment\",\"target\":[\"https:\\\/\\\/informelitoral.com.ar\\\/el-amanecer-del-lunes-fue-fresco-pero-el-sol-le-pondra-su-calor-al-dia\\\/#respond\"]}]},{\"@type\":\"WebPage\",\"@id\":\"https:\\\/\\\/informelitoral.com.ar\\\/el-amanecer-del-lunes-fue-fresco-pero-el-sol-le-pondra-su-calor-al-dia\\\/\",\"url\":\"https:\\\/\\\/informelitoral.com.ar\\\/el-amanecer-del-lunes-fue-fresco-pero-el-sol-le-pondra-su-calor-al-dia\\\/\",\"name\":\"El amanecer del lunes fue fresco pero el sol le pondr\u00e1 su calor al d\u00eda - Informe Litoral\",\"isPartOf\":{\"@id\":\"https:\\\/\\\/informelitoral.com.ar\\\/#website\"},\"primaryImageOfPage\":{\"@id\":\"https:\\\/\\\/informelitoral.com.ar\\\/el-amanecer-del-lunes-fue-fresco-pero-el-sol-le-pondra-su-calor-al-dia\\\/#primaryimage\"},\"image\":{\"@id\":\"https:\\\/\\\/informelitoral.com.ar\\\/el-amanecer-del-lunes-fue-fresco-pero-el-sol-le-pondra-su-calor-al-dia\\\/#primaryimage\"},\"thumbnailUrl\":\"https:\\\/\\\/informelitoral.com.ar\\\/%77%70%2d%63%6f%6e%74%65%6e%74\\\/uploads\\\/2021\\\/05\\\/amanecer-fresco.jpg\",\"datePublished\":\"2025-04-28T10:39:42+00:00\",\"breadcrumb\":{\"@id\":\"https:\\\/\\\/informelitoral.com.ar\\\/el-amanecer-del-lunes-fue-fresco-pero-el-sol-le-pondra-su-calor-al-dia\\\/#breadcrumb\"},\"inLanguage\":\"es\",\"potentialAction\":[{\"@type\":\"ReadAction\",\"target\":[\"https:\\\/\\\/informelitoral.com.ar\\\/el-amanecer-del-lunes-fue-fresco-pero-el-sol-le-pondra-su-calor-al-dia\\\/\"]}]},{\"@type\":\"ImageObject\",\"inLanguage\":\"es\",\"@id\":\"https:\\\/\\\/informelitoral.com.ar\\\/el-amanecer-del-lunes-fue-fresco-pero-el-sol-le-pondra-su-calor-al-dia\\\/#primaryimage\",\"url\":\"https:\\\/\\\/informelitoral.com.ar\\\/%77%70%2d%63%6f%6e%74%65%6e%74\\\/uploads\\\/2021\\\/05\\\/amanecer-fresco.jpg\",\"contentUrl\":\"https:\\\/\\\/informelitoral.com.ar\\\/%77%70%2d%63%6f%6e%74%65%6e%74\\\/uploads\\\/2021\\\/05\\\/amanecer-fresco.jpg\",\"width\":910,\"height\":683},{\"@type\":\"BreadcrumbList\",\"@id\":\"https:\\\/\\\/informelitoral.com.ar\\\/el-amanecer-del-lunes-fue-fresco-pero-el-sol-le-pondra-su-calor-al-dia\\\/#breadcrumb\",\"itemListElement\":[{\"@type\":\"ListItem\",\"position\":1,\"name\":\"Portada\",\"item\":\"https:\\\/\\\/informelitoral.com.ar\\\/\"},{\"@type\":\"ListItem\",\"position\":2,\"name\":\"El amanecer del lunes fue fresco pero el sol le pondr\u00e1 su calor al d\u00eda\"}]},{\"@type\":\"WebSite\",\"@id\":\"https:\\\/\\\/informelitoral.com.ar\\\/#website\",\"url\":\"https:\\\/\\\/informelitoral.com.ar\\\/\",\"name\":\"Informe Litoral\",\"description\":\"&quot;Nos informamos&quot; \",\"publisher\":{\"@id\":\"https:\\\/\\\/informelitoral.com.ar\\\/#organization\"},\"potentialAction\":[{\"@type\":\"SearchAction\",\"target\":{\"@type\":\"EntryPoint\",\"urlTemplate\":\"https:\\\/\\\/informelitoral.com.ar\\\/?s={search_term_string}\"},\"query-input\":{\"@type\":\"PropertyValueSpecification\",\"valueRequired\":true,\"valueName\":\"search_term_string\"}}],\"inLanguage\":\"es\"},{\"@type\":\"Organization\",\"@id\":\"https:\\\/\\\/informelitoral.com.ar\\\/#organization\",\"name\":\"Informe Litoral\",\"url\":\"https:\\\/\\\/informelitoral.com.ar\\\/\",\"logo\":{\"@type\":\"ImageObject\",\"inLanguage\":\"es\",\"@id\":\"https:\\\/\\\/informelitoral.com.ar\\\/#\\\/schema\\\/logo\\\/image\\\/\",\"url\":\"https:\\\/\\\/informelitoral.com.ar\\\/%77%70%2d%63%6f%6e%74%65%6e%74\\\/uploads\\\/2021\\\/01\\\/circulo.png\",\"contentUrl\":\"https:\\\/\\\/informelitoral.com.ar\\\/%77%70%2d%63%6f%6e%74%65%6e%74\\\/uploads\\\/2021\\\/01\\\/circulo.png\",\"width\":723,\"height\":731,\"caption\":\"Informe Litoral\"},\"image\":{\"@id\":\"https:\\\/\\\/informelitoral.com.ar\\\/#\\\/schema\\\/logo\\\/image\\\/\"},\"sameAs\":[\"https:\\\/\\\/www.facebook.com\\\/informelitoral\\\/\",\"https:\\\/\\\/x.com\\\/InformeLitoral\",\"https:\\\/\\\/www.instagram.com\\\/informelitoral\\\/\",\"https:\\\/\\\/www.youtube.com\\\/channel\\\/UCua4Qvz8Icb6MYqhoq9xLXw\"]},{\"@type\":\"Person\",\"@id\":\"https:\\\/\\\/informelitoral.com.ar\\\/#\\\/schema\\\/person\\\/b9d00407c836482871ef1d57bf8e3180\",\"name\":\"Gonzalo Schmidt\",\"image\":{\"@type\":\"ImageObject\",\"inLanguage\":\"es\",\"@id\":\"https:\\\/\\\/secure.gravatar.com\\\/avatar\\\/31a1a7b66ff2de83bd0e9fd79d026630d2d99e55e8bfe501287647b4fd9743de?s=96&d=mm&r=g\",\"url\":\"https:\\\/\\\/secure.gravatar.com\\\/avatar\\\/31a1a7b66ff2de83bd0e9fd79d026630d2d99e55e8bfe501287647b4fd9743de?s=96&d=mm&r=g\",\"contentUrl\":\"https:\\\/\\\/secure.gravatar.com\\\/avatar\\\/31a1a7b66ff2de83bd0e9fd79d026630d2d99e55e8bfe501287647b4fd9743de?s=96&d=mm&r=g\",\"caption\":\"Gonzalo Schmidt\"},\"description\":\"Sitio web de noticias de la provincia de Entre R\u00edos, Argentina. Informaci\u00f3n y entretenimiento. Informe Litoral, nos informamos.\",\"sameAs\":[\"http:\\\/\\\/www.isletasnoticias.com.ar\"],\"url\":\"https:\\\/\\\/informelitoral.com.ar\\\/author\\\/gonzalo\\\/\"}]}<\/script>","yoast_head_json":{"title":"El amanecer del lunes fue fresco pero el sol le pondr\u00e1 su calor al d\u00eda - Informe Litoral","robots":{"index":"index","follow":"follow","max-snippet":"max-snippet:-1","max-image-preview":"max-image-preview:large","max-video-preview":"max-video-preview:-1"},"canonical":"https:\/\/informelitoral.com.ar\/el-amanecer-del-lunes-fue-fresco-pero-el-sol-le-pondra-su-calor-al-dia\/","og_locale":"es_ES","og_type":"article","og_title":"El amanecer del lunes fue fresco pero el sol le pondr\u00e1 su calor al d\u00eda - Informe Litoral","og_description":"El SMN anticipa una jornada oto\u00f1al, con ma\u00f1ana fresca y temperaturas m\u00e1s templadas hacia la tarde. C\u00f3mo seguir\u00e1 el clima durante la semana.","og_url":"https:\/\/informelitoral.com.ar\/el-amanecer-del-lunes-fue-fresco-pero-el-sol-le-pondra-su-calor-al-dia\/","og_site_name":"Informe Litoral","article_publisher":"https:\/\/www.facebook.com\/informelitoral\/","article_published_time":"2025-04-28T10:39:42+00:00","og_image":[{"width":910,"height":683,"url":"https:\/\/informelitoral.com.ar\/%77%70%2d%63%6f%6e%74%65%6e%74\/uploads\/2021\/05\/amanecer-fresco.jpg","type":"image\/jpeg"}],"author":"Gonzalo Schmidt","twitter_card":"summary_large_image","twitter_creator":"@InformeLitoral","twitter_site":"@InformeLitoral","twitter_misc":{"Escrito por":"Gonzalo Schmidt","Tiempo de lectura":"1 minuto"},"schema":{"@context":"https:\/\/schema.org","@graph":[{"@type":"Article","@id":"https:\/\/informelitoral.com.ar\/el-amanecer-del-lunes-fue-fresco-pero-el-sol-le-pondra-su-calor-al-dia\/#article","isPartOf":{"@id":"https:\/\/informelitoral.com.ar\/el-amanecer-del-lunes-fue-fresco-pero-el-sol-le-pondra-su-calor-al-dia\/"},"author":{"name":"Gonzalo Schmidt","@id":"https:\/\/informelitoral.com.ar\/#\/schema\/person\/b9d00407c836482871ef1d57bf8e3180"},"headline":"El amanecer del lunes fue fresco pero el sol le pondr\u00e1 su calor al d\u00eda","datePublished":"2025-04-28T10:39:42+00:00","mainEntityOfPage":{"@id":"https:\/\/informelitoral.com.ar\/el-amanecer-del-lunes-fue-fresco-pero-el-sol-le-pondra-su-calor-al-dia\/"},"wordCount":222,"commentCount":0,"publisher":{"@id":"https:\/\/informelitoral.com.ar\/#organization"},"image":{"@id":"https:\/\/informelitoral.com.ar\/el-amanecer-del-lunes-fue-fresco-pero-el-sol-le-pondra-su-calor-al-dia\/#primaryimage"},"thumbnailUrl":"https:\/\/informelitoral.com.ar\/%77%70%2d%63%6f%6e%74%65%6e%74\/uploads\/2021\/05\/amanecer-fresco.jpg","keywords":["El tiempo","Pron\u00f3stico del tiempo","SMN"],"articleSection":["Entre R\u00edos"],"inLanguage":"es","potentialAction":[{"@type":"CommentAction","name":"Comment","target":["https:\/\/informelitoral.com.ar\/el-amanecer-del-lunes-fue-fresco-pero-el-sol-le-pondra-su-calor-al-dia\/#respond"]}]},{"@type":"WebPage","@id":"https:\/\/informelitoral.com.ar\/el-amanecer-del-lunes-fue-fresco-pero-el-sol-le-pondra-su-calor-al-dia\/","url":"https:\/\/informelitoral.com.ar\/el-amanecer-del-lunes-fue-fresco-pero-el-sol-le-pondra-su-calor-al-dia\/","name":"El amanecer del lunes fue fresco pero el sol le pondr\u00e1 su calor al d\u00eda - Informe Litoral","isPartOf":{"@id":"https:\/\/informelitoral.com.ar\/#website"},"primaryImageOfPage":{"@id":"https:\/\/informelitoral.com.ar\/el-amanecer-del-lunes-fue-fresco-pero-el-sol-le-pondra-su-calor-al-dia\/#primaryimage"},"image":{"@id":"https:\/\/informelitoral.com.ar\/el-amanecer-del-lunes-fue-fresco-pero-el-sol-le-pondra-su-calor-al-dia\/#primaryimage"},"thumbnailUrl":"https:\/\/informelitoral.com.ar\/%77%70%2d%63%6f%6e%74%65%6e%74\/uploads\/2021\/05\/amanecer-fresco.jpg","datePublished":"2025-04-28T10:39:42+00:00","breadcrumb":{"@id":"https:\/\/informelitoral.com.ar\/el-amanecer-del-lunes-fue-fresco-pero-el-sol-le-pondra-su-calor-al-dia\/#breadcrumb"},"inLanguage":"es","potentialAction":[{"@type":"ReadAction","target":["https:\/\/informelitoral.com.ar\/el-amanecer-del-lunes-fue-fresco-pero-el-sol-le-pondra-su-calor-al-dia\/"]}]},{"@type":"ImageObject","inLanguage":"es","@id":"https:\/\/informelitoral.com.ar\/el-amanecer-del-lunes-fue-fresco-pero-el-sol-le-pondra-su-calor-al-dia\/#primaryimage","url":"https:\/\/informelitoral.com.ar\/%77%70%2d%63%6f%6e%74%65%6e%74\/uploads\/2021\/05\/amanecer-fresco.jpg","contentUrl":"https:\/\/informelitoral.com.ar\/%77%70%2d%63%6f%6e%74%65%6e%74\/uploads\/2021\/05\/amanecer-fresco.jpg","width":910,"height":683},{"@type":"BreadcrumbList","@id":"https:\/\/informelitoral.com.ar\/el-amanecer-del-lunes-fue-fresco-pero-el-sol-le-pondra-su-calor-al-dia\/#breadcrumb","itemListElement":[{"@type":"ListItem","position":1,"name":"Portada","item":"https:\/\/informelitoral.com.ar\/"},{"@type":"ListItem","position":2,"name":"El amanecer del lunes fue fresco pero el sol le pondr\u00e1 su calor al d\u00eda"}]},{"@type":"WebSite","@id":"https:\/\/informelitoral.com.ar\/#website","url":"https:\/\/informelitoral.com.ar\/","name":"Informe Litoral","description":"&quot;Nos informamos&quot; ","publisher":{"@id":"https:\/\/informelitoral.com.ar\/#organization"},"potentialAction":[{"@type":"SearchAction","target":{"@type":"EntryPoint","urlTemplate":"https:\/\/informelitoral.com.ar\/?s={search_term_string}"},"query-input":{"@type":"PropertyValueSpecification","valueRequired":true,"valueName":"search_term_string"}}],"inLanguage":"es"},{"@type":"Organization","@id":"https:\/\/informelitoral.com.ar\/#organization","name":"Informe Litoral","url":"https:\/\/informelitoral.com.ar\/","logo":{"@type":"ImageObject","inLanguage":"es","@id":"https:\/\/informelitoral.com.ar\/#\/schema\/logo\/image\/","url":"https:\/\/informelitoral.com.ar\/%77%70%2d%63%6f%6e%74%65%6e%74\/uploads\/2021\/01\/circulo.png","contentUrl":"https:\/\/informelitoral.com.ar\/%77%70%2d%63%6f%6e%74%65%6e%74\/uploads\/2021\/01\/circulo.png","width":723,"height":731,"caption":"Informe Litoral"},"image":{"@id":"https:\/\/informelitoral.com.ar\/#\/schema\/logo\/image\/"},"sameAs":["https:\/\/www.facebook.com\/informelitoral\/","https:\/\/x.com\/InformeLitoral","https:\/\/www.instagram.com\/informelitoral\/","https:\/\/www.youtube.com\/channel\/UCua4Qvz8Icb6MYqhoq9xLXw"]},{"@type":"Person","@id":"https:\/\/informelitoral.com.ar\/#\/schema\/person\/b9d00407c836482871ef1d57bf8e3180","name":"Gonzalo Schmidt","image":{"@type":"ImageObject","inLanguage":"es","@id":"https:\/\/secure.gravatar.com\/avatar\/31a1a7b66ff2de83bd0e9fd79d026630d2d99e55e8bfe501287647b4fd9743de?s=96&d=mm&r=g","url":"https:\/\/secure.gravatar.com\/avatar\/31a1a7b66ff2de83bd0e9fd79d026630d2d99e55e8bfe501287647b4fd9743de?s=96&d=mm&r=g","contentUrl":"https:\/\/secure.gravatar.com\/avatar\/31a1a7b66ff2de83bd0e9fd79d026630d2d99e55e8bfe501287647b4fd9743de?s=96&d=mm&r=g","caption":"Gonzalo Schmidt"},"description":"Sitio web de noticias de la provincia de Entre R\u00edos, Argentina. Informaci\u00f3n y entretenimiento. Informe Litoral, nos informamos.","sameAs":["http:\/\/www.isletasnoticias.com.ar"],"url":"https:\/\/informelitoral.com.ar\/author\/gonzalo\/"}]}},"_links":{"self":[{"href":"https:\/\/informelitoral.com.ar\/%77%70%2d%6a%73%6f%6e\/wp\/v2\/posts\/219710","targetHints":{"allow":["GET"]}}],"collection":[{"href":"https:\/\/informelitoral.com.ar\/%77%70%2d%6a%73%6f%6e\/wp\/v2\/posts"}],"about":[{"href":"https:\/\/informelitoral.com.ar\/%77%70%2d%6a%73%6f%6e\/wp\/v2\/types\/post"}],"author":[{"embeddable":true,"href":"https:\/\/informelitoral.com.ar\/%77%70%2d%6a%73%6f%6e\/wp\/v2\/users\/2"}],"replies":[{"embeddable":true,"href":"https:\/\/informelitoral.com.ar\/%77%70%2d%6a%73%6f%6e\/wp\/v2\/comments?post=219710"}],"version-history":[{"count":0,"href":"https:\/\/informelitoral.com.ar\/%77%70%2d%6a%73%6f%6e\/wp\/v2\/posts\/219710\/revisions"}],"wp:featuredmedia":[{"embeddable":true,"href":"https:\/\/informelitoral.com.ar\/%77%70%2d%6a%73%6f%6e\/wp\/v2\/media\/59627"}],"wp:attachment":[{"href":"https:\/\/informelitoral.com.ar\/%77%70%2d%6a%73%6f%6e\/wp\/v2\/media?parent=219710"}],"wp:term":[{"taxonomy":"category","embeddable":true,"href":"https:\/\/informelitoral.com.ar\/%77%70%2d%6a%73%6f%6e\/wp\/v2\/categories?post=219710"},{"taxonomy":"post_tag","embeddable":true,"href":"https:\/\/informelitoral.com.ar\/%77%70%2d%6a%73%6f%6e\/wp\/v2\/tags?post=219710"}],"curies":[{"name":"wp","href":"https:\/\/api.w.org\/{rel}","templated":true}]}}