{"id":219683,"date":"2025-04-26T17:29:11","date_gmt":"2025-04-26T20:29:11","guid":{"rendered":"https:\/\/informelitoral.com.ar\/?p=219683"},"modified":"2025-04-26T17:32:38","modified_gmt":"2025-04-26T20:32:38","slug":"mesa-de-enlace-y-gobierno-entrerriano-se-volvieron-a-reunir-por-el-inmobiliario-rural","status":"publish","type":"post","link":"https:\/\/informelitoral.com.ar\/mesa-de-enlace-y-gobierno-entrerriano-se-volvieron-a-reunir-por-el-inmobiliario-rural\/","title":{"rendered":"Mesa de Enlace y Gobierno entrerriano se volvieron a reunir por el Inmobiliario Rural"},"content":{"rendered":"<p>Continuando con el intercambio en materia impositiva y vial con el sector productivo, el ministro de Desarrollo Econ\u00f3mico, <strong>Guillermo Bernaudo<\/strong>; junto al director ejecutivo de la Administraci\u00f3n Tributaria de Entre R\u00edos (ATER), <strong>Jes\u00fas Korell<\/strong>; y el titular de la Direcci\u00f3n Provincial de Vialidad (DPV);<strong> Exequiel Donda<\/strong>; mantuvieron una reuni\u00f3n con representantes de la Mesa de Enlace.<\/p>\n<p>A su vez, <strong>Bernaudo present\u00f3 un estudio que compara la suba que las al\u00edcuotas de IIR tendr\u00e1n en las provincias de la Regi\u00f3n Centro (C\u00f3rdoba y Santa Fe) y Corrientes;<\/strong> destacando que las propuestas que analiza el Gobierno provincial \u201cser\u00e1n de una actualizaci\u00f3n seguramente menor al de las otras provincias mencionadas, teniendo como resultado tanto un alivio fiscal para el productor como mejoras notables en los caminos productivos en los pr\u00f3ximos meses\u201d.<\/p>\n<p>Por su parte, <strong>Korell destac\u00f3 la reducci\u00f3n de tasas para inscribir camiones y maquinaria agr\u00edcola<\/strong>, teniendo actualmente una al\u00edcuota del 0,5% ; y los <strong>beneficios de hasta el 35% de descuento al que pueden acceder los productores por pago adelantado, Buen Pagador y adhesi\u00f3n a la boleta digital.<\/strong><\/p>\n<p>Al respecto, Korell detall\u00f3: \u00abdialogamos sobre temas tributarios, la reparaci\u00f3n y mejora de los caminos rurales financiados a trav\u00e9s de los recursos del Impuesto Inmobiliario Rural, y los alcances de la Reforma Tributaria 2025, orientada a reconocer el esfuerzo de quienes invierten, producen y generan empleo en nuestra provincia\u00bb, destac\u00f3.<\/p>\n<p>\u00abTambi\u00e9n analizamos los beneficios fiscales que impactan directamente en el sector, como la reducci\u00f3n del Impuesto a los Sellos para la inscripci\u00f3n de maquinaria agr\u00edcola y camiones, y la disminuci\u00f3n de la al\u00edcuota de Ingresos Brutos para las empresas de transporte con flotas radicadas en Entre R\u00edos. Son medidas estrat\u00e9gicas que buscan fortalecer la competitividad, incentivar la inversi\u00f3n y respaldar a un sector clave de nuestra econom\u00eda\u00bb, a\u00f1adi\u00f3 el titular de ATER.<\/p>\n<p>Luego de un intercambio y de la evaluaci\u00f3n de distintas alternativas, <strong>se acord\u00f3 que en la pr\u00f3xima semana se informar\u00e1 a la Mesa de Enlace las conclusiones del estudio econ\u00f3mico de sus propuestas.<\/strong><\/p>\n<h2><strong>Los presentes<\/strong><\/h2>\n<p>Participaron del encuentro, por la Federaci\u00f3n de Asociaciones Rurales de Entre R\u00edos (FARER), el vicepresidente <strong>H\u00e9ctor Reniero<\/strong>, el secretario, <strong>Sergio Dalco<\/strong>l; y el tesorero, <strong>Alejandro Muller.<\/strong> Por Sociedad Rural Argentina (SRA), el director titular <strong>Juan Diego Etchevehere<\/strong> y su suplente <strong>Mariano Berisso<\/strong>; por el Distrito 3\u00ba de la Federaci\u00f3n Agraria Argentina (FAA), el director <strong>Mat\u00edas Martiarena<\/strong>; y el presidente de la Federaci\u00f3n Entrerriana de Cooperativas (Fedeco), <strong>Ronald Garnier<\/strong>; entre otros miembros de la Mesa de Enlace. A su vez, estuvo presente el coordinador de Pol\u00edticas Agropecuarias del Ministerio de Desarrollo Econ\u00f3mico, <strong>Jos\u00e9 Carlos Basald\u00faa.<\/strong><\/p>\n<h6><em><strong>Del archivo:\u00a0<a href=\"https:\/\/informelitoral.com.ar\/piden-que-el-aumento-del-inmobiliario-rural-sea-acorde-a-la-rentabilidad-de-los-productores\/\" target=\"_blank\" rel=\"noopener\">Piden que el aumento del Inmobiliario Rural sea acorde a la rentabilidad de los productores<\/a><\/strong><\/em><\/h6>\n","protected":false},"excerpt":{"rendered":"<p>En esta nueva instancia, se expuso como comienza a tener efecto el aporte que DPV recibe de lo recaudado mediante el Impuesto Inmobiliario Rural (IIR); fondos que se destinan en su totalidad al mantenimiento de caminos rurales.<\/p>\n","protected":false},"author":2,"featured_media":219685,"comment_status":"open","ping_status":"open","sticky":false,"template":"","format":"standard","meta":{"fifu_image_url":"https:\/\/cdnartic.ar\/xh6Nt3iBSQ0lo3pJZb_wSkZh-Gk=\/768x0\/https:\/\/paralelo32cdn.eleco.com.ar\/media\/2025\/04\/avanza_el_dialogo_entre_el_gobierno_provincial_y_la_mesa_de_enlace_por_el_impuesto_inmobiliario_rural_y_mejoras_en_caminos_productivos.JPG","fifu_image_alt":"","footnotes":""},"categories":[10],"tags":[1966,71,81,4609,4832,195],"class_list":{"0":"post-219683","1":"post","2":"type-post","3":"status-publish","4":"format-standard","5":"has-post-thumbnail","7":"category-campo","8":"tag-agro","9":"tag-campo","10":"tag-entre-rios","11":"tag-guillermo-bernaudo","12":"tag-impuesto-inmobiliario-rural","13":"tag-mesa-de-enlace"},"yoast_head":"<title>Mesa de Enlace y Gobierno entrerriano se volvieron a reunir por el Inmobiliario Rural - Informe Litoral<\/title>\n<meta name=\"robots\" content=\"index, follow, max-snippet:-1, max-image-preview:large, max-video-preview:-1\" \/>\n<link rel=\"canonical\" href=\"https:\/\/informelitoral.com.ar\/mesa-de-enlace-y-gobierno-entrerriano-se-volvieron-a-reunir-por-el-inmobiliario-rural\/\" \/>\n<meta property=\"og:locale\" content=\"es_ES\" \/>\n<meta property=\"og:type\" content=\"article\" \/>\n<meta property=\"og:title\" content=\"Mesa de Enlace y Gobierno entrerriano se volvieron a reunir por el Inmobiliario Rural - Informe Litoral\" \/>\n<meta property=\"og:description\" content=\"En esta nueva instancia, se expuso como comienza a tener efecto el aporte que DPV recibe de lo recaudado mediante el Impuesto Inmobiliario Rural (IIR); fondos que se destinan en su totalidad al mantenimiento de caminos rurales.\" \/>\n<meta property=\"og:url\" content=\"https:\/\/informelitoral.com.ar\/mesa-de-enlace-y-gobierno-entrerriano-se-volvieron-a-reunir-por-el-inmobiliario-rural\/\" \/>\n<meta property=\"og:site_name\" content=\"Informe Litoral\" \/>\n<meta property=\"article:publisher\" content=\"https:\/\/www.facebook.com\/informelitoral\/\" \/>\n<meta property=\"article:published_time\" content=\"2025-04-26T20:29:11+00:00\" \/>\n<meta property=\"article:modified_time\" content=\"2025-04-26T20:32:38+00:00\" \/>\n<meta property=\"og:image\" content=\"https:\/\/cdnartic.ar\/xh6Nt3iBSQ0lo3pJZb_wSkZh-Gk=\/768x0\/https:\/\/paralelo32cdn.eleco.com.ar\/media\/2025\/04\/avanza_el_dialogo_entre_el_gobierno_provincial_y_la_mesa_de_enlace_por_el_impuesto_inmobiliario_rural_y_mejoras_en_caminos_productivos.JPG\" \/><meta property=\"og:image\" content=\"https:\/\/cdnartic.ar\/xh6Nt3iBSQ0lo3pJZb_wSkZh-Gk=\/768x0\/https:\/\/paralelo32cdn.eleco.com.ar\/media\/2025\/04\/avanza_el_dialogo_entre_el_gobierno_provincial_y_la_mesa_de_enlace_por_el_impuesto_inmobiliario_rural_y_mejoras_en_caminos_productivos.JPG\" \/>\n\t<meta property=\"og:image:width\" content=\"768\" \/>\n\t<meta property=\"og:image:height\" content=\"512\" \/>\n\t<meta property=\"og:image:type\" content=\"image\/jpeg\" \/>\n<meta name=\"author\" content=\"Gonzalo Schmidt\" \/>\n<meta name=\"twitter:card\" content=\"summary_large_image\" \/>\n<meta name=\"twitter:image\" content=\"https:\/\/cdnartic.ar\/xh6Nt3iBSQ0lo3pJZb_wSkZh-Gk=\/768x0\/https:\/\/paralelo32cdn.eleco.com.ar\/media\/2025\/04\/avanza_el_dialogo_entre_el_gobierno_provincial_y_la_mesa_de_enlace_por_el_impuesto_inmobiliario_rural_y_mejoras_en_caminos_productivos.JPG\" \/>\n<meta name=\"twitter:creator\" content=\"@InformeLitoral\" \/>\n<meta name=\"twitter:site\" content=\"@InformeLitoral\" \/>\n<meta name=\"twitter:label1\" content=\"Escrito por\" \/>\n\t<meta name=\"twitter:data1\" content=\"Gonzalo Schmidt\" \/>\n\t<meta name=\"twitter:label2\" content=\"Tiempo de lectura\" \/>\n\t<meta name=\"twitter:data2\" content=\"2 minutos\" \/>\n<script type=\"application\/ld+json\" class=\"yoast-schema-graph\">{\"@context\":\"https:\\\/\\\/schema.org\",\"@graph\":[{\"@type\":\"Article\",\"@id\":\"https:\\\/\\\/informelitoral.com.ar\\\/mesa-de-enlace-y-gobierno-entrerriano-se-volvieron-a-reunir-por-el-inmobiliario-rural\\\/#article\",\"isPartOf\":{\"@id\":\"https:\\\/\\\/informelitoral.com.ar\\\/mesa-de-enlace-y-gobierno-entrerriano-se-volvieron-a-reunir-por-el-inmobiliario-rural\\\/\"},\"author\":{\"name\":\"Gonzalo Schmidt\",\"@id\":\"https:\\\/\\\/informelitoral.com.ar\\\/#\\\/schema\\\/person\\\/b9d00407c836482871ef1d57bf8e3180\"},\"headline\":\"Mesa de Enlace y Gobierno entrerriano se volvieron a reunir por el Inmobiliario Rural\",\"datePublished\":\"2025-04-26T20:29:11+00:00\",\"dateModified\":\"2025-04-26T20:32:38+00:00\",\"mainEntityOfPage\":{\"@id\":\"https:\\\/\\\/informelitoral.com.ar\\\/mesa-de-enlace-y-gobierno-entrerriano-se-volvieron-a-reunir-por-el-inmobiliario-rural\\\/\"},\"wordCount\":495,\"commentCount\":0,\"publisher\":{\"@id\":\"https:\\\/\\\/informelitoral.com.ar\\\/#organization\"},\"image\":{\"@id\":\"https:\\\/\\\/informelitoral.com.ar\\\/mesa-de-enlace-y-gobierno-entrerriano-se-volvieron-a-reunir-por-el-inmobiliario-rural\\\/#primaryimage\"},\"thumbnailUrl\":\"https:\\\/\\\/cdnartic.ar\\\/xh6Nt3iBSQ0lo3pJZb_wSkZh-Gk=\\\/768x0\\\/https:\\\/\\\/paralelo32cdn.eleco.com.ar\\\/media\\\/2025\\\/04\\\/avanza_el_dialogo_entre_el_gobierno_provincial_y_la_mesa_de_enlace_por_el_impuesto_inmobiliario_rural_y_mejoras_en_caminos_productivos.JPG\",\"keywords\":[\"Agro\",\"Campo\",\"Entre R\u00edos\",\"Guillermo Bernaudo\",\"Impuesto Inmobiliario Rural\",\"Mesa de Enlace\"],\"articleSection\":[\"Campo\"],\"inLanguage\":\"es\",\"potentialAction\":[{\"@type\":\"CommentAction\",\"name\":\"Comment\",\"target\":[\"https:\\\/\\\/informelitoral.com.ar\\\/mesa-de-enlace-y-gobierno-entrerriano-se-volvieron-a-reunir-por-el-inmobiliario-rural\\\/#respond\"]}]},{\"@type\":\"WebPage\",\"@id\":\"https:\\\/\\\/informelitoral.com.ar\\\/mesa-de-enlace-y-gobierno-entrerriano-se-volvieron-a-reunir-por-el-inmobiliario-rural\\\/\",\"url\":\"https:\\\/\\\/informelitoral.com.ar\\\/mesa-de-enlace-y-gobierno-entrerriano-se-volvieron-a-reunir-por-el-inmobiliario-rural\\\/\",\"name\":\"Mesa de Enlace y Gobierno entrerriano se volvieron a reunir por el Inmobiliario Rural - Informe Litoral\",\"isPartOf\":{\"@id\":\"https:\\\/\\\/informelitoral.com.ar\\\/#website\"},\"primaryImageOfPage\":{\"@id\":\"https:\\\/\\\/informelitoral.com.ar\\\/mesa-de-enlace-y-gobierno-entrerriano-se-volvieron-a-reunir-por-el-inmobiliario-rural\\\/#primaryimage\"},\"image\":{\"@id\":\"https:\\\/\\\/informelitoral.com.ar\\\/mesa-de-enlace-y-gobierno-entrerriano-se-volvieron-a-reunir-por-el-inmobiliario-rural\\\/#primaryimage\"},\"thumbnailUrl\":\"https:\\\/\\\/cdnartic.ar\\\/xh6Nt3iBSQ0lo3pJZb_wSkZh-Gk=\\\/768x0\\\/https:\\\/\\\/paralelo32cdn.eleco.com.ar\\\/media\\\/2025\\\/04\\\/avanza_el_dialogo_entre_el_gobierno_provincial_y_la_mesa_de_enlace_por_el_impuesto_inmobiliario_rural_y_mejoras_en_caminos_productivos.JPG\",\"datePublished\":\"2025-04-26T20:29:11+00:00\",\"dateModified\":\"2025-04-26T20:32:38+00:00\",\"breadcrumb\":{\"@id\":\"https:\\\/\\\/informelitoral.com.ar\\\/mesa-de-enlace-y-gobierno-entrerriano-se-volvieron-a-reunir-por-el-inmobiliario-rural\\\/#breadcrumb\"},\"inLanguage\":\"es\",\"potentialAction\":[{\"@type\":\"ReadAction\",\"target\":[\"https:\\\/\\\/informelitoral.com.ar\\\/mesa-de-enlace-y-gobierno-entrerriano-se-volvieron-a-reunir-por-el-inmobiliario-rural\\\/\"]}]},{\"@type\":\"ImageObject\",\"inLanguage\":\"es\",\"@id\":\"https:\\\/\\\/informelitoral.com.ar\\\/mesa-de-enlace-y-gobierno-entrerriano-se-volvieron-a-reunir-por-el-inmobiliario-rural\\\/#primaryimage\",\"url\":\"https:\\\/\\\/cdnartic.ar\\\/xh6Nt3iBSQ0lo3pJZb_wSkZh-Gk=\\\/768x0\\\/https:\\\/\\\/paralelo32cdn.eleco.com.ar\\\/media\\\/2025\\\/04\\\/avanza_el_dialogo_entre_el_gobierno_provincial_y_la_mesa_de_enlace_por_el_impuesto_inmobiliario_rural_y_mejoras_en_caminos_productivos.JPG\",\"contentUrl\":\"https:\\\/\\\/cdnartic.ar\\\/xh6Nt3iBSQ0lo3pJZb_wSkZh-Gk=\\\/768x0\\\/https:\\\/\\\/paralelo32cdn.eleco.com.ar\\\/media\\\/2025\\\/04\\\/avanza_el_dialogo_entre_el_gobierno_provincial_y_la_mesa_de_enlace_por_el_impuesto_inmobiliario_rural_y_mejoras_en_caminos_productivos.JPG\",\"width\":\"768\",\"height\":\"512\"},{\"@type\":\"BreadcrumbList\",\"@id\":\"https:\\\/\\\/informelitoral.com.ar\\\/mesa-de-enlace-y-gobierno-entrerriano-se-volvieron-a-reunir-por-el-inmobiliario-rural\\\/#breadcrumb\",\"itemListElement\":[{\"@type\":\"ListItem\",\"position\":1,\"name\":\"Portada\",\"item\":\"https:\\\/\\\/informelitoral.com.ar\\\/\"},{\"@type\":\"ListItem\",\"position\":2,\"name\":\"Mesa de Enlace y Gobierno entrerriano se volvieron a reunir por el Inmobiliario Rural\"}]},{\"@type\":\"WebSite\",\"@id\":\"https:\\\/\\\/informelitoral.com.ar\\\/#website\",\"url\":\"https:\\\/\\\/informelitoral.com.ar\\\/\",\"name\":\"Informe Litoral\",\"description\":\"&quot;Nos informamos&quot; \",\"publisher\":{\"@id\":\"https:\\\/\\\/informelitoral.com.ar\\\/#organization\"},\"potentialAction\":[{\"@type\":\"SearchAction\",\"target\":{\"@type\":\"EntryPoint\",\"urlTemplate\":\"https:\\\/\\\/informelitoral.com.ar\\\/?s={search_term_string}\"},\"query-input\":{\"@type\":\"PropertyValueSpecification\",\"valueRequired\":true,\"valueName\":\"search_term_string\"}}],\"inLanguage\":\"es\"},{\"@type\":\"Organization\",\"@id\":\"https:\\\/\\\/informelitoral.com.ar\\\/#organization\",\"name\":\"Informe Litoral\",\"url\":\"https:\\\/\\\/informelitoral.com.ar\\\/\",\"logo\":{\"@type\":\"ImageObject\",\"inLanguage\":\"es\",\"@id\":\"https:\\\/\\\/informelitoral.com.ar\\\/#\\\/schema\\\/logo\\\/image\\\/\",\"url\":\"https:\\\/\\\/informelitoral.com.ar\\\/%77%70%2d%63%6f%6e%74%65%6e%74\\\/uploads\\\/2021\\\/01\\\/circulo.png\",\"contentUrl\":\"https:\\\/\\\/informelitoral.com.ar\\\/%77%70%2d%63%6f%6e%74%65%6e%74\\\/uploads\\\/2021\\\/01\\\/circulo.png\",\"width\":723,\"height\":731,\"caption\":\"Informe Litoral\"},\"image\":{\"@id\":\"https:\\\/\\\/informelitoral.com.ar\\\/#\\\/schema\\\/logo\\\/image\\\/\"},\"sameAs\":[\"https:\\\/\\\/www.facebook.com\\\/informelitoral\\\/\",\"https:\\\/\\\/x.com\\\/InformeLitoral\",\"https:\\\/\\\/www.instagram.com\\\/informelitoral\\\/\",\"https:\\\/\\\/www.youtube.com\\\/channel\\\/UCua4Qvz8Icb6MYqhoq9xLXw\"]},{\"@type\":\"Person\",\"@id\":\"https:\\\/\\\/informelitoral.com.ar\\\/#\\\/schema\\\/person\\\/b9d00407c836482871ef1d57bf8e3180\",\"name\":\"Gonzalo Schmidt\",\"image\":{\"@type\":\"ImageObject\",\"inLanguage\":\"es\",\"@id\":\"https:\\\/\\\/secure.gravatar.com\\\/avatar\\\/31a1a7b66ff2de83bd0e9fd79d026630d2d99e55e8bfe501287647b4fd9743de?s=96&d=mm&r=g\",\"url\":\"https:\\\/\\\/secure.gravatar.com\\\/avatar\\\/31a1a7b66ff2de83bd0e9fd79d026630d2d99e55e8bfe501287647b4fd9743de?s=96&d=mm&r=g\",\"contentUrl\":\"https:\\\/\\\/secure.gravatar.com\\\/avatar\\\/31a1a7b66ff2de83bd0e9fd79d026630d2d99e55e8bfe501287647b4fd9743de?s=96&d=mm&r=g\",\"caption\":\"Gonzalo Schmidt\"},\"description\":\"Sitio web de noticias de la provincia de Entre R\u00edos, Argentina. Informaci\u00f3n y entretenimiento. Informe Litoral, nos informamos.\",\"sameAs\":[\"http:\\\/\\\/www.isletasnoticias.com.ar\"],\"url\":\"https:\\\/\\\/informelitoral.com.ar\\\/author\\\/gonzalo\\\/\"}]}<\/script>","yoast_head_json":{"title":"Mesa de Enlace y Gobierno entrerriano se volvieron a reunir por el Inmobiliario Rural - Informe Litoral","robots":{"index":"index","follow":"follow","max-snippet":"max-snippet:-1","max-image-preview":"max-image-preview:large","max-video-preview":"max-video-preview:-1"},"canonical":"https:\/\/informelitoral.com.ar\/mesa-de-enlace-y-gobierno-entrerriano-se-volvieron-a-reunir-por-el-inmobiliario-rural\/","og_locale":"es_ES","og_type":"article","og_title":"Mesa de Enlace y Gobierno entrerriano se volvieron a reunir por el Inmobiliario Rural - Informe Litoral","og_description":"En esta nueva instancia, se expuso como comienza a tener efecto el aporte que DPV recibe de lo recaudado mediante el Impuesto Inmobiliario Rural (IIR); fondos que se destinan en su totalidad al mantenimiento de caminos rurales.","og_url":"https:\/\/informelitoral.com.ar\/mesa-de-enlace-y-gobierno-entrerriano-se-volvieron-a-reunir-por-el-inmobiliario-rural\/","og_site_name":"Informe Litoral","article_publisher":"https:\/\/www.facebook.com\/informelitoral\/","article_published_time":"2025-04-26T20:29:11+00:00","article_modified_time":"2025-04-26T20:32:38+00:00","og_image":[{"url":"https:\/\/cdnartic.ar\/xh6Nt3iBSQ0lo3pJZb_wSkZh-Gk=\/768x0\/https:\/\/paralelo32cdn.eleco.com.ar\/media\/2025\/04\/avanza_el_dialogo_entre_el_gobierno_provincial_y_la_mesa_de_enlace_por_el_impuesto_inmobiliario_rural_y_mejoras_en_caminos_productivos.JPG","type":"","width":"","height":""},{"width":768,"height":512,"url":"https:\/\/cdnartic.ar\/xh6Nt3iBSQ0lo3pJZb_wSkZh-Gk=\/768x0\/https:\/\/paralelo32cdn.eleco.com.ar\/media\/2025\/04\/avanza_el_dialogo_entre_el_gobierno_provincial_y_la_mesa_de_enlace_por_el_impuesto_inmobiliario_rural_y_mejoras_en_caminos_productivos.JPG","type":"image\/jpeg"}],"author":"Gonzalo Schmidt","twitter_card":"summary_large_image","twitter_image":"https:\/\/cdnartic.ar\/xh6Nt3iBSQ0lo3pJZb_wSkZh-Gk=\/768x0\/https:\/\/paralelo32cdn.eleco.com.ar\/media\/2025\/04\/avanza_el_dialogo_entre_el_gobierno_provincial_y_la_mesa_de_enlace_por_el_impuesto_inmobiliario_rural_y_mejoras_en_caminos_productivos.JPG","twitter_creator":"@InformeLitoral","twitter_site":"@InformeLitoral","twitter_misc":{"Escrito por":"Gonzalo Schmidt","Tiempo de lectura":"2 minutos"},"schema":{"@context":"https:\/\/schema.org","@graph":[{"@type":"Article","@id":"https:\/\/informelitoral.com.ar\/mesa-de-enlace-y-gobierno-entrerriano-se-volvieron-a-reunir-por-el-inmobiliario-rural\/#article","isPartOf":{"@id":"https:\/\/informelitoral.com.ar\/mesa-de-enlace-y-gobierno-entrerriano-se-volvieron-a-reunir-por-el-inmobiliario-rural\/"},"author":{"name":"Gonzalo Schmidt","@id":"https:\/\/informelitoral.com.ar\/#\/schema\/person\/b9d00407c836482871ef1d57bf8e3180"},"headline":"Mesa de Enlace y Gobierno entrerriano se volvieron a reunir por el Inmobiliario Rural","datePublished":"2025-04-26T20:29:11+00:00","dateModified":"2025-04-26T20:32:38+00:00","mainEntityOfPage":{"@id":"https:\/\/informelitoral.com.ar\/mesa-de-enlace-y-gobierno-entrerriano-se-volvieron-a-reunir-por-el-inmobiliario-rural\/"},"wordCount":495,"commentCount":0,"publisher":{"@id":"https:\/\/informelitoral.com.ar\/#organization"},"image":{"@id":"https:\/\/informelitoral.com.ar\/mesa-de-enlace-y-gobierno-entrerriano-se-volvieron-a-reunir-por-el-inmobiliario-rural\/#primaryimage"},"thumbnailUrl":"https:\/\/cdnartic.ar\/xh6Nt3iBSQ0lo3pJZb_wSkZh-Gk=\/768x0\/https:\/\/paralelo32cdn.eleco.com.ar\/media\/2025\/04\/avanza_el_dialogo_entre_el_gobierno_provincial_y_la_mesa_de_enlace_por_el_impuesto_inmobiliario_rural_y_mejoras_en_caminos_productivos.JPG","keywords":["Agro","Campo","Entre R\u00edos","Guillermo Bernaudo","Impuesto Inmobiliario Rural","Mesa de Enlace"],"articleSection":["Campo"],"inLanguage":"es","potentialAction":[{"@type":"CommentAction","name":"Comment","target":["https:\/\/informelitoral.com.ar\/mesa-de-enlace-y-gobierno-entrerriano-se-volvieron-a-reunir-por-el-inmobiliario-rural\/#respond"]}]},{"@type":"WebPage","@id":"https:\/\/informelitoral.com.ar\/mesa-de-enlace-y-gobierno-entrerriano-se-volvieron-a-reunir-por-el-inmobiliario-rural\/","url":"https:\/\/informelitoral.com.ar\/mesa-de-enlace-y-gobierno-entrerriano-se-volvieron-a-reunir-por-el-inmobiliario-rural\/","name":"Mesa de Enlace y Gobierno entrerriano se volvieron a reunir por el Inmobiliario Rural - Informe Litoral","isPartOf":{"@id":"https:\/\/informelitoral.com.ar\/#website"},"primaryImageOfPage":{"@id":"https:\/\/informelitoral.com.ar\/mesa-de-enlace-y-gobierno-entrerriano-se-volvieron-a-reunir-por-el-inmobiliario-rural\/#primaryimage"},"image":{"@id":"https:\/\/informelitoral.com.ar\/mesa-de-enlace-y-gobierno-entrerriano-se-volvieron-a-reunir-por-el-inmobiliario-rural\/#primaryimage"},"thumbnailUrl":"https:\/\/cdnartic.ar\/xh6Nt3iBSQ0lo3pJZb_wSkZh-Gk=\/768x0\/https:\/\/paralelo32cdn.eleco.com.ar\/media\/2025\/04\/avanza_el_dialogo_entre_el_gobierno_provincial_y_la_mesa_de_enlace_por_el_impuesto_inmobiliario_rural_y_mejoras_en_caminos_productivos.JPG","datePublished":"2025-04-26T20:29:11+00:00","dateModified":"2025-04-26T20:32:38+00:00","breadcrumb":{"@id":"https:\/\/informelitoral.com.ar\/mesa-de-enlace-y-gobierno-entrerriano-se-volvieron-a-reunir-por-el-inmobiliario-rural\/#breadcrumb"},"inLanguage":"es","potentialAction":[{"@type":"ReadAction","target":["https:\/\/informelitoral.com.ar\/mesa-de-enlace-y-gobierno-entrerriano-se-volvieron-a-reunir-por-el-inmobiliario-rural\/"]}]},{"@type":"ImageObject","inLanguage":"es","@id":"https:\/\/informelitoral.com.ar\/mesa-de-enlace-y-gobierno-entrerriano-se-volvieron-a-reunir-por-el-inmobiliario-rural\/#primaryimage","url":"https:\/\/cdnartic.ar\/xh6Nt3iBSQ0lo3pJZb_wSkZh-Gk=\/768x0\/https:\/\/paralelo32cdn.eleco.com.ar\/media\/2025\/04\/avanza_el_dialogo_entre_el_gobierno_provincial_y_la_mesa_de_enlace_por_el_impuesto_inmobiliario_rural_y_mejoras_en_caminos_productivos.JPG","contentUrl":"https:\/\/cdnartic.ar\/xh6Nt3iBSQ0lo3pJZb_wSkZh-Gk=\/768x0\/https:\/\/paralelo32cdn.eleco.com.ar\/media\/2025\/04\/avanza_el_dialogo_entre_el_gobierno_provincial_y_la_mesa_de_enlace_por_el_impuesto_inmobiliario_rural_y_mejoras_en_caminos_productivos.JPG","width":"768","height":"512"},{"@type":"BreadcrumbList","@id":"https:\/\/informelitoral.com.ar\/mesa-de-enlace-y-gobierno-entrerriano-se-volvieron-a-reunir-por-el-inmobiliario-rural\/#breadcrumb","itemListElement":[{"@type":"ListItem","position":1,"name":"Portada","item":"https:\/\/informelitoral.com.ar\/"},{"@type":"ListItem","position":2,"name":"Mesa de Enlace y Gobierno entrerriano se volvieron a reunir por el Inmobiliario Rural"}]},{"@type":"WebSite","@id":"https:\/\/informelitoral.com.ar\/#website","url":"https:\/\/informelitoral.com.ar\/","name":"Informe Litoral","description":"&quot;Nos informamos&quot; ","publisher":{"@id":"https:\/\/informelitoral.com.ar\/#organization"},"potentialAction":[{"@type":"SearchAction","target":{"@type":"EntryPoint","urlTemplate":"https:\/\/informelitoral.com.ar\/?s={search_term_string}"},"query-input":{"@type":"PropertyValueSpecification","valueRequired":true,"valueName":"search_term_string"}}],"inLanguage":"es"},{"@type":"Organization","@id":"https:\/\/informelitoral.com.ar\/#organization","name":"Informe Litoral","url":"https:\/\/informelitoral.com.ar\/","logo":{"@type":"ImageObject","inLanguage":"es","@id":"https:\/\/informelitoral.com.ar\/#\/schema\/logo\/image\/","url":"https:\/\/informelitoral.com.ar\/%77%70%2d%63%6f%6e%74%65%6e%74\/uploads\/2021\/01\/circulo.png","contentUrl":"https:\/\/informelitoral.com.ar\/%77%70%2d%63%6f%6e%74%65%6e%74\/uploads\/2021\/01\/circulo.png","width":723,"height":731,"caption":"Informe Litoral"},"image":{"@id":"https:\/\/informelitoral.com.ar\/#\/schema\/logo\/image\/"},"sameAs":["https:\/\/www.facebook.com\/informelitoral\/","https:\/\/x.com\/InformeLitoral","https:\/\/www.instagram.com\/informelitoral\/","https:\/\/www.youtube.com\/channel\/UCua4Qvz8Icb6MYqhoq9xLXw"]},{"@type":"Person","@id":"https:\/\/informelitoral.com.ar\/#\/schema\/person\/b9d00407c836482871ef1d57bf8e3180","name":"Gonzalo Schmidt","image":{"@type":"ImageObject","inLanguage":"es","@id":"https:\/\/secure.gravatar.com\/avatar\/31a1a7b66ff2de83bd0e9fd79d026630d2d99e55e8bfe501287647b4fd9743de?s=96&d=mm&r=g","url":"https:\/\/secure.gravatar.com\/avatar\/31a1a7b66ff2de83bd0e9fd79d026630d2d99e55e8bfe501287647b4fd9743de?s=96&d=mm&r=g","contentUrl":"https:\/\/secure.gravatar.com\/avatar\/31a1a7b66ff2de83bd0e9fd79d026630d2d99e55e8bfe501287647b4fd9743de?s=96&d=mm&r=g","caption":"Gonzalo Schmidt"},"description":"Sitio web de noticias de la provincia de Entre R\u00edos, Argentina. Informaci\u00f3n y entretenimiento. Informe Litoral, nos informamos.","sameAs":["http:\/\/www.isletasnoticias.com.ar"],"url":"https:\/\/informelitoral.com.ar\/author\/gonzalo\/"}]}},"fifu_image_url":"https:\/\/cdnartic.ar\/xh6Nt3iBSQ0lo3pJZb_wSkZh-Gk=\/768x0\/https:\/\/paralelo32cdn.eleco.com.ar\/media\/2025\/04\/avanza_el_dialogo_entre_el_gobierno_provincial_y_la_mesa_de_enlace_por_el_impuesto_inmobiliario_rural_y_mejoras_en_caminos_productivos.JPG","_links":{"self":[{"href":"https:\/\/informelitoral.com.ar\/%77%70%2d%6a%73%6f%6e\/wp\/v2\/posts\/219683","targetHints":{"allow":["GET"]}}],"collection":[{"href":"https:\/\/informelitoral.com.ar\/%77%70%2d%6a%73%6f%6e\/wp\/v2\/posts"}],"about":[{"href":"https:\/\/informelitoral.com.ar\/%77%70%2d%6a%73%6f%6e\/wp\/v2\/types\/post"}],"author":[{"embeddable":true,"href":"https:\/\/informelitoral.com.ar\/%77%70%2d%6a%73%6f%6e\/wp\/v2\/users\/2"}],"replies":[{"embeddable":true,"href":"https:\/\/informelitoral.com.ar\/%77%70%2d%6a%73%6f%6e\/wp\/v2\/comments?post=219683"}],"version-history":[{"count":0,"href":"https:\/\/informelitoral.com.ar\/%77%70%2d%6a%73%6f%6e\/wp\/v2\/posts\/219683\/revisions"}],"wp:featuredmedia":[{"embeddable":true,"href":"https:\/\/informelitoral.com.ar\/%77%70%2d%6a%73%6f%6e\/wp\/v2\/media\/219685"}],"wp:attachment":[{"href":"https:\/\/informelitoral.com.ar\/%77%70%2d%6a%73%6f%6e\/wp\/v2\/media?parent=219683"}],"wp:term":[{"taxonomy":"category","embeddable":true,"href":"https:\/\/informelitoral.com.ar\/%77%70%2d%6a%73%6f%6e\/wp\/v2\/categories?post=219683"},{"taxonomy":"post_tag","embeddable":true,"href":"https:\/\/informelitoral.com.ar\/%77%70%2d%6a%73%6f%6e\/wp\/v2\/tags?post=219683"}],"curies":[{"name":"wp","href":"https:\/\/api.w.org\/{rel}","templated":true}]}}