{"id":219665,"date":"2025-04-25T12:25:47","date_gmt":"2025-04-25T15:25:47","guid":{"rendered":"https:\/\/informelitoral.com.ar\/?p=219665"},"modified":"2025-04-25T12:28:17","modified_gmt":"2025-04-25T15:28:17","slug":"cta-entre-rios-lanzara-un-nuevo-centro-de-estudios-sociales-y-politicos","status":"publish","type":"post","link":"https:\/\/informelitoral.com.ar\/cta-entre-rios-lanzara-un-nuevo-centro-de-estudios-sociales-y-politicos\/","title":{"rendered":"La CTA Entre R\u00edos lanza un nuevo centro de estudios sociales y pol\u00edticos"},"content":{"rendered":"<p>Los integrantes del proyecto, m\u00e1s de 20 referentes de distintas localidades de la provincia provenientes de campos c\u00f3mo la salud, la educaci\u00f3n, el ambiente, la psicolog\u00eda, la comunicaci\u00f3n, las ciencias sociales, g\u00e9nero, el an\u00e1lisis pol\u00edtico, la econom\u00eda y la energ\u00eda, se reunieron en la sede de CTA provincial para dar inicio a las actividades y planificar el lanzamiento, previsto para el pr\u00f3ximo mes.<\/p>\n<p>Sergio Elizar, titular de la CTA, organizaci\u00f3n que impulsa el espacio expres\u00f3: \u201cEstamos muy contentos de dar este paso que tiene que ver con contar con herramientas propias que nos permitan leer con mucha rigurosidad el presente, para hacer como trabajadores un aporte a la lucha contra la desinformaci\u00f3n y la proliferaci\u00f3n de fake news con las que convivimos cotidianamente\u201d.<\/p>\n<p>\u201cPara eso convocamos a personas con las que compartimos una visi\u00f3n com\u00fan, con quienes produciremos materiales que nos permitan participar de la agenda p\u00fablica desde nuestra perspectiva, aportando una mirada federal y nuestras propuestas vinculadas a las diversas problem\u00e1ticas sociales que nos atraviesan\u201d.<\/p>\n<p>Por su parte, el coordinador de CISPER, Facundo Bernardi sostuvo: \u201cConcebimos este espacio para analizar y contribuir a transformar problem\u00e1ticas de nuestras localidades y de la provincia, uniendo esfuerzos y conocimientos; el hecho de que cada uno de los integrantes dedique su tiempo y su expertise a un proyecto colectivo habla de su compromiso y nos enorgullece\u201d.<\/p>\n<p>Otra de las integrantes del Centro, la secretaria adjunta de AGDU Anal\u00eda Matas, valor\u00f3: \u201cFue un primer encuentro muy grato con compa\u00f1eros de CTA y de otros espacios, en donde dimos un primer paso para contar con una herramienta muy importante para obtener y producir datos y generar proyectos que aporten al mejoramiento de nuestra provincia en materia econ\u00f3mica, sanitaria, energ\u00e9tica y ambiental entre otras\u201d.<\/p>\n<p>De la reuni\u00f3n tambi\u00e9n participaron Guillermo Zanuttini (Salud), Sof\u00eda Uranga (Derecho), Jos\u00e9 Manuel Balcala (Educaci\u00f3n), Emilia Elizar (Comunicaci\u00f3n), Romina Ferreyra (Salud), Leila Ca\u00f1ete (Psicolog\u00eda), Sergio Ben\u00edtez (Energ\u00eda), Juliana Graizzaro (Comunicaci\u00f3n) y Gervasio Elizar Masine (Ambiente).<\/p>\n<p>En los pr\u00f3ximos encuentros participar\u00e1n otros integrantes provenientes del interior de la provincia.<\/p>\n","protected":false},"excerpt":{"rendered":"<p>Profesionales y referentes de distintos \u00e1mbitos en el marco de la CTA Entre R\u00edos lanzar\u00e1n el Centro de Investigaci\u00f3n Social y Pol\u00edtica de Entre R\u00edos (Cisper) para generar un polo de investigaci\u00f3n, an\u00e1lisis, discusi\u00f3n y elaboraci\u00f3n de propuestas en materia social y pol\u00edtica, con el foco en las cuestiones provinciales y locales.<\/p>\n","protected":false},"author":8,"featured_media":219666,"comment_status":"open","ping_status":"open","sticky":false,"template":"","format":"standard","meta":{"fifu_image_url":"https:\/\/apfdigital-s3.cdn.net.ar\/s3i233\/2025\/04\/apfdigital\/images\/01\/85\/49\/1854902_250d6b7e2bb78e137147b378e5b0ac71292f0300bbddb5ad9efc10f31c452e57\/md.webp","fifu_image_alt":"","footnotes":""},"categories":[6],"tags":[5706,575,81],"class_list":{"0":"post-219665","1":"post","2":"type-post","3":"status-publish","4":"format-standard","5":"has-post-thumbnail","7":"category-entre-rios","8":"tag-centro-de-estudios","9":"tag-cta","10":"tag-entre-rios"},"yoast_head":"<title>La CTA Entre R\u00edos lanza un nuevo centro de estudios sociales y pol\u00edticos - Informe Litoral<\/title>\n<meta name=\"robots\" content=\"index, follow, max-snippet:-1, max-image-preview:large, max-video-preview:-1\" \/>\n<link rel=\"canonical\" href=\"https:\/\/informelitoral.com.ar\/cta-entre-rios-lanzara-un-nuevo-centro-de-estudios-sociales-y-politicos\/\" \/>\n<meta property=\"og:locale\" content=\"es_ES\" \/>\n<meta property=\"og:type\" content=\"article\" \/>\n<meta property=\"og:title\" content=\"La CTA Entre R\u00edos lanza un nuevo centro de estudios sociales y pol\u00edticos - Informe Litoral\" \/>\n<meta property=\"og:description\" content=\"Profesionales y referentes de distintos \u00e1mbitos en el marco de la CTA Entre R\u00edos lanzar\u00e1n el Centro de Investigaci\u00f3n Social y Pol\u00edtica de Entre R\u00edos (Cisper) para generar un polo de investigaci\u00f3n, an\u00e1lisis, discusi\u00f3n y elaboraci\u00f3n de propuestas en materia social y pol\u00edtica, con el foco en las cuestiones provinciales y locales.\" \/>\n<meta property=\"og:url\" content=\"https:\/\/informelitoral.com.ar\/cta-entre-rios-lanzara-un-nuevo-centro-de-estudios-sociales-y-politicos\/\" \/>\n<meta property=\"og:site_name\" content=\"Informe Litoral\" \/>\n<meta property=\"article:publisher\" content=\"https:\/\/www.facebook.com\/informelitoral\/\" \/>\n<meta property=\"article:published_time\" content=\"2025-04-25T15:25:47+00:00\" \/>\n<meta property=\"article:modified_time\" content=\"2025-04-25T15:28:17+00:00\" \/>\n<meta property=\"og:image\" content=\"https:\/\/apfdigital-s3.cdn.net.ar\/s3i233\/2025\/04\/apfdigital\/images\/01\/85\/49\/1854902_250d6b7e2bb78e137147b378e5b0ac71292f0300bbddb5ad9efc10f31c452e57\/md.webp\" \/><meta property=\"og:image\" content=\"https:\/\/apfdigital-s3.cdn.net.ar\/s3i233\/2025\/04\/apfdigital\/images\/01\/85\/49\/1854902_250d6b7e2bb78e137147b378e5b0ac71292f0300bbddb5ad9efc10f31c452e57\/md.webp\" \/>\n\t<meta property=\"og:image:width\" content=\"992\" \/>\n\t<meta property=\"og:image:height\" content=\"662\" \/>\n\t<meta property=\"og:image:type\" content=\"image\/jpeg\" \/>\n<meta name=\"author\" content=\"Sebastian\" \/>\n<meta name=\"twitter:card\" content=\"summary_large_image\" \/>\n<meta name=\"twitter:image\" content=\"https:\/\/apfdigital-s3.cdn.net.ar\/s3i233\/2025\/04\/apfdigital\/images\/01\/85\/49\/1854902_250d6b7e2bb78e137147b378e5b0ac71292f0300bbddb5ad9efc10f31c452e57\/md.webp\" \/>\n<meta name=\"twitter:creator\" content=\"@InformeLitoral\" \/>\n<meta name=\"twitter:site\" content=\"@InformeLitoral\" \/>\n<meta name=\"twitter:label1\" content=\"Escrito por\" \/>\n\t<meta name=\"twitter:data1\" content=\"Sebastian\" \/>\n\t<meta name=\"twitter:label2\" content=\"Tiempo de lectura\" \/>\n\t<meta name=\"twitter:data2\" content=\"2 minutos\" \/>\n<script type=\"application\/ld+json\" class=\"yoast-schema-graph\">{\"@context\":\"https:\\\/\\\/schema.org\",\"@graph\":[{\"@type\":\"Article\",\"@id\":\"https:\\\/\\\/informelitoral.com.ar\\\/cta-entre-rios-lanzara-un-nuevo-centro-de-estudios-sociales-y-politicos\\\/#article\",\"isPartOf\":{\"@id\":\"https:\\\/\\\/informelitoral.com.ar\\\/cta-entre-rios-lanzara-un-nuevo-centro-de-estudios-sociales-y-politicos\\\/\"},\"author\":{\"name\":\"Sebastian\",\"@id\":\"https:\\\/\\\/informelitoral.com.ar\\\/#\\\/schema\\\/person\\\/f05f9f461677119578717524b127d6d5\"},\"headline\":\"La CTA Entre R\u00edos lanza un nuevo centro de estudios sociales y pol\u00edticos\",\"datePublished\":\"2025-04-25T15:25:47+00:00\",\"dateModified\":\"2025-04-25T15:28:17+00:00\",\"mainEntityOfPage\":{\"@id\":\"https:\\\/\\\/informelitoral.com.ar\\\/cta-entre-rios-lanzara-un-nuevo-centro-de-estudios-sociales-y-politicos\\\/\"},\"wordCount\":385,\"commentCount\":0,\"publisher\":{\"@id\":\"https:\\\/\\\/informelitoral.com.ar\\\/#organization\"},\"image\":{\"@id\":\"https:\\\/\\\/informelitoral.com.ar\\\/cta-entre-rios-lanzara-un-nuevo-centro-de-estudios-sociales-y-politicos\\\/#primaryimage\"},\"thumbnailUrl\":\"https:\\\/\\\/apfdigital-s3.cdn.net.ar\\\/s3i233\\\/2025\\\/04\\\/apfdigital\\\/images\\\/01\\\/85\\\/49\\\/1854902_250d6b7e2bb78e137147b378e5b0ac71292f0300bbddb5ad9efc10f31c452e57\\\/md.webp\",\"keywords\":[\"Centro de Estudios\",\"CTA\",\"Entre R\u00edos\"],\"articleSection\":[\"Entre R\u00edos\"],\"inLanguage\":\"es\",\"potentialAction\":[{\"@type\":\"CommentAction\",\"name\":\"Comment\",\"target\":[\"https:\\\/\\\/informelitoral.com.ar\\\/cta-entre-rios-lanzara-un-nuevo-centro-de-estudios-sociales-y-politicos\\\/#respond\"]}]},{\"@type\":\"WebPage\",\"@id\":\"https:\\\/\\\/informelitoral.com.ar\\\/cta-entre-rios-lanzara-un-nuevo-centro-de-estudios-sociales-y-politicos\\\/\",\"url\":\"https:\\\/\\\/informelitoral.com.ar\\\/cta-entre-rios-lanzara-un-nuevo-centro-de-estudios-sociales-y-politicos\\\/\",\"name\":\"La CTA Entre R\u00edos lanza un nuevo centro de estudios sociales y pol\u00edticos - Informe Litoral\",\"isPartOf\":{\"@id\":\"https:\\\/\\\/informelitoral.com.ar\\\/#website\"},\"primaryImageOfPage\":{\"@id\":\"https:\\\/\\\/informelitoral.com.ar\\\/cta-entre-rios-lanzara-un-nuevo-centro-de-estudios-sociales-y-politicos\\\/#primaryimage\"},\"image\":{\"@id\":\"https:\\\/\\\/informelitoral.com.ar\\\/cta-entre-rios-lanzara-un-nuevo-centro-de-estudios-sociales-y-politicos\\\/#primaryimage\"},\"thumbnailUrl\":\"https:\\\/\\\/apfdigital-s3.cdn.net.ar\\\/s3i233\\\/2025\\\/04\\\/apfdigital\\\/images\\\/01\\\/85\\\/49\\\/1854902_250d6b7e2bb78e137147b378e5b0ac71292f0300bbddb5ad9efc10f31c452e57\\\/md.webp\",\"datePublished\":\"2025-04-25T15:25:47+00:00\",\"dateModified\":\"2025-04-25T15:28:17+00:00\",\"breadcrumb\":{\"@id\":\"https:\\\/\\\/informelitoral.com.ar\\\/cta-entre-rios-lanzara-un-nuevo-centro-de-estudios-sociales-y-politicos\\\/#breadcrumb\"},\"inLanguage\":\"es\",\"potentialAction\":[{\"@type\":\"ReadAction\",\"target\":[\"https:\\\/\\\/informelitoral.com.ar\\\/cta-entre-rios-lanzara-un-nuevo-centro-de-estudios-sociales-y-politicos\\\/\"]}]},{\"@type\":\"ImageObject\",\"inLanguage\":\"es\",\"@id\":\"https:\\\/\\\/informelitoral.com.ar\\\/cta-entre-rios-lanzara-un-nuevo-centro-de-estudios-sociales-y-politicos\\\/#primaryimage\",\"url\":\"https:\\\/\\\/apfdigital-s3.cdn.net.ar\\\/s3i233\\\/2025\\\/04\\\/apfdigital\\\/images\\\/01\\\/85\\\/49\\\/1854902_250d6b7e2bb78e137147b378e5b0ac71292f0300bbddb5ad9efc10f31c452e57\\\/md.webp\",\"contentUrl\":\"https:\\\/\\\/apfdigital-s3.cdn.net.ar\\\/s3i233\\\/2025\\\/04\\\/apfdigital\\\/images\\\/01\\\/85\\\/49\\\/1854902_250d6b7e2bb78e137147b378e5b0ac71292f0300bbddb5ad9efc10f31c452e57\\\/md.webp\",\"width\":\"992\",\"height\":\"662\"},{\"@type\":\"BreadcrumbList\",\"@id\":\"https:\\\/\\\/informelitoral.com.ar\\\/cta-entre-rios-lanzara-un-nuevo-centro-de-estudios-sociales-y-politicos\\\/#breadcrumb\",\"itemListElement\":[{\"@type\":\"ListItem\",\"position\":1,\"name\":\"Portada\",\"item\":\"https:\\\/\\\/informelitoral.com.ar\\\/\"},{\"@type\":\"ListItem\",\"position\":2,\"name\":\"La CTA Entre R\u00edos lanza un nuevo centro de estudios sociales y pol\u00edticos\"}]},{\"@type\":\"WebSite\",\"@id\":\"https:\\\/\\\/informelitoral.com.ar\\\/#website\",\"url\":\"https:\\\/\\\/informelitoral.com.ar\\\/\",\"name\":\"Informe Litoral\",\"description\":\"&quot;Nos informamos&quot; \",\"publisher\":{\"@id\":\"https:\\\/\\\/informelitoral.com.ar\\\/#organization\"},\"potentialAction\":[{\"@type\":\"SearchAction\",\"target\":{\"@type\":\"EntryPoint\",\"urlTemplate\":\"https:\\\/\\\/informelitoral.com.ar\\\/?s={search_term_string}\"},\"query-input\":{\"@type\":\"PropertyValueSpecification\",\"valueRequired\":true,\"valueName\":\"search_term_string\"}}],\"inLanguage\":\"es\"},{\"@type\":\"Organization\",\"@id\":\"https:\\\/\\\/informelitoral.com.ar\\\/#organization\",\"name\":\"Informe Litoral\",\"url\":\"https:\\\/\\\/informelitoral.com.ar\\\/\",\"logo\":{\"@type\":\"ImageObject\",\"inLanguage\":\"es\",\"@id\":\"https:\\\/\\\/informelitoral.com.ar\\\/#\\\/schema\\\/logo\\\/image\\\/\",\"url\":\"https:\\\/\\\/informelitoral.com.ar\\\/%77%70%2d%63%6f%6e%74%65%6e%74\\\/uploads\\\/2021\\\/01\\\/circulo.png\",\"contentUrl\":\"https:\\\/\\\/informelitoral.com.ar\\\/%77%70%2d%63%6f%6e%74%65%6e%74\\\/uploads\\\/2021\\\/01\\\/circulo.png\",\"width\":723,\"height\":731,\"caption\":\"Informe Litoral\"},\"image\":{\"@id\":\"https:\\\/\\\/informelitoral.com.ar\\\/#\\\/schema\\\/logo\\\/image\\\/\"},\"sameAs\":[\"https:\\\/\\\/www.facebook.com\\\/informelitoral\\\/\",\"https:\\\/\\\/x.com\\\/InformeLitoral\",\"https:\\\/\\\/www.instagram.com\\\/informelitoral\\\/\",\"https:\\\/\\\/www.youtube.com\\\/channel\\\/UCua4Qvz8Icb6MYqhoq9xLXw\"]},{\"@type\":\"Person\",\"@id\":\"https:\\\/\\\/informelitoral.com.ar\\\/#\\\/schema\\\/person\\\/f05f9f461677119578717524b127d6d5\",\"name\":\"Sebastian\",\"image\":{\"@type\":\"ImageObject\",\"inLanguage\":\"es\",\"@id\":\"https:\\\/\\\/secure.gravatar.com\\\/avatar\\\/b71bf7481d447dfb9583c7f2798e7cc64de6efb9067b74633ed8c31059a3bd82?s=96&d=mm&r=g\",\"url\":\"https:\\\/\\\/secure.gravatar.com\\\/avatar\\\/b71bf7481d447dfb9583c7f2798e7cc64de6efb9067b74633ed8c31059a3bd82?s=96&d=mm&r=g\",\"contentUrl\":\"https:\\\/\\\/secure.gravatar.com\\\/avatar\\\/b71bf7481d447dfb9583c7f2798e7cc64de6efb9067b74633ed8c31059a3bd82?s=96&d=mm&r=g\",\"caption\":\"Sebastian\"},\"url\":\"https:\\\/\\\/informelitoral.com.ar\\\/author\\\/sebastian\\\/\"}]}<\/script>","yoast_head_json":{"title":"La CTA Entre R\u00edos lanza un nuevo centro de estudios sociales y pol\u00edticos - Informe Litoral","robots":{"index":"index","follow":"follow","max-snippet":"max-snippet:-1","max-image-preview":"max-image-preview:large","max-video-preview":"max-video-preview:-1"},"canonical":"https:\/\/informelitoral.com.ar\/cta-entre-rios-lanzara-un-nuevo-centro-de-estudios-sociales-y-politicos\/","og_locale":"es_ES","og_type":"article","og_title":"La CTA Entre R\u00edos lanza un nuevo centro de estudios sociales y pol\u00edticos - Informe Litoral","og_description":"Profesionales y referentes de distintos \u00e1mbitos en el marco de la CTA Entre R\u00edos lanzar\u00e1n el Centro de Investigaci\u00f3n Social y Pol\u00edtica de Entre R\u00edos (Cisper) para generar un polo de investigaci\u00f3n, an\u00e1lisis, discusi\u00f3n y elaboraci\u00f3n de propuestas en materia social y pol\u00edtica, con el foco en las cuestiones provinciales y locales.","og_url":"https:\/\/informelitoral.com.ar\/cta-entre-rios-lanzara-un-nuevo-centro-de-estudios-sociales-y-politicos\/","og_site_name":"Informe Litoral","article_publisher":"https:\/\/www.facebook.com\/informelitoral\/","article_published_time":"2025-04-25T15:25:47+00:00","article_modified_time":"2025-04-25T15:28:17+00:00","og_image":[{"url":"https:\/\/apfdigital-s3.cdn.net.ar\/s3i233\/2025\/04\/apfdigital\/images\/01\/85\/49\/1854902_250d6b7e2bb78e137147b378e5b0ac71292f0300bbddb5ad9efc10f31c452e57\/md.webp","type":"","width":"","height":""},{"width":992,"height":662,"url":"https:\/\/apfdigital-s3.cdn.net.ar\/s3i233\/2025\/04\/apfdigital\/images\/01\/85\/49\/1854902_250d6b7e2bb78e137147b378e5b0ac71292f0300bbddb5ad9efc10f31c452e57\/md.webp","type":"image\/jpeg"}],"author":"Sebastian","twitter_card":"summary_large_image","twitter_image":"https:\/\/apfdigital-s3.cdn.net.ar\/s3i233\/2025\/04\/apfdigital\/images\/01\/85\/49\/1854902_250d6b7e2bb78e137147b378e5b0ac71292f0300bbddb5ad9efc10f31c452e57\/md.webp","twitter_creator":"@InformeLitoral","twitter_site":"@InformeLitoral","twitter_misc":{"Escrito por":"Sebastian","Tiempo de lectura":"2 minutos"},"schema":{"@context":"https:\/\/schema.org","@graph":[{"@type":"Article","@id":"https:\/\/informelitoral.com.ar\/cta-entre-rios-lanzara-un-nuevo-centro-de-estudios-sociales-y-politicos\/#article","isPartOf":{"@id":"https:\/\/informelitoral.com.ar\/cta-entre-rios-lanzara-un-nuevo-centro-de-estudios-sociales-y-politicos\/"},"author":{"name":"Sebastian","@id":"https:\/\/informelitoral.com.ar\/#\/schema\/person\/f05f9f461677119578717524b127d6d5"},"headline":"La CTA Entre R\u00edos lanza un nuevo centro de estudios sociales y pol\u00edticos","datePublished":"2025-04-25T15:25:47+00:00","dateModified":"2025-04-25T15:28:17+00:00","mainEntityOfPage":{"@id":"https:\/\/informelitoral.com.ar\/cta-entre-rios-lanzara-un-nuevo-centro-de-estudios-sociales-y-politicos\/"},"wordCount":385,"commentCount":0,"publisher":{"@id":"https:\/\/informelitoral.com.ar\/#organization"},"image":{"@id":"https:\/\/informelitoral.com.ar\/cta-entre-rios-lanzara-un-nuevo-centro-de-estudios-sociales-y-politicos\/#primaryimage"},"thumbnailUrl":"https:\/\/apfdigital-s3.cdn.net.ar\/s3i233\/2025\/04\/apfdigital\/images\/01\/85\/49\/1854902_250d6b7e2bb78e137147b378e5b0ac71292f0300bbddb5ad9efc10f31c452e57\/md.webp","keywords":["Centro de Estudios","CTA","Entre R\u00edos"],"articleSection":["Entre R\u00edos"],"inLanguage":"es","potentialAction":[{"@type":"CommentAction","name":"Comment","target":["https:\/\/informelitoral.com.ar\/cta-entre-rios-lanzara-un-nuevo-centro-de-estudios-sociales-y-politicos\/#respond"]}]},{"@type":"WebPage","@id":"https:\/\/informelitoral.com.ar\/cta-entre-rios-lanzara-un-nuevo-centro-de-estudios-sociales-y-politicos\/","url":"https:\/\/informelitoral.com.ar\/cta-entre-rios-lanzara-un-nuevo-centro-de-estudios-sociales-y-politicos\/","name":"La CTA Entre R\u00edos lanza un nuevo centro de estudios sociales y pol\u00edticos - Informe Litoral","isPartOf":{"@id":"https:\/\/informelitoral.com.ar\/#website"},"primaryImageOfPage":{"@id":"https:\/\/informelitoral.com.ar\/cta-entre-rios-lanzara-un-nuevo-centro-de-estudios-sociales-y-politicos\/#primaryimage"},"image":{"@id":"https:\/\/informelitoral.com.ar\/cta-entre-rios-lanzara-un-nuevo-centro-de-estudios-sociales-y-politicos\/#primaryimage"},"thumbnailUrl":"https:\/\/apfdigital-s3.cdn.net.ar\/s3i233\/2025\/04\/apfdigital\/images\/01\/85\/49\/1854902_250d6b7e2bb78e137147b378e5b0ac71292f0300bbddb5ad9efc10f31c452e57\/md.webp","datePublished":"2025-04-25T15:25:47+00:00","dateModified":"2025-04-25T15:28:17+00:00","breadcrumb":{"@id":"https:\/\/informelitoral.com.ar\/cta-entre-rios-lanzara-un-nuevo-centro-de-estudios-sociales-y-politicos\/#breadcrumb"},"inLanguage":"es","potentialAction":[{"@type":"ReadAction","target":["https:\/\/informelitoral.com.ar\/cta-entre-rios-lanzara-un-nuevo-centro-de-estudios-sociales-y-politicos\/"]}]},{"@type":"ImageObject","inLanguage":"es","@id":"https:\/\/informelitoral.com.ar\/cta-entre-rios-lanzara-un-nuevo-centro-de-estudios-sociales-y-politicos\/#primaryimage","url":"https:\/\/apfdigital-s3.cdn.net.ar\/s3i233\/2025\/04\/apfdigital\/images\/01\/85\/49\/1854902_250d6b7e2bb78e137147b378e5b0ac71292f0300bbddb5ad9efc10f31c452e57\/md.webp","contentUrl":"https:\/\/apfdigital-s3.cdn.net.ar\/s3i233\/2025\/04\/apfdigital\/images\/01\/85\/49\/1854902_250d6b7e2bb78e137147b378e5b0ac71292f0300bbddb5ad9efc10f31c452e57\/md.webp","width":"992","height":"662"},{"@type":"BreadcrumbList","@id":"https:\/\/informelitoral.com.ar\/cta-entre-rios-lanzara-un-nuevo-centro-de-estudios-sociales-y-politicos\/#breadcrumb","itemListElement":[{"@type":"ListItem","position":1,"name":"Portada","item":"https:\/\/informelitoral.com.ar\/"},{"@type":"ListItem","position":2,"name":"La CTA Entre R\u00edos lanza un nuevo centro de estudios sociales y pol\u00edticos"}]},{"@type":"WebSite","@id":"https:\/\/informelitoral.com.ar\/#website","url":"https:\/\/informelitoral.com.ar\/","name":"Informe Litoral","description":"&quot;Nos informamos&quot; ","publisher":{"@id":"https:\/\/informelitoral.com.ar\/#organization"},"potentialAction":[{"@type":"SearchAction","target":{"@type":"EntryPoint","urlTemplate":"https:\/\/informelitoral.com.ar\/?s={search_term_string}"},"query-input":{"@type":"PropertyValueSpecification","valueRequired":true,"valueName":"search_term_string"}}],"inLanguage":"es"},{"@type":"Organization","@id":"https:\/\/informelitoral.com.ar\/#organization","name":"Informe Litoral","url":"https:\/\/informelitoral.com.ar\/","logo":{"@type":"ImageObject","inLanguage":"es","@id":"https:\/\/informelitoral.com.ar\/#\/schema\/logo\/image\/","url":"https:\/\/informelitoral.com.ar\/%77%70%2d%63%6f%6e%74%65%6e%74\/uploads\/2021\/01\/circulo.png","contentUrl":"https:\/\/informelitoral.com.ar\/%77%70%2d%63%6f%6e%74%65%6e%74\/uploads\/2021\/01\/circulo.png","width":723,"height":731,"caption":"Informe Litoral"},"image":{"@id":"https:\/\/informelitoral.com.ar\/#\/schema\/logo\/image\/"},"sameAs":["https:\/\/www.facebook.com\/informelitoral\/","https:\/\/x.com\/InformeLitoral","https:\/\/www.instagram.com\/informelitoral\/","https:\/\/www.youtube.com\/channel\/UCua4Qvz8Icb6MYqhoq9xLXw"]},{"@type":"Person","@id":"https:\/\/informelitoral.com.ar\/#\/schema\/person\/f05f9f461677119578717524b127d6d5","name":"Sebastian","image":{"@type":"ImageObject","inLanguage":"es","@id":"https:\/\/secure.gravatar.com\/avatar\/b71bf7481d447dfb9583c7f2798e7cc64de6efb9067b74633ed8c31059a3bd82?s=96&d=mm&r=g","url":"https:\/\/secure.gravatar.com\/avatar\/b71bf7481d447dfb9583c7f2798e7cc64de6efb9067b74633ed8c31059a3bd82?s=96&d=mm&r=g","contentUrl":"https:\/\/secure.gravatar.com\/avatar\/b71bf7481d447dfb9583c7f2798e7cc64de6efb9067b74633ed8c31059a3bd82?s=96&d=mm&r=g","caption":"Sebastian"},"url":"https:\/\/informelitoral.com.ar\/author\/sebastian\/"}]}},"fifu_image_url":"https:\/\/apfdigital-s3.cdn.net.ar\/s3i233\/2025\/04\/apfdigital\/images\/01\/85\/49\/1854902_250d6b7e2bb78e137147b378e5b0ac71292f0300bbddb5ad9efc10f31c452e57\/md.webp","_links":{"self":[{"href":"https:\/\/informelitoral.com.ar\/%77%70%2d%6a%73%6f%6e\/wp\/v2\/posts\/219665","targetHints":{"allow":["GET"]}}],"collection":[{"href":"https:\/\/informelitoral.com.ar\/%77%70%2d%6a%73%6f%6e\/wp\/v2\/posts"}],"about":[{"href":"https:\/\/informelitoral.com.ar\/%77%70%2d%6a%73%6f%6e\/wp\/v2\/types\/post"}],"author":[{"embeddable":true,"href":"https:\/\/informelitoral.com.ar\/%77%70%2d%6a%73%6f%6e\/wp\/v2\/users\/8"}],"replies":[{"embeddable":true,"href":"https:\/\/informelitoral.com.ar\/%77%70%2d%6a%73%6f%6e\/wp\/v2\/comments?post=219665"}],"version-history":[{"count":0,"href":"https:\/\/informelitoral.com.ar\/%77%70%2d%6a%73%6f%6e\/wp\/v2\/posts\/219665\/revisions"}],"wp:featuredmedia":[{"embeddable":true,"href":"https:\/\/informelitoral.com.ar\/%77%70%2d%6a%73%6f%6e\/wp\/v2\/media\/219666"}],"wp:attachment":[{"href":"https:\/\/informelitoral.com.ar\/%77%70%2d%6a%73%6f%6e\/wp\/v2\/media?parent=219665"}],"wp:term":[{"taxonomy":"category","embeddable":true,"href":"https:\/\/informelitoral.com.ar\/%77%70%2d%6a%73%6f%6e\/wp\/v2\/categories?post=219665"},{"taxonomy":"post_tag","embeddable":true,"href":"https:\/\/informelitoral.com.ar\/%77%70%2d%6a%73%6f%6e\/wp\/v2\/tags?post=219665"}],"curies":[{"name":"wp","href":"https:\/\/api.w.org\/{rel}","templated":true}]}}