{"id":219575,"date":"2025-04-25T09:12:37","date_gmt":"2025-04-25T12:12:37","guid":{"rendered":"https:\/\/informelitoral.com.ar\/?p=219575"},"modified":"2025-04-25T09:14:45","modified_gmt":"2025-04-25T12:14:45","slug":"river-plate-con-bajas-importantes-y-jugadores-al-limite-para-el-superclasico","status":"publish","type":"post","link":"https:\/\/informelitoral.com.ar\/river-plate-con-bajas-importantes-y-jugadores-al-limite-para-el-superclasico\/","title":{"rendered":"River Plate con bajas importantes y jugadores al l\u00edmite para el Supercl\u00e1sico"},"content":{"rendered":"<p data-sourcepos=\"3:1-3:372\">Tras el empate en la Copa Libertadores frente a Independiente del Valle, la mira de River Plate ya est\u00e1 puesta en el Supercl\u00e1sico del pr\u00f3ximo domingo ante Boca Juniors. Sin embargo, el equipo dirigido por Marcelo Gallardo llega a este crucial encuentro con varias bajas sensibles y algunos futbolistas que se encuentran al l\u00edmite de su condici\u00f3n f\u00edsica.<\/p>\n<p data-sourcepos=\"5:1-5:334\">Las ausencias confirmadas para el Millonario son las de <strong>Maximiliano Meza<\/strong> (quien se resinti\u00f3 de su tendinitis rotuliana), <strong>Gonzalo \u00abPity\u00bb Mart\u00ednez<\/strong> (en recuperaci\u00f3n de un desgarro y a\u00fan sin el alta m\u00e9dica) y <strong>Paulo D\u00edaz<\/strong>, quien sufri\u00f3 un desgarro hace dos semanas frente a Talleres de C\u00f3rdoba y est\u00e1 descartado para el cl\u00e1sico.<\/p>\n<p data-sourcepos=\"7:1-7:314\">Por otro lado, el delantero <strong>Miguel Borja<\/strong>, que hab\u00eda generado preocupaci\u00f3n tras retirarse con una molestia en el aductor derecho en la victoria ante Gimnasia, llegar\u00eda en condiciones al Supercl\u00e1sico luego de entrenar con normalidad durante la semana y no sumar minutos en Ecuador para priorizar su recuperaci\u00f3n.<\/p>\n<p data-sourcepos=\"9:1-9:355\">El panorama de <strong>Maximiliano Meza<\/strong> es m\u00e1s alentador, ya que evoluciona favorablemente de su dolencia y podr\u00eda estar a disposici\u00f3n del cuerpo t\u00e9cnico para el fin de semana. En cuanto al <strong>\u00abPity\u00bb Mart\u00ednez<\/strong>, si bien su recuperaci\u00f3n del desgarro avanza, a\u00fan no se entrena a la par de sus compa\u00f1eros y su presencia en la lista de convocados es poco probable.<\/p>\n<p data-sourcepos=\"11:1-11:99\"><strong>Paulo D\u00edaz<\/strong> se suma a las bajas confirmadas, dejando un hueco importante en la defensa de River.<\/p>\n<p data-sourcepos=\"13:1-13:493\">Marcelo Gallardo es consciente de que Boca Juniors llegar\u00e1 al Supercl\u00e1sico con mayor descanso, por lo que deber\u00e1 plantear un partido estrat\u00e9gico. \u00abVamos a jugar un cl\u00e1sico el domingo con un vuelo en el medio, con pocos d\u00edas de descanso. Vamos a enfrentar el cl\u00e1sico ahora ya con un partido menos, mientras que nuestro rival va a estar fresco esperando el partido\u00bb, expres\u00f3 el entrenador Millonario, anticipando un encuentro donde la estrategia y el aprovechamiento de las energ\u00edas ser\u00e1n clave.<\/p>\n<h2 data-sourcepos=\"15:1-15:256\"><strong>La probable formaci\u00f3n de River Plate para el Supercl\u00e1sico <\/strong><\/h2>\n<p data-sourcepos=\"15:1-15:256\">Franco Armani; Gonzalo Montiel, Germ\u00e1n Pezzella, Lucas Mart\u00ednez Quarta, Marcos Acu\u00f1a; Giuliano Galoppo, Enzo P\u00e9rez, Kevin Casta\u00f1o, Franco Mastantuono; Sebasti\u00e1n Driussi y Facundo Colidio.<\/p>\n<div id=\"ad-slot-infeed\" class=\"infeed-container\">\n<div id=\"google_ads_iframe_\/113951150\/tn-arc\/nota\/infeed_0__container__\">\n<h2 class=\"font--primary font__display\"><strong>Cu\u00e1ndo se juega el Supercl\u00e1sico<\/strong><\/h2>\n<p class=\"paragraph font__body-regular\">River y Boca jugar\u00e1n el domingo 27 de abril desde las 15:30 en el Monumental, por la 15ta. fecha del Torneo Apertura.(<em>TN<\/em>)<\/p>\n<\/div>\n<\/div>\n","protected":false},"excerpt":{"rendered":"<p>El partido ante Boca se disputar\u00e1 el pr\u00f3ximo domingo, en el estadio Monumental.<\/p>\n","protected":false},"author":8,"featured_media":219576,"comment_status":"open","ping_status":"open","sticky":false,"template":"","format":"standard","meta":{"fifu_image_url":"https:\/\/www.ole.com.ar\/images\/2025\/04\/23\/BMw7_l8FY_1290x760__1.jpg","fifu_image_alt":"","footnotes":""},"categories":[13],"tags":[384,3528,3403],"class_list":{"0":"post-219575","1":"post","2":"type-post","3":"status-publish","4":"format-standard","5":"has-post-thumbnail","7":"category-deportes","8":"tag-boca-juniors","9":"tag-river-plate","10":"tag-superclasico"},"yoast_head":"<title>River Plate con bajas importantes y jugadores al l\u00edmite para el Supercl\u00e1sico - Informe Litoral<\/title>\n<meta name=\"robots\" content=\"index, follow, max-snippet:-1, max-image-preview:large, max-video-preview:-1\" \/>\n<link rel=\"canonical\" href=\"https:\/\/informelitoral.com.ar\/river-plate-con-bajas-importantes-y-jugadores-al-limite-para-el-superclasico\/\" \/>\n<meta property=\"og:locale\" content=\"es_ES\" \/>\n<meta property=\"og:type\" content=\"article\" \/>\n<meta property=\"og:title\" content=\"River Plate con bajas importantes y jugadores al l\u00edmite para el Supercl\u00e1sico - Informe Litoral\" \/>\n<meta property=\"og:description\" content=\"El partido ante Boca se disputar\u00e1 el pr\u00f3ximo domingo, en el estadio Monumental.\" \/>\n<meta property=\"og:url\" content=\"https:\/\/informelitoral.com.ar\/river-plate-con-bajas-importantes-y-jugadores-al-limite-para-el-superclasico\/\" \/>\n<meta property=\"og:site_name\" content=\"Informe Litoral\" \/>\n<meta property=\"article:publisher\" content=\"https:\/\/www.facebook.com\/informelitoral\/\" \/>\n<meta property=\"article:published_time\" content=\"2025-04-25T12:12:37+00:00\" \/>\n<meta property=\"article:modified_time\" content=\"2025-04-25T12:14:45+00:00\" \/>\n<meta property=\"og:image\" content=\"https:\/\/www.ole.com.ar\/images\/2025\/04\/23\/BMw7_l8FY_1290x760__1.jpg\" \/><meta property=\"og:image\" content=\"https:\/\/www.ole.com.ar\/images\/2025\/04\/23\/BMw7_l8FY_1290x760__1.jpg\" \/>\n\t<meta property=\"og:image:width\" content=\"1290\" \/>\n\t<meta property=\"og:image:height\" content=\"760\" \/>\n\t<meta property=\"og:image:type\" content=\"image\/jpeg\" \/>\n<meta name=\"author\" content=\"Sebastian\" \/>\n<meta name=\"twitter:card\" content=\"summary_large_image\" \/>\n<meta name=\"twitter:image\" content=\"https:\/\/www.ole.com.ar\/images\/2025\/04\/23\/BMw7_l8FY_1290x760__1.jpg\" \/>\n<meta name=\"twitter:creator\" content=\"@InformeLitoral\" \/>\n<meta name=\"twitter:site\" content=\"@InformeLitoral\" \/>\n<meta name=\"twitter:label1\" content=\"Escrito por\" \/>\n\t<meta name=\"twitter:data1\" content=\"Sebastian\" \/>\n\t<meta name=\"twitter:label2\" content=\"Tiempo de lectura\" \/>\n\t<meta name=\"twitter:data2\" content=\"2 minutos\" \/>\n<script type=\"application\/ld+json\" class=\"yoast-schema-graph\">{\"@context\":\"https:\\\/\\\/schema.org\",\"@graph\":[{\"@type\":\"Article\",\"@id\":\"https:\\\/\\\/informelitoral.com.ar\\\/river-plate-con-bajas-importantes-y-jugadores-al-limite-para-el-superclasico\\\/#article\",\"isPartOf\":{\"@id\":\"https:\\\/\\\/informelitoral.com.ar\\\/river-plate-con-bajas-importantes-y-jugadores-al-limite-para-el-superclasico\\\/\"},\"author\":{\"name\":\"Sebastian\",\"@id\":\"https:\\\/\\\/informelitoral.com.ar\\\/#\\\/schema\\\/person\\\/f05f9f461677119578717524b127d6d5\"},\"headline\":\"River Plate con bajas importantes y jugadores al l\u00edmite para el Supercl\u00e1sico\",\"datePublished\":\"2025-04-25T12:12:37+00:00\",\"dateModified\":\"2025-04-25T12:14:45+00:00\",\"mainEntityOfPage\":{\"@id\":\"https:\\\/\\\/informelitoral.com.ar\\\/river-plate-con-bajas-importantes-y-jugadores-al-limite-para-el-superclasico\\\/\"},\"wordCount\":434,\"commentCount\":0,\"publisher\":{\"@id\":\"https:\\\/\\\/informelitoral.com.ar\\\/#organization\"},\"image\":{\"@id\":\"https:\\\/\\\/informelitoral.com.ar\\\/river-plate-con-bajas-importantes-y-jugadores-al-limite-para-el-superclasico\\\/#primaryimage\"},\"thumbnailUrl\":\"https:\\\/\\\/www.ole.com.ar\\\/images\\\/2025\\\/04\\\/23\\\/BMw7_l8FY_1290x760__1.jpg\",\"keywords\":[\"Boca Juniors\",\"River Plate\",\"Supercl\u00e1sico\"],\"articleSection\":[\"Deportes\"],\"inLanguage\":\"es\",\"potentialAction\":[{\"@type\":\"CommentAction\",\"name\":\"Comment\",\"target\":[\"https:\\\/\\\/informelitoral.com.ar\\\/river-plate-con-bajas-importantes-y-jugadores-al-limite-para-el-superclasico\\\/#respond\"]}]},{\"@type\":\"WebPage\",\"@id\":\"https:\\\/\\\/informelitoral.com.ar\\\/river-plate-con-bajas-importantes-y-jugadores-al-limite-para-el-superclasico\\\/\",\"url\":\"https:\\\/\\\/informelitoral.com.ar\\\/river-plate-con-bajas-importantes-y-jugadores-al-limite-para-el-superclasico\\\/\",\"name\":\"River Plate con bajas importantes y jugadores al l\u00edmite para el Supercl\u00e1sico - Informe Litoral\",\"isPartOf\":{\"@id\":\"https:\\\/\\\/informelitoral.com.ar\\\/#website\"},\"primaryImageOfPage\":{\"@id\":\"https:\\\/\\\/informelitoral.com.ar\\\/river-plate-con-bajas-importantes-y-jugadores-al-limite-para-el-superclasico\\\/#primaryimage\"},\"image\":{\"@id\":\"https:\\\/\\\/informelitoral.com.ar\\\/river-plate-con-bajas-importantes-y-jugadores-al-limite-para-el-superclasico\\\/#primaryimage\"},\"thumbnailUrl\":\"https:\\\/\\\/www.ole.com.ar\\\/images\\\/2025\\\/04\\\/23\\\/BMw7_l8FY_1290x760__1.jpg\",\"datePublished\":\"2025-04-25T12:12:37+00:00\",\"dateModified\":\"2025-04-25T12:14:45+00:00\",\"breadcrumb\":{\"@id\":\"https:\\\/\\\/informelitoral.com.ar\\\/river-plate-con-bajas-importantes-y-jugadores-al-limite-para-el-superclasico\\\/#breadcrumb\"},\"inLanguage\":\"es\",\"potentialAction\":[{\"@type\":\"ReadAction\",\"target\":[\"https:\\\/\\\/informelitoral.com.ar\\\/river-plate-con-bajas-importantes-y-jugadores-al-limite-para-el-superclasico\\\/\"]}]},{\"@type\":\"ImageObject\",\"inLanguage\":\"es\",\"@id\":\"https:\\\/\\\/informelitoral.com.ar\\\/river-plate-con-bajas-importantes-y-jugadores-al-limite-para-el-superclasico\\\/#primaryimage\",\"url\":\"https:\\\/\\\/www.ole.com.ar\\\/images\\\/2025\\\/04\\\/23\\\/BMw7_l8FY_1290x760__1.jpg\",\"contentUrl\":\"https:\\\/\\\/www.ole.com.ar\\\/images\\\/2025\\\/04\\\/23\\\/BMw7_l8FY_1290x760__1.jpg\",\"width\":\"1290\",\"height\":\"760\"},{\"@type\":\"BreadcrumbList\",\"@id\":\"https:\\\/\\\/informelitoral.com.ar\\\/river-plate-con-bajas-importantes-y-jugadores-al-limite-para-el-superclasico\\\/#breadcrumb\",\"itemListElement\":[{\"@type\":\"ListItem\",\"position\":1,\"name\":\"Portada\",\"item\":\"https:\\\/\\\/informelitoral.com.ar\\\/\"},{\"@type\":\"ListItem\",\"position\":2,\"name\":\"River Plate con bajas importantes y jugadores al l\u00edmite para el Supercl\u00e1sico\"}]},{\"@type\":\"WebSite\",\"@id\":\"https:\\\/\\\/informelitoral.com.ar\\\/#website\",\"url\":\"https:\\\/\\\/informelitoral.com.ar\\\/\",\"name\":\"Informe Litoral\",\"description\":\"&quot;Nos informamos&quot; \",\"publisher\":{\"@id\":\"https:\\\/\\\/informelitoral.com.ar\\\/#organization\"},\"potentialAction\":[{\"@type\":\"SearchAction\",\"target\":{\"@type\":\"EntryPoint\",\"urlTemplate\":\"https:\\\/\\\/informelitoral.com.ar\\\/?s={search_term_string}\"},\"query-input\":{\"@type\":\"PropertyValueSpecification\",\"valueRequired\":true,\"valueName\":\"search_term_string\"}}],\"inLanguage\":\"es\"},{\"@type\":\"Organization\",\"@id\":\"https:\\\/\\\/informelitoral.com.ar\\\/#organization\",\"name\":\"Informe Litoral\",\"url\":\"https:\\\/\\\/informelitoral.com.ar\\\/\",\"logo\":{\"@type\":\"ImageObject\",\"inLanguage\":\"es\",\"@id\":\"https:\\\/\\\/informelitoral.com.ar\\\/#\\\/schema\\\/logo\\\/image\\\/\",\"url\":\"https:\\\/\\\/informelitoral.com.ar\\\/%77%70%2d%63%6f%6e%74%65%6e%74\\\/uploads\\\/2021\\\/01\\\/circulo.png\",\"contentUrl\":\"https:\\\/\\\/informelitoral.com.ar\\\/%77%70%2d%63%6f%6e%74%65%6e%74\\\/uploads\\\/2021\\\/01\\\/circulo.png\",\"width\":723,\"height\":731,\"caption\":\"Informe Litoral\"},\"image\":{\"@id\":\"https:\\\/\\\/informelitoral.com.ar\\\/#\\\/schema\\\/logo\\\/image\\\/\"},\"sameAs\":[\"https:\\\/\\\/www.facebook.com\\\/informelitoral\\\/\",\"https:\\\/\\\/x.com\\\/InformeLitoral\",\"https:\\\/\\\/www.instagram.com\\\/informelitoral\\\/\",\"https:\\\/\\\/www.youtube.com\\\/channel\\\/UCua4Qvz8Icb6MYqhoq9xLXw\"]},{\"@type\":\"Person\",\"@id\":\"https:\\\/\\\/informelitoral.com.ar\\\/#\\\/schema\\\/person\\\/f05f9f461677119578717524b127d6d5\",\"name\":\"Sebastian\",\"image\":{\"@type\":\"ImageObject\",\"inLanguage\":\"es\",\"@id\":\"https:\\\/\\\/secure.gravatar.com\\\/avatar\\\/b71bf7481d447dfb9583c7f2798e7cc64de6efb9067b74633ed8c31059a3bd82?s=96&d=mm&r=g\",\"url\":\"https:\\\/\\\/secure.gravatar.com\\\/avatar\\\/b71bf7481d447dfb9583c7f2798e7cc64de6efb9067b74633ed8c31059a3bd82?s=96&d=mm&r=g\",\"contentUrl\":\"https:\\\/\\\/secure.gravatar.com\\\/avatar\\\/b71bf7481d447dfb9583c7f2798e7cc64de6efb9067b74633ed8c31059a3bd82?s=96&d=mm&r=g\",\"caption\":\"Sebastian\"},\"url\":\"https:\\\/\\\/informelitoral.com.ar\\\/author\\\/sebastian\\\/\"}]}<\/script>","yoast_head_json":{"title":"River Plate con bajas importantes y jugadores al l\u00edmite para el Supercl\u00e1sico - Informe Litoral","robots":{"index":"index","follow":"follow","max-snippet":"max-snippet:-1","max-image-preview":"max-image-preview:large","max-video-preview":"max-video-preview:-1"},"canonical":"https:\/\/informelitoral.com.ar\/river-plate-con-bajas-importantes-y-jugadores-al-limite-para-el-superclasico\/","og_locale":"es_ES","og_type":"article","og_title":"River Plate con bajas importantes y jugadores al l\u00edmite para el Supercl\u00e1sico - Informe Litoral","og_description":"El partido ante Boca se disputar\u00e1 el pr\u00f3ximo domingo, en el estadio Monumental.","og_url":"https:\/\/informelitoral.com.ar\/river-plate-con-bajas-importantes-y-jugadores-al-limite-para-el-superclasico\/","og_site_name":"Informe Litoral","article_publisher":"https:\/\/www.facebook.com\/informelitoral\/","article_published_time":"2025-04-25T12:12:37+00:00","article_modified_time":"2025-04-25T12:14:45+00:00","og_image":[{"url":"https:\/\/www.ole.com.ar\/images\/2025\/04\/23\/BMw7_l8FY_1290x760__1.jpg","type":"","width":"","height":""},{"width":1290,"height":760,"url":"https:\/\/www.ole.com.ar\/images\/2025\/04\/23\/BMw7_l8FY_1290x760__1.jpg","type":"image\/jpeg"}],"author":"Sebastian","twitter_card":"summary_large_image","twitter_image":"https:\/\/www.ole.com.ar\/images\/2025\/04\/23\/BMw7_l8FY_1290x760__1.jpg","twitter_creator":"@InformeLitoral","twitter_site":"@InformeLitoral","twitter_misc":{"Escrito por":"Sebastian","Tiempo de lectura":"2 minutos"},"schema":{"@context":"https:\/\/schema.org","@graph":[{"@type":"Article","@id":"https:\/\/informelitoral.com.ar\/river-plate-con-bajas-importantes-y-jugadores-al-limite-para-el-superclasico\/#article","isPartOf":{"@id":"https:\/\/informelitoral.com.ar\/river-plate-con-bajas-importantes-y-jugadores-al-limite-para-el-superclasico\/"},"author":{"name":"Sebastian","@id":"https:\/\/informelitoral.com.ar\/#\/schema\/person\/f05f9f461677119578717524b127d6d5"},"headline":"River Plate con bajas importantes y jugadores al l\u00edmite para el Supercl\u00e1sico","datePublished":"2025-04-25T12:12:37+00:00","dateModified":"2025-04-25T12:14:45+00:00","mainEntityOfPage":{"@id":"https:\/\/informelitoral.com.ar\/river-plate-con-bajas-importantes-y-jugadores-al-limite-para-el-superclasico\/"},"wordCount":434,"commentCount":0,"publisher":{"@id":"https:\/\/informelitoral.com.ar\/#organization"},"image":{"@id":"https:\/\/informelitoral.com.ar\/river-plate-con-bajas-importantes-y-jugadores-al-limite-para-el-superclasico\/#primaryimage"},"thumbnailUrl":"https:\/\/www.ole.com.ar\/images\/2025\/04\/23\/BMw7_l8FY_1290x760__1.jpg","keywords":["Boca Juniors","River Plate","Supercl\u00e1sico"],"articleSection":["Deportes"],"inLanguage":"es","potentialAction":[{"@type":"CommentAction","name":"Comment","target":["https:\/\/informelitoral.com.ar\/river-plate-con-bajas-importantes-y-jugadores-al-limite-para-el-superclasico\/#respond"]}]},{"@type":"WebPage","@id":"https:\/\/informelitoral.com.ar\/river-plate-con-bajas-importantes-y-jugadores-al-limite-para-el-superclasico\/","url":"https:\/\/informelitoral.com.ar\/river-plate-con-bajas-importantes-y-jugadores-al-limite-para-el-superclasico\/","name":"River Plate con bajas importantes y jugadores al l\u00edmite para el Supercl\u00e1sico - Informe Litoral","isPartOf":{"@id":"https:\/\/informelitoral.com.ar\/#website"},"primaryImageOfPage":{"@id":"https:\/\/informelitoral.com.ar\/river-plate-con-bajas-importantes-y-jugadores-al-limite-para-el-superclasico\/#primaryimage"},"image":{"@id":"https:\/\/informelitoral.com.ar\/river-plate-con-bajas-importantes-y-jugadores-al-limite-para-el-superclasico\/#primaryimage"},"thumbnailUrl":"https:\/\/www.ole.com.ar\/images\/2025\/04\/23\/BMw7_l8FY_1290x760__1.jpg","datePublished":"2025-04-25T12:12:37+00:00","dateModified":"2025-04-25T12:14:45+00:00","breadcrumb":{"@id":"https:\/\/informelitoral.com.ar\/river-plate-con-bajas-importantes-y-jugadores-al-limite-para-el-superclasico\/#breadcrumb"},"inLanguage":"es","potentialAction":[{"@type":"ReadAction","target":["https:\/\/informelitoral.com.ar\/river-plate-con-bajas-importantes-y-jugadores-al-limite-para-el-superclasico\/"]}]},{"@type":"ImageObject","inLanguage":"es","@id":"https:\/\/informelitoral.com.ar\/river-plate-con-bajas-importantes-y-jugadores-al-limite-para-el-superclasico\/#primaryimage","url":"https:\/\/www.ole.com.ar\/images\/2025\/04\/23\/BMw7_l8FY_1290x760__1.jpg","contentUrl":"https:\/\/www.ole.com.ar\/images\/2025\/04\/23\/BMw7_l8FY_1290x760__1.jpg","width":"1290","height":"760"},{"@type":"BreadcrumbList","@id":"https:\/\/informelitoral.com.ar\/river-plate-con-bajas-importantes-y-jugadores-al-limite-para-el-superclasico\/#breadcrumb","itemListElement":[{"@type":"ListItem","position":1,"name":"Portada","item":"https:\/\/informelitoral.com.ar\/"},{"@type":"ListItem","position":2,"name":"River Plate con bajas importantes y jugadores al l\u00edmite para el Supercl\u00e1sico"}]},{"@type":"WebSite","@id":"https:\/\/informelitoral.com.ar\/#website","url":"https:\/\/informelitoral.com.ar\/","name":"Informe Litoral","description":"&quot;Nos informamos&quot; ","publisher":{"@id":"https:\/\/informelitoral.com.ar\/#organization"},"potentialAction":[{"@type":"SearchAction","target":{"@type":"EntryPoint","urlTemplate":"https:\/\/informelitoral.com.ar\/?s={search_term_string}"},"query-input":{"@type":"PropertyValueSpecification","valueRequired":true,"valueName":"search_term_string"}}],"inLanguage":"es"},{"@type":"Organization","@id":"https:\/\/informelitoral.com.ar\/#organization","name":"Informe Litoral","url":"https:\/\/informelitoral.com.ar\/","logo":{"@type":"ImageObject","inLanguage":"es","@id":"https:\/\/informelitoral.com.ar\/#\/schema\/logo\/image\/","url":"https:\/\/informelitoral.com.ar\/%77%70%2d%63%6f%6e%74%65%6e%74\/uploads\/2021\/01\/circulo.png","contentUrl":"https:\/\/informelitoral.com.ar\/%77%70%2d%63%6f%6e%74%65%6e%74\/uploads\/2021\/01\/circulo.png","width":723,"height":731,"caption":"Informe Litoral"},"image":{"@id":"https:\/\/informelitoral.com.ar\/#\/schema\/logo\/image\/"},"sameAs":["https:\/\/www.facebook.com\/informelitoral\/","https:\/\/x.com\/InformeLitoral","https:\/\/www.instagram.com\/informelitoral\/","https:\/\/www.youtube.com\/channel\/UCua4Qvz8Icb6MYqhoq9xLXw"]},{"@type":"Person","@id":"https:\/\/informelitoral.com.ar\/#\/schema\/person\/f05f9f461677119578717524b127d6d5","name":"Sebastian","image":{"@type":"ImageObject","inLanguage":"es","@id":"https:\/\/secure.gravatar.com\/avatar\/b71bf7481d447dfb9583c7f2798e7cc64de6efb9067b74633ed8c31059a3bd82?s=96&d=mm&r=g","url":"https:\/\/secure.gravatar.com\/avatar\/b71bf7481d447dfb9583c7f2798e7cc64de6efb9067b74633ed8c31059a3bd82?s=96&d=mm&r=g","contentUrl":"https:\/\/secure.gravatar.com\/avatar\/b71bf7481d447dfb9583c7f2798e7cc64de6efb9067b74633ed8c31059a3bd82?s=96&d=mm&r=g","caption":"Sebastian"},"url":"https:\/\/informelitoral.com.ar\/author\/sebastian\/"}]}},"fifu_image_url":"https:\/\/www.ole.com.ar\/images\/2025\/04\/23\/BMw7_l8FY_1290x760__1.jpg","_links":{"self":[{"href":"https:\/\/informelitoral.com.ar\/%77%70%2d%6a%73%6f%6e\/wp\/v2\/posts\/219575","targetHints":{"allow":["GET"]}}],"collection":[{"href":"https:\/\/informelitoral.com.ar\/%77%70%2d%6a%73%6f%6e\/wp\/v2\/posts"}],"about":[{"href":"https:\/\/informelitoral.com.ar\/%77%70%2d%6a%73%6f%6e\/wp\/v2\/types\/post"}],"author":[{"embeddable":true,"href":"https:\/\/informelitoral.com.ar\/%77%70%2d%6a%73%6f%6e\/wp\/v2\/users\/8"}],"replies":[{"embeddable":true,"href":"https:\/\/informelitoral.com.ar\/%77%70%2d%6a%73%6f%6e\/wp\/v2\/comments?post=219575"}],"version-history":[{"count":0,"href":"https:\/\/informelitoral.com.ar\/%77%70%2d%6a%73%6f%6e\/wp\/v2\/posts\/219575\/revisions"}],"wp:featuredmedia":[{"embeddable":true,"href":"https:\/\/informelitoral.com.ar\/%77%70%2d%6a%73%6f%6e\/wp\/v2\/media\/219576"}],"wp:attachment":[{"href":"https:\/\/informelitoral.com.ar\/%77%70%2d%6a%73%6f%6e\/wp\/v2\/media?parent=219575"}],"wp:term":[{"taxonomy":"category","embeddable":true,"href":"https:\/\/informelitoral.com.ar\/%77%70%2d%6a%73%6f%6e\/wp\/v2\/categories?post=219575"},{"taxonomy":"post_tag","embeddable":true,"href":"https:\/\/informelitoral.com.ar\/%77%70%2d%6a%73%6f%6e\/wp\/v2\/tags?post=219575"}],"curies":[{"name":"wp","href":"https:\/\/api.w.org\/{rel}","templated":true}]}}