{"id":219530,"date":"2025-04-25T07:45:34","date_gmt":"2025-04-25T10:45:34","guid":{"rendered":"https:\/\/informelitoral.com.ar\/?p=219530"},"modified":"2025-04-25T07:48:18","modified_gmt":"2025-04-25T10:48:18","slug":"clausuraron-definitivamente-el-geriatrico-la-emilia-ii-en-ramirez","status":"publish","type":"post","link":"https:\/\/informelitoral.com.ar\/clausuraron-definitivamente-el-geriatrico-la-emilia-ii-en-ramirez\/","title":{"rendered":"Clausuraron definitivamente el geri\u00e1trico La Emilia II en Ram\u00edrez"},"content":{"rendered":"<p>A partir de la necesidad de garantizar la seguridad y bienestar de los residentes que se encontraban hasta este jueves en el Geri\u00e1trico,<strong> La Emilia II de General Ram\u00edrez, <\/strong>departamento Diamante, desde la Direcci\u00f3n General de Prestaciones de la cartera sanitaria entrerriana <strong>se realiz\u00f3 un operativo para relocalizar temporalmente a unas 20 personas.<\/strong> Algunas fueron trasladadas a establecimientos de <strong>Viale, Segu\u00ed, Crespo y General Ram\u00edrez; y otras retiradas por familiares,<\/strong> quienes hab\u00edan sido notificados a fin de que se inicien los tr\u00e1mites para poder ubicarlas en residencias definitivas.<\/p>\n<p>Cabe recordar que el geri\u00e1trico La Emilia II fue advertido en reiteradas oportunidades luego de que se constatara mediante auditor\u00edas la<strong> superpoblaci\u00f3n y desatenci\u00f3n de personas,<\/strong> como as\u00ed tambi\u00e9n la<strong> falta de habilitaci\u00f3n municipal, de seguro de responsabilidad civil y de servicio de emergencia, entre otras irregularidades identificadas<\/strong> y mantenidas a lo largo del tiempo.<\/p>\n<figure id=\"attachment_219531\" aria-describedby=\"caption-attachment-219531\" style=\"width: 2048px\" class=\"wp-caption aligncenter\"><a href=\"https:\/\/informelitoral.com.ar\/%77%70%2d%63%6f%6e%74%65%6e%74\/uploads\/2025\/04\/492199199_9679071425504831_4311814273593251788_n.jpg\"><img loading=\"lazy\" decoding=\"async\" class=\"wp-image-219531 size-full\" src=\"https:\/\/informelitoral.com.ar\/%77%70%2d%63%6f%6e%74%65%6e%74\/uploads\/2025\/04\/492199199_9679071425504831_4311814273593251788_n.jpg\" alt=\"\" width=\"2048\" height=\"1542\" srcset=\"https:\/\/informelitoral.com.ar\/%77%70%2d%63%6f%6e%74%65%6e%74\/uploads\/2025\/04\/492199199_9679071425504831_4311814273593251788_n.jpg 2048w, https:\/\/informelitoral.com.ar\/%77%70%2d%63%6f%6e%74%65%6e%74\/uploads\/2025\/04\/492199199_9679071425504831_4311814273593251788_n-300x226.jpg 300w, https:\/\/informelitoral.com.ar\/%77%70%2d%63%6f%6e%74%65%6e%74\/uploads\/2025\/04\/492199199_9679071425504831_4311814273593251788_n-1024x771.jpg 1024w, https:\/\/informelitoral.com.ar\/%77%70%2d%63%6f%6e%74%65%6e%74\/uploads\/2025\/04\/492199199_9679071425504831_4311814273593251788_n-768x578.jpg 768w, https:\/\/informelitoral.com.ar\/%77%70%2d%63%6f%6e%74%65%6e%74\/uploads\/2025\/04\/492199199_9679071425504831_4311814273593251788_n-1536x1157.jpg 1536w, https:\/\/informelitoral.com.ar\/%77%70%2d%63%6f%6e%74%65%6e%74\/uploads\/2025\/04\/492199199_9679071425504831_4311814273593251788_n-558x420.jpg 558w, https:\/\/informelitoral.com.ar\/%77%70%2d%63%6f%6e%74%65%6e%74\/uploads\/2025\/04\/492199199_9679071425504831_4311814273593251788_n-80x60.jpg 80w, https:\/\/informelitoral.com.ar\/%77%70%2d%63%6f%6e%74%65%6e%74\/uploads\/2025\/04\/492199199_9679071425504831_4311814273593251788_n-696x524.jpg 696w, https:\/\/informelitoral.com.ar\/%77%70%2d%63%6f%6e%74%65%6e%74\/uploads\/2025\/04\/492199199_9679071425504831_4311814273593251788_n-1068x804.jpg 1068w, https:\/\/informelitoral.com.ar\/%77%70%2d%63%6f%6e%74%65%6e%74\/uploads\/2025\/04\/492199199_9679071425504831_4311814273593251788_n-1920x1446.jpg 1920w\" sizes=\"auto, (max-width: 2048px) 100vw, 2048px\" \/><\/a><figcaption id=\"caption-attachment-219531\" class=\"wp-caption-text\">Varias ambulancias y personal policial participaron del operativo. (Foto: Polako Miguel)<\/figcaption><\/figure>\n<p>Por tal motivo, en julio de 2024 se dispuso la clausura definitiva, por Resoluci\u00f3n Ministerial N\u00b0 3250\/24,\u00a0 ante lo cual los titulares del establecimiento presentaron un recurso de apelaci\u00f3n negando los incumplimientos advertidos desde Salud y argumentando que no se les hab\u00eda brindado plazo alguno para regularizar su situaci\u00f3n.<\/p>\n<p>La Fiscal\u00eda de Estado de Entre R\u00edos analiz\u00f3 el pedido presentado, tom\u00f3 en cuenta todas las situaciones que se fueron identificando, y emiti\u00f3 su dictamen en el cual desestim\u00f3 el recurso de apelaci\u00f3n. Finalmente, el Ministerio de Salud de Entre R\u00edos clausur\u00f3 este jueves de manera definitiva el geri\u00e1trico.<\/p>\n<p>A su vez, cabe destacar el trabajo articulado brindado por el Ministerio P\u00fablico de la Defensa, para poder efectivizar dicha medida dispuesta por la autoridad sanitaria y ratificada por Decreto N\u00b0 405\/25, refrendado por el gobernador de Entre R\u00edos, como as\u00ed tambi\u00e9n, el acompa\u00f1amiento de la Municipalidad de General Ram\u00edrez.<\/p>\n<p>En el procedimiento estuvieron presentes por el Ministerio de Salud, los directores generales de Prestaciones y de Hospitales, <strong>Mar\u00eda Eva Fam\u00edn<\/strong> y <strong>Mauro Gonz\u00e1lez,<\/strong> respectivamente; la subdirectora de la Direcci\u00f3n General de Asuntos Jur\u00eddicos, <strong>Beatriz Lorenzon<\/strong>; la coordinadora t\u00e9cnica de la Unidad Ministerial de Personas Mayores, <strong>Lorena Cassotti<\/strong>, y equipo t\u00e9cnico.<\/p>\n<p>Tambi\u00e9n, participaron la secretaria de la Defensor\u00eda General del Ministerio P\u00fablico de la Defensa,<strong> Lorena Cali<\/strong>; el fiscal titular <strong>Gilberto Daniel Robledo<\/strong>; la Fiscal Auxiliar Transitoria,<strong> Cynthia Monge<\/strong>; la directora de Adultos Mayores del Ministerio de Capital Humano, <strong>Graciela M\u00e1ntaras<\/strong>; el comisario inspector Jefe de la Departamental Diamante, <strong>Mario Celis<\/strong>; el comisario jefe de Comisar\u00eda de General Ram\u00edrez, <strong>Mart\u00edn Figueroa <\/strong>y personal del SAME.<\/p>\n<h6><em><strong>Del archivo:\u00a0<a href=\"https:\/\/informelitoral.com.ar\/desmalezaron-frente-a-las-escuelas-de-isletas\/\" target=\"_blank\" rel=\"noopener\">Desmalezaron frente a las escuelas de Isletas<\/a><\/strong><\/em><\/h6>\n<h6><em><strong><a href=\"https:\/\/informelitoral.com.ar\/aranguren-aviso-para-evitar-roturas-en-la-red-de-gas-natural\/\" target=\"_blank\" rel=\"noopener\">Aranguren: aviso para evitar roturas en la red de gas natural<\/a><\/strong><\/em><\/h6>\n","protected":false},"excerpt":{"rendered":"<p>Constataron diversas irregularidades y ya hab\u00edan realizado varias advertencias previas. Unos 20 adultos mayores fueron trasladados en ambulancias a Viale, Segu\u00ed, Crespo y dentro de la propia ciudad. Otros fueron retirados por sus familiares. <\/p>\n","protected":false},"author":2,"featured_media":219532,"comment_status":"open","ping_status":"open","sticky":false,"template":"","format":"standard","meta":{"fifu_image_url":"","fifu_image_alt":"","footnotes":""},"categories":[5,4586],"tags":[914,556,2549,27,82],"class_list":{"0":"post-219530","1":"post","2":"type-post","3":"status-publish","4":"format-standard","5":"has-post-thumbnail","7":"category-zonales","8":"category-general-ramirez","9":"tag-adultos-mayores","10":"tag-general-ramirez","11":"tag-geriatrico","12":"tag-ramirez","13":"tag-salud"},"yoast_head":"<title>Clausuraron definitivamente el geri\u00e1trico La Emilia II en Ram\u00edrez - Informe Litoral<\/title>\n<meta name=\"robots\" content=\"index, follow, max-snippet:-1, max-image-preview:large, max-video-preview:-1\" \/>\n<link rel=\"canonical\" href=\"https:\/\/informelitoral.com.ar\/clausuraron-definitivamente-el-geriatrico-la-emilia-ii-en-ramirez\/\" \/>\n<meta property=\"og:locale\" content=\"es_ES\" \/>\n<meta property=\"og:type\" content=\"article\" \/>\n<meta property=\"og:title\" content=\"Clausuraron definitivamente el geri\u00e1trico La Emilia II en Ram\u00edrez - Informe Litoral\" \/>\n<meta property=\"og:description\" content=\"Constataron diversas irregularidades y ya hab\u00edan realizado varias advertencias previas. Unos 20 adultos mayores fueron trasladados en ambulancias a Viale, Segu\u00ed, Crespo y dentro de la propia ciudad. Otros fueron retirados por sus familiares.\" \/>\n<meta property=\"og:url\" content=\"https:\/\/informelitoral.com.ar\/clausuraron-definitivamente-el-geriatrico-la-emilia-ii-en-ramirez\/\" \/>\n<meta property=\"og:site_name\" content=\"Informe Litoral\" \/>\n<meta property=\"article:publisher\" content=\"https:\/\/www.facebook.com\/informelitoral\/\" \/>\n<meta property=\"article:published_time\" content=\"2025-04-25T10:45:34+00:00\" \/>\n<meta property=\"article:modified_time\" content=\"2025-04-25T10:48:18+00:00\" \/>\n<meta property=\"og:image\" content=\"https:\/\/informelitoral.com.ar\/%77%70%2d%63%6f%6e%74%65%6e%74\/uploads\/2025\/04\/la-emilia-II-clausurado.jpg\" \/>\n\t<meta property=\"og:image:width\" content=\"2048\" \/>\n\t<meta property=\"og:image:height\" content=\"1542\" \/>\n\t<meta property=\"og:image:type\" content=\"image\/jpeg\" \/>\n<meta name=\"author\" content=\"Gonzalo Schmidt\" \/>\n<meta name=\"twitter:card\" content=\"summary_large_image\" \/>\n<meta name=\"twitter:creator\" content=\"@InformeLitoral\" \/>\n<meta name=\"twitter:site\" content=\"@InformeLitoral\" \/>\n<meta name=\"twitter:label1\" content=\"Escrito por\" \/>\n\t<meta name=\"twitter:data1\" content=\"Gonzalo Schmidt\" \/>\n\t<meta name=\"twitter:label2\" content=\"Tiempo de lectura\" \/>\n\t<meta name=\"twitter:data2\" content=\"2 minutos\" \/>\n<script type=\"application\/ld+json\" class=\"yoast-schema-graph\">{\"@context\":\"https:\\\/\\\/schema.org\",\"@graph\":[{\"@type\":\"Article\",\"@id\":\"https:\\\/\\\/informelitoral.com.ar\\\/clausuraron-definitivamente-el-geriatrico-la-emilia-ii-en-ramirez\\\/#article\",\"isPartOf\":{\"@id\":\"https:\\\/\\\/informelitoral.com.ar\\\/clausuraron-definitivamente-el-geriatrico-la-emilia-ii-en-ramirez\\\/\"},\"author\":{\"name\":\"Gonzalo Schmidt\",\"@id\":\"https:\\\/\\\/informelitoral.com.ar\\\/#\\\/schema\\\/person\\\/b9d00407c836482871ef1d57bf8e3180\"},\"headline\":\"Clausuraron definitivamente el geri\u00e1trico La Emilia II en Ram\u00edrez\",\"datePublished\":\"2025-04-25T10:45:34+00:00\",\"dateModified\":\"2025-04-25T10:48:18+00:00\",\"mainEntityOfPage\":{\"@id\":\"https:\\\/\\\/informelitoral.com.ar\\\/clausuraron-definitivamente-el-geriatrico-la-emilia-ii-en-ramirez\\\/\"},\"wordCount\":491,\"commentCount\":0,\"publisher\":{\"@id\":\"https:\\\/\\\/informelitoral.com.ar\\\/#organization\"},\"image\":{\"@id\":\"https:\\\/\\\/informelitoral.com.ar\\\/clausuraron-definitivamente-el-geriatrico-la-emilia-ii-en-ramirez\\\/#primaryimage\"},\"thumbnailUrl\":\"https:\\\/\\\/informelitoral.com.ar\\\/%77%70%2d%63%6f%6e%74%65%6e%74\\\/uploads\\\/2025\\\/04\\\/la-emilia-II-clausurado.jpg\",\"keywords\":[\"Adultos mayores\",\"General Ram\u00edrez\",\"Geri\u00e1trico\",\"Ram\u00edrez\",\"Salud\"],\"articleSection\":[\"Departamento Diamante\",\"General Ram\u00edrez\"],\"inLanguage\":\"es\",\"potentialAction\":[{\"@type\":\"CommentAction\",\"name\":\"Comment\",\"target\":[\"https:\\\/\\\/informelitoral.com.ar\\\/clausuraron-definitivamente-el-geriatrico-la-emilia-ii-en-ramirez\\\/#respond\"]}]},{\"@type\":\"WebPage\",\"@id\":\"https:\\\/\\\/informelitoral.com.ar\\\/clausuraron-definitivamente-el-geriatrico-la-emilia-ii-en-ramirez\\\/\",\"url\":\"https:\\\/\\\/informelitoral.com.ar\\\/clausuraron-definitivamente-el-geriatrico-la-emilia-ii-en-ramirez\\\/\",\"name\":\"Clausuraron definitivamente el geri\u00e1trico La Emilia II en Ram\u00edrez - Informe Litoral\",\"isPartOf\":{\"@id\":\"https:\\\/\\\/informelitoral.com.ar\\\/#website\"},\"primaryImageOfPage\":{\"@id\":\"https:\\\/\\\/informelitoral.com.ar\\\/clausuraron-definitivamente-el-geriatrico-la-emilia-ii-en-ramirez\\\/#primaryimage\"},\"image\":{\"@id\":\"https:\\\/\\\/informelitoral.com.ar\\\/clausuraron-definitivamente-el-geriatrico-la-emilia-ii-en-ramirez\\\/#primaryimage\"},\"thumbnailUrl\":\"https:\\\/\\\/informelitoral.com.ar\\\/%77%70%2d%63%6f%6e%74%65%6e%74\\\/uploads\\\/2025\\\/04\\\/la-emilia-II-clausurado.jpg\",\"datePublished\":\"2025-04-25T10:45:34+00:00\",\"dateModified\":\"2025-04-25T10:48:18+00:00\",\"breadcrumb\":{\"@id\":\"https:\\\/\\\/informelitoral.com.ar\\\/clausuraron-definitivamente-el-geriatrico-la-emilia-ii-en-ramirez\\\/#breadcrumb\"},\"inLanguage\":\"es\",\"potentialAction\":[{\"@type\":\"ReadAction\",\"target\":[\"https:\\\/\\\/informelitoral.com.ar\\\/clausuraron-definitivamente-el-geriatrico-la-emilia-ii-en-ramirez\\\/\"]}]},{\"@type\":\"ImageObject\",\"inLanguage\":\"es\",\"@id\":\"https:\\\/\\\/informelitoral.com.ar\\\/clausuraron-definitivamente-el-geriatrico-la-emilia-ii-en-ramirez\\\/#primaryimage\",\"url\":\"https:\\\/\\\/informelitoral.com.ar\\\/%77%70%2d%63%6f%6e%74%65%6e%74\\\/uploads\\\/2025\\\/04\\\/la-emilia-II-clausurado.jpg\",\"contentUrl\":\"https:\\\/\\\/informelitoral.com.ar\\\/%77%70%2d%63%6f%6e%74%65%6e%74\\\/uploads\\\/2025\\\/04\\\/la-emilia-II-clausurado.jpg\",\"width\":2048,\"height\":1542,\"caption\":\"Frente del geri\u00e1trico clausurado. Foto: Polako Miguel.\"},{\"@type\":\"BreadcrumbList\",\"@id\":\"https:\\\/\\\/informelitoral.com.ar\\\/clausuraron-definitivamente-el-geriatrico-la-emilia-ii-en-ramirez\\\/#breadcrumb\",\"itemListElement\":[{\"@type\":\"ListItem\",\"position\":1,\"name\":\"Portada\",\"item\":\"https:\\\/\\\/informelitoral.com.ar\\\/\"},{\"@type\":\"ListItem\",\"position\":2,\"name\":\"Clausuraron definitivamente el geri\u00e1trico La Emilia II en Ram\u00edrez\"}]},{\"@type\":\"WebSite\",\"@id\":\"https:\\\/\\\/informelitoral.com.ar\\\/#website\",\"url\":\"https:\\\/\\\/informelitoral.com.ar\\\/\",\"name\":\"Informe Litoral\",\"description\":\"&quot;Nos informamos&quot; \",\"publisher\":{\"@id\":\"https:\\\/\\\/informelitoral.com.ar\\\/#organization\"},\"potentialAction\":[{\"@type\":\"SearchAction\",\"target\":{\"@type\":\"EntryPoint\",\"urlTemplate\":\"https:\\\/\\\/informelitoral.com.ar\\\/?s={search_term_string}\"},\"query-input\":{\"@type\":\"PropertyValueSpecification\",\"valueRequired\":true,\"valueName\":\"search_term_string\"}}],\"inLanguage\":\"es\"},{\"@type\":\"Organization\",\"@id\":\"https:\\\/\\\/informelitoral.com.ar\\\/#organization\",\"name\":\"Informe Litoral\",\"url\":\"https:\\\/\\\/informelitoral.com.ar\\\/\",\"logo\":{\"@type\":\"ImageObject\",\"inLanguage\":\"es\",\"@id\":\"https:\\\/\\\/informelitoral.com.ar\\\/#\\\/schema\\\/logo\\\/image\\\/\",\"url\":\"https:\\\/\\\/informelitoral.com.ar\\\/%77%70%2d%63%6f%6e%74%65%6e%74\\\/uploads\\\/2021\\\/01\\\/circulo.png\",\"contentUrl\":\"https:\\\/\\\/informelitoral.com.ar\\\/%77%70%2d%63%6f%6e%74%65%6e%74\\\/uploads\\\/2021\\\/01\\\/circulo.png\",\"width\":723,\"height\":731,\"caption\":\"Informe Litoral\"},\"image\":{\"@id\":\"https:\\\/\\\/informelitoral.com.ar\\\/#\\\/schema\\\/logo\\\/image\\\/\"},\"sameAs\":[\"https:\\\/\\\/www.facebook.com\\\/informelitoral\\\/\",\"https:\\\/\\\/x.com\\\/InformeLitoral\",\"https:\\\/\\\/www.instagram.com\\\/informelitoral\\\/\",\"https:\\\/\\\/www.youtube.com\\\/channel\\\/UCua4Qvz8Icb6MYqhoq9xLXw\"]},{\"@type\":\"Person\",\"@id\":\"https:\\\/\\\/informelitoral.com.ar\\\/#\\\/schema\\\/person\\\/b9d00407c836482871ef1d57bf8e3180\",\"name\":\"Gonzalo Schmidt\",\"image\":{\"@type\":\"ImageObject\",\"inLanguage\":\"es\",\"@id\":\"https:\\\/\\\/secure.gravatar.com\\\/avatar\\\/31a1a7b66ff2de83bd0e9fd79d026630d2d99e55e8bfe501287647b4fd9743de?s=96&d=mm&r=g\",\"url\":\"https:\\\/\\\/secure.gravatar.com\\\/avatar\\\/31a1a7b66ff2de83bd0e9fd79d026630d2d99e55e8bfe501287647b4fd9743de?s=96&d=mm&r=g\",\"contentUrl\":\"https:\\\/\\\/secure.gravatar.com\\\/avatar\\\/31a1a7b66ff2de83bd0e9fd79d026630d2d99e55e8bfe501287647b4fd9743de?s=96&d=mm&r=g\",\"caption\":\"Gonzalo Schmidt\"},\"description\":\"Sitio web de noticias de la provincia de Entre R\u00edos, Argentina. Informaci\u00f3n y entretenimiento. Informe Litoral, nos informamos.\",\"sameAs\":[\"http:\\\/\\\/www.isletasnoticias.com.ar\"],\"url\":\"https:\\\/\\\/informelitoral.com.ar\\\/author\\\/gonzalo\\\/\"}]}<\/script>","yoast_head_json":{"title":"Clausuraron definitivamente el geri\u00e1trico La Emilia II en Ram\u00edrez - Informe Litoral","robots":{"index":"index","follow":"follow","max-snippet":"max-snippet:-1","max-image-preview":"max-image-preview:large","max-video-preview":"max-video-preview:-1"},"canonical":"https:\/\/informelitoral.com.ar\/clausuraron-definitivamente-el-geriatrico-la-emilia-ii-en-ramirez\/","og_locale":"es_ES","og_type":"article","og_title":"Clausuraron definitivamente el geri\u00e1trico La Emilia II en Ram\u00edrez - Informe Litoral","og_description":"Constataron diversas irregularidades y ya hab\u00edan realizado varias advertencias previas. Unos 20 adultos mayores fueron trasladados en ambulancias a Viale, Segu\u00ed, Crespo y dentro de la propia ciudad. Otros fueron retirados por sus familiares.","og_url":"https:\/\/informelitoral.com.ar\/clausuraron-definitivamente-el-geriatrico-la-emilia-ii-en-ramirez\/","og_site_name":"Informe Litoral","article_publisher":"https:\/\/www.facebook.com\/informelitoral\/","article_published_time":"2025-04-25T10:45:34+00:00","article_modified_time":"2025-04-25T10:48:18+00:00","og_image":[{"width":2048,"height":1542,"url":"https:\/\/informelitoral.com.ar\/%77%70%2d%63%6f%6e%74%65%6e%74\/uploads\/2025\/04\/la-emilia-II-clausurado.jpg","type":"image\/jpeg"}],"author":"Gonzalo Schmidt","twitter_card":"summary_large_image","twitter_creator":"@InformeLitoral","twitter_site":"@InformeLitoral","twitter_misc":{"Escrito por":"Gonzalo Schmidt","Tiempo de lectura":"2 minutos"},"schema":{"@context":"https:\/\/schema.org","@graph":[{"@type":"Article","@id":"https:\/\/informelitoral.com.ar\/clausuraron-definitivamente-el-geriatrico-la-emilia-ii-en-ramirez\/#article","isPartOf":{"@id":"https:\/\/informelitoral.com.ar\/clausuraron-definitivamente-el-geriatrico-la-emilia-ii-en-ramirez\/"},"author":{"name":"Gonzalo Schmidt","@id":"https:\/\/informelitoral.com.ar\/#\/schema\/person\/b9d00407c836482871ef1d57bf8e3180"},"headline":"Clausuraron definitivamente el geri\u00e1trico La Emilia II en Ram\u00edrez","datePublished":"2025-04-25T10:45:34+00:00","dateModified":"2025-04-25T10:48:18+00:00","mainEntityOfPage":{"@id":"https:\/\/informelitoral.com.ar\/clausuraron-definitivamente-el-geriatrico-la-emilia-ii-en-ramirez\/"},"wordCount":491,"commentCount":0,"publisher":{"@id":"https:\/\/informelitoral.com.ar\/#organization"},"image":{"@id":"https:\/\/informelitoral.com.ar\/clausuraron-definitivamente-el-geriatrico-la-emilia-ii-en-ramirez\/#primaryimage"},"thumbnailUrl":"https:\/\/informelitoral.com.ar\/%77%70%2d%63%6f%6e%74%65%6e%74\/uploads\/2025\/04\/la-emilia-II-clausurado.jpg","keywords":["Adultos mayores","General Ram\u00edrez","Geri\u00e1trico","Ram\u00edrez","Salud"],"articleSection":["Departamento Diamante","General Ram\u00edrez"],"inLanguage":"es","potentialAction":[{"@type":"CommentAction","name":"Comment","target":["https:\/\/informelitoral.com.ar\/clausuraron-definitivamente-el-geriatrico-la-emilia-ii-en-ramirez\/#respond"]}]},{"@type":"WebPage","@id":"https:\/\/informelitoral.com.ar\/clausuraron-definitivamente-el-geriatrico-la-emilia-ii-en-ramirez\/","url":"https:\/\/informelitoral.com.ar\/clausuraron-definitivamente-el-geriatrico-la-emilia-ii-en-ramirez\/","name":"Clausuraron definitivamente el geri\u00e1trico La Emilia II en Ram\u00edrez - Informe Litoral","isPartOf":{"@id":"https:\/\/informelitoral.com.ar\/#website"},"primaryImageOfPage":{"@id":"https:\/\/informelitoral.com.ar\/clausuraron-definitivamente-el-geriatrico-la-emilia-ii-en-ramirez\/#primaryimage"},"image":{"@id":"https:\/\/informelitoral.com.ar\/clausuraron-definitivamente-el-geriatrico-la-emilia-ii-en-ramirez\/#primaryimage"},"thumbnailUrl":"https:\/\/informelitoral.com.ar\/%77%70%2d%63%6f%6e%74%65%6e%74\/uploads\/2025\/04\/la-emilia-II-clausurado.jpg","datePublished":"2025-04-25T10:45:34+00:00","dateModified":"2025-04-25T10:48:18+00:00","breadcrumb":{"@id":"https:\/\/informelitoral.com.ar\/clausuraron-definitivamente-el-geriatrico-la-emilia-ii-en-ramirez\/#breadcrumb"},"inLanguage":"es","potentialAction":[{"@type":"ReadAction","target":["https:\/\/informelitoral.com.ar\/clausuraron-definitivamente-el-geriatrico-la-emilia-ii-en-ramirez\/"]}]},{"@type":"ImageObject","inLanguage":"es","@id":"https:\/\/informelitoral.com.ar\/clausuraron-definitivamente-el-geriatrico-la-emilia-ii-en-ramirez\/#primaryimage","url":"https:\/\/informelitoral.com.ar\/%77%70%2d%63%6f%6e%74%65%6e%74\/uploads\/2025\/04\/la-emilia-II-clausurado.jpg","contentUrl":"https:\/\/informelitoral.com.ar\/%77%70%2d%63%6f%6e%74%65%6e%74\/uploads\/2025\/04\/la-emilia-II-clausurado.jpg","width":2048,"height":1542,"caption":"Frente del geri\u00e1trico clausurado. Foto: Polako Miguel."},{"@type":"BreadcrumbList","@id":"https:\/\/informelitoral.com.ar\/clausuraron-definitivamente-el-geriatrico-la-emilia-ii-en-ramirez\/#breadcrumb","itemListElement":[{"@type":"ListItem","position":1,"name":"Portada","item":"https:\/\/informelitoral.com.ar\/"},{"@type":"ListItem","position":2,"name":"Clausuraron definitivamente el geri\u00e1trico La Emilia II en Ram\u00edrez"}]},{"@type":"WebSite","@id":"https:\/\/informelitoral.com.ar\/#website","url":"https:\/\/informelitoral.com.ar\/","name":"Informe Litoral","description":"&quot;Nos informamos&quot; ","publisher":{"@id":"https:\/\/informelitoral.com.ar\/#organization"},"potentialAction":[{"@type":"SearchAction","target":{"@type":"EntryPoint","urlTemplate":"https:\/\/informelitoral.com.ar\/?s={search_term_string}"},"query-input":{"@type":"PropertyValueSpecification","valueRequired":true,"valueName":"search_term_string"}}],"inLanguage":"es"},{"@type":"Organization","@id":"https:\/\/informelitoral.com.ar\/#organization","name":"Informe Litoral","url":"https:\/\/informelitoral.com.ar\/","logo":{"@type":"ImageObject","inLanguage":"es","@id":"https:\/\/informelitoral.com.ar\/#\/schema\/logo\/image\/","url":"https:\/\/informelitoral.com.ar\/%77%70%2d%63%6f%6e%74%65%6e%74\/uploads\/2021\/01\/circulo.png","contentUrl":"https:\/\/informelitoral.com.ar\/%77%70%2d%63%6f%6e%74%65%6e%74\/uploads\/2021\/01\/circulo.png","width":723,"height":731,"caption":"Informe Litoral"},"image":{"@id":"https:\/\/informelitoral.com.ar\/#\/schema\/logo\/image\/"},"sameAs":["https:\/\/www.facebook.com\/informelitoral\/","https:\/\/x.com\/InformeLitoral","https:\/\/www.instagram.com\/informelitoral\/","https:\/\/www.youtube.com\/channel\/UCua4Qvz8Icb6MYqhoq9xLXw"]},{"@type":"Person","@id":"https:\/\/informelitoral.com.ar\/#\/schema\/person\/b9d00407c836482871ef1d57bf8e3180","name":"Gonzalo Schmidt","image":{"@type":"ImageObject","inLanguage":"es","@id":"https:\/\/secure.gravatar.com\/avatar\/31a1a7b66ff2de83bd0e9fd79d026630d2d99e55e8bfe501287647b4fd9743de?s=96&d=mm&r=g","url":"https:\/\/secure.gravatar.com\/avatar\/31a1a7b66ff2de83bd0e9fd79d026630d2d99e55e8bfe501287647b4fd9743de?s=96&d=mm&r=g","contentUrl":"https:\/\/secure.gravatar.com\/avatar\/31a1a7b66ff2de83bd0e9fd79d026630d2d99e55e8bfe501287647b4fd9743de?s=96&d=mm&r=g","caption":"Gonzalo Schmidt"},"description":"Sitio web de noticias de la provincia de Entre R\u00edos, Argentina. Informaci\u00f3n y entretenimiento. Informe Litoral, nos informamos.","sameAs":["http:\/\/www.isletasnoticias.com.ar"],"url":"https:\/\/informelitoral.com.ar\/author\/gonzalo\/"}]}},"_links":{"self":[{"href":"https:\/\/informelitoral.com.ar\/%77%70%2d%6a%73%6f%6e\/wp\/v2\/posts\/219530","targetHints":{"allow":["GET"]}}],"collection":[{"href":"https:\/\/informelitoral.com.ar\/%77%70%2d%6a%73%6f%6e\/wp\/v2\/posts"}],"about":[{"href":"https:\/\/informelitoral.com.ar\/%77%70%2d%6a%73%6f%6e\/wp\/v2\/types\/post"}],"author":[{"embeddable":true,"href":"https:\/\/informelitoral.com.ar\/%77%70%2d%6a%73%6f%6e\/wp\/v2\/users\/2"}],"replies":[{"embeddable":true,"href":"https:\/\/informelitoral.com.ar\/%77%70%2d%6a%73%6f%6e\/wp\/v2\/comments?post=219530"}],"version-history":[{"count":0,"href":"https:\/\/informelitoral.com.ar\/%77%70%2d%6a%73%6f%6e\/wp\/v2\/posts\/219530\/revisions"}],"wp:featuredmedia":[{"embeddable":true,"href":"https:\/\/informelitoral.com.ar\/%77%70%2d%6a%73%6f%6e\/wp\/v2\/media\/219532"}],"wp:attachment":[{"href":"https:\/\/informelitoral.com.ar\/%77%70%2d%6a%73%6f%6e\/wp\/v2\/media?parent=219530"}],"wp:term":[{"taxonomy":"category","embeddable":true,"href":"https:\/\/informelitoral.com.ar\/%77%70%2d%6a%73%6f%6e\/wp\/v2\/categories?post=219530"},{"taxonomy":"post_tag","embeddable":true,"href":"https:\/\/informelitoral.com.ar\/%77%70%2d%6a%73%6f%6e\/wp\/v2\/tags?post=219530"}],"curies":[{"name":"wp","href":"https:\/\/api.w.org\/{rel}","templated":true}]}}