{"id":219508,"date":"2025-04-24T12:59:07","date_gmt":"2025-04-24T15:59:07","guid":{"rendered":"https:\/\/informelitoral.com.ar\/?p=219508"},"modified":"2025-04-25T07:08:48","modified_gmt":"2025-04-25T10:08:48","slug":"frigerio-participo-del-aniversario-de-crespo","status":"publish","type":"post","link":"https:\/\/informelitoral.com.ar\/frigerio-participo-del-aniversario-de-crespo\/","title":{"rendered":"Frigerio particip\u00f3 del aniversario de Crespo y destac\u00f3 el valor del trabajo como el cambio cultural necesario para crecer"},"content":{"rendered":"<p>El mandatario estuvo junto al intendente de <strong>Crespo<\/strong>, <strong>Marcelo Cerutti<\/strong>, y el ministro de Planeamiento, Infraestructura y Servicios, <strong>Dar\u00edo Schneider<\/strong>, en el acto oficial que se hizo en la p\u00e9rgola antigua (de la d\u00e9cada de 1890), ubicada en cercan\u00edas del Instituto Comercial Crespo y el Monumento a la Biblia.<\/p>\n<p>Tras comentar su visita a la obra de reparaci\u00f3n de la ruta 32, el Parque Ambiental y la escuela t\u00e9cnica, el gobernador subray\u00f3 que \u00abel progreso y el ejemplo que le da Crespo, no solo a todas las ciudades y pueblos de la provincia, sino del pa\u00eds, parte y nace de entender que lo m\u00e1s importante es la formaci\u00f3n, la educaci\u00f3n; y que no depende de los gobernantes de turno\u00bb.<\/p>\n<p>Se\u00f1al\u00f3, en ese sentido, que la distinci\u00f3n de la ciudad tiene a que ver con \u00abuna comunidad que entiende cu\u00e1l es la prioridad. La educaci\u00f3n, el trabajo, los inmigrantes, esa pasi\u00f3n por el hacer, los valores y la \u00e9tica. Eso es lo que ha hecho a Crespo distinta y a los vecinos de Crespo orgullosos de lo que son. Es el legado de los m\u00e1s j\u00f3venes para el futuro y es lo que hay que sostener\u00bb.<\/p>\n<p>Sostuvo, adem\u00e1s, que la provincia enfrenta un complejo desaf\u00edo, llevando adelante un cambio cultural. \u00abEs lograr que los valores y la \u00e9tica del trabajo, el esfuerzo, el compromiso, de la meritocracia, como hay en Crespo y tambi\u00e9n en otras ciudades o pueblos de la provincia, irradie y se multiplique a lo largo y a lo ancho Entre R\u00edos. Ese esfuerzo por el cambio cultural que necesitamos para crecer de manera sostenida es inclaudicable\u00bb, concluy\u00f3 Frigerio.<\/p>\n<p>Por su parte, el intendente Marcelo Cerutti, indic\u00f3 que el lugar donde se realiz\u00f3 el acto es muy significativo para la ciudad porque all\u00ed lleg\u00f3 el tren y surgi\u00f3 el desarrollo y planeamiento de Crespo, ciudad que describi\u00f3 como \u00abde trabajo y progreso\u00bb.<\/p>\n<p>Consider\u00f3 luego que \u00ablo que uni\u00f3 a todos los inmigrantes que llegaron es el bien com\u00fan\u00bb; y en ese sentido destac\u00f3 la cooperativa de m\u00e1s de 100 a\u00f1os y las diferentes expresiones religiosas que conviven en la comunidad. Finalmente felicit\u00f3 al gobernador por su tarea de \u00abponer en caja la provincia e ir contra la corrupci\u00f3n\u00bb.<\/p>\n<h6><em><strong>Del archivo:\u00a0<a href=\"https:\/\/informelitoral.com.ar\/crespo-avanzan-en-la-organizacion-de-la-primera-expo-organica-del-pais\/\" target=\"_blank\" rel=\"noopener\">Crespo: avanzan en la organizaci\u00f3n de la primera Expo Org\u00e1nica del pa\u00eds<\/a><\/strong><\/em><\/h6>\n","protected":false},"excerpt":{"rendered":"<p>El gobernador Rogelio Frigerio particip\u00f3 del acto por el 137\u00b0 Aniversario de Crespo. All\u00ed destac\u00f3 como un desaf\u00edo de su gesti\u00f3n \u00ablograr que los valores y la \u00e9tica del trabajo, el esfuerzo, el compromiso y la meritocracia, como hay en \u00e9ste y otros pueblos de la provincia, se multiplique a lo largo y a lo ancho Entre R\u00edos. Es inclaudicable el esfuerzo por ese cambio cultural\u00bb.<\/p>\n","protected":false},"author":8,"featured_media":219509,"comment_status":"open","ping_status":"open","sticky":false,"template":"","format":"standard","meta":{"fifu_image_url":"","fifu_image_alt":"","footnotes":""},"categories":[6],"tags":[208,3054,949],"class_list":{"0":"post-219508","1":"post","2":"type-post","3":"status-publish","4":"format-standard","5":"has-post-thumbnail","7":"category-entre-rios","8":"tag-crespo","9":"tag-festejo-de-aniversario","10":"tag-rogelio-frigerio"},"yoast_head":"<title>Frigerio particip\u00f3 del aniversario de Crespo y destac\u00f3 el valor del trabajo como el cambio cultural necesario para crecer - Informe Litoral<\/title>\n<meta name=\"robots\" content=\"index, follow, max-snippet:-1, max-image-preview:large, max-video-preview:-1\" \/>\n<link rel=\"canonical\" href=\"https:\/\/informelitoral.com.ar\/frigerio-participo-del-aniversario-de-crespo\/\" \/>\n<meta property=\"og:locale\" content=\"es_ES\" \/>\n<meta property=\"og:type\" content=\"article\" \/>\n<meta property=\"og:title\" content=\"Frigerio particip\u00f3 del aniversario de Crespo y destac\u00f3 el valor del trabajo como el cambio cultural necesario para crecer - Informe Litoral\" \/>\n<meta property=\"og:description\" content=\"El gobernador Rogelio Frigerio particip\u00f3 del acto por el 137\u00b0 Aniversario de Crespo. All\u00ed destac\u00f3 como un desaf\u00edo de su gesti\u00f3n &quot;lograr que los valores y la \u00e9tica del trabajo, el esfuerzo, el compromiso y la meritocracia, como hay en \u00e9ste y otros pueblos de la provincia, se multiplique a lo largo y a lo ancho Entre R\u00edos. Es inclaudicable el esfuerzo por ese cambio cultural&quot;.\" \/>\n<meta property=\"og:url\" content=\"https:\/\/informelitoral.com.ar\/frigerio-participo-del-aniversario-de-crespo\/\" \/>\n<meta property=\"og:site_name\" content=\"Informe Litoral\" \/>\n<meta property=\"article:publisher\" content=\"https:\/\/www.facebook.com\/informelitoral\/\" \/>\n<meta property=\"article:published_time\" content=\"2025-04-24T15:59:07+00:00\" \/>\n<meta property=\"article:modified_time\" content=\"2025-04-25T10:08:48+00:00\" \/>\n<meta property=\"og:image\" content=\"https:\/\/informelitoral.com.ar\/%77%70%2d%63%6f%6e%74%65%6e%74\/uploads\/2025\/04\/Frigerio-Crespo-1-scaled.jpeg\" \/>\n\t<meta property=\"og:image:width\" content=\"2560\" \/>\n\t<meta property=\"og:image:height\" content=\"1706\" \/>\n\t<meta property=\"og:image:type\" content=\"image\/jpeg\" \/>\n<meta name=\"author\" content=\"Sebastian\" \/>\n<meta name=\"twitter:card\" content=\"summary_large_image\" \/>\n<meta name=\"twitter:creator\" content=\"@InformeLitoral\" \/>\n<meta name=\"twitter:site\" content=\"@InformeLitoral\" \/>\n<meta name=\"twitter:label1\" content=\"Escrito por\" \/>\n\t<meta name=\"twitter:data1\" content=\"Sebastian\" \/>\n\t<meta name=\"twitter:label2\" content=\"Tiempo de lectura\" \/>\n\t<meta name=\"twitter:data2\" content=\"2 minutos\" \/>\n<script type=\"application\/ld+json\" class=\"yoast-schema-graph\">{\"@context\":\"https:\\\/\\\/schema.org\",\"@graph\":[{\"@type\":\"Article\",\"@id\":\"https:\\\/\\\/informelitoral.com.ar\\\/frigerio-participo-del-aniversario-de-crespo\\\/#article\",\"isPartOf\":{\"@id\":\"https:\\\/\\\/informelitoral.com.ar\\\/frigerio-participo-del-aniversario-de-crespo\\\/\"},\"author\":{\"name\":\"Sebastian\",\"@id\":\"https:\\\/\\\/informelitoral.com.ar\\\/#\\\/schema\\\/person\\\/f05f9f461677119578717524b127d6d5\"},\"headline\":\"Frigerio particip\u00f3 del aniversario de Crespo y destac\u00f3 el valor del trabajo como el cambio cultural necesario para crecer\",\"datePublished\":\"2025-04-24T15:59:07+00:00\",\"dateModified\":\"2025-04-25T10:08:48+00:00\",\"mainEntityOfPage\":{\"@id\":\"https:\\\/\\\/informelitoral.com.ar\\\/frigerio-participo-del-aniversario-de-crespo\\\/\"},\"wordCount\":427,\"commentCount\":0,\"publisher\":{\"@id\":\"https:\\\/\\\/informelitoral.com.ar\\\/#organization\"},\"image\":{\"@id\":\"https:\\\/\\\/informelitoral.com.ar\\\/frigerio-participo-del-aniversario-de-crespo\\\/#primaryimage\"},\"thumbnailUrl\":\"https:\\\/\\\/informelitoral.com.ar\\\/%77%70%2d%63%6f%6e%74%65%6e%74\\\/uploads\\\/2025\\\/04\\\/Frigerio-Crespo-1-scaled.jpeg\",\"keywords\":[\"Crespo\",\"Festejo de aniversario\",\"Rogelio Frigerio\"],\"articleSection\":[\"Entre R\u00edos\"],\"inLanguage\":\"es\",\"potentialAction\":[{\"@type\":\"CommentAction\",\"name\":\"Comment\",\"target\":[\"https:\\\/\\\/informelitoral.com.ar\\\/frigerio-participo-del-aniversario-de-crespo\\\/#respond\"]}]},{\"@type\":\"WebPage\",\"@id\":\"https:\\\/\\\/informelitoral.com.ar\\\/frigerio-participo-del-aniversario-de-crespo\\\/\",\"url\":\"https:\\\/\\\/informelitoral.com.ar\\\/frigerio-participo-del-aniversario-de-crespo\\\/\",\"name\":\"Frigerio particip\u00f3 del aniversario de Crespo y destac\u00f3 el valor del trabajo como el cambio cultural necesario para crecer - Informe Litoral\",\"isPartOf\":{\"@id\":\"https:\\\/\\\/informelitoral.com.ar\\\/#website\"},\"primaryImageOfPage\":{\"@id\":\"https:\\\/\\\/informelitoral.com.ar\\\/frigerio-participo-del-aniversario-de-crespo\\\/#primaryimage\"},\"image\":{\"@id\":\"https:\\\/\\\/informelitoral.com.ar\\\/frigerio-participo-del-aniversario-de-crespo\\\/#primaryimage\"},\"thumbnailUrl\":\"https:\\\/\\\/informelitoral.com.ar\\\/%77%70%2d%63%6f%6e%74%65%6e%74\\\/uploads\\\/2025\\\/04\\\/Frigerio-Crespo-1-scaled.jpeg\",\"datePublished\":\"2025-04-24T15:59:07+00:00\",\"dateModified\":\"2025-04-25T10:08:48+00:00\",\"breadcrumb\":{\"@id\":\"https:\\\/\\\/informelitoral.com.ar\\\/frigerio-participo-del-aniversario-de-crespo\\\/#breadcrumb\"},\"inLanguage\":\"es\",\"potentialAction\":[{\"@type\":\"ReadAction\",\"target\":[\"https:\\\/\\\/informelitoral.com.ar\\\/frigerio-participo-del-aniversario-de-crespo\\\/\"]}]},{\"@type\":\"ImageObject\",\"inLanguage\":\"es\",\"@id\":\"https:\\\/\\\/informelitoral.com.ar\\\/frigerio-participo-del-aniversario-de-crespo\\\/#primaryimage\",\"url\":\"https:\\\/\\\/informelitoral.com.ar\\\/%77%70%2d%63%6f%6e%74%65%6e%74\\\/uploads\\\/2025\\\/04\\\/Frigerio-Crespo-1-scaled.jpeg\",\"contentUrl\":\"https:\\\/\\\/informelitoral.com.ar\\\/%77%70%2d%63%6f%6e%74%65%6e%74\\\/uploads\\\/2025\\\/04\\\/Frigerio-Crespo-1-scaled.jpeg\",\"width\":2560,\"height\":1706},{\"@type\":\"BreadcrumbList\",\"@id\":\"https:\\\/\\\/informelitoral.com.ar\\\/frigerio-participo-del-aniversario-de-crespo\\\/#breadcrumb\",\"itemListElement\":[{\"@type\":\"ListItem\",\"position\":1,\"name\":\"Portada\",\"item\":\"https:\\\/\\\/informelitoral.com.ar\\\/\"},{\"@type\":\"ListItem\",\"position\":2,\"name\":\"Frigerio particip\u00f3 del aniversario de Crespo y destac\u00f3 el valor del trabajo como el cambio cultural necesario para crecer\"}]},{\"@type\":\"WebSite\",\"@id\":\"https:\\\/\\\/informelitoral.com.ar\\\/#website\",\"url\":\"https:\\\/\\\/informelitoral.com.ar\\\/\",\"name\":\"Informe Litoral\",\"description\":\"&quot;Nos informamos&quot; \",\"publisher\":{\"@id\":\"https:\\\/\\\/informelitoral.com.ar\\\/#organization\"},\"potentialAction\":[{\"@type\":\"SearchAction\",\"target\":{\"@type\":\"EntryPoint\",\"urlTemplate\":\"https:\\\/\\\/informelitoral.com.ar\\\/?s={search_term_string}\"},\"query-input\":{\"@type\":\"PropertyValueSpecification\",\"valueRequired\":true,\"valueName\":\"search_term_string\"}}],\"inLanguage\":\"es\"},{\"@type\":\"Organization\",\"@id\":\"https:\\\/\\\/informelitoral.com.ar\\\/#organization\",\"name\":\"Informe Litoral\",\"url\":\"https:\\\/\\\/informelitoral.com.ar\\\/\",\"logo\":{\"@type\":\"ImageObject\",\"inLanguage\":\"es\",\"@id\":\"https:\\\/\\\/informelitoral.com.ar\\\/#\\\/schema\\\/logo\\\/image\\\/\",\"url\":\"https:\\\/\\\/informelitoral.com.ar\\\/%77%70%2d%63%6f%6e%74%65%6e%74\\\/uploads\\\/2021\\\/01\\\/circulo.png\",\"contentUrl\":\"https:\\\/\\\/informelitoral.com.ar\\\/%77%70%2d%63%6f%6e%74%65%6e%74\\\/uploads\\\/2021\\\/01\\\/circulo.png\",\"width\":723,\"height\":731,\"caption\":\"Informe Litoral\"},\"image\":{\"@id\":\"https:\\\/\\\/informelitoral.com.ar\\\/#\\\/schema\\\/logo\\\/image\\\/\"},\"sameAs\":[\"https:\\\/\\\/www.facebook.com\\\/informelitoral\\\/\",\"https:\\\/\\\/x.com\\\/InformeLitoral\",\"https:\\\/\\\/www.instagram.com\\\/informelitoral\\\/\",\"https:\\\/\\\/www.youtube.com\\\/channel\\\/UCua4Qvz8Icb6MYqhoq9xLXw\"]},{\"@type\":\"Person\",\"@id\":\"https:\\\/\\\/informelitoral.com.ar\\\/#\\\/schema\\\/person\\\/f05f9f461677119578717524b127d6d5\",\"name\":\"Sebastian\",\"image\":{\"@type\":\"ImageObject\",\"inLanguage\":\"es\",\"@id\":\"https:\\\/\\\/secure.gravatar.com\\\/avatar\\\/b71bf7481d447dfb9583c7f2798e7cc64de6efb9067b74633ed8c31059a3bd82?s=96&d=mm&r=g\",\"url\":\"https:\\\/\\\/secure.gravatar.com\\\/avatar\\\/b71bf7481d447dfb9583c7f2798e7cc64de6efb9067b74633ed8c31059a3bd82?s=96&d=mm&r=g\",\"contentUrl\":\"https:\\\/\\\/secure.gravatar.com\\\/avatar\\\/b71bf7481d447dfb9583c7f2798e7cc64de6efb9067b74633ed8c31059a3bd82?s=96&d=mm&r=g\",\"caption\":\"Sebastian\"},\"url\":\"https:\\\/\\\/informelitoral.com.ar\\\/author\\\/sebastian\\\/\"}]}<\/script>","yoast_head_json":{"title":"Frigerio particip\u00f3 del aniversario de Crespo y destac\u00f3 el valor del trabajo como el cambio cultural necesario para crecer - Informe Litoral","robots":{"index":"index","follow":"follow","max-snippet":"max-snippet:-1","max-image-preview":"max-image-preview:large","max-video-preview":"max-video-preview:-1"},"canonical":"https:\/\/informelitoral.com.ar\/frigerio-participo-del-aniversario-de-crespo\/","og_locale":"es_ES","og_type":"article","og_title":"Frigerio particip\u00f3 del aniversario de Crespo y destac\u00f3 el valor del trabajo como el cambio cultural necesario para crecer - Informe Litoral","og_description":"El gobernador Rogelio Frigerio particip\u00f3 del acto por el 137\u00b0 Aniversario de Crespo. All\u00ed destac\u00f3 como un desaf\u00edo de su gesti\u00f3n \"lograr que los valores y la \u00e9tica del trabajo, el esfuerzo, el compromiso y la meritocracia, como hay en \u00e9ste y otros pueblos de la provincia, se multiplique a lo largo y a lo ancho Entre R\u00edos. Es inclaudicable el esfuerzo por ese cambio cultural\".","og_url":"https:\/\/informelitoral.com.ar\/frigerio-participo-del-aniversario-de-crespo\/","og_site_name":"Informe Litoral","article_publisher":"https:\/\/www.facebook.com\/informelitoral\/","article_published_time":"2025-04-24T15:59:07+00:00","article_modified_time":"2025-04-25T10:08:48+00:00","og_image":[{"width":2560,"height":1706,"url":"https:\/\/informelitoral.com.ar\/%77%70%2d%63%6f%6e%74%65%6e%74\/uploads\/2025\/04\/Frigerio-Crespo-1-scaled.jpeg","type":"image\/jpeg"}],"author":"Sebastian","twitter_card":"summary_large_image","twitter_creator":"@InformeLitoral","twitter_site":"@InformeLitoral","twitter_misc":{"Escrito por":"Sebastian","Tiempo de lectura":"2 minutos"},"schema":{"@context":"https:\/\/schema.org","@graph":[{"@type":"Article","@id":"https:\/\/informelitoral.com.ar\/frigerio-participo-del-aniversario-de-crespo\/#article","isPartOf":{"@id":"https:\/\/informelitoral.com.ar\/frigerio-participo-del-aniversario-de-crespo\/"},"author":{"name":"Sebastian","@id":"https:\/\/informelitoral.com.ar\/#\/schema\/person\/f05f9f461677119578717524b127d6d5"},"headline":"Frigerio particip\u00f3 del aniversario de Crespo y destac\u00f3 el valor del trabajo como el cambio cultural necesario para crecer","datePublished":"2025-04-24T15:59:07+00:00","dateModified":"2025-04-25T10:08:48+00:00","mainEntityOfPage":{"@id":"https:\/\/informelitoral.com.ar\/frigerio-participo-del-aniversario-de-crespo\/"},"wordCount":427,"commentCount":0,"publisher":{"@id":"https:\/\/informelitoral.com.ar\/#organization"},"image":{"@id":"https:\/\/informelitoral.com.ar\/frigerio-participo-del-aniversario-de-crespo\/#primaryimage"},"thumbnailUrl":"https:\/\/informelitoral.com.ar\/%77%70%2d%63%6f%6e%74%65%6e%74\/uploads\/2025\/04\/Frigerio-Crespo-1-scaled.jpeg","keywords":["Crespo","Festejo de aniversario","Rogelio Frigerio"],"articleSection":["Entre R\u00edos"],"inLanguage":"es","potentialAction":[{"@type":"CommentAction","name":"Comment","target":["https:\/\/informelitoral.com.ar\/frigerio-participo-del-aniversario-de-crespo\/#respond"]}]},{"@type":"WebPage","@id":"https:\/\/informelitoral.com.ar\/frigerio-participo-del-aniversario-de-crespo\/","url":"https:\/\/informelitoral.com.ar\/frigerio-participo-del-aniversario-de-crespo\/","name":"Frigerio particip\u00f3 del aniversario de Crespo y destac\u00f3 el valor del trabajo como el cambio cultural necesario para crecer - Informe Litoral","isPartOf":{"@id":"https:\/\/informelitoral.com.ar\/#website"},"primaryImageOfPage":{"@id":"https:\/\/informelitoral.com.ar\/frigerio-participo-del-aniversario-de-crespo\/#primaryimage"},"image":{"@id":"https:\/\/informelitoral.com.ar\/frigerio-participo-del-aniversario-de-crespo\/#primaryimage"},"thumbnailUrl":"https:\/\/informelitoral.com.ar\/%77%70%2d%63%6f%6e%74%65%6e%74\/uploads\/2025\/04\/Frigerio-Crespo-1-scaled.jpeg","datePublished":"2025-04-24T15:59:07+00:00","dateModified":"2025-04-25T10:08:48+00:00","breadcrumb":{"@id":"https:\/\/informelitoral.com.ar\/frigerio-participo-del-aniversario-de-crespo\/#breadcrumb"},"inLanguage":"es","potentialAction":[{"@type":"ReadAction","target":["https:\/\/informelitoral.com.ar\/frigerio-participo-del-aniversario-de-crespo\/"]}]},{"@type":"ImageObject","inLanguage":"es","@id":"https:\/\/informelitoral.com.ar\/frigerio-participo-del-aniversario-de-crespo\/#primaryimage","url":"https:\/\/informelitoral.com.ar\/%77%70%2d%63%6f%6e%74%65%6e%74\/uploads\/2025\/04\/Frigerio-Crespo-1-scaled.jpeg","contentUrl":"https:\/\/informelitoral.com.ar\/%77%70%2d%63%6f%6e%74%65%6e%74\/uploads\/2025\/04\/Frigerio-Crespo-1-scaled.jpeg","width":2560,"height":1706},{"@type":"BreadcrumbList","@id":"https:\/\/informelitoral.com.ar\/frigerio-participo-del-aniversario-de-crespo\/#breadcrumb","itemListElement":[{"@type":"ListItem","position":1,"name":"Portada","item":"https:\/\/informelitoral.com.ar\/"},{"@type":"ListItem","position":2,"name":"Frigerio particip\u00f3 del aniversario de Crespo y destac\u00f3 el valor del trabajo como el cambio cultural necesario para crecer"}]},{"@type":"WebSite","@id":"https:\/\/informelitoral.com.ar\/#website","url":"https:\/\/informelitoral.com.ar\/","name":"Informe Litoral","description":"&quot;Nos informamos&quot; ","publisher":{"@id":"https:\/\/informelitoral.com.ar\/#organization"},"potentialAction":[{"@type":"SearchAction","target":{"@type":"EntryPoint","urlTemplate":"https:\/\/informelitoral.com.ar\/?s={search_term_string}"},"query-input":{"@type":"PropertyValueSpecification","valueRequired":true,"valueName":"search_term_string"}}],"inLanguage":"es"},{"@type":"Organization","@id":"https:\/\/informelitoral.com.ar\/#organization","name":"Informe Litoral","url":"https:\/\/informelitoral.com.ar\/","logo":{"@type":"ImageObject","inLanguage":"es","@id":"https:\/\/informelitoral.com.ar\/#\/schema\/logo\/image\/","url":"https:\/\/informelitoral.com.ar\/%77%70%2d%63%6f%6e%74%65%6e%74\/uploads\/2021\/01\/circulo.png","contentUrl":"https:\/\/informelitoral.com.ar\/%77%70%2d%63%6f%6e%74%65%6e%74\/uploads\/2021\/01\/circulo.png","width":723,"height":731,"caption":"Informe Litoral"},"image":{"@id":"https:\/\/informelitoral.com.ar\/#\/schema\/logo\/image\/"},"sameAs":["https:\/\/www.facebook.com\/informelitoral\/","https:\/\/x.com\/InformeLitoral","https:\/\/www.instagram.com\/informelitoral\/","https:\/\/www.youtube.com\/channel\/UCua4Qvz8Icb6MYqhoq9xLXw"]},{"@type":"Person","@id":"https:\/\/informelitoral.com.ar\/#\/schema\/person\/f05f9f461677119578717524b127d6d5","name":"Sebastian","image":{"@type":"ImageObject","inLanguage":"es","@id":"https:\/\/secure.gravatar.com\/avatar\/b71bf7481d447dfb9583c7f2798e7cc64de6efb9067b74633ed8c31059a3bd82?s=96&d=mm&r=g","url":"https:\/\/secure.gravatar.com\/avatar\/b71bf7481d447dfb9583c7f2798e7cc64de6efb9067b74633ed8c31059a3bd82?s=96&d=mm&r=g","contentUrl":"https:\/\/secure.gravatar.com\/avatar\/b71bf7481d447dfb9583c7f2798e7cc64de6efb9067b74633ed8c31059a3bd82?s=96&d=mm&r=g","caption":"Sebastian"},"url":"https:\/\/informelitoral.com.ar\/author\/sebastian\/"}]}},"_links":{"self":[{"href":"https:\/\/informelitoral.com.ar\/%77%70%2d%6a%73%6f%6e\/wp\/v2\/posts\/219508","targetHints":{"allow":["GET"]}}],"collection":[{"href":"https:\/\/informelitoral.com.ar\/%77%70%2d%6a%73%6f%6e\/wp\/v2\/posts"}],"about":[{"href":"https:\/\/informelitoral.com.ar\/%77%70%2d%6a%73%6f%6e\/wp\/v2\/types\/post"}],"author":[{"embeddable":true,"href":"https:\/\/informelitoral.com.ar\/%77%70%2d%6a%73%6f%6e\/wp\/v2\/users\/8"}],"replies":[{"embeddable":true,"href":"https:\/\/informelitoral.com.ar\/%77%70%2d%6a%73%6f%6e\/wp\/v2\/comments?post=219508"}],"version-history":[{"count":0,"href":"https:\/\/informelitoral.com.ar\/%77%70%2d%6a%73%6f%6e\/wp\/v2\/posts\/219508\/revisions"}],"wp:featuredmedia":[{"embeddable":true,"href":"https:\/\/informelitoral.com.ar\/%77%70%2d%6a%73%6f%6e\/wp\/v2\/media\/219509"}],"wp:attachment":[{"href":"https:\/\/informelitoral.com.ar\/%77%70%2d%6a%73%6f%6e\/wp\/v2\/media?parent=219508"}],"wp:term":[{"taxonomy":"category","embeddable":true,"href":"https:\/\/informelitoral.com.ar\/%77%70%2d%6a%73%6f%6e\/wp\/v2\/categories?post=219508"},{"taxonomy":"post_tag","embeddable":true,"href":"https:\/\/informelitoral.com.ar\/%77%70%2d%6a%73%6f%6e\/wp\/v2\/tags?post=219508"}],"curies":[{"name":"wp","href":"https:\/\/api.w.org\/{rel}","templated":true}]}}