{"id":219337,"date":"2025-04-23T09:35:53","date_gmt":"2025-04-23T12:35:53","guid":{"rendered":"https:\/\/informelitoral.com.ar\/?p=219337"},"modified":"2025-04-23T09:43:13","modified_gmt":"2025-04-23T12:43:13","slug":"recuperacion-del-parque-gazzano-mas-calidad-para-el-espacio-publico-vecinal","status":"publish","type":"post","link":"https:\/\/informelitoral.com.ar\/recuperacion-del-parque-gazzano-mas-calidad-para-el-espacio-publico-vecinal\/","title":{"rendered":"Recuperaci\u00f3n del Parque Gazzano de Paran\u00e1: m\u00e1s calidad para el espacio p\u00fablico vecinal"},"content":{"rendered":"<p>El viceintendente <strong>David C\u00e1ceres<\/strong>, junto al secretario de Planificaci\u00f3n e Infraestructura, <strong>Eduardo Lor\u00e9fice<\/strong>, realizaron este martes una supervisi\u00f3n de los progresos en las obras de renovaci\u00f3n de un importante espacio verde de la ciudad, las cuales se est\u00e1n llevando adelante con fondos municipales.<\/p>\n<p>Durante la recorrida, el secretario Lor\u00e9fice detall\u00f3 las intervenciones concretadas hasta el momento, destacando la \u00abrecomposici\u00f3n del sistema de senderos, con la significativa incorporaci\u00f3n de baldosa t\u00e1ctil para optimizar la accesibilidad para todas las personas\u00bb. Asimismo, resalt\u00f3 la instalaci\u00f3n de \u00abnueva iluminaci\u00f3n\u00bb y la \u00abreformulaci\u00f3n completa del mobiliario urbano, incluyendo tanto bancos como cestos de basura\u00bb. Una novedad importante es la \u00abincorporaci\u00f3n de estaciones deportivas ubicadas estrat\u00e9gicamente\u00bb dentro del parque.<\/p>\n<p>En relaci\u00f3n a la relevancia de sumar un nuevo espacio verde renovado para el disfrute de los vecinos, el funcionario municipal expres\u00f3 que \u00abel parque invita a ingresar. La disposici\u00f3n que tiene es diferente y la iluminaci\u00f3n brinda seguridad, sumado a nuevos sanitarios que brindan un mejor servicio\u00bb.(<em>Informe Litoral<\/em>)<\/p>\n<h6><em><strong>Del Archivo:\u00a0<a href=\"https:\/\/informelitoral.com.ar\/presentan-un-proyecto-para-conmemorar-a-heroes-de-malvinas\/\" target=\"_blank\" rel=\"noopener\">Paran\u00e1: presentan un proyecto para conmemorar a h\u00e9roes de Malvinas<\/a><\/strong><\/em><\/h6>\n","protected":false},"excerpt":{"rendered":"<p>Los trabajos de remodelaci\u00f3n del emblem\u00e1tico paseo est\u00e1n llegando a su fin. La Municipalidad est\u00e1 concluyendo las tareas del renovado play\u00f3n multideportivo y la puesta en valor de varios sectores, incluyendo la creaci\u00f3n de senderos accesibles y la instalaci\u00f3n de un nuevo sistema de alumbrado.<\/p>\n","protected":false},"author":8,"featured_media":219341,"comment_status":"open","ping_status":"open","sticky":false,"template":"","format":"standard","meta":{"fifu_image_url":"","fifu_image_alt":"","footnotes":""},"categories":[1597],"tags":[1399,45,1176],"class_list":{"0":"post-219337","1":"post","2":"type-post","3":"status-publish","4":"format-standard","5":"has-post-thumbnail","7":"category-parana","8":"tag-municipalidad-de-parana","9":"tag-parana","10":"tag-parque"},"yoast_head":"<title>Recuperaci\u00f3n del Parque Gazzano de Paran\u00e1: m\u00e1s calidad para el espacio p\u00fablico vecinal - Informe Litoral<\/title>\n<meta name=\"robots\" content=\"index, follow, max-snippet:-1, max-image-preview:large, max-video-preview:-1\" \/>\n<link rel=\"canonical\" href=\"https:\/\/informelitoral.com.ar\/recuperacion-del-parque-gazzano-mas-calidad-para-el-espacio-publico-vecinal\/\" \/>\n<meta property=\"og:locale\" content=\"es_ES\" \/>\n<meta property=\"og:type\" content=\"article\" \/>\n<meta property=\"og:title\" content=\"Recuperaci\u00f3n del Parque Gazzano de Paran\u00e1: m\u00e1s calidad para el espacio p\u00fablico vecinal - Informe Litoral\" \/>\n<meta property=\"og:description\" content=\"Los trabajos de remodelaci\u00f3n del emblem\u00e1tico paseo est\u00e1n llegando a su fin. La Municipalidad est\u00e1 concluyendo las tareas del renovado play\u00f3n multideportivo y la puesta en valor de varios sectores, incluyendo la creaci\u00f3n de senderos accesibles y la instalaci\u00f3n de un nuevo sistema de alumbrado.\" \/>\n<meta property=\"og:url\" content=\"https:\/\/informelitoral.com.ar\/recuperacion-del-parque-gazzano-mas-calidad-para-el-espacio-publico-vecinal\/\" \/>\n<meta property=\"og:site_name\" content=\"Informe Litoral\" \/>\n<meta property=\"article:publisher\" content=\"https:\/\/www.facebook.com\/informelitoral\/\" \/>\n<meta property=\"article:published_time\" content=\"2025-04-23T12:35:53+00:00\" \/>\n<meta property=\"article:modified_time\" content=\"2025-04-23T12:43:13+00:00\" \/>\n<meta property=\"og:image\" content=\"https:\/\/informelitoral.com.ar\/%77%70%2d%63%6f%6e%74%65%6e%74\/uploads\/2025\/04\/3a00b53dc3a35da36a927dd6491cceb6.jpg\" \/>\n\t<meta property=\"og:image:width\" content=\"1280\" \/>\n\t<meta property=\"og:image:height\" content=\"853\" \/>\n\t<meta property=\"og:image:type\" content=\"image\/jpeg\" \/>\n<meta name=\"author\" content=\"Sebastian\" \/>\n<meta name=\"twitter:card\" content=\"summary_large_image\" \/>\n<meta name=\"twitter:creator\" content=\"@InformeLitoral\" \/>\n<meta name=\"twitter:site\" content=\"@InformeLitoral\" \/>\n<meta name=\"twitter:label1\" content=\"Escrito por\" \/>\n\t<meta name=\"twitter:data1\" content=\"Sebastian\" \/>\n\t<meta name=\"twitter:label2\" content=\"Tiempo de lectura\" \/>\n\t<meta name=\"twitter:data2\" content=\"1 minuto\" \/>\n<script type=\"application\/ld+json\" class=\"yoast-schema-graph\">{\"@context\":\"https:\\\/\\\/schema.org\",\"@graph\":[{\"@type\":\"Article\",\"@id\":\"https:\\\/\\\/informelitoral.com.ar\\\/recuperacion-del-parque-gazzano-mas-calidad-para-el-espacio-publico-vecinal\\\/#article\",\"isPartOf\":{\"@id\":\"https:\\\/\\\/informelitoral.com.ar\\\/recuperacion-del-parque-gazzano-mas-calidad-para-el-espacio-publico-vecinal\\\/\"},\"author\":{\"name\":\"Sebastian\",\"@id\":\"https:\\\/\\\/informelitoral.com.ar\\\/#\\\/schema\\\/person\\\/f05f9f461677119578717524b127d6d5\"},\"headline\":\"Recuperaci\u00f3n del Parque Gazzano de Paran\u00e1: m\u00e1s calidad para el espacio p\u00fablico vecinal\",\"datePublished\":\"2025-04-23T12:35:53+00:00\",\"dateModified\":\"2025-04-23T12:43:13+00:00\",\"mainEntityOfPage\":{\"@id\":\"https:\\\/\\\/informelitoral.com.ar\\\/recuperacion-del-parque-gazzano-mas-calidad-para-el-espacio-publico-vecinal\\\/\"},\"wordCount\":210,\"commentCount\":0,\"publisher\":{\"@id\":\"https:\\\/\\\/informelitoral.com.ar\\\/#organization\"},\"image\":{\"@id\":\"https:\\\/\\\/informelitoral.com.ar\\\/recuperacion-del-parque-gazzano-mas-calidad-para-el-espacio-publico-vecinal\\\/#primaryimage\"},\"thumbnailUrl\":\"https:\\\/\\\/informelitoral.com.ar\\\/%77%70%2d%63%6f%6e%74%65%6e%74\\\/uploads\\\/2025\\\/04\\\/3a00b53dc3a35da36a927dd6491cceb6.jpg\",\"keywords\":[\"Municipalidad de Paran\u00e1\",\"Paran\u00e1\",\"Parque\"],\"articleSection\":[\"Paran\u00e1\"],\"inLanguage\":\"es\",\"potentialAction\":[{\"@type\":\"CommentAction\",\"name\":\"Comment\",\"target\":[\"https:\\\/\\\/informelitoral.com.ar\\\/recuperacion-del-parque-gazzano-mas-calidad-para-el-espacio-publico-vecinal\\\/#respond\"]}]},{\"@type\":\"WebPage\",\"@id\":\"https:\\\/\\\/informelitoral.com.ar\\\/recuperacion-del-parque-gazzano-mas-calidad-para-el-espacio-publico-vecinal\\\/\",\"url\":\"https:\\\/\\\/informelitoral.com.ar\\\/recuperacion-del-parque-gazzano-mas-calidad-para-el-espacio-publico-vecinal\\\/\",\"name\":\"Recuperaci\u00f3n del Parque Gazzano de Paran\u00e1: m\u00e1s calidad para el espacio p\u00fablico vecinal - Informe Litoral\",\"isPartOf\":{\"@id\":\"https:\\\/\\\/informelitoral.com.ar\\\/#website\"},\"primaryImageOfPage\":{\"@id\":\"https:\\\/\\\/informelitoral.com.ar\\\/recuperacion-del-parque-gazzano-mas-calidad-para-el-espacio-publico-vecinal\\\/#primaryimage\"},\"image\":{\"@id\":\"https:\\\/\\\/informelitoral.com.ar\\\/recuperacion-del-parque-gazzano-mas-calidad-para-el-espacio-publico-vecinal\\\/#primaryimage\"},\"thumbnailUrl\":\"https:\\\/\\\/informelitoral.com.ar\\\/%77%70%2d%63%6f%6e%74%65%6e%74\\\/uploads\\\/2025\\\/04\\\/3a00b53dc3a35da36a927dd6491cceb6.jpg\",\"datePublished\":\"2025-04-23T12:35:53+00:00\",\"dateModified\":\"2025-04-23T12:43:13+00:00\",\"breadcrumb\":{\"@id\":\"https:\\\/\\\/informelitoral.com.ar\\\/recuperacion-del-parque-gazzano-mas-calidad-para-el-espacio-publico-vecinal\\\/#breadcrumb\"},\"inLanguage\":\"es\",\"potentialAction\":[{\"@type\":\"ReadAction\",\"target\":[\"https:\\\/\\\/informelitoral.com.ar\\\/recuperacion-del-parque-gazzano-mas-calidad-para-el-espacio-publico-vecinal\\\/\"]}]},{\"@type\":\"ImageObject\",\"inLanguage\":\"es\",\"@id\":\"https:\\\/\\\/informelitoral.com.ar\\\/recuperacion-del-parque-gazzano-mas-calidad-para-el-espacio-publico-vecinal\\\/#primaryimage\",\"url\":\"https:\\\/\\\/informelitoral.com.ar\\\/%77%70%2d%63%6f%6e%74%65%6e%74\\\/uploads\\\/2025\\\/04\\\/3a00b53dc3a35da36a927dd6491cceb6.jpg\",\"contentUrl\":\"https:\\\/\\\/informelitoral.com.ar\\\/%77%70%2d%63%6f%6e%74%65%6e%74\\\/uploads\\\/2025\\\/04\\\/3a00b53dc3a35da36a927dd6491cceb6.jpg\",\"width\":1280,\"height\":853},{\"@type\":\"BreadcrumbList\",\"@id\":\"https:\\\/\\\/informelitoral.com.ar\\\/recuperacion-del-parque-gazzano-mas-calidad-para-el-espacio-publico-vecinal\\\/#breadcrumb\",\"itemListElement\":[{\"@type\":\"ListItem\",\"position\":1,\"name\":\"Portada\",\"item\":\"https:\\\/\\\/informelitoral.com.ar\\\/\"},{\"@type\":\"ListItem\",\"position\":2,\"name\":\"Recuperaci\u00f3n del Parque Gazzano de Paran\u00e1: m\u00e1s calidad para el espacio p\u00fablico vecinal\"}]},{\"@type\":\"WebSite\",\"@id\":\"https:\\\/\\\/informelitoral.com.ar\\\/#website\",\"url\":\"https:\\\/\\\/informelitoral.com.ar\\\/\",\"name\":\"Informe Litoral\",\"description\":\"&quot;Nos informamos&quot; \",\"publisher\":{\"@id\":\"https:\\\/\\\/informelitoral.com.ar\\\/#organization\"},\"potentialAction\":[{\"@type\":\"SearchAction\",\"target\":{\"@type\":\"EntryPoint\",\"urlTemplate\":\"https:\\\/\\\/informelitoral.com.ar\\\/?s={search_term_string}\"},\"query-input\":{\"@type\":\"PropertyValueSpecification\",\"valueRequired\":true,\"valueName\":\"search_term_string\"}}],\"inLanguage\":\"es\"},{\"@type\":\"Organization\",\"@id\":\"https:\\\/\\\/informelitoral.com.ar\\\/#organization\",\"name\":\"Informe Litoral\",\"url\":\"https:\\\/\\\/informelitoral.com.ar\\\/\",\"logo\":{\"@type\":\"ImageObject\",\"inLanguage\":\"es\",\"@id\":\"https:\\\/\\\/informelitoral.com.ar\\\/#\\\/schema\\\/logo\\\/image\\\/\",\"url\":\"https:\\\/\\\/informelitoral.com.ar\\\/%77%70%2d%63%6f%6e%74%65%6e%74\\\/uploads\\\/2021\\\/01\\\/circulo.png\",\"contentUrl\":\"https:\\\/\\\/informelitoral.com.ar\\\/%77%70%2d%63%6f%6e%74%65%6e%74\\\/uploads\\\/2021\\\/01\\\/circulo.png\",\"width\":723,\"height\":731,\"caption\":\"Informe Litoral\"},\"image\":{\"@id\":\"https:\\\/\\\/informelitoral.com.ar\\\/#\\\/schema\\\/logo\\\/image\\\/\"},\"sameAs\":[\"https:\\\/\\\/www.facebook.com\\\/informelitoral\\\/\",\"https:\\\/\\\/x.com\\\/InformeLitoral\",\"https:\\\/\\\/www.instagram.com\\\/informelitoral\\\/\",\"https:\\\/\\\/www.youtube.com\\\/channel\\\/UCua4Qvz8Icb6MYqhoq9xLXw\"]},{\"@type\":\"Person\",\"@id\":\"https:\\\/\\\/informelitoral.com.ar\\\/#\\\/schema\\\/person\\\/f05f9f461677119578717524b127d6d5\",\"name\":\"Sebastian\",\"image\":{\"@type\":\"ImageObject\",\"inLanguage\":\"es\",\"@id\":\"https:\\\/\\\/secure.gravatar.com\\\/avatar\\\/b71bf7481d447dfb9583c7f2798e7cc64de6efb9067b74633ed8c31059a3bd82?s=96&d=mm&r=g\",\"url\":\"https:\\\/\\\/secure.gravatar.com\\\/avatar\\\/b71bf7481d447dfb9583c7f2798e7cc64de6efb9067b74633ed8c31059a3bd82?s=96&d=mm&r=g\",\"contentUrl\":\"https:\\\/\\\/secure.gravatar.com\\\/avatar\\\/b71bf7481d447dfb9583c7f2798e7cc64de6efb9067b74633ed8c31059a3bd82?s=96&d=mm&r=g\",\"caption\":\"Sebastian\"},\"url\":\"https:\\\/\\\/informelitoral.com.ar\\\/author\\\/sebastian\\\/\"}]}<\/script>","yoast_head_json":{"title":"Recuperaci\u00f3n del Parque Gazzano de Paran\u00e1: m\u00e1s calidad para el espacio p\u00fablico vecinal - Informe Litoral","robots":{"index":"index","follow":"follow","max-snippet":"max-snippet:-1","max-image-preview":"max-image-preview:large","max-video-preview":"max-video-preview:-1"},"canonical":"https:\/\/informelitoral.com.ar\/recuperacion-del-parque-gazzano-mas-calidad-para-el-espacio-publico-vecinal\/","og_locale":"es_ES","og_type":"article","og_title":"Recuperaci\u00f3n del Parque Gazzano de Paran\u00e1: m\u00e1s calidad para el espacio p\u00fablico vecinal - Informe Litoral","og_description":"Los trabajos de remodelaci\u00f3n del emblem\u00e1tico paseo est\u00e1n llegando a su fin. La Municipalidad est\u00e1 concluyendo las tareas del renovado play\u00f3n multideportivo y la puesta en valor de varios sectores, incluyendo la creaci\u00f3n de senderos accesibles y la instalaci\u00f3n de un nuevo sistema de alumbrado.","og_url":"https:\/\/informelitoral.com.ar\/recuperacion-del-parque-gazzano-mas-calidad-para-el-espacio-publico-vecinal\/","og_site_name":"Informe Litoral","article_publisher":"https:\/\/www.facebook.com\/informelitoral\/","article_published_time":"2025-04-23T12:35:53+00:00","article_modified_time":"2025-04-23T12:43:13+00:00","og_image":[{"width":1280,"height":853,"url":"https:\/\/informelitoral.com.ar\/%77%70%2d%63%6f%6e%74%65%6e%74\/uploads\/2025\/04\/3a00b53dc3a35da36a927dd6491cceb6.jpg","type":"image\/jpeg"}],"author":"Sebastian","twitter_card":"summary_large_image","twitter_creator":"@InformeLitoral","twitter_site":"@InformeLitoral","twitter_misc":{"Escrito por":"Sebastian","Tiempo de lectura":"1 minuto"},"schema":{"@context":"https:\/\/schema.org","@graph":[{"@type":"Article","@id":"https:\/\/informelitoral.com.ar\/recuperacion-del-parque-gazzano-mas-calidad-para-el-espacio-publico-vecinal\/#article","isPartOf":{"@id":"https:\/\/informelitoral.com.ar\/recuperacion-del-parque-gazzano-mas-calidad-para-el-espacio-publico-vecinal\/"},"author":{"name":"Sebastian","@id":"https:\/\/informelitoral.com.ar\/#\/schema\/person\/f05f9f461677119578717524b127d6d5"},"headline":"Recuperaci\u00f3n del Parque Gazzano de Paran\u00e1: m\u00e1s calidad para el espacio p\u00fablico vecinal","datePublished":"2025-04-23T12:35:53+00:00","dateModified":"2025-04-23T12:43:13+00:00","mainEntityOfPage":{"@id":"https:\/\/informelitoral.com.ar\/recuperacion-del-parque-gazzano-mas-calidad-para-el-espacio-publico-vecinal\/"},"wordCount":210,"commentCount":0,"publisher":{"@id":"https:\/\/informelitoral.com.ar\/#organization"},"image":{"@id":"https:\/\/informelitoral.com.ar\/recuperacion-del-parque-gazzano-mas-calidad-para-el-espacio-publico-vecinal\/#primaryimage"},"thumbnailUrl":"https:\/\/informelitoral.com.ar\/%77%70%2d%63%6f%6e%74%65%6e%74\/uploads\/2025\/04\/3a00b53dc3a35da36a927dd6491cceb6.jpg","keywords":["Municipalidad de Paran\u00e1","Paran\u00e1","Parque"],"articleSection":["Paran\u00e1"],"inLanguage":"es","potentialAction":[{"@type":"CommentAction","name":"Comment","target":["https:\/\/informelitoral.com.ar\/recuperacion-del-parque-gazzano-mas-calidad-para-el-espacio-publico-vecinal\/#respond"]}]},{"@type":"WebPage","@id":"https:\/\/informelitoral.com.ar\/recuperacion-del-parque-gazzano-mas-calidad-para-el-espacio-publico-vecinal\/","url":"https:\/\/informelitoral.com.ar\/recuperacion-del-parque-gazzano-mas-calidad-para-el-espacio-publico-vecinal\/","name":"Recuperaci\u00f3n del Parque Gazzano de Paran\u00e1: m\u00e1s calidad para el espacio p\u00fablico vecinal - Informe Litoral","isPartOf":{"@id":"https:\/\/informelitoral.com.ar\/#website"},"primaryImageOfPage":{"@id":"https:\/\/informelitoral.com.ar\/recuperacion-del-parque-gazzano-mas-calidad-para-el-espacio-publico-vecinal\/#primaryimage"},"image":{"@id":"https:\/\/informelitoral.com.ar\/recuperacion-del-parque-gazzano-mas-calidad-para-el-espacio-publico-vecinal\/#primaryimage"},"thumbnailUrl":"https:\/\/informelitoral.com.ar\/%77%70%2d%63%6f%6e%74%65%6e%74\/uploads\/2025\/04\/3a00b53dc3a35da36a927dd6491cceb6.jpg","datePublished":"2025-04-23T12:35:53+00:00","dateModified":"2025-04-23T12:43:13+00:00","breadcrumb":{"@id":"https:\/\/informelitoral.com.ar\/recuperacion-del-parque-gazzano-mas-calidad-para-el-espacio-publico-vecinal\/#breadcrumb"},"inLanguage":"es","potentialAction":[{"@type":"ReadAction","target":["https:\/\/informelitoral.com.ar\/recuperacion-del-parque-gazzano-mas-calidad-para-el-espacio-publico-vecinal\/"]}]},{"@type":"ImageObject","inLanguage":"es","@id":"https:\/\/informelitoral.com.ar\/recuperacion-del-parque-gazzano-mas-calidad-para-el-espacio-publico-vecinal\/#primaryimage","url":"https:\/\/informelitoral.com.ar\/%77%70%2d%63%6f%6e%74%65%6e%74\/uploads\/2025\/04\/3a00b53dc3a35da36a927dd6491cceb6.jpg","contentUrl":"https:\/\/informelitoral.com.ar\/%77%70%2d%63%6f%6e%74%65%6e%74\/uploads\/2025\/04\/3a00b53dc3a35da36a927dd6491cceb6.jpg","width":1280,"height":853},{"@type":"BreadcrumbList","@id":"https:\/\/informelitoral.com.ar\/recuperacion-del-parque-gazzano-mas-calidad-para-el-espacio-publico-vecinal\/#breadcrumb","itemListElement":[{"@type":"ListItem","position":1,"name":"Portada","item":"https:\/\/informelitoral.com.ar\/"},{"@type":"ListItem","position":2,"name":"Recuperaci\u00f3n del Parque Gazzano de Paran\u00e1: m\u00e1s calidad para el espacio p\u00fablico vecinal"}]},{"@type":"WebSite","@id":"https:\/\/informelitoral.com.ar\/#website","url":"https:\/\/informelitoral.com.ar\/","name":"Informe Litoral","description":"&quot;Nos informamos&quot; ","publisher":{"@id":"https:\/\/informelitoral.com.ar\/#organization"},"potentialAction":[{"@type":"SearchAction","target":{"@type":"EntryPoint","urlTemplate":"https:\/\/informelitoral.com.ar\/?s={search_term_string}"},"query-input":{"@type":"PropertyValueSpecification","valueRequired":true,"valueName":"search_term_string"}}],"inLanguage":"es"},{"@type":"Organization","@id":"https:\/\/informelitoral.com.ar\/#organization","name":"Informe Litoral","url":"https:\/\/informelitoral.com.ar\/","logo":{"@type":"ImageObject","inLanguage":"es","@id":"https:\/\/informelitoral.com.ar\/#\/schema\/logo\/image\/","url":"https:\/\/informelitoral.com.ar\/%77%70%2d%63%6f%6e%74%65%6e%74\/uploads\/2021\/01\/circulo.png","contentUrl":"https:\/\/informelitoral.com.ar\/%77%70%2d%63%6f%6e%74%65%6e%74\/uploads\/2021\/01\/circulo.png","width":723,"height":731,"caption":"Informe Litoral"},"image":{"@id":"https:\/\/informelitoral.com.ar\/#\/schema\/logo\/image\/"},"sameAs":["https:\/\/www.facebook.com\/informelitoral\/","https:\/\/x.com\/InformeLitoral","https:\/\/www.instagram.com\/informelitoral\/","https:\/\/www.youtube.com\/channel\/UCua4Qvz8Icb6MYqhoq9xLXw"]},{"@type":"Person","@id":"https:\/\/informelitoral.com.ar\/#\/schema\/person\/f05f9f461677119578717524b127d6d5","name":"Sebastian","image":{"@type":"ImageObject","inLanguage":"es","@id":"https:\/\/secure.gravatar.com\/avatar\/b71bf7481d447dfb9583c7f2798e7cc64de6efb9067b74633ed8c31059a3bd82?s=96&d=mm&r=g","url":"https:\/\/secure.gravatar.com\/avatar\/b71bf7481d447dfb9583c7f2798e7cc64de6efb9067b74633ed8c31059a3bd82?s=96&d=mm&r=g","contentUrl":"https:\/\/secure.gravatar.com\/avatar\/b71bf7481d447dfb9583c7f2798e7cc64de6efb9067b74633ed8c31059a3bd82?s=96&d=mm&r=g","caption":"Sebastian"},"url":"https:\/\/informelitoral.com.ar\/author\/sebastian\/"}]}},"_links":{"self":[{"href":"https:\/\/informelitoral.com.ar\/%77%70%2d%6a%73%6f%6e\/wp\/v2\/posts\/219337","targetHints":{"allow":["GET"]}}],"collection":[{"href":"https:\/\/informelitoral.com.ar\/%77%70%2d%6a%73%6f%6e\/wp\/v2\/posts"}],"about":[{"href":"https:\/\/informelitoral.com.ar\/%77%70%2d%6a%73%6f%6e\/wp\/v2\/types\/post"}],"author":[{"embeddable":true,"href":"https:\/\/informelitoral.com.ar\/%77%70%2d%6a%73%6f%6e\/wp\/v2\/users\/8"}],"replies":[{"embeddable":true,"href":"https:\/\/informelitoral.com.ar\/%77%70%2d%6a%73%6f%6e\/wp\/v2\/comments?post=219337"}],"version-history":[{"count":0,"href":"https:\/\/informelitoral.com.ar\/%77%70%2d%6a%73%6f%6e\/wp\/v2\/posts\/219337\/revisions"}],"wp:featuredmedia":[{"embeddable":true,"href":"https:\/\/informelitoral.com.ar\/%77%70%2d%6a%73%6f%6e\/wp\/v2\/media\/219341"}],"wp:attachment":[{"href":"https:\/\/informelitoral.com.ar\/%77%70%2d%6a%73%6f%6e\/wp\/v2\/media?parent=219337"}],"wp:term":[{"taxonomy":"category","embeddable":true,"href":"https:\/\/informelitoral.com.ar\/%77%70%2d%6a%73%6f%6e\/wp\/v2\/categories?post=219337"},{"taxonomy":"post_tag","embeddable":true,"href":"https:\/\/informelitoral.com.ar\/%77%70%2d%6a%73%6f%6e\/wp\/v2\/tags?post=219337"}],"curies":[{"name":"wp","href":"https:\/\/api.w.org\/{rel}","templated":true}]}}