{"id":219330,"date":"2025-04-23T09:19:08","date_gmt":"2025-04-23T12:19:08","guid":{"rendered":"https:\/\/informelitoral.com.ar\/?p=219330"},"modified":"2025-04-23T15:36:22","modified_gmt":"2025-04-23T18:36:22","slug":"quien-sera-arbitro-para-el-superclasico-entre-river-y-boca","status":"publish","type":"post","link":"https:\/\/informelitoral.com.ar\/quien-sera-arbitro-para-el-superclasico-entre-river-y-boca\/","title":{"rendered":"Qui\u00e9n ser\u00e1 \u00e1rbitro para el Supercl\u00e1sico entre River y Boca"},"content":{"rendered":"<p class=\"paragraph\" data-mrf-recirculation=\"Links inline\"><b>River Plate<\/b>\u00a0y\u00a0<b>Boca Juniors<\/b>\u00a0disputar\u00e1n una nueva edici\u00f3n del\u00a0<b>Supercl\u00e1sico del f\u00fatbol argentino<\/b>, este domingo desde las 15.30 en el estadio\u00a0<b>Monumental<\/b>. El encuentro correspondiente a la fecha 15 del\u00a0<b>Torneo Apertura<\/b>\u00a0de la\u00a0<b>Liga Profesional<\/b> ya cuenta con el \u00e1rbitro designado.<\/p>\n<p class=\"paragraph\" data-mrf-recirculation=\"Links inline\">La Liga Profesional anunci\u00f3 que el encargado de impartir justicia en el duelo estelar de la jornada ser\u00e1\u00a0<b>Nicol\u00e1s Ram\u00edrez<\/b>.\u00a0<b>Vale recordar que fue el juez en el \u00faltimo enfrentamiento entre ambos, que termin\u00f3 con victoria para el\u00a0<\/b><i><b>Millonario\u00a0<\/b><\/i><b>por 1 a 0<\/b>, en La\u00a0<b>Bombonera<\/b>, all\u00e1 por septiembre del 2024<\/p>\n<div class=\"visual__image\"><picture><source srcset=\"https:\/\/www.infobae.com\/resizer\/v2\/MG2NOAH2JNDW7A6XQ32CQ2YAPQ.jpg?auth=75df510761411d341428dec6606acaf1da9d4b6ef59d46e20d85b2becd551b2f&amp;smart=true&amp;width=992&amp;height=558&amp;quality=85\" media=\"(min-width: 1000px)\" \/><source srcset=\"https:\/\/www.infobae.com\/resizer\/v2\/MG2NOAH2JNDW7A6XQ32CQ2YAPQ.jpg?auth=75df510761411d341428dec6606acaf1da9d4b6ef59d46e20d85b2becd551b2f&amp;smart=true&amp;width=768&amp;height=432&amp;quality=85\" media=\"(min-width: 768px)\" \/><source srcset=\"https:\/\/www.infobae.com\/resizer\/v2\/MG2NOAH2JNDW7A6XQ32CQ2YAPQ.jpg?auth=75df510761411d341428dec6606acaf1da9d4b6ef59d46e20d85b2becd551b2f&amp;smart=true&amp;width=577&amp;height=325&amp;quality=85\" media=\"(min-width: 580px)\" \/><source srcset=\"https:\/\/www.infobae.com\/resizer\/v2\/MG2NOAH2JNDW7A6XQ32CQ2YAPQ.jpg?auth=75df510761411d341428dec6606acaf1da9d4b6ef59d46e20d85b2becd551b2f&amp;smart=true&amp;width=420&amp;height=236&amp;quality=85\" media=\"(min-width: 350px)\" \/><source srcset=\"https:\/\/www.infobae.com\/resizer\/v2\/MG2NOAH2JNDW7A6XQ32CQ2YAPQ.jpg?auth=75df510761411d341428dec6606acaf1da9d4b6ef59d46e20d85b2becd551b2f&amp;smart=true&amp;width=350&amp;height=197&amp;quality=85\" media=\"(min-width: 80px)\" \/><img loading=\"lazy\" decoding=\"async\" class=\"global-image\" src=\"https:\/\/www.infobae.com\/resizer\/v2\/MG2NOAH2JNDW7A6XQ32CQ2YAPQ.jpg?auth=75df510761411d341428dec6606acaf1da9d4b6ef59d46e20d85b2becd551b2f&amp;smart=true&amp;width=350&amp;height=197&amp;quality=85\" alt=\"Nicol\u00e1s Ram\u00edrez ser\u00e1 el \u00e1rbitro\" width=\"1920\" height=\"1080\" \/><\/picture><\/div>\n<div class=\"inline ad-wrapper\">\n<div class=\"dfpAd ad-inline\"><\/div>\n<\/div>\n<p class=\"paragraph\" data-mrf-recirculation=\"Links inline\"><b>Adem\u00e1s de Ram\u00edrez<\/b>, tambi\u00e9n se confirmaron los dem\u00e1s integrantes del\u00a0<b>cuerpo arbitral<\/b>.\u00a0<b>Facundo Rodr\u00edguez<\/b>\u00a0ser\u00e1 el asistente n\u00famero uno, mientras que el dos ser\u00e1\u00a0<b>Pablo Gonz\u00e1lez<\/b>.\u00a0<b>Nicol\u00e1s Lamolina<\/b> oficiar\u00e1 como cuarto juez.<\/p>\n<p class=\"paragraph\" data-mrf-recirculation=\"Links inline\">Por otro lado,\u00a0<b>la cabina del VAR<\/b>\u00a0estar\u00e1 a cargo de\u00a0<b>Lucas Novelli<\/b>\u00a0y\u00a0<b>Diego Romero<\/b> estar\u00e1 como asistente en la tecnolog\u00eda arbitral del partido.<\/p>\n<h2 class=\"paragraph\" data-mrf-recirculation=\"Links inline\"><b>El antecedente de Ram\u00edrez en el Supercl\u00e1sico:<\/b><\/h2>\n<p class=\"paragraph\" data-mrf-recirculation=\"Links inline\">El 21 de septiembre de 2024,\u00a0<b>los dos gigantes del f\u00fatbol argentino<\/b>\u00a0se vieron las caras en\u00a0<b>cancha del\u00a0<\/b><i><b>Xeneize<\/b><\/i><i>,<\/i>\u00a0en una tarde que no estuvo exenta de pol\u00e9micas. El conjunto dirigido por\u00a0<b>Marcelo Gallardo<\/b>\u00a0se impon\u00eda por 1 a 0, con gol de\u00a0<b>Manuel Lanzini<\/b>, cuando, en una de\u00a0<b>las \u00faltimas jugadas de aquel partido<\/b>,\u00a0<b>Milton Gim\u00e9nez<\/b>\u00a0establec\u00eda el empate.<\/p>\n<p class=\"paragraph\" data-mrf-recirculation=\"Links inline\">Sin embargo,\u00a0<b>H\u00e9ctor Paletta<\/b>, el encargado del\u00a0<b>VAR<\/b>\u00a0ese d\u00eda, solicit\u00f3 la presencia de\u00a0<b>Ram\u00edrez<\/b>\u00a0para revisar una mano previa del delantero del club de\u00a0<i>La Ribera<\/i>. El juez consider\u00f3 que hubo infracci\u00f3n y decidi\u00f3 anular el tanto que pon\u00eda las cosas 1 a 1 de manera ag\u00f3nica. Tras eso, el encuentro finaliz\u00f3 y\u00a0<b>los de N\u00fa\u00f1ez<\/b>\u00a0se llevaron el triunfo en su visita a\u00a0<b>Brandsen 805<\/b>.<\/p>\n<h2 class=\"paragraph\" data-mrf-recirculation=\"Links inline\"><b>Historial de Ram\u00edrez dirigiendo a ambos equipos:<\/b><\/h2>\n<p class=\"paragraph\" data-mrf-recirculation=\"Links inline\">El colegiado dirigi\u00f3 a\u00a0<b>River<\/b>\u00a0en diez ocasiones, en las que\u00a0<i>La Banda<\/i>\u00a0logr\u00f3 imponerse en tres, cay\u00f3 en cinco oportunidades y consigui\u00f3 dos empates, lo que deja un saldo negativo para el conjunto que har\u00e1 las veces de local el pr\u00f3ximo domingo.<\/p>\n<p class=\"paragraph\" data-mrf-recirculation=\"Links inline\">Por su parte,\u00a0<b>Boca<\/b>\u00a0fue arbitrado nueve veces por\u00a0<b>Ram\u00edrez<\/b>\u00a0y registra una situaci\u00f3n m\u00e1s favorable, ya que obtuvo seis victorias, perdi\u00f3 tres partidos y no cont\u00f3 igualdades.<\/p>\n<p class=\"paragraph\" data-mrf-recirculation=\"Links inline\"><b>Los \u00e1rbitros designados para los dem\u00e1s partidos de la fecha 15:<\/b><\/p>\n<p class=\"paragraph\" data-mrf-recirculation=\"Links inline\"><b>S\u00e1bado 26 de abril<\/b><\/p>\n<p class=\"paragraph\" data-mrf-recirculation=\"Links inline\"><b>Aldosivi\u2013Banfield<\/b><\/p>\n<p class=\"paragraph\" data-mrf-recirculation=\"Links inline\">\u00c1rbitro: Dar\u00edo Herrera<\/p>\n<p class=\"paragraph\" data-mrf-recirculation=\"Links inline\">\u00c1rbitro asistente 1: Jos\u00e9 Castelli<\/p>\n<p class=\"paragraph\" data-mrf-recirculation=\"Links inline\">\u00c1rbitro asistente 2: Eduardo Lucero<\/p>\n<div class=\"undefined ad-wrapper\">\n<div class=\"dfpAd \">\n<div id=\"infobae\/deportes\/nota\/undefined\" class=\"infobae\/deportes\/nota\/undefined arcad\"><\/div>\n<\/div>\n<\/div>\n<p class=\"paragraph\" data-mrf-recirculation=\"Links inline\">Cuarto \u00e1rbitro: Bruno Bocca<\/p>\n<p class=\"paragraph\" data-mrf-recirculation=\"Links inline\">VAR: Mauro Vigliano<\/p>\n<p class=\"paragraph\" data-mrf-recirculation=\"Links inline\">AVAR: Gisella Trucco<\/p>\n<p class=\"paragraph\" data-mrf-recirculation=\"Links inline\"><b>San Lorenzo\u2013Rosario Central<\/b><\/p>\n<p class=\"paragraph\" data-mrf-recirculation=\"Links inline\">\u00c1rbitro: Leandro Rey Hilfer<\/p>\n<p class=\"paragraph\" data-mrf-recirculation=\"Links inline\">\u00c1rbitro asistente 1: Diego Bonfa<\/p>\n<p class=\"paragraph\" data-mrf-recirculation=\"Links inline\">\u00c1rbitro asistente 2: Pablo Gualtieri<\/p>\n<p class=\"paragraph\" data-mrf-recirculation=\"Links inline\">Cuarto \u00e1rbitro: Daniel Zamora<\/p>\n<p class=\"paragraph\" data-mrf-recirculation=\"Links inline\">VAR: Felipe Viola<\/p>\n<p class=\"paragraph\" data-mrf-recirculation=\"Links inline\">AVAR: Mariana De Almeida<\/p>\n<p class=\"paragraph\" data-mrf-recirculation=\"Links inline\"><b>Belgrano\u2013Argentinos<\/b><\/p>\n<p class=\"paragraph\" data-mrf-recirculation=\"Links inline\">\u00c1rbitro: Sebastian Martinez<\/p>\n<p class=\"paragraph\" data-mrf-recirculation=\"Links inline\">\u00c1rbitro asistente 1: Maximiliano Del Yesso<\/p>\n<p class=\"paragraph\" data-mrf-recirculation=\"Links inline\">\u00c1rbitro asistente 2: Mat\u00edas Bianchi<\/p>\n<p class=\"paragraph\" data-mrf-recirculation=\"Links inline\">Cuarto \u00e1rbitro: Emanuel Ejarque<\/p>\n<p class=\"paragraph\" data-mrf-recirculation=\"Links inline\">VAR: Fernando Espinoza<\/p>\n<p class=\"paragraph\" data-mrf-recirculation=\"Links inline\">AVAR: Lucas Pardo<\/p>\n<p class=\"paragraph\" data-mrf-recirculation=\"Links inline\"><b>Domingo 27 de abril<\/b><\/p>\n<p class=\"paragraph\" data-mrf-recirculation=\"Links inline\"><b>Instituto\u2013Sarmiento<\/b><\/p>\n<p class=\"paragraph\" data-mrf-recirculation=\"Links inline\">\u00c1rbitro: Nazareno Arasa<\/p>\n<p class=\"paragraph\" data-mrf-recirculation=\"Links inline\">\u00c1rbitro asistente 1: Diego Martin<\/p>\n<p class=\"paragraph\" data-mrf-recirculation=\"Links inline\">\u00c1rbitro asistente 2: Gisella Bosso<\/p>\n<p class=\"paragraph\" data-mrf-recirculation=\"Links inline\">Cuarto \u00e1rbitro: Alejandro Scionti<\/p>\n<p class=\"paragraph\" data-mrf-recirculation=\"Links inline\">VAR: Adrian Franklin<\/p>\n<p class=\"paragraph\" data-mrf-recirculation=\"Links inline\">AVAR: Javier Mihura<\/p>\n<p class=\"paragraph\" data-mrf-recirculation=\"Links inline\"><b>Lan\u00fas \u2013 San Mart\u00edn (SJ)<\/b><\/p>\n<p class=\"paragraph\" data-mrf-recirculation=\"Links inline\">\u00c1rbitro: Andr\u00e9s Merlos<\/p>\n<p class=\"paragraph\" data-mrf-recirculation=\"Links inline\">\u00c1rbitro asistente 1: Lucas Germanotta<\/p>\n<p class=\"paragraph\" data-mrf-recirculation=\"Links inline\">\u00c1rbitro asistente 2: Adri\u00e1n Delbarba<\/p>\n<p class=\"paragraph\" data-mrf-recirculation=\"Links inline\">Cuarto \u00e1rbitro: Diego Ceballos<\/p>\n<p class=\"paragraph\" data-mrf-recirculation=\"Links inline\">VAR: Pablo D\u00f3valo<\/p>\n<p class=\"paragraph\" data-mrf-recirculation=\"Links inline\">AVAR: Walter Ferreyra<\/p>\n<p class=\"paragraph\" data-mrf-recirculation=\"Links inline\"><b>Independiente\u2013Deportivo Riestra<\/b><\/p>\n<p class=\"paragraph\" data-mrf-recirculation=\"Links inline\">\u00c1rbitro: Pablo Echavarr\u00eda<\/p>\n<p class=\"paragraph\" data-mrf-recirculation=\"Links inline\">\u00c1rbitro asistente 1: Gabriel Chade<\/p>\n<p class=\"paragraph\" data-mrf-recirculation=\"Links inline\">\u00c1rbitro asistente 2: Marcelo Bistocco<\/p>\n<p class=\"paragraph\" data-mrf-recirculation=\"Links inline\">Cuarto \u00e1rbitro: Felipe Viola<\/p>\n<p class=\"paragraph\" data-mrf-recirculation=\"Links inline\">VAR: Silvio Trucco<\/p>\n<p class=\"paragraph\" data-mrf-recirculation=\"Links inline\">AVAR: Gast\u00f3n Su\u00e1rez<\/p>\n<p class=\"paragraph\" data-mrf-recirculation=\"Links inline\">Lunes 28 de abril<\/p>\n<p class=\"paragraph\" data-mrf-recirculation=\"Links inline\"><b>Barracas Central\u2013Uni\u00f3n<\/b><\/p>\n<p class=\"paragraph\" data-mrf-recirculation=\"Links inline\">\u00c1rbitro: Hern\u00e1n Mastr\u00e1ngelo<\/p>\n<p class=\"paragraph\" data-mrf-recirculation=\"Links inline\">\u00c1rbitro asistente 1: Juan Mamani<\/p>\n<p class=\"paragraph\" data-mrf-recirculation=\"Links inline\">\u00c1rbitro asistente 2: Andr\u00e9s Barbieri<\/p>\n<p class=\"paragraph\" data-mrf-recirculation=\"Links inline\">Cuarto \u00e1rbitro: Cristian Cernadas<\/p>\n<p class=\"paragraph\" data-mrf-recirculation=\"Links inline\">VAR: Ariel Penel<\/p>\n<p class=\"paragraph\" data-mrf-recirculation=\"Links inline\">AVAR: Javier Uziga<\/p>\n<p class=\"paragraph\" data-mrf-recirculation=\"Links inline\"><b>Godoy Cruz\u2013Atl\u00e9tico Tucum\u00e1n<\/b><\/p>\n<p class=\"paragraph\" data-mrf-recirculation=\"Links inline\">\u00c1rbitro: Bruno Amiconi<\/p>\n<p class=\"paragraph\" data-mrf-recirculation=\"Links inline\">\u00c1rbitro asistente 1: Ezequiel Brailovsky<\/p>\n<p class=\"paragraph\" data-mrf-recirculation=\"Links inline\">\u00c1rbitro asistente 2: Juan Ricciardi<\/p>\n<p class=\"paragraph\" data-mrf-recirculation=\"Links inline\">Cuarto \u00e1rbitro: Pablo N\u00fa\u00f1ez<\/p>\n<p class=\"paragraph\" data-mrf-recirculation=\"Links inline\">VAR: Fabrizio Llobet<\/p>\n<p class=\"paragraph\" data-mrf-recirculation=\"Links inline\">AVAR: Diego Verlotta<\/p>\n<p class=\"paragraph\" data-mrf-recirculation=\"Links inline\"><b>Defensa y Justicia\u2013Racing<\/b><\/p>\n<p class=\"paragraph\" data-mrf-recirculation=\"Links inline\">\u00c1rbitro: Pablo D\u00f3valo<\/p>\n<p class=\"paragraph\" data-mrf-recirculation=\"Links inline\">\u00c1rbitro asistente 1: Juan Pablo Belatti<\/p>\n<p class=\"paragraph\" data-mrf-recirculation=\"Links inline\">\u00c1rbitro asistente 2: Erik Grunman<\/p>\n<p class=\"paragraph\" data-mrf-recirculation=\"Links inline\">Cuarto \u00e1rbitro: Gast\u00f3n Iglesias<\/p>\n<p class=\"paragraph\" data-mrf-recirculation=\"Links inline\">VAR: Facundo Tello<\/p>\n<p class=\"paragraph\" data-mrf-recirculation=\"Links inline\">AVAR: Laura Fortunato<\/p>\n<p class=\"paragraph\" data-mrf-recirculation=\"Links inline\"><b>Estudiantes\u2013Tigre<\/b><\/p>\n<p class=\"paragraph\" data-mrf-recirculation=\"Links inline\">\u00c1rbitro: Sebasti\u00e1n Zunino<\/p>\n<p class=\"paragraph\" data-mrf-recirculation=\"Links inline\">\u00c1rbitro asistente 1: Iv\u00e1n Aliende<\/p>\n<p class=\"paragraph\" data-mrf-recirculation=\"Links inline\">\u00c1rbitro asistente 2: Ram\u00f3n Ortiz<\/p>\n<p class=\"paragraph\" data-mrf-recirculation=\"Links inline\">Cuarto \u00e1rbitro: Lucas Comesa\u00f1a<\/p>\n<p class=\"paragraph\" data-mrf-recirculation=\"Links inline\">VAR: H\u00e9ctor Paletta<\/p>\n<p class=\"paragraph\" data-mrf-recirculation=\"Links inline\">AVAR: Salom\u00e9 Di Iorio<\/p>\n<p class=\"paragraph\" data-mrf-recirculation=\"Links inline\"><b>Central C\u00f3rdoba\u2013Independiente Rivadavia<\/b><\/p>\n<p class=\"paragraph\" data-mrf-recirculation=\"Links inline\">\u00c1rbitro: Andr\u00e9s Gariano<\/p>\n<p class=\"paragraph\" data-mrf-recirculation=\"Links inline\">\u00c1rbitro asistente 1: Miguel Savorani<\/p>\n<p class=\"paragraph\" data-mrf-recirculation=\"Links inline\">\u00c1rbitro asistente 2: Juan del Fueyo<\/p>\n<p class=\"paragraph\" data-mrf-recirculation=\"Links inline\">Cuarto \u00e1rbitro: Mauricio Martin<\/p>\n<p class=\"paragraph\" data-mrf-recirculation=\"Links inline\">VAR: Jorge Bali\u00f1o<\/p>\n<p class=\"paragraph\" data-mrf-recirculation=\"Links inline\">AVAR: Julio Fern\u00e1ndez<\/p>\n<p class=\"paragraph\" data-mrf-recirculation=\"Links inline\"><b>V\u00e9lez\u2013Gimnasia<\/b><\/p>\n<p class=\"paragraph\" data-mrf-recirculation=\"Links inline\">\u00c1rbitro: Yael Falc\u00f3n P\u00e9rez<\/p>\n<p class=\"paragraph\" data-mrf-recirculation=\"Links inline\">\u00c1rbitro asistente 1: Cristian Navarro<\/p>\n<p class=\"paragraph\" data-mrf-recirculation=\"Links inline\">\u00c1rbitro asistente 2: Agust\u00edn M\u00e9ndez<\/p>\n<p class=\"paragraph\" data-mrf-recirculation=\"Links inline\">Cuarto \u00e1rbitro: Yamil Possi<\/p>\n<p class=\"paragraph\" data-mrf-recirculation=\"Links inline\">VAR: Germ\u00e1n Delfino<\/p>\n<p class=\"paragraph\" data-mrf-recirculation=\"Links inline\">AVAR: Gabriel Chade<\/p>\n<p class=\"paragraph\" data-mrf-recirculation=\"Links inline\"><b>Martes 29 de abril<\/b><\/p>\n<p class=\"paragraph\" data-mrf-recirculation=\"Links inline\"><b>Newell\u2019s\u2013Hurac\u00e1n<\/b><\/p>\n<p class=\"paragraph\" data-mrf-recirculation=\"Links inline\">\u00c1rbitro: Facundo Tello<\/p>\n<p class=\"paragraph\" data-mrf-recirculation=\"Links inline\">\u00c1rbitro asistente 1: Iv\u00e1n N\u00fa\u00f1ez<\/p>\n<p class=\"paragraph\" data-mrf-recirculation=\"Links inline\">\u00c1rbitro asistente 2: Gisella Trucco<\/p>\n<p class=\"paragraph\" data-mrf-recirculation=\"Links inline\">Cuarto \u00e1rbitro: Lautaro Castagnola<\/p>\n<p class=\"paragraph\" data-mrf-recirculation=\"Links inline\">VAR: Jos\u00e9 Carreras<\/p>\n<p class=\"paragraph\" data-mrf-recirculation=\"Links inline\">AVAR: Gast\u00f3n Iglesias<\/p>\n<p class=\"paragraph\" data-mrf-recirculation=\"Links inline\"><b>Platense\u2013Talleres<\/b><\/p>\n<p class=\"paragraph\" data-mrf-recirculation=\"Links inline\">\u00c1rbitro: Luis Lobo Medina<\/p>\n<p class=\"paragraph\" data-mrf-recirculation=\"Links inline\">\u00c1rbitro asistente 1: Hugo Paez<\/p>\n<p class=\"paragraph\" data-mrf-recirculation=\"Links inline\">\u00c1rbitro asistente 2: Mauro Ramos Errasti<\/p>\n<p class=\"paragraph\" data-mrf-recirculation=\"Links inline\">Cuarto \u00e1rbitro: Kevin Alegre<\/p>\n<p class=\"paragraph\" data-mrf-recirculation=\"Links inline\">VAR: Yamil Possi<\/p>\n<p class=\"paragraph\" data-mrf-recirculation=\"Links inline\">AVAR: Cristian Navarro<\/p>\n","protected":false},"excerpt":{"rendered":"<p>El duelo entre los clubes m\u00e1s importantes del pa\u00eds ya tiene designado al juez.<\/p>\n","protected":false},"author":8,"featured_media":219331,"comment_status":"open","ping_status":"open","sticky":false,"template":"","format":"standard","meta":{"fifu_image_url":"https:\/\/i0.wp.com\/elintransigente.com\/wp-content\/uploads\/2024\/04\/Boca-River-1.jpg?w=1210&ssl=1","fifu_image_alt":"","footnotes":""},"categories":[13],"tags":[384,3160,3528,3403],"class_list":{"0":"post-219330","1":"post","2":"type-post","3":"status-publish","4":"format-standard","5":"has-post-thumbnail","7":"category-deportes","8":"tag-boca-juniors","9":"tag-partido","10":"tag-river-plate","11":"tag-superclasico"},"yoast_head":"<title>Qui\u00e9n ser\u00e1 \u00e1rbitro para el Supercl\u00e1sico entre River y Boca - Informe Litoral<\/title>\n<meta name=\"robots\" content=\"index, follow, max-snippet:-1, max-image-preview:large, max-video-preview:-1\" \/>\n<link rel=\"canonical\" href=\"https:\/\/informelitoral.com.ar\/quien-sera-arbitro-para-el-superclasico-entre-river-y-boca\/\" \/>\n<meta property=\"og:locale\" content=\"es_ES\" \/>\n<meta property=\"og:type\" content=\"article\" \/>\n<meta property=\"og:title\" content=\"Qui\u00e9n ser\u00e1 \u00e1rbitro para el Supercl\u00e1sico entre River y Boca - Informe Litoral\" \/>\n<meta property=\"og:description\" content=\"El duelo entre los clubes m\u00e1s importantes del pa\u00eds ya tiene designado al juez.\" \/>\n<meta property=\"og:url\" content=\"https:\/\/informelitoral.com.ar\/quien-sera-arbitro-para-el-superclasico-entre-river-y-boca\/\" \/>\n<meta property=\"og:site_name\" content=\"Informe Litoral\" \/>\n<meta property=\"article:publisher\" content=\"https:\/\/www.facebook.com\/informelitoral\/\" \/>\n<meta property=\"article:published_time\" content=\"2025-04-23T12:19:08+00:00\" \/>\n<meta property=\"article:modified_time\" content=\"2025-04-23T18:36:22+00:00\" \/>\n<meta property=\"og:image\" content=\"https:\/\/i0.wp.com\/elintransigente.com\/%77%70%2d%63%6f%6e%74%65%6e%74\/uploads\/2024\/04\/Boca-River-1.jpg?w=1210&ssl=1\" \/>\n<meta name=\"author\" content=\"Sebastian\" \/>\n<meta name=\"twitter:card\" content=\"summary_large_image\" \/>\n<meta name=\"twitter:image\" content=\"https:\/\/i0.wp.com\/elintransigente.com\/%77%70%2d%63%6f%6e%74%65%6e%74\/uploads\/2024\/04\/Boca-River-1.jpg?w=1210&ssl=1\" \/>\n<meta name=\"twitter:creator\" content=\"@InformeLitoral\" \/>\n<meta name=\"twitter:site\" content=\"@InformeLitoral\" \/>\n<meta name=\"twitter:label1\" content=\"Escrito por\" \/>\n\t<meta name=\"twitter:data1\" content=\"Sebastian\" \/>\n\t<meta name=\"twitter:label2\" content=\"Tiempo de lectura\" \/>\n\t<meta name=\"twitter:data2\" content=\"4 minutos\" \/>\n<script type=\"application\/ld+json\" class=\"yoast-schema-graph\">{\"@context\":\"https:\\\/\\\/schema.org\",\"@graph\":[{\"@type\":\"Article\",\"@id\":\"https:\\\/\\\/informelitoral.com.ar\\\/quien-sera-arbitro-para-el-superclasico-entre-river-y-boca\\\/#article\",\"isPartOf\":{\"@id\":\"https:\\\/\\\/informelitoral.com.ar\\\/quien-sera-arbitro-para-el-superclasico-entre-river-y-boca\\\/\"},\"author\":{\"name\":\"Sebastian\",\"@id\":\"https:\\\/\\\/informelitoral.com.ar\\\/#\\\/schema\\\/person\\\/f05f9f461677119578717524b127d6d5\"},\"headline\":\"Qui\u00e9n ser\u00e1 \u00e1rbitro para el Supercl\u00e1sico entre River y Boca\",\"datePublished\":\"2025-04-23T12:19:08+00:00\",\"dateModified\":\"2025-04-23T18:36:22+00:00\",\"mainEntityOfPage\":{\"@id\":\"https:\\\/\\\/informelitoral.com.ar\\\/quien-sera-arbitro-para-el-superclasico-entre-river-y-boca\\\/\"},\"wordCount\":804,\"commentCount\":0,\"publisher\":{\"@id\":\"https:\\\/\\\/informelitoral.com.ar\\\/#organization\"},\"image\":{\"@id\":\"https:\\\/\\\/informelitoral.com.ar\\\/quien-sera-arbitro-para-el-superclasico-entre-river-y-boca\\\/#primaryimage\"},\"thumbnailUrl\":\"https:\\\/\\\/i0.wp.com\\\/elintransigente.com\\\/%77%70%2d%63%6f%6e%74%65%6e%74\\\/uploads\\\/2024\\\/04\\\/Boca-River-1.jpg?w=1210&ssl=1\",\"keywords\":[\"Boca Juniors\",\"Partido\",\"River Plate\",\"Supercl\u00e1sico\"],\"articleSection\":[\"Deportes\"],\"inLanguage\":\"es\",\"potentialAction\":[{\"@type\":\"CommentAction\",\"name\":\"Comment\",\"target\":[\"https:\\\/\\\/informelitoral.com.ar\\\/quien-sera-arbitro-para-el-superclasico-entre-river-y-boca\\\/#respond\"]}]},{\"@type\":\"WebPage\",\"@id\":\"https:\\\/\\\/informelitoral.com.ar\\\/quien-sera-arbitro-para-el-superclasico-entre-river-y-boca\\\/\",\"url\":\"https:\\\/\\\/informelitoral.com.ar\\\/quien-sera-arbitro-para-el-superclasico-entre-river-y-boca\\\/\",\"name\":\"Qui\u00e9n ser\u00e1 \u00e1rbitro para el Supercl\u00e1sico entre River y Boca - Informe Litoral\",\"isPartOf\":{\"@id\":\"https:\\\/\\\/informelitoral.com.ar\\\/#website\"},\"primaryImageOfPage\":{\"@id\":\"https:\\\/\\\/informelitoral.com.ar\\\/quien-sera-arbitro-para-el-superclasico-entre-river-y-boca\\\/#primaryimage\"},\"image\":{\"@id\":\"https:\\\/\\\/informelitoral.com.ar\\\/quien-sera-arbitro-para-el-superclasico-entre-river-y-boca\\\/#primaryimage\"},\"thumbnailUrl\":\"https:\\\/\\\/i0.wp.com\\\/elintransigente.com\\\/%77%70%2d%63%6f%6e%74%65%6e%74\\\/uploads\\\/2024\\\/04\\\/Boca-River-1.jpg?w=1210&ssl=1\",\"datePublished\":\"2025-04-23T12:19:08+00:00\",\"dateModified\":\"2025-04-23T18:36:22+00:00\",\"breadcrumb\":{\"@id\":\"https:\\\/\\\/informelitoral.com.ar\\\/quien-sera-arbitro-para-el-superclasico-entre-river-y-boca\\\/#breadcrumb\"},\"inLanguage\":\"es\",\"potentialAction\":[{\"@type\":\"ReadAction\",\"target\":[\"https:\\\/\\\/informelitoral.com.ar\\\/quien-sera-arbitro-para-el-superclasico-entre-river-y-boca\\\/\"]}]},{\"@type\":\"ImageObject\",\"inLanguage\":\"es\",\"@id\":\"https:\\\/\\\/informelitoral.com.ar\\\/quien-sera-arbitro-para-el-superclasico-entre-river-y-boca\\\/#primaryimage\",\"url\":\"https:\\\/\\\/i0.wp.com\\\/elintransigente.com\\\/%77%70%2d%63%6f%6e%74%65%6e%74\\\/uploads\\\/2024\\\/04\\\/Boca-River-1.jpg?w=1210&ssl=1\",\"contentUrl\":\"https:\\\/\\\/i0.wp.com\\\/elintransigente.com\\\/%77%70%2d%63%6f%6e%74%65%6e%74\\\/uploads\\\/2024\\\/04\\\/Boca-River-1.jpg?w=1210&ssl=1\",\"width\":\"1210\",\"height\":\"800\"},{\"@type\":\"BreadcrumbList\",\"@id\":\"https:\\\/\\\/informelitoral.com.ar\\\/quien-sera-arbitro-para-el-superclasico-entre-river-y-boca\\\/#breadcrumb\",\"itemListElement\":[{\"@type\":\"ListItem\",\"position\":1,\"name\":\"Portada\",\"item\":\"https:\\\/\\\/informelitoral.com.ar\\\/\"},{\"@type\":\"ListItem\",\"position\":2,\"name\":\"Qui\u00e9n ser\u00e1 \u00e1rbitro para el Supercl\u00e1sico entre River y Boca\"}]},{\"@type\":\"WebSite\",\"@id\":\"https:\\\/\\\/informelitoral.com.ar\\\/#website\",\"url\":\"https:\\\/\\\/informelitoral.com.ar\\\/\",\"name\":\"Informe Litoral\",\"description\":\"&quot;Nos informamos&quot; \",\"publisher\":{\"@id\":\"https:\\\/\\\/informelitoral.com.ar\\\/#organization\"},\"potentialAction\":[{\"@type\":\"SearchAction\",\"target\":{\"@type\":\"EntryPoint\",\"urlTemplate\":\"https:\\\/\\\/informelitoral.com.ar\\\/?s={search_term_string}\"},\"query-input\":{\"@type\":\"PropertyValueSpecification\",\"valueRequired\":true,\"valueName\":\"search_term_string\"}}],\"inLanguage\":\"es\"},{\"@type\":\"Organization\",\"@id\":\"https:\\\/\\\/informelitoral.com.ar\\\/#organization\",\"name\":\"Informe Litoral\",\"url\":\"https:\\\/\\\/informelitoral.com.ar\\\/\",\"logo\":{\"@type\":\"ImageObject\",\"inLanguage\":\"es\",\"@id\":\"https:\\\/\\\/informelitoral.com.ar\\\/#\\\/schema\\\/logo\\\/image\\\/\",\"url\":\"https:\\\/\\\/informelitoral.com.ar\\\/%77%70%2d%63%6f%6e%74%65%6e%74\\\/uploads\\\/2021\\\/01\\\/circulo.png\",\"contentUrl\":\"https:\\\/\\\/informelitoral.com.ar\\\/%77%70%2d%63%6f%6e%74%65%6e%74\\\/uploads\\\/2021\\\/01\\\/circulo.png\",\"width\":723,\"height\":731,\"caption\":\"Informe Litoral\"},\"image\":{\"@id\":\"https:\\\/\\\/informelitoral.com.ar\\\/#\\\/schema\\\/logo\\\/image\\\/\"},\"sameAs\":[\"https:\\\/\\\/www.facebook.com\\\/informelitoral\\\/\",\"https:\\\/\\\/x.com\\\/InformeLitoral\",\"https:\\\/\\\/www.instagram.com\\\/informelitoral\\\/\",\"https:\\\/\\\/www.youtube.com\\\/channel\\\/UCua4Qvz8Icb6MYqhoq9xLXw\"]},{\"@type\":\"Person\",\"@id\":\"https:\\\/\\\/informelitoral.com.ar\\\/#\\\/schema\\\/person\\\/f05f9f461677119578717524b127d6d5\",\"name\":\"Sebastian\",\"image\":{\"@type\":\"ImageObject\",\"inLanguage\":\"es\",\"@id\":\"https:\\\/\\\/secure.gravatar.com\\\/avatar\\\/b71bf7481d447dfb9583c7f2798e7cc64de6efb9067b74633ed8c31059a3bd82?s=96&d=mm&r=g\",\"url\":\"https:\\\/\\\/secure.gravatar.com\\\/avatar\\\/b71bf7481d447dfb9583c7f2798e7cc64de6efb9067b74633ed8c31059a3bd82?s=96&d=mm&r=g\",\"contentUrl\":\"https:\\\/\\\/secure.gravatar.com\\\/avatar\\\/b71bf7481d447dfb9583c7f2798e7cc64de6efb9067b74633ed8c31059a3bd82?s=96&d=mm&r=g\",\"caption\":\"Sebastian\"},\"url\":\"https:\\\/\\\/informelitoral.com.ar\\\/author\\\/sebastian\\\/\"}]}<\/script>","yoast_head_json":{"title":"Qui\u00e9n ser\u00e1 \u00e1rbitro para el Supercl\u00e1sico entre River y Boca - Informe Litoral","robots":{"index":"index","follow":"follow","max-snippet":"max-snippet:-1","max-image-preview":"max-image-preview:large","max-video-preview":"max-video-preview:-1"},"canonical":"https:\/\/informelitoral.com.ar\/quien-sera-arbitro-para-el-superclasico-entre-river-y-boca\/","og_locale":"es_ES","og_type":"article","og_title":"Qui\u00e9n ser\u00e1 \u00e1rbitro para el Supercl\u00e1sico entre River y Boca - Informe Litoral","og_description":"El duelo entre los clubes m\u00e1s importantes del pa\u00eds ya tiene designado al juez.","og_url":"https:\/\/informelitoral.com.ar\/quien-sera-arbitro-para-el-superclasico-entre-river-y-boca\/","og_site_name":"Informe Litoral","article_publisher":"https:\/\/www.facebook.com\/informelitoral\/","article_published_time":"2025-04-23T12:19:08+00:00","article_modified_time":"2025-04-23T18:36:22+00:00","og_image":[{"url":"https:\/\/i0.wp.com\/elintransigente.com\/wp-content\/uploads\/2024\/04\/Boca-River-1.jpg?w=1210&ssl=1","type":"","width":"","height":""}],"author":"Sebastian","twitter_card":"summary_large_image","twitter_image":"https:\/\/i0.wp.com\/elintransigente.com\/wp-content\/uploads\/2024\/04\/Boca-River-1.jpg?w=1210&ssl=1","twitter_creator":"@InformeLitoral","twitter_site":"@InformeLitoral","twitter_misc":{"Escrito por":"Sebastian","Tiempo de lectura":"4 minutos"},"schema":{"@context":"https:\/\/schema.org","@graph":[{"@type":"Article","@id":"https:\/\/informelitoral.com.ar\/quien-sera-arbitro-para-el-superclasico-entre-river-y-boca\/#article","isPartOf":{"@id":"https:\/\/informelitoral.com.ar\/quien-sera-arbitro-para-el-superclasico-entre-river-y-boca\/"},"author":{"name":"Sebastian","@id":"https:\/\/informelitoral.com.ar\/#\/schema\/person\/f05f9f461677119578717524b127d6d5"},"headline":"Qui\u00e9n ser\u00e1 \u00e1rbitro para el Supercl\u00e1sico entre River y Boca","datePublished":"2025-04-23T12:19:08+00:00","dateModified":"2025-04-23T18:36:22+00:00","mainEntityOfPage":{"@id":"https:\/\/informelitoral.com.ar\/quien-sera-arbitro-para-el-superclasico-entre-river-y-boca\/"},"wordCount":804,"commentCount":0,"publisher":{"@id":"https:\/\/informelitoral.com.ar\/#organization"},"image":{"@id":"https:\/\/informelitoral.com.ar\/quien-sera-arbitro-para-el-superclasico-entre-river-y-boca\/#primaryimage"},"thumbnailUrl":"https:\/\/i0.wp.com\/elintransigente.com\/%77%70%2d%63%6f%6e%74%65%6e%74\/uploads\/2024\/04\/Boca-River-1.jpg?w=1210&ssl=1","keywords":["Boca Juniors","Partido","River Plate","Supercl\u00e1sico"],"articleSection":["Deportes"],"inLanguage":"es","potentialAction":[{"@type":"CommentAction","name":"Comment","target":["https:\/\/informelitoral.com.ar\/quien-sera-arbitro-para-el-superclasico-entre-river-y-boca\/#respond"]}]},{"@type":"WebPage","@id":"https:\/\/informelitoral.com.ar\/quien-sera-arbitro-para-el-superclasico-entre-river-y-boca\/","url":"https:\/\/informelitoral.com.ar\/quien-sera-arbitro-para-el-superclasico-entre-river-y-boca\/","name":"Qui\u00e9n ser\u00e1 \u00e1rbitro para el Supercl\u00e1sico entre River y Boca - Informe Litoral","isPartOf":{"@id":"https:\/\/informelitoral.com.ar\/#website"},"primaryImageOfPage":{"@id":"https:\/\/informelitoral.com.ar\/quien-sera-arbitro-para-el-superclasico-entre-river-y-boca\/#primaryimage"},"image":{"@id":"https:\/\/informelitoral.com.ar\/quien-sera-arbitro-para-el-superclasico-entre-river-y-boca\/#primaryimage"},"thumbnailUrl":"https:\/\/i0.wp.com\/elintransigente.com\/%77%70%2d%63%6f%6e%74%65%6e%74\/uploads\/2024\/04\/Boca-River-1.jpg?w=1210&ssl=1","datePublished":"2025-04-23T12:19:08+00:00","dateModified":"2025-04-23T18:36:22+00:00","breadcrumb":{"@id":"https:\/\/informelitoral.com.ar\/quien-sera-arbitro-para-el-superclasico-entre-river-y-boca\/#breadcrumb"},"inLanguage":"es","potentialAction":[{"@type":"ReadAction","target":["https:\/\/informelitoral.com.ar\/quien-sera-arbitro-para-el-superclasico-entre-river-y-boca\/"]}]},{"@type":"ImageObject","inLanguage":"es","@id":"https:\/\/informelitoral.com.ar\/quien-sera-arbitro-para-el-superclasico-entre-river-y-boca\/#primaryimage","url":"https:\/\/i0.wp.com\/elintransigente.com\/%77%70%2d%63%6f%6e%74%65%6e%74\/uploads\/2024\/04\/Boca-River-1.jpg?w=1210&ssl=1","contentUrl":"https:\/\/i0.wp.com\/elintransigente.com\/%77%70%2d%63%6f%6e%74%65%6e%74\/uploads\/2024\/04\/Boca-River-1.jpg?w=1210&ssl=1","width":"1210","height":"800"},{"@type":"BreadcrumbList","@id":"https:\/\/informelitoral.com.ar\/quien-sera-arbitro-para-el-superclasico-entre-river-y-boca\/#breadcrumb","itemListElement":[{"@type":"ListItem","position":1,"name":"Portada","item":"https:\/\/informelitoral.com.ar\/"},{"@type":"ListItem","position":2,"name":"Qui\u00e9n ser\u00e1 \u00e1rbitro para el Supercl\u00e1sico entre River y Boca"}]},{"@type":"WebSite","@id":"https:\/\/informelitoral.com.ar\/#website","url":"https:\/\/informelitoral.com.ar\/","name":"Informe Litoral","description":"&quot;Nos informamos&quot; ","publisher":{"@id":"https:\/\/informelitoral.com.ar\/#organization"},"potentialAction":[{"@type":"SearchAction","target":{"@type":"EntryPoint","urlTemplate":"https:\/\/informelitoral.com.ar\/?s={search_term_string}"},"query-input":{"@type":"PropertyValueSpecification","valueRequired":true,"valueName":"search_term_string"}}],"inLanguage":"es"},{"@type":"Organization","@id":"https:\/\/informelitoral.com.ar\/#organization","name":"Informe Litoral","url":"https:\/\/informelitoral.com.ar\/","logo":{"@type":"ImageObject","inLanguage":"es","@id":"https:\/\/informelitoral.com.ar\/#\/schema\/logo\/image\/","url":"https:\/\/informelitoral.com.ar\/%77%70%2d%63%6f%6e%74%65%6e%74\/uploads\/2021\/01\/circulo.png","contentUrl":"https:\/\/informelitoral.com.ar\/%77%70%2d%63%6f%6e%74%65%6e%74\/uploads\/2021\/01\/circulo.png","width":723,"height":731,"caption":"Informe Litoral"},"image":{"@id":"https:\/\/informelitoral.com.ar\/#\/schema\/logo\/image\/"},"sameAs":["https:\/\/www.facebook.com\/informelitoral\/","https:\/\/x.com\/InformeLitoral","https:\/\/www.instagram.com\/informelitoral\/","https:\/\/www.youtube.com\/channel\/UCua4Qvz8Icb6MYqhoq9xLXw"]},{"@type":"Person","@id":"https:\/\/informelitoral.com.ar\/#\/schema\/person\/f05f9f461677119578717524b127d6d5","name":"Sebastian","image":{"@type":"ImageObject","inLanguage":"es","@id":"https:\/\/secure.gravatar.com\/avatar\/b71bf7481d447dfb9583c7f2798e7cc64de6efb9067b74633ed8c31059a3bd82?s=96&d=mm&r=g","url":"https:\/\/secure.gravatar.com\/avatar\/b71bf7481d447dfb9583c7f2798e7cc64de6efb9067b74633ed8c31059a3bd82?s=96&d=mm&r=g","contentUrl":"https:\/\/secure.gravatar.com\/avatar\/b71bf7481d447dfb9583c7f2798e7cc64de6efb9067b74633ed8c31059a3bd82?s=96&d=mm&r=g","caption":"Sebastian"},"url":"https:\/\/informelitoral.com.ar\/author\/sebastian\/"}]}},"fifu_image_url":"https:\/\/i0.wp.com\/elintransigente.com\/wp-content\/uploads\/2024\/04\/Boca-River-1.jpg?w=1210&ssl=1","_links":{"self":[{"href":"https:\/\/informelitoral.com.ar\/%77%70%2d%6a%73%6f%6e\/wp\/v2\/posts\/219330","targetHints":{"allow":["GET"]}}],"collection":[{"href":"https:\/\/informelitoral.com.ar\/%77%70%2d%6a%73%6f%6e\/wp\/v2\/posts"}],"about":[{"href":"https:\/\/informelitoral.com.ar\/%77%70%2d%6a%73%6f%6e\/wp\/v2\/types\/post"}],"author":[{"embeddable":true,"href":"https:\/\/informelitoral.com.ar\/%77%70%2d%6a%73%6f%6e\/wp\/v2\/users\/8"}],"replies":[{"embeddable":true,"href":"https:\/\/informelitoral.com.ar\/%77%70%2d%6a%73%6f%6e\/wp\/v2\/comments?post=219330"}],"version-history":[{"count":0,"href":"https:\/\/informelitoral.com.ar\/%77%70%2d%6a%73%6f%6e\/wp\/v2\/posts\/219330\/revisions"}],"wp:featuredmedia":[{"embeddable":true,"href":"https:\/\/informelitoral.com.ar\/%77%70%2d%6a%73%6f%6e\/wp\/v2\/media\/219331"}],"wp:attachment":[{"href":"https:\/\/informelitoral.com.ar\/%77%70%2d%6a%73%6f%6e\/wp\/v2\/media?parent=219330"}],"wp:term":[{"taxonomy":"category","embeddable":true,"href":"https:\/\/informelitoral.com.ar\/%77%70%2d%6a%73%6f%6e\/wp\/v2\/categories?post=219330"},{"taxonomy":"post_tag","embeddable":true,"href":"https:\/\/informelitoral.com.ar\/%77%70%2d%6a%73%6f%6e\/wp\/v2\/tags?post=219330"}],"curies":[{"name":"wp","href":"https:\/\/api.w.org\/{rel}","templated":true}]}}