{"id":219322,"date":"2025-04-23T09:08:46","date_gmt":"2025-04-23T12:08:46","guid":{"rendered":"https:\/\/informelitoral.com.ar\/?p=219322"},"modified":"2025-04-24T06:21:47","modified_gmt":"2025-04-24T09:21:47","slug":"un-ascensor-se-desplomo-desde-un-quinto-piso-en-parana-un-hombre-y-su-hija-resultan-heridos","status":"publish","type":"post","link":"https:\/\/informelitoral.com.ar\/un-ascensor-se-desplomo-desde-un-quinto-piso-en-parana-un-hombre-y-su-hija-resultan-heridos\/","title":{"rendered":"Un ascensor se desplom\u00f3 desde un quinto piso en Paran\u00e1: Un hombre y su hija resultan heridos"},"content":{"rendered":"<p>Un grave incidente se produjo este mi\u00e9rcoles en el edificio<strong> \u201cConsorcio Paran\u00e1 I\u201d<\/strong>, ubicado en calle <strong>Cura \u00c1lvarez 90<\/strong>, en la ciudad de <strong>Paran\u00e1<\/strong>.<\/p>\n<p>Un ascensor del Block 1 de las torres de vivienda se desplom\u00f3 desde el quinto piso mientras era utilizado por un hombre y su hija de <strong>12 a\u00f1os<\/strong>. Ambos fueron trasladados al hospital para ser asistidos.<\/p>\n<p>La menor habr\u00eda sufrido una fractura como consecuencia del fuerte impacto, mientras que su padre tambi\u00e9n fue atendido por personal m\u00e9dico. Por el momento, no se difundi\u00f3 un parte oficial sobre su estado de salud.<\/p>\n<p>El hecho sorprendi\u00f3 a los vecinos del edificio ya que no hab\u00eda reportes previos de fallas en el sistema del ascensor. \u201cNo tenemos informe de alguna falla, estamos para tratar de ver qu\u00e9 pas\u00f3 y procurar que la gente est\u00e9 bien\u201d, indicaron\u00a0desde la administraci\u00f3n del edificio.<\/p>\n<div class=\"embed embed-video\">\n<h2 class=\"video-pie\"><strong>Cay\u00f3 un ascensor con dos personas desde un quinto piso en Paran\u00e1<\/strong><\/h2>\n<\/div>\n<p>En el lugar trabaja personal policial, que ingres\u00f3 a la sala de m\u00e1quinas, junto con t\u00e9cnicos del servicio de mantenimiento del ascensor. Seg\u00fan explicaron, estaban verificando que el equipo estuviera en condiciones y funcionando correctamente antes del accidente.<\/p>\n<p>\u201cEs algo in\u00e9dito. Es muy poco probable que los ascensores caigan\u201d, remarc\u00f3 y se\u00f1al\u00f3 que el caso ser\u00e1 analizado detalladamente para determinar el origen del desperfecto que provoc\u00f3 la ca\u00edda.<em>(Elonce)<\/em><\/p>\n","protected":false},"excerpt":{"rendered":"<p>El hecho ocurri\u00f3 en calle Cura \u00c1lvarez. El ascensor se desplom\u00f3 desde el quinto piso con un hombre y su hija a bordo. Ambos fueron hospitalizados.<\/p>\n","protected":false},"author":8,"featured_media":219323,"comment_status":"open","ping_status":"open","sticky":false,"template":"","format":"standard","meta":{"fifu_image_url":"https:\/\/i0.wp.com\/ahora.com.ar\/wp-content\/uploads\/2025\/04\/ascensor-caida-edificio-parana.jpeg?resize=696%2C522&quality=89&ssl=1","fifu_image_alt":"","footnotes":""},"categories":[1597],"tags":[5698,2984,45],"class_list":{"0":"post-219322","1":"post","2":"type-post","3":"status-publish","4":"format-standard","5":"has-post-thumbnail","7":"category-parana","8":"tag-ascensor","9":"tag-heridos","10":"tag-parana"},"yoast_head":"<title>Un ascensor se desplom\u00f3 desde un quinto piso en Paran\u00e1: Un hombre y su hija resultan heridos - Informe Litoral<\/title>\n<meta name=\"robots\" content=\"index, follow, max-snippet:-1, max-image-preview:large, max-video-preview:-1\" \/>\n<link rel=\"canonical\" href=\"https:\/\/informelitoral.com.ar\/un-ascensor-se-desplomo-desde-un-quinto-piso-en-parana-un-hombre-y-su-hija-resultan-heridos\/\" \/>\n<meta property=\"og:locale\" content=\"es_ES\" \/>\n<meta property=\"og:type\" content=\"article\" \/>\n<meta property=\"og:title\" content=\"Un ascensor se desplom\u00f3 desde un quinto piso en Paran\u00e1: Un hombre y su hija resultan heridos - Informe Litoral\" \/>\n<meta property=\"og:description\" content=\"El hecho ocurri\u00f3 en calle Cura \u00c1lvarez. El ascensor se desplom\u00f3 desde el quinto piso con un hombre y su hija a bordo. Ambos fueron hospitalizados.\" \/>\n<meta property=\"og:url\" content=\"https:\/\/informelitoral.com.ar\/un-ascensor-se-desplomo-desde-un-quinto-piso-en-parana-un-hombre-y-su-hija-resultan-heridos\/\" \/>\n<meta property=\"og:site_name\" content=\"Informe Litoral\" \/>\n<meta property=\"article:publisher\" content=\"https:\/\/www.facebook.com\/informelitoral\/\" \/>\n<meta property=\"article:published_time\" content=\"2025-04-23T12:08:46+00:00\" \/>\n<meta property=\"article:modified_time\" content=\"2025-04-24T09:21:47+00:00\" \/>\n<meta property=\"og:image\" content=\"https:\/\/i0.wp.com\/ahora.com.ar\/%77%70%2d%63%6f%6e%74%65%6e%74\/uploads\/2025\/04\/ascensor-caida-edificio-parana.jpeg?resize=696%2C522&quality=89&ssl=1\" \/>\n<meta name=\"author\" content=\"Sebastian\" \/>\n<meta name=\"twitter:card\" content=\"summary_large_image\" \/>\n<meta name=\"twitter:image\" content=\"https:\/\/i0.wp.com\/ahora.com.ar\/%77%70%2d%63%6f%6e%74%65%6e%74\/uploads\/2025\/04\/ascensor-caida-edificio-parana.jpeg?resize=696%2C522&quality=89&ssl=1\" \/>\n<meta name=\"twitter:creator\" content=\"@InformeLitoral\" \/>\n<meta name=\"twitter:site\" content=\"@InformeLitoral\" \/>\n<meta name=\"twitter:label1\" content=\"Escrito por\" \/>\n\t<meta name=\"twitter:data1\" content=\"Sebastian\" \/>\n\t<meta name=\"twitter:label2\" content=\"Tiempo de lectura\" \/>\n\t<meta name=\"twitter:data2\" content=\"1 minuto\" \/>\n<script type=\"application\/ld+json\" class=\"yoast-schema-graph\">{\"@context\":\"https:\\\/\\\/schema.org\",\"@graph\":[{\"@type\":\"Article\",\"@id\":\"https:\\\/\\\/informelitoral.com.ar\\\/un-ascensor-se-desplomo-desde-un-quinto-piso-en-parana-un-hombre-y-su-hija-resultan-heridos\\\/#article\",\"isPartOf\":{\"@id\":\"https:\\\/\\\/informelitoral.com.ar\\\/un-ascensor-se-desplomo-desde-un-quinto-piso-en-parana-un-hombre-y-su-hija-resultan-heridos\\\/\"},\"author\":{\"name\":\"Sebastian\",\"@id\":\"https:\\\/\\\/informelitoral.com.ar\\\/#\\\/schema\\\/person\\\/f05f9f461677119578717524b127d6d5\"},\"headline\":\"Un ascensor se desplom\u00f3 desde un quinto piso en Paran\u00e1: Un hombre y su hija resultan heridos\",\"datePublished\":\"2025-04-23T12:08:46+00:00\",\"dateModified\":\"2025-04-24T09:21:47+00:00\",\"mainEntityOfPage\":{\"@id\":\"https:\\\/\\\/informelitoral.com.ar\\\/un-ascensor-se-desplomo-desde-un-quinto-piso-en-parana-un-hombre-y-su-hija-resultan-heridos\\\/\"},\"wordCount\":250,\"commentCount\":0,\"publisher\":{\"@id\":\"https:\\\/\\\/informelitoral.com.ar\\\/#organization\"},\"image\":{\"@id\":\"https:\\\/\\\/informelitoral.com.ar\\\/un-ascensor-se-desplomo-desde-un-quinto-piso-en-parana-un-hombre-y-su-hija-resultan-heridos\\\/#primaryimage\"},\"thumbnailUrl\":\"https:\\\/\\\/i0.wp.com\\\/ahora.com.ar\\\/%77%70%2d%63%6f%6e%74%65%6e%74\\\/uploads\\\/2025\\\/04\\\/ascensor-caida-edificio-parana.jpeg?resize=696%2C522&quality=89&ssl=1\",\"keywords\":[\"Ascensor\",\"Heridos\",\"Paran\u00e1\"],\"articleSection\":[\"Paran\u00e1\"],\"inLanguage\":\"es\",\"potentialAction\":[{\"@type\":\"CommentAction\",\"name\":\"Comment\",\"target\":[\"https:\\\/\\\/informelitoral.com.ar\\\/un-ascensor-se-desplomo-desde-un-quinto-piso-en-parana-un-hombre-y-su-hija-resultan-heridos\\\/#respond\"]}]},{\"@type\":\"WebPage\",\"@id\":\"https:\\\/\\\/informelitoral.com.ar\\\/un-ascensor-se-desplomo-desde-un-quinto-piso-en-parana-un-hombre-y-su-hija-resultan-heridos\\\/\",\"url\":\"https:\\\/\\\/informelitoral.com.ar\\\/un-ascensor-se-desplomo-desde-un-quinto-piso-en-parana-un-hombre-y-su-hija-resultan-heridos\\\/\",\"name\":\"Un ascensor se desplom\u00f3 desde un quinto piso en Paran\u00e1: Un hombre y su hija resultan heridos - Informe Litoral\",\"isPartOf\":{\"@id\":\"https:\\\/\\\/informelitoral.com.ar\\\/#website\"},\"primaryImageOfPage\":{\"@id\":\"https:\\\/\\\/informelitoral.com.ar\\\/un-ascensor-se-desplomo-desde-un-quinto-piso-en-parana-un-hombre-y-su-hija-resultan-heridos\\\/#primaryimage\"},\"image\":{\"@id\":\"https:\\\/\\\/informelitoral.com.ar\\\/un-ascensor-se-desplomo-desde-un-quinto-piso-en-parana-un-hombre-y-su-hija-resultan-heridos\\\/#primaryimage\"},\"thumbnailUrl\":\"https:\\\/\\\/i0.wp.com\\\/ahora.com.ar\\\/%77%70%2d%63%6f%6e%74%65%6e%74\\\/uploads\\\/2025\\\/04\\\/ascensor-caida-edificio-parana.jpeg?resize=696%2C522&quality=89&ssl=1\",\"datePublished\":\"2025-04-23T12:08:46+00:00\",\"dateModified\":\"2025-04-24T09:21:47+00:00\",\"breadcrumb\":{\"@id\":\"https:\\\/\\\/informelitoral.com.ar\\\/un-ascensor-se-desplomo-desde-un-quinto-piso-en-parana-un-hombre-y-su-hija-resultan-heridos\\\/#breadcrumb\"},\"inLanguage\":\"es\",\"potentialAction\":[{\"@type\":\"ReadAction\",\"target\":[\"https:\\\/\\\/informelitoral.com.ar\\\/un-ascensor-se-desplomo-desde-un-quinto-piso-en-parana-un-hombre-y-su-hija-resultan-heridos\\\/\"]}]},{\"@type\":\"ImageObject\",\"inLanguage\":\"es\",\"@id\":\"https:\\\/\\\/informelitoral.com.ar\\\/un-ascensor-se-desplomo-desde-un-quinto-piso-en-parana-un-hombre-y-su-hija-resultan-heridos\\\/#primaryimage\",\"url\":\"https:\\\/\\\/i0.wp.com\\\/ahora.com.ar\\\/%77%70%2d%63%6f%6e%74%65%6e%74\\\/uploads\\\/2025\\\/04\\\/ascensor-caida-edificio-parana.jpeg?resize=696%2C522&quality=89&ssl=1\",\"contentUrl\":\"https:\\\/\\\/i0.wp.com\\\/ahora.com.ar\\\/%77%70%2d%63%6f%6e%74%65%6e%74\\\/uploads\\\/2025\\\/04\\\/ascensor-caida-edificio-parana.jpeg?resize=696%2C522&quality=89&ssl=1\",\"width\":\"696\",\"height\":\"522\"},{\"@type\":\"BreadcrumbList\",\"@id\":\"https:\\\/\\\/informelitoral.com.ar\\\/un-ascensor-se-desplomo-desde-un-quinto-piso-en-parana-un-hombre-y-su-hija-resultan-heridos\\\/#breadcrumb\",\"itemListElement\":[{\"@type\":\"ListItem\",\"position\":1,\"name\":\"Portada\",\"item\":\"https:\\\/\\\/informelitoral.com.ar\\\/\"},{\"@type\":\"ListItem\",\"position\":2,\"name\":\"Un ascensor se desplom\u00f3 desde un quinto piso en Paran\u00e1: Un hombre y su hija resultan heridos\"}]},{\"@type\":\"WebSite\",\"@id\":\"https:\\\/\\\/informelitoral.com.ar\\\/#website\",\"url\":\"https:\\\/\\\/informelitoral.com.ar\\\/\",\"name\":\"Informe Litoral\",\"description\":\"&quot;Nos informamos&quot; \",\"publisher\":{\"@id\":\"https:\\\/\\\/informelitoral.com.ar\\\/#organization\"},\"potentialAction\":[{\"@type\":\"SearchAction\",\"target\":{\"@type\":\"EntryPoint\",\"urlTemplate\":\"https:\\\/\\\/informelitoral.com.ar\\\/?s={search_term_string}\"},\"query-input\":{\"@type\":\"PropertyValueSpecification\",\"valueRequired\":true,\"valueName\":\"search_term_string\"}}],\"inLanguage\":\"es\"},{\"@type\":\"Organization\",\"@id\":\"https:\\\/\\\/informelitoral.com.ar\\\/#organization\",\"name\":\"Informe Litoral\",\"url\":\"https:\\\/\\\/informelitoral.com.ar\\\/\",\"logo\":{\"@type\":\"ImageObject\",\"inLanguage\":\"es\",\"@id\":\"https:\\\/\\\/informelitoral.com.ar\\\/#\\\/schema\\\/logo\\\/image\\\/\",\"url\":\"https:\\\/\\\/informelitoral.com.ar\\\/%77%70%2d%63%6f%6e%74%65%6e%74\\\/uploads\\\/2021\\\/01\\\/circulo.png\",\"contentUrl\":\"https:\\\/\\\/informelitoral.com.ar\\\/%77%70%2d%63%6f%6e%74%65%6e%74\\\/uploads\\\/2021\\\/01\\\/circulo.png\",\"width\":723,\"height\":731,\"caption\":\"Informe Litoral\"},\"image\":{\"@id\":\"https:\\\/\\\/informelitoral.com.ar\\\/#\\\/schema\\\/logo\\\/image\\\/\"},\"sameAs\":[\"https:\\\/\\\/www.facebook.com\\\/informelitoral\\\/\",\"https:\\\/\\\/x.com\\\/InformeLitoral\",\"https:\\\/\\\/www.instagram.com\\\/informelitoral\\\/\",\"https:\\\/\\\/www.youtube.com\\\/channel\\\/UCua4Qvz8Icb6MYqhoq9xLXw\"]},{\"@type\":\"Person\",\"@id\":\"https:\\\/\\\/informelitoral.com.ar\\\/#\\\/schema\\\/person\\\/f05f9f461677119578717524b127d6d5\",\"name\":\"Sebastian\",\"image\":{\"@type\":\"ImageObject\",\"inLanguage\":\"es\",\"@id\":\"https:\\\/\\\/secure.gravatar.com\\\/avatar\\\/b71bf7481d447dfb9583c7f2798e7cc64de6efb9067b74633ed8c31059a3bd82?s=96&d=mm&r=g\",\"url\":\"https:\\\/\\\/secure.gravatar.com\\\/avatar\\\/b71bf7481d447dfb9583c7f2798e7cc64de6efb9067b74633ed8c31059a3bd82?s=96&d=mm&r=g\",\"contentUrl\":\"https:\\\/\\\/secure.gravatar.com\\\/avatar\\\/b71bf7481d447dfb9583c7f2798e7cc64de6efb9067b74633ed8c31059a3bd82?s=96&d=mm&r=g\",\"caption\":\"Sebastian\"},\"url\":\"https:\\\/\\\/informelitoral.com.ar\\\/author\\\/sebastian\\\/\"}]}<\/script>","yoast_head_json":{"title":"Un ascensor se desplom\u00f3 desde un quinto piso en Paran\u00e1: Un hombre y su hija resultan heridos - Informe Litoral","robots":{"index":"index","follow":"follow","max-snippet":"max-snippet:-1","max-image-preview":"max-image-preview:large","max-video-preview":"max-video-preview:-1"},"canonical":"https:\/\/informelitoral.com.ar\/un-ascensor-se-desplomo-desde-un-quinto-piso-en-parana-un-hombre-y-su-hija-resultan-heridos\/","og_locale":"es_ES","og_type":"article","og_title":"Un ascensor se desplom\u00f3 desde un quinto piso en Paran\u00e1: Un hombre y su hija resultan heridos - Informe Litoral","og_description":"El hecho ocurri\u00f3 en calle Cura \u00c1lvarez. El ascensor se desplom\u00f3 desde el quinto piso con un hombre y su hija a bordo. Ambos fueron hospitalizados.","og_url":"https:\/\/informelitoral.com.ar\/un-ascensor-se-desplomo-desde-un-quinto-piso-en-parana-un-hombre-y-su-hija-resultan-heridos\/","og_site_name":"Informe Litoral","article_publisher":"https:\/\/www.facebook.com\/informelitoral\/","article_published_time":"2025-04-23T12:08:46+00:00","article_modified_time":"2025-04-24T09:21:47+00:00","og_image":[{"url":"https:\/\/i0.wp.com\/ahora.com.ar\/wp-content\/uploads\/2025\/04\/ascensor-caida-edificio-parana.jpeg?resize=696%2C522&quality=89&ssl=1","type":"","width":"","height":""}],"author":"Sebastian","twitter_card":"summary_large_image","twitter_image":"https:\/\/i0.wp.com\/ahora.com.ar\/wp-content\/uploads\/2025\/04\/ascensor-caida-edificio-parana.jpeg?resize=696%2C522&quality=89&ssl=1","twitter_creator":"@InformeLitoral","twitter_site":"@InformeLitoral","twitter_misc":{"Escrito por":"Sebastian","Tiempo de lectura":"1 minuto"},"schema":{"@context":"https:\/\/schema.org","@graph":[{"@type":"Article","@id":"https:\/\/informelitoral.com.ar\/un-ascensor-se-desplomo-desde-un-quinto-piso-en-parana-un-hombre-y-su-hija-resultan-heridos\/#article","isPartOf":{"@id":"https:\/\/informelitoral.com.ar\/un-ascensor-se-desplomo-desde-un-quinto-piso-en-parana-un-hombre-y-su-hija-resultan-heridos\/"},"author":{"name":"Sebastian","@id":"https:\/\/informelitoral.com.ar\/#\/schema\/person\/f05f9f461677119578717524b127d6d5"},"headline":"Un ascensor se desplom\u00f3 desde un quinto piso en Paran\u00e1: Un hombre y su hija resultan heridos","datePublished":"2025-04-23T12:08:46+00:00","dateModified":"2025-04-24T09:21:47+00:00","mainEntityOfPage":{"@id":"https:\/\/informelitoral.com.ar\/un-ascensor-se-desplomo-desde-un-quinto-piso-en-parana-un-hombre-y-su-hija-resultan-heridos\/"},"wordCount":250,"commentCount":0,"publisher":{"@id":"https:\/\/informelitoral.com.ar\/#organization"},"image":{"@id":"https:\/\/informelitoral.com.ar\/un-ascensor-se-desplomo-desde-un-quinto-piso-en-parana-un-hombre-y-su-hija-resultan-heridos\/#primaryimage"},"thumbnailUrl":"https:\/\/i0.wp.com\/ahora.com.ar\/%77%70%2d%63%6f%6e%74%65%6e%74\/uploads\/2025\/04\/ascensor-caida-edificio-parana.jpeg?resize=696%2C522&quality=89&ssl=1","keywords":["Ascensor","Heridos","Paran\u00e1"],"articleSection":["Paran\u00e1"],"inLanguage":"es","potentialAction":[{"@type":"CommentAction","name":"Comment","target":["https:\/\/informelitoral.com.ar\/un-ascensor-se-desplomo-desde-un-quinto-piso-en-parana-un-hombre-y-su-hija-resultan-heridos\/#respond"]}]},{"@type":"WebPage","@id":"https:\/\/informelitoral.com.ar\/un-ascensor-se-desplomo-desde-un-quinto-piso-en-parana-un-hombre-y-su-hija-resultan-heridos\/","url":"https:\/\/informelitoral.com.ar\/un-ascensor-se-desplomo-desde-un-quinto-piso-en-parana-un-hombre-y-su-hija-resultan-heridos\/","name":"Un ascensor se desplom\u00f3 desde un quinto piso en Paran\u00e1: Un hombre y su hija resultan heridos - Informe Litoral","isPartOf":{"@id":"https:\/\/informelitoral.com.ar\/#website"},"primaryImageOfPage":{"@id":"https:\/\/informelitoral.com.ar\/un-ascensor-se-desplomo-desde-un-quinto-piso-en-parana-un-hombre-y-su-hija-resultan-heridos\/#primaryimage"},"image":{"@id":"https:\/\/informelitoral.com.ar\/un-ascensor-se-desplomo-desde-un-quinto-piso-en-parana-un-hombre-y-su-hija-resultan-heridos\/#primaryimage"},"thumbnailUrl":"https:\/\/i0.wp.com\/ahora.com.ar\/%77%70%2d%63%6f%6e%74%65%6e%74\/uploads\/2025\/04\/ascensor-caida-edificio-parana.jpeg?resize=696%2C522&quality=89&ssl=1","datePublished":"2025-04-23T12:08:46+00:00","dateModified":"2025-04-24T09:21:47+00:00","breadcrumb":{"@id":"https:\/\/informelitoral.com.ar\/un-ascensor-se-desplomo-desde-un-quinto-piso-en-parana-un-hombre-y-su-hija-resultan-heridos\/#breadcrumb"},"inLanguage":"es","potentialAction":[{"@type":"ReadAction","target":["https:\/\/informelitoral.com.ar\/un-ascensor-se-desplomo-desde-un-quinto-piso-en-parana-un-hombre-y-su-hija-resultan-heridos\/"]}]},{"@type":"ImageObject","inLanguage":"es","@id":"https:\/\/informelitoral.com.ar\/un-ascensor-se-desplomo-desde-un-quinto-piso-en-parana-un-hombre-y-su-hija-resultan-heridos\/#primaryimage","url":"https:\/\/i0.wp.com\/ahora.com.ar\/%77%70%2d%63%6f%6e%74%65%6e%74\/uploads\/2025\/04\/ascensor-caida-edificio-parana.jpeg?resize=696%2C522&quality=89&ssl=1","contentUrl":"https:\/\/i0.wp.com\/ahora.com.ar\/%77%70%2d%63%6f%6e%74%65%6e%74\/uploads\/2025\/04\/ascensor-caida-edificio-parana.jpeg?resize=696%2C522&quality=89&ssl=1","width":"696","height":"522"},{"@type":"BreadcrumbList","@id":"https:\/\/informelitoral.com.ar\/un-ascensor-se-desplomo-desde-un-quinto-piso-en-parana-un-hombre-y-su-hija-resultan-heridos\/#breadcrumb","itemListElement":[{"@type":"ListItem","position":1,"name":"Portada","item":"https:\/\/informelitoral.com.ar\/"},{"@type":"ListItem","position":2,"name":"Un ascensor se desplom\u00f3 desde un quinto piso en Paran\u00e1: Un hombre y su hija resultan heridos"}]},{"@type":"WebSite","@id":"https:\/\/informelitoral.com.ar\/#website","url":"https:\/\/informelitoral.com.ar\/","name":"Informe Litoral","description":"&quot;Nos informamos&quot; ","publisher":{"@id":"https:\/\/informelitoral.com.ar\/#organization"},"potentialAction":[{"@type":"SearchAction","target":{"@type":"EntryPoint","urlTemplate":"https:\/\/informelitoral.com.ar\/?s={search_term_string}"},"query-input":{"@type":"PropertyValueSpecification","valueRequired":true,"valueName":"search_term_string"}}],"inLanguage":"es"},{"@type":"Organization","@id":"https:\/\/informelitoral.com.ar\/#organization","name":"Informe Litoral","url":"https:\/\/informelitoral.com.ar\/","logo":{"@type":"ImageObject","inLanguage":"es","@id":"https:\/\/informelitoral.com.ar\/#\/schema\/logo\/image\/","url":"https:\/\/informelitoral.com.ar\/%77%70%2d%63%6f%6e%74%65%6e%74\/uploads\/2021\/01\/circulo.png","contentUrl":"https:\/\/informelitoral.com.ar\/%77%70%2d%63%6f%6e%74%65%6e%74\/uploads\/2021\/01\/circulo.png","width":723,"height":731,"caption":"Informe Litoral"},"image":{"@id":"https:\/\/informelitoral.com.ar\/#\/schema\/logo\/image\/"},"sameAs":["https:\/\/www.facebook.com\/informelitoral\/","https:\/\/x.com\/InformeLitoral","https:\/\/www.instagram.com\/informelitoral\/","https:\/\/www.youtube.com\/channel\/UCua4Qvz8Icb6MYqhoq9xLXw"]},{"@type":"Person","@id":"https:\/\/informelitoral.com.ar\/#\/schema\/person\/f05f9f461677119578717524b127d6d5","name":"Sebastian","image":{"@type":"ImageObject","inLanguage":"es","@id":"https:\/\/secure.gravatar.com\/avatar\/b71bf7481d447dfb9583c7f2798e7cc64de6efb9067b74633ed8c31059a3bd82?s=96&d=mm&r=g","url":"https:\/\/secure.gravatar.com\/avatar\/b71bf7481d447dfb9583c7f2798e7cc64de6efb9067b74633ed8c31059a3bd82?s=96&d=mm&r=g","contentUrl":"https:\/\/secure.gravatar.com\/avatar\/b71bf7481d447dfb9583c7f2798e7cc64de6efb9067b74633ed8c31059a3bd82?s=96&d=mm&r=g","caption":"Sebastian"},"url":"https:\/\/informelitoral.com.ar\/author\/sebastian\/"}]}},"fifu_image_url":"https:\/\/i0.wp.com\/ahora.com.ar\/wp-content\/uploads\/2025\/04\/ascensor-caida-edificio-parana.jpeg?resize=696%2C522&quality=89&ssl=1","_links":{"self":[{"href":"https:\/\/informelitoral.com.ar\/%77%70%2d%6a%73%6f%6e\/wp\/v2\/posts\/219322","targetHints":{"allow":["GET"]}}],"collection":[{"href":"https:\/\/informelitoral.com.ar\/%77%70%2d%6a%73%6f%6e\/wp\/v2\/posts"}],"about":[{"href":"https:\/\/informelitoral.com.ar\/%77%70%2d%6a%73%6f%6e\/wp\/v2\/types\/post"}],"author":[{"embeddable":true,"href":"https:\/\/informelitoral.com.ar\/%77%70%2d%6a%73%6f%6e\/wp\/v2\/users\/8"}],"replies":[{"embeddable":true,"href":"https:\/\/informelitoral.com.ar\/%77%70%2d%6a%73%6f%6e\/wp\/v2\/comments?post=219322"}],"version-history":[{"count":0,"href":"https:\/\/informelitoral.com.ar\/%77%70%2d%6a%73%6f%6e\/wp\/v2\/posts\/219322\/revisions"}],"wp:featuredmedia":[{"embeddable":true,"href":"https:\/\/informelitoral.com.ar\/%77%70%2d%6a%73%6f%6e\/wp\/v2\/media\/219323"}],"wp:attachment":[{"href":"https:\/\/informelitoral.com.ar\/%77%70%2d%6a%73%6f%6e\/wp\/v2\/media?parent=219322"}],"wp:term":[{"taxonomy":"category","embeddable":true,"href":"https:\/\/informelitoral.com.ar\/%77%70%2d%6a%73%6f%6e\/wp\/v2\/categories?post=219322"},{"taxonomy":"post_tag","embeddable":true,"href":"https:\/\/informelitoral.com.ar\/%77%70%2d%6a%73%6f%6e\/wp\/v2\/tags?post=219322"}],"curies":[{"name":"wp","href":"https:\/\/api.w.org\/{rel}","templated":true}]}}