{"id":219276,"date":"2025-04-16T10:28:47","date_gmt":"2025-04-16T13:28:47","guid":{"rendered":"https:\/\/informelitoral.com.ar\/?p=219276"},"modified":"2025-04-23T08:30:37","modified_gmt":"2025-04-23T11:30:37","slug":"la-fiesta-del-pastel-artesanal-se-reedita-en-villaguay","status":"publish","type":"post","link":"https:\/\/informelitoral.com.ar\/la-fiesta-del-pastel-artesanal-se-reedita-en-villaguay\/","title":{"rendered":"La Fiesta del Pastel Artesanal se reedita en Villaguay"},"content":{"rendered":"<p>La secretaria de Turismo de Villaguay, Cecilia Revoredo, dio detalles a Radio Diputados de la 22\u00b0 Fiesta Provincial del Pastel Artesanal, que se realiza en Semana Santa. Fue declarada de inter\u00e9s por la C\u00e1mara de Diputados, a partir de una iniciativa de la legisladora Mariana Bentos.<\/p>\n<p>\u201cNos estamos preparando para recibir muchos visitantes y para que nuestra comunidad tambi\u00e9n pueda disfrutar del evento\u201d, se\u00f1al\u00f3 Revoredo, quien tambi\u00e9n recomend\u00f3 otras actividades para realizar en la localidad durante el fin de semana largo, como recorrer la reserva municipal La Chinita.<\/p>\n<p>La fiesta se desarrollar\u00e1 los d\u00edas 18, 19 y 20 de abril en el polideportivo municipal. Habr\u00e1 puestos de venta de pasteles, feria artesanal, propuestas gastron\u00f3micas y espect\u00e1culos art\u00edsticos, con la presentaci\u00f3n de Mario Pereira y Juan Manuel Bilat, entre otros. La entrada es libre y gratuita.<\/p>\n<p>Los inicios se remontan a 2002, cuando un grupo de artesanos y pasteleras idearon una celebraci\u00f3n que los representara como hacedores de la cultura local e identificara al pueblo. \u201cLa ciudad siempre tuvo como caracter\u00edstica al famoso pastelito. A cualquier persona que ven\u00eda a visitarnos, siempre le recomend\u00e1bamos que se llevaran este producto. Hace mucho tiempo atr\u00e1s hab\u00eda dos o tres personas que eran conocidas por sus habilidades para hacerlos muy ricos\u201d, cont\u00f3 la funcionaria.<\/p>\n<p>De esa manera surgi\u00f3 esta propuesta de darles a las pasteleras la oportunidad de que ofrecieran sus creaciones en la plaza 25 de Mayo y luego esa feria fue creciendo hasta convertirse en una fiesta popular.<\/p>\n","protected":false},"excerpt":{"rendered":"<p>La celebraci\u00f3n fue declarada de inter\u00e9s por una propuesta de la diputada Mariana Bentos.<\/p>\n","protected":false},"author":8,"featured_media":219277,"comment_status":"open","ping_status":"open","sticky":false,"template":"","format":"standard","meta":{"fifu_image_url":"https:\/\/medios.hcder.gov.ar\/uploads\/04_Pastel.jpg","fifu_image_alt":"","footnotes":""},"categories":[6],"tags":[5695,1331],"class_list":{"0":"post-219276","1":"post","2":"type-post","3":"status-publish","4":"format-standard","5":"has-post-thumbnail","7":"category-entre-rios","8":"tag-fiesta-del-pastel-artesanal","9":"tag-villaguay"},"yoast_head":"<title>La Fiesta del Pastel Artesanal se reedita en Villaguay - Informe Litoral<\/title>\n<meta name=\"robots\" content=\"index, follow, max-snippet:-1, max-image-preview:large, max-video-preview:-1\" \/>\n<link rel=\"canonical\" href=\"https:\/\/informelitoral.com.ar\/la-fiesta-del-pastel-artesanal-se-reedita-en-villaguay\/\" \/>\n<meta property=\"og:locale\" content=\"es_ES\" \/>\n<meta property=\"og:type\" content=\"article\" \/>\n<meta property=\"og:title\" content=\"La Fiesta del Pastel Artesanal se reedita en Villaguay - Informe Litoral\" \/>\n<meta property=\"og:description\" content=\"La celebraci\u00f3n fue declarada de inter\u00e9s por una propuesta de la diputada Mariana Bentos.\" \/>\n<meta property=\"og:url\" content=\"https:\/\/informelitoral.com.ar\/la-fiesta-del-pastel-artesanal-se-reedita-en-villaguay\/\" \/>\n<meta property=\"og:site_name\" content=\"Informe Litoral\" \/>\n<meta property=\"article:publisher\" content=\"https:\/\/www.facebook.com\/informelitoral\/\" \/>\n<meta property=\"article:published_time\" content=\"2025-04-16T13:28:47+00:00\" \/>\n<meta property=\"article:modified_time\" content=\"2025-04-23T11:30:37+00:00\" \/>\n<meta property=\"og:image\" content=\"https:\/\/medios.hcder.gov.ar\/uploads\/04_Pastel.jpg\" \/><meta property=\"og:image\" content=\"https:\/\/medios.hcder.gov.ar\/uploads\/04_Pastel.jpg\" \/>\n\t<meta property=\"og:image:width\" content=\"1920\" \/>\n\t<meta property=\"og:image:height\" content=\"1280\" \/>\n\t<meta property=\"og:image:type\" content=\"image\/jpeg\" \/>\n<meta name=\"author\" content=\"Sebastian\" \/>\n<meta name=\"twitter:card\" content=\"summary_large_image\" \/>\n<meta name=\"twitter:image\" content=\"https:\/\/medios.hcder.gov.ar\/uploads\/04_Pastel.jpg\" \/>\n<meta name=\"twitter:creator\" content=\"@InformeLitoral\" \/>\n<meta name=\"twitter:site\" content=\"@InformeLitoral\" \/>\n<meta name=\"twitter:label1\" content=\"Escrito por\" \/>\n\t<meta name=\"twitter:data1\" content=\"Sebastian\" \/>\n\t<meta name=\"twitter:label2\" content=\"Tiempo de lectura\" \/>\n\t<meta name=\"twitter:data2\" content=\"1 minuto\" \/>\n<script type=\"application\/ld+json\" class=\"yoast-schema-graph\">{\"@context\":\"https:\\\/\\\/schema.org\",\"@graph\":[{\"@type\":\"Article\",\"@id\":\"https:\\\/\\\/informelitoral.com.ar\\\/la-fiesta-del-pastel-artesanal-se-reedita-en-villaguay\\\/#article\",\"isPartOf\":{\"@id\":\"https:\\\/\\\/informelitoral.com.ar\\\/la-fiesta-del-pastel-artesanal-se-reedita-en-villaguay\\\/\"},\"author\":{\"name\":\"Sebastian\",\"@id\":\"https:\\\/\\\/informelitoral.com.ar\\\/#\\\/schema\\\/person\\\/f05f9f461677119578717524b127d6d5\"},\"headline\":\"La Fiesta del Pastel Artesanal se reedita en Villaguay\",\"datePublished\":\"2025-04-16T13:28:47+00:00\",\"dateModified\":\"2025-04-23T11:30:37+00:00\",\"mainEntityOfPage\":{\"@id\":\"https:\\\/\\\/informelitoral.com.ar\\\/la-fiesta-del-pastel-artesanal-se-reedita-en-villaguay\\\/\"},\"wordCount\":265,\"commentCount\":0,\"publisher\":{\"@id\":\"https:\\\/\\\/informelitoral.com.ar\\\/#organization\"},\"image\":{\"@id\":\"https:\\\/\\\/informelitoral.com.ar\\\/la-fiesta-del-pastel-artesanal-se-reedita-en-villaguay\\\/#primaryimage\"},\"thumbnailUrl\":\"https:\\\/\\\/medios.hcder.gov.ar\\\/uploads\\\/04_Pastel.jpg\",\"keywords\":[\"Fiesta del Pastel Artesanal\",\"Villaguay\"],\"articleSection\":[\"Entre R\u00edos\"],\"inLanguage\":\"es\",\"potentialAction\":[{\"@type\":\"CommentAction\",\"name\":\"Comment\",\"target\":[\"https:\\\/\\\/informelitoral.com.ar\\\/la-fiesta-del-pastel-artesanal-se-reedita-en-villaguay\\\/#respond\"]}]},{\"@type\":\"WebPage\",\"@id\":\"https:\\\/\\\/informelitoral.com.ar\\\/la-fiesta-del-pastel-artesanal-se-reedita-en-villaguay\\\/\",\"url\":\"https:\\\/\\\/informelitoral.com.ar\\\/la-fiesta-del-pastel-artesanal-se-reedita-en-villaguay\\\/\",\"name\":\"La Fiesta del Pastel Artesanal se reedita en Villaguay - Informe Litoral\",\"isPartOf\":{\"@id\":\"https:\\\/\\\/informelitoral.com.ar\\\/#website\"},\"primaryImageOfPage\":{\"@id\":\"https:\\\/\\\/informelitoral.com.ar\\\/la-fiesta-del-pastel-artesanal-se-reedita-en-villaguay\\\/#primaryimage\"},\"image\":{\"@id\":\"https:\\\/\\\/informelitoral.com.ar\\\/la-fiesta-del-pastel-artesanal-se-reedita-en-villaguay\\\/#primaryimage\"},\"thumbnailUrl\":\"https:\\\/\\\/medios.hcder.gov.ar\\\/uploads\\\/04_Pastel.jpg\",\"datePublished\":\"2025-04-16T13:28:47+00:00\",\"dateModified\":\"2025-04-23T11:30:37+00:00\",\"breadcrumb\":{\"@id\":\"https:\\\/\\\/informelitoral.com.ar\\\/la-fiesta-del-pastel-artesanal-se-reedita-en-villaguay\\\/#breadcrumb\"},\"inLanguage\":\"es\",\"potentialAction\":[{\"@type\":\"ReadAction\",\"target\":[\"https:\\\/\\\/informelitoral.com.ar\\\/la-fiesta-del-pastel-artesanal-se-reedita-en-villaguay\\\/\"]}]},{\"@type\":\"ImageObject\",\"inLanguage\":\"es\",\"@id\":\"https:\\\/\\\/informelitoral.com.ar\\\/la-fiesta-del-pastel-artesanal-se-reedita-en-villaguay\\\/#primaryimage\",\"url\":\"https:\\\/\\\/medios.hcder.gov.ar\\\/uploads\\\/04_Pastel.jpg\",\"contentUrl\":\"https:\\\/\\\/medios.hcder.gov.ar\\\/uploads\\\/04_Pastel.jpg\",\"width\":\"1920\",\"height\":\"1280\"},{\"@type\":\"BreadcrumbList\",\"@id\":\"https:\\\/\\\/informelitoral.com.ar\\\/la-fiesta-del-pastel-artesanal-se-reedita-en-villaguay\\\/#breadcrumb\",\"itemListElement\":[{\"@type\":\"ListItem\",\"position\":1,\"name\":\"Portada\",\"item\":\"https:\\\/\\\/informelitoral.com.ar\\\/\"},{\"@type\":\"ListItem\",\"position\":2,\"name\":\"La Fiesta del Pastel Artesanal se reedita en Villaguay\"}]},{\"@type\":\"WebSite\",\"@id\":\"https:\\\/\\\/informelitoral.com.ar\\\/#website\",\"url\":\"https:\\\/\\\/informelitoral.com.ar\\\/\",\"name\":\"Informe Litoral\",\"description\":\"&quot;Nos informamos&quot; \",\"publisher\":{\"@id\":\"https:\\\/\\\/informelitoral.com.ar\\\/#organization\"},\"potentialAction\":[{\"@type\":\"SearchAction\",\"target\":{\"@type\":\"EntryPoint\",\"urlTemplate\":\"https:\\\/\\\/informelitoral.com.ar\\\/?s={search_term_string}\"},\"query-input\":{\"@type\":\"PropertyValueSpecification\",\"valueRequired\":true,\"valueName\":\"search_term_string\"}}],\"inLanguage\":\"es\"},{\"@type\":\"Organization\",\"@id\":\"https:\\\/\\\/informelitoral.com.ar\\\/#organization\",\"name\":\"Informe Litoral\",\"url\":\"https:\\\/\\\/informelitoral.com.ar\\\/\",\"logo\":{\"@type\":\"ImageObject\",\"inLanguage\":\"es\",\"@id\":\"https:\\\/\\\/informelitoral.com.ar\\\/#\\\/schema\\\/logo\\\/image\\\/\",\"url\":\"https:\\\/\\\/informelitoral.com.ar\\\/%77%70%2d%63%6f%6e%74%65%6e%74\\\/uploads\\\/2021\\\/01\\\/circulo.png\",\"contentUrl\":\"https:\\\/\\\/informelitoral.com.ar\\\/%77%70%2d%63%6f%6e%74%65%6e%74\\\/uploads\\\/2021\\\/01\\\/circulo.png\",\"width\":723,\"height\":731,\"caption\":\"Informe Litoral\"},\"image\":{\"@id\":\"https:\\\/\\\/informelitoral.com.ar\\\/#\\\/schema\\\/logo\\\/image\\\/\"},\"sameAs\":[\"https:\\\/\\\/www.facebook.com\\\/informelitoral\\\/\",\"https:\\\/\\\/x.com\\\/InformeLitoral\",\"https:\\\/\\\/www.instagram.com\\\/informelitoral\\\/\",\"https:\\\/\\\/www.youtube.com\\\/channel\\\/UCua4Qvz8Icb6MYqhoq9xLXw\"]},{\"@type\":\"Person\",\"@id\":\"https:\\\/\\\/informelitoral.com.ar\\\/#\\\/schema\\\/person\\\/f05f9f461677119578717524b127d6d5\",\"name\":\"Sebastian\",\"image\":{\"@type\":\"ImageObject\",\"inLanguage\":\"es\",\"@id\":\"https:\\\/\\\/secure.gravatar.com\\\/avatar\\\/b71bf7481d447dfb9583c7f2798e7cc64de6efb9067b74633ed8c31059a3bd82?s=96&d=mm&r=g\",\"url\":\"https:\\\/\\\/secure.gravatar.com\\\/avatar\\\/b71bf7481d447dfb9583c7f2798e7cc64de6efb9067b74633ed8c31059a3bd82?s=96&d=mm&r=g\",\"contentUrl\":\"https:\\\/\\\/secure.gravatar.com\\\/avatar\\\/b71bf7481d447dfb9583c7f2798e7cc64de6efb9067b74633ed8c31059a3bd82?s=96&d=mm&r=g\",\"caption\":\"Sebastian\"},\"url\":\"https:\\\/\\\/informelitoral.com.ar\\\/author\\\/sebastian\\\/\"}]}<\/script>","yoast_head_json":{"title":"La Fiesta del Pastel Artesanal se reedita en Villaguay - Informe Litoral","robots":{"index":"index","follow":"follow","max-snippet":"max-snippet:-1","max-image-preview":"max-image-preview:large","max-video-preview":"max-video-preview:-1"},"canonical":"https:\/\/informelitoral.com.ar\/la-fiesta-del-pastel-artesanal-se-reedita-en-villaguay\/","og_locale":"es_ES","og_type":"article","og_title":"La Fiesta del Pastel Artesanal se reedita en Villaguay - Informe Litoral","og_description":"La celebraci\u00f3n fue declarada de inter\u00e9s por una propuesta de la diputada Mariana Bentos.","og_url":"https:\/\/informelitoral.com.ar\/la-fiesta-del-pastel-artesanal-se-reedita-en-villaguay\/","og_site_name":"Informe Litoral","article_publisher":"https:\/\/www.facebook.com\/informelitoral\/","article_published_time":"2025-04-16T13:28:47+00:00","article_modified_time":"2025-04-23T11:30:37+00:00","og_image":[{"url":"https:\/\/medios.hcder.gov.ar\/uploads\/04_Pastel.jpg","type":"","width":"","height":""},{"width":1920,"height":1280,"url":"https:\/\/medios.hcder.gov.ar\/uploads\/04_Pastel.jpg","type":"image\/jpeg"}],"author":"Sebastian","twitter_card":"summary_large_image","twitter_image":"https:\/\/medios.hcder.gov.ar\/uploads\/04_Pastel.jpg","twitter_creator":"@InformeLitoral","twitter_site":"@InformeLitoral","twitter_misc":{"Escrito por":"Sebastian","Tiempo de lectura":"1 minuto"},"schema":{"@context":"https:\/\/schema.org","@graph":[{"@type":"Article","@id":"https:\/\/informelitoral.com.ar\/la-fiesta-del-pastel-artesanal-se-reedita-en-villaguay\/#article","isPartOf":{"@id":"https:\/\/informelitoral.com.ar\/la-fiesta-del-pastel-artesanal-se-reedita-en-villaguay\/"},"author":{"name":"Sebastian","@id":"https:\/\/informelitoral.com.ar\/#\/schema\/person\/f05f9f461677119578717524b127d6d5"},"headline":"La Fiesta del Pastel Artesanal se reedita en Villaguay","datePublished":"2025-04-16T13:28:47+00:00","dateModified":"2025-04-23T11:30:37+00:00","mainEntityOfPage":{"@id":"https:\/\/informelitoral.com.ar\/la-fiesta-del-pastel-artesanal-se-reedita-en-villaguay\/"},"wordCount":265,"commentCount":0,"publisher":{"@id":"https:\/\/informelitoral.com.ar\/#organization"},"image":{"@id":"https:\/\/informelitoral.com.ar\/la-fiesta-del-pastel-artesanal-se-reedita-en-villaguay\/#primaryimage"},"thumbnailUrl":"https:\/\/medios.hcder.gov.ar\/uploads\/04_Pastel.jpg","keywords":["Fiesta del Pastel Artesanal","Villaguay"],"articleSection":["Entre R\u00edos"],"inLanguage":"es","potentialAction":[{"@type":"CommentAction","name":"Comment","target":["https:\/\/informelitoral.com.ar\/la-fiesta-del-pastel-artesanal-se-reedita-en-villaguay\/#respond"]}]},{"@type":"WebPage","@id":"https:\/\/informelitoral.com.ar\/la-fiesta-del-pastel-artesanal-se-reedita-en-villaguay\/","url":"https:\/\/informelitoral.com.ar\/la-fiesta-del-pastel-artesanal-se-reedita-en-villaguay\/","name":"La Fiesta del Pastel Artesanal se reedita en Villaguay - Informe Litoral","isPartOf":{"@id":"https:\/\/informelitoral.com.ar\/#website"},"primaryImageOfPage":{"@id":"https:\/\/informelitoral.com.ar\/la-fiesta-del-pastel-artesanal-se-reedita-en-villaguay\/#primaryimage"},"image":{"@id":"https:\/\/informelitoral.com.ar\/la-fiesta-del-pastel-artesanal-se-reedita-en-villaguay\/#primaryimage"},"thumbnailUrl":"https:\/\/medios.hcder.gov.ar\/uploads\/04_Pastel.jpg","datePublished":"2025-04-16T13:28:47+00:00","dateModified":"2025-04-23T11:30:37+00:00","breadcrumb":{"@id":"https:\/\/informelitoral.com.ar\/la-fiesta-del-pastel-artesanal-se-reedita-en-villaguay\/#breadcrumb"},"inLanguage":"es","potentialAction":[{"@type":"ReadAction","target":["https:\/\/informelitoral.com.ar\/la-fiesta-del-pastel-artesanal-se-reedita-en-villaguay\/"]}]},{"@type":"ImageObject","inLanguage":"es","@id":"https:\/\/informelitoral.com.ar\/la-fiesta-del-pastel-artesanal-se-reedita-en-villaguay\/#primaryimage","url":"https:\/\/medios.hcder.gov.ar\/uploads\/04_Pastel.jpg","contentUrl":"https:\/\/medios.hcder.gov.ar\/uploads\/04_Pastel.jpg","width":"1920","height":"1280"},{"@type":"BreadcrumbList","@id":"https:\/\/informelitoral.com.ar\/la-fiesta-del-pastel-artesanal-se-reedita-en-villaguay\/#breadcrumb","itemListElement":[{"@type":"ListItem","position":1,"name":"Portada","item":"https:\/\/informelitoral.com.ar\/"},{"@type":"ListItem","position":2,"name":"La Fiesta del Pastel Artesanal se reedita en Villaguay"}]},{"@type":"WebSite","@id":"https:\/\/informelitoral.com.ar\/#website","url":"https:\/\/informelitoral.com.ar\/","name":"Informe Litoral","description":"&quot;Nos informamos&quot; ","publisher":{"@id":"https:\/\/informelitoral.com.ar\/#organization"},"potentialAction":[{"@type":"SearchAction","target":{"@type":"EntryPoint","urlTemplate":"https:\/\/informelitoral.com.ar\/?s={search_term_string}"},"query-input":{"@type":"PropertyValueSpecification","valueRequired":true,"valueName":"search_term_string"}}],"inLanguage":"es"},{"@type":"Organization","@id":"https:\/\/informelitoral.com.ar\/#organization","name":"Informe Litoral","url":"https:\/\/informelitoral.com.ar\/","logo":{"@type":"ImageObject","inLanguage":"es","@id":"https:\/\/informelitoral.com.ar\/#\/schema\/logo\/image\/","url":"https:\/\/informelitoral.com.ar\/%77%70%2d%63%6f%6e%74%65%6e%74\/uploads\/2021\/01\/circulo.png","contentUrl":"https:\/\/informelitoral.com.ar\/%77%70%2d%63%6f%6e%74%65%6e%74\/uploads\/2021\/01\/circulo.png","width":723,"height":731,"caption":"Informe Litoral"},"image":{"@id":"https:\/\/informelitoral.com.ar\/#\/schema\/logo\/image\/"},"sameAs":["https:\/\/www.facebook.com\/informelitoral\/","https:\/\/x.com\/InformeLitoral","https:\/\/www.instagram.com\/informelitoral\/","https:\/\/www.youtube.com\/channel\/UCua4Qvz8Icb6MYqhoq9xLXw"]},{"@type":"Person","@id":"https:\/\/informelitoral.com.ar\/#\/schema\/person\/f05f9f461677119578717524b127d6d5","name":"Sebastian","image":{"@type":"ImageObject","inLanguage":"es","@id":"https:\/\/secure.gravatar.com\/avatar\/b71bf7481d447dfb9583c7f2798e7cc64de6efb9067b74633ed8c31059a3bd82?s=96&d=mm&r=g","url":"https:\/\/secure.gravatar.com\/avatar\/b71bf7481d447dfb9583c7f2798e7cc64de6efb9067b74633ed8c31059a3bd82?s=96&d=mm&r=g","contentUrl":"https:\/\/secure.gravatar.com\/avatar\/b71bf7481d447dfb9583c7f2798e7cc64de6efb9067b74633ed8c31059a3bd82?s=96&d=mm&r=g","caption":"Sebastian"},"url":"https:\/\/informelitoral.com.ar\/author\/sebastian\/"}]}},"fifu_image_url":"https:\/\/medios.hcder.gov.ar\/uploads\/04_Pastel.jpg","_links":{"self":[{"href":"https:\/\/informelitoral.com.ar\/%77%70%2d%6a%73%6f%6e\/wp\/v2\/posts\/219276","targetHints":{"allow":["GET"]}}],"collection":[{"href":"https:\/\/informelitoral.com.ar\/%77%70%2d%6a%73%6f%6e\/wp\/v2\/posts"}],"about":[{"href":"https:\/\/informelitoral.com.ar\/%77%70%2d%6a%73%6f%6e\/wp\/v2\/types\/post"}],"author":[{"embeddable":true,"href":"https:\/\/informelitoral.com.ar\/%77%70%2d%6a%73%6f%6e\/wp\/v2\/users\/8"}],"replies":[{"embeddable":true,"href":"https:\/\/informelitoral.com.ar\/%77%70%2d%6a%73%6f%6e\/wp\/v2\/comments?post=219276"}],"version-history":[{"count":0,"href":"https:\/\/informelitoral.com.ar\/%77%70%2d%6a%73%6f%6e\/wp\/v2\/posts\/219276\/revisions"}],"wp:featuredmedia":[{"embeddable":true,"href":"https:\/\/informelitoral.com.ar\/%77%70%2d%6a%73%6f%6e\/wp\/v2\/media\/219277"}],"wp:attachment":[{"href":"https:\/\/informelitoral.com.ar\/%77%70%2d%6a%73%6f%6e\/wp\/v2\/media?parent=219276"}],"wp:term":[{"taxonomy":"category","embeddable":true,"href":"https:\/\/informelitoral.com.ar\/%77%70%2d%6a%73%6f%6e\/wp\/v2\/categories?post=219276"},{"taxonomy":"post_tag","embeddable":true,"href":"https:\/\/informelitoral.com.ar\/%77%70%2d%6a%73%6f%6e\/wp\/v2\/tags?post=219276"}],"curies":[{"name":"wp","href":"https:\/\/api.w.org\/{rel}","templated":true}]}}