{"id":219225,"date":"2025-04-23T06:38:43","date_gmt":"2025-04-23T09:38:43","guid":{"rendered":"https:\/\/informelitoral.com.ar\/?p=219225"},"modified":"2025-04-23T07:36:34","modified_gmt":"2025-04-23T10:36:34","slug":"miercoles-en-entre-rios-el-cielo-estara-parcialmente-nublado","status":"publish","type":"post","link":"https:\/\/informelitoral.com.ar\/miercoles-en-entre-rios-el-cielo-estara-parcialmente-nublado\/","title":{"rendered":"Mi\u00e9rcoles en Entre R\u00edos: el cielo estar\u00e1 parcialmente nublado"},"content":{"rendered":"<p>El centro y norte del pa\u00eds presentaron durante las \u00faltimas jornadas condiciones de tiempo estables, aunque con elevada humedad.<\/p>\n<p>A partir de hoy y durante el jueves, la inestabilidad se trasladar\u00e1 hacia el norte del pa\u00eds. Las provincias de Formosa y Chaco se encuentran bajo alerta por la posible ocurrencia de tormentas fuertes. Se prev\u00e9n eventos acompa\u00f1ados de intensa actividad el\u00e9ctrica, r\u00e1fagas de viento que podr\u00edan alcanzar los 70 km\/h, ca\u00edda de granizo y precipitaciones intensas en cortos per\u00edodos.<\/p>\n<div class=\"embed nota-relacionada\">\n<div class=\"inner-art\">\n<article class=\" en-bandera\">\n<header class=\"en-bandera__header\">\n<h2 class=\"en-bandera__h2 titulo-sub \"><strong>En qu\u00e9 provincias rigen hoy alertas por tormentas y granizo<\/strong><\/h2>\n<\/header>\n<\/article>\n<\/div>\n<\/div>\n<p>En menor medida, podr\u00edan registrarse lluvias tambi\u00e9n en el norte de Santa Fe, Corrientes y Misiones.\u00a0<b>En el caso de Entre R\u00edos, para hoy se anticipa cielo parcialmente nublado, con registros t\u00e9rmicos de hasta 27 grados.\u00a0<\/b>Mientras tanto,\u00a0<b>para ma\u00f1ana se espera alguna inestabilidad<\/b>, con posibles chaparrones, durante la ma\u00f1ana, mientras que las temperaturas llegar\u00edan a 25 grados.<\/p>\n<h2><strong>Lluvias en el centro del pa\u00eds hacia el fin de semana<\/strong><\/h2>\n<p>Con el avance de un frente fr\u00edo, se espera que \u201centre viernes y s\u00e1bado las precipitaciones alcancen el centro del pa\u00eds. Inicialmente, afectar\u00edan al sur del \u00e1rea pampeana, incluyendo a La Pampa y Buenos Aires.\u00a0<b>Hacia el s\u00e1bado, las tormentas se extender\u00edan a Entre R\u00edos, Santa Fe, C\u00f3rdoba y el norte de La Pampa<\/b>\u201d, se\u00f1al\u00f3 el meteor\u00f3logo Leonardo De Benedictis.<\/p>\n<p>Precis\u00f3 que \u201cel\u00a0<b>ingreso del sistema frontal traer\u00e1 adem\u00e1s un cambio de masa de aire<\/b>, con rotaci\u00f3n del viento al sector sur, descenso marcado de temperaturas y disminuci\u00f3n de la humedad\u201d.<\/p>\n<p>Esto generar\u00e1 \u201c<b>un ambiente m\u00e1s fresco y seco de cara al pr\u00f3ximo fin de semana<\/b>, marcando un cambio significativo en las condiciones meteorol\u00f3gicas del centro del pa\u00eds\u201d, .<\/p>\n<p><b>En Entre R\u00edos se pronostica un viernes con buen tiempo y un s\u00e1bado con lluvias aisladas<\/b>\u00a0y vientos rotando al sur, lo que har\u00e1 que las condiciones mejoren r\u00e1pidamente:\u00a0<b>el domingo las marcas t\u00e9rmicas m\u00ednimas estar\u00edan en 10 grados y las m\u00e1ximas en 22<\/b>.<\/p>\n","protected":false},"excerpt":{"rendered":"<p>El ingreso del sistema frontal \u201ctraer\u00e1 un cambio de masa de aire, con rotaci\u00f3n del viento al sector sur, descenso marcado de temperaturas y disminuci\u00f3n de la humedad\u201d durante el fin de semana.<\/p>\n","protected":false},"author":8,"featured_media":73260,"comment_status":"open","ping_status":"open","sticky":false,"template":"","format":"standard","meta":{"fifu_image_url":"","fifu_image_alt":"","footnotes":""},"categories":[7],"tags":[38,2759,113],"class_list":{"0":"post-219225","1":"post","2":"type-post","3":"status-publish","4":"format-standard","5":"has-post-thumbnail","7":"category-nacionales","8":"tag-el-tiempo","9":"tag-pronostico-del-tiempo","10":"tag-smn"},"yoast_head":"<title>Mi\u00e9rcoles en Entre R\u00edos: el cielo estar\u00e1 parcialmente nublado - Informe Litoral<\/title>\n<meta name=\"robots\" content=\"index, follow, max-snippet:-1, max-image-preview:large, max-video-preview:-1\" \/>\n<link rel=\"canonical\" href=\"https:\/\/informelitoral.com.ar\/miercoles-en-entre-rios-el-cielo-estara-parcialmente-nublado\/\" \/>\n<meta property=\"og:locale\" content=\"es_ES\" \/>\n<meta property=\"og:type\" content=\"article\" \/>\n<meta property=\"og:title\" content=\"Mi\u00e9rcoles en Entre R\u00edos: el cielo estar\u00e1 parcialmente nublado - Informe Litoral\" \/>\n<meta property=\"og:description\" content=\"El ingreso del sistema frontal \u201ctraer\u00e1 un cambio de masa de aire, con rotaci\u00f3n del viento al sector sur, descenso marcado de temperaturas y disminuci\u00f3n de la humedad\u201d durante el fin de semana.\" \/>\n<meta property=\"og:url\" content=\"https:\/\/informelitoral.com.ar\/miercoles-en-entre-rios-el-cielo-estara-parcialmente-nublado\/\" \/>\n<meta property=\"og:site_name\" content=\"Informe Litoral\" \/>\n<meta property=\"article:publisher\" content=\"https:\/\/www.facebook.com\/informelitoral\/\" \/>\n<meta property=\"article:published_time\" content=\"2025-04-23T09:38:43+00:00\" \/>\n<meta property=\"article:modified_time\" content=\"2025-04-23T10:36:34+00:00\" \/>\n<meta property=\"og:image\" content=\"https:\/\/informelitoral.com.ar\/%77%70%2d%63%6f%6e%74%65%6e%74\/uploads\/2022\/03\/Clima-dia-soleado.jpeg\" \/>\n\t<meta property=\"og:image:width\" content=\"1280\" \/>\n\t<meta property=\"og:image:height\" content=\"720\" \/>\n\t<meta property=\"og:image:type\" content=\"image\/jpeg\" \/>\n<meta name=\"author\" content=\"Sebastian\" \/>\n<meta name=\"twitter:card\" content=\"summary_large_image\" \/>\n<meta name=\"twitter:creator\" content=\"@InformeLitoral\" \/>\n<meta name=\"twitter:site\" content=\"@InformeLitoral\" \/>\n<meta name=\"twitter:label1\" content=\"Escrito por\" \/>\n\t<meta name=\"twitter:data1\" content=\"Sebastian\" \/>\n\t<meta name=\"twitter:label2\" content=\"Tiempo de lectura\" \/>\n\t<meta name=\"twitter:data2\" content=\"2 minutos\" \/>\n<script type=\"application\/ld+json\" class=\"yoast-schema-graph\">{\"@context\":\"https:\\\/\\\/schema.org\",\"@graph\":[{\"@type\":\"Article\",\"@id\":\"https:\\\/\\\/informelitoral.com.ar\\\/miercoles-en-entre-rios-el-cielo-estara-parcialmente-nublado\\\/#article\",\"isPartOf\":{\"@id\":\"https:\\\/\\\/informelitoral.com.ar\\\/miercoles-en-entre-rios-el-cielo-estara-parcialmente-nublado\\\/\"},\"author\":{\"name\":\"Sebastian\",\"@id\":\"https:\\\/\\\/informelitoral.com.ar\\\/#\\\/schema\\\/person\\\/f05f9f461677119578717524b127d6d5\"},\"headline\":\"Mi\u00e9rcoles en Entre R\u00edos: el cielo estar\u00e1 parcialmente nublado\",\"datePublished\":\"2025-04-23T09:38:43+00:00\",\"dateModified\":\"2025-04-23T10:36:34+00:00\",\"mainEntityOfPage\":{\"@id\":\"https:\\\/\\\/informelitoral.com.ar\\\/miercoles-en-entre-rios-el-cielo-estara-parcialmente-nublado\\\/\"},\"wordCount\":368,\"commentCount\":0,\"publisher\":{\"@id\":\"https:\\\/\\\/informelitoral.com.ar\\\/#organization\"},\"image\":{\"@id\":\"https:\\\/\\\/informelitoral.com.ar\\\/miercoles-en-entre-rios-el-cielo-estara-parcialmente-nublado\\\/#primaryimage\"},\"thumbnailUrl\":\"https:\\\/\\\/informelitoral.com.ar\\\/%77%70%2d%63%6f%6e%74%65%6e%74\\\/uploads\\\/2022\\\/03\\\/Clima-dia-soleado.jpeg\",\"keywords\":[\"El tiempo\",\"Pron\u00f3stico del tiempo\",\"SMN\"],\"articleSection\":[\"Nacionales\"],\"inLanguage\":\"es\",\"potentialAction\":[{\"@type\":\"CommentAction\",\"name\":\"Comment\",\"target\":[\"https:\\\/\\\/informelitoral.com.ar\\\/miercoles-en-entre-rios-el-cielo-estara-parcialmente-nublado\\\/#respond\"]}]},{\"@type\":\"WebPage\",\"@id\":\"https:\\\/\\\/informelitoral.com.ar\\\/miercoles-en-entre-rios-el-cielo-estara-parcialmente-nublado\\\/\",\"url\":\"https:\\\/\\\/informelitoral.com.ar\\\/miercoles-en-entre-rios-el-cielo-estara-parcialmente-nublado\\\/\",\"name\":\"Mi\u00e9rcoles en Entre R\u00edos: el cielo estar\u00e1 parcialmente nublado - Informe Litoral\",\"isPartOf\":{\"@id\":\"https:\\\/\\\/informelitoral.com.ar\\\/#website\"},\"primaryImageOfPage\":{\"@id\":\"https:\\\/\\\/informelitoral.com.ar\\\/miercoles-en-entre-rios-el-cielo-estara-parcialmente-nublado\\\/#primaryimage\"},\"image\":{\"@id\":\"https:\\\/\\\/informelitoral.com.ar\\\/miercoles-en-entre-rios-el-cielo-estara-parcialmente-nublado\\\/#primaryimage\"},\"thumbnailUrl\":\"https:\\\/\\\/informelitoral.com.ar\\\/%77%70%2d%63%6f%6e%74%65%6e%74\\\/uploads\\\/2022\\\/03\\\/Clima-dia-soleado.jpeg\",\"datePublished\":\"2025-04-23T09:38:43+00:00\",\"dateModified\":\"2025-04-23T10:36:34+00:00\",\"breadcrumb\":{\"@id\":\"https:\\\/\\\/informelitoral.com.ar\\\/miercoles-en-entre-rios-el-cielo-estara-parcialmente-nublado\\\/#breadcrumb\"},\"inLanguage\":\"es\",\"potentialAction\":[{\"@type\":\"ReadAction\",\"target\":[\"https:\\\/\\\/informelitoral.com.ar\\\/miercoles-en-entre-rios-el-cielo-estara-parcialmente-nublado\\\/\"]}]},{\"@type\":\"ImageObject\",\"inLanguage\":\"es\",\"@id\":\"https:\\\/\\\/informelitoral.com.ar\\\/miercoles-en-entre-rios-el-cielo-estara-parcialmente-nublado\\\/#primaryimage\",\"url\":\"https:\\\/\\\/informelitoral.com.ar\\\/%77%70%2d%63%6f%6e%74%65%6e%74\\\/uploads\\\/2022\\\/03\\\/Clima-dia-soleado.jpeg\",\"contentUrl\":\"https:\\\/\\\/informelitoral.com.ar\\\/%77%70%2d%63%6f%6e%74%65%6e%74\\\/uploads\\\/2022\\\/03\\\/Clima-dia-soleado.jpeg\",\"width\":1280,\"height\":720},{\"@type\":\"BreadcrumbList\",\"@id\":\"https:\\\/\\\/informelitoral.com.ar\\\/miercoles-en-entre-rios-el-cielo-estara-parcialmente-nublado\\\/#breadcrumb\",\"itemListElement\":[{\"@type\":\"ListItem\",\"position\":1,\"name\":\"Portada\",\"item\":\"https:\\\/\\\/informelitoral.com.ar\\\/\"},{\"@type\":\"ListItem\",\"position\":2,\"name\":\"Mi\u00e9rcoles en Entre R\u00edos: el cielo estar\u00e1 parcialmente nublado\"}]},{\"@type\":\"WebSite\",\"@id\":\"https:\\\/\\\/informelitoral.com.ar\\\/#website\",\"url\":\"https:\\\/\\\/informelitoral.com.ar\\\/\",\"name\":\"Informe Litoral\",\"description\":\"&quot;Nos informamos&quot; \",\"publisher\":{\"@id\":\"https:\\\/\\\/informelitoral.com.ar\\\/#organization\"},\"potentialAction\":[{\"@type\":\"SearchAction\",\"target\":{\"@type\":\"EntryPoint\",\"urlTemplate\":\"https:\\\/\\\/informelitoral.com.ar\\\/?s={search_term_string}\"},\"query-input\":{\"@type\":\"PropertyValueSpecification\",\"valueRequired\":true,\"valueName\":\"search_term_string\"}}],\"inLanguage\":\"es\"},{\"@type\":\"Organization\",\"@id\":\"https:\\\/\\\/informelitoral.com.ar\\\/#organization\",\"name\":\"Informe Litoral\",\"url\":\"https:\\\/\\\/informelitoral.com.ar\\\/\",\"logo\":{\"@type\":\"ImageObject\",\"inLanguage\":\"es\",\"@id\":\"https:\\\/\\\/informelitoral.com.ar\\\/#\\\/schema\\\/logo\\\/image\\\/\",\"url\":\"https:\\\/\\\/informelitoral.com.ar\\\/%77%70%2d%63%6f%6e%74%65%6e%74\\\/uploads\\\/2021\\\/01\\\/circulo.png\",\"contentUrl\":\"https:\\\/\\\/informelitoral.com.ar\\\/%77%70%2d%63%6f%6e%74%65%6e%74\\\/uploads\\\/2021\\\/01\\\/circulo.png\",\"width\":723,\"height\":731,\"caption\":\"Informe Litoral\"},\"image\":{\"@id\":\"https:\\\/\\\/informelitoral.com.ar\\\/#\\\/schema\\\/logo\\\/image\\\/\"},\"sameAs\":[\"https:\\\/\\\/www.facebook.com\\\/informelitoral\\\/\",\"https:\\\/\\\/x.com\\\/InformeLitoral\",\"https:\\\/\\\/www.instagram.com\\\/informelitoral\\\/\",\"https:\\\/\\\/www.youtube.com\\\/channel\\\/UCua4Qvz8Icb6MYqhoq9xLXw\"]},{\"@type\":\"Person\",\"@id\":\"https:\\\/\\\/informelitoral.com.ar\\\/#\\\/schema\\\/person\\\/f05f9f461677119578717524b127d6d5\",\"name\":\"Sebastian\",\"image\":{\"@type\":\"ImageObject\",\"inLanguage\":\"es\",\"@id\":\"https:\\\/\\\/secure.gravatar.com\\\/avatar\\\/b71bf7481d447dfb9583c7f2798e7cc64de6efb9067b74633ed8c31059a3bd82?s=96&d=mm&r=g\",\"url\":\"https:\\\/\\\/secure.gravatar.com\\\/avatar\\\/b71bf7481d447dfb9583c7f2798e7cc64de6efb9067b74633ed8c31059a3bd82?s=96&d=mm&r=g\",\"contentUrl\":\"https:\\\/\\\/secure.gravatar.com\\\/avatar\\\/b71bf7481d447dfb9583c7f2798e7cc64de6efb9067b74633ed8c31059a3bd82?s=96&d=mm&r=g\",\"caption\":\"Sebastian\"},\"url\":\"https:\\\/\\\/informelitoral.com.ar\\\/author\\\/sebastian\\\/\"}]}<\/script>","yoast_head_json":{"title":"Mi\u00e9rcoles en Entre R\u00edos: el cielo estar\u00e1 parcialmente nublado - Informe Litoral","robots":{"index":"index","follow":"follow","max-snippet":"max-snippet:-1","max-image-preview":"max-image-preview:large","max-video-preview":"max-video-preview:-1"},"canonical":"https:\/\/informelitoral.com.ar\/miercoles-en-entre-rios-el-cielo-estara-parcialmente-nublado\/","og_locale":"es_ES","og_type":"article","og_title":"Mi\u00e9rcoles en Entre R\u00edos: el cielo estar\u00e1 parcialmente nublado - Informe Litoral","og_description":"El ingreso del sistema frontal \u201ctraer\u00e1 un cambio de masa de aire, con rotaci\u00f3n del viento al sector sur, descenso marcado de temperaturas y disminuci\u00f3n de la humedad\u201d durante el fin de semana.","og_url":"https:\/\/informelitoral.com.ar\/miercoles-en-entre-rios-el-cielo-estara-parcialmente-nublado\/","og_site_name":"Informe Litoral","article_publisher":"https:\/\/www.facebook.com\/informelitoral\/","article_published_time":"2025-04-23T09:38:43+00:00","article_modified_time":"2025-04-23T10:36:34+00:00","og_image":[{"width":1280,"height":720,"url":"https:\/\/informelitoral.com.ar\/%77%70%2d%63%6f%6e%74%65%6e%74\/uploads\/2022\/03\/Clima-dia-soleado.jpeg","type":"image\/jpeg"}],"author":"Sebastian","twitter_card":"summary_large_image","twitter_creator":"@InformeLitoral","twitter_site":"@InformeLitoral","twitter_misc":{"Escrito por":"Sebastian","Tiempo de lectura":"2 minutos"},"schema":{"@context":"https:\/\/schema.org","@graph":[{"@type":"Article","@id":"https:\/\/informelitoral.com.ar\/miercoles-en-entre-rios-el-cielo-estara-parcialmente-nublado\/#article","isPartOf":{"@id":"https:\/\/informelitoral.com.ar\/miercoles-en-entre-rios-el-cielo-estara-parcialmente-nublado\/"},"author":{"name":"Sebastian","@id":"https:\/\/informelitoral.com.ar\/#\/schema\/person\/f05f9f461677119578717524b127d6d5"},"headline":"Mi\u00e9rcoles en Entre R\u00edos: el cielo estar\u00e1 parcialmente nublado","datePublished":"2025-04-23T09:38:43+00:00","dateModified":"2025-04-23T10:36:34+00:00","mainEntityOfPage":{"@id":"https:\/\/informelitoral.com.ar\/miercoles-en-entre-rios-el-cielo-estara-parcialmente-nublado\/"},"wordCount":368,"commentCount":0,"publisher":{"@id":"https:\/\/informelitoral.com.ar\/#organization"},"image":{"@id":"https:\/\/informelitoral.com.ar\/miercoles-en-entre-rios-el-cielo-estara-parcialmente-nublado\/#primaryimage"},"thumbnailUrl":"https:\/\/informelitoral.com.ar\/%77%70%2d%63%6f%6e%74%65%6e%74\/uploads\/2022\/03\/Clima-dia-soleado.jpeg","keywords":["El tiempo","Pron\u00f3stico del tiempo","SMN"],"articleSection":["Nacionales"],"inLanguage":"es","potentialAction":[{"@type":"CommentAction","name":"Comment","target":["https:\/\/informelitoral.com.ar\/miercoles-en-entre-rios-el-cielo-estara-parcialmente-nublado\/#respond"]}]},{"@type":"WebPage","@id":"https:\/\/informelitoral.com.ar\/miercoles-en-entre-rios-el-cielo-estara-parcialmente-nublado\/","url":"https:\/\/informelitoral.com.ar\/miercoles-en-entre-rios-el-cielo-estara-parcialmente-nublado\/","name":"Mi\u00e9rcoles en Entre R\u00edos: el cielo estar\u00e1 parcialmente nublado - Informe Litoral","isPartOf":{"@id":"https:\/\/informelitoral.com.ar\/#website"},"primaryImageOfPage":{"@id":"https:\/\/informelitoral.com.ar\/miercoles-en-entre-rios-el-cielo-estara-parcialmente-nublado\/#primaryimage"},"image":{"@id":"https:\/\/informelitoral.com.ar\/miercoles-en-entre-rios-el-cielo-estara-parcialmente-nublado\/#primaryimage"},"thumbnailUrl":"https:\/\/informelitoral.com.ar\/%77%70%2d%63%6f%6e%74%65%6e%74\/uploads\/2022\/03\/Clima-dia-soleado.jpeg","datePublished":"2025-04-23T09:38:43+00:00","dateModified":"2025-04-23T10:36:34+00:00","breadcrumb":{"@id":"https:\/\/informelitoral.com.ar\/miercoles-en-entre-rios-el-cielo-estara-parcialmente-nublado\/#breadcrumb"},"inLanguage":"es","potentialAction":[{"@type":"ReadAction","target":["https:\/\/informelitoral.com.ar\/miercoles-en-entre-rios-el-cielo-estara-parcialmente-nublado\/"]}]},{"@type":"ImageObject","inLanguage":"es","@id":"https:\/\/informelitoral.com.ar\/miercoles-en-entre-rios-el-cielo-estara-parcialmente-nublado\/#primaryimage","url":"https:\/\/informelitoral.com.ar\/%77%70%2d%63%6f%6e%74%65%6e%74\/uploads\/2022\/03\/Clima-dia-soleado.jpeg","contentUrl":"https:\/\/informelitoral.com.ar\/%77%70%2d%63%6f%6e%74%65%6e%74\/uploads\/2022\/03\/Clima-dia-soleado.jpeg","width":1280,"height":720},{"@type":"BreadcrumbList","@id":"https:\/\/informelitoral.com.ar\/miercoles-en-entre-rios-el-cielo-estara-parcialmente-nublado\/#breadcrumb","itemListElement":[{"@type":"ListItem","position":1,"name":"Portada","item":"https:\/\/informelitoral.com.ar\/"},{"@type":"ListItem","position":2,"name":"Mi\u00e9rcoles en Entre R\u00edos: el cielo estar\u00e1 parcialmente nublado"}]},{"@type":"WebSite","@id":"https:\/\/informelitoral.com.ar\/#website","url":"https:\/\/informelitoral.com.ar\/","name":"Informe Litoral","description":"&quot;Nos informamos&quot; ","publisher":{"@id":"https:\/\/informelitoral.com.ar\/#organization"},"potentialAction":[{"@type":"SearchAction","target":{"@type":"EntryPoint","urlTemplate":"https:\/\/informelitoral.com.ar\/?s={search_term_string}"},"query-input":{"@type":"PropertyValueSpecification","valueRequired":true,"valueName":"search_term_string"}}],"inLanguage":"es"},{"@type":"Organization","@id":"https:\/\/informelitoral.com.ar\/#organization","name":"Informe Litoral","url":"https:\/\/informelitoral.com.ar\/","logo":{"@type":"ImageObject","inLanguage":"es","@id":"https:\/\/informelitoral.com.ar\/#\/schema\/logo\/image\/","url":"https:\/\/informelitoral.com.ar\/%77%70%2d%63%6f%6e%74%65%6e%74\/uploads\/2021\/01\/circulo.png","contentUrl":"https:\/\/informelitoral.com.ar\/%77%70%2d%63%6f%6e%74%65%6e%74\/uploads\/2021\/01\/circulo.png","width":723,"height":731,"caption":"Informe Litoral"},"image":{"@id":"https:\/\/informelitoral.com.ar\/#\/schema\/logo\/image\/"},"sameAs":["https:\/\/www.facebook.com\/informelitoral\/","https:\/\/x.com\/InformeLitoral","https:\/\/www.instagram.com\/informelitoral\/","https:\/\/www.youtube.com\/channel\/UCua4Qvz8Icb6MYqhoq9xLXw"]},{"@type":"Person","@id":"https:\/\/informelitoral.com.ar\/#\/schema\/person\/f05f9f461677119578717524b127d6d5","name":"Sebastian","image":{"@type":"ImageObject","inLanguage":"es","@id":"https:\/\/secure.gravatar.com\/avatar\/b71bf7481d447dfb9583c7f2798e7cc64de6efb9067b74633ed8c31059a3bd82?s=96&d=mm&r=g","url":"https:\/\/secure.gravatar.com\/avatar\/b71bf7481d447dfb9583c7f2798e7cc64de6efb9067b74633ed8c31059a3bd82?s=96&d=mm&r=g","contentUrl":"https:\/\/secure.gravatar.com\/avatar\/b71bf7481d447dfb9583c7f2798e7cc64de6efb9067b74633ed8c31059a3bd82?s=96&d=mm&r=g","caption":"Sebastian"},"url":"https:\/\/informelitoral.com.ar\/author\/sebastian\/"}]}},"_links":{"self":[{"href":"https:\/\/informelitoral.com.ar\/%77%70%2d%6a%73%6f%6e\/wp\/v2\/posts\/219225","targetHints":{"allow":["GET"]}}],"collection":[{"href":"https:\/\/informelitoral.com.ar\/%77%70%2d%6a%73%6f%6e\/wp\/v2\/posts"}],"about":[{"href":"https:\/\/informelitoral.com.ar\/%77%70%2d%6a%73%6f%6e\/wp\/v2\/types\/post"}],"author":[{"embeddable":true,"href":"https:\/\/informelitoral.com.ar\/%77%70%2d%6a%73%6f%6e\/wp\/v2\/users\/8"}],"replies":[{"embeddable":true,"href":"https:\/\/informelitoral.com.ar\/%77%70%2d%6a%73%6f%6e\/wp\/v2\/comments?post=219225"}],"version-history":[{"count":0,"href":"https:\/\/informelitoral.com.ar\/%77%70%2d%6a%73%6f%6e\/wp\/v2\/posts\/219225\/revisions"}],"wp:featuredmedia":[{"embeddable":true,"href":"https:\/\/informelitoral.com.ar\/%77%70%2d%6a%73%6f%6e\/wp\/v2\/media\/73260"}],"wp:attachment":[{"href":"https:\/\/informelitoral.com.ar\/%77%70%2d%6a%73%6f%6e\/wp\/v2\/media?parent=219225"}],"wp:term":[{"taxonomy":"category","embeddable":true,"href":"https:\/\/informelitoral.com.ar\/%77%70%2d%6a%73%6f%6e\/wp\/v2\/categories?post=219225"},{"taxonomy":"post_tag","embeddable":true,"href":"https:\/\/informelitoral.com.ar\/%77%70%2d%6a%73%6f%6e\/wp\/v2\/tags?post=219225"}],"curies":[{"name":"wp","href":"https:\/\/api.w.org\/{rel}","templated":true}]}}