{"id":219219,"date":"2025-04-22T16:12:04","date_gmt":"2025-04-22T19:12:04","guid":{"rendered":"https:\/\/informelitoral.com.ar\/?p=219219"},"modified":"2025-04-22T22:15:22","modified_gmt":"2025-04-23T01:15:22","slug":"continua-el-debate-del-proyecto-de-reiterancia-delictiva","status":"publish","type":"post","link":"https:\/\/informelitoral.com.ar\/continua-el-debate-del-proyecto-de-reiterancia-delictiva\/","title":{"rendered":"Contin\u00faa el debate del proyecto de reiterancia delictiva"},"content":{"rendered":"<p><strong>La diputada Carola Laner habl\u00f3 sobre el debate que se viene realizando en distintas localidades en torno a su proyecto de ley de modificaci\u00f3n del C\u00f3digo Procesal Penal, el cual propone la incorporaci\u00f3n de la reiterancia delictiva como causal para el dictado de la prisi\u00f3n preventiva. En ese sentido, d\u00edas pasados se realiz\u00f3 un encuentro en Gualeguaych\u00fa, convocado por el municipio y el Concejo Deliberante, y anteriormente hubo otra instancia en Col\u00f3n.<\/strong><\/p>\n<p>\u201cEl 20 de mayo de 2024 presentamos el proyecto de ley de reiterancia delictiva en la C\u00e1mara de Diputados y pas\u00f3 a la comisi\u00f3n de Asuntos Constitucionales. Se hizo una primera reuni\u00f3n de comisi\u00f3n que fue positiva y donde estuvieron los representantes de diferentes \u00e1reas que dieron sus opiniones\u201d, indic\u00f3 la legisladora.<\/p>\n<p>En paralelo al tratamiento legislativo, expres\u00f3 que se da el debate en territorio: \u201cSi algo ten\u00edamos claro era que quer\u00edamos federalizar el proyecto, llevarlo al interior, a discutirlo en los municipios, en los consejos de seguridad y de cara al ciudadano\u201d.<\/p>\n<p>Seg\u00fan dijo la diputada, esta iniciativa surgi\u00f3 de un trabajo \u201cde cercan\u00eda y escucha\u201d por el reclamo de \u201cla puerta giratoria\u201d, seg\u00fan la cual los acusados de un delito \u201centran por una puerta y salen por la otra\u201d.<\/p>\n<p>Adem\u00e1s, asegur\u00f3 que esa demanda social tiene correlaci\u00f3n con datos emp\u00edricos: \u201cEl \u00e1rea de Criminal\u00edstica de la Polic\u00eda hizo un informe muy completo. Por ejemplo, en Concordia de 1.000 detenciones, el 70% son reingresantes que tienen m\u00e1s de dos causas en curso\u201d.<\/p>\n<p>Por otro lado, mencion\u00f3 que recogi\u00f3 la inquietud de integrantes del Ministerio P\u00fablico Fiscal que, en charlas informales, le comentaron que ten\u00edan directivas de pedir prisiones preventivas en caso de reiterancia, pero \u201clos jueces de garant\u00edas no ten\u00edan una postura \u00fanica, justamente por falta de una norma\u201d.<\/p>\n<h2><strong>Escuch\u00e1 la entrevista completa:<\/strong><\/h2>\n<p><iframe title=\"Spotify Embed: Contin\u00faa el debate del proyecto de reiterancia delictiva\" style=\"border-radius: 12px\" width=\"100%\" height=\"152\" frameborder=\"0\" allowfullscreen allow=\"autoplay; clipboard-write; encrypted-media; fullscreen; picture-in-picture\" loading=\"lazy\" src=\"https:\/\/open.spotify.com\/embed\/episode\/1NBlotx5dEK2836xdO5b2H?go=1&#038;sp_cid=e2e0e1d15dc42f8dbdf73c381cd64c7f&#038;utm_source=oembed&#038;utm_medium=desktop\"><\/iframe><\/p>\n<h6><em><strong>Del archivo:\u00a0<a href=\"https:\/\/informelitoral.com.ar\/fiscal-de-estado-explico-como-procederan-con-los-contratos-truchos-en-entre-rios\/\" target=\"_blank\" rel=\"noopener\">Fiscal de Estado explic\u00f3 c\u00f3mo proceder\u00e1n con los \u00abcontratos truchos\u00bb en Entre R\u00edos<\/a><\/strong><\/em><\/h6>\n","protected":false},"excerpt":{"rendered":"<p>Carola Laner habl\u00f3 sobre la realizaci\u00f3n de encuentros para el intercambio de opiniones sobre la iniciativa que busca modificar el C\u00f3digo Procesal Penal.<\/p>\n","protected":false},"author":2,"featured_media":219220,"comment_status":"open","ping_status":"open","sticky":false,"template":"","format":"standard","meta":{"fifu_image_url":"https:\/\/paginapolitica.com\/wp-content\/uploads\/2021\/12\/policia-de-entre-rios.jpg","fifu_image_alt":"","footnotes":""},"categories":[16],"tags":[707,196,287],"class_list":{"0":"post-219219","1":"post","2":"type-post","3":"status-publish","4":"format-standard","5":"has-post-thumbnail","7":"category-politi","8":"tag-codigo-penal","9":"tag-diputados","10":"tag-legislativas"},"yoast_head":"<title>Contin\u00faa el debate del proyecto de reiterancia delictiva - Informe Litoral<\/title>\n<meta name=\"robots\" content=\"index, follow, max-snippet:-1, max-image-preview:large, max-video-preview:-1\" \/>\n<link rel=\"canonical\" href=\"https:\/\/informelitoral.com.ar\/continua-el-debate-del-proyecto-de-reiterancia-delictiva\/\" \/>\n<meta property=\"og:locale\" content=\"es_ES\" \/>\n<meta property=\"og:type\" content=\"article\" \/>\n<meta property=\"og:title\" content=\"Contin\u00faa el debate del proyecto de reiterancia delictiva - Informe Litoral\" \/>\n<meta property=\"og:description\" content=\"Carola Laner habl\u00f3 sobre la realizaci\u00f3n de encuentros para el intercambio de opiniones sobre la iniciativa que busca modificar el C\u00f3digo Procesal Penal.\" \/>\n<meta property=\"og:url\" content=\"https:\/\/informelitoral.com.ar\/continua-el-debate-del-proyecto-de-reiterancia-delictiva\/\" \/>\n<meta property=\"og:site_name\" content=\"Informe Litoral\" \/>\n<meta property=\"article:publisher\" content=\"https:\/\/www.facebook.com\/informelitoral\/\" \/>\n<meta property=\"article:published_time\" content=\"2025-04-22T19:12:04+00:00\" \/>\n<meta property=\"article:modified_time\" content=\"2025-04-23T01:15:22+00:00\" \/>\n<meta property=\"og:image\" content=\"https:\/\/paginapolitica.com\/%77%70%2d%63%6f%6e%74%65%6e%74\/uploads\/2021\/12\/policia-de-entre-rios.jpg\" \/><meta property=\"og:image\" content=\"https:\/\/paginapolitica.com\/%77%70%2d%63%6f%6e%74%65%6e%74\/uploads\/2021\/12\/policia-de-entre-rios.jpg\" \/>\n\t<meta property=\"og:image:width\" content=\"1201\" \/>\n\t<meta property=\"og:image:height\" content=\"795\" \/>\n\t<meta property=\"og:image:type\" content=\"image\/jpeg\" \/>\n<meta name=\"author\" content=\"Gonzalo Schmidt\" \/>\n<meta name=\"twitter:card\" content=\"summary_large_image\" \/>\n<meta name=\"twitter:image\" content=\"https:\/\/paginapolitica.com\/%77%70%2d%63%6f%6e%74%65%6e%74\/uploads\/2021\/12\/policia-de-entre-rios.jpg\" \/>\n<meta name=\"twitter:creator\" content=\"@InformeLitoral\" \/>\n<meta name=\"twitter:site\" content=\"@InformeLitoral\" \/>\n<meta name=\"twitter:label1\" content=\"Escrito por\" \/>\n\t<meta name=\"twitter:data1\" content=\"Gonzalo Schmidt\" \/>\n\t<meta name=\"twitter:label2\" content=\"Tiempo de lectura\" \/>\n\t<meta name=\"twitter:data2\" content=\"2 minutos\" \/>\n<script type=\"application\/ld+json\" class=\"yoast-schema-graph\">{\"@context\":\"https:\\\/\\\/schema.org\",\"@graph\":[{\"@type\":\"Article\",\"@id\":\"https:\\\/\\\/informelitoral.com.ar\\\/continua-el-debate-del-proyecto-de-reiterancia-delictiva\\\/#article\",\"isPartOf\":{\"@id\":\"https:\\\/\\\/informelitoral.com.ar\\\/continua-el-debate-del-proyecto-de-reiterancia-delictiva\\\/\"},\"author\":{\"name\":\"Gonzalo Schmidt\",\"@id\":\"https:\\\/\\\/informelitoral.com.ar\\\/#\\\/schema\\\/person\\\/b9d00407c836482871ef1d57bf8e3180\"},\"headline\":\"Contin\u00faa el debate del proyecto de reiterancia delictiva\",\"datePublished\":\"2025-04-22T19:12:04+00:00\",\"dateModified\":\"2025-04-23T01:15:22+00:00\",\"mainEntityOfPage\":{\"@id\":\"https:\\\/\\\/informelitoral.com.ar\\\/continua-el-debate-del-proyecto-de-reiterancia-delictiva\\\/\"},\"wordCount\":379,\"commentCount\":0,\"publisher\":{\"@id\":\"https:\\\/\\\/informelitoral.com.ar\\\/#organization\"},\"image\":{\"@id\":\"https:\\\/\\\/informelitoral.com.ar\\\/continua-el-debate-del-proyecto-de-reiterancia-delictiva\\\/#primaryimage\"},\"thumbnailUrl\":\"https:\\\/\\\/paginapolitica.com\\\/%77%70%2d%63%6f%6e%74%65%6e%74\\\/uploads\\\/2021\\\/12\\\/policia-de-entre-rios.jpg\",\"keywords\":[\"C\u00f3digo Penal\",\"Diputados\",\"Legislativas\"],\"articleSection\":[\"Politica\"],\"inLanguage\":\"es\",\"potentialAction\":[{\"@type\":\"CommentAction\",\"name\":\"Comment\",\"target\":[\"https:\\\/\\\/informelitoral.com.ar\\\/continua-el-debate-del-proyecto-de-reiterancia-delictiva\\\/#respond\"]}]},{\"@type\":\"WebPage\",\"@id\":\"https:\\\/\\\/informelitoral.com.ar\\\/continua-el-debate-del-proyecto-de-reiterancia-delictiva\\\/\",\"url\":\"https:\\\/\\\/informelitoral.com.ar\\\/continua-el-debate-del-proyecto-de-reiterancia-delictiva\\\/\",\"name\":\"Contin\u00faa el debate del proyecto de reiterancia delictiva - Informe Litoral\",\"isPartOf\":{\"@id\":\"https:\\\/\\\/informelitoral.com.ar\\\/#website\"},\"primaryImageOfPage\":{\"@id\":\"https:\\\/\\\/informelitoral.com.ar\\\/continua-el-debate-del-proyecto-de-reiterancia-delictiva\\\/#primaryimage\"},\"image\":{\"@id\":\"https:\\\/\\\/informelitoral.com.ar\\\/continua-el-debate-del-proyecto-de-reiterancia-delictiva\\\/#primaryimage\"},\"thumbnailUrl\":\"https:\\\/\\\/paginapolitica.com\\\/%77%70%2d%63%6f%6e%74%65%6e%74\\\/uploads\\\/2021\\\/12\\\/policia-de-entre-rios.jpg\",\"datePublished\":\"2025-04-22T19:12:04+00:00\",\"dateModified\":\"2025-04-23T01:15:22+00:00\",\"breadcrumb\":{\"@id\":\"https:\\\/\\\/informelitoral.com.ar\\\/continua-el-debate-del-proyecto-de-reiterancia-delictiva\\\/#breadcrumb\"},\"inLanguage\":\"es\",\"potentialAction\":[{\"@type\":\"ReadAction\",\"target\":[\"https:\\\/\\\/informelitoral.com.ar\\\/continua-el-debate-del-proyecto-de-reiterancia-delictiva\\\/\"]}]},{\"@type\":\"ImageObject\",\"inLanguage\":\"es\",\"@id\":\"https:\\\/\\\/informelitoral.com.ar\\\/continua-el-debate-del-proyecto-de-reiterancia-delictiva\\\/#primaryimage\",\"url\":\"https:\\\/\\\/paginapolitica.com\\\/%77%70%2d%63%6f%6e%74%65%6e%74\\\/uploads\\\/2021\\\/12\\\/policia-de-entre-rios.jpg\",\"contentUrl\":\"https:\\\/\\\/paginapolitica.com\\\/%77%70%2d%63%6f%6e%74%65%6e%74\\\/uploads\\\/2021\\\/12\\\/policia-de-entre-rios.jpg\",\"width\":\"1201\",\"height\":\"795\"},{\"@type\":\"BreadcrumbList\",\"@id\":\"https:\\\/\\\/informelitoral.com.ar\\\/continua-el-debate-del-proyecto-de-reiterancia-delictiva\\\/#breadcrumb\",\"itemListElement\":[{\"@type\":\"ListItem\",\"position\":1,\"name\":\"Portada\",\"item\":\"https:\\\/\\\/informelitoral.com.ar\\\/\"},{\"@type\":\"ListItem\",\"position\":2,\"name\":\"Contin\u00faa el debate del proyecto de reiterancia delictiva\"}]},{\"@type\":\"WebSite\",\"@id\":\"https:\\\/\\\/informelitoral.com.ar\\\/#website\",\"url\":\"https:\\\/\\\/informelitoral.com.ar\\\/\",\"name\":\"Informe Litoral\",\"description\":\"&quot;Nos informamos&quot; \",\"publisher\":{\"@id\":\"https:\\\/\\\/informelitoral.com.ar\\\/#organization\"},\"potentialAction\":[{\"@type\":\"SearchAction\",\"target\":{\"@type\":\"EntryPoint\",\"urlTemplate\":\"https:\\\/\\\/informelitoral.com.ar\\\/?s={search_term_string}\"},\"query-input\":{\"@type\":\"PropertyValueSpecification\",\"valueRequired\":true,\"valueName\":\"search_term_string\"}}],\"inLanguage\":\"es\"},{\"@type\":\"Organization\",\"@id\":\"https:\\\/\\\/informelitoral.com.ar\\\/#organization\",\"name\":\"Informe Litoral\",\"url\":\"https:\\\/\\\/informelitoral.com.ar\\\/\",\"logo\":{\"@type\":\"ImageObject\",\"inLanguage\":\"es\",\"@id\":\"https:\\\/\\\/informelitoral.com.ar\\\/#\\\/schema\\\/logo\\\/image\\\/\",\"url\":\"https:\\\/\\\/informelitoral.com.ar\\\/%77%70%2d%63%6f%6e%74%65%6e%74\\\/uploads\\\/2021\\\/01\\\/circulo.png\",\"contentUrl\":\"https:\\\/\\\/informelitoral.com.ar\\\/%77%70%2d%63%6f%6e%74%65%6e%74\\\/uploads\\\/2021\\\/01\\\/circulo.png\",\"width\":723,\"height\":731,\"caption\":\"Informe Litoral\"},\"image\":{\"@id\":\"https:\\\/\\\/informelitoral.com.ar\\\/#\\\/schema\\\/logo\\\/image\\\/\"},\"sameAs\":[\"https:\\\/\\\/www.facebook.com\\\/informelitoral\\\/\",\"https:\\\/\\\/x.com\\\/InformeLitoral\",\"https:\\\/\\\/www.instagram.com\\\/informelitoral\\\/\",\"https:\\\/\\\/www.youtube.com\\\/channel\\\/UCua4Qvz8Icb6MYqhoq9xLXw\"]},{\"@type\":\"Person\",\"@id\":\"https:\\\/\\\/informelitoral.com.ar\\\/#\\\/schema\\\/person\\\/b9d00407c836482871ef1d57bf8e3180\",\"name\":\"Gonzalo Schmidt\",\"image\":{\"@type\":\"ImageObject\",\"inLanguage\":\"es\",\"@id\":\"https:\\\/\\\/secure.gravatar.com\\\/avatar\\\/31a1a7b66ff2de83bd0e9fd79d026630d2d99e55e8bfe501287647b4fd9743de?s=96&d=mm&r=g\",\"url\":\"https:\\\/\\\/secure.gravatar.com\\\/avatar\\\/31a1a7b66ff2de83bd0e9fd79d026630d2d99e55e8bfe501287647b4fd9743de?s=96&d=mm&r=g\",\"contentUrl\":\"https:\\\/\\\/secure.gravatar.com\\\/avatar\\\/31a1a7b66ff2de83bd0e9fd79d026630d2d99e55e8bfe501287647b4fd9743de?s=96&d=mm&r=g\",\"caption\":\"Gonzalo Schmidt\"},\"description\":\"Sitio web de noticias de la provincia de Entre R\u00edos, Argentina. Informaci\u00f3n y entretenimiento. Informe Litoral, nos informamos.\",\"sameAs\":[\"http:\\\/\\\/www.isletasnoticias.com.ar\"],\"url\":\"https:\\\/\\\/informelitoral.com.ar\\\/author\\\/gonzalo\\\/\"}]}<\/script>","yoast_head_json":{"title":"Contin\u00faa el debate del proyecto de reiterancia delictiva - Informe Litoral","robots":{"index":"index","follow":"follow","max-snippet":"max-snippet:-1","max-image-preview":"max-image-preview:large","max-video-preview":"max-video-preview:-1"},"canonical":"https:\/\/informelitoral.com.ar\/continua-el-debate-del-proyecto-de-reiterancia-delictiva\/","og_locale":"es_ES","og_type":"article","og_title":"Contin\u00faa el debate del proyecto de reiterancia delictiva - Informe Litoral","og_description":"Carola Laner habl\u00f3 sobre la realizaci\u00f3n de encuentros para el intercambio de opiniones sobre la iniciativa que busca modificar el C\u00f3digo Procesal Penal.","og_url":"https:\/\/informelitoral.com.ar\/continua-el-debate-del-proyecto-de-reiterancia-delictiva\/","og_site_name":"Informe Litoral","article_publisher":"https:\/\/www.facebook.com\/informelitoral\/","article_published_time":"2025-04-22T19:12:04+00:00","article_modified_time":"2025-04-23T01:15:22+00:00","og_image":[{"url":"https:\/\/paginapolitica.com\/wp-content\/uploads\/2021\/12\/policia-de-entre-rios.jpg","type":"","width":"","height":""},{"width":1201,"height":795,"url":"https:\/\/paginapolitica.com\/wp-content\/uploads\/2021\/12\/policia-de-entre-rios.jpg","type":"image\/jpeg"}],"author":"Gonzalo Schmidt","twitter_card":"summary_large_image","twitter_image":"https:\/\/paginapolitica.com\/wp-content\/uploads\/2021\/12\/policia-de-entre-rios.jpg","twitter_creator":"@InformeLitoral","twitter_site":"@InformeLitoral","twitter_misc":{"Escrito por":"Gonzalo Schmidt","Tiempo de lectura":"2 minutos"},"schema":{"@context":"https:\/\/schema.org","@graph":[{"@type":"Article","@id":"https:\/\/informelitoral.com.ar\/continua-el-debate-del-proyecto-de-reiterancia-delictiva\/#article","isPartOf":{"@id":"https:\/\/informelitoral.com.ar\/continua-el-debate-del-proyecto-de-reiterancia-delictiva\/"},"author":{"name":"Gonzalo Schmidt","@id":"https:\/\/informelitoral.com.ar\/#\/schema\/person\/b9d00407c836482871ef1d57bf8e3180"},"headline":"Contin\u00faa el debate del proyecto de reiterancia delictiva","datePublished":"2025-04-22T19:12:04+00:00","dateModified":"2025-04-23T01:15:22+00:00","mainEntityOfPage":{"@id":"https:\/\/informelitoral.com.ar\/continua-el-debate-del-proyecto-de-reiterancia-delictiva\/"},"wordCount":379,"commentCount":0,"publisher":{"@id":"https:\/\/informelitoral.com.ar\/#organization"},"image":{"@id":"https:\/\/informelitoral.com.ar\/continua-el-debate-del-proyecto-de-reiterancia-delictiva\/#primaryimage"},"thumbnailUrl":"https:\/\/paginapolitica.com\/%77%70%2d%63%6f%6e%74%65%6e%74\/uploads\/2021\/12\/policia-de-entre-rios.jpg","keywords":["C\u00f3digo Penal","Diputados","Legislativas"],"articleSection":["Politica"],"inLanguage":"es","potentialAction":[{"@type":"CommentAction","name":"Comment","target":["https:\/\/informelitoral.com.ar\/continua-el-debate-del-proyecto-de-reiterancia-delictiva\/#respond"]}]},{"@type":"WebPage","@id":"https:\/\/informelitoral.com.ar\/continua-el-debate-del-proyecto-de-reiterancia-delictiva\/","url":"https:\/\/informelitoral.com.ar\/continua-el-debate-del-proyecto-de-reiterancia-delictiva\/","name":"Contin\u00faa el debate del proyecto de reiterancia delictiva - Informe Litoral","isPartOf":{"@id":"https:\/\/informelitoral.com.ar\/#website"},"primaryImageOfPage":{"@id":"https:\/\/informelitoral.com.ar\/continua-el-debate-del-proyecto-de-reiterancia-delictiva\/#primaryimage"},"image":{"@id":"https:\/\/informelitoral.com.ar\/continua-el-debate-del-proyecto-de-reiterancia-delictiva\/#primaryimage"},"thumbnailUrl":"https:\/\/paginapolitica.com\/%77%70%2d%63%6f%6e%74%65%6e%74\/uploads\/2021\/12\/policia-de-entre-rios.jpg","datePublished":"2025-04-22T19:12:04+00:00","dateModified":"2025-04-23T01:15:22+00:00","breadcrumb":{"@id":"https:\/\/informelitoral.com.ar\/continua-el-debate-del-proyecto-de-reiterancia-delictiva\/#breadcrumb"},"inLanguage":"es","potentialAction":[{"@type":"ReadAction","target":["https:\/\/informelitoral.com.ar\/continua-el-debate-del-proyecto-de-reiterancia-delictiva\/"]}]},{"@type":"ImageObject","inLanguage":"es","@id":"https:\/\/informelitoral.com.ar\/continua-el-debate-del-proyecto-de-reiterancia-delictiva\/#primaryimage","url":"https:\/\/paginapolitica.com\/%77%70%2d%63%6f%6e%74%65%6e%74\/uploads\/2021\/12\/policia-de-entre-rios.jpg","contentUrl":"https:\/\/paginapolitica.com\/%77%70%2d%63%6f%6e%74%65%6e%74\/uploads\/2021\/12\/policia-de-entre-rios.jpg","width":"1201","height":"795"},{"@type":"BreadcrumbList","@id":"https:\/\/informelitoral.com.ar\/continua-el-debate-del-proyecto-de-reiterancia-delictiva\/#breadcrumb","itemListElement":[{"@type":"ListItem","position":1,"name":"Portada","item":"https:\/\/informelitoral.com.ar\/"},{"@type":"ListItem","position":2,"name":"Contin\u00faa el debate del proyecto de reiterancia delictiva"}]},{"@type":"WebSite","@id":"https:\/\/informelitoral.com.ar\/#website","url":"https:\/\/informelitoral.com.ar\/","name":"Informe Litoral","description":"&quot;Nos informamos&quot; ","publisher":{"@id":"https:\/\/informelitoral.com.ar\/#organization"},"potentialAction":[{"@type":"SearchAction","target":{"@type":"EntryPoint","urlTemplate":"https:\/\/informelitoral.com.ar\/?s={search_term_string}"},"query-input":{"@type":"PropertyValueSpecification","valueRequired":true,"valueName":"search_term_string"}}],"inLanguage":"es"},{"@type":"Organization","@id":"https:\/\/informelitoral.com.ar\/#organization","name":"Informe Litoral","url":"https:\/\/informelitoral.com.ar\/","logo":{"@type":"ImageObject","inLanguage":"es","@id":"https:\/\/informelitoral.com.ar\/#\/schema\/logo\/image\/","url":"https:\/\/informelitoral.com.ar\/%77%70%2d%63%6f%6e%74%65%6e%74\/uploads\/2021\/01\/circulo.png","contentUrl":"https:\/\/informelitoral.com.ar\/%77%70%2d%63%6f%6e%74%65%6e%74\/uploads\/2021\/01\/circulo.png","width":723,"height":731,"caption":"Informe Litoral"},"image":{"@id":"https:\/\/informelitoral.com.ar\/#\/schema\/logo\/image\/"},"sameAs":["https:\/\/www.facebook.com\/informelitoral\/","https:\/\/x.com\/InformeLitoral","https:\/\/www.instagram.com\/informelitoral\/","https:\/\/www.youtube.com\/channel\/UCua4Qvz8Icb6MYqhoq9xLXw"]},{"@type":"Person","@id":"https:\/\/informelitoral.com.ar\/#\/schema\/person\/b9d00407c836482871ef1d57bf8e3180","name":"Gonzalo Schmidt","image":{"@type":"ImageObject","inLanguage":"es","@id":"https:\/\/secure.gravatar.com\/avatar\/31a1a7b66ff2de83bd0e9fd79d026630d2d99e55e8bfe501287647b4fd9743de?s=96&d=mm&r=g","url":"https:\/\/secure.gravatar.com\/avatar\/31a1a7b66ff2de83bd0e9fd79d026630d2d99e55e8bfe501287647b4fd9743de?s=96&d=mm&r=g","contentUrl":"https:\/\/secure.gravatar.com\/avatar\/31a1a7b66ff2de83bd0e9fd79d026630d2d99e55e8bfe501287647b4fd9743de?s=96&d=mm&r=g","caption":"Gonzalo Schmidt"},"description":"Sitio web de noticias de la provincia de Entre R\u00edos, Argentina. Informaci\u00f3n y entretenimiento. Informe Litoral, nos informamos.","sameAs":["http:\/\/www.isletasnoticias.com.ar"],"url":"https:\/\/informelitoral.com.ar\/author\/gonzalo\/"}]}},"fifu_image_url":"https:\/\/paginapolitica.com\/wp-content\/uploads\/2021\/12\/policia-de-entre-rios.jpg","_links":{"self":[{"href":"https:\/\/informelitoral.com.ar\/%77%70%2d%6a%73%6f%6e\/wp\/v2\/posts\/219219","targetHints":{"allow":["GET"]}}],"collection":[{"href":"https:\/\/informelitoral.com.ar\/%77%70%2d%6a%73%6f%6e\/wp\/v2\/posts"}],"about":[{"href":"https:\/\/informelitoral.com.ar\/%77%70%2d%6a%73%6f%6e\/wp\/v2\/types\/post"}],"author":[{"embeddable":true,"href":"https:\/\/informelitoral.com.ar\/%77%70%2d%6a%73%6f%6e\/wp\/v2\/users\/2"}],"replies":[{"embeddable":true,"href":"https:\/\/informelitoral.com.ar\/%77%70%2d%6a%73%6f%6e\/wp\/v2\/comments?post=219219"}],"version-history":[{"count":0,"href":"https:\/\/informelitoral.com.ar\/%77%70%2d%6a%73%6f%6e\/wp\/v2\/posts\/219219\/revisions"}],"wp:featuredmedia":[{"embeddable":true,"href":"https:\/\/informelitoral.com.ar\/%77%70%2d%6a%73%6f%6e\/wp\/v2\/media\/219220"}],"wp:attachment":[{"href":"https:\/\/informelitoral.com.ar\/%77%70%2d%6a%73%6f%6e\/wp\/v2\/media?parent=219219"}],"wp:term":[{"taxonomy":"category","embeddable":true,"href":"https:\/\/informelitoral.com.ar\/%77%70%2d%6a%73%6f%6e\/wp\/v2\/categories?post=219219"},{"taxonomy":"post_tag","embeddable":true,"href":"https:\/\/informelitoral.com.ar\/%77%70%2d%6a%73%6f%6e\/wp\/v2\/tags?post=219219"}],"curies":[{"name":"wp","href":"https:\/\/api.w.org\/{rel}","templated":true}]}}