{"id":219180,"date":"2025-04-22T13:26:13","date_gmt":"2025-04-22T16:26:13","guid":{"rendered":"https:\/\/informelitoral.com.ar\/?p=219180"},"modified":"2025-04-22T21:42:17","modified_gmt":"2025-04-23T00:42:17","slug":"incendio-en-una-vivienda-de-ramirez-piden-ayuda-para-la-familia-afectada","status":"publish","type":"post","link":"https:\/\/informelitoral.com.ar\/incendio-en-una-vivienda-de-ramirez-piden-ayuda-para-la-familia-afectada\/","title":{"rendered":"Incendio en una vivienda de Ram\u00edrez: piden ayuda para la familia afectada"},"content":{"rendered":"<p>Un incendio en una vivienda de la calle <strong>Pastor Schemberger<\/strong>, entre <strong>Misiones y Echag\u00fce<\/strong>, moviliz\u00f3 en la tarde de este lunes a personal de <strong>Bomberos Voluntarios de General Ram\u00edrez.<\/strong><\/p>\n<p>Tres dotaciones de bomberos acudieron r\u00e1pidamente al lugar para sofocar las llamas. Afortunadamente, no se reportaron personas lesionadas durante el siniestro. Sin embargo, el fuego caus\u00f3 importantes da\u00f1os en la estructura de la casa, adem\u00e1s de la p\u00e9rdida de diversos muebles y elementos de las habitaciones.<\/p>\n<p>El equipo de Seguridad Vial de la Municipalidad tambi\u00e9n brind\u00f3 su colaboraci\u00f3n en el operativo.<\/p>\n<p>Tras el lamentable suceso, se ha iniciado una campa\u00f1a solidaria a trav\u00e9s de las redes sociales para asistir a la familia damnificada. Se solicita la colaboraci\u00f3n de la poblaci\u00f3n con ropa, calzado, frazadas, muebles y \u00fatiles escolares. Aquellos que deseen ayudar pueden comunicarse al n\u00famero de tel\u00e9fono <strong>3435 07-7920.<\/strong> <em>(Desde Crespo)<\/em><\/p>\n<h6><em><strong>Del archivo:\u00a0<a href=\"https:\/\/informelitoral.com.ar\/abrieron-cunetas-en-el-camino-de-ripio-que-une-isletas-con-ramirez\/\" target=\"_blank\" rel=\"noopener\">Abrieron cunetas en el camino de ripio que une Isletas con Ram\u00edrez<\/a><\/strong><\/em><\/h6>\n","protected":false},"excerpt":{"rendered":"<p>Sucedi\u00f3 en una vivienda ubicada en calle Pastor Schemberger, entre Misiones y Echag\u00fce.<\/p>\n","protected":false},"author":8,"featured_media":219182,"comment_status":"open","ping_status":"open","sticky":false,"template":"","format":"standard","meta":{"fifu_image_url":"https:\/\/admin.desdeentrerios.com.ar\/wp-content\/uploads\/2025\/04\/casa.jpg","fifu_image_alt":"","footnotes":""},"categories":[4586],"tags":[562,556,509,921],"class_list":{"0":"post-219180","1":"post","2":"type-post","3":"status-publish","4":"format-standard","5":"has-post-thumbnail","7":"category-general-ramirez","8":"tag-bomberos-voluntarios","9":"tag-general-ramirez","10":"tag-incendio","11":"tag-vivienda"},"yoast_head":"<title>Incendio en una vivienda de Ram\u00edrez: piden ayuda para la familia afectada - Informe Litoral<\/title>\n<meta name=\"robots\" content=\"index, follow, max-snippet:-1, max-image-preview:large, max-video-preview:-1\" \/>\n<link rel=\"canonical\" href=\"https:\/\/informelitoral.com.ar\/incendio-en-una-vivienda-de-ramirez-piden-ayuda-para-la-familia-afectada\/\" \/>\n<meta property=\"og:locale\" content=\"es_ES\" \/>\n<meta property=\"og:type\" content=\"article\" \/>\n<meta property=\"og:title\" content=\"Incendio en una vivienda de Ram\u00edrez: piden ayuda para la familia afectada - Informe Litoral\" \/>\n<meta property=\"og:description\" content=\"Sucedi\u00f3 en una vivienda ubicada en calle Pastor Schemberger, entre Misiones y Echag\u00fce.\" \/>\n<meta property=\"og:url\" content=\"https:\/\/informelitoral.com.ar\/incendio-en-una-vivienda-de-ramirez-piden-ayuda-para-la-familia-afectada\/\" \/>\n<meta property=\"og:site_name\" content=\"Informe Litoral\" \/>\n<meta property=\"article:publisher\" content=\"https:\/\/www.facebook.com\/informelitoral\/\" \/>\n<meta property=\"article:published_time\" content=\"2025-04-22T16:26:13+00:00\" \/>\n<meta property=\"article:modified_time\" content=\"2025-04-23T00:42:17+00:00\" \/>\n<meta property=\"og:image\" content=\"https:\/\/admin.desdeentrerios.com.ar\/%77%70%2d%63%6f%6e%74%65%6e%74\/uploads\/2025\/04\/casa.jpg\" \/><meta property=\"og:image\" content=\"https:\/\/admin.desdeentrerios.com.ar\/%77%70%2d%63%6f%6e%74%65%6e%74\/uploads\/2025\/04\/casa.jpg\" \/>\n\t<meta property=\"og:image:width\" content=\"587\" \/>\n\t<meta property=\"og:image:height\" content=\"359\" \/>\n\t<meta property=\"og:image:type\" content=\"image\/jpeg\" \/>\n<meta name=\"author\" content=\"Sebastian\" \/>\n<meta name=\"twitter:card\" content=\"summary_large_image\" \/>\n<meta name=\"twitter:image\" content=\"https:\/\/admin.desdeentrerios.com.ar\/%77%70%2d%63%6f%6e%74%65%6e%74\/uploads\/2025\/04\/casa.jpg\" \/>\n<meta name=\"twitter:creator\" content=\"@InformeLitoral\" \/>\n<meta name=\"twitter:site\" content=\"@InformeLitoral\" \/>\n<meta name=\"twitter:label1\" content=\"Escrito por\" \/>\n\t<meta name=\"twitter:data1\" content=\"Sebastian\" \/>\n\t<meta name=\"twitter:label2\" content=\"Tiempo de lectura\" \/>\n\t<meta name=\"twitter:data2\" content=\"1 minuto\" \/>\n<script type=\"application\/ld+json\" class=\"yoast-schema-graph\">{\"@context\":\"https:\\\/\\\/schema.org\",\"@graph\":[{\"@type\":\"Article\",\"@id\":\"https:\\\/\\\/informelitoral.com.ar\\\/incendio-en-una-vivienda-de-ramirez-piden-ayuda-para-la-familia-afectada\\\/#article\",\"isPartOf\":{\"@id\":\"https:\\\/\\\/informelitoral.com.ar\\\/incendio-en-una-vivienda-de-ramirez-piden-ayuda-para-la-familia-afectada\\\/\"},\"author\":{\"name\":\"Sebastian\",\"@id\":\"https:\\\/\\\/informelitoral.com.ar\\\/#\\\/schema\\\/person\\\/f05f9f461677119578717524b127d6d5\"},\"headline\":\"Incendio en una vivienda de Ram\u00edrez: piden ayuda para la familia afectada\",\"datePublished\":\"2025-04-22T16:26:13+00:00\",\"dateModified\":\"2025-04-23T00:42:17+00:00\",\"mainEntityOfPage\":{\"@id\":\"https:\\\/\\\/informelitoral.com.ar\\\/incendio-en-una-vivienda-de-ramirez-piden-ayuda-para-la-familia-afectada\\\/\"},\"wordCount\":182,\"commentCount\":0,\"publisher\":{\"@id\":\"https:\\\/\\\/informelitoral.com.ar\\\/#organization\"},\"image\":{\"@id\":\"https:\\\/\\\/informelitoral.com.ar\\\/incendio-en-una-vivienda-de-ramirez-piden-ayuda-para-la-familia-afectada\\\/#primaryimage\"},\"thumbnailUrl\":\"https:\\\/\\\/admin.desdeentrerios.com.ar\\\/%77%70%2d%63%6f%6e%74%65%6e%74\\\/uploads\\\/2025\\\/04\\\/casa.jpg\",\"keywords\":[\"Bomberos voluntarios\",\"General Ram\u00edrez\",\"Incendio\",\"Vivienda\"],\"articleSection\":[\"General Ram\u00edrez\"],\"inLanguage\":\"es\",\"potentialAction\":[{\"@type\":\"CommentAction\",\"name\":\"Comment\",\"target\":[\"https:\\\/\\\/informelitoral.com.ar\\\/incendio-en-una-vivienda-de-ramirez-piden-ayuda-para-la-familia-afectada\\\/#respond\"]}]},{\"@type\":\"WebPage\",\"@id\":\"https:\\\/\\\/informelitoral.com.ar\\\/incendio-en-una-vivienda-de-ramirez-piden-ayuda-para-la-familia-afectada\\\/\",\"url\":\"https:\\\/\\\/informelitoral.com.ar\\\/incendio-en-una-vivienda-de-ramirez-piden-ayuda-para-la-familia-afectada\\\/\",\"name\":\"Incendio en una vivienda de Ram\u00edrez: piden ayuda para la familia afectada - Informe Litoral\",\"isPartOf\":{\"@id\":\"https:\\\/\\\/informelitoral.com.ar\\\/#website\"},\"primaryImageOfPage\":{\"@id\":\"https:\\\/\\\/informelitoral.com.ar\\\/incendio-en-una-vivienda-de-ramirez-piden-ayuda-para-la-familia-afectada\\\/#primaryimage\"},\"image\":{\"@id\":\"https:\\\/\\\/informelitoral.com.ar\\\/incendio-en-una-vivienda-de-ramirez-piden-ayuda-para-la-familia-afectada\\\/#primaryimage\"},\"thumbnailUrl\":\"https:\\\/\\\/admin.desdeentrerios.com.ar\\\/%77%70%2d%63%6f%6e%74%65%6e%74\\\/uploads\\\/2025\\\/04\\\/casa.jpg\",\"datePublished\":\"2025-04-22T16:26:13+00:00\",\"dateModified\":\"2025-04-23T00:42:17+00:00\",\"breadcrumb\":{\"@id\":\"https:\\\/\\\/informelitoral.com.ar\\\/incendio-en-una-vivienda-de-ramirez-piden-ayuda-para-la-familia-afectada\\\/#breadcrumb\"},\"inLanguage\":\"es\",\"potentialAction\":[{\"@type\":\"ReadAction\",\"target\":[\"https:\\\/\\\/informelitoral.com.ar\\\/incendio-en-una-vivienda-de-ramirez-piden-ayuda-para-la-familia-afectada\\\/\"]}]},{\"@type\":\"ImageObject\",\"inLanguage\":\"es\",\"@id\":\"https:\\\/\\\/informelitoral.com.ar\\\/incendio-en-una-vivienda-de-ramirez-piden-ayuda-para-la-familia-afectada\\\/#primaryimage\",\"url\":\"https:\\\/\\\/admin.desdeentrerios.com.ar\\\/%77%70%2d%63%6f%6e%74%65%6e%74\\\/uploads\\\/2025\\\/04\\\/casa.jpg\",\"contentUrl\":\"https:\\\/\\\/admin.desdeentrerios.com.ar\\\/%77%70%2d%63%6f%6e%74%65%6e%74\\\/uploads\\\/2025\\\/04\\\/casa.jpg\",\"width\":\"587\",\"height\":\"359\"},{\"@type\":\"BreadcrumbList\",\"@id\":\"https:\\\/\\\/informelitoral.com.ar\\\/incendio-en-una-vivienda-de-ramirez-piden-ayuda-para-la-familia-afectada\\\/#breadcrumb\",\"itemListElement\":[{\"@type\":\"ListItem\",\"position\":1,\"name\":\"Portada\",\"item\":\"https:\\\/\\\/informelitoral.com.ar\\\/\"},{\"@type\":\"ListItem\",\"position\":2,\"name\":\"Incendio en una vivienda de Ram\u00edrez: piden ayuda para la familia afectada\"}]},{\"@type\":\"WebSite\",\"@id\":\"https:\\\/\\\/informelitoral.com.ar\\\/#website\",\"url\":\"https:\\\/\\\/informelitoral.com.ar\\\/\",\"name\":\"Informe Litoral\",\"description\":\"&quot;Nos informamos&quot; \",\"publisher\":{\"@id\":\"https:\\\/\\\/informelitoral.com.ar\\\/#organization\"},\"potentialAction\":[{\"@type\":\"SearchAction\",\"target\":{\"@type\":\"EntryPoint\",\"urlTemplate\":\"https:\\\/\\\/informelitoral.com.ar\\\/?s={search_term_string}\"},\"query-input\":{\"@type\":\"PropertyValueSpecification\",\"valueRequired\":true,\"valueName\":\"search_term_string\"}}],\"inLanguage\":\"es\"},{\"@type\":\"Organization\",\"@id\":\"https:\\\/\\\/informelitoral.com.ar\\\/#organization\",\"name\":\"Informe Litoral\",\"url\":\"https:\\\/\\\/informelitoral.com.ar\\\/\",\"logo\":{\"@type\":\"ImageObject\",\"inLanguage\":\"es\",\"@id\":\"https:\\\/\\\/informelitoral.com.ar\\\/#\\\/schema\\\/logo\\\/image\\\/\",\"url\":\"https:\\\/\\\/informelitoral.com.ar\\\/%77%70%2d%63%6f%6e%74%65%6e%74\\\/uploads\\\/2021\\\/01\\\/circulo.png\",\"contentUrl\":\"https:\\\/\\\/informelitoral.com.ar\\\/%77%70%2d%63%6f%6e%74%65%6e%74\\\/uploads\\\/2021\\\/01\\\/circulo.png\",\"width\":723,\"height\":731,\"caption\":\"Informe Litoral\"},\"image\":{\"@id\":\"https:\\\/\\\/informelitoral.com.ar\\\/#\\\/schema\\\/logo\\\/image\\\/\"},\"sameAs\":[\"https:\\\/\\\/www.facebook.com\\\/informelitoral\\\/\",\"https:\\\/\\\/x.com\\\/InformeLitoral\",\"https:\\\/\\\/www.instagram.com\\\/informelitoral\\\/\",\"https:\\\/\\\/www.youtube.com\\\/channel\\\/UCua4Qvz8Icb6MYqhoq9xLXw\"]},{\"@type\":\"Person\",\"@id\":\"https:\\\/\\\/informelitoral.com.ar\\\/#\\\/schema\\\/person\\\/f05f9f461677119578717524b127d6d5\",\"name\":\"Sebastian\",\"image\":{\"@type\":\"ImageObject\",\"inLanguage\":\"es\",\"@id\":\"https:\\\/\\\/secure.gravatar.com\\\/avatar\\\/b71bf7481d447dfb9583c7f2798e7cc64de6efb9067b74633ed8c31059a3bd82?s=96&d=mm&r=g\",\"url\":\"https:\\\/\\\/secure.gravatar.com\\\/avatar\\\/b71bf7481d447dfb9583c7f2798e7cc64de6efb9067b74633ed8c31059a3bd82?s=96&d=mm&r=g\",\"contentUrl\":\"https:\\\/\\\/secure.gravatar.com\\\/avatar\\\/b71bf7481d447dfb9583c7f2798e7cc64de6efb9067b74633ed8c31059a3bd82?s=96&d=mm&r=g\",\"caption\":\"Sebastian\"},\"url\":\"https:\\\/\\\/informelitoral.com.ar\\\/author\\\/sebastian\\\/\"}]}<\/script>","yoast_head_json":{"title":"Incendio en una vivienda de Ram\u00edrez: piden ayuda para la familia afectada - Informe Litoral","robots":{"index":"index","follow":"follow","max-snippet":"max-snippet:-1","max-image-preview":"max-image-preview:large","max-video-preview":"max-video-preview:-1"},"canonical":"https:\/\/informelitoral.com.ar\/incendio-en-una-vivienda-de-ramirez-piden-ayuda-para-la-familia-afectada\/","og_locale":"es_ES","og_type":"article","og_title":"Incendio en una vivienda de Ram\u00edrez: piden ayuda para la familia afectada - Informe Litoral","og_description":"Sucedi\u00f3 en una vivienda ubicada en calle Pastor Schemberger, entre Misiones y Echag\u00fce.","og_url":"https:\/\/informelitoral.com.ar\/incendio-en-una-vivienda-de-ramirez-piden-ayuda-para-la-familia-afectada\/","og_site_name":"Informe Litoral","article_publisher":"https:\/\/www.facebook.com\/informelitoral\/","article_published_time":"2025-04-22T16:26:13+00:00","article_modified_time":"2025-04-23T00:42:17+00:00","og_image":[{"url":"https:\/\/admin.desdeentrerios.com.ar\/wp-content\/uploads\/2025\/04\/casa.jpg","type":"","width":"","height":""},{"width":587,"height":359,"url":"https:\/\/admin.desdeentrerios.com.ar\/wp-content\/uploads\/2025\/04\/casa.jpg","type":"image\/jpeg"}],"author":"Sebastian","twitter_card":"summary_large_image","twitter_image":"https:\/\/admin.desdeentrerios.com.ar\/wp-content\/uploads\/2025\/04\/casa.jpg","twitter_creator":"@InformeLitoral","twitter_site":"@InformeLitoral","twitter_misc":{"Escrito por":"Sebastian","Tiempo de lectura":"1 minuto"},"schema":{"@context":"https:\/\/schema.org","@graph":[{"@type":"Article","@id":"https:\/\/informelitoral.com.ar\/incendio-en-una-vivienda-de-ramirez-piden-ayuda-para-la-familia-afectada\/#article","isPartOf":{"@id":"https:\/\/informelitoral.com.ar\/incendio-en-una-vivienda-de-ramirez-piden-ayuda-para-la-familia-afectada\/"},"author":{"name":"Sebastian","@id":"https:\/\/informelitoral.com.ar\/#\/schema\/person\/f05f9f461677119578717524b127d6d5"},"headline":"Incendio en una vivienda de Ram\u00edrez: piden ayuda para la familia afectada","datePublished":"2025-04-22T16:26:13+00:00","dateModified":"2025-04-23T00:42:17+00:00","mainEntityOfPage":{"@id":"https:\/\/informelitoral.com.ar\/incendio-en-una-vivienda-de-ramirez-piden-ayuda-para-la-familia-afectada\/"},"wordCount":182,"commentCount":0,"publisher":{"@id":"https:\/\/informelitoral.com.ar\/#organization"},"image":{"@id":"https:\/\/informelitoral.com.ar\/incendio-en-una-vivienda-de-ramirez-piden-ayuda-para-la-familia-afectada\/#primaryimage"},"thumbnailUrl":"https:\/\/admin.desdeentrerios.com.ar\/%77%70%2d%63%6f%6e%74%65%6e%74\/uploads\/2025\/04\/casa.jpg","keywords":["Bomberos voluntarios","General Ram\u00edrez","Incendio","Vivienda"],"articleSection":["General Ram\u00edrez"],"inLanguage":"es","potentialAction":[{"@type":"CommentAction","name":"Comment","target":["https:\/\/informelitoral.com.ar\/incendio-en-una-vivienda-de-ramirez-piden-ayuda-para-la-familia-afectada\/#respond"]}]},{"@type":"WebPage","@id":"https:\/\/informelitoral.com.ar\/incendio-en-una-vivienda-de-ramirez-piden-ayuda-para-la-familia-afectada\/","url":"https:\/\/informelitoral.com.ar\/incendio-en-una-vivienda-de-ramirez-piden-ayuda-para-la-familia-afectada\/","name":"Incendio en una vivienda de Ram\u00edrez: piden ayuda para la familia afectada - Informe Litoral","isPartOf":{"@id":"https:\/\/informelitoral.com.ar\/#website"},"primaryImageOfPage":{"@id":"https:\/\/informelitoral.com.ar\/incendio-en-una-vivienda-de-ramirez-piden-ayuda-para-la-familia-afectada\/#primaryimage"},"image":{"@id":"https:\/\/informelitoral.com.ar\/incendio-en-una-vivienda-de-ramirez-piden-ayuda-para-la-familia-afectada\/#primaryimage"},"thumbnailUrl":"https:\/\/admin.desdeentrerios.com.ar\/%77%70%2d%63%6f%6e%74%65%6e%74\/uploads\/2025\/04\/casa.jpg","datePublished":"2025-04-22T16:26:13+00:00","dateModified":"2025-04-23T00:42:17+00:00","breadcrumb":{"@id":"https:\/\/informelitoral.com.ar\/incendio-en-una-vivienda-de-ramirez-piden-ayuda-para-la-familia-afectada\/#breadcrumb"},"inLanguage":"es","potentialAction":[{"@type":"ReadAction","target":["https:\/\/informelitoral.com.ar\/incendio-en-una-vivienda-de-ramirez-piden-ayuda-para-la-familia-afectada\/"]}]},{"@type":"ImageObject","inLanguage":"es","@id":"https:\/\/informelitoral.com.ar\/incendio-en-una-vivienda-de-ramirez-piden-ayuda-para-la-familia-afectada\/#primaryimage","url":"https:\/\/admin.desdeentrerios.com.ar\/%77%70%2d%63%6f%6e%74%65%6e%74\/uploads\/2025\/04\/casa.jpg","contentUrl":"https:\/\/admin.desdeentrerios.com.ar\/%77%70%2d%63%6f%6e%74%65%6e%74\/uploads\/2025\/04\/casa.jpg","width":"587","height":"359"},{"@type":"BreadcrumbList","@id":"https:\/\/informelitoral.com.ar\/incendio-en-una-vivienda-de-ramirez-piden-ayuda-para-la-familia-afectada\/#breadcrumb","itemListElement":[{"@type":"ListItem","position":1,"name":"Portada","item":"https:\/\/informelitoral.com.ar\/"},{"@type":"ListItem","position":2,"name":"Incendio en una vivienda de Ram\u00edrez: piden ayuda para la familia afectada"}]},{"@type":"WebSite","@id":"https:\/\/informelitoral.com.ar\/#website","url":"https:\/\/informelitoral.com.ar\/","name":"Informe Litoral","description":"&quot;Nos informamos&quot; ","publisher":{"@id":"https:\/\/informelitoral.com.ar\/#organization"},"potentialAction":[{"@type":"SearchAction","target":{"@type":"EntryPoint","urlTemplate":"https:\/\/informelitoral.com.ar\/?s={search_term_string}"},"query-input":{"@type":"PropertyValueSpecification","valueRequired":true,"valueName":"search_term_string"}}],"inLanguage":"es"},{"@type":"Organization","@id":"https:\/\/informelitoral.com.ar\/#organization","name":"Informe Litoral","url":"https:\/\/informelitoral.com.ar\/","logo":{"@type":"ImageObject","inLanguage":"es","@id":"https:\/\/informelitoral.com.ar\/#\/schema\/logo\/image\/","url":"https:\/\/informelitoral.com.ar\/%77%70%2d%63%6f%6e%74%65%6e%74\/uploads\/2021\/01\/circulo.png","contentUrl":"https:\/\/informelitoral.com.ar\/%77%70%2d%63%6f%6e%74%65%6e%74\/uploads\/2021\/01\/circulo.png","width":723,"height":731,"caption":"Informe Litoral"},"image":{"@id":"https:\/\/informelitoral.com.ar\/#\/schema\/logo\/image\/"},"sameAs":["https:\/\/www.facebook.com\/informelitoral\/","https:\/\/x.com\/InformeLitoral","https:\/\/www.instagram.com\/informelitoral\/","https:\/\/www.youtube.com\/channel\/UCua4Qvz8Icb6MYqhoq9xLXw"]},{"@type":"Person","@id":"https:\/\/informelitoral.com.ar\/#\/schema\/person\/f05f9f461677119578717524b127d6d5","name":"Sebastian","image":{"@type":"ImageObject","inLanguage":"es","@id":"https:\/\/secure.gravatar.com\/avatar\/b71bf7481d447dfb9583c7f2798e7cc64de6efb9067b74633ed8c31059a3bd82?s=96&d=mm&r=g","url":"https:\/\/secure.gravatar.com\/avatar\/b71bf7481d447dfb9583c7f2798e7cc64de6efb9067b74633ed8c31059a3bd82?s=96&d=mm&r=g","contentUrl":"https:\/\/secure.gravatar.com\/avatar\/b71bf7481d447dfb9583c7f2798e7cc64de6efb9067b74633ed8c31059a3bd82?s=96&d=mm&r=g","caption":"Sebastian"},"url":"https:\/\/informelitoral.com.ar\/author\/sebastian\/"}]}},"fifu_image_url":"https:\/\/admin.desdeentrerios.com.ar\/wp-content\/uploads\/2025\/04\/casa.jpg","_links":{"self":[{"href":"https:\/\/informelitoral.com.ar\/%77%70%2d%6a%73%6f%6e\/wp\/v2\/posts\/219180","targetHints":{"allow":["GET"]}}],"collection":[{"href":"https:\/\/informelitoral.com.ar\/%77%70%2d%6a%73%6f%6e\/wp\/v2\/posts"}],"about":[{"href":"https:\/\/informelitoral.com.ar\/%77%70%2d%6a%73%6f%6e\/wp\/v2\/types\/post"}],"author":[{"embeddable":true,"href":"https:\/\/informelitoral.com.ar\/%77%70%2d%6a%73%6f%6e\/wp\/v2\/users\/8"}],"replies":[{"embeddable":true,"href":"https:\/\/informelitoral.com.ar\/%77%70%2d%6a%73%6f%6e\/wp\/v2\/comments?post=219180"}],"version-history":[{"count":0,"href":"https:\/\/informelitoral.com.ar\/%77%70%2d%6a%73%6f%6e\/wp\/v2\/posts\/219180\/revisions"}],"wp:featuredmedia":[{"embeddable":true,"href":"https:\/\/informelitoral.com.ar\/%77%70%2d%6a%73%6f%6e\/wp\/v2\/media\/219182"}],"wp:attachment":[{"href":"https:\/\/informelitoral.com.ar\/%77%70%2d%6a%73%6f%6e\/wp\/v2\/media?parent=219180"}],"wp:term":[{"taxonomy":"category","embeddable":true,"href":"https:\/\/informelitoral.com.ar\/%77%70%2d%6a%73%6f%6e\/wp\/v2\/categories?post=219180"},{"taxonomy":"post_tag","embeddable":true,"href":"https:\/\/informelitoral.com.ar\/%77%70%2d%6a%73%6f%6e\/wp\/v2\/tags?post=219180"}],"curies":[{"name":"wp","href":"https:\/\/api.w.org\/{rel}","templated":true}]}}