{"id":219163,"date":"2025-04-22T12:59:29","date_gmt":"2025-04-22T15:59:29","guid":{"rendered":"https:\/\/informelitoral.com.ar\/?p=219163"},"modified":"2025-04-22T21:44:53","modified_gmt":"2025-04-23T00:44:53","slug":"ate-suspendio-medidas-de-fuerza-en-senal-de-duelo-por-la-muerte-del-papa-francisco","status":"publish","type":"post","link":"https:\/\/informelitoral.com.ar\/ate-suspendio-medidas-de-fuerza-en-senal-de-duelo-por-la-muerte-del-papa-francisco\/","title":{"rendered":"ATE suspendi\u00f3 medidas de fuerza en se\u00f1al de duelo por la muerte del Papa Francisco"},"content":{"rendered":"<p>En el marco del duelo nacional decretado tras la muerte del Papa Francisco, ATE anunci\u00f3 este martes la suspensi\u00f3n de las medidas de fuerza que estaban previstas para este mi\u00e9rcoles.<\/p>\n<p>La noticia de la partida del pont\u00edfice argentino conmocion\u00f3 no solo a la comunidad cat\u00f3lica, sino tambi\u00e9n a vastos sectores sociales y sindicales, que reconocen en Francisco una figura que trascendi\u00f3 las fronteras religiosas para convertirse en un referente \u00e9tico y social de alcance global.<\/p>\n<p>\u201cM\u00e1s all\u00e1 de las creencias o religi\u00f3n que cada uno profese, no podemos olvidarnos que hace tan solo dos meses el Papa nos recib\u00eda a los estatales y alentaba nuestra lucha en defensa de un Estado con justicia social, articulador del bien com\u00fan y promotor del desarrollo humano\u201d, expresaron desde la conducci\u00f3n nacional del gremio en un comunicado.<\/p>\n<p>La decisi\u00f3n de suspender las protestas responde, seg\u00fan indicaron, a la necesidad de \u201crespetar un sentimiento mayoritario de nuestro pueblo\u201d en un momento de profundo pesar. La organizaci\u00f3n sindical ten\u00eda previsto llevar adelante una jornada de protesta este mi\u00e9rcoles, en rechazo al ajuste impulsado por el Gobierno sobre el Estado, que incluye recortes, fusiones de organismos y la privatizaci\u00f3n de empresas p\u00fablicas.<\/p>\n<p>El sindicato que conduce Rodolfo Aguiar aclar\u00f3 que la medida es moment\u00e1nea y que en las pr\u00f3ximas horas anunciar\u00e1n c\u00f3mo continuar\u00e1 su plan de acci\u00f3n frente al \u201cajustazo de las \u00faltimas paritarias y el fuerte impacto que la devaluaci\u00f3n anunciada por el Gobierno est\u00e1 teniendo en los salarios\u201d.<\/p>\n<p>El gremio subray\u00f3 que la lucha sindical sigue en pie, aunque en este contexto han optado por postergar las medidas en se\u00f1al de respeto. La muerte de Francisco abre un par\u00e9ntesis en la agenda de conflictos, pero tambi\u00e9n revive su legado de di\u00e1logo y justicia social, principios que, recuerdan desde ATE, guiaron su \u00faltimo encuentro con trabajadores estatales, public\u00f3<em> Mundo Gremial.<\/em><\/p>\n<h6><em><strong>Del archivo:\u00a0<a href=\"https:\/\/informelitoral.com.ar\/fiscal-de-estado-explico-como-procederan-con-los-contratos-truchos-en-entre-rios\/\" target=\"_blank\" rel=\"noopener\">Fiscal de Estado explic\u00f3 c\u00f3mo proceder\u00e1n con los \u00abcontratos truchos\u00bb en Entre R\u00edos<\/a><\/strong><\/em><\/h6>\n","protected":false},"excerpt":{"rendered":"<p>La Asociaci\u00f3n de los Trabajadores del Estado (ATE) defini\u00f3 suspender las medidas de fuerza previstas para este mi\u00e9rcoles. Desde el sindicato afirmaron: \u00abNo podemos olvidarnos que hace tan solo dos meses el Papa nos recib\u00eda a los estatales y alentaba nuestra lucha en defensa del Estado\u00bb.<\/p>\n","protected":false},"author":8,"featured_media":219164,"comment_status":"open","ping_status":"open","sticky":false,"template":"","format":"standard","meta":{"fifu_image_url":"https:\/\/apfdigital-s3.cdn.net.ar\/s3i233\/2024\/12\/apfdigital\/images\/01\/46\/73\/1467304_7563cb95e0844b2f1627d8f7d6cb5ddcb4e267d84075f66ebd967d95331fcc03\/md.webp","fifu_image_alt":"","footnotes":""},"categories":[7],"tags":[251,960,65],"class_list":{"0":"post-219163","1":"post","2":"type-post","3":"status-publish","4":"format-standard","5":"has-post-thumbnail","7":"category-nacionales","8":"tag-ate","9":"tag-papa-francisco","10":"tag-paro"},"yoast_head":"<title>ATE suspendi\u00f3 medidas de fuerza en se\u00f1al de duelo por la muerte del Papa Francisco - Informe Litoral<\/title>\n<meta name=\"robots\" content=\"index, follow, max-snippet:-1, max-image-preview:large, max-video-preview:-1\" \/>\n<link rel=\"canonical\" href=\"https:\/\/informelitoral.com.ar\/ate-suspendio-medidas-de-fuerza-en-senal-de-duelo-por-la-muerte-del-papa-francisco\/\" \/>\n<meta property=\"og:locale\" content=\"es_ES\" \/>\n<meta property=\"og:type\" content=\"article\" \/>\n<meta property=\"og:title\" content=\"ATE suspendi\u00f3 medidas de fuerza en se\u00f1al de duelo por la muerte del Papa Francisco - Informe Litoral\" \/>\n<meta property=\"og:description\" content=\"La Asociaci\u00f3n de los Trabajadores del Estado (ATE) defini\u00f3 suspender las medidas de fuerza previstas para este mi\u00e9rcoles. Desde el sindicato afirmaron: &quot;No podemos olvidarnos que hace tan solo dos meses el Papa nos recib\u00eda a los estatales y alentaba nuestra lucha en defensa del Estado&quot;.\" \/>\n<meta property=\"og:url\" content=\"https:\/\/informelitoral.com.ar\/ate-suspendio-medidas-de-fuerza-en-senal-de-duelo-por-la-muerte-del-papa-francisco\/\" \/>\n<meta property=\"og:site_name\" content=\"Informe Litoral\" \/>\n<meta property=\"article:publisher\" content=\"https:\/\/www.facebook.com\/informelitoral\/\" \/>\n<meta property=\"article:published_time\" content=\"2025-04-22T15:59:29+00:00\" \/>\n<meta property=\"article:modified_time\" content=\"2025-04-23T00:44:53+00:00\" \/>\n<meta property=\"og:image\" content=\"https:\/\/apfdigital-s3.cdn.net.ar\/s3i233\/2024\/12\/apfdigital\/images\/01\/46\/73\/1467304_7563cb95e0844b2f1627d8f7d6cb5ddcb4e267d84075f66ebd967d95331fcc03\/md.webp\" \/><meta property=\"og:image\" content=\"https:\/\/apfdigital-s3.cdn.net.ar\/s3i233\/2024\/12\/apfdigital\/images\/01\/46\/73\/1467304_7563cb95e0844b2f1627d8f7d6cb5ddcb4e267d84075f66ebd967d95331fcc03\/md.webp\" \/>\n\t<meta property=\"og:image:width\" content=\"992\" \/>\n\t<meta property=\"og:image:height\" content=\"621\" \/>\n\t<meta property=\"og:image:type\" content=\"image\/jpeg\" \/>\n<meta name=\"author\" content=\"Sebastian\" \/>\n<meta name=\"twitter:card\" content=\"summary_large_image\" \/>\n<meta name=\"twitter:image\" content=\"https:\/\/apfdigital-s3.cdn.net.ar\/s3i233\/2024\/12\/apfdigital\/images\/01\/46\/73\/1467304_7563cb95e0844b2f1627d8f7d6cb5ddcb4e267d84075f66ebd967d95331fcc03\/md.webp\" \/>\n<meta name=\"twitter:creator\" content=\"@InformeLitoral\" \/>\n<meta name=\"twitter:site\" content=\"@InformeLitoral\" \/>\n<meta name=\"twitter:label1\" content=\"Escrito por\" \/>\n\t<meta name=\"twitter:data1\" content=\"Sebastian\" \/>\n\t<meta name=\"twitter:label2\" content=\"Tiempo de lectura\" \/>\n\t<meta name=\"twitter:data2\" content=\"2 minutos\" \/>\n<script type=\"application\/ld+json\" class=\"yoast-schema-graph\">{\"@context\":\"https:\\\/\\\/schema.org\",\"@graph\":[{\"@type\":\"Article\",\"@id\":\"https:\\\/\\\/informelitoral.com.ar\\\/ate-suspendio-medidas-de-fuerza-en-senal-de-duelo-por-la-muerte-del-papa-francisco\\\/#article\",\"isPartOf\":{\"@id\":\"https:\\\/\\\/informelitoral.com.ar\\\/ate-suspendio-medidas-de-fuerza-en-senal-de-duelo-por-la-muerte-del-papa-francisco\\\/\"},\"author\":{\"name\":\"Sebastian\",\"@id\":\"https:\\\/\\\/informelitoral.com.ar\\\/#\\\/schema\\\/person\\\/f05f9f461677119578717524b127d6d5\"},\"headline\":\"ATE suspendi\u00f3 medidas de fuerza en se\u00f1al de duelo por la muerte del Papa Francisco\",\"datePublished\":\"2025-04-22T15:59:29+00:00\",\"dateModified\":\"2025-04-23T00:44:53+00:00\",\"mainEntityOfPage\":{\"@id\":\"https:\\\/\\\/informelitoral.com.ar\\\/ate-suspendio-medidas-de-fuerza-en-senal-de-duelo-por-la-muerte-del-papa-francisco\\\/\"},\"wordCount\":365,\"commentCount\":0,\"publisher\":{\"@id\":\"https:\\\/\\\/informelitoral.com.ar\\\/#organization\"},\"image\":{\"@id\":\"https:\\\/\\\/informelitoral.com.ar\\\/ate-suspendio-medidas-de-fuerza-en-senal-de-duelo-por-la-muerte-del-papa-francisco\\\/#primaryimage\"},\"thumbnailUrl\":\"https:\\\/\\\/apfdigital-s3.cdn.net.ar\\\/s3i233\\\/2024\\\/12\\\/apfdigital\\\/images\\\/01\\\/46\\\/73\\\/1467304_7563cb95e0844b2f1627d8f7d6cb5ddcb4e267d84075f66ebd967d95331fcc03\\\/md.webp\",\"keywords\":[\"ATE\",\"Papa Francisco\",\"Paro\"],\"articleSection\":[\"Nacionales\"],\"inLanguage\":\"es\",\"potentialAction\":[{\"@type\":\"CommentAction\",\"name\":\"Comment\",\"target\":[\"https:\\\/\\\/informelitoral.com.ar\\\/ate-suspendio-medidas-de-fuerza-en-senal-de-duelo-por-la-muerte-del-papa-francisco\\\/#respond\"]}]},{\"@type\":\"WebPage\",\"@id\":\"https:\\\/\\\/informelitoral.com.ar\\\/ate-suspendio-medidas-de-fuerza-en-senal-de-duelo-por-la-muerte-del-papa-francisco\\\/\",\"url\":\"https:\\\/\\\/informelitoral.com.ar\\\/ate-suspendio-medidas-de-fuerza-en-senal-de-duelo-por-la-muerte-del-papa-francisco\\\/\",\"name\":\"ATE suspendi\u00f3 medidas de fuerza en se\u00f1al de duelo por la muerte del Papa Francisco - Informe Litoral\",\"isPartOf\":{\"@id\":\"https:\\\/\\\/informelitoral.com.ar\\\/#website\"},\"primaryImageOfPage\":{\"@id\":\"https:\\\/\\\/informelitoral.com.ar\\\/ate-suspendio-medidas-de-fuerza-en-senal-de-duelo-por-la-muerte-del-papa-francisco\\\/#primaryimage\"},\"image\":{\"@id\":\"https:\\\/\\\/informelitoral.com.ar\\\/ate-suspendio-medidas-de-fuerza-en-senal-de-duelo-por-la-muerte-del-papa-francisco\\\/#primaryimage\"},\"thumbnailUrl\":\"https:\\\/\\\/apfdigital-s3.cdn.net.ar\\\/s3i233\\\/2024\\\/12\\\/apfdigital\\\/images\\\/01\\\/46\\\/73\\\/1467304_7563cb95e0844b2f1627d8f7d6cb5ddcb4e267d84075f66ebd967d95331fcc03\\\/md.webp\",\"datePublished\":\"2025-04-22T15:59:29+00:00\",\"dateModified\":\"2025-04-23T00:44:53+00:00\",\"breadcrumb\":{\"@id\":\"https:\\\/\\\/informelitoral.com.ar\\\/ate-suspendio-medidas-de-fuerza-en-senal-de-duelo-por-la-muerte-del-papa-francisco\\\/#breadcrumb\"},\"inLanguage\":\"es\",\"potentialAction\":[{\"@type\":\"ReadAction\",\"target\":[\"https:\\\/\\\/informelitoral.com.ar\\\/ate-suspendio-medidas-de-fuerza-en-senal-de-duelo-por-la-muerte-del-papa-francisco\\\/\"]}]},{\"@type\":\"ImageObject\",\"inLanguage\":\"es\",\"@id\":\"https:\\\/\\\/informelitoral.com.ar\\\/ate-suspendio-medidas-de-fuerza-en-senal-de-duelo-por-la-muerte-del-papa-francisco\\\/#primaryimage\",\"url\":\"https:\\\/\\\/apfdigital-s3.cdn.net.ar\\\/s3i233\\\/2024\\\/12\\\/apfdigital\\\/images\\\/01\\\/46\\\/73\\\/1467304_7563cb95e0844b2f1627d8f7d6cb5ddcb4e267d84075f66ebd967d95331fcc03\\\/md.webp\",\"contentUrl\":\"https:\\\/\\\/apfdigital-s3.cdn.net.ar\\\/s3i233\\\/2024\\\/12\\\/apfdigital\\\/images\\\/01\\\/46\\\/73\\\/1467304_7563cb95e0844b2f1627d8f7d6cb5ddcb4e267d84075f66ebd967d95331fcc03\\\/md.webp\",\"width\":\"992\",\"height\":\"621\"},{\"@type\":\"BreadcrumbList\",\"@id\":\"https:\\\/\\\/informelitoral.com.ar\\\/ate-suspendio-medidas-de-fuerza-en-senal-de-duelo-por-la-muerte-del-papa-francisco\\\/#breadcrumb\",\"itemListElement\":[{\"@type\":\"ListItem\",\"position\":1,\"name\":\"Portada\",\"item\":\"https:\\\/\\\/informelitoral.com.ar\\\/\"},{\"@type\":\"ListItem\",\"position\":2,\"name\":\"ATE suspendi\u00f3 medidas de fuerza en se\u00f1al de duelo por la muerte del Papa Francisco\"}]},{\"@type\":\"WebSite\",\"@id\":\"https:\\\/\\\/informelitoral.com.ar\\\/#website\",\"url\":\"https:\\\/\\\/informelitoral.com.ar\\\/\",\"name\":\"Informe Litoral\",\"description\":\"&quot;Nos informamos&quot; \",\"publisher\":{\"@id\":\"https:\\\/\\\/informelitoral.com.ar\\\/#organization\"},\"potentialAction\":[{\"@type\":\"SearchAction\",\"target\":{\"@type\":\"EntryPoint\",\"urlTemplate\":\"https:\\\/\\\/informelitoral.com.ar\\\/?s={search_term_string}\"},\"query-input\":{\"@type\":\"PropertyValueSpecification\",\"valueRequired\":true,\"valueName\":\"search_term_string\"}}],\"inLanguage\":\"es\"},{\"@type\":\"Organization\",\"@id\":\"https:\\\/\\\/informelitoral.com.ar\\\/#organization\",\"name\":\"Informe Litoral\",\"url\":\"https:\\\/\\\/informelitoral.com.ar\\\/\",\"logo\":{\"@type\":\"ImageObject\",\"inLanguage\":\"es\",\"@id\":\"https:\\\/\\\/informelitoral.com.ar\\\/#\\\/schema\\\/logo\\\/image\\\/\",\"url\":\"https:\\\/\\\/informelitoral.com.ar\\\/%77%70%2d%63%6f%6e%74%65%6e%74\\\/uploads\\\/2021\\\/01\\\/circulo.png\",\"contentUrl\":\"https:\\\/\\\/informelitoral.com.ar\\\/%77%70%2d%63%6f%6e%74%65%6e%74\\\/uploads\\\/2021\\\/01\\\/circulo.png\",\"width\":723,\"height\":731,\"caption\":\"Informe Litoral\"},\"image\":{\"@id\":\"https:\\\/\\\/informelitoral.com.ar\\\/#\\\/schema\\\/logo\\\/image\\\/\"},\"sameAs\":[\"https:\\\/\\\/www.facebook.com\\\/informelitoral\\\/\",\"https:\\\/\\\/x.com\\\/InformeLitoral\",\"https:\\\/\\\/www.instagram.com\\\/informelitoral\\\/\",\"https:\\\/\\\/www.youtube.com\\\/channel\\\/UCua4Qvz8Icb6MYqhoq9xLXw\"]},{\"@type\":\"Person\",\"@id\":\"https:\\\/\\\/informelitoral.com.ar\\\/#\\\/schema\\\/person\\\/f05f9f461677119578717524b127d6d5\",\"name\":\"Sebastian\",\"image\":{\"@type\":\"ImageObject\",\"inLanguage\":\"es\",\"@id\":\"https:\\\/\\\/secure.gravatar.com\\\/avatar\\\/b71bf7481d447dfb9583c7f2798e7cc64de6efb9067b74633ed8c31059a3bd82?s=96&d=mm&r=g\",\"url\":\"https:\\\/\\\/secure.gravatar.com\\\/avatar\\\/b71bf7481d447dfb9583c7f2798e7cc64de6efb9067b74633ed8c31059a3bd82?s=96&d=mm&r=g\",\"contentUrl\":\"https:\\\/\\\/secure.gravatar.com\\\/avatar\\\/b71bf7481d447dfb9583c7f2798e7cc64de6efb9067b74633ed8c31059a3bd82?s=96&d=mm&r=g\",\"caption\":\"Sebastian\"},\"url\":\"https:\\\/\\\/informelitoral.com.ar\\\/author\\\/sebastian\\\/\"}]}<\/script>","yoast_head_json":{"title":"ATE suspendi\u00f3 medidas de fuerza en se\u00f1al de duelo por la muerte del Papa Francisco - Informe Litoral","robots":{"index":"index","follow":"follow","max-snippet":"max-snippet:-1","max-image-preview":"max-image-preview:large","max-video-preview":"max-video-preview:-1"},"canonical":"https:\/\/informelitoral.com.ar\/ate-suspendio-medidas-de-fuerza-en-senal-de-duelo-por-la-muerte-del-papa-francisco\/","og_locale":"es_ES","og_type":"article","og_title":"ATE suspendi\u00f3 medidas de fuerza en se\u00f1al de duelo por la muerte del Papa Francisco - Informe Litoral","og_description":"La Asociaci\u00f3n de los Trabajadores del Estado (ATE) defini\u00f3 suspender las medidas de fuerza previstas para este mi\u00e9rcoles. Desde el sindicato afirmaron: \"No podemos olvidarnos que hace tan solo dos meses el Papa nos recib\u00eda a los estatales y alentaba nuestra lucha en defensa del Estado\".","og_url":"https:\/\/informelitoral.com.ar\/ate-suspendio-medidas-de-fuerza-en-senal-de-duelo-por-la-muerte-del-papa-francisco\/","og_site_name":"Informe Litoral","article_publisher":"https:\/\/www.facebook.com\/informelitoral\/","article_published_time":"2025-04-22T15:59:29+00:00","article_modified_time":"2025-04-23T00:44:53+00:00","og_image":[{"url":"https:\/\/apfdigital-s3.cdn.net.ar\/s3i233\/2024\/12\/apfdigital\/images\/01\/46\/73\/1467304_7563cb95e0844b2f1627d8f7d6cb5ddcb4e267d84075f66ebd967d95331fcc03\/md.webp","type":"","width":"","height":""},{"width":992,"height":621,"url":"https:\/\/apfdigital-s3.cdn.net.ar\/s3i233\/2024\/12\/apfdigital\/images\/01\/46\/73\/1467304_7563cb95e0844b2f1627d8f7d6cb5ddcb4e267d84075f66ebd967d95331fcc03\/md.webp","type":"image\/jpeg"}],"author":"Sebastian","twitter_card":"summary_large_image","twitter_image":"https:\/\/apfdigital-s3.cdn.net.ar\/s3i233\/2024\/12\/apfdigital\/images\/01\/46\/73\/1467304_7563cb95e0844b2f1627d8f7d6cb5ddcb4e267d84075f66ebd967d95331fcc03\/md.webp","twitter_creator":"@InformeLitoral","twitter_site":"@InformeLitoral","twitter_misc":{"Escrito por":"Sebastian","Tiempo de lectura":"2 minutos"},"schema":{"@context":"https:\/\/schema.org","@graph":[{"@type":"Article","@id":"https:\/\/informelitoral.com.ar\/ate-suspendio-medidas-de-fuerza-en-senal-de-duelo-por-la-muerte-del-papa-francisco\/#article","isPartOf":{"@id":"https:\/\/informelitoral.com.ar\/ate-suspendio-medidas-de-fuerza-en-senal-de-duelo-por-la-muerte-del-papa-francisco\/"},"author":{"name":"Sebastian","@id":"https:\/\/informelitoral.com.ar\/#\/schema\/person\/f05f9f461677119578717524b127d6d5"},"headline":"ATE suspendi\u00f3 medidas de fuerza en se\u00f1al de duelo por la muerte del Papa Francisco","datePublished":"2025-04-22T15:59:29+00:00","dateModified":"2025-04-23T00:44:53+00:00","mainEntityOfPage":{"@id":"https:\/\/informelitoral.com.ar\/ate-suspendio-medidas-de-fuerza-en-senal-de-duelo-por-la-muerte-del-papa-francisco\/"},"wordCount":365,"commentCount":0,"publisher":{"@id":"https:\/\/informelitoral.com.ar\/#organization"},"image":{"@id":"https:\/\/informelitoral.com.ar\/ate-suspendio-medidas-de-fuerza-en-senal-de-duelo-por-la-muerte-del-papa-francisco\/#primaryimage"},"thumbnailUrl":"https:\/\/apfdigital-s3.cdn.net.ar\/s3i233\/2024\/12\/apfdigital\/images\/01\/46\/73\/1467304_7563cb95e0844b2f1627d8f7d6cb5ddcb4e267d84075f66ebd967d95331fcc03\/md.webp","keywords":["ATE","Papa Francisco","Paro"],"articleSection":["Nacionales"],"inLanguage":"es","potentialAction":[{"@type":"CommentAction","name":"Comment","target":["https:\/\/informelitoral.com.ar\/ate-suspendio-medidas-de-fuerza-en-senal-de-duelo-por-la-muerte-del-papa-francisco\/#respond"]}]},{"@type":"WebPage","@id":"https:\/\/informelitoral.com.ar\/ate-suspendio-medidas-de-fuerza-en-senal-de-duelo-por-la-muerte-del-papa-francisco\/","url":"https:\/\/informelitoral.com.ar\/ate-suspendio-medidas-de-fuerza-en-senal-de-duelo-por-la-muerte-del-papa-francisco\/","name":"ATE suspendi\u00f3 medidas de fuerza en se\u00f1al de duelo por la muerte del Papa Francisco - Informe Litoral","isPartOf":{"@id":"https:\/\/informelitoral.com.ar\/#website"},"primaryImageOfPage":{"@id":"https:\/\/informelitoral.com.ar\/ate-suspendio-medidas-de-fuerza-en-senal-de-duelo-por-la-muerte-del-papa-francisco\/#primaryimage"},"image":{"@id":"https:\/\/informelitoral.com.ar\/ate-suspendio-medidas-de-fuerza-en-senal-de-duelo-por-la-muerte-del-papa-francisco\/#primaryimage"},"thumbnailUrl":"https:\/\/apfdigital-s3.cdn.net.ar\/s3i233\/2024\/12\/apfdigital\/images\/01\/46\/73\/1467304_7563cb95e0844b2f1627d8f7d6cb5ddcb4e267d84075f66ebd967d95331fcc03\/md.webp","datePublished":"2025-04-22T15:59:29+00:00","dateModified":"2025-04-23T00:44:53+00:00","breadcrumb":{"@id":"https:\/\/informelitoral.com.ar\/ate-suspendio-medidas-de-fuerza-en-senal-de-duelo-por-la-muerte-del-papa-francisco\/#breadcrumb"},"inLanguage":"es","potentialAction":[{"@type":"ReadAction","target":["https:\/\/informelitoral.com.ar\/ate-suspendio-medidas-de-fuerza-en-senal-de-duelo-por-la-muerte-del-papa-francisco\/"]}]},{"@type":"ImageObject","inLanguage":"es","@id":"https:\/\/informelitoral.com.ar\/ate-suspendio-medidas-de-fuerza-en-senal-de-duelo-por-la-muerte-del-papa-francisco\/#primaryimage","url":"https:\/\/apfdigital-s3.cdn.net.ar\/s3i233\/2024\/12\/apfdigital\/images\/01\/46\/73\/1467304_7563cb95e0844b2f1627d8f7d6cb5ddcb4e267d84075f66ebd967d95331fcc03\/md.webp","contentUrl":"https:\/\/apfdigital-s3.cdn.net.ar\/s3i233\/2024\/12\/apfdigital\/images\/01\/46\/73\/1467304_7563cb95e0844b2f1627d8f7d6cb5ddcb4e267d84075f66ebd967d95331fcc03\/md.webp","width":"992","height":"621"},{"@type":"BreadcrumbList","@id":"https:\/\/informelitoral.com.ar\/ate-suspendio-medidas-de-fuerza-en-senal-de-duelo-por-la-muerte-del-papa-francisco\/#breadcrumb","itemListElement":[{"@type":"ListItem","position":1,"name":"Portada","item":"https:\/\/informelitoral.com.ar\/"},{"@type":"ListItem","position":2,"name":"ATE suspendi\u00f3 medidas de fuerza en se\u00f1al de duelo por la muerte del Papa Francisco"}]},{"@type":"WebSite","@id":"https:\/\/informelitoral.com.ar\/#website","url":"https:\/\/informelitoral.com.ar\/","name":"Informe Litoral","description":"&quot;Nos informamos&quot; ","publisher":{"@id":"https:\/\/informelitoral.com.ar\/#organization"},"potentialAction":[{"@type":"SearchAction","target":{"@type":"EntryPoint","urlTemplate":"https:\/\/informelitoral.com.ar\/?s={search_term_string}"},"query-input":{"@type":"PropertyValueSpecification","valueRequired":true,"valueName":"search_term_string"}}],"inLanguage":"es"},{"@type":"Organization","@id":"https:\/\/informelitoral.com.ar\/#organization","name":"Informe Litoral","url":"https:\/\/informelitoral.com.ar\/","logo":{"@type":"ImageObject","inLanguage":"es","@id":"https:\/\/informelitoral.com.ar\/#\/schema\/logo\/image\/","url":"https:\/\/informelitoral.com.ar\/%77%70%2d%63%6f%6e%74%65%6e%74\/uploads\/2021\/01\/circulo.png","contentUrl":"https:\/\/informelitoral.com.ar\/%77%70%2d%63%6f%6e%74%65%6e%74\/uploads\/2021\/01\/circulo.png","width":723,"height":731,"caption":"Informe Litoral"},"image":{"@id":"https:\/\/informelitoral.com.ar\/#\/schema\/logo\/image\/"},"sameAs":["https:\/\/www.facebook.com\/informelitoral\/","https:\/\/x.com\/InformeLitoral","https:\/\/www.instagram.com\/informelitoral\/","https:\/\/www.youtube.com\/channel\/UCua4Qvz8Icb6MYqhoq9xLXw"]},{"@type":"Person","@id":"https:\/\/informelitoral.com.ar\/#\/schema\/person\/f05f9f461677119578717524b127d6d5","name":"Sebastian","image":{"@type":"ImageObject","inLanguage":"es","@id":"https:\/\/secure.gravatar.com\/avatar\/b71bf7481d447dfb9583c7f2798e7cc64de6efb9067b74633ed8c31059a3bd82?s=96&d=mm&r=g","url":"https:\/\/secure.gravatar.com\/avatar\/b71bf7481d447dfb9583c7f2798e7cc64de6efb9067b74633ed8c31059a3bd82?s=96&d=mm&r=g","contentUrl":"https:\/\/secure.gravatar.com\/avatar\/b71bf7481d447dfb9583c7f2798e7cc64de6efb9067b74633ed8c31059a3bd82?s=96&d=mm&r=g","caption":"Sebastian"},"url":"https:\/\/informelitoral.com.ar\/author\/sebastian\/"}]}},"fifu_image_url":"https:\/\/apfdigital-s3.cdn.net.ar\/s3i233\/2024\/12\/apfdigital\/images\/01\/46\/73\/1467304_7563cb95e0844b2f1627d8f7d6cb5ddcb4e267d84075f66ebd967d95331fcc03\/md.webp","_links":{"self":[{"href":"https:\/\/informelitoral.com.ar\/%77%70%2d%6a%73%6f%6e\/wp\/v2\/posts\/219163","targetHints":{"allow":["GET"]}}],"collection":[{"href":"https:\/\/informelitoral.com.ar\/%77%70%2d%6a%73%6f%6e\/wp\/v2\/posts"}],"about":[{"href":"https:\/\/informelitoral.com.ar\/%77%70%2d%6a%73%6f%6e\/wp\/v2\/types\/post"}],"author":[{"embeddable":true,"href":"https:\/\/informelitoral.com.ar\/%77%70%2d%6a%73%6f%6e\/wp\/v2\/users\/8"}],"replies":[{"embeddable":true,"href":"https:\/\/informelitoral.com.ar\/%77%70%2d%6a%73%6f%6e\/wp\/v2\/comments?post=219163"}],"version-history":[{"count":0,"href":"https:\/\/informelitoral.com.ar\/%77%70%2d%6a%73%6f%6e\/wp\/v2\/posts\/219163\/revisions"}],"wp:featuredmedia":[{"embeddable":true,"href":"https:\/\/informelitoral.com.ar\/%77%70%2d%6a%73%6f%6e\/wp\/v2\/media\/219164"}],"wp:attachment":[{"href":"https:\/\/informelitoral.com.ar\/%77%70%2d%6a%73%6f%6e\/wp\/v2\/media?parent=219163"}],"wp:term":[{"taxonomy":"category","embeddable":true,"href":"https:\/\/informelitoral.com.ar\/%77%70%2d%6a%73%6f%6e\/wp\/v2\/categories?post=219163"},{"taxonomy":"post_tag","embeddable":true,"href":"https:\/\/informelitoral.com.ar\/%77%70%2d%6a%73%6f%6e\/wp\/v2\/tags?post=219163"}],"curies":[{"name":"wp","href":"https:\/\/api.w.org\/{rel}","templated":true}]}}