{"id":219098,"date":"2025-04-22T09:37:03","date_gmt":"2025-04-22T12:37:03","guid":{"rendered":"https:\/\/informelitoral.com.ar\/?p=219098"},"modified":"2025-04-22T21:59:23","modified_gmt":"2025-04-23T00:59:23","slug":"este-miercoles-habra-reuniones-de-comisiones-en-el-senado-2","status":"publish","type":"post","link":"https:\/\/informelitoral.com.ar\/este-miercoles-habra-reuniones-de-comisiones-en-el-senado-2\/","title":{"rendered":"Este mi\u00e9rcoles habr\u00e1 reuniones de Comisiones en el Senado"},"content":{"rendered":"<p>Este mi\u00e9rcoles <strong>23 de abril<\/strong>, a las 10, est\u00e1 prevista la <strong>Reuni\u00f3n de Comisi\u00f3n de Asuntos Constitucionales y Acuerdos<\/strong>, presidida por el senador Juan Pablo Cosso (<strong>Villaguay- M\u00e1s por Entre R\u00edos<\/strong>), para analizar el siguiente temario:<\/p>\n<p>1. Expediente N\u00b014.930, proyecto de Ley por el que se declara de utilidad p\u00fablica y sujeto a expropiaci\u00f3n un terreno donde se emplaza la vieja antena con el fin de construir viviendas de un asentamiento en el \u00e1rea de \u201cLa Providencia\u201d, departamento La Paz.<br \/>\n2. Expediente N\u00b015.092, proyecto de Ley por el que se reglamenta lo establecido por el articulo N\u00b0117 de la Constituci\u00f3n Provincial, promoviendo y garantizando la efectiva respuesta por parte del Poder Ejecutivo a los requerimientos que cualquiera de las C\u00e1maras Legislativas realice en marco del articulo antes mencionado.<br \/>\n3. Expediente N\u00b015.262, Acuerdo Constitucional por el que el Gobernador de la Provincia, Rogelio Frigerio, solicita se preste el acuerdo que estable el Art\u00edculo 103, inciso 2 de la Constituci\u00f3n Provincial, para el nombramiento de Mart\u00edn Alejandro Rettore Elena, DNI N\u00b029.620.143, como Fiscal Adjunto de la Fiscal\u00eda de Estado de la Provincia, Expediente N\u00b03196043.<\/p>\n<p>Luego, a las 11, los senadores miembros participar\u00e1n de la reuni\u00f3n conjunta de las Comisiones de Presupuesto y Hacienda y de Legislaci\u00f3n General. En la oportunidad, se abordar\u00e1 el Expediente N\u00b015.191, proyecto de Ley sobre afectaci\u00f3n de remanentes financieros de rentas generales del poder Judicial de Entre R\u00edos.<\/p>\n<p>En tanto, a las 11.30, se realizar\u00e1 la Reuni\u00f3n de Comisi\u00f3n de Legislaci\u00f3n General, presidida por la senadora Nancy Miranda (Federal- M\u00e1s por Entre R\u00edos), para analizar los temas que se detallan a continuaci\u00f3n:<\/p>\n<p>1. Expediente N\u00b027.269, proyecto de Ley por el que se declara \u00c1rea Natural Protegida, en la modalidad \u201cReserva de Usos M\u00faltiples\u201d, el inmueble denominado \u201cEl Potrero de Victoria\u201d.<br \/>\n2. Expediente N\u00b026.903, proyecto de Ley por el que se crea la Reserva Provincial \u201cReserva de Usos M\u00faltiples R\u00edo de Los P\u00e1jaros\u201d, dentro de la jurisdicci\u00f3n de la ciudad de Col\u00f3n.<br \/>\n3. Expediente N\u00b015.092, proyecto de Ley por el que se reglamenta lo establecido por el articulo N\u00b0 117 de la Constituci\u00f3n Provincial, promoviendo y garantizando la efectiva respuesta por parte del Poder Ejecutivo a los requerimientos que cualquiera de las C\u00e1maras Legislativas realice en marco del articulo antes mencionado.<\/p>\n<p>Adem\u00e1s, por disposici\u00f3n de la presidenta de la Comisi\u00f3n, se dar\u00e1 tratamiento a la nota remitida por el Gobernador de la Provincia, Rogelio Frigerio, por la que solicita el retiro del Expediente N\u00b014.672, proyecto de reforma del C\u00f3digo Procesal Penal de la Provincia de Entre R\u00edos. Y el Expediente N\u00ba27.470, por el que se modifica el Art\u00edculo 1\u00ba de la Ley N\u00ba11.073.<\/p>\n<p>El lugar de las reuniones ser\u00e1 en la Sala de Comisiones, ubicada en el segundo piso de la Casa de Gobierno.<\/p>\n","protected":false},"excerpt":{"rendered":"<p>Durante la jornada est\u00e1 prevista una reuni\u00f3n conjunta de las Comisiones de Presupuesto y Hacienda y de Legislaci\u00f3n General. Tambi\u00e9n se convoc\u00f3 a la Comisi\u00f3n de Asuntos Constitucionales y Acuerdos.<\/p>\n","protected":false},"author":8,"featured_media":0,"comment_status":"open","ping_status":"open","sticky":false,"template":"","format":"standard","meta":{"fifu_image_url":"","fifu_image_alt":"","footnotes":""},"categories":[16],"tags":[3536,287,642,464],"class_list":{"0":"post-219098","1":"post","2":"type-post","3":"status-publish","4":"format-standard","6":"category-politi","7":"tag-comisiones-del-senado","8":"tag-legislativas","9":"tag-reunion","10":"tag-senado"},"yoast_head":"<title>Este mi\u00e9rcoles habr\u00e1 reuniones de Comisiones en el Senado - Informe Litoral<\/title>\n<meta name=\"robots\" content=\"index, follow, max-snippet:-1, max-image-preview:large, max-video-preview:-1\" \/>\n<link rel=\"canonical\" href=\"https:\/\/informelitoral.com.ar\/este-miercoles-habra-reuniones-de-comisiones-en-el-senado-2\/\" \/>\n<meta property=\"og:locale\" content=\"es_ES\" \/>\n<meta property=\"og:type\" content=\"article\" \/>\n<meta property=\"og:title\" content=\"Este mi\u00e9rcoles habr\u00e1 reuniones de Comisiones en el Senado - Informe Litoral\" \/>\n<meta property=\"og:description\" content=\"Durante la jornada est\u00e1 prevista una reuni\u00f3n conjunta de las Comisiones de Presupuesto y Hacienda y de Legislaci\u00f3n General. Tambi\u00e9n se convoc\u00f3 a la Comisi\u00f3n de Asuntos Constitucionales y Acuerdos.\" \/>\n<meta property=\"og:url\" content=\"https:\/\/informelitoral.com.ar\/este-miercoles-habra-reuniones-de-comisiones-en-el-senado-2\/\" \/>\n<meta property=\"og:site_name\" content=\"Informe Litoral\" \/>\n<meta property=\"article:publisher\" content=\"https:\/\/www.facebook.com\/informelitoral\/\" \/>\n<meta property=\"article:published_time\" content=\"2025-04-22T12:37:03+00:00\" \/>\n<meta property=\"article:modified_time\" content=\"2025-04-23T00:59:23+00:00\" \/>\n<meta property=\"og:image\" content=\"https:\/\/informelitoral.com.ar\/%77%70%2d%63%6f%6e%74%65%6e%74\/uploads\/2024\/12\/senado.jpg\" \/>\n\t<meta property=\"og:image:width\" content=\"860\" \/>\n\t<meta property=\"og:image:height\" content=\"573\" \/>\n\t<meta property=\"og:image:type\" content=\"image\/jpeg\" \/>\n<meta name=\"author\" content=\"Sebastian\" \/>\n<meta name=\"twitter:card\" content=\"summary_large_image\" \/>\n<meta name=\"twitter:creator\" content=\"@InformeLitoral\" \/>\n<meta name=\"twitter:site\" content=\"@InformeLitoral\" \/>\n<meta name=\"twitter:label1\" content=\"Escrito por\" \/>\n\t<meta name=\"twitter:data1\" content=\"Sebastian\" \/>\n\t<meta name=\"twitter:label2\" content=\"Tiempo de lectura\" \/>\n\t<meta name=\"twitter:data2\" content=\"2 minutos\" \/>\n<script type=\"application\/ld+json\" class=\"yoast-schema-graph\">{\"@context\":\"https:\\\/\\\/schema.org\",\"@graph\":[{\"@type\":\"Article\",\"@id\":\"https:\\\/\\\/informelitoral.com.ar\\\/este-miercoles-habra-reuniones-de-comisiones-en-el-senado-2\\\/#article\",\"isPartOf\":{\"@id\":\"https:\\\/\\\/informelitoral.com.ar\\\/este-miercoles-habra-reuniones-de-comisiones-en-el-senado-2\\\/\"},\"author\":{\"name\":\"Sebastian\",\"@id\":\"https:\\\/\\\/informelitoral.com.ar\\\/#\\\/schema\\\/person\\\/f05f9f461677119578717524b127d6d5\"},\"headline\":\"Este mi\u00e9rcoles habr\u00e1 reuniones de Comisiones en el Senado\",\"datePublished\":\"2025-04-22T12:37:03+00:00\",\"dateModified\":\"2025-04-23T00:59:23+00:00\",\"mainEntityOfPage\":{\"@id\":\"https:\\\/\\\/informelitoral.com.ar\\\/este-miercoles-habra-reuniones-de-comisiones-en-el-senado-2\\\/\"},\"wordCount\":489,\"commentCount\":0,\"publisher\":{\"@id\":\"https:\\\/\\\/informelitoral.com.ar\\\/#organization\"},\"keywords\":[\"Comisiones del senado\",\"Legislativas\",\"Reuni\u00f3n\",\"Senado\"],\"articleSection\":[\"Politica\"],\"inLanguage\":\"es\",\"potentialAction\":[{\"@type\":\"CommentAction\",\"name\":\"Comment\",\"target\":[\"https:\\\/\\\/informelitoral.com.ar\\\/este-miercoles-habra-reuniones-de-comisiones-en-el-senado-2\\\/#respond\"]}]},{\"@type\":\"WebPage\",\"@id\":\"https:\\\/\\\/informelitoral.com.ar\\\/este-miercoles-habra-reuniones-de-comisiones-en-el-senado-2\\\/\",\"url\":\"https:\\\/\\\/informelitoral.com.ar\\\/este-miercoles-habra-reuniones-de-comisiones-en-el-senado-2\\\/\",\"name\":\"Este mi\u00e9rcoles habr\u00e1 reuniones de Comisiones en el Senado - Informe Litoral\",\"isPartOf\":{\"@id\":\"https:\\\/\\\/informelitoral.com.ar\\\/#website\"},\"datePublished\":\"2025-04-22T12:37:03+00:00\",\"dateModified\":\"2025-04-23T00:59:23+00:00\",\"breadcrumb\":{\"@id\":\"https:\\\/\\\/informelitoral.com.ar\\\/este-miercoles-habra-reuniones-de-comisiones-en-el-senado-2\\\/#breadcrumb\"},\"inLanguage\":\"es\",\"potentialAction\":[{\"@type\":\"ReadAction\",\"target\":[\"https:\\\/\\\/informelitoral.com.ar\\\/este-miercoles-habra-reuniones-de-comisiones-en-el-senado-2\\\/\"]}]},{\"@type\":\"BreadcrumbList\",\"@id\":\"https:\\\/\\\/informelitoral.com.ar\\\/este-miercoles-habra-reuniones-de-comisiones-en-el-senado-2\\\/#breadcrumb\",\"itemListElement\":[{\"@type\":\"ListItem\",\"position\":1,\"name\":\"Portada\",\"item\":\"https:\\\/\\\/informelitoral.com.ar\\\/\"},{\"@type\":\"ListItem\",\"position\":2,\"name\":\"Este mi\u00e9rcoles habr\u00e1 reuniones de Comisiones en el Senado\"}]},{\"@type\":\"WebSite\",\"@id\":\"https:\\\/\\\/informelitoral.com.ar\\\/#website\",\"url\":\"https:\\\/\\\/informelitoral.com.ar\\\/\",\"name\":\"Informe Litoral\",\"description\":\"&quot;Nos informamos&quot; \",\"publisher\":{\"@id\":\"https:\\\/\\\/informelitoral.com.ar\\\/#organization\"},\"potentialAction\":[{\"@type\":\"SearchAction\",\"target\":{\"@type\":\"EntryPoint\",\"urlTemplate\":\"https:\\\/\\\/informelitoral.com.ar\\\/?s={search_term_string}\"},\"query-input\":{\"@type\":\"PropertyValueSpecification\",\"valueRequired\":true,\"valueName\":\"search_term_string\"}}],\"inLanguage\":\"es\"},{\"@type\":\"Organization\",\"@id\":\"https:\\\/\\\/informelitoral.com.ar\\\/#organization\",\"name\":\"Informe Litoral\",\"url\":\"https:\\\/\\\/informelitoral.com.ar\\\/\",\"logo\":{\"@type\":\"ImageObject\",\"inLanguage\":\"es\",\"@id\":\"https:\\\/\\\/informelitoral.com.ar\\\/#\\\/schema\\\/logo\\\/image\\\/\",\"url\":\"https:\\\/\\\/informelitoral.com.ar\\\/%77%70%2d%63%6f%6e%74%65%6e%74\\\/uploads\\\/2021\\\/01\\\/circulo.png\",\"contentUrl\":\"https:\\\/\\\/informelitoral.com.ar\\\/%77%70%2d%63%6f%6e%74%65%6e%74\\\/uploads\\\/2021\\\/01\\\/circulo.png\",\"width\":723,\"height\":731,\"caption\":\"Informe Litoral\"},\"image\":{\"@id\":\"https:\\\/\\\/informelitoral.com.ar\\\/#\\\/schema\\\/logo\\\/image\\\/\"},\"sameAs\":[\"https:\\\/\\\/www.facebook.com\\\/informelitoral\\\/\",\"https:\\\/\\\/x.com\\\/InformeLitoral\",\"https:\\\/\\\/www.instagram.com\\\/informelitoral\\\/\",\"https:\\\/\\\/www.youtube.com\\\/channel\\\/UCua4Qvz8Icb6MYqhoq9xLXw\"]},{\"@type\":\"Person\",\"@id\":\"https:\\\/\\\/informelitoral.com.ar\\\/#\\\/schema\\\/person\\\/f05f9f461677119578717524b127d6d5\",\"name\":\"Sebastian\",\"image\":{\"@type\":\"ImageObject\",\"inLanguage\":\"es\",\"@id\":\"https:\\\/\\\/secure.gravatar.com\\\/avatar\\\/b71bf7481d447dfb9583c7f2798e7cc64de6efb9067b74633ed8c31059a3bd82?s=96&d=mm&r=g\",\"url\":\"https:\\\/\\\/secure.gravatar.com\\\/avatar\\\/b71bf7481d447dfb9583c7f2798e7cc64de6efb9067b74633ed8c31059a3bd82?s=96&d=mm&r=g\",\"contentUrl\":\"https:\\\/\\\/secure.gravatar.com\\\/avatar\\\/b71bf7481d447dfb9583c7f2798e7cc64de6efb9067b74633ed8c31059a3bd82?s=96&d=mm&r=g\",\"caption\":\"Sebastian\"},\"url\":\"https:\\\/\\\/informelitoral.com.ar\\\/author\\\/sebastian\\\/\"}]}<\/script>","yoast_head_json":{"title":"Este mi\u00e9rcoles habr\u00e1 reuniones de Comisiones en el Senado - Informe Litoral","robots":{"index":"index","follow":"follow","max-snippet":"max-snippet:-1","max-image-preview":"max-image-preview:large","max-video-preview":"max-video-preview:-1"},"canonical":"https:\/\/informelitoral.com.ar\/este-miercoles-habra-reuniones-de-comisiones-en-el-senado-2\/","og_locale":"es_ES","og_type":"article","og_title":"Este mi\u00e9rcoles habr\u00e1 reuniones de Comisiones en el Senado - Informe Litoral","og_description":"Durante la jornada est\u00e1 prevista una reuni\u00f3n conjunta de las Comisiones de Presupuesto y Hacienda y de Legislaci\u00f3n General. Tambi\u00e9n se convoc\u00f3 a la Comisi\u00f3n de Asuntos Constitucionales y Acuerdos.","og_url":"https:\/\/informelitoral.com.ar\/este-miercoles-habra-reuniones-de-comisiones-en-el-senado-2\/","og_site_name":"Informe Litoral","article_publisher":"https:\/\/www.facebook.com\/informelitoral\/","article_published_time":"2025-04-22T12:37:03+00:00","article_modified_time":"2025-04-23T00:59:23+00:00","og_image":[{"width":860,"height":573,"url":"https:\/\/informelitoral.com.ar\/%77%70%2d%63%6f%6e%74%65%6e%74\/uploads\/2024\/12\/senado.jpg","type":"image\/jpeg"}],"author":"Sebastian","twitter_card":"summary_large_image","twitter_creator":"@InformeLitoral","twitter_site":"@InformeLitoral","twitter_misc":{"Escrito por":"Sebastian","Tiempo de lectura":"2 minutos"},"schema":{"@context":"https:\/\/schema.org","@graph":[{"@type":"Article","@id":"https:\/\/informelitoral.com.ar\/este-miercoles-habra-reuniones-de-comisiones-en-el-senado-2\/#article","isPartOf":{"@id":"https:\/\/informelitoral.com.ar\/este-miercoles-habra-reuniones-de-comisiones-en-el-senado-2\/"},"author":{"name":"Sebastian","@id":"https:\/\/informelitoral.com.ar\/#\/schema\/person\/f05f9f461677119578717524b127d6d5"},"headline":"Este mi\u00e9rcoles habr\u00e1 reuniones de Comisiones en el Senado","datePublished":"2025-04-22T12:37:03+00:00","dateModified":"2025-04-23T00:59:23+00:00","mainEntityOfPage":{"@id":"https:\/\/informelitoral.com.ar\/este-miercoles-habra-reuniones-de-comisiones-en-el-senado-2\/"},"wordCount":489,"commentCount":0,"publisher":{"@id":"https:\/\/informelitoral.com.ar\/#organization"},"keywords":["Comisiones del senado","Legislativas","Reuni\u00f3n","Senado"],"articleSection":["Politica"],"inLanguage":"es","potentialAction":[{"@type":"CommentAction","name":"Comment","target":["https:\/\/informelitoral.com.ar\/este-miercoles-habra-reuniones-de-comisiones-en-el-senado-2\/#respond"]}]},{"@type":"WebPage","@id":"https:\/\/informelitoral.com.ar\/este-miercoles-habra-reuniones-de-comisiones-en-el-senado-2\/","url":"https:\/\/informelitoral.com.ar\/este-miercoles-habra-reuniones-de-comisiones-en-el-senado-2\/","name":"Este mi\u00e9rcoles habr\u00e1 reuniones de Comisiones en el Senado - Informe Litoral","isPartOf":{"@id":"https:\/\/informelitoral.com.ar\/#website"},"datePublished":"2025-04-22T12:37:03+00:00","dateModified":"2025-04-23T00:59:23+00:00","breadcrumb":{"@id":"https:\/\/informelitoral.com.ar\/este-miercoles-habra-reuniones-de-comisiones-en-el-senado-2\/#breadcrumb"},"inLanguage":"es","potentialAction":[{"@type":"ReadAction","target":["https:\/\/informelitoral.com.ar\/este-miercoles-habra-reuniones-de-comisiones-en-el-senado-2\/"]}]},{"@type":"BreadcrumbList","@id":"https:\/\/informelitoral.com.ar\/este-miercoles-habra-reuniones-de-comisiones-en-el-senado-2\/#breadcrumb","itemListElement":[{"@type":"ListItem","position":1,"name":"Portada","item":"https:\/\/informelitoral.com.ar\/"},{"@type":"ListItem","position":2,"name":"Este mi\u00e9rcoles habr\u00e1 reuniones de Comisiones en el Senado"}]},{"@type":"WebSite","@id":"https:\/\/informelitoral.com.ar\/#website","url":"https:\/\/informelitoral.com.ar\/","name":"Informe Litoral","description":"&quot;Nos informamos&quot; ","publisher":{"@id":"https:\/\/informelitoral.com.ar\/#organization"},"potentialAction":[{"@type":"SearchAction","target":{"@type":"EntryPoint","urlTemplate":"https:\/\/informelitoral.com.ar\/?s={search_term_string}"},"query-input":{"@type":"PropertyValueSpecification","valueRequired":true,"valueName":"search_term_string"}}],"inLanguage":"es"},{"@type":"Organization","@id":"https:\/\/informelitoral.com.ar\/#organization","name":"Informe Litoral","url":"https:\/\/informelitoral.com.ar\/","logo":{"@type":"ImageObject","inLanguage":"es","@id":"https:\/\/informelitoral.com.ar\/#\/schema\/logo\/image\/","url":"https:\/\/informelitoral.com.ar\/%77%70%2d%63%6f%6e%74%65%6e%74\/uploads\/2021\/01\/circulo.png","contentUrl":"https:\/\/informelitoral.com.ar\/%77%70%2d%63%6f%6e%74%65%6e%74\/uploads\/2021\/01\/circulo.png","width":723,"height":731,"caption":"Informe Litoral"},"image":{"@id":"https:\/\/informelitoral.com.ar\/#\/schema\/logo\/image\/"},"sameAs":["https:\/\/www.facebook.com\/informelitoral\/","https:\/\/x.com\/InformeLitoral","https:\/\/www.instagram.com\/informelitoral\/","https:\/\/www.youtube.com\/channel\/UCua4Qvz8Icb6MYqhoq9xLXw"]},{"@type":"Person","@id":"https:\/\/informelitoral.com.ar\/#\/schema\/person\/f05f9f461677119578717524b127d6d5","name":"Sebastian","image":{"@type":"ImageObject","inLanguage":"es","@id":"https:\/\/secure.gravatar.com\/avatar\/b71bf7481d447dfb9583c7f2798e7cc64de6efb9067b74633ed8c31059a3bd82?s=96&d=mm&r=g","url":"https:\/\/secure.gravatar.com\/avatar\/b71bf7481d447dfb9583c7f2798e7cc64de6efb9067b74633ed8c31059a3bd82?s=96&d=mm&r=g","contentUrl":"https:\/\/secure.gravatar.com\/avatar\/b71bf7481d447dfb9583c7f2798e7cc64de6efb9067b74633ed8c31059a3bd82?s=96&d=mm&r=g","caption":"Sebastian"},"url":"https:\/\/informelitoral.com.ar\/author\/sebastian\/"}]}},"_links":{"self":[{"href":"https:\/\/informelitoral.com.ar\/%77%70%2d%6a%73%6f%6e\/wp\/v2\/posts\/219098","targetHints":{"allow":["GET"]}}],"collection":[{"href":"https:\/\/informelitoral.com.ar\/%77%70%2d%6a%73%6f%6e\/wp\/v2\/posts"}],"about":[{"href":"https:\/\/informelitoral.com.ar\/%77%70%2d%6a%73%6f%6e\/wp\/v2\/types\/post"}],"author":[{"embeddable":true,"href":"https:\/\/informelitoral.com.ar\/%77%70%2d%6a%73%6f%6e\/wp\/v2\/users\/8"}],"replies":[{"embeddable":true,"href":"https:\/\/informelitoral.com.ar\/%77%70%2d%6a%73%6f%6e\/wp\/v2\/comments?post=219098"}],"version-history":[{"count":0,"href":"https:\/\/informelitoral.com.ar\/%77%70%2d%6a%73%6f%6e\/wp\/v2\/posts\/219098\/revisions"}],"wp:attachment":[{"href":"https:\/\/informelitoral.com.ar\/%77%70%2d%6a%73%6f%6e\/wp\/v2\/media?parent=219098"}],"wp:term":[{"taxonomy":"category","embeddable":true,"href":"https:\/\/informelitoral.com.ar\/%77%70%2d%6a%73%6f%6e\/wp\/v2\/categories?post=219098"},{"taxonomy":"post_tag","embeddable":true,"href":"https:\/\/informelitoral.com.ar\/%77%70%2d%6a%73%6f%6e\/wp\/v2\/tags?post=219098"}],"curies":[{"name":"wp","href":"https:\/\/api.w.org\/{rel}","templated":true}]}}