{"id":219013,"date":"2025-04-22T08:00:41","date_gmt":"2025-04-22T11:00:41","guid":{"rendered":"https:\/\/informelitoral.com.ar\/?p=219013"},"modified":"2025-04-26T17:20:32","modified_gmt":"2025-04-26T20:20:32","slug":"abrieron-cunetas-en-el-camino-de-ripio-que-une-isletas-con-ramirez","status":"publish","type":"post","link":"https:\/\/informelitoral.com.ar\/abrieron-cunetas-en-el-camino-de-ripio-que-une-isletas-con-ramirez\/","title":{"rendered":"Abrieron cunetas en el camino de ripio que une Isletas con Ram\u00edrez"},"content":{"rendered":"<p>En la localidad de <strong>Isletas<\/strong>, departamento Diamante contin\u00faan los<strong> trabajos en materia vial,<\/strong> especialmente en el <strong>camino de ripio<\/strong> que la comunica con Costa Grande y General Ram\u00edrez.<\/p>\n<p>Tras una tarea general en la trama vial que incluy\u00f3 el <strong>ensanchado<\/strong> -hay varios carteles ca\u00eddos que a\u00fan no fueron repuestos- <strong>emparejado y colocaci\u00f3n de material calc\u00e1reo,<\/strong> contin\u00faan intervenciones localizadas.<\/p>\n<p><a href=\"https:\/\/informelitoral.com.ar\/%77%70%2d%63%6f%6e%74%65%6e%74\/uploads\/2025\/04\/492549554_1114825794015468_4428882798283009838_n-e1745319807994.jpg\"><img loading=\"lazy\" decoding=\"async\" class=\"aligncenter wp-image-219018 size-full\" src=\"https:\/\/informelitoral.com.ar\/%77%70%2d%63%6f%6e%74%65%6e%74\/uploads\/2025\/04\/492549554_1114825794015468_4428882798283009838_n-e1745319807994.jpg\" alt=\"\" width=\"960\" height=\"937\" srcset=\"https:\/\/informelitoral.com.ar\/%77%70%2d%63%6f%6e%74%65%6e%74\/uploads\/2025\/04\/492549554_1114825794015468_4428882798283009838_n-e1745319807994.jpg 960w, https:\/\/informelitoral.com.ar\/%77%70%2d%63%6f%6e%74%65%6e%74\/uploads\/2025\/04\/492549554_1114825794015468_4428882798283009838_n-e1745319807994-300x293.jpg 300w, https:\/\/informelitoral.com.ar\/%77%70%2d%63%6f%6e%74%65%6e%74\/uploads\/2025\/04\/492549554_1114825794015468_4428882798283009838_n-e1745319807994-768x750.jpg 768w, https:\/\/informelitoral.com.ar\/%77%70%2d%63%6f%6e%74%65%6e%74\/uploads\/2025\/04\/492549554_1114825794015468_4428882798283009838_n-e1745319807994-430x420.jpg 430w, https:\/\/informelitoral.com.ar\/%77%70%2d%63%6f%6e%74%65%6e%74\/uploads\/2025\/04\/492549554_1114825794015468_4428882798283009838_n-e1745319807994-696x679.jpg 696w\" sizes=\"auto, (max-width: 960px) 100vw, 960px\" \/><\/a><\/p>\n<p>En este caso, seg\u00fan pudo conocer <em><strong>Informe Litoral<\/strong><\/em>, gracias al apoyo de la <strong>Zonal VI de Vialidad,<\/strong> se <strong>abrieron cunetas en la zona de la Escuela Privada N\u00ba 143, 25 de Mayo; m\u00e1s precisamente frente al domicilio de la familia Garc\u00eda<\/strong>, cuya vivienda sufr\u00eda inundaciones durante lluvias intensas producto del agua que corr\u00eda por el camino sin un adecuado desag\u00fce o contenci\u00f3n.<\/p>\n<p>Desde la Junta de Gobierno local <strong>agradecieron al jefe de la Zonal, Emiliano Chaparro y a los trabajadores<\/strong> de la repartici\u00f3n por la labor. <em>(Informe Litoral)<\/em><\/p>\n<h6><strong><em>Del archivo:\u00a0<a href=\"https:\/\/informelitoral.com.ar\/general-ramirez-moderniza-su-alumbrado-publico-con-tecnologia-led\/\" target=\"_blank\" rel=\"noopener\">General Ram\u00edrez moderniza su alumbrado p\u00fablico con tecnolog\u00eda LED<\/a><\/em><\/strong><\/h6>\n<p><strong><em><a href=\"https:\/\/informelitoral.com.ar\/la-ganadera-incorporo-drones-para-pulverizaciones-agricolas\/\" target=\"_blank\" rel=\"noopener\">La Ganadera incorpor\u00f3 drones para pulverizaciones agr\u00edcolas<\/a><\/em><\/strong><\/p>\n","protected":false},"excerpt":{"rendered":"<p>Los trabajos fueron realizados por la Zonal Diamante de Vialidad en cercan\u00eda de la Escuela N\u00ba 143. En el lugar se estancaba agua y al menos una familia se inundaba durante lluvias intensas. <\/p>\n","protected":false},"author":2,"featured_media":219681,"comment_status":"open","ping_status":"open","sticky":false,"template":"","format":"standard","meta":{"fifu_image_url":"https:\/\/scontent.fpra1-1.fna.fbcdn.net\/v\/t39.30808-6\/492044537_1114825647348816_5684244489241120897_n.jpg?_nc_cat=105&ccb=1-7&_nc_sid=833d8c&_nc_eui2=AeEjtYORdfiFODK5ttupYkd3D3XllCNTQ-oPdeWUI1ND6rxEBPpcd-5KTNyRHclofAnoOErVK5nO0ouJSKMyj7uN&_nc_ohc=CkwlN4aPd0QQ7kNvwEBOPSM&_nc_oc=AdkTRVgFDvS4padOzKQxKFyFm-ZJMsyNYj1Mjpx8NYgBg4pJKWTlvMujrNpCfgoXhV4&_nc_zt=23&_nc_ht=scontent.fpra1-1.fna&_nc_gid=dwvl2alu7akc_CPglucepQ&oh=00_AfEsUwFi7PkrCNHKMQGx2B6a2AwtaAFmMqy_lZdZkcawSQ&oe=680D3E14","fifu_image_alt":"","footnotes":""},"categories":[4],"tags":[106,1560,69,100,1526],"class_list":{"0":"post-219013","1":"post","2":"type-post","3":"status-publish","4":"format-standard","5":"has-post-thumbnail","7":"category-locales","8":"tag-caminos","9":"tag-caminos-rurales","10":"tag-isletas","11":"tag-junta-de-gobierno","12":"tag-junta-de-gobierno-de-isletas"},"yoast_head":"<title>Abrieron cunetas en el camino de ripio que une Isletas con Ram\u00edrez - Informe Litoral<\/title>\n<meta name=\"robots\" content=\"index, follow, max-snippet:-1, max-image-preview:large, max-video-preview:-1\" \/>\n<link rel=\"canonical\" href=\"https:\/\/informelitoral.com.ar\/abrieron-cunetas-en-el-camino-de-ripio-que-une-isletas-con-ramirez\/\" \/>\n<meta property=\"og:locale\" content=\"es_ES\" \/>\n<meta property=\"og:type\" content=\"article\" \/>\n<meta property=\"og:title\" content=\"Abrieron cunetas en el camino de ripio que une Isletas con Ram\u00edrez - Informe Litoral\" \/>\n<meta property=\"og:description\" content=\"Los trabajos fueron realizados por la Zonal Diamante de Vialidad en cercan\u00eda de la Escuela N\u00ba 143. En el lugar se estancaba agua y al menos una familia se inundaba durante lluvias intensas.\" \/>\n<meta property=\"og:url\" content=\"https:\/\/informelitoral.com.ar\/abrieron-cunetas-en-el-camino-de-ripio-que-une-isletas-con-ramirez\/\" \/>\n<meta property=\"og:site_name\" content=\"Informe Litoral\" \/>\n<meta property=\"article:publisher\" content=\"https:\/\/www.facebook.com\/informelitoral\/\" \/>\n<meta property=\"article:published_time\" content=\"2025-04-22T11:00:41+00:00\" \/>\n<meta property=\"article:modified_time\" content=\"2025-04-26T20:20:32+00:00\" \/>\n<meta property=\"og:image\" content=\"https:\/\/scontent.fpra1-1.fna.fbcdn.net\/v\/t39.30808-6\/492044537_1114825647348816_5684244489241120897_n.jpg?_nc_cat=105&ccb=1-7&_nc_sid=833d8c&_nc_eui2=AeEjtYORdfiFODK5ttupYkd3D3XllCNTQ-oPdeWUI1ND6rxEBPpcd-5KTNyRHclofAnoOErVK5nO0ouJSKMyj7uN&_nc_ohc=CkwlN4aPd0QQ7kNvwEBOPSM&_nc_oc=AdkTRVgFDvS4padOzKQxKFyFm-ZJMsyNYj1Mjpx8NYgBg4pJKWTlvMujrNpCfgoXhV4&_nc_zt=23&_nc_ht=scontent.fpra1-1.fna&_nc_gid=dwvl2alu7akc_CPglucepQ&oh=00_AfEsUwFi7PkrCNHKMQGx2B6a2AwtaAFmMqy_lZdZkcawSQ&oe=680D3E14\" \/>\n<meta name=\"author\" content=\"Gonzalo Schmidt\" \/>\n<meta name=\"twitter:card\" content=\"summary_large_image\" \/>\n<meta name=\"twitter:image\" content=\"https:\/\/scontent.fpra1-1.fna.fbcdn.net\/v\/t39.30808-6\/492044537_1114825647348816_5684244489241120897_n.jpg?_nc_cat=105&ccb=1-7&_nc_sid=833d8c&_nc_eui2=AeEjtYORdfiFODK5ttupYkd3D3XllCNTQ-oPdeWUI1ND6rxEBPpcd-5KTNyRHclofAnoOErVK5nO0ouJSKMyj7uN&_nc_ohc=CkwlN4aPd0QQ7kNvwEBOPSM&_nc_oc=AdkTRVgFDvS4padOzKQxKFyFm-ZJMsyNYj1Mjpx8NYgBg4pJKWTlvMujrNpCfgoXhV4&_nc_zt=23&_nc_ht=scontent.fpra1-1.fna&_nc_gid=dwvl2alu7akc_CPglucepQ&oh=00_AfEsUwFi7PkrCNHKMQGx2B6a2AwtaAFmMqy_lZdZkcawSQ&oe=680D3E14\" \/>\n<meta name=\"twitter:creator\" content=\"@InformeLitoral\" \/>\n<meta name=\"twitter:site\" content=\"@InformeLitoral\" \/>\n<meta name=\"twitter:label1\" content=\"Escrito por\" \/>\n\t<meta name=\"twitter:data1\" content=\"Gonzalo Schmidt\" \/>\n\t<meta name=\"twitter:label2\" content=\"Tiempo de lectura\" \/>\n\t<meta name=\"twitter:data2\" content=\"1 minuto\" \/>\n<script type=\"application\/ld+json\" class=\"yoast-schema-graph\">{\"@context\":\"https:\\\/\\\/schema.org\",\"@graph\":[{\"@type\":\"Article\",\"@id\":\"https:\\\/\\\/informelitoral.com.ar\\\/abrieron-cunetas-en-el-camino-de-ripio-que-une-isletas-con-ramirez\\\/#article\",\"isPartOf\":{\"@id\":\"https:\\\/\\\/informelitoral.com.ar\\\/abrieron-cunetas-en-el-camino-de-ripio-que-une-isletas-con-ramirez\\\/\"},\"author\":{\"name\":\"Gonzalo Schmidt\",\"@id\":\"https:\\\/\\\/informelitoral.com.ar\\\/#\\\/schema\\\/person\\\/b9d00407c836482871ef1d57bf8e3180\"},\"headline\":\"Abrieron cunetas en el camino de ripio que une Isletas con Ram\u00edrez\",\"datePublished\":\"2025-04-22T11:00:41+00:00\",\"dateModified\":\"2025-04-26T20:20:32+00:00\",\"mainEntityOfPage\":{\"@id\":\"https:\\\/\\\/informelitoral.com.ar\\\/abrieron-cunetas-en-el-camino-de-ripio-que-une-isletas-con-ramirez\\\/\"},\"wordCount\":194,\"commentCount\":0,\"publisher\":{\"@id\":\"https:\\\/\\\/informelitoral.com.ar\\\/#organization\"},\"image\":{\"@id\":\"https:\\\/\\\/informelitoral.com.ar\\\/abrieron-cunetas-en-el-camino-de-ripio-que-une-isletas-con-ramirez\\\/#primaryimage\"},\"thumbnailUrl\":\"https:\\\/\\\/scontent.fpra1-1.fna.fbcdn.net\\\/v\\\/t39.30808-6\\\/492044537_1114825647348816_5684244489241120897_n.jpg?_nc_cat=105&ccb=1-7&_nc_sid=833d8c&_nc_eui2=AeEjtYORdfiFODK5ttupYkd3D3XllCNTQ-oPdeWUI1ND6rxEBPpcd-5KTNyRHclofAnoOErVK5nO0ouJSKMyj7uN&_nc_ohc=CkwlN4aPd0QQ7kNvwEBOPSM&_nc_oc=AdkTRVgFDvS4padOzKQxKFyFm-ZJMsyNYj1Mjpx8NYgBg4pJKWTlvMujrNpCfgoXhV4&_nc_zt=23&_nc_ht=scontent.fpra1-1.fna&_nc_gid=dwvl2alu7akc_CPglucepQ&oh=00_AfEsUwFi7PkrCNHKMQGx2B6a2AwtaAFmMqy_lZdZkcawSQ&oe=680D3E14\",\"keywords\":[\"Caminos\",\"Caminos rurales\",\"Isletas\",\"Junta de Gobierno\",\"Junta de Gobierno de Isletas\"],\"articleSection\":[\"Isletas\"],\"inLanguage\":\"es\",\"potentialAction\":[{\"@type\":\"CommentAction\",\"name\":\"Comment\",\"target\":[\"https:\\\/\\\/informelitoral.com.ar\\\/abrieron-cunetas-en-el-camino-de-ripio-que-une-isletas-con-ramirez\\\/#respond\"]}]},{\"@type\":\"WebPage\",\"@id\":\"https:\\\/\\\/informelitoral.com.ar\\\/abrieron-cunetas-en-el-camino-de-ripio-que-une-isletas-con-ramirez\\\/\",\"url\":\"https:\\\/\\\/informelitoral.com.ar\\\/abrieron-cunetas-en-el-camino-de-ripio-que-une-isletas-con-ramirez\\\/\",\"name\":\"Abrieron cunetas en el camino de ripio que une Isletas con Ram\u00edrez - Informe Litoral\",\"isPartOf\":{\"@id\":\"https:\\\/\\\/informelitoral.com.ar\\\/#website\"},\"primaryImageOfPage\":{\"@id\":\"https:\\\/\\\/informelitoral.com.ar\\\/abrieron-cunetas-en-el-camino-de-ripio-que-une-isletas-con-ramirez\\\/#primaryimage\"},\"image\":{\"@id\":\"https:\\\/\\\/informelitoral.com.ar\\\/abrieron-cunetas-en-el-camino-de-ripio-que-une-isletas-con-ramirez\\\/#primaryimage\"},\"thumbnailUrl\":\"https:\\\/\\\/scontent.fpra1-1.fna.fbcdn.net\\\/v\\\/t39.30808-6\\\/492044537_1114825647348816_5684244489241120897_n.jpg?_nc_cat=105&ccb=1-7&_nc_sid=833d8c&_nc_eui2=AeEjtYORdfiFODK5ttupYkd3D3XllCNTQ-oPdeWUI1ND6rxEBPpcd-5KTNyRHclofAnoOErVK5nO0ouJSKMyj7uN&_nc_ohc=CkwlN4aPd0QQ7kNvwEBOPSM&_nc_oc=AdkTRVgFDvS4padOzKQxKFyFm-ZJMsyNYj1Mjpx8NYgBg4pJKWTlvMujrNpCfgoXhV4&_nc_zt=23&_nc_ht=scontent.fpra1-1.fna&_nc_gid=dwvl2alu7akc_CPglucepQ&oh=00_AfEsUwFi7PkrCNHKMQGx2B6a2AwtaAFmMqy_lZdZkcawSQ&oe=680D3E14\",\"datePublished\":\"2025-04-22T11:00:41+00:00\",\"dateModified\":\"2025-04-26T20:20:32+00:00\",\"breadcrumb\":{\"@id\":\"https:\\\/\\\/informelitoral.com.ar\\\/abrieron-cunetas-en-el-camino-de-ripio-que-une-isletas-con-ramirez\\\/#breadcrumb\"},\"inLanguage\":\"es\",\"potentialAction\":[{\"@type\":\"ReadAction\",\"target\":[\"https:\\\/\\\/informelitoral.com.ar\\\/abrieron-cunetas-en-el-camino-de-ripio-que-une-isletas-con-ramirez\\\/\"]}]},{\"@type\":\"ImageObject\",\"inLanguage\":\"es\",\"@id\":\"https:\\\/\\\/informelitoral.com.ar\\\/abrieron-cunetas-en-el-camino-de-ripio-que-une-isletas-con-ramirez\\\/#primaryimage\",\"url\":\"https:\\\/\\\/scontent.fpra1-1.fna.fbcdn.net\\\/v\\\/t39.30808-6\\\/492044537_1114825647348816_5684244489241120897_n.jpg?_nc_cat=105&ccb=1-7&_nc_sid=833d8c&_nc_eui2=AeEjtYORdfiFODK5ttupYkd3D3XllCNTQ-oPdeWUI1ND6rxEBPpcd-5KTNyRHclofAnoOErVK5nO0ouJSKMyj7uN&_nc_ohc=CkwlN4aPd0QQ7kNvwEBOPSM&_nc_oc=AdkTRVgFDvS4padOzKQxKFyFm-ZJMsyNYj1Mjpx8NYgBg4pJKWTlvMujrNpCfgoXhV4&_nc_zt=23&_nc_ht=scontent.fpra1-1.fna&_nc_gid=dwvl2alu7akc_CPglucepQ&oh=00_AfEsUwFi7PkrCNHKMQGx2B6a2AwtaAFmMqy_lZdZkcawSQ&oe=680D3E14\",\"contentUrl\":\"https:\\\/\\\/scontent.fpra1-1.fna.fbcdn.net\\\/v\\\/t39.30808-6\\\/492044537_1114825647348816_5684244489241120897_n.jpg?_nc_cat=105&ccb=1-7&_nc_sid=833d8c&_nc_eui2=AeEjtYORdfiFODK5ttupYkd3D3XllCNTQ-oPdeWUI1ND6rxEBPpcd-5KTNyRHclofAnoOErVK5nO0ouJSKMyj7uN&_nc_ohc=CkwlN4aPd0QQ7kNvwEBOPSM&_nc_oc=AdkTRVgFDvS4padOzKQxKFyFm-ZJMsyNYj1Mjpx8NYgBg4pJKWTlvMujrNpCfgoXhV4&_nc_zt=23&_nc_ht=scontent.fpra1-1.fna&_nc_gid=dwvl2alu7akc_CPglucepQ&oh=00_AfEsUwFi7PkrCNHKMQGx2B6a2AwtaAFmMqy_lZdZkcawSQ&oe=680D3E14\"},{\"@type\":\"BreadcrumbList\",\"@id\":\"https:\\\/\\\/informelitoral.com.ar\\\/abrieron-cunetas-en-el-camino-de-ripio-que-une-isletas-con-ramirez\\\/#breadcrumb\",\"itemListElement\":[{\"@type\":\"ListItem\",\"position\":1,\"name\":\"Portada\",\"item\":\"https:\\\/\\\/informelitoral.com.ar\\\/\"},{\"@type\":\"ListItem\",\"position\":2,\"name\":\"Abrieron cunetas en el camino de ripio que une Isletas con Ram\u00edrez\"}]},{\"@type\":\"WebSite\",\"@id\":\"https:\\\/\\\/informelitoral.com.ar\\\/#website\",\"url\":\"https:\\\/\\\/informelitoral.com.ar\\\/\",\"name\":\"Informe Litoral\",\"description\":\"&quot;Nos informamos&quot; \",\"publisher\":{\"@id\":\"https:\\\/\\\/informelitoral.com.ar\\\/#organization\"},\"potentialAction\":[{\"@type\":\"SearchAction\",\"target\":{\"@type\":\"EntryPoint\",\"urlTemplate\":\"https:\\\/\\\/informelitoral.com.ar\\\/?s={search_term_string}\"},\"query-input\":{\"@type\":\"PropertyValueSpecification\",\"valueRequired\":true,\"valueName\":\"search_term_string\"}}],\"inLanguage\":\"es\"},{\"@type\":\"Organization\",\"@id\":\"https:\\\/\\\/informelitoral.com.ar\\\/#organization\",\"name\":\"Informe Litoral\",\"url\":\"https:\\\/\\\/informelitoral.com.ar\\\/\",\"logo\":{\"@type\":\"ImageObject\",\"inLanguage\":\"es\",\"@id\":\"https:\\\/\\\/informelitoral.com.ar\\\/#\\\/schema\\\/logo\\\/image\\\/\",\"url\":\"https:\\\/\\\/informelitoral.com.ar\\\/%77%70%2d%63%6f%6e%74%65%6e%74\\\/uploads\\\/2021\\\/01\\\/circulo.png\",\"contentUrl\":\"https:\\\/\\\/informelitoral.com.ar\\\/%77%70%2d%63%6f%6e%74%65%6e%74\\\/uploads\\\/2021\\\/01\\\/circulo.png\",\"width\":723,\"height\":731,\"caption\":\"Informe Litoral\"},\"image\":{\"@id\":\"https:\\\/\\\/informelitoral.com.ar\\\/#\\\/schema\\\/logo\\\/image\\\/\"},\"sameAs\":[\"https:\\\/\\\/www.facebook.com\\\/informelitoral\\\/\",\"https:\\\/\\\/x.com\\\/InformeLitoral\",\"https:\\\/\\\/www.instagram.com\\\/informelitoral\\\/\",\"https:\\\/\\\/www.youtube.com\\\/channel\\\/UCua4Qvz8Icb6MYqhoq9xLXw\"]},{\"@type\":\"Person\",\"@id\":\"https:\\\/\\\/informelitoral.com.ar\\\/#\\\/schema\\\/person\\\/b9d00407c836482871ef1d57bf8e3180\",\"name\":\"Gonzalo Schmidt\",\"image\":{\"@type\":\"ImageObject\",\"inLanguage\":\"es\",\"@id\":\"https:\\\/\\\/secure.gravatar.com\\\/avatar\\\/31a1a7b66ff2de83bd0e9fd79d026630d2d99e55e8bfe501287647b4fd9743de?s=96&d=mm&r=g\",\"url\":\"https:\\\/\\\/secure.gravatar.com\\\/avatar\\\/31a1a7b66ff2de83bd0e9fd79d026630d2d99e55e8bfe501287647b4fd9743de?s=96&d=mm&r=g\",\"contentUrl\":\"https:\\\/\\\/secure.gravatar.com\\\/avatar\\\/31a1a7b66ff2de83bd0e9fd79d026630d2d99e55e8bfe501287647b4fd9743de?s=96&d=mm&r=g\",\"caption\":\"Gonzalo Schmidt\"},\"description\":\"Sitio web de noticias de la provincia de Entre R\u00edos, Argentina. Informaci\u00f3n y entretenimiento. Informe Litoral, nos informamos.\",\"sameAs\":[\"http:\\\/\\\/www.isletasnoticias.com.ar\"],\"url\":\"https:\\\/\\\/informelitoral.com.ar\\\/author\\\/gonzalo\\\/\"}]}<\/script>","yoast_head_json":{"title":"Abrieron cunetas en el camino de ripio que une Isletas con Ram\u00edrez - Informe Litoral","robots":{"index":"index","follow":"follow","max-snippet":"max-snippet:-1","max-image-preview":"max-image-preview:large","max-video-preview":"max-video-preview:-1"},"canonical":"https:\/\/informelitoral.com.ar\/abrieron-cunetas-en-el-camino-de-ripio-que-une-isletas-con-ramirez\/","og_locale":"es_ES","og_type":"article","og_title":"Abrieron cunetas en el camino de ripio que une Isletas con Ram\u00edrez - Informe Litoral","og_description":"Los trabajos fueron realizados por la Zonal Diamante de Vialidad en cercan\u00eda de la Escuela N\u00ba 143. En el lugar se estancaba agua y al menos una familia se inundaba durante lluvias intensas.","og_url":"https:\/\/informelitoral.com.ar\/abrieron-cunetas-en-el-camino-de-ripio-que-une-isletas-con-ramirez\/","og_site_name":"Informe Litoral","article_publisher":"https:\/\/www.facebook.com\/informelitoral\/","article_published_time":"2025-04-22T11:00:41+00:00","article_modified_time":"2025-04-26T20:20:32+00:00","og_image":[{"url":"https:\/\/scontent.fpra1-1.fna.fbcdn.net\/v\/t39.30808-6\/492044537_1114825647348816_5684244489241120897_n.jpg?_nc_cat=105&ccb=1-7&_nc_sid=833d8c&_nc_eui2=AeEjtYORdfiFODK5ttupYkd3D3XllCNTQ-oPdeWUI1ND6rxEBPpcd-5KTNyRHclofAnoOErVK5nO0ouJSKMyj7uN&_nc_ohc=CkwlN4aPd0QQ7kNvwEBOPSM&_nc_oc=AdkTRVgFDvS4padOzKQxKFyFm-ZJMsyNYj1Mjpx8NYgBg4pJKWTlvMujrNpCfgoXhV4&_nc_zt=23&_nc_ht=scontent.fpra1-1.fna&_nc_gid=dwvl2alu7akc_CPglucepQ&oh=00_AfEsUwFi7PkrCNHKMQGx2B6a2AwtaAFmMqy_lZdZkcawSQ&oe=680D3E14","type":"","width":"","height":""}],"author":"Gonzalo Schmidt","twitter_card":"summary_large_image","twitter_image":"https:\/\/scontent.fpra1-1.fna.fbcdn.net\/v\/t39.30808-6\/492044537_1114825647348816_5684244489241120897_n.jpg?_nc_cat=105&ccb=1-7&_nc_sid=833d8c&_nc_eui2=AeEjtYORdfiFODK5ttupYkd3D3XllCNTQ-oPdeWUI1ND6rxEBPpcd-5KTNyRHclofAnoOErVK5nO0ouJSKMyj7uN&_nc_ohc=CkwlN4aPd0QQ7kNvwEBOPSM&_nc_oc=AdkTRVgFDvS4padOzKQxKFyFm-ZJMsyNYj1Mjpx8NYgBg4pJKWTlvMujrNpCfgoXhV4&_nc_zt=23&_nc_ht=scontent.fpra1-1.fna&_nc_gid=dwvl2alu7akc_CPglucepQ&oh=00_AfEsUwFi7PkrCNHKMQGx2B6a2AwtaAFmMqy_lZdZkcawSQ&oe=680D3E14","twitter_creator":"@InformeLitoral","twitter_site":"@InformeLitoral","twitter_misc":{"Escrito por":"Gonzalo Schmidt","Tiempo de lectura":"1 minuto"},"schema":{"@context":"https:\/\/schema.org","@graph":[{"@type":"Article","@id":"https:\/\/informelitoral.com.ar\/abrieron-cunetas-en-el-camino-de-ripio-que-une-isletas-con-ramirez\/#article","isPartOf":{"@id":"https:\/\/informelitoral.com.ar\/abrieron-cunetas-en-el-camino-de-ripio-que-une-isletas-con-ramirez\/"},"author":{"name":"Gonzalo Schmidt","@id":"https:\/\/informelitoral.com.ar\/#\/schema\/person\/b9d00407c836482871ef1d57bf8e3180"},"headline":"Abrieron cunetas en el camino de ripio que une Isletas con Ram\u00edrez","datePublished":"2025-04-22T11:00:41+00:00","dateModified":"2025-04-26T20:20:32+00:00","mainEntityOfPage":{"@id":"https:\/\/informelitoral.com.ar\/abrieron-cunetas-en-el-camino-de-ripio-que-une-isletas-con-ramirez\/"},"wordCount":194,"commentCount":0,"publisher":{"@id":"https:\/\/informelitoral.com.ar\/#organization"},"image":{"@id":"https:\/\/informelitoral.com.ar\/abrieron-cunetas-en-el-camino-de-ripio-que-une-isletas-con-ramirez\/#primaryimage"},"thumbnailUrl":"https:\/\/scontent.fpra1-1.fna.fbcdn.net\/v\/t39.30808-6\/492044537_1114825647348816_5684244489241120897_n.jpg?_nc_cat=105&ccb=1-7&_nc_sid=833d8c&_nc_eui2=AeEjtYORdfiFODK5ttupYkd3D3XllCNTQ-oPdeWUI1ND6rxEBPpcd-5KTNyRHclofAnoOErVK5nO0ouJSKMyj7uN&_nc_ohc=CkwlN4aPd0QQ7kNvwEBOPSM&_nc_oc=AdkTRVgFDvS4padOzKQxKFyFm-ZJMsyNYj1Mjpx8NYgBg4pJKWTlvMujrNpCfgoXhV4&_nc_zt=23&_nc_ht=scontent.fpra1-1.fna&_nc_gid=dwvl2alu7akc_CPglucepQ&oh=00_AfEsUwFi7PkrCNHKMQGx2B6a2AwtaAFmMqy_lZdZkcawSQ&oe=680D3E14","keywords":["Caminos","Caminos rurales","Isletas","Junta de Gobierno","Junta de Gobierno de Isletas"],"articleSection":["Isletas"],"inLanguage":"es","potentialAction":[{"@type":"CommentAction","name":"Comment","target":["https:\/\/informelitoral.com.ar\/abrieron-cunetas-en-el-camino-de-ripio-que-une-isletas-con-ramirez\/#respond"]}]},{"@type":"WebPage","@id":"https:\/\/informelitoral.com.ar\/abrieron-cunetas-en-el-camino-de-ripio-que-une-isletas-con-ramirez\/","url":"https:\/\/informelitoral.com.ar\/abrieron-cunetas-en-el-camino-de-ripio-que-une-isletas-con-ramirez\/","name":"Abrieron cunetas en el camino de ripio que une Isletas con Ram\u00edrez - Informe Litoral","isPartOf":{"@id":"https:\/\/informelitoral.com.ar\/#website"},"primaryImageOfPage":{"@id":"https:\/\/informelitoral.com.ar\/abrieron-cunetas-en-el-camino-de-ripio-que-une-isletas-con-ramirez\/#primaryimage"},"image":{"@id":"https:\/\/informelitoral.com.ar\/abrieron-cunetas-en-el-camino-de-ripio-que-une-isletas-con-ramirez\/#primaryimage"},"thumbnailUrl":"https:\/\/scontent.fpra1-1.fna.fbcdn.net\/v\/t39.30808-6\/492044537_1114825647348816_5684244489241120897_n.jpg?_nc_cat=105&ccb=1-7&_nc_sid=833d8c&_nc_eui2=AeEjtYORdfiFODK5ttupYkd3D3XllCNTQ-oPdeWUI1ND6rxEBPpcd-5KTNyRHclofAnoOErVK5nO0ouJSKMyj7uN&_nc_ohc=CkwlN4aPd0QQ7kNvwEBOPSM&_nc_oc=AdkTRVgFDvS4padOzKQxKFyFm-ZJMsyNYj1Mjpx8NYgBg4pJKWTlvMujrNpCfgoXhV4&_nc_zt=23&_nc_ht=scontent.fpra1-1.fna&_nc_gid=dwvl2alu7akc_CPglucepQ&oh=00_AfEsUwFi7PkrCNHKMQGx2B6a2AwtaAFmMqy_lZdZkcawSQ&oe=680D3E14","datePublished":"2025-04-22T11:00:41+00:00","dateModified":"2025-04-26T20:20:32+00:00","breadcrumb":{"@id":"https:\/\/informelitoral.com.ar\/abrieron-cunetas-en-el-camino-de-ripio-que-une-isletas-con-ramirez\/#breadcrumb"},"inLanguage":"es","potentialAction":[{"@type":"ReadAction","target":["https:\/\/informelitoral.com.ar\/abrieron-cunetas-en-el-camino-de-ripio-que-une-isletas-con-ramirez\/"]}]},{"@type":"ImageObject","inLanguage":"es","@id":"https:\/\/informelitoral.com.ar\/abrieron-cunetas-en-el-camino-de-ripio-que-une-isletas-con-ramirez\/#primaryimage","url":"https:\/\/scontent.fpra1-1.fna.fbcdn.net\/v\/t39.30808-6\/492044537_1114825647348816_5684244489241120897_n.jpg?_nc_cat=105&ccb=1-7&_nc_sid=833d8c&_nc_eui2=AeEjtYORdfiFODK5ttupYkd3D3XllCNTQ-oPdeWUI1ND6rxEBPpcd-5KTNyRHclofAnoOErVK5nO0ouJSKMyj7uN&_nc_ohc=CkwlN4aPd0QQ7kNvwEBOPSM&_nc_oc=AdkTRVgFDvS4padOzKQxKFyFm-ZJMsyNYj1Mjpx8NYgBg4pJKWTlvMujrNpCfgoXhV4&_nc_zt=23&_nc_ht=scontent.fpra1-1.fna&_nc_gid=dwvl2alu7akc_CPglucepQ&oh=00_AfEsUwFi7PkrCNHKMQGx2B6a2AwtaAFmMqy_lZdZkcawSQ&oe=680D3E14","contentUrl":"https:\/\/scontent.fpra1-1.fna.fbcdn.net\/v\/t39.30808-6\/492044537_1114825647348816_5684244489241120897_n.jpg?_nc_cat=105&ccb=1-7&_nc_sid=833d8c&_nc_eui2=AeEjtYORdfiFODK5ttupYkd3D3XllCNTQ-oPdeWUI1ND6rxEBPpcd-5KTNyRHclofAnoOErVK5nO0ouJSKMyj7uN&_nc_ohc=CkwlN4aPd0QQ7kNvwEBOPSM&_nc_oc=AdkTRVgFDvS4padOzKQxKFyFm-ZJMsyNYj1Mjpx8NYgBg4pJKWTlvMujrNpCfgoXhV4&_nc_zt=23&_nc_ht=scontent.fpra1-1.fna&_nc_gid=dwvl2alu7akc_CPglucepQ&oh=00_AfEsUwFi7PkrCNHKMQGx2B6a2AwtaAFmMqy_lZdZkcawSQ&oe=680D3E14"},{"@type":"BreadcrumbList","@id":"https:\/\/informelitoral.com.ar\/abrieron-cunetas-en-el-camino-de-ripio-que-une-isletas-con-ramirez\/#breadcrumb","itemListElement":[{"@type":"ListItem","position":1,"name":"Portada","item":"https:\/\/informelitoral.com.ar\/"},{"@type":"ListItem","position":2,"name":"Abrieron cunetas en el camino de ripio que une Isletas con Ram\u00edrez"}]},{"@type":"WebSite","@id":"https:\/\/informelitoral.com.ar\/#website","url":"https:\/\/informelitoral.com.ar\/","name":"Informe Litoral","description":"&quot;Nos informamos&quot; ","publisher":{"@id":"https:\/\/informelitoral.com.ar\/#organization"},"potentialAction":[{"@type":"SearchAction","target":{"@type":"EntryPoint","urlTemplate":"https:\/\/informelitoral.com.ar\/?s={search_term_string}"},"query-input":{"@type":"PropertyValueSpecification","valueRequired":true,"valueName":"search_term_string"}}],"inLanguage":"es"},{"@type":"Organization","@id":"https:\/\/informelitoral.com.ar\/#organization","name":"Informe Litoral","url":"https:\/\/informelitoral.com.ar\/","logo":{"@type":"ImageObject","inLanguage":"es","@id":"https:\/\/informelitoral.com.ar\/#\/schema\/logo\/image\/","url":"https:\/\/informelitoral.com.ar\/%77%70%2d%63%6f%6e%74%65%6e%74\/uploads\/2021\/01\/circulo.png","contentUrl":"https:\/\/informelitoral.com.ar\/%77%70%2d%63%6f%6e%74%65%6e%74\/uploads\/2021\/01\/circulo.png","width":723,"height":731,"caption":"Informe Litoral"},"image":{"@id":"https:\/\/informelitoral.com.ar\/#\/schema\/logo\/image\/"},"sameAs":["https:\/\/www.facebook.com\/informelitoral\/","https:\/\/x.com\/InformeLitoral","https:\/\/www.instagram.com\/informelitoral\/","https:\/\/www.youtube.com\/channel\/UCua4Qvz8Icb6MYqhoq9xLXw"]},{"@type":"Person","@id":"https:\/\/informelitoral.com.ar\/#\/schema\/person\/b9d00407c836482871ef1d57bf8e3180","name":"Gonzalo Schmidt","image":{"@type":"ImageObject","inLanguage":"es","@id":"https:\/\/secure.gravatar.com\/avatar\/31a1a7b66ff2de83bd0e9fd79d026630d2d99e55e8bfe501287647b4fd9743de?s=96&d=mm&r=g","url":"https:\/\/secure.gravatar.com\/avatar\/31a1a7b66ff2de83bd0e9fd79d026630d2d99e55e8bfe501287647b4fd9743de?s=96&d=mm&r=g","contentUrl":"https:\/\/secure.gravatar.com\/avatar\/31a1a7b66ff2de83bd0e9fd79d026630d2d99e55e8bfe501287647b4fd9743de?s=96&d=mm&r=g","caption":"Gonzalo Schmidt"},"description":"Sitio web de noticias de la provincia de Entre R\u00edos, Argentina. Informaci\u00f3n y entretenimiento. Informe Litoral, nos informamos.","sameAs":["http:\/\/www.isletasnoticias.com.ar"],"url":"https:\/\/informelitoral.com.ar\/author\/gonzalo\/"}]}},"fifu_image_url":"https:\/\/scontent.fpra1-1.fna.fbcdn.net\/v\/t39.30808-6\/492044537_1114825647348816_5684244489241120897_n.jpg?_nc_cat=105&ccb=1-7&_nc_sid=833d8c&_nc_eui2=AeEjtYORdfiFODK5ttupYkd3D3XllCNTQ-oPdeWUI1ND6rxEBPpcd-5KTNyRHclofAnoOErVK5nO0ouJSKMyj7uN&_nc_ohc=CkwlN4aPd0QQ7kNvwEBOPSM&_nc_oc=AdkTRVgFDvS4padOzKQxKFyFm-ZJMsyNYj1Mjpx8NYgBg4pJKWTlvMujrNpCfgoXhV4&_nc_zt=23&_nc_ht=scontent.fpra1-1.fna&_nc_gid=dwvl2alu7akc_CPglucepQ&oh=00_AfEsUwFi7PkrCNHKMQGx2B6a2AwtaAFmMqy_lZdZkcawSQ&oe=680D3E14","_links":{"self":[{"href":"https:\/\/informelitoral.com.ar\/%77%70%2d%6a%73%6f%6e\/wp\/v2\/posts\/219013","targetHints":{"allow":["GET"]}}],"collection":[{"href":"https:\/\/informelitoral.com.ar\/%77%70%2d%6a%73%6f%6e\/wp\/v2\/posts"}],"about":[{"href":"https:\/\/informelitoral.com.ar\/%77%70%2d%6a%73%6f%6e\/wp\/v2\/types\/post"}],"author":[{"embeddable":true,"href":"https:\/\/informelitoral.com.ar\/%77%70%2d%6a%73%6f%6e\/wp\/v2\/users\/2"}],"replies":[{"embeddable":true,"href":"https:\/\/informelitoral.com.ar\/%77%70%2d%6a%73%6f%6e\/wp\/v2\/comments?post=219013"}],"version-history":[{"count":0,"href":"https:\/\/informelitoral.com.ar\/%77%70%2d%6a%73%6f%6e\/wp\/v2\/posts\/219013\/revisions"}],"wp:featuredmedia":[{"embeddable":true,"href":"https:\/\/informelitoral.com.ar\/%77%70%2d%6a%73%6f%6e\/wp\/v2\/media\/219681"}],"wp:attachment":[{"href":"https:\/\/informelitoral.com.ar\/%77%70%2d%6a%73%6f%6e\/wp\/v2\/media?parent=219013"}],"wp:term":[{"taxonomy":"category","embeddable":true,"href":"https:\/\/informelitoral.com.ar\/%77%70%2d%6a%73%6f%6e\/wp\/v2\/categories?post=219013"},{"taxonomy":"post_tag","embeddable":true,"href":"https:\/\/informelitoral.com.ar\/%77%70%2d%6a%73%6f%6e\/wp\/v2\/tags?post=219013"}],"curies":[{"name":"wp","href":"https:\/\/api.w.org\/{rel}","templated":true}]}}