{"id":219006,"date":"2025-04-22T07:16:28","date_gmt":"2025-04-22T10:16:28","guid":{"rendered":"https:\/\/informelitoral.com.ar\/?p=219006"},"modified":"2025-04-22T07:16:28","modified_gmt":"2025-04-22T10:16:28","slug":"en-la-previa-de-un-nuevo-frente-frio-habra-tardes-calidas","status":"publish","type":"post","link":"https:\/\/informelitoral.com.ar\/en-la-previa-de-un-nuevo-frente-frio-habra-tardes-calidas\/","title":{"rendered":"En la previa de un nuevo frente fr\u00edo habr\u00e1 tardes c\u00e1lidas"},"content":{"rendered":"<p>La semana \u201cestar\u00e1 caracterizada en materia meteorol\u00f3gica por el paso de sucesivos ingresos de frentes fr\u00edos en la Patagonia\u201d, indic\u00f3 el meteor\u00f3logo Christian Garavaglia al analizar lo que suceder\u00e1 en el pa\u00eds.<\/p>\n<p>Precis\u00f3 al respecto que \u201cestos sistemas frontales ser\u00e1n m\u00e1s o menos intensos dependiendo el caso, as\u00ed como tambi\u00e9n tendr\u00e1n m\u00e1s o menos afectaci\u00f3n sobre el centro y norte de Argentina\u201d.<\/p>\n<p>Pero en definitiva, \u201c<b>ser\u00e1n los que conduzcan en buena medida el comportamiento de las temperaturas y las precipitaciones en las distintas regiones del pa\u00eds<\/b>\u00a0a lo largo de los pr\u00f3ximos d\u00edas\u201d.<\/p>\n<h2><strong>Pron\u00f3stico<\/strong><\/h2>\n<p>En el resto de la Argentina en general prevalecer\u00e1 el tiempo bueno en este arranque de semana, con cielo algo o parcialmente nublado. Para hoy en Entre R\u00edos se anuncia cielo algo nublado con registros t\u00e9rmicos que rondar\u00e1n a la tarde los 25 grados.<\/p>\n<p>Durante el pr\u00f3ximo mi\u00e9rcoles en probable que se intensifiquen las precipitaciones sobre el extremo norte de Argentina, especialmente a lo largo de la provincia de Formosa y partes de Chaco donde no se descartan tormentas localmente fuertes.<\/p>\n<p><b>Sobre la franja central de Argentina cruzar\u00e1 un d\u00e9bil frente fr\u00edo con inestabilidad, en las provincias centrales sin descartar alguna lluvia aislada<\/b>, que podr\u00eda alcanzar algunos sectores del territorio entrerriano. Las temperaturas m\u00e1ximas previstas para ma\u00f1ana son de 25 grados.<\/p>\n<h2><strong>El viernes ingresar\u00e1 un intenso frente fr\u00edo al sur del pa\u00eds<\/strong><\/h2>\n<p><b>A partir del viernes se espera el tercer y m\u00e1s intenso sistema frontal fr\u00edo ingresando al territorio nacional<\/b>, desde el Pac\u00edfico sur acarreando aire muy frio que avanzar\u00e1 por toda la Patagonia argentina.<\/p>\n<p>Se anuncia una jornada muy inestable en el sur del pa\u00eds con fuertes vientos, y precipitaciones en forma de lluvia e incluso nieve, sobre todo el sector cordillerano, con fuerte descenso de temperatura.<\/p>\n<p><b>Hacia el final del viernes este frente bien definido alcanzar\u00eda r\u00e1pidamente el centro de la Argentina<\/b>, activando probables lluvias y tormentas aisladas entre La Pampa y Buenos Aires. Llegar\u00eda a Entre R\u00edos el s\u00e1bado con algunas precipitaciones aisladas.<\/p>\n<p>Todo indica que \u201cel pr\u00f3ximo fin de semana ir\u00e1 produci\u00e9ndose un cambio progresivo de tiempo\u00a0<b>en el centro y norte de Argentina, con un descenso de temperatura antecedido por lluvias y algunas tormentas aisladas<\/b>\u00a0en las provincias centrales y parte del norte argentino\u201d, ratific\u00f3 Garavaglia en<i>\u00a0Meteored<\/i>.<\/p>\n","protected":false},"excerpt":{"rendered":"<p>Reci\u00e9n hacia el fin de semana se prev\u00e9n algunas lluvias y un marcado descenso t\u00e9rmico. Mientras tanto subir\u00e1n las temperaturas, especialmente durante las tardes. <\/p>\n","protected":false},"author":2,"featured_media":65990,"comment_status":"open","ping_status":"open","sticky":false,"template":"","format":"standard","meta":{"fifu_image_url":"","fifu_image_alt":"","footnotes":""},"categories":[7],"tags":[38,114,2759],"class_list":{"0":"post-219006","1":"post","2":"type-post","3":"status-publish","4":"format-standard","5":"has-post-thumbnail","7":"category-nacionales","8":"tag-el-tiempo","9":"tag-pronostico","10":"tag-pronostico-del-tiempo"},"yoast_head":"<title>En la previa de un nuevo frente fr\u00edo habr\u00e1 tardes c\u00e1lidas - Informe Litoral<\/title>\n<meta name=\"robots\" content=\"index, follow, max-snippet:-1, max-image-preview:large, max-video-preview:-1\" \/>\n<link rel=\"canonical\" href=\"https:\/\/informelitoral.com.ar\/en-la-previa-de-un-nuevo-frente-frio-habra-tardes-calidas\/\" \/>\n<meta property=\"og:locale\" content=\"es_ES\" \/>\n<meta property=\"og:type\" content=\"article\" \/>\n<meta property=\"og:title\" content=\"En la previa de un nuevo frente fr\u00edo habr\u00e1 tardes c\u00e1lidas - Informe Litoral\" \/>\n<meta property=\"og:description\" content=\"Reci\u00e9n hacia el fin de semana se prev\u00e9n algunas lluvias y un marcado descenso t\u00e9rmico. Mientras tanto subir\u00e1n las temperaturas, especialmente durante las tardes.\" \/>\n<meta property=\"og:url\" content=\"https:\/\/informelitoral.com.ar\/en-la-previa-de-un-nuevo-frente-frio-habra-tardes-calidas\/\" \/>\n<meta property=\"og:site_name\" content=\"Informe Litoral\" \/>\n<meta property=\"article:publisher\" content=\"https:\/\/www.facebook.com\/informelitoral\/\" \/>\n<meta property=\"article:published_time\" content=\"2025-04-22T10:16:28+00:00\" \/>\n<meta property=\"og:image\" content=\"https:\/\/informelitoral.com.ar\/%77%70%2d%63%6f%6e%74%65%6e%74\/uploads\/2021\/10\/amanecer-nuboso.jpeg\" \/>\n\t<meta property=\"og:image:width\" content=\"656\" \/>\n\t<meta property=\"og:image:height\" content=\"370\" \/>\n\t<meta property=\"og:image:type\" content=\"image\/jpeg\" \/>\n<meta name=\"author\" content=\"Gonzalo Schmidt\" \/>\n<meta name=\"twitter:card\" content=\"summary_large_image\" \/>\n<meta name=\"twitter:creator\" content=\"@InformeLitoral\" \/>\n<meta name=\"twitter:site\" content=\"@InformeLitoral\" \/>\n<meta name=\"twitter:label1\" content=\"Escrito por\" \/>\n\t<meta name=\"twitter:data1\" content=\"Gonzalo Schmidt\" \/>\n\t<meta name=\"twitter:label2\" content=\"Tiempo de lectura\" \/>\n\t<meta name=\"twitter:data2\" content=\"2 minutos\" \/>\n<script type=\"application\/ld+json\" class=\"yoast-schema-graph\">{\"@context\":\"https:\\\/\\\/schema.org\",\"@graph\":[{\"@type\":\"Article\",\"@id\":\"https:\\\/\\\/informelitoral.com.ar\\\/en-la-previa-de-un-nuevo-frente-frio-habra-tardes-calidas\\\/#article\",\"isPartOf\":{\"@id\":\"https:\\\/\\\/informelitoral.com.ar\\\/en-la-previa-de-un-nuevo-frente-frio-habra-tardes-calidas\\\/\"},\"author\":{\"name\":\"Gonzalo Schmidt\",\"@id\":\"https:\\\/\\\/informelitoral.com.ar\\\/#\\\/schema\\\/person\\\/b9d00407c836482871ef1d57bf8e3180\"},\"headline\":\"En la previa de un nuevo frente fr\u00edo habr\u00e1 tardes c\u00e1lidas\",\"datePublished\":\"2025-04-22T10:16:28+00:00\",\"mainEntityOfPage\":{\"@id\":\"https:\\\/\\\/informelitoral.com.ar\\\/en-la-previa-de-un-nuevo-frente-frio-habra-tardes-calidas\\\/\"},\"wordCount\":426,\"commentCount\":0,\"publisher\":{\"@id\":\"https:\\\/\\\/informelitoral.com.ar\\\/#organization\"},\"image\":{\"@id\":\"https:\\\/\\\/informelitoral.com.ar\\\/en-la-previa-de-un-nuevo-frente-frio-habra-tardes-calidas\\\/#primaryimage\"},\"thumbnailUrl\":\"https:\\\/\\\/informelitoral.com.ar\\\/%77%70%2d%63%6f%6e%74%65%6e%74\\\/uploads\\\/2021\\\/10\\\/amanecer-nuboso.jpeg\",\"keywords\":[\"El tiempo\",\"Pron\u00f3stico\",\"Pron\u00f3stico del tiempo\"],\"articleSection\":[\"Nacionales\"],\"inLanguage\":\"es\",\"potentialAction\":[{\"@type\":\"CommentAction\",\"name\":\"Comment\",\"target\":[\"https:\\\/\\\/informelitoral.com.ar\\\/en-la-previa-de-un-nuevo-frente-frio-habra-tardes-calidas\\\/#respond\"]}]},{\"@type\":\"WebPage\",\"@id\":\"https:\\\/\\\/informelitoral.com.ar\\\/en-la-previa-de-un-nuevo-frente-frio-habra-tardes-calidas\\\/\",\"url\":\"https:\\\/\\\/informelitoral.com.ar\\\/en-la-previa-de-un-nuevo-frente-frio-habra-tardes-calidas\\\/\",\"name\":\"En la previa de un nuevo frente fr\u00edo habr\u00e1 tardes c\u00e1lidas - Informe Litoral\",\"isPartOf\":{\"@id\":\"https:\\\/\\\/informelitoral.com.ar\\\/#website\"},\"primaryImageOfPage\":{\"@id\":\"https:\\\/\\\/informelitoral.com.ar\\\/en-la-previa-de-un-nuevo-frente-frio-habra-tardes-calidas\\\/#primaryimage\"},\"image\":{\"@id\":\"https:\\\/\\\/informelitoral.com.ar\\\/en-la-previa-de-un-nuevo-frente-frio-habra-tardes-calidas\\\/#primaryimage\"},\"thumbnailUrl\":\"https:\\\/\\\/informelitoral.com.ar\\\/%77%70%2d%63%6f%6e%74%65%6e%74\\\/uploads\\\/2021\\\/10\\\/amanecer-nuboso.jpeg\",\"datePublished\":\"2025-04-22T10:16:28+00:00\",\"breadcrumb\":{\"@id\":\"https:\\\/\\\/informelitoral.com.ar\\\/en-la-previa-de-un-nuevo-frente-frio-habra-tardes-calidas\\\/#breadcrumb\"},\"inLanguage\":\"es\",\"potentialAction\":[{\"@type\":\"ReadAction\",\"target\":[\"https:\\\/\\\/informelitoral.com.ar\\\/en-la-previa-de-un-nuevo-frente-frio-habra-tardes-calidas\\\/\"]}]},{\"@type\":\"ImageObject\",\"inLanguage\":\"es\",\"@id\":\"https:\\\/\\\/informelitoral.com.ar\\\/en-la-previa-de-un-nuevo-frente-frio-habra-tardes-calidas\\\/#primaryimage\",\"url\":\"https:\\\/\\\/informelitoral.com.ar\\\/%77%70%2d%63%6f%6e%74%65%6e%74\\\/uploads\\\/2021\\\/10\\\/amanecer-nuboso.jpeg\",\"contentUrl\":\"https:\\\/\\\/informelitoral.com.ar\\\/%77%70%2d%63%6f%6e%74%65%6e%74\\\/uploads\\\/2021\\\/10\\\/amanecer-nuboso.jpeg\",\"width\":656,\"height\":370},{\"@type\":\"BreadcrumbList\",\"@id\":\"https:\\\/\\\/informelitoral.com.ar\\\/en-la-previa-de-un-nuevo-frente-frio-habra-tardes-calidas\\\/#breadcrumb\",\"itemListElement\":[{\"@type\":\"ListItem\",\"position\":1,\"name\":\"Portada\",\"item\":\"https:\\\/\\\/informelitoral.com.ar\\\/\"},{\"@type\":\"ListItem\",\"position\":2,\"name\":\"En la previa de un nuevo frente fr\u00edo habr\u00e1 tardes c\u00e1lidas\"}]},{\"@type\":\"WebSite\",\"@id\":\"https:\\\/\\\/informelitoral.com.ar\\\/#website\",\"url\":\"https:\\\/\\\/informelitoral.com.ar\\\/\",\"name\":\"Informe Litoral\",\"description\":\"&quot;Nos informamos&quot; \",\"publisher\":{\"@id\":\"https:\\\/\\\/informelitoral.com.ar\\\/#organization\"},\"potentialAction\":[{\"@type\":\"SearchAction\",\"target\":{\"@type\":\"EntryPoint\",\"urlTemplate\":\"https:\\\/\\\/informelitoral.com.ar\\\/?s={search_term_string}\"},\"query-input\":{\"@type\":\"PropertyValueSpecification\",\"valueRequired\":true,\"valueName\":\"search_term_string\"}}],\"inLanguage\":\"es\"},{\"@type\":\"Organization\",\"@id\":\"https:\\\/\\\/informelitoral.com.ar\\\/#organization\",\"name\":\"Informe Litoral\",\"url\":\"https:\\\/\\\/informelitoral.com.ar\\\/\",\"logo\":{\"@type\":\"ImageObject\",\"inLanguage\":\"es\",\"@id\":\"https:\\\/\\\/informelitoral.com.ar\\\/#\\\/schema\\\/logo\\\/image\\\/\",\"url\":\"https:\\\/\\\/informelitoral.com.ar\\\/%77%70%2d%63%6f%6e%74%65%6e%74\\\/uploads\\\/2021\\\/01\\\/circulo.png\",\"contentUrl\":\"https:\\\/\\\/informelitoral.com.ar\\\/%77%70%2d%63%6f%6e%74%65%6e%74\\\/uploads\\\/2021\\\/01\\\/circulo.png\",\"width\":723,\"height\":731,\"caption\":\"Informe Litoral\"},\"image\":{\"@id\":\"https:\\\/\\\/informelitoral.com.ar\\\/#\\\/schema\\\/logo\\\/image\\\/\"},\"sameAs\":[\"https:\\\/\\\/www.facebook.com\\\/informelitoral\\\/\",\"https:\\\/\\\/x.com\\\/InformeLitoral\",\"https:\\\/\\\/www.instagram.com\\\/informelitoral\\\/\",\"https:\\\/\\\/www.youtube.com\\\/channel\\\/UCua4Qvz8Icb6MYqhoq9xLXw\"]},{\"@type\":\"Person\",\"@id\":\"https:\\\/\\\/informelitoral.com.ar\\\/#\\\/schema\\\/person\\\/b9d00407c836482871ef1d57bf8e3180\",\"name\":\"Gonzalo Schmidt\",\"image\":{\"@type\":\"ImageObject\",\"inLanguage\":\"es\",\"@id\":\"https:\\\/\\\/secure.gravatar.com\\\/avatar\\\/31a1a7b66ff2de83bd0e9fd79d026630d2d99e55e8bfe501287647b4fd9743de?s=96&d=mm&r=g\",\"url\":\"https:\\\/\\\/secure.gravatar.com\\\/avatar\\\/31a1a7b66ff2de83bd0e9fd79d026630d2d99e55e8bfe501287647b4fd9743de?s=96&d=mm&r=g\",\"contentUrl\":\"https:\\\/\\\/secure.gravatar.com\\\/avatar\\\/31a1a7b66ff2de83bd0e9fd79d026630d2d99e55e8bfe501287647b4fd9743de?s=96&d=mm&r=g\",\"caption\":\"Gonzalo Schmidt\"},\"description\":\"Sitio web de noticias de la provincia de Entre R\u00edos, Argentina. Informaci\u00f3n y entretenimiento. Informe Litoral, nos informamos.\",\"sameAs\":[\"http:\\\/\\\/www.isletasnoticias.com.ar\"],\"url\":\"https:\\\/\\\/informelitoral.com.ar\\\/author\\\/gonzalo\\\/\"}]}<\/script>","yoast_head_json":{"title":"En la previa de un nuevo frente fr\u00edo habr\u00e1 tardes c\u00e1lidas - Informe Litoral","robots":{"index":"index","follow":"follow","max-snippet":"max-snippet:-1","max-image-preview":"max-image-preview:large","max-video-preview":"max-video-preview:-1"},"canonical":"https:\/\/informelitoral.com.ar\/en-la-previa-de-un-nuevo-frente-frio-habra-tardes-calidas\/","og_locale":"es_ES","og_type":"article","og_title":"En la previa de un nuevo frente fr\u00edo habr\u00e1 tardes c\u00e1lidas - Informe Litoral","og_description":"Reci\u00e9n hacia el fin de semana se prev\u00e9n algunas lluvias y un marcado descenso t\u00e9rmico. Mientras tanto subir\u00e1n las temperaturas, especialmente durante las tardes.","og_url":"https:\/\/informelitoral.com.ar\/en-la-previa-de-un-nuevo-frente-frio-habra-tardes-calidas\/","og_site_name":"Informe Litoral","article_publisher":"https:\/\/www.facebook.com\/informelitoral\/","article_published_time":"2025-04-22T10:16:28+00:00","og_image":[{"width":656,"height":370,"url":"https:\/\/informelitoral.com.ar\/%77%70%2d%63%6f%6e%74%65%6e%74\/uploads\/2021\/10\/amanecer-nuboso.jpeg","type":"image\/jpeg"}],"author":"Gonzalo Schmidt","twitter_card":"summary_large_image","twitter_creator":"@InformeLitoral","twitter_site":"@InformeLitoral","twitter_misc":{"Escrito por":"Gonzalo Schmidt","Tiempo de lectura":"2 minutos"},"schema":{"@context":"https:\/\/schema.org","@graph":[{"@type":"Article","@id":"https:\/\/informelitoral.com.ar\/en-la-previa-de-un-nuevo-frente-frio-habra-tardes-calidas\/#article","isPartOf":{"@id":"https:\/\/informelitoral.com.ar\/en-la-previa-de-un-nuevo-frente-frio-habra-tardes-calidas\/"},"author":{"name":"Gonzalo Schmidt","@id":"https:\/\/informelitoral.com.ar\/#\/schema\/person\/b9d00407c836482871ef1d57bf8e3180"},"headline":"En la previa de un nuevo frente fr\u00edo habr\u00e1 tardes c\u00e1lidas","datePublished":"2025-04-22T10:16:28+00:00","mainEntityOfPage":{"@id":"https:\/\/informelitoral.com.ar\/en-la-previa-de-un-nuevo-frente-frio-habra-tardes-calidas\/"},"wordCount":426,"commentCount":0,"publisher":{"@id":"https:\/\/informelitoral.com.ar\/#organization"},"image":{"@id":"https:\/\/informelitoral.com.ar\/en-la-previa-de-un-nuevo-frente-frio-habra-tardes-calidas\/#primaryimage"},"thumbnailUrl":"https:\/\/informelitoral.com.ar\/%77%70%2d%63%6f%6e%74%65%6e%74\/uploads\/2021\/10\/amanecer-nuboso.jpeg","keywords":["El tiempo","Pron\u00f3stico","Pron\u00f3stico del tiempo"],"articleSection":["Nacionales"],"inLanguage":"es","potentialAction":[{"@type":"CommentAction","name":"Comment","target":["https:\/\/informelitoral.com.ar\/en-la-previa-de-un-nuevo-frente-frio-habra-tardes-calidas\/#respond"]}]},{"@type":"WebPage","@id":"https:\/\/informelitoral.com.ar\/en-la-previa-de-un-nuevo-frente-frio-habra-tardes-calidas\/","url":"https:\/\/informelitoral.com.ar\/en-la-previa-de-un-nuevo-frente-frio-habra-tardes-calidas\/","name":"En la previa de un nuevo frente fr\u00edo habr\u00e1 tardes c\u00e1lidas - Informe Litoral","isPartOf":{"@id":"https:\/\/informelitoral.com.ar\/#website"},"primaryImageOfPage":{"@id":"https:\/\/informelitoral.com.ar\/en-la-previa-de-un-nuevo-frente-frio-habra-tardes-calidas\/#primaryimage"},"image":{"@id":"https:\/\/informelitoral.com.ar\/en-la-previa-de-un-nuevo-frente-frio-habra-tardes-calidas\/#primaryimage"},"thumbnailUrl":"https:\/\/informelitoral.com.ar\/%77%70%2d%63%6f%6e%74%65%6e%74\/uploads\/2021\/10\/amanecer-nuboso.jpeg","datePublished":"2025-04-22T10:16:28+00:00","breadcrumb":{"@id":"https:\/\/informelitoral.com.ar\/en-la-previa-de-un-nuevo-frente-frio-habra-tardes-calidas\/#breadcrumb"},"inLanguage":"es","potentialAction":[{"@type":"ReadAction","target":["https:\/\/informelitoral.com.ar\/en-la-previa-de-un-nuevo-frente-frio-habra-tardes-calidas\/"]}]},{"@type":"ImageObject","inLanguage":"es","@id":"https:\/\/informelitoral.com.ar\/en-la-previa-de-un-nuevo-frente-frio-habra-tardes-calidas\/#primaryimage","url":"https:\/\/informelitoral.com.ar\/%77%70%2d%63%6f%6e%74%65%6e%74\/uploads\/2021\/10\/amanecer-nuboso.jpeg","contentUrl":"https:\/\/informelitoral.com.ar\/%77%70%2d%63%6f%6e%74%65%6e%74\/uploads\/2021\/10\/amanecer-nuboso.jpeg","width":656,"height":370},{"@type":"BreadcrumbList","@id":"https:\/\/informelitoral.com.ar\/en-la-previa-de-un-nuevo-frente-frio-habra-tardes-calidas\/#breadcrumb","itemListElement":[{"@type":"ListItem","position":1,"name":"Portada","item":"https:\/\/informelitoral.com.ar\/"},{"@type":"ListItem","position":2,"name":"En la previa de un nuevo frente fr\u00edo habr\u00e1 tardes c\u00e1lidas"}]},{"@type":"WebSite","@id":"https:\/\/informelitoral.com.ar\/#website","url":"https:\/\/informelitoral.com.ar\/","name":"Informe Litoral","description":"&quot;Nos informamos&quot; ","publisher":{"@id":"https:\/\/informelitoral.com.ar\/#organization"},"potentialAction":[{"@type":"SearchAction","target":{"@type":"EntryPoint","urlTemplate":"https:\/\/informelitoral.com.ar\/?s={search_term_string}"},"query-input":{"@type":"PropertyValueSpecification","valueRequired":true,"valueName":"search_term_string"}}],"inLanguage":"es"},{"@type":"Organization","@id":"https:\/\/informelitoral.com.ar\/#organization","name":"Informe Litoral","url":"https:\/\/informelitoral.com.ar\/","logo":{"@type":"ImageObject","inLanguage":"es","@id":"https:\/\/informelitoral.com.ar\/#\/schema\/logo\/image\/","url":"https:\/\/informelitoral.com.ar\/%77%70%2d%63%6f%6e%74%65%6e%74\/uploads\/2021\/01\/circulo.png","contentUrl":"https:\/\/informelitoral.com.ar\/%77%70%2d%63%6f%6e%74%65%6e%74\/uploads\/2021\/01\/circulo.png","width":723,"height":731,"caption":"Informe Litoral"},"image":{"@id":"https:\/\/informelitoral.com.ar\/#\/schema\/logo\/image\/"},"sameAs":["https:\/\/www.facebook.com\/informelitoral\/","https:\/\/x.com\/InformeLitoral","https:\/\/www.instagram.com\/informelitoral\/","https:\/\/www.youtube.com\/channel\/UCua4Qvz8Icb6MYqhoq9xLXw"]},{"@type":"Person","@id":"https:\/\/informelitoral.com.ar\/#\/schema\/person\/b9d00407c836482871ef1d57bf8e3180","name":"Gonzalo Schmidt","image":{"@type":"ImageObject","inLanguage":"es","@id":"https:\/\/secure.gravatar.com\/avatar\/31a1a7b66ff2de83bd0e9fd79d026630d2d99e55e8bfe501287647b4fd9743de?s=96&d=mm&r=g","url":"https:\/\/secure.gravatar.com\/avatar\/31a1a7b66ff2de83bd0e9fd79d026630d2d99e55e8bfe501287647b4fd9743de?s=96&d=mm&r=g","contentUrl":"https:\/\/secure.gravatar.com\/avatar\/31a1a7b66ff2de83bd0e9fd79d026630d2d99e55e8bfe501287647b4fd9743de?s=96&d=mm&r=g","caption":"Gonzalo Schmidt"},"description":"Sitio web de noticias de la provincia de Entre R\u00edos, Argentina. Informaci\u00f3n y entretenimiento. Informe Litoral, nos informamos.","sameAs":["http:\/\/www.isletasnoticias.com.ar"],"url":"https:\/\/informelitoral.com.ar\/author\/gonzalo\/"}]}},"_links":{"self":[{"href":"https:\/\/informelitoral.com.ar\/%77%70%2d%6a%73%6f%6e\/wp\/v2\/posts\/219006","targetHints":{"allow":["GET"]}}],"collection":[{"href":"https:\/\/informelitoral.com.ar\/%77%70%2d%6a%73%6f%6e\/wp\/v2\/posts"}],"about":[{"href":"https:\/\/informelitoral.com.ar\/%77%70%2d%6a%73%6f%6e\/wp\/v2\/types\/post"}],"author":[{"embeddable":true,"href":"https:\/\/informelitoral.com.ar\/%77%70%2d%6a%73%6f%6e\/wp\/v2\/users\/2"}],"replies":[{"embeddable":true,"href":"https:\/\/informelitoral.com.ar\/%77%70%2d%6a%73%6f%6e\/wp\/v2\/comments?post=219006"}],"version-history":[{"count":0,"href":"https:\/\/informelitoral.com.ar\/%77%70%2d%6a%73%6f%6e\/wp\/v2\/posts\/219006\/revisions"}],"wp:featuredmedia":[{"embeddable":true,"href":"https:\/\/informelitoral.com.ar\/%77%70%2d%6a%73%6f%6e\/wp\/v2\/media\/65990"}],"wp:attachment":[{"href":"https:\/\/informelitoral.com.ar\/%77%70%2d%6a%73%6f%6e\/wp\/v2\/media?parent=219006"}],"wp:term":[{"taxonomy":"category","embeddable":true,"href":"https:\/\/informelitoral.com.ar\/%77%70%2d%6a%73%6f%6e\/wp\/v2\/categories?post=219006"},{"taxonomy":"post_tag","embeddable":true,"href":"https:\/\/informelitoral.com.ar\/%77%70%2d%6a%73%6f%6e\/wp\/v2\/tags?post=219006"}],"curies":[{"name":"wp","href":"https:\/\/api.w.org\/{rel}","templated":true}]}}