{"id":218994,"date":"2025-04-21T21:10:38","date_gmt":"2025-04-22T00:10:38","guid":{"rendered":"https:\/\/informelitoral.com.ar\/?p=218994"},"modified":"2025-04-21T21:41:58","modified_gmt":"2025-04-22T00:41:58","slug":"coopar-inauguro-oficinas-y-un-nuevo-silo-en-victoria","status":"publish","type":"post","link":"https:\/\/informelitoral.com.ar\/coopar-inauguro-oficinas-y-un-nuevo-silo-en-victoria\/","title":{"rendered":"COOPAR inaugur\u00f3 oficinas y un nuevo silo en Victoria"},"content":{"rendered":"<p>En un contexto econ\u00f3mico global desafiante,<strong> Cooperativa Aranguren (COOPAR),<\/strong> inaugur\u00f3<strong> nuevas oficinas y un silo con capacidad para 5000 toneladas en la sucursal de Victoria,<\/strong> consolidando su compromiso con el desarrollo del sector agropecuario en la regi\u00f3n.<\/p>\n<p><strong>Gonzalo Salgado<\/strong>, presidente de COOPAR, destac\u00f3 el modelo cooperativo como un pilar fundamental para el crecimiento sostenido de la organizaci\u00f3n. La cooperativa ha diversificado sus actividades, <strong>incorporando una extrusora de soja para la producci\u00f3n de speller y planea incursionar en energ\u00edas renovables mediante la instalaci\u00f3n de paneles solares para abastecer su f\u00e1brica de alimentos balanceados.<\/strong><\/p>\n<p>A pesar de las dificultades econ\u00f3micas que atraviesa Argentina, COOPAR contin\u00faa invirtiendo y <strong>proyecta la construcci\u00f3n de nuevos silos en Don Crist\u00f3bal y Aranguren para satisfacer la creciente demanda de su f\u00e1brica de balanceados<\/strong>. Salgado resalt\u00f3 la importancia de brindar un espacio seguro y confiable para los productores, fortaleciendo la confianza en el modelo cooperativo.<\/p>\n<p>En un llamado al sector p\u00fablico, <strong>solicit\u00f3 mejoras en la infraestructura vial, financiamiento a largo plazo para proyectos agropecuarios con tasas accesibles y plazos de hasta siete a\u00f1os, y una administraci\u00f3n m\u00e1s eficiente de los recursos p\u00fablicos para impulsar la producci\u00f3n agropecuaria, generar empleo y promover el desarrollo en la regi\u00f3n.<\/strong> Se critic\u00f3 la<strong> falta de inversi\u00f3n en infraestructura energ\u00e9tica<\/strong> a pesar del crecimiento del sector y se inst\u00f3 a un cambio en la gesti\u00f3n de fondos p\u00fablicos para destinarlos a proyectos que beneficien directamente a la producci\u00f3n.<\/p>\n<p>La inauguraci\u00f3n de las nuevas instalaciones y el silo de COOPAR representan un paso importante en el fortalecimiento del sector agropecuario local y un testimonio del compromiso de la cooperativa con el desarrollo sostenible de la regi\u00f3n.<\/p>\n<div class=\"youtube-embed\" data-video_id=\"v2ZHvrlJ6n0\"><iframe loading=\"lazy\" title=\"Inauguraci\u00f3n de Oficinas y Silos de COOPAR en Victoria  -  Gonzalo Salgado\" width=\"696\" height=\"392\" src=\"https:\/\/www.youtube.com\/embed\/v2ZHvrlJ6n0?feature=oembed&#038;enablejsapi=1\" frameborder=\"0\" allow=\"accelerometer; autoplay; clipboard-write; encrypted-media; gyroscope; picture-in-picture; web-share\" referrerpolicy=\"strict-origin-when-cross-origin\" allowfullscreen><\/iframe><\/div>\n<h6><em><strong>Del archivo: <a href=\"https:\/\/informelitoral.com.ar\/la-ganadera-incorporo-drones-para-pulverizaciones-agricolas\/\" target=\"_blank\" rel=\"noopener\">La Ganadera incorpor\u00f3 drones para pulverizaciones agr\u00edcolas<\/a>\u00a0<\/strong><\/em><\/h6>\n","protected":false},"excerpt":{"rendered":"<p>En un contexto econ&oacute;mico global desafiante, Cooperativa Aranguren (COOPAR), inaugur&oacute; nuevas oficinas y un silo con capacidad para 5000 toneladas en la sucursal de Victoria, consolidando su compromiso con el desarrollo del sector agropecuario en la regi&oacute;n. Gonzalo Salgado, presidente de COOPAR, destac&oacute; el modelo cooperativo como un pilar fundamental para el crecimiento sostenido de [&hellip;]<\/p>\n","protected":false},"author":2,"featured_media":218995,"comment_status":"open","ping_status":"open","sticky":false,"template":"","format":"standard","meta":{"fifu_image_url":"https:\/\/scontent.fcnq4-1.fna.fbcdn.net\/v\/t51.75761-15\/490750217_18061660670281218_8064760914102539071_n.jpg?_nc_cat=100&ccb=1-7&_nc_sid=127cfc&_nc_eui2=AeG83adA8UjkR33jZ556U7tckUeIf3VVDN-RR4h_dVUM302hkcL5DeBSuX7dDGm5BnlHSI1BWRQ4jvYufTCOj-8Q&_nc_ohc=Jp7rYbUvN5wQ7kNvwGz53BM&_nc_oc=AdljCUNdEs_hvFu_cW573wKy4SHIjeZPE8J5o7cAoAU3dQYZNQIqXkbd-EiJMOxF2Cg&_nc_zt=23&_nc_ht=scontent.fcnq4-1.fna&_nc_gid=pmRjgGkWp6aSaQwT-fyqHA&oh=00_AfH9jv77807_LUsY5P56SgFmyF_z2_TfpqdErL7Ql6pvzA&oe=680CB8C5","fifu_image_alt":"","footnotes":""},"categories":[10],"tags":[1611,5236,3605,507],"class_list":{"0":"post-218994","1":"post","2":"type-post","3":"status-publish","4":"format-standard","5":"has-post-thumbnail","7":"category-campo","8":"tag-coopar","9":"tag-planta-de-acopio","10":"tag-silos","11":"tag-victoria"},"yoast_head":"<title>COOPAR inaugur\u00f3 oficinas y un nuevo silo en Victoria - Informe Litoral<\/title>\n<meta name=\"robots\" content=\"index, follow, max-snippet:-1, max-image-preview:large, max-video-preview:-1\" \/>\n<link rel=\"canonical\" href=\"https:\/\/informelitoral.com.ar\/coopar-inauguro-oficinas-y-un-nuevo-silo-en-victoria\/\" \/>\n<meta property=\"og:locale\" content=\"es_ES\" \/>\n<meta property=\"og:type\" content=\"article\" \/>\n<meta property=\"og:title\" content=\"COOPAR inaugur\u00f3 oficinas y un nuevo silo en Victoria - Informe Litoral\" \/>\n<meta property=\"og:description\" content=\"En un contexto econ&oacute;mico global desafiante, Cooperativa Aranguren (COOPAR), inaugur&oacute; nuevas oficinas y un silo con capacidad para 5000 toneladas en la sucursal de Victoria, consolidando su compromiso con el desarrollo del sector agropecuario en la regi&oacute;n. Gonzalo Salgado, presidente de COOPAR, destac&oacute; el modelo cooperativo como un pilar fundamental para el crecimiento sostenido de [&hellip;]\" \/>\n<meta property=\"og:url\" content=\"https:\/\/informelitoral.com.ar\/coopar-inauguro-oficinas-y-un-nuevo-silo-en-victoria\/\" \/>\n<meta property=\"og:site_name\" content=\"Informe Litoral\" \/>\n<meta property=\"article:publisher\" content=\"https:\/\/www.facebook.com\/informelitoral\/\" \/>\n<meta property=\"article:published_time\" content=\"2025-04-22T00:10:38+00:00\" \/>\n<meta property=\"article:modified_time\" content=\"2025-04-22T00:41:58+00:00\" \/>\n<meta property=\"og:image\" content=\"https:\/\/scontent.fcnq4-1.fna.fbcdn.net\/v\/t51.75761-15\/490750217_18061660670281218_8064760914102539071_n.jpg?_nc_cat=100&ccb=1-7&_nc_sid=127cfc&_nc_eui2=AeG83adA8UjkR33jZ556U7tckUeIf3VVDN-RR4h_dVUM302hkcL5DeBSuX7dDGm5BnlHSI1BWRQ4jvYufTCOj-8Q&_nc_ohc=Jp7rYbUvN5wQ7kNvwGz53BM&_nc_oc=AdljCUNdEs_hvFu_cW573wKy4SHIjeZPE8J5o7cAoAU3dQYZNQIqXkbd-EiJMOxF2Cg&_nc_zt=23&_nc_ht=scontent.fcnq4-1.fna&_nc_gid=pmRjgGkWp6aSaQwT-fyqHA&oh=00_AfH9jv77807_LUsY5P56SgFmyF_z2_TfpqdErL7Ql6pvzA&oe=680CB8C5\" \/>\n<meta name=\"author\" content=\"Gonzalo Schmidt\" \/>\n<meta name=\"twitter:card\" content=\"summary_large_image\" \/>\n<meta name=\"twitter:image\" content=\"https:\/\/scontent.fcnq4-1.fna.fbcdn.net\/v\/t51.75761-15\/490750217_18061660670281218_8064760914102539071_n.jpg?_nc_cat=100&ccb=1-7&_nc_sid=127cfc&_nc_eui2=AeG83adA8UjkR33jZ556U7tckUeIf3VVDN-RR4h_dVUM302hkcL5DeBSuX7dDGm5BnlHSI1BWRQ4jvYufTCOj-8Q&_nc_ohc=Jp7rYbUvN5wQ7kNvwGz53BM&_nc_oc=AdljCUNdEs_hvFu_cW573wKy4SHIjeZPE8J5o7cAoAU3dQYZNQIqXkbd-EiJMOxF2Cg&_nc_zt=23&_nc_ht=scontent.fcnq4-1.fna&_nc_gid=pmRjgGkWp6aSaQwT-fyqHA&oh=00_AfH9jv77807_LUsY5P56SgFmyF_z2_TfpqdErL7Ql6pvzA&oe=680CB8C5\" \/>\n<meta name=\"twitter:creator\" content=\"@InformeLitoral\" \/>\n<meta name=\"twitter:site\" content=\"@InformeLitoral\" \/>\n<meta name=\"twitter:label1\" content=\"Escrito por\" \/>\n\t<meta name=\"twitter:data1\" content=\"Gonzalo Schmidt\" \/>\n\t<meta name=\"twitter:label2\" content=\"Tiempo de lectura\" \/>\n\t<meta name=\"twitter:data2\" content=\"2 minutos\" \/>\n<script type=\"application\/ld+json\" class=\"yoast-schema-graph\">{\"@context\":\"https:\\\/\\\/schema.org\",\"@graph\":[{\"@type\":\"Article\",\"@id\":\"https:\\\/\\\/informelitoral.com.ar\\\/coopar-inauguro-oficinas-y-un-nuevo-silo-en-victoria\\\/#article\",\"isPartOf\":{\"@id\":\"https:\\\/\\\/informelitoral.com.ar\\\/coopar-inauguro-oficinas-y-un-nuevo-silo-en-victoria\\\/\"},\"author\":{\"name\":\"Gonzalo Schmidt\",\"@id\":\"https:\\\/\\\/informelitoral.com.ar\\\/#\\\/schema\\\/person\\\/b9d00407c836482871ef1d57bf8e3180\"},\"headline\":\"COOPAR inaugur\u00f3 oficinas y un nuevo silo en Victoria\",\"datePublished\":\"2025-04-22T00:10:38+00:00\",\"dateModified\":\"2025-04-22T00:41:58+00:00\",\"mainEntityOfPage\":{\"@id\":\"https:\\\/\\\/informelitoral.com.ar\\\/coopar-inauguro-oficinas-y-un-nuevo-silo-en-victoria\\\/\"},\"wordCount\":325,\"commentCount\":0,\"publisher\":{\"@id\":\"https:\\\/\\\/informelitoral.com.ar\\\/#organization\"},\"image\":{\"@id\":\"https:\\\/\\\/informelitoral.com.ar\\\/coopar-inauguro-oficinas-y-un-nuevo-silo-en-victoria\\\/#primaryimage\"},\"thumbnailUrl\":\"https:\\\/\\\/scontent.fcnq4-1.fna.fbcdn.net\\\/v\\\/t51.75761-15\\\/490750217_18061660670281218_8064760914102539071_n.jpg?_nc_cat=100&ccb=1-7&_nc_sid=127cfc&_nc_eui2=AeG83adA8UjkR33jZ556U7tckUeIf3VVDN-RR4h_dVUM302hkcL5DeBSuX7dDGm5BnlHSI1BWRQ4jvYufTCOj-8Q&_nc_ohc=Jp7rYbUvN5wQ7kNvwGz53BM&_nc_oc=AdljCUNdEs_hvFu_cW573wKy4SHIjeZPE8J5o7cAoAU3dQYZNQIqXkbd-EiJMOxF2Cg&_nc_zt=23&_nc_ht=scontent.fcnq4-1.fna&_nc_gid=pmRjgGkWp6aSaQwT-fyqHA&oh=00_AfH9jv77807_LUsY5P56SgFmyF_z2_TfpqdErL7Ql6pvzA&oe=680CB8C5\",\"keywords\":[\"Coopar\",\"Planta de Acopio\",\"Silos\",\"Victoria\"],\"articleSection\":[\"Campo\"],\"inLanguage\":\"es\",\"potentialAction\":[{\"@type\":\"CommentAction\",\"name\":\"Comment\",\"target\":[\"https:\\\/\\\/informelitoral.com.ar\\\/coopar-inauguro-oficinas-y-un-nuevo-silo-en-victoria\\\/#respond\"]}]},{\"@type\":\"WebPage\",\"@id\":\"https:\\\/\\\/informelitoral.com.ar\\\/coopar-inauguro-oficinas-y-un-nuevo-silo-en-victoria\\\/\",\"url\":\"https:\\\/\\\/informelitoral.com.ar\\\/coopar-inauguro-oficinas-y-un-nuevo-silo-en-victoria\\\/\",\"name\":\"COOPAR inaugur\u00f3 oficinas y un nuevo silo en Victoria - Informe Litoral\",\"isPartOf\":{\"@id\":\"https:\\\/\\\/informelitoral.com.ar\\\/#website\"},\"primaryImageOfPage\":{\"@id\":\"https:\\\/\\\/informelitoral.com.ar\\\/coopar-inauguro-oficinas-y-un-nuevo-silo-en-victoria\\\/#primaryimage\"},\"image\":{\"@id\":\"https:\\\/\\\/informelitoral.com.ar\\\/coopar-inauguro-oficinas-y-un-nuevo-silo-en-victoria\\\/#primaryimage\"},\"thumbnailUrl\":\"https:\\\/\\\/scontent.fcnq4-1.fna.fbcdn.net\\\/v\\\/t51.75761-15\\\/490750217_18061660670281218_8064760914102539071_n.jpg?_nc_cat=100&ccb=1-7&_nc_sid=127cfc&_nc_eui2=AeG83adA8UjkR33jZ556U7tckUeIf3VVDN-RR4h_dVUM302hkcL5DeBSuX7dDGm5BnlHSI1BWRQ4jvYufTCOj-8Q&_nc_ohc=Jp7rYbUvN5wQ7kNvwGz53BM&_nc_oc=AdljCUNdEs_hvFu_cW573wKy4SHIjeZPE8J5o7cAoAU3dQYZNQIqXkbd-EiJMOxF2Cg&_nc_zt=23&_nc_ht=scontent.fcnq4-1.fna&_nc_gid=pmRjgGkWp6aSaQwT-fyqHA&oh=00_AfH9jv77807_LUsY5P56SgFmyF_z2_TfpqdErL7Ql6pvzA&oe=680CB8C5\",\"datePublished\":\"2025-04-22T00:10:38+00:00\",\"dateModified\":\"2025-04-22T00:41:58+00:00\",\"breadcrumb\":{\"@id\":\"https:\\\/\\\/informelitoral.com.ar\\\/coopar-inauguro-oficinas-y-un-nuevo-silo-en-victoria\\\/#breadcrumb\"},\"inLanguage\":\"es\",\"potentialAction\":[{\"@type\":\"ReadAction\",\"target\":[\"https:\\\/\\\/informelitoral.com.ar\\\/coopar-inauguro-oficinas-y-un-nuevo-silo-en-victoria\\\/\"]}]},{\"@type\":\"ImageObject\",\"inLanguage\":\"es\",\"@id\":\"https:\\\/\\\/informelitoral.com.ar\\\/coopar-inauguro-oficinas-y-un-nuevo-silo-en-victoria\\\/#primaryimage\",\"url\":\"https:\\\/\\\/scontent.fcnq4-1.fna.fbcdn.net\\\/v\\\/t51.75761-15\\\/490750217_18061660670281218_8064760914102539071_n.jpg?_nc_cat=100&ccb=1-7&_nc_sid=127cfc&_nc_eui2=AeG83adA8UjkR33jZ556U7tckUeIf3VVDN-RR4h_dVUM302hkcL5DeBSuX7dDGm5BnlHSI1BWRQ4jvYufTCOj-8Q&_nc_ohc=Jp7rYbUvN5wQ7kNvwGz53BM&_nc_oc=AdljCUNdEs_hvFu_cW573wKy4SHIjeZPE8J5o7cAoAU3dQYZNQIqXkbd-EiJMOxF2Cg&_nc_zt=23&_nc_ht=scontent.fcnq4-1.fna&_nc_gid=pmRjgGkWp6aSaQwT-fyqHA&oh=00_AfH9jv77807_LUsY5P56SgFmyF_z2_TfpqdErL7Ql6pvzA&oe=680CB8C5\",\"contentUrl\":\"https:\\\/\\\/scontent.fcnq4-1.fna.fbcdn.net\\\/v\\\/t51.75761-15\\\/490750217_18061660670281218_8064760914102539071_n.jpg?_nc_cat=100&ccb=1-7&_nc_sid=127cfc&_nc_eui2=AeG83adA8UjkR33jZ556U7tckUeIf3VVDN-RR4h_dVUM302hkcL5DeBSuX7dDGm5BnlHSI1BWRQ4jvYufTCOj-8Q&_nc_ohc=Jp7rYbUvN5wQ7kNvwGz53BM&_nc_oc=AdljCUNdEs_hvFu_cW573wKy4SHIjeZPE8J5o7cAoAU3dQYZNQIqXkbd-EiJMOxF2Cg&_nc_zt=23&_nc_ht=scontent.fcnq4-1.fna&_nc_gid=pmRjgGkWp6aSaQwT-fyqHA&oh=00_AfH9jv77807_LUsY5P56SgFmyF_z2_TfpqdErL7Ql6pvzA&oe=680CB8C5\",\"width\":\"2080\",\"height\":\"1387\"},{\"@type\":\"BreadcrumbList\",\"@id\":\"https:\\\/\\\/informelitoral.com.ar\\\/coopar-inauguro-oficinas-y-un-nuevo-silo-en-victoria\\\/#breadcrumb\",\"itemListElement\":[{\"@type\":\"ListItem\",\"position\":1,\"name\":\"Portada\",\"item\":\"https:\\\/\\\/informelitoral.com.ar\\\/\"},{\"@type\":\"ListItem\",\"position\":2,\"name\":\"COOPAR inaugur\u00f3 oficinas y un nuevo silo en Victoria\"}]},{\"@type\":\"WebSite\",\"@id\":\"https:\\\/\\\/informelitoral.com.ar\\\/#website\",\"url\":\"https:\\\/\\\/informelitoral.com.ar\\\/\",\"name\":\"Informe Litoral\",\"description\":\"&quot;Nos informamos&quot; \",\"publisher\":{\"@id\":\"https:\\\/\\\/informelitoral.com.ar\\\/#organization\"},\"potentialAction\":[{\"@type\":\"SearchAction\",\"target\":{\"@type\":\"EntryPoint\",\"urlTemplate\":\"https:\\\/\\\/informelitoral.com.ar\\\/?s={search_term_string}\"},\"query-input\":{\"@type\":\"PropertyValueSpecification\",\"valueRequired\":true,\"valueName\":\"search_term_string\"}}],\"inLanguage\":\"es\"},{\"@type\":\"Organization\",\"@id\":\"https:\\\/\\\/informelitoral.com.ar\\\/#organization\",\"name\":\"Informe Litoral\",\"url\":\"https:\\\/\\\/informelitoral.com.ar\\\/\",\"logo\":{\"@type\":\"ImageObject\",\"inLanguage\":\"es\",\"@id\":\"https:\\\/\\\/informelitoral.com.ar\\\/#\\\/schema\\\/logo\\\/image\\\/\",\"url\":\"https:\\\/\\\/informelitoral.com.ar\\\/%77%70%2d%63%6f%6e%74%65%6e%74\\\/uploads\\\/2021\\\/01\\\/circulo.png\",\"contentUrl\":\"https:\\\/\\\/informelitoral.com.ar\\\/%77%70%2d%63%6f%6e%74%65%6e%74\\\/uploads\\\/2021\\\/01\\\/circulo.png\",\"width\":723,\"height\":731,\"caption\":\"Informe Litoral\"},\"image\":{\"@id\":\"https:\\\/\\\/informelitoral.com.ar\\\/#\\\/schema\\\/logo\\\/image\\\/\"},\"sameAs\":[\"https:\\\/\\\/www.facebook.com\\\/informelitoral\\\/\",\"https:\\\/\\\/x.com\\\/InformeLitoral\",\"https:\\\/\\\/www.instagram.com\\\/informelitoral\\\/\",\"https:\\\/\\\/www.youtube.com\\\/channel\\\/UCua4Qvz8Icb6MYqhoq9xLXw\"]},{\"@type\":\"Person\",\"@id\":\"https:\\\/\\\/informelitoral.com.ar\\\/#\\\/schema\\\/person\\\/b9d00407c836482871ef1d57bf8e3180\",\"name\":\"Gonzalo Schmidt\",\"image\":{\"@type\":\"ImageObject\",\"inLanguage\":\"es\",\"@id\":\"https:\\\/\\\/secure.gravatar.com\\\/avatar\\\/31a1a7b66ff2de83bd0e9fd79d026630d2d99e55e8bfe501287647b4fd9743de?s=96&d=mm&r=g\",\"url\":\"https:\\\/\\\/secure.gravatar.com\\\/avatar\\\/31a1a7b66ff2de83bd0e9fd79d026630d2d99e55e8bfe501287647b4fd9743de?s=96&d=mm&r=g\",\"contentUrl\":\"https:\\\/\\\/secure.gravatar.com\\\/avatar\\\/31a1a7b66ff2de83bd0e9fd79d026630d2d99e55e8bfe501287647b4fd9743de?s=96&d=mm&r=g\",\"caption\":\"Gonzalo Schmidt\"},\"description\":\"Sitio web de noticias de la provincia de Entre R\u00edos, Argentina. Informaci\u00f3n y entretenimiento. Informe Litoral, nos informamos.\",\"sameAs\":[\"http:\\\/\\\/www.isletasnoticias.com.ar\"],\"url\":\"https:\\\/\\\/informelitoral.com.ar\\\/author\\\/gonzalo\\\/\"}]}<\/script>","yoast_head_json":{"title":"COOPAR inaugur\u00f3 oficinas y un nuevo silo en Victoria - Informe Litoral","robots":{"index":"index","follow":"follow","max-snippet":"max-snippet:-1","max-image-preview":"max-image-preview:large","max-video-preview":"max-video-preview:-1"},"canonical":"https:\/\/informelitoral.com.ar\/coopar-inauguro-oficinas-y-un-nuevo-silo-en-victoria\/","og_locale":"es_ES","og_type":"article","og_title":"COOPAR inaugur\u00f3 oficinas y un nuevo silo en Victoria - Informe Litoral","og_description":"En un contexto econ&oacute;mico global desafiante, Cooperativa Aranguren (COOPAR), inaugur&oacute; nuevas oficinas y un silo con capacidad para 5000 toneladas en la sucursal de Victoria, consolidando su compromiso con el desarrollo del sector agropecuario en la regi&oacute;n. Gonzalo Salgado, presidente de COOPAR, destac&oacute; el modelo cooperativo como un pilar fundamental para el crecimiento sostenido de [&hellip;]","og_url":"https:\/\/informelitoral.com.ar\/coopar-inauguro-oficinas-y-un-nuevo-silo-en-victoria\/","og_site_name":"Informe Litoral","article_publisher":"https:\/\/www.facebook.com\/informelitoral\/","article_published_time":"2025-04-22T00:10:38+00:00","article_modified_time":"2025-04-22T00:41:58+00:00","og_image":[{"url":"https:\/\/scontent.fcnq4-1.fna.fbcdn.net\/v\/t51.75761-15\/490750217_18061660670281218_8064760914102539071_n.jpg?_nc_cat=100&ccb=1-7&_nc_sid=127cfc&_nc_eui2=AeG83adA8UjkR33jZ556U7tckUeIf3VVDN-RR4h_dVUM302hkcL5DeBSuX7dDGm5BnlHSI1BWRQ4jvYufTCOj-8Q&_nc_ohc=Jp7rYbUvN5wQ7kNvwGz53BM&_nc_oc=AdljCUNdEs_hvFu_cW573wKy4SHIjeZPE8J5o7cAoAU3dQYZNQIqXkbd-EiJMOxF2Cg&_nc_zt=23&_nc_ht=scontent.fcnq4-1.fna&_nc_gid=pmRjgGkWp6aSaQwT-fyqHA&oh=00_AfH9jv77807_LUsY5P56SgFmyF_z2_TfpqdErL7Ql6pvzA&oe=680CB8C5","type":"","width":"","height":""}],"author":"Gonzalo Schmidt","twitter_card":"summary_large_image","twitter_image":"https:\/\/scontent.fcnq4-1.fna.fbcdn.net\/v\/t51.75761-15\/490750217_18061660670281218_8064760914102539071_n.jpg?_nc_cat=100&ccb=1-7&_nc_sid=127cfc&_nc_eui2=AeG83adA8UjkR33jZ556U7tckUeIf3VVDN-RR4h_dVUM302hkcL5DeBSuX7dDGm5BnlHSI1BWRQ4jvYufTCOj-8Q&_nc_ohc=Jp7rYbUvN5wQ7kNvwGz53BM&_nc_oc=AdljCUNdEs_hvFu_cW573wKy4SHIjeZPE8J5o7cAoAU3dQYZNQIqXkbd-EiJMOxF2Cg&_nc_zt=23&_nc_ht=scontent.fcnq4-1.fna&_nc_gid=pmRjgGkWp6aSaQwT-fyqHA&oh=00_AfH9jv77807_LUsY5P56SgFmyF_z2_TfpqdErL7Ql6pvzA&oe=680CB8C5","twitter_creator":"@InformeLitoral","twitter_site":"@InformeLitoral","twitter_misc":{"Escrito por":"Gonzalo Schmidt","Tiempo de lectura":"2 minutos"},"schema":{"@context":"https:\/\/schema.org","@graph":[{"@type":"Article","@id":"https:\/\/informelitoral.com.ar\/coopar-inauguro-oficinas-y-un-nuevo-silo-en-victoria\/#article","isPartOf":{"@id":"https:\/\/informelitoral.com.ar\/coopar-inauguro-oficinas-y-un-nuevo-silo-en-victoria\/"},"author":{"name":"Gonzalo Schmidt","@id":"https:\/\/informelitoral.com.ar\/#\/schema\/person\/b9d00407c836482871ef1d57bf8e3180"},"headline":"COOPAR inaugur\u00f3 oficinas y un nuevo silo en Victoria","datePublished":"2025-04-22T00:10:38+00:00","dateModified":"2025-04-22T00:41:58+00:00","mainEntityOfPage":{"@id":"https:\/\/informelitoral.com.ar\/coopar-inauguro-oficinas-y-un-nuevo-silo-en-victoria\/"},"wordCount":325,"commentCount":0,"publisher":{"@id":"https:\/\/informelitoral.com.ar\/#organization"},"image":{"@id":"https:\/\/informelitoral.com.ar\/coopar-inauguro-oficinas-y-un-nuevo-silo-en-victoria\/#primaryimage"},"thumbnailUrl":"https:\/\/scontent.fcnq4-1.fna.fbcdn.net\/v\/t51.75761-15\/490750217_18061660670281218_8064760914102539071_n.jpg?_nc_cat=100&ccb=1-7&_nc_sid=127cfc&_nc_eui2=AeG83adA8UjkR33jZ556U7tckUeIf3VVDN-RR4h_dVUM302hkcL5DeBSuX7dDGm5BnlHSI1BWRQ4jvYufTCOj-8Q&_nc_ohc=Jp7rYbUvN5wQ7kNvwGz53BM&_nc_oc=AdljCUNdEs_hvFu_cW573wKy4SHIjeZPE8J5o7cAoAU3dQYZNQIqXkbd-EiJMOxF2Cg&_nc_zt=23&_nc_ht=scontent.fcnq4-1.fna&_nc_gid=pmRjgGkWp6aSaQwT-fyqHA&oh=00_AfH9jv77807_LUsY5P56SgFmyF_z2_TfpqdErL7Ql6pvzA&oe=680CB8C5","keywords":["Coopar","Planta de Acopio","Silos","Victoria"],"articleSection":["Campo"],"inLanguage":"es","potentialAction":[{"@type":"CommentAction","name":"Comment","target":["https:\/\/informelitoral.com.ar\/coopar-inauguro-oficinas-y-un-nuevo-silo-en-victoria\/#respond"]}]},{"@type":"WebPage","@id":"https:\/\/informelitoral.com.ar\/coopar-inauguro-oficinas-y-un-nuevo-silo-en-victoria\/","url":"https:\/\/informelitoral.com.ar\/coopar-inauguro-oficinas-y-un-nuevo-silo-en-victoria\/","name":"COOPAR inaugur\u00f3 oficinas y un nuevo silo en Victoria - Informe Litoral","isPartOf":{"@id":"https:\/\/informelitoral.com.ar\/#website"},"primaryImageOfPage":{"@id":"https:\/\/informelitoral.com.ar\/coopar-inauguro-oficinas-y-un-nuevo-silo-en-victoria\/#primaryimage"},"image":{"@id":"https:\/\/informelitoral.com.ar\/coopar-inauguro-oficinas-y-un-nuevo-silo-en-victoria\/#primaryimage"},"thumbnailUrl":"https:\/\/scontent.fcnq4-1.fna.fbcdn.net\/v\/t51.75761-15\/490750217_18061660670281218_8064760914102539071_n.jpg?_nc_cat=100&ccb=1-7&_nc_sid=127cfc&_nc_eui2=AeG83adA8UjkR33jZ556U7tckUeIf3VVDN-RR4h_dVUM302hkcL5DeBSuX7dDGm5BnlHSI1BWRQ4jvYufTCOj-8Q&_nc_ohc=Jp7rYbUvN5wQ7kNvwGz53BM&_nc_oc=AdljCUNdEs_hvFu_cW573wKy4SHIjeZPE8J5o7cAoAU3dQYZNQIqXkbd-EiJMOxF2Cg&_nc_zt=23&_nc_ht=scontent.fcnq4-1.fna&_nc_gid=pmRjgGkWp6aSaQwT-fyqHA&oh=00_AfH9jv77807_LUsY5P56SgFmyF_z2_TfpqdErL7Ql6pvzA&oe=680CB8C5","datePublished":"2025-04-22T00:10:38+00:00","dateModified":"2025-04-22T00:41:58+00:00","breadcrumb":{"@id":"https:\/\/informelitoral.com.ar\/coopar-inauguro-oficinas-y-un-nuevo-silo-en-victoria\/#breadcrumb"},"inLanguage":"es","potentialAction":[{"@type":"ReadAction","target":["https:\/\/informelitoral.com.ar\/coopar-inauguro-oficinas-y-un-nuevo-silo-en-victoria\/"]}]},{"@type":"ImageObject","inLanguage":"es","@id":"https:\/\/informelitoral.com.ar\/coopar-inauguro-oficinas-y-un-nuevo-silo-en-victoria\/#primaryimage","url":"https:\/\/scontent.fcnq4-1.fna.fbcdn.net\/v\/t51.75761-15\/490750217_18061660670281218_8064760914102539071_n.jpg?_nc_cat=100&ccb=1-7&_nc_sid=127cfc&_nc_eui2=AeG83adA8UjkR33jZ556U7tckUeIf3VVDN-RR4h_dVUM302hkcL5DeBSuX7dDGm5BnlHSI1BWRQ4jvYufTCOj-8Q&_nc_ohc=Jp7rYbUvN5wQ7kNvwGz53BM&_nc_oc=AdljCUNdEs_hvFu_cW573wKy4SHIjeZPE8J5o7cAoAU3dQYZNQIqXkbd-EiJMOxF2Cg&_nc_zt=23&_nc_ht=scontent.fcnq4-1.fna&_nc_gid=pmRjgGkWp6aSaQwT-fyqHA&oh=00_AfH9jv77807_LUsY5P56SgFmyF_z2_TfpqdErL7Ql6pvzA&oe=680CB8C5","contentUrl":"https:\/\/scontent.fcnq4-1.fna.fbcdn.net\/v\/t51.75761-15\/490750217_18061660670281218_8064760914102539071_n.jpg?_nc_cat=100&ccb=1-7&_nc_sid=127cfc&_nc_eui2=AeG83adA8UjkR33jZ556U7tckUeIf3VVDN-RR4h_dVUM302hkcL5DeBSuX7dDGm5BnlHSI1BWRQ4jvYufTCOj-8Q&_nc_ohc=Jp7rYbUvN5wQ7kNvwGz53BM&_nc_oc=AdljCUNdEs_hvFu_cW573wKy4SHIjeZPE8J5o7cAoAU3dQYZNQIqXkbd-EiJMOxF2Cg&_nc_zt=23&_nc_ht=scontent.fcnq4-1.fna&_nc_gid=pmRjgGkWp6aSaQwT-fyqHA&oh=00_AfH9jv77807_LUsY5P56SgFmyF_z2_TfpqdErL7Ql6pvzA&oe=680CB8C5","width":"2080","height":"1387"},{"@type":"BreadcrumbList","@id":"https:\/\/informelitoral.com.ar\/coopar-inauguro-oficinas-y-un-nuevo-silo-en-victoria\/#breadcrumb","itemListElement":[{"@type":"ListItem","position":1,"name":"Portada","item":"https:\/\/informelitoral.com.ar\/"},{"@type":"ListItem","position":2,"name":"COOPAR inaugur\u00f3 oficinas y un nuevo silo en Victoria"}]},{"@type":"WebSite","@id":"https:\/\/informelitoral.com.ar\/#website","url":"https:\/\/informelitoral.com.ar\/","name":"Informe Litoral","description":"&quot;Nos informamos&quot; ","publisher":{"@id":"https:\/\/informelitoral.com.ar\/#organization"},"potentialAction":[{"@type":"SearchAction","target":{"@type":"EntryPoint","urlTemplate":"https:\/\/informelitoral.com.ar\/?s={search_term_string}"},"query-input":{"@type":"PropertyValueSpecification","valueRequired":true,"valueName":"search_term_string"}}],"inLanguage":"es"},{"@type":"Organization","@id":"https:\/\/informelitoral.com.ar\/#organization","name":"Informe Litoral","url":"https:\/\/informelitoral.com.ar\/","logo":{"@type":"ImageObject","inLanguage":"es","@id":"https:\/\/informelitoral.com.ar\/#\/schema\/logo\/image\/","url":"https:\/\/informelitoral.com.ar\/%77%70%2d%63%6f%6e%74%65%6e%74\/uploads\/2021\/01\/circulo.png","contentUrl":"https:\/\/informelitoral.com.ar\/%77%70%2d%63%6f%6e%74%65%6e%74\/uploads\/2021\/01\/circulo.png","width":723,"height":731,"caption":"Informe Litoral"},"image":{"@id":"https:\/\/informelitoral.com.ar\/#\/schema\/logo\/image\/"},"sameAs":["https:\/\/www.facebook.com\/informelitoral\/","https:\/\/x.com\/InformeLitoral","https:\/\/www.instagram.com\/informelitoral\/","https:\/\/www.youtube.com\/channel\/UCua4Qvz8Icb6MYqhoq9xLXw"]},{"@type":"Person","@id":"https:\/\/informelitoral.com.ar\/#\/schema\/person\/b9d00407c836482871ef1d57bf8e3180","name":"Gonzalo Schmidt","image":{"@type":"ImageObject","inLanguage":"es","@id":"https:\/\/secure.gravatar.com\/avatar\/31a1a7b66ff2de83bd0e9fd79d026630d2d99e55e8bfe501287647b4fd9743de?s=96&d=mm&r=g","url":"https:\/\/secure.gravatar.com\/avatar\/31a1a7b66ff2de83bd0e9fd79d026630d2d99e55e8bfe501287647b4fd9743de?s=96&d=mm&r=g","contentUrl":"https:\/\/secure.gravatar.com\/avatar\/31a1a7b66ff2de83bd0e9fd79d026630d2d99e55e8bfe501287647b4fd9743de?s=96&d=mm&r=g","caption":"Gonzalo Schmidt"},"description":"Sitio web de noticias de la provincia de Entre R\u00edos, Argentina. Informaci\u00f3n y entretenimiento. Informe Litoral, nos informamos.","sameAs":["http:\/\/www.isletasnoticias.com.ar"],"url":"https:\/\/informelitoral.com.ar\/author\/gonzalo\/"}]}},"fifu_image_url":"https:\/\/scontent.fcnq4-1.fna.fbcdn.net\/v\/t51.75761-15\/490750217_18061660670281218_8064760914102539071_n.jpg?_nc_cat=100&ccb=1-7&_nc_sid=127cfc&_nc_eui2=AeG83adA8UjkR33jZ556U7tckUeIf3VVDN-RR4h_dVUM302hkcL5DeBSuX7dDGm5BnlHSI1BWRQ4jvYufTCOj-8Q&_nc_ohc=Jp7rYbUvN5wQ7kNvwGz53BM&_nc_oc=AdljCUNdEs_hvFu_cW573wKy4SHIjeZPE8J5o7cAoAU3dQYZNQIqXkbd-EiJMOxF2Cg&_nc_zt=23&_nc_ht=scontent.fcnq4-1.fna&_nc_gid=pmRjgGkWp6aSaQwT-fyqHA&oh=00_AfH9jv77807_LUsY5P56SgFmyF_z2_TfpqdErL7Ql6pvzA&oe=680CB8C5","_links":{"self":[{"href":"https:\/\/informelitoral.com.ar\/%77%70%2d%6a%73%6f%6e\/wp\/v2\/posts\/218994","targetHints":{"allow":["GET"]}}],"collection":[{"href":"https:\/\/informelitoral.com.ar\/%77%70%2d%6a%73%6f%6e\/wp\/v2\/posts"}],"about":[{"href":"https:\/\/informelitoral.com.ar\/%77%70%2d%6a%73%6f%6e\/wp\/v2\/types\/post"}],"author":[{"embeddable":true,"href":"https:\/\/informelitoral.com.ar\/%77%70%2d%6a%73%6f%6e\/wp\/v2\/users\/2"}],"replies":[{"embeddable":true,"href":"https:\/\/informelitoral.com.ar\/%77%70%2d%6a%73%6f%6e\/wp\/v2\/comments?post=218994"}],"version-history":[{"count":0,"href":"https:\/\/informelitoral.com.ar\/%77%70%2d%6a%73%6f%6e\/wp\/v2\/posts\/218994\/revisions"}],"wp:featuredmedia":[{"embeddable":true,"href":"https:\/\/informelitoral.com.ar\/%77%70%2d%6a%73%6f%6e\/wp\/v2\/media\/218995"}],"wp:attachment":[{"href":"https:\/\/informelitoral.com.ar\/%77%70%2d%6a%73%6f%6e\/wp\/v2\/media?parent=218994"}],"wp:term":[{"taxonomy":"category","embeddable":true,"href":"https:\/\/informelitoral.com.ar\/%77%70%2d%6a%73%6f%6e\/wp\/v2\/categories?post=218994"},{"taxonomy":"post_tag","embeddable":true,"href":"https:\/\/informelitoral.com.ar\/%77%70%2d%6a%73%6f%6e\/wp\/v2\/tags?post=218994"}],"curies":[{"name":"wp","href":"https:\/\/api.w.org\/{rel}","templated":true}]}}