{"id":218983,"date":"2025-04-21T13:35:54","date_gmt":"2025-04-21T16:35:54","guid":{"rendered":"https:\/\/informelitoral.com.ar\/?p=218983"},"modified":"2025-04-21T13:42:00","modified_gmt":"2025-04-21T16:42:00","slug":"vaticano-quienes-son-los-posibles-sucesores-del-papa-francisco","status":"publish","type":"post","link":"https:\/\/informelitoral.com.ar\/vaticano-quienes-son-los-posibles-sucesores-del-papa-francisco\/","title":{"rendered":"Vaticano: qui\u00e9nes son los posibles sucesores del Papa Francisco"},"content":{"rendered":"<p>Con la sede vacante tras la muerte del Papa Francisco, el Vaticano se alista para celebrar un\u00a0<b>nuevo c\u00f3nclave<\/b>\u00a0en el que se elegir\u00e1 al\u00a0<b>267\u00b0 pont\u00edfice de la historia<\/b>. Seg\u00fan el derecho can\u00f3nico, cualquier cat\u00f3lico puede ser elegido Papa, pero desde el siglo XIV solo han accedido al cargo quienes ya eran cardenales.<\/p>\n<p>El pr\u00f3ximo Vicario de Cristo\u00a0<b>deber\u00e1 ser votado por al menos dos tercios de los cardenales menores de 80 a\u00f1os que integran el Colegio Cardenalicio<\/b>, actualmente el \u00fanico cuerpo con facultad para participar en la elecci\u00f3n. Este grupo fue en gran parte nombrado por el propio Francisco, quien imprimi\u00f3 un sello diverso al cuerpo colegiado, incorporando miembros de los cinco continentes.<\/p>\n<div class=\"embed nota-relacionada\">\n<div class=\"inner-art\">\n<article class=\" en-bandera\">\n<header class=\"en-bandera__header\">\n<h2 class=\"en-bandera__h2 titulo-sub \"><strong>A los 88 a\u00f1os, muri\u00f3 el Papa Francisco<\/strong><\/h2>\n<\/header>\n<\/article>\n<\/div>\n<\/div>\n<p>Sin embargo, fuentes eclesi\u00e1sticas se\u00f1alaron que este c\u00f3nclave presenta una particular dificultad: muchos cardenales no se conocen entre s\u00ed, debido a los pocos encuentros presenciales convocados durante el \u00faltimo pontificado. Esta falta de v\u00ednculos personales podr\u00eda influir en las deliberaciones.<\/p>\n<h2><strong>Los principales candidatos al Trono de Pedro<\/strong><\/h2>\n<p>A pesar de que todos los cardenales menores de 80 a\u00f1os pueden ser electores y elegibles, algunos nombres se repiten con m\u00e1s frecuencia en los pasillos vaticanos y en los medios especializados. Estos son los perfiles m\u00e1s destacados:<\/p>\n<p><b>Cardenal Matteo Zuppi (69 a\u00f1os)<\/b><\/p>\n<p>Arzobispo de Bolonia y presidente de la Conferencia Episcopal Italiana, es uno de los favoritos del sector progresista. Cercano a la Comunidad Sant\u2019Egidio y con fuerte presencia en temas sociales, es considerado af\u00edn al legado de Francisco. Su nombre suena fuerte dentro del c\u00f3nclave.<\/p>\n<figure class=\"embed\"><img loading=\"lazy\" decoding=\"async\" class=\"lazy\" style=\"box-sizing: border-box; margin: 0px; padding: 0px; font-size: 23px; vertical-align: top; border: none; width: 620px; height: auto;\" src=\"https:\/\/elonce-media.elonce.com\/fotos\/2025\/04\/21\/e_1745233237_94364.webp\" alt=\"&lt;b&gt;Matteo Zuppi&lt;\/b&gt;\" width=\"600\" height=\"400\" data-src=\"https:\/\/elonce-media.elonce.com\/fotos\/2025\/04\/21\/e_1745233237_94364.webp\" \/><\/figure>\n<p><b>Cardenal Luis Antonio Tagle (67 a\u00f1os)<\/b><\/p>\n<p>Conocido como el \u201cFrancisco asi\u00e1tico\u201d, el filipino fue arzobispo de Manila y prefecto de la Congregaci\u00f3n para la Evangelizaci\u00f3n de los Pueblos. Tiene un enfoque pastoral centrado en la misericordia y la justicia social. Aunque es firme en cuestiones doctrinales, se muestra abierto al di\u00e1logo con el mundo contempor\u00e1neo.<\/p>\n<figure class=\"embed\"><img loading=\"lazy\" decoding=\"async\" class=\"lazy\" style=\"box-sizing: border-box; margin: 0px; padding: 0px; font-size: 23px; vertical-align: top; border: none; width: 620px; height: auto;\" src=\"https:\/\/elonce-media.elonce.com\/fotos\/2025\/04\/21\/e_1745233237_72930.webp\" alt=\"&lt;b&gt;Luis Antonio Tagle&lt;\/b&gt;\" width=\"600\" height=\"400\" data-src=\"https:\/\/elonce-media.elonce.com\/fotos\/2025\/04\/21\/e_1745233237_72930.webp\" \/><\/figure>\n<p><b>Cardenal Pietro Parolin (70 a\u00f1os)<\/b><\/p>\n<p>Actual secretario de Estado del Vaticano, es una de las figuras m\u00e1s influyentes de la Curia. Representa un perfil moderado y diplom\u00e1tico. Aunque cercano a Francisco, su estilo pragm\u00e1tico y su experiencia internacional lo posicionan como un candidato de consenso.<\/p>\n<figure class=\"embed\"><img loading=\"lazy\" decoding=\"async\" class=\"lazy\" style=\"box-sizing: border-box; margin: 0px; padding: 0px; font-size: 23px; vertical-align: top; border: none; width: 620px; height: auto;\" src=\"https:\/\/elonce-media.elonce.com\/fotos\/2025\/04\/21\/e_1745233237_8271.webp\" alt=\"&lt;b&gt;Pietro Parolin&lt;\/b&gt;\" width=\"600\" height=\"400\" data-src=\"https:\/\/elonce-media.elonce.com\/fotos\/2025\/04\/21\/e_1745233237_8271.webp\" \/><\/figure>\n<p><b>Cardenal Gerhard M\u00fcller (76 a\u00f1os)<\/b><\/p>\n<p>De origen alem\u00e1n, es otro de los candidatos conservadores. Se opone al diaconado femenino y al celibato opcional. A pesar de sus diferencias con el Papa Francisco, mantuvo un v\u00ednculo de respeto con \u00e9l. Algunos lo ven como el candidato de ruptura.<\/p>\n<figure class=\"embed\"><img loading=\"lazy\" decoding=\"async\" class=\"lazy\" style=\"box-sizing: border-box; margin: 0px; padding: 0px; font-size: 23px; vertical-align: top; border: none; width: 620px; height: auto;\" src=\"https:\/\/elonce-media.elonce.com\/fotos\/2025\/04\/21\/e_1745233751_54112.webp\" alt=\"&lt;b&gt; Gerhard M&amp;uuml;ller&lt;\/b&gt;\" width=\"600\" height=\"400\" data-src=\"https:\/\/elonce-media.elonce.com\/fotos\/2025\/04\/21\/e_1745233751_54112.webp\" \/><\/figure>\n<p><b>Cardenal Pierbattista Pizzaballa (59 a\u00f1os)<\/b><\/p>\n<p>Patriarca latino de Jerusal\u00e9n, ha cobrado visibilidad por su papel en medio del conflicto en Tierra Santa. Es respetado por su disposici\u00f3n al di\u00e1logo interreligioso y su cercan\u00eda al drama humanitario. Conjugando tradici\u00f3n y sensibilidad actual, su nombre comienza a sonar con fuerza.<\/p>\n<figure class=\"embed\"><img loading=\"lazy\" decoding=\"async\" class=\"lazy\" style=\"box-sizing: border-box; margin: 0px; padding: 0px; font-size: 23px; vertical-align: top; border: none; width: 620px; height: auto;\" src=\"https:\/\/elonce-media.elonce.com\/fotos\/2025\/04\/21\/e_1745233751_10997.webp\" alt=\"&lt;b&gt;Pierbattista Pizzaballa&lt;\/b&gt;\" width=\"600\" height=\"400\" data-src=\"https:\/\/elonce-media.elonce.com\/fotos\/2025\/04\/21\/e_1745233751_10997.webp\" \/><\/figure>\n<p><b>Cardenal Peter Turkson (76 a\u00f1os)<\/b><\/p>\n<p>Otro de los nombres que podr\u00eda ganar terreno es el del cardenal ghan\u00e9s Peter Turkson, de 76 a\u00f1os. Ha sido considerado un candidato papal en varias ocasiones y sigue siendo una opci\u00f3n para los que buscan un Papa con una visi\u00f3n global de la Iglesia.<\/p>\n<figure class=\"embed\"><img loading=\"lazy\" decoding=\"async\" class=\"lazy\" style=\"box-sizing: border-box; margin: 0px; padding: 0px; font-size: 23px; vertical-align: top; border: none; width: 620px; height: auto;\" src=\"https:\/\/elonce-media.elonce.com\/fotos\/2025\/04\/21\/e_1745233237_72578.webp\" alt=\"&lt;b&gt;Peter Turkson&lt;\/b&gt;\" width=\"600\" height=\"400\" data-src=\"https:\/\/elonce-media.elonce.com\/fotos\/2025\/04\/21\/e_1745233237_72578.webp\" \/><\/figure>\n<p>Como presidente del Pontificio Consejo para la Justicia y la Paz, ha mostrado un enfoque especialmente fuerte en la justicia social, el cambio clim\u00e1tico y los derechos humanos, \u00e1reas en las que comparte muchas de las preocupaciones de Francisco.<\/p>\n<p>Adem\u00e1s, su origen africano le ha permitido captar la atenci\u00f3n de muchos en los sectores m\u00e1s conservadores del continente, as\u00ed como entre aquellos que abogan por un papado que represente mejor la diversidad global de la Iglesia.<\/p>\n<p><b>Cardenal Raymond Leo Burke<\/b><\/p>\n<p>Con 76 a\u00f1os, es uno de los grandes \u201cenemigos\u201d de Francisco. Es el representante de la l\u00ednea ultraconservadora de la Iglesia. Fue un duro cr\u00edtico sobre la apertura del Vaticano a los homosexuales. Es se\u00f1alado como uno de los cardenales que m\u00e1s conspir\u00f3 contra Bergoglio durante su pontificado.<\/p>\n<figure class=\"embed\"><img loading=\"lazy\" decoding=\"async\" class=\"lazy\" style=\"box-sizing: border-box; margin: 0px; padding: 0px; font-size: 23px; vertical-align: top; border: none; width: 620px; height: auto;\" src=\"https:\/\/elonce-media.elonce.com\/fotos\/2025\/04\/21\/e_1745233237_38299.webp\" alt=\"&lt;b&gt;Raymond Leo Burke&lt;\/b&gt;\" width=\"600\" height=\"400\" data-src=\"https:\/\/elonce-media.elonce.com\/fotos\/2025\/04\/21\/e_1745233237_38299.webp\" \/><\/figure>\n<h2><strong>Otras figuras que tambi\u00e9n suenan<\/strong><\/h2>\n<p>Tambi\u00e9n se mencionan al cardenal\u00a0<b>Willem Eijk<\/b>\u00a0(71 a\u00f1os), holand\u00e9s y conservador; al h\u00fangaro<b>\u00a0Peter Erdo<\/b>\u00a0(71 a\u00f1os), conocido por su capacidad de mediaci\u00f3n pol\u00edtica; y<\/p>\n<p><b>Cardenal Robert Sarah (79 a\u00f1os), o<\/b>riginario de Guinea, es uno de los referentes del ala conservadora. Fue nombrado por Benedicto XVI y mantiene una fuerte presencia en redes sociales. Cr\u00edtico del islamismo, defensor de la misa en lat\u00edn y opositor al aborto, tiene respaldo en sectores tradicionales, aunque su edad podr\u00eda jugar en contra.<\/p>\n<p>El c\u00f3nclave ser\u00e1 convocado en los pr\u00f3ximos d\u00edas y, una vez reunido el Colegio Cardenalicio, comenzar\u00e1n las votaciones hasta alcanzar el respaldo necesario para proclamar al nuevo Papa. La Iglesia Cat\u00f3lica se prepara para un momento hist\u00f3rico que definir\u00e1 su rumbo en las pr\u00f3ximas d\u00e9cadas.<\/p>\n","protected":false},"excerpt":{"rendered":"<p>El Colegio Cardenalicio deber\u00e1 elegir al sucesor del Papa Francisco. Entre los cardenales menores de 80 a\u00f1os, ya suenan varios nombres como favoritos.  <\/p>\n","protected":false},"author":8,"featured_media":218986,"comment_status":"open","ping_status":"open","sticky":false,"template":"","format":"standard","meta":{"fifu_image_url":"https:\/\/www.agenzianova.com\/news\/wp-content\/uploads\/2025\/02\/conclave.jpg","fifu_image_alt":"","footnotes":""},"categories":[8],"tags":[960,4640],"class_list":{"0":"post-218983","1":"post","2":"type-post","3":"status-publish","4":"format-standard","5":"has-post-thumbnail","7":"category-internacionales","8":"tag-papa-francisco","9":"tag-vaticano"},"yoast_head":"<title>Vaticano: qui\u00e9nes son los posibles sucesores del Papa Francisco - Informe Litoral<\/title>\n<meta name=\"robots\" content=\"index, follow, max-snippet:-1, max-image-preview:large, max-video-preview:-1\" \/>\n<link rel=\"canonical\" href=\"https:\/\/informelitoral.com.ar\/vaticano-quienes-son-los-posibles-sucesores-del-papa-francisco\/\" \/>\n<meta property=\"og:locale\" content=\"es_ES\" \/>\n<meta property=\"og:type\" content=\"article\" \/>\n<meta property=\"og:title\" content=\"Vaticano: qui\u00e9nes son los posibles sucesores del Papa Francisco - Informe Litoral\" \/>\n<meta property=\"og:description\" content=\"El Colegio Cardenalicio deber\u00e1 elegir al sucesor del Papa Francisco. Entre los cardenales menores de 80 a\u00f1os, ya suenan varios nombres como favoritos.\" \/>\n<meta property=\"og:url\" content=\"https:\/\/informelitoral.com.ar\/vaticano-quienes-son-los-posibles-sucesores-del-papa-francisco\/\" \/>\n<meta property=\"og:site_name\" content=\"Informe Litoral\" \/>\n<meta property=\"article:publisher\" content=\"https:\/\/www.facebook.com\/informelitoral\/\" \/>\n<meta property=\"article:published_time\" content=\"2025-04-21T16:35:54+00:00\" \/>\n<meta property=\"article:modified_time\" content=\"2025-04-21T16:42:00+00:00\" \/>\n<meta property=\"og:image\" content=\"https:\/\/www.agenzianova.com\/news\/%77%70%2d%63%6f%6e%74%65%6e%74\/uploads\/2025\/02\/conclave.jpg\" \/><meta property=\"og:image\" content=\"https:\/\/www.agenzianova.com\/news\/%77%70%2d%63%6f%6e%74%65%6e%74\/uploads\/2025\/02\/conclave.jpg\" \/>\n\t<meta property=\"og:image:width\" content=\"730\" \/>\n\t<meta property=\"og:image:height\" content=\"470\" \/>\n\t<meta property=\"og:image:type\" content=\"image\/jpeg\" \/>\n<meta name=\"author\" content=\"Sebastian\" \/>\n<meta name=\"twitter:card\" content=\"summary_large_image\" \/>\n<meta name=\"twitter:image\" content=\"https:\/\/www.agenzianova.com\/news\/%77%70%2d%63%6f%6e%74%65%6e%74\/uploads\/2025\/02\/conclave.jpg\" \/>\n<meta name=\"twitter:creator\" content=\"@InformeLitoral\" \/>\n<meta name=\"twitter:site\" content=\"@InformeLitoral\" \/>\n<meta name=\"twitter:label1\" content=\"Escrito por\" \/>\n\t<meta name=\"twitter:data1\" content=\"Sebastian\" \/>\n\t<meta name=\"twitter:label2\" content=\"Tiempo de lectura\" \/>\n\t<meta name=\"twitter:data2\" content=\"4 minutos\" \/>\n<script type=\"application\/ld+json\" class=\"yoast-schema-graph\">{\"@context\":\"https:\\\/\\\/schema.org\",\"@graph\":[{\"@type\":\"Article\",\"@id\":\"https:\\\/\\\/informelitoral.com.ar\\\/vaticano-quienes-son-los-posibles-sucesores-del-papa-francisco\\\/#article\",\"isPartOf\":{\"@id\":\"https:\\\/\\\/informelitoral.com.ar\\\/vaticano-quienes-son-los-posibles-sucesores-del-papa-francisco\\\/\"},\"author\":{\"name\":\"Sebastian\",\"@id\":\"https:\\\/\\\/informelitoral.com.ar\\\/#\\\/schema\\\/person\\\/f05f9f461677119578717524b127d6d5\"},\"headline\":\"Vaticano: qui\u00e9nes son los posibles sucesores del Papa Francisco\",\"datePublished\":\"2025-04-21T16:35:54+00:00\",\"dateModified\":\"2025-04-21T16:42:00+00:00\",\"mainEntityOfPage\":{\"@id\":\"https:\\\/\\\/informelitoral.com.ar\\\/vaticano-quienes-son-los-posibles-sucesores-del-papa-francisco\\\/\"},\"wordCount\":831,\"commentCount\":0,\"publisher\":{\"@id\":\"https:\\\/\\\/informelitoral.com.ar\\\/#organization\"},\"image\":{\"@id\":\"https:\\\/\\\/informelitoral.com.ar\\\/vaticano-quienes-son-los-posibles-sucesores-del-papa-francisco\\\/#primaryimage\"},\"thumbnailUrl\":\"https:\\\/\\\/www.agenzianova.com\\\/news\\\/%77%70%2d%63%6f%6e%74%65%6e%74\\\/uploads\\\/2025\\\/02\\\/conclave.jpg\",\"keywords\":[\"Papa Francisco\",\"Vaticano\"],\"articleSection\":[\"Internacionales\"],\"inLanguage\":\"es\",\"potentialAction\":[{\"@type\":\"CommentAction\",\"name\":\"Comment\",\"target\":[\"https:\\\/\\\/informelitoral.com.ar\\\/vaticano-quienes-son-los-posibles-sucesores-del-papa-francisco\\\/#respond\"]}]},{\"@type\":\"WebPage\",\"@id\":\"https:\\\/\\\/informelitoral.com.ar\\\/vaticano-quienes-son-los-posibles-sucesores-del-papa-francisco\\\/\",\"url\":\"https:\\\/\\\/informelitoral.com.ar\\\/vaticano-quienes-son-los-posibles-sucesores-del-papa-francisco\\\/\",\"name\":\"Vaticano: qui\u00e9nes son los posibles sucesores del Papa Francisco - Informe Litoral\",\"isPartOf\":{\"@id\":\"https:\\\/\\\/informelitoral.com.ar\\\/#website\"},\"primaryImageOfPage\":{\"@id\":\"https:\\\/\\\/informelitoral.com.ar\\\/vaticano-quienes-son-los-posibles-sucesores-del-papa-francisco\\\/#primaryimage\"},\"image\":{\"@id\":\"https:\\\/\\\/informelitoral.com.ar\\\/vaticano-quienes-son-los-posibles-sucesores-del-papa-francisco\\\/#primaryimage\"},\"thumbnailUrl\":\"https:\\\/\\\/www.agenzianova.com\\\/news\\\/%77%70%2d%63%6f%6e%74%65%6e%74\\\/uploads\\\/2025\\\/02\\\/conclave.jpg\",\"datePublished\":\"2025-04-21T16:35:54+00:00\",\"dateModified\":\"2025-04-21T16:42:00+00:00\",\"breadcrumb\":{\"@id\":\"https:\\\/\\\/informelitoral.com.ar\\\/vaticano-quienes-son-los-posibles-sucesores-del-papa-francisco\\\/#breadcrumb\"},\"inLanguage\":\"es\",\"potentialAction\":[{\"@type\":\"ReadAction\",\"target\":[\"https:\\\/\\\/informelitoral.com.ar\\\/vaticano-quienes-son-los-posibles-sucesores-del-papa-francisco\\\/\"]}]},{\"@type\":\"ImageObject\",\"inLanguage\":\"es\",\"@id\":\"https:\\\/\\\/informelitoral.com.ar\\\/vaticano-quienes-son-los-posibles-sucesores-del-papa-francisco\\\/#primaryimage\",\"url\":\"https:\\\/\\\/www.agenzianova.com\\\/news\\\/%77%70%2d%63%6f%6e%74%65%6e%74\\\/uploads\\\/2025\\\/02\\\/conclave.jpg\",\"contentUrl\":\"https:\\\/\\\/www.agenzianova.com\\\/news\\\/%77%70%2d%63%6f%6e%74%65%6e%74\\\/uploads\\\/2025\\\/02\\\/conclave.jpg\",\"width\":\"730\",\"height\":\"470\"},{\"@type\":\"BreadcrumbList\",\"@id\":\"https:\\\/\\\/informelitoral.com.ar\\\/vaticano-quienes-son-los-posibles-sucesores-del-papa-francisco\\\/#breadcrumb\",\"itemListElement\":[{\"@type\":\"ListItem\",\"position\":1,\"name\":\"Portada\",\"item\":\"https:\\\/\\\/informelitoral.com.ar\\\/\"},{\"@type\":\"ListItem\",\"position\":2,\"name\":\"Vaticano: qui\u00e9nes son los posibles sucesores del Papa Francisco\"}]},{\"@type\":\"WebSite\",\"@id\":\"https:\\\/\\\/informelitoral.com.ar\\\/#website\",\"url\":\"https:\\\/\\\/informelitoral.com.ar\\\/\",\"name\":\"Informe Litoral\",\"description\":\"&quot;Nos informamos&quot; \",\"publisher\":{\"@id\":\"https:\\\/\\\/informelitoral.com.ar\\\/#organization\"},\"potentialAction\":[{\"@type\":\"SearchAction\",\"target\":{\"@type\":\"EntryPoint\",\"urlTemplate\":\"https:\\\/\\\/informelitoral.com.ar\\\/?s={search_term_string}\"},\"query-input\":{\"@type\":\"PropertyValueSpecification\",\"valueRequired\":true,\"valueName\":\"search_term_string\"}}],\"inLanguage\":\"es\"},{\"@type\":\"Organization\",\"@id\":\"https:\\\/\\\/informelitoral.com.ar\\\/#organization\",\"name\":\"Informe Litoral\",\"url\":\"https:\\\/\\\/informelitoral.com.ar\\\/\",\"logo\":{\"@type\":\"ImageObject\",\"inLanguage\":\"es\",\"@id\":\"https:\\\/\\\/informelitoral.com.ar\\\/#\\\/schema\\\/logo\\\/image\\\/\",\"url\":\"https:\\\/\\\/informelitoral.com.ar\\\/%77%70%2d%63%6f%6e%74%65%6e%74\\\/uploads\\\/2021\\\/01\\\/circulo.png\",\"contentUrl\":\"https:\\\/\\\/informelitoral.com.ar\\\/%77%70%2d%63%6f%6e%74%65%6e%74\\\/uploads\\\/2021\\\/01\\\/circulo.png\",\"width\":723,\"height\":731,\"caption\":\"Informe Litoral\"},\"image\":{\"@id\":\"https:\\\/\\\/informelitoral.com.ar\\\/#\\\/schema\\\/logo\\\/image\\\/\"},\"sameAs\":[\"https:\\\/\\\/www.facebook.com\\\/informelitoral\\\/\",\"https:\\\/\\\/x.com\\\/InformeLitoral\",\"https:\\\/\\\/www.instagram.com\\\/informelitoral\\\/\",\"https:\\\/\\\/www.youtube.com\\\/channel\\\/UCua4Qvz8Icb6MYqhoq9xLXw\"]},{\"@type\":\"Person\",\"@id\":\"https:\\\/\\\/informelitoral.com.ar\\\/#\\\/schema\\\/person\\\/f05f9f461677119578717524b127d6d5\",\"name\":\"Sebastian\",\"image\":{\"@type\":\"ImageObject\",\"inLanguage\":\"es\",\"@id\":\"https:\\\/\\\/secure.gravatar.com\\\/avatar\\\/b71bf7481d447dfb9583c7f2798e7cc64de6efb9067b74633ed8c31059a3bd82?s=96&d=mm&r=g\",\"url\":\"https:\\\/\\\/secure.gravatar.com\\\/avatar\\\/b71bf7481d447dfb9583c7f2798e7cc64de6efb9067b74633ed8c31059a3bd82?s=96&d=mm&r=g\",\"contentUrl\":\"https:\\\/\\\/secure.gravatar.com\\\/avatar\\\/b71bf7481d447dfb9583c7f2798e7cc64de6efb9067b74633ed8c31059a3bd82?s=96&d=mm&r=g\",\"caption\":\"Sebastian\"},\"url\":\"https:\\\/\\\/informelitoral.com.ar\\\/author\\\/sebastian\\\/\"}]}<\/script>","yoast_head_json":{"title":"Vaticano: qui\u00e9nes son los posibles sucesores del Papa Francisco - Informe Litoral","robots":{"index":"index","follow":"follow","max-snippet":"max-snippet:-1","max-image-preview":"max-image-preview:large","max-video-preview":"max-video-preview:-1"},"canonical":"https:\/\/informelitoral.com.ar\/vaticano-quienes-son-los-posibles-sucesores-del-papa-francisco\/","og_locale":"es_ES","og_type":"article","og_title":"Vaticano: qui\u00e9nes son los posibles sucesores del Papa Francisco - Informe Litoral","og_description":"El Colegio Cardenalicio deber\u00e1 elegir al sucesor del Papa Francisco. Entre los cardenales menores de 80 a\u00f1os, ya suenan varios nombres como favoritos.","og_url":"https:\/\/informelitoral.com.ar\/vaticano-quienes-son-los-posibles-sucesores-del-papa-francisco\/","og_site_name":"Informe Litoral","article_publisher":"https:\/\/www.facebook.com\/informelitoral\/","article_published_time":"2025-04-21T16:35:54+00:00","article_modified_time":"2025-04-21T16:42:00+00:00","og_image":[{"url":"https:\/\/www.agenzianova.com\/news\/wp-content\/uploads\/2025\/02\/conclave.jpg","type":"","width":"","height":""},{"width":730,"height":470,"url":"https:\/\/www.agenzianova.com\/news\/wp-content\/uploads\/2025\/02\/conclave.jpg","type":"image\/jpeg"}],"author":"Sebastian","twitter_card":"summary_large_image","twitter_image":"https:\/\/www.agenzianova.com\/news\/wp-content\/uploads\/2025\/02\/conclave.jpg","twitter_creator":"@InformeLitoral","twitter_site":"@InformeLitoral","twitter_misc":{"Escrito por":"Sebastian","Tiempo de lectura":"4 minutos"},"schema":{"@context":"https:\/\/schema.org","@graph":[{"@type":"Article","@id":"https:\/\/informelitoral.com.ar\/vaticano-quienes-son-los-posibles-sucesores-del-papa-francisco\/#article","isPartOf":{"@id":"https:\/\/informelitoral.com.ar\/vaticano-quienes-son-los-posibles-sucesores-del-papa-francisco\/"},"author":{"name":"Sebastian","@id":"https:\/\/informelitoral.com.ar\/#\/schema\/person\/f05f9f461677119578717524b127d6d5"},"headline":"Vaticano: qui\u00e9nes son los posibles sucesores del Papa Francisco","datePublished":"2025-04-21T16:35:54+00:00","dateModified":"2025-04-21T16:42:00+00:00","mainEntityOfPage":{"@id":"https:\/\/informelitoral.com.ar\/vaticano-quienes-son-los-posibles-sucesores-del-papa-francisco\/"},"wordCount":831,"commentCount":0,"publisher":{"@id":"https:\/\/informelitoral.com.ar\/#organization"},"image":{"@id":"https:\/\/informelitoral.com.ar\/vaticano-quienes-son-los-posibles-sucesores-del-papa-francisco\/#primaryimage"},"thumbnailUrl":"https:\/\/www.agenzianova.com\/news\/%77%70%2d%63%6f%6e%74%65%6e%74\/uploads\/2025\/02\/conclave.jpg","keywords":["Papa Francisco","Vaticano"],"articleSection":["Internacionales"],"inLanguage":"es","potentialAction":[{"@type":"CommentAction","name":"Comment","target":["https:\/\/informelitoral.com.ar\/vaticano-quienes-son-los-posibles-sucesores-del-papa-francisco\/#respond"]}]},{"@type":"WebPage","@id":"https:\/\/informelitoral.com.ar\/vaticano-quienes-son-los-posibles-sucesores-del-papa-francisco\/","url":"https:\/\/informelitoral.com.ar\/vaticano-quienes-son-los-posibles-sucesores-del-papa-francisco\/","name":"Vaticano: qui\u00e9nes son los posibles sucesores del Papa Francisco - Informe Litoral","isPartOf":{"@id":"https:\/\/informelitoral.com.ar\/#website"},"primaryImageOfPage":{"@id":"https:\/\/informelitoral.com.ar\/vaticano-quienes-son-los-posibles-sucesores-del-papa-francisco\/#primaryimage"},"image":{"@id":"https:\/\/informelitoral.com.ar\/vaticano-quienes-son-los-posibles-sucesores-del-papa-francisco\/#primaryimage"},"thumbnailUrl":"https:\/\/www.agenzianova.com\/news\/%77%70%2d%63%6f%6e%74%65%6e%74\/uploads\/2025\/02\/conclave.jpg","datePublished":"2025-04-21T16:35:54+00:00","dateModified":"2025-04-21T16:42:00+00:00","breadcrumb":{"@id":"https:\/\/informelitoral.com.ar\/vaticano-quienes-son-los-posibles-sucesores-del-papa-francisco\/#breadcrumb"},"inLanguage":"es","potentialAction":[{"@type":"ReadAction","target":["https:\/\/informelitoral.com.ar\/vaticano-quienes-son-los-posibles-sucesores-del-papa-francisco\/"]}]},{"@type":"ImageObject","inLanguage":"es","@id":"https:\/\/informelitoral.com.ar\/vaticano-quienes-son-los-posibles-sucesores-del-papa-francisco\/#primaryimage","url":"https:\/\/www.agenzianova.com\/news\/%77%70%2d%63%6f%6e%74%65%6e%74\/uploads\/2025\/02\/conclave.jpg","contentUrl":"https:\/\/www.agenzianova.com\/news\/%77%70%2d%63%6f%6e%74%65%6e%74\/uploads\/2025\/02\/conclave.jpg","width":"730","height":"470"},{"@type":"BreadcrumbList","@id":"https:\/\/informelitoral.com.ar\/vaticano-quienes-son-los-posibles-sucesores-del-papa-francisco\/#breadcrumb","itemListElement":[{"@type":"ListItem","position":1,"name":"Portada","item":"https:\/\/informelitoral.com.ar\/"},{"@type":"ListItem","position":2,"name":"Vaticano: qui\u00e9nes son los posibles sucesores del Papa Francisco"}]},{"@type":"WebSite","@id":"https:\/\/informelitoral.com.ar\/#website","url":"https:\/\/informelitoral.com.ar\/","name":"Informe Litoral","description":"&quot;Nos informamos&quot; ","publisher":{"@id":"https:\/\/informelitoral.com.ar\/#organization"},"potentialAction":[{"@type":"SearchAction","target":{"@type":"EntryPoint","urlTemplate":"https:\/\/informelitoral.com.ar\/?s={search_term_string}"},"query-input":{"@type":"PropertyValueSpecification","valueRequired":true,"valueName":"search_term_string"}}],"inLanguage":"es"},{"@type":"Organization","@id":"https:\/\/informelitoral.com.ar\/#organization","name":"Informe Litoral","url":"https:\/\/informelitoral.com.ar\/","logo":{"@type":"ImageObject","inLanguage":"es","@id":"https:\/\/informelitoral.com.ar\/#\/schema\/logo\/image\/","url":"https:\/\/informelitoral.com.ar\/%77%70%2d%63%6f%6e%74%65%6e%74\/uploads\/2021\/01\/circulo.png","contentUrl":"https:\/\/informelitoral.com.ar\/%77%70%2d%63%6f%6e%74%65%6e%74\/uploads\/2021\/01\/circulo.png","width":723,"height":731,"caption":"Informe Litoral"},"image":{"@id":"https:\/\/informelitoral.com.ar\/#\/schema\/logo\/image\/"},"sameAs":["https:\/\/www.facebook.com\/informelitoral\/","https:\/\/x.com\/InformeLitoral","https:\/\/www.instagram.com\/informelitoral\/","https:\/\/www.youtube.com\/channel\/UCua4Qvz8Icb6MYqhoq9xLXw"]},{"@type":"Person","@id":"https:\/\/informelitoral.com.ar\/#\/schema\/person\/f05f9f461677119578717524b127d6d5","name":"Sebastian","image":{"@type":"ImageObject","inLanguage":"es","@id":"https:\/\/secure.gravatar.com\/avatar\/b71bf7481d447dfb9583c7f2798e7cc64de6efb9067b74633ed8c31059a3bd82?s=96&d=mm&r=g","url":"https:\/\/secure.gravatar.com\/avatar\/b71bf7481d447dfb9583c7f2798e7cc64de6efb9067b74633ed8c31059a3bd82?s=96&d=mm&r=g","contentUrl":"https:\/\/secure.gravatar.com\/avatar\/b71bf7481d447dfb9583c7f2798e7cc64de6efb9067b74633ed8c31059a3bd82?s=96&d=mm&r=g","caption":"Sebastian"},"url":"https:\/\/informelitoral.com.ar\/author\/sebastian\/"}]}},"fifu_image_url":"https:\/\/www.agenzianova.com\/news\/wp-content\/uploads\/2025\/02\/conclave.jpg","_links":{"self":[{"href":"https:\/\/informelitoral.com.ar\/%77%70%2d%6a%73%6f%6e\/wp\/v2\/posts\/218983","targetHints":{"allow":["GET"]}}],"collection":[{"href":"https:\/\/informelitoral.com.ar\/%77%70%2d%6a%73%6f%6e\/wp\/v2\/posts"}],"about":[{"href":"https:\/\/informelitoral.com.ar\/%77%70%2d%6a%73%6f%6e\/wp\/v2\/types\/post"}],"author":[{"embeddable":true,"href":"https:\/\/informelitoral.com.ar\/%77%70%2d%6a%73%6f%6e\/wp\/v2\/users\/8"}],"replies":[{"embeddable":true,"href":"https:\/\/informelitoral.com.ar\/%77%70%2d%6a%73%6f%6e\/wp\/v2\/comments?post=218983"}],"version-history":[{"count":0,"href":"https:\/\/informelitoral.com.ar\/%77%70%2d%6a%73%6f%6e\/wp\/v2\/posts\/218983\/revisions"}],"wp:featuredmedia":[{"embeddable":true,"href":"https:\/\/informelitoral.com.ar\/%77%70%2d%6a%73%6f%6e\/wp\/v2\/media\/218986"}],"wp:attachment":[{"href":"https:\/\/informelitoral.com.ar\/%77%70%2d%6a%73%6f%6e\/wp\/v2\/media?parent=218983"}],"wp:term":[{"taxonomy":"category","embeddable":true,"href":"https:\/\/informelitoral.com.ar\/%77%70%2d%6a%73%6f%6e\/wp\/v2\/categories?post=218983"},{"taxonomy":"post_tag","embeddable":true,"href":"https:\/\/informelitoral.com.ar\/%77%70%2d%6a%73%6f%6e\/wp\/v2\/tags?post=218983"}],"curies":[{"name":"wp","href":"https:\/\/api.w.org\/{rel}","templated":true}]}}