{"id":218799,"date":"2025-04-19T19:59:43","date_gmt":"2025-04-19T22:59:43","guid":{"rendered":"https:\/\/informelitoral.com.ar\/?p=218799"},"modified":"2025-04-19T21:20:45","modified_gmt":"2025-04-20T00:20:45","slug":"reclaman-la-restitucion-de-una-nina-separada-de-su-padre-y-abuela","status":"publish","type":"post","link":"https:\/\/informelitoral.com.ar\/reclaman-la-restitucion-de-una-nina-separada-de-su-padre-y-abuela\/","title":{"rendered":"Reclaman la restituci\u00f3n de una ni\u00f1a separada de su padre y abuela"},"content":{"rendered":"<p>La historia de\u00a0<strong>Alaia Pilar Lallana<\/strong>, una ni\u00f1a de 8 a\u00f1os, ha conmovido a su comunidad. Criada desde su primer a\u00f1o de vida por su padre,\u00a0<strong>Cristian Lallana<\/strong>, y su abuela paterna,\u00a0<strong>Alaia fue retirada abruptamente de su hogar<\/strong>\u00a0luego de una denuncia por violencia de g\u00e9nero impulsada por su madre biol\u00f3gica,\u00a0<strong>Johana Ayel\u00e9n Ledesma<\/strong>, quien seg\u00fan la familia paterna,\u00a0<strong>estuvo ausente durante casi toda la vida de la menor<\/strong>.<\/p>\n<p>La t\u00eda de la ni\u00f1a,\u00a0<strong>Renee Lallana<\/strong>, expres\u00f3 a\u00a0<em>Elochodigital <\/em>que\u00a0<strong>la denuncia surgi\u00f3 en el marco de un reclamo de alimentos presentado por el padre<\/strong>, y cuestion\u00f3 tanto el procedimiento como la falta de garant\u00edas en la intervenci\u00f3n. \u201cEl padre fue detenido delante de su hija y Alaia fue llevada sin que se activaran equipos t\u00e9cnicos ni se escuchara su voz\u201d, afirm\u00f3.<\/p>\n<p>Actualmente, el caso se encuentra bajo la \u00f3rbita del\u00a0<strong>Juzgado de Familia N\u00b05<\/strong>, a cargo de la jueza\u00a0<strong>Yanina Yzet<\/strong>, con intervenci\u00f3n de la defensora\u00a0<strong>Carolina Ben\u00edtez<\/strong>. Desde el entorno paterno remarcan que el nuevo espacio donde vive la ni\u00f1a no forma parte de su centro de vida, y que\u00a0<strong>compartir\u00eda vivienda con una persona con antecedentes de narcomenudeo y violencia<\/strong>.<\/p>\n<p>\u201cLa estamos peleando por Alaia. Porque tiene derecho a ser escuchada, a que se respete su historia, su entorno, sus afectos. No se puede decidir sobre la vida de una ni\u00f1a sin tener en cuenta todo eso\u201d, sostuvo su t\u00eda, quien adelant\u00f3 que cuenta con\u00a0<strong>documentaci\u00f3n del expediente, denuncias previas, constancias escolares y m\u00e1s pruebas<\/strong>\u00a0a disposici\u00f3n.<\/p>\n<p>El caso abre un debate profundo sobre\u00a0<strong>la actuaci\u00f3n de la Justicia en situaciones de conflicto familiar<\/strong>, los derechos de los ni\u00f1os a ser escuchados y\u00a0<strong>la necesidad de resguardar siempre el inter\u00e9s superior del menor<\/strong>. <em>(Fuente: Elochodigital)<\/em><\/p>\n<h6><em><strong>Del archivo:\u00a0<a href=\"https:\/\/informelitoral.com.ar\/aranguren-aviso-para-evitar-roturas-en-la-red-de-gas-natural\/\" target=\"_blank\" rel=\"noopener\">Aranguren: aviso para evitar roturas en la red de gas natural<\/a><\/strong><\/em><\/h6>\n","protected":false},"excerpt":{"rendered":"<p>La peque\u00f1a fue criada durante siete a\u00f1os por su padre y abuela paterna en San Benito. La familia denuncia \u00abuna intervenci\u00f3n judicial sin escucha previa a la menor ni resguardo de su centro de vida\u00bb.<\/p>\n","protected":false},"author":2,"featured_media":218800,"comment_status":"open","ping_status":"open","sticky":false,"template":"","format":"standard","meta":{"fifu_image_url":"https:\/\/admin.desdeentrerios.com.ar\/wp-content\/uploads\/2023\/07\/SAN-BENITO-CIUDAD-2020-1.jpg","fifu_image_alt":"","footnotes":""},"categories":[14],"tags":[1525],"class_list":{"0":"post-218799","1":"post","2":"type-post","3":"status-publish","4":"format-standard","5":"has-post-thumbnail","7":"category-policiales","8":"tag-san-benito"},"yoast_head":"<title>Reclaman la restituci\u00f3n de una ni\u00f1a separada de su padre y abuela - Informe Litoral<\/title>\n<meta name=\"robots\" content=\"index, follow, max-snippet:-1, max-image-preview:large, max-video-preview:-1\" \/>\n<link rel=\"canonical\" href=\"https:\/\/informelitoral.com.ar\/reclaman-la-restitucion-de-una-nina-separada-de-su-padre-y-abuela\/\" \/>\n<meta property=\"og:locale\" content=\"es_ES\" \/>\n<meta property=\"og:type\" content=\"article\" \/>\n<meta property=\"og:title\" content=\"Reclaman la restituci\u00f3n de una ni\u00f1a separada de su padre y abuela - Informe Litoral\" \/>\n<meta property=\"og:description\" content=\"La peque\u00f1a fue criada durante siete a\u00f1os por su padre y abuela paterna en San Benito. La familia denuncia &quot;una intervenci\u00f3n judicial sin escucha previa a la menor ni resguardo de su centro de vida&quot;.\" \/>\n<meta property=\"og:url\" content=\"https:\/\/informelitoral.com.ar\/reclaman-la-restitucion-de-una-nina-separada-de-su-padre-y-abuela\/\" \/>\n<meta property=\"og:site_name\" content=\"Informe Litoral\" \/>\n<meta property=\"article:publisher\" content=\"https:\/\/www.facebook.com\/informelitoral\/\" \/>\n<meta property=\"article:published_time\" content=\"2025-04-19T22:59:43+00:00\" \/>\n<meta property=\"article:modified_time\" content=\"2025-04-20T00:20:45+00:00\" \/>\n<meta property=\"og:image\" content=\"https:\/\/admin.desdeentrerios.com.ar\/%77%70%2d%63%6f%6e%74%65%6e%74\/uploads\/2023\/07\/SAN-BENITO-CIUDAD-2020-1.jpg\" \/><meta property=\"og:image\" content=\"https:\/\/admin.desdeentrerios.com.ar\/%77%70%2d%63%6f%6e%74%65%6e%74\/uploads\/2023\/07\/SAN-BENITO-CIUDAD-2020-1.jpg\" \/>\n\t<meta property=\"og:image:width\" content=\"900\" \/>\n\t<meta property=\"og:image:height\" content=\"506\" \/>\n\t<meta property=\"og:image:type\" content=\"image\/jpeg\" \/>\n<meta name=\"author\" content=\"Gonzalo Schmidt\" \/>\n<meta name=\"twitter:card\" content=\"summary_large_image\" \/>\n<meta name=\"twitter:image\" content=\"https:\/\/admin.desdeentrerios.com.ar\/%77%70%2d%63%6f%6e%74%65%6e%74\/uploads\/2023\/07\/SAN-BENITO-CIUDAD-2020-1.jpg\" \/>\n<meta name=\"twitter:creator\" content=\"@InformeLitoral\" \/>\n<meta name=\"twitter:site\" content=\"@InformeLitoral\" \/>\n<meta name=\"twitter:label1\" content=\"Escrito por\" \/>\n\t<meta name=\"twitter:data1\" content=\"Gonzalo Schmidt\" \/>\n\t<meta name=\"twitter:label2\" content=\"Tiempo de lectura\" \/>\n\t<meta name=\"twitter:data2\" content=\"2 minutos\" \/>\n<script type=\"application\/ld+json\" class=\"yoast-schema-graph\">{\"@context\":\"https:\\\/\\\/schema.org\",\"@graph\":[{\"@type\":\"Article\",\"@id\":\"https:\\\/\\\/informelitoral.com.ar\\\/reclaman-la-restitucion-de-una-nina-separada-de-su-padre-y-abuela\\\/#article\",\"isPartOf\":{\"@id\":\"https:\\\/\\\/informelitoral.com.ar\\\/reclaman-la-restitucion-de-una-nina-separada-de-su-padre-y-abuela\\\/\"},\"author\":{\"name\":\"Gonzalo Schmidt\",\"@id\":\"https:\\\/\\\/informelitoral.com.ar\\\/#\\\/schema\\\/person\\\/b9d00407c836482871ef1d57bf8e3180\"},\"headline\":\"Reclaman la restituci\u00f3n de una ni\u00f1a separada de su padre y abuela\",\"datePublished\":\"2025-04-19T22:59:43+00:00\",\"dateModified\":\"2025-04-20T00:20:45+00:00\",\"mainEntityOfPage\":{\"@id\":\"https:\\\/\\\/informelitoral.com.ar\\\/reclaman-la-restitucion-de-una-nina-separada-de-su-padre-y-abuela\\\/\"},\"wordCount\":339,\"commentCount\":0,\"publisher\":{\"@id\":\"https:\\\/\\\/informelitoral.com.ar\\\/#organization\"},\"image\":{\"@id\":\"https:\\\/\\\/informelitoral.com.ar\\\/reclaman-la-restitucion-de-una-nina-separada-de-su-padre-y-abuela\\\/#primaryimage\"},\"thumbnailUrl\":\"https:\\\/\\\/admin.desdeentrerios.com.ar\\\/%77%70%2d%63%6f%6e%74%65%6e%74\\\/uploads\\\/2023\\\/07\\\/SAN-BENITO-CIUDAD-2020-1.jpg\",\"keywords\":[\"San Benito\"],\"articleSection\":[\"Policiales\"],\"inLanguage\":\"es\",\"potentialAction\":[{\"@type\":\"CommentAction\",\"name\":\"Comment\",\"target\":[\"https:\\\/\\\/informelitoral.com.ar\\\/reclaman-la-restitucion-de-una-nina-separada-de-su-padre-y-abuela\\\/#respond\"]}]},{\"@type\":\"WebPage\",\"@id\":\"https:\\\/\\\/informelitoral.com.ar\\\/reclaman-la-restitucion-de-una-nina-separada-de-su-padre-y-abuela\\\/\",\"url\":\"https:\\\/\\\/informelitoral.com.ar\\\/reclaman-la-restitucion-de-una-nina-separada-de-su-padre-y-abuela\\\/\",\"name\":\"Reclaman la restituci\u00f3n de una ni\u00f1a separada de su padre y abuela - Informe Litoral\",\"isPartOf\":{\"@id\":\"https:\\\/\\\/informelitoral.com.ar\\\/#website\"},\"primaryImageOfPage\":{\"@id\":\"https:\\\/\\\/informelitoral.com.ar\\\/reclaman-la-restitucion-de-una-nina-separada-de-su-padre-y-abuela\\\/#primaryimage\"},\"image\":{\"@id\":\"https:\\\/\\\/informelitoral.com.ar\\\/reclaman-la-restitucion-de-una-nina-separada-de-su-padre-y-abuela\\\/#primaryimage\"},\"thumbnailUrl\":\"https:\\\/\\\/admin.desdeentrerios.com.ar\\\/%77%70%2d%63%6f%6e%74%65%6e%74\\\/uploads\\\/2023\\\/07\\\/SAN-BENITO-CIUDAD-2020-1.jpg\",\"datePublished\":\"2025-04-19T22:59:43+00:00\",\"dateModified\":\"2025-04-20T00:20:45+00:00\",\"breadcrumb\":{\"@id\":\"https:\\\/\\\/informelitoral.com.ar\\\/reclaman-la-restitucion-de-una-nina-separada-de-su-padre-y-abuela\\\/#breadcrumb\"},\"inLanguage\":\"es\",\"potentialAction\":[{\"@type\":\"ReadAction\",\"target\":[\"https:\\\/\\\/informelitoral.com.ar\\\/reclaman-la-restitucion-de-una-nina-separada-de-su-padre-y-abuela\\\/\"]}]},{\"@type\":\"ImageObject\",\"inLanguage\":\"es\",\"@id\":\"https:\\\/\\\/informelitoral.com.ar\\\/reclaman-la-restitucion-de-una-nina-separada-de-su-padre-y-abuela\\\/#primaryimage\",\"url\":\"https:\\\/\\\/admin.desdeentrerios.com.ar\\\/%77%70%2d%63%6f%6e%74%65%6e%74\\\/uploads\\\/2023\\\/07\\\/SAN-BENITO-CIUDAD-2020-1.jpg\",\"contentUrl\":\"https:\\\/\\\/admin.desdeentrerios.com.ar\\\/%77%70%2d%63%6f%6e%74%65%6e%74\\\/uploads\\\/2023\\\/07\\\/SAN-BENITO-CIUDAD-2020-1.jpg\",\"width\":\"900\",\"height\":\"506\"},{\"@type\":\"BreadcrumbList\",\"@id\":\"https:\\\/\\\/informelitoral.com.ar\\\/reclaman-la-restitucion-de-una-nina-separada-de-su-padre-y-abuela\\\/#breadcrumb\",\"itemListElement\":[{\"@type\":\"ListItem\",\"position\":1,\"name\":\"Portada\",\"item\":\"https:\\\/\\\/informelitoral.com.ar\\\/\"},{\"@type\":\"ListItem\",\"position\":2,\"name\":\"Reclaman la restituci\u00f3n de una ni\u00f1a separada de su padre y abuela\"}]},{\"@type\":\"WebSite\",\"@id\":\"https:\\\/\\\/informelitoral.com.ar\\\/#website\",\"url\":\"https:\\\/\\\/informelitoral.com.ar\\\/\",\"name\":\"Informe Litoral\",\"description\":\"&quot;Nos informamos&quot; \",\"publisher\":{\"@id\":\"https:\\\/\\\/informelitoral.com.ar\\\/#organization\"},\"potentialAction\":[{\"@type\":\"SearchAction\",\"target\":{\"@type\":\"EntryPoint\",\"urlTemplate\":\"https:\\\/\\\/informelitoral.com.ar\\\/?s={search_term_string}\"},\"query-input\":{\"@type\":\"PropertyValueSpecification\",\"valueRequired\":true,\"valueName\":\"search_term_string\"}}],\"inLanguage\":\"es\"},{\"@type\":\"Organization\",\"@id\":\"https:\\\/\\\/informelitoral.com.ar\\\/#organization\",\"name\":\"Informe Litoral\",\"url\":\"https:\\\/\\\/informelitoral.com.ar\\\/\",\"logo\":{\"@type\":\"ImageObject\",\"inLanguage\":\"es\",\"@id\":\"https:\\\/\\\/informelitoral.com.ar\\\/#\\\/schema\\\/logo\\\/image\\\/\",\"url\":\"https:\\\/\\\/informelitoral.com.ar\\\/%77%70%2d%63%6f%6e%74%65%6e%74\\\/uploads\\\/2021\\\/01\\\/circulo.png\",\"contentUrl\":\"https:\\\/\\\/informelitoral.com.ar\\\/%77%70%2d%63%6f%6e%74%65%6e%74\\\/uploads\\\/2021\\\/01\\\/circulo.png\",\"width\":723,\"height\":731,\"caption\":\"Informe Litoral\"},\"image\":{\"@id\":\"https:\\\/\\\/informelitoral.com.ar\\\/#\\\/schema\\\/logo\\\/image\\\/\"},\"sameAs\":[\"https:\\\/\\\/www.facebook.com\\\/informelitoral\\\/\",\"https:\\\/\\\/x.com\\\/InformeLitoral\",\"https:\\\/\\\/www.instagram.com\\\/informelitoral\\\/\",\"https:\\\/\\\/www.youtube.com\\\/channel\\\/UCua4Qvz8Icb6MYqhoq9xLXw\"]},{\"@type\":\"Person\",\"@id\":\"https:\\\/\\\/informelitoral.com.ar\\\/#\\\/schema\\\/person\\\/b9d00407c836482871ef1d57bf8e3180\",\"name\":\"Gonzalo Schmidt\",\"image\":{\"@type\":\"ImageObject\",\"inLanguage\":\"es\",\"@id\":\"https:\\\/\\\/secure.gravatar.com\\\/avatar\\\/31a1a7b66ff2de83bd0e9fd79d026630d2d99e55e8bfe501287647b4fd9743de?s=96&d=mm&r=g\",\"url\":\"https:\\\/\\\/secure.gravatar.com\\\/avatar\\\/31a1a7b66ff2de83bd0e9fd79d026630d2d99e55e8bfe501287647b4fd9743de?s=96&d=mm&r=g\",\"contentUrl\":\"https:\\\/\\\/secure.gravatar.com\\\/avatar\\\/31a1a7b66ff2de83bd0e9fd79d026630d2d99e55e8bfe501287647b4fd9743de?s=96&d=mm&r=g\",\"caption\":\"Gonzalo Schmidt\"},\"description\":\"Sitio web de noticias de la provincia de Entre R\u00edos, Argentina. Informaci\u00f3n y entretenimiento. Informe Litoral, nos informamos.\",\"sameAs\":[\"http:\\\/\\\/www.isletasnoticias.com.ar\"],\"url\":\"https:\\\/\\\/informelitoral.com.ar\\\/author\\\/gonzalo\\\/\"}]}<\/script>","yoast_head_json":{"title":"Reclaman la restituci\u00f3n de una ni\u00f1a separada de su padre y abuela - Informe Litoral","robots":{"index":"index","follow":"follow","max-snippet":"max-snippet:-1","max-image-preview":"max-image-preview:large","max-video-preview":"max-video-preview:-1"},"canonical":"https:\/\/informelitoral.com.ar\/reclaman-la-restitucion-de-una-nina-separada-de-su-padre-y-abuela\/","og_locale":"es_ES","og_type":"article","og_title":"Reclaman la restituci\u00f3n de una ni\u00f1a separada de su padre y abuela - Informe Litoral","og_description":"La peque\u00f1a fue criada durante siete a\u00f1os por su padre y abuela paterna en San Benito. La familia denuncia \"una intervenci\u00f3n judicial sin escucha previa a la menor ni resguardo de su centro de vida\".","og_url":"https:\/\/informelitoral.com.ar\/reclaman-la-restitucion-de-una-nina-separada-de-su-padre-y-abuela\/","og_site_name":"Informe Litoral","article_publisher":"https:\/\/www.facebook.com\/informelitoral\/","article_published_time":"2025-04-19T22:59:43+00:00","article_modified_time":"2025-04-20T00:20:45+00:00","og_image":[{"url":"https:\/\/admin.desdeentrerios.com.ar\/wp-content\/uploads\/2023\/07\/SAN-BENITO-CIUDAD-2020-1.jpg","type":"","width":"","height":""},{"width":900,"height":506,"url":"https:\/\/admin.desdeentrerios.com.ar\/wp-content\/uploads\/2023\/07\/SAN-BENITO-CIUDAD-2020-1.jpg","type":"image\/jpeg"}],"author":"Gonzalo Schmidt","twitter_card":"summary_large_image","twitter_image":"https:\/\/admin.desdeentrerios.com.ar\/wp-content\/uploads\/2023\/07\/SAN-BENITO-CIUDAD-2020-1.jpg","twitter_creator":"@InformeLitoral","twitter_site":"@InformeLitoral","twitter_misc":{"Escrito por":"Gonzalo Schmidt","Tiempo de lectura":"2 minutos"},"schema":{"@context":"https:\/\/schema.org","@graph":[{"@type":"Article","@id":"https:\/\/informelitoral.com.ar\/reclaman-la-restitucion-de-una-nina-separada-de-su-padre-y-abuela\/#article","isPartOf":{"@id":"https:\/\/informelitoral.com.ar\/reclaman-la-restitucion-de-una-nina-separada-de-su-padre-y-abuela\/"},"author":{"name":"Gonzalo Schmidt","@id":"https:\/\/informelitoral.com.ar\/#\/schema\/person\/b9d00407c836482871ef1d57bf8e3180"},"headline":"Reclaman la restituci\u00f3n de una ni\u00f1a separada de su padre y abuela","datePublished":"2025-04-19T22:59:43+00:00","dateModified":"2025-04-20T00:20:45+00:00","mainEntityOfPage":{"@id":"https:\/\/informelitoral.com.ar\/reclaman-la-restitucion-de-una-nina-separada-de-su-padre-y-abuela\/"},"wordCount":339,"commentCount":0,"publisher":{"@id":"https:\/\/informelitoral.com.ar\/#organization"},"image":{"@id":"https:\/\/informelitoral.com.ar\/reclaman-la-restitucion-de-una-nina-separada-de-su-padre-y-abuela\/#primaryimage"},"thumbnailUrl":"https:\/\/admin.desdeentrerios.com.ar\/%77%70%2d%63%6f%6e%74%65%6e%74\/uploads\/2023\/07\/SAN-BENITO-CIUDAD-2020-1.jpg","keywords":["San Benito"],"articleSection":["Policiales"],"inLanguage":"es","potentialAction":[{"@type":"CommentAction","name":"Comment","target":["https:\/\/informelitoral.com.ar\/reclaman-la-restitucion-de-una-nina-separada-de-su-padre-y-abuela\/#respond"]}]},{"@type":"WebPage","@id":"https:\/\/informelitoral.com.ar\/reclaman-la-restitucion-de-una-nina-separada-de-su-padre-y-abuela\/","url":"https:\/\/informelitoral.com.ar\/reclaman-la-restitucion-de-una-nina-separada-de-su-padre-y-abuela\/","name":"Reclaman la restituci\u00f3n de una ni\u00f1a separada de su padre y abuela - Informe Litoral","isPartOf":{"@id":"https:\/\/informelitoral.com.ar\/#website"},"primaryImageOfPage":{"@id":"https:\/\/informelitoral.com.ar\/reclaman-la-restitucion-de-una-nina-separada-de-su-padre-y-abuela\/#primaryimage"},"image":{"@id":"https:\/\/informelitoral.com.ar\/reclaman-la-restitucion-de-una-nina-separada-de-su-padre-y-abuela\/#primaryimage"},"thumbnailUrl":"https:\/\/admin.desdeentrerios.com.ar\/%77%70%2d%63%6f%6e%74%65%6e%74\/uploads\/2023\/07\/SAN-BENITO-CIUDAD-2020-1.jpg","datePublished":"2025-04-19T22:59:43+00:00","dateModified":"2025-04-20T00:20:45+00:00","breadcrumb":{"@id":"https:\/\/informelitoral.com.ar\/reclaman-la-restitucion-de-una-nina-separada-de-su-padre-y-abuela\/#breadcrumb"},"inLanguage":"es","potentialAction":[{"@type":"ReadAction","target":["https:\/\/informelitoral.com.ar\/reclaman-la-restitucion-de-una-nina-separada-de-su-padre-y-abuela\/"]}]},{"@type":"ImageObject","inLanguage":"es","@id":"https:\/\/informelitoral.com.ar\/reclaman-la-restitucion-de-una-nina-separada-de-su-padre-y-abuela\/#primaryimage","url":"https:\/\/admin.desdeentrerios.com.ar\/%77%70%2d%63%6f%6e%74%65%6e%74\/uploads\/2023\/07\/SAN-BENITO-CIUDAD-2020-1.jpg","contentUrl":"https:\/\/admin.desdeentrerios.com.ar\/%77%70%2d%63%6f%6e%74%65%6e%74\/uploads\/2023\/07\/SAN-BENITO-CIUDAD-2020-1.jpg","width":"900","height":"506"},{"@type":"BreadcrumbList","@id":"https:\/\/informelitoral.com.ar\/reclaman-la-restitucion-de-una-nina-separada-de-su-padre-y-abuela\/#breadcrumb","itemListElement":[{"@type":"ListItem","position":1,"name":"Portada","item":"https:\/\/informelitoral.com.ar\/"},{"@type":"ListItem","position":2,"name":"Reclaman la restituci\u00f3n de una ni\u00f1a separada de su padre y abuela"}]},{"@type":"WebSite","@id":"https:\/\/informelitoral.com.ar\/#website","url":"https:\/\/informelitoral.com.ar\/","name":"Informe Litoral","description":"&quot;Nos informamos&quot; ","publisher":{"@id":"https:\/\/informelitoral.com.ar\/#organization"},"potentialAction":[{"@type":"SearchAction","target":{"@type":"EntryPoint","urlTemplate":"https:\/\/informelitoral.com.ar\/?s={search_term_string}"},"query-input":{"@type":"PropertyValueSpecification","valueRequired":true,"valueName":"search_term_string"}}],"inLanguage":"es"},{"@type":"Organization","@id":"https:\/\/informelitoral.com.ar\/#organization","name":"Informe Litoral","url":"https:\/\/informelitoral.com.ar\/","logo":{"@type":"ImageObject","inLanguage":"es","@id":"https:\/\/informelitoral.com.ar\/#\/schema\/logo\/image\/","url":"https:\/\/informelitoral.com.ar\/%77%70%2d%63%6f%6e%74%65%6e%74\/uploads\/2021\/01\/circulo.png","contentUrl":"https:\/\/informelitoral.com.ar\/%77%70%2d%63%6f%6e%74%65%6e%74\/uploads\/2021\/01\/circulo.png","width":723,"height":731,"caption":"Informe Litoral"},"image":{"@id":"https:\/\/informelitoral.com.ar\/#\/schema\/logo\/image\/"},"sameAs":["https:\/\/www.facebook.com\/informelitoral\/","https:\/\/x.com\/InformeLitoral","https:\/\/www.instagram.com\/informelitoral\/","https:\/\/www.youtube.com\/channel\/UCua4Qvz8Icb6MYqhoq9xLXw"]},{"@type":"Person","@id":"https:\/\/informelitoral.com.ar\/#\/schema\/person\/b9d00407c836482871ef1d57bf8e3180","name":"Gonzalo Schmidt","image":{"@type":"ImageObject","inLanguage":"es","@id":"https:\/\/secure.gravatar.com\/avatar\/31a1a7b66ff2de83bd0e9fd79d026630d2d99e55e8bfe501287647b4fd9743de?s=96&d=mm&r=g","url":"https:\/\/secure.gravatar.com\/avatar\/31a1a7b66ff2de83bd0e9fd79d026630d2d99e55e8bfe501287647b4fd9743de?s=96&d=mm&r=g","contentUrl":"https:\/\/secure.gravatar.com\/avatar\/31a1a7b66ff2de83bd0e9fd79d026630d2d99e55e8bfe501287647b4fd9743de?s=96&d=mm&r=g","caption":"Gonzalo Schmidt"},"description":"Sitio web de noticias de la provincia de Entre R\u00edos, Argentina. Informaci\u00f3n y entretenimiento. Informe Litoral, nos informamos.","sameAs":["http:\/\/www.isletasnoticias.com.ar"],"url":"https:\/\/informelitoral.com.ar\/author\/gonzalo\/"}]}},"fifu_image_url":"https:\/\/admin.desdeentrerios.com.ar\/wp-content\/uploads\/2023\/07\/SAN-BENITO-CIUDAD-2020-1.jpg","_links":{"self":[{"href":"https:\/\/informelitoral.com.ar\/%77%70%2d%6a%73%6f%6e\/wp\/v2\/posts\/218799","targetHints":{"allow":["GET"]}}],"collection":[{"href":"https:\/\/informelitoral.com.ar\/%77%70%2d%6a%73%6f%6e\/wp\/v2\/posts"}],"about":[{"href":"https:\/\/informelitoral.com.ar\/%77%70%2d%6a%73%6f%6e\/wp\/v2\/types\/post"}],"author":[{"embeddable":true,"href":"https:\/\/informelitoral.com.ar\/%77%70%2d%6a%73%6f%6e\/wp\/v2\/users\/2"}],"replies":[{"embeddable":true,"href":"https:\/\/informelitoral.com.ar\/%77%70%2d%6a%73%6f%6e\/wp\/v2\/comments?post=218799"}],"version-history":[{"count":0,"href":"https:\/\/informelitoral.com.ar\/%77%70%2d%6a%73%6f%6e\/wp\/v2\/posts\/218799\/revisions"}],"wp:featuredmedia":[{"embeddable":true,"href":"https:\/\/informelitoral.com.ar\/%77%70%2d%6a%73%6f%6e\/wp\/v2\/media\/218800"}],"wp:attachment":[{"href":"https:\/\/informelitoral.com.ar\/%77%70%2d%6a%73%6f%6e\/wp\/v2\/media?parent=218799"}],"wp:term":[{"taxonomy":"category","embeddable":true,"href":"https:\/\/informelitoral.com.ar\/%77%70%2d%6a%73%6f%6e\/wp\/v2\/categories?post=218799"},{"taxonomy":"post_tag","embeddable":true,"href":"https:\/\/informelitoral.com.ar\/%77%70%2d%6a%73%6f%6e\/wp\/v2\/tags?post=218799"}],"curies":[{"name":"wp","href":"https:\/\/api.w.org\/{rel}","templated":true}]}}