{"id":218795,"date":"2025-04-19T19:51:06","date_gmt":"2025-04-19T22:51:06","guid":{"rendered":"https:\/\/informelitoral.com.ar\/?p=218795"},"modified":"2025-04-19T19:51:06","modified_gmt":"2025-04-19T22:51:06","slug":"pasaron-a-disponibilidad-a-los-tres-policias-violentos-de-parana","status":"publish","type":"post","link":"https:\/\/informelitoral.com.ar\/pasaron-a-disponibilidad-a-los-tres-policias-violentos-de-parana\/","title":{"rendered":"Pasaron a disponibilidad a los tres polic\u00edas violentos de Paran\u00e1"},"content":{"rendered":"<p>El Gobierno entrerriano comunic\u00f3 que pas\u00f3 a disponibilidad a los tres polic\u00edas que agredioron violentamente a un hombre en Paran\u00e1.<\/p>\n<p>De acuerdo al comunicado oficial, \u00abla situaci\u00f3n representa una grave falta a la disciplina y los principios que rigen la actuaci\u00f3n policial\u00bb.<\/p>\n<p>Es por ello que \u00ablos tres funcionarios policiales involucrados fueron inmediatamente separados de sus funciones operativas y puestos en situaci\u00f3n de disponibilidad\u00bb.<\/p>\n<p>Adem\u00e1s, agregaron: \u00abesta medida preventiva se adopta con el objetivo de garantizar la transparencia de la investigaci\u00f3n y evitar cualquier interferencia\u00bb.<\/p>\n<p>En este sentido, desde la Direcci\u00f3n General de Asuntos Judiciales \u00abse dio inmediata intervenci\u00f3n a la autoridad judicial correspondiente, a fin de que lleve adelante la investigaci\u00f3n pertinente\u00bb.<\/p>\n<p>Paralelamente, la Direcci\u00f3n General de Asuntos Internos inici\u00f3 la investigaci\u00f3n para determinar la responsabilidad administrativa, independientemente de la intervenci\u00f3n de la Justicia.<\/p>\n<p>\u00abEsta gesti\u00f3n ministerial y la Jefatura de Polic\u00eda reiteran su absoluta inflexibilidad ante cualquier conducta que se desv\u00ede de los valores \u00e9ticos y el profesionalismo que deben caracterizar a la fuerza policial. Hechos como los denunciados socavan la confianza de la ciudadan\u00eda, deshonran el compromiso de la gran mayor\u00eda de los efectivos que cumplen su deber con vocaci\u00f3n de servicio y da\u00f1an la imagen y prestigio de la Instituci\u00f3n\u00bb, resaltaron en el comunicado.<\/p>\n<h6><em><strong>Nota relacionada:<a href=\"https:\/\/informelitoral.com.ar\/video-investigan-la-agresion-de-policias-violentos-a-un-joven-de-parana\/\">Video: Investigan la agresi\u00f3n de polic\u00edas violentos a un joven de Paran\u00e1<\/a><\/strong><\/em><\/h6>\n","protected":false},"excerpt":{"rendered":"<p>Los efectivos hab\u00edan agredido f\u00edsica y verbalmente a un joven alba\u00f1il. Todo qued\u00f3 registrado por una c\u00e1mara de seguridad, cuyo video ya circula en medios nacionales. <\/p>\n","protected":false},"author":2,"featured_media":218796,"comment_status":"open","ping_status":"open","sticky":false,"template":"","format":"standard","meta":{"fifu_image_url":"https:\/\/i0.wp.com\/www.analisisdigital.com.ar\/sites\/default\/files\/inline\/images\/marcelo_b_3.jpg?w=1350&resize=1350,900&ssl=1","fifu_image_alt":"","footnotes":""},"categories":[14],"tags":[45,2230,2094,1540],"class_list":{"0":"post-218795","1":"post","2":"type-post","3":"status-publish","4":"format-standard","5":"has-post-thumbnail","7":"category-policiales","8":"tag-parana","9":"tag-policia-de-entre-rios","10":"tag-policias","11":"tag-violencia-policial"},"yoast_head":"<title>Pasaron a disponibilidad a los tres polic\u00edas violentos de Paran\u00e1 - Informe Litoral<\/title>\n<meta name=\"robots\" content=\"index, follow, max-snippet:-1, max-image-preview:large, max-video-preview:-1\" \/>\n<link rel=\"canonical\" href=\"https:\/\/informelitoral.com.ar\/pasaron-a-disponibilidad-a-los-tres-policias-violentos-de-parana\/\" \/>\n<meta property=\"og:locale\" content=\"es_ES\" \/>\n<meta property=\"og:type\" content=\"article\" \/>\n<meta property=\"og:title\" content=\"Pasaron a disponibilidad a los tres polic\u00edas violentos de Paran\u00e1 - Informe Litoral\" \/>\n<meta property=\"og:description\" content=\"Los efectivos hab\u00edan agredido f\u00edsica y verbalmente a un joven alba\u00f1il. Todo qued\u00f3 registrado por una c\u00e1mara de seguridad, cuyo video ya circula en medios nacionales.\" \/>\n<meta property=\"og:url\" content=\"https:\/\/informelitoral.com.ar\/pasaron-a-disponibilidad-a-los-tres-policias-violentos-de-parana\/\" \/>\n<meta property=\"og:site_name\" content=\"Informe Litoral\" \/>\n<meta property=\"article:publisher\" content=\"https:\/\/www.facebook.com\/informelitoral\/\" \/>\n<meta property=\"article:published_time\" content=\"2025-04-19T22:51:06+00:00\" \/>\n<meta property=\"og:image\" content=\"https:\/\/i0.wp.com\/www.analisisdigital.com.ar\/sites\/default\/files\/inline\/images\/marcelo_b_3.jpg?w=1350&resize=1350,900&ssl=1\" \/>\n<meta name=\"author\" content=\"Gonzalo Schmidt\" \/>\n<meta name=\"twitter:card\" content=\"summary_large_image\" \/>\n<meta name=\"twitter:image\" content=\"https:\/\/i0.wp.com\/www.analisisdigital.com.ar\/sites\/default\/files\/inline\/images\/marcelo_b_3.jpg?w=1350&resize=1350,900&ssl=1\" \/>\n<meta name=\"twitter:creator\" content=\"@InformeLitoral\" \/>\n<meta name=\"twitter:site\" content=\"@InformeLitoral\" \/>\n<meta name=\"twitter:label1\" content=\"Escrito por\" \/>\n\t<meta name=\"twitter:data1\" content=\"Gonzalo Schmidt\" \/>\n\t<meta name=\"twitter:label2\" content=\"Tiempo de lectura\" \/>\n\t<meta name=\"twitter:data2\" content=\"1 minuto\" \/>\n<script type=\"application\/ld+json\" class=\"yoast-schema-graph\">{\"@context\":\"https:\\\/\\\/schema.org\",\"@graph\":[{\"@type\":\"Article\",\"@id\":\"https:\\\/\\\/informelitoral.com.ar\\\/pasaron-a-disponibilidad-a-los-tres-policias-violentos-de-parana\\\/#article\",\"isPartOf\":{\"@id\":\"https:\\\/\\\/informelitoral.com.ar\\\/pasaron-a-disponibilidad-a-los-tres-policias-violentos-de-parana\\\/\"},\"author\":{\"name\":\"Gonzalo Schmidt\",\"@id\":\"https:\\\/\\\/informelitoral.com.ar\\\/#\\\/schema\\\/person\\\/b9d00407c836482871ef1d57bf8e3180\"},\"headline\":\"Pasaron a disponibilidad a los tres polic\u00edas violentos de Paran\u00e1\",\"datePublished\":\"2025-04-19T22:51:06+00:00\",\"mainEntityOfPage\":{\"@id\":\"https:\\\/\\\/informelitoral.com.ar\\\/pasaron-a-disponibilidad-a-los-tres-policias-violentos-de-parana\\\/\"},\"wordCount\":255,\"commentCount\":0,\"publisher\":{\"@id\":\"https:\\\/\\\/informelitoral.com.ar\\\/#organization\"},\"image\":{\"@id\":\"https:\\\/\\\/informelitoral.com.ar\\\/pasaron-a-disponibilidad-a-los-tres-policias-violentos-de-parana\\\/#primaryimage\"},\"thumbnailUrl\":\"https:\\\/\\\/i0.wp.com\\\/www.analisisdigital.com.ar\\\/sites\\\/default\\\/files\\\/inline\\\/images\\\/marcelo_b_3.jpg?w=1350&resize=1350,900&ssl=1\",\"keywords\":[\"Paran\u00e1\",\"Polic\u00eda de Entre R\u00edos\",\"Policias\",\"Violencia policial\"],\"articleSection\":[\"Policiales\"],\"inLanguage\":\"es\",\"potentialAction\":[{\"@type\":\"CommentAction\",\"name\":\"Comment\",\"target\":[\"https:\\\/\\\/informelitoral.com.ar\\\/pasaron-a-disponibilidad-a-los-tres-policias-violentos-de-parana\\\/#respond\"]}]},{\"@type\":\"WebPage\",\"@id\":\"https:\\\/\\\/informelitoral.com.ar\\\/pasaron-a-disponibilidad-a-los-tres-policias-violentos-de-parana\\\/\",\"url\":\"https:\\\/\\\/informelitoral.com.ar\\\/pasaron-a-disponibilidad-a-los-tres-policias-violentos-de-parana\\\/\",\"name\":\"Pasaron a disponibilidad a los tres polic\u00edas violentos de Paran\u00e1 - Informe Litoral\",\"isPartOf\":{\"@id\":\"https:\\\/\\\/informelitoral.com.ar\\\/#website\"},\"primaryImageOfPage\":{\"@id\":\"https:\\\/\\\/informelitoral.com.ar\\\/pasaron-a-disponibilidad-a-los-tres-policias-violentos-de-parana\\\/#primaryimage\"},\"image\":{\"@id\":\"https:\\\/\\\/informelitoral.com.ar\\\/pasaron-a-disponibilidad-a-los-tres-policias-violentos-de-parana\\\/#primaryimage\"},\"thumbnailUrl\":\"https:\\\/\\\/i0.wp.com\\\/www.analisisdigital.com.ar\\\/sites\\\/default\\\/files\\\/inline\\\/images\\\/marcelo_b_3.jpg?w=1350&resize=1350,900&ssl=1\",\"datePublished\":\"2025-04-19T22:51:06+00:00\",\"breadcrumb\":{\"@id\":\"https:\\\/\\\/informelitoral.com.ar\\\/pasaron-a-disponibilidad-a-los-tres-policias-violentos-de-parana\\\/#breadcrumb\"},\"inLanguage\":\"es\",\"potentialAction\":[{\"@type\":\"ReadAction\",\"target\":[\"https:\\\/\\\/informelitoral.com.ar\\\/pasaron-a-disponibilidad-a-los-tres-policias-violentos-de-parana\\\/\"]}]},{\"@type\":\"ImageObject\",\"inLanguage\":\"es\",\"@id\":\"https:\\\/\\\/informelitoral.com.ar\\\/pasaron-a-disponibilidad-a-los-tres-policias-violentos-de-parana\\\/#primaryimage\",\"url\":\"https:\\\/\\\/i0.wp.com\\\/www.analisisdigital.com.ar\\\/sites\\\/default\\\/files\\\/inline\\\/images\\\/marcelo_b_3.jpg?w=1350&resize=1350,900&ssl=1\",\"contentUrl\":\"https:\\\/\\\/i0.wp.com\\\/www.analisisdigital.com.ar\\\/sites\\\/default\\\/files\\\/inline\\\/images\\\/marcelo_b_3.jpg?w=1350&resize=1350,900&ssl=1\",\"width\":\"1350\",\"height\":\"900\"},{\"@type\":\"BreadcrumbList\",\"@id\":\"https:\\\/\\\/informelitoral.com.ar\\\/pasaron-a-disponibilidad-a-los-tres-policias-violentos-de-parana\\\/#breadcrumb\",\"itemListElement\":[{\"@type\":\"ListItem\",\"position\":1,\"name\":\"Portada\",\"item\":\"https:\\\/\\\/informelitoral.com.ar\\\/\"},{\"@type\":\"ListItem\",\"position\":2,\"name\":\"Pasaron a disponibilidad a los tres polic\u00edas violentos de Paran\u00e1\"}]},{\"@type\":\"WebSite\",\"@id\":\"https:\\\/\\\/informelitoral.com.ar\\\/#website\",\"url\":\"https:\\\/\\\/informelitoral.com.ar\\\/\",\"name\":\"Informe Litoral\",\"description\":\"&quot;Nos informamos&quot; \",\"publisher\":{\"@id\":\"https:\\\/\\\/informelitoral.com.ar\\\/#organization\"},\"potentialAction\":[{\"@type\":\"SearchAction\",\"target\":{\"@type\":\"EntryPoint\",\"urlTemplate\":\"https:\\\/\\\/informelitoral.com.ar\\\/?s={search_term_string}\"},\"query-input\":{\"@type\":\"PropertyValueSpecification\",\"valueRequired\":true,\"valueName\":\"search_term_string\"}}],\"inLanguage\":\"es\"},{\"@type\":\"Organization\",\"@id\":\"https:\\\/\\\/informelitoral.com.ar\\\/#organization\",\"name\":\"Informe Litoral\",\"url\":\"https:\\\/\\\/informelitoral.com.ar\\\/\",\"logo\":{\"@type\":\"ImageObject\",\"inLanguage\":\"es\",\"@id\":\"https:\\\/\\\/informelitoral.com.ar\\\/#\\\/schema\\\/logo\\\/image\\\/\",\"url\":\"https:\\\/\\\/informelitoral.com.ar\\\/%77%70%2d%63%6f%6e%74%65%6e%74\\\/uploads\\\/2021\\\/01\\\/circulo.png\",\"contentUrl\":\"https:\\\/\\\/informelitoral.com.ar\\\/%77%70%2d%63%6f%6e%74%65%6e%74\\\/uploads\\\/2021\\\/01\\\/circulo.png\",\"width\":723,\"height\":731,\"caption\":\"Informe Litoral\"},\"image\":{\"@id\":\"https:\\\/\\\/informelitoral.com.ar\\\/#\\\/schema\\\/logo\\\/image\\\/\"},\"sameAs\":[\"https:\\\/\\\/www.facebook.com\\\/informelitoral\\\/\",\"https:\\\/\\\/x.com\\\/InformeLitoral\",\"https:\\\/\\\/www.instagram.com\\\/informelitoral\\\/\",\"https:\\\/\\\/www.youtube.com\\\/channel\\\/UCua4Qvz8Icb6MYqhoq9xLXw\"]},{\"@type\":\"Person\",\"@id\":\"https:\\\/\\\/informelitoral.com.ar\\\/#\\\/schema\\\/person\\\/b9d00407c836482871ef1d57bf8e3180\",\"name\":\"Gonzalo Schmidt\",\"image\":{\"@type\":\"ImageObject\",\"inLanguage\":\"es\",\"@id\":\"https:\\\/\\\/secure.gravatar.com\\\/avatar\\\/31a1a7b66ff2de83bd0e9fd79d026630d2d99e55e8bfe501287647b4fd9743de?s=96&d=mm&r=g\",\"url\":\"https:\\\/\\\/secure.gravatar.com\\\/avatar\\\/31a1a7b66ff2de83bd0e9fd79d026630d2d99e55e8bfe501287647b4fd9743de?s=96&d=mm&r=g\",\"contentUrl\":\"https:\\\/\\\/secure.gravatar.com\\\/avatar\\\/31a1a7b66ff2de83bd0e9fd79d026630d2d99e55e8bfe501287647b4fd9743de?s=96&d=mm&r=g\",\"caption\":\"Gonzalo Schmidt\"},\"description\":\"Sitio web de noticias de la provincia de Entre R\u00edos, Argentina. Informaci\u00f3n y entretenimiento. Informe Litoral, nos informamos.\",\"sameAs\":[\"http:\\\/\\\/www.isletasnoticias.com.ar\"],\"url\":\"https:\\\/\\\/informelitoral.com.ar\\\/author\\\/gonzalo\\\/\"}]}<\/script>","yoast_head_json":{"title":"Pasaron a disponibilidad a los tres polic\u00edas violentos de Paran\u00e1 - Informe Litoral","robots":{"index":"index","follow":"follow","max-snippet":"max-snippet:-1","max-image-preview":"max-image-preview:large","max-video-preview":"max-video-preview:-1"},"canonical":"https:\/\/informelitoral.com.ar\/pasaron-a-disponibilidad-a-los-tres-policias-violentos-de-parana\/","og_locale":"es_ES","og_type":"article","og_title":"Pasaron a disponibilidad a los tres polic\u00edas violentos de Paran\u00e1 - Informe Litoral","og_description":"Los efectivos hab\u00edan agredido f\u00edsica y verbalmente a un joven alba\u00f1il. Todo qued\u00f3 registrado por una c\u00e1mara de seguridad, cuyo video ya circula en medios nacionales.","og_url":"https:\/\/informelitoral.com.ar\/pasaron-a-disponibilidad-a-los-tres-policias-violentos-de-parana\/","og_site_name":"Informe Litoral","article_publisher":"https:\/\/www.facebook.com\/informelitoral\/","article_published_time":"2025-04-19T22:51:06+00:00","og_image":[{"url":"https:\/\/i0.wp.com\/www.analisisdigital.com.ar\/sites\/default\/files\/inline\/images\/marcelo_b_3.jpg?w=1350&resize=1350,900&ssl=1","type":"","width":"","height":""}],"author":"Gonzalo Schmidt","twitter_card":"summary_large_image","twitter_image":"https:\/\/i0.wp.com\/www.analisisdigital.com.ar\/sites\/default\/files\/inline\/images\/marcelo_b_3.jpg?w=1350&resize=1350,900&ssl=1","twitter_creator":"@InformeLitoral","twitter_site":"@InformeLitoral","twitter_misc":{"Escrito por":"Gonzalo Schmidt","Tiempo de lectura":"1 minuto"},"schema":{"@context":"https:\/\/schema.org","@graph":[{"@type":"Article","@id":"https:\/\/informelitoral.com.ar\/pasaron-a-disponibilidad-a-los-tres-policias-violentos-de-parana\/#article","isPartOf":{"@id":"https:\/\/informelitoral.com.ar\/pasaron-a-disponibilidad-a-los-tres-policias-violentos-de-parana\/"},"author":{"name":"Gonzalo Schmidt","@id":"https:\/\/informelitoral.com.ar\/#\/schema\/person\/b9d00407c836482871ef1d57bf8e3180"},"headline":"Pasaron a disponibilidad a los tres polic\u00edas violentos de Paran\u00e1","datePublished":"2025-04-19T22:51:06+00:00","mainEntityOfPage":{"@id":"https:\/\/informelitoral.com.ar\/pasaron-a-disponibilidad-a-los-tres-policias-violentos-de-parana\/"},"wordCount":255,"commentCount":0,"publisher":{"@id":"https:\/\/informelitoral.com.ar\/#organization"},"image":{"@id":"https:\/\/informelitoral.com.ar\/pasaron-a-disponibilidad-a-los-tres-policias-violentos-de-parana\/#primaryimage"},"thumbnailUrl":"https:\/\/i0.wp.com\/www.analisisdigital.com.ar\/sites\/default\/files\/inline\/images\/marcelo_b_3.jpg?w=1350&resize=1350,900&ssl=1","keywords":["Paran\u00e1","Polic\u00eda de Entre R\u00edos","Policias","Violencia policial"],"articleSection":["Policiales"],"inLanguage":"es","potentialAction":[{"@type":"CommentAction","name":"Comment","target":["https:\/\/informelitoral.com.ar\/pasaron-a-disponibilidad-a-los-tres-policias-violentos-de-parana\/#respond"]}]},{"@type":"WebPage","@id":"https:\/\/informelitoral.com.ar\/pasaron-a-disponibilidad-a-los-tres-policias-violentos-de-parana\/","url":"https:\/\/informelitoral.com.ar\/pasaron-a-disponibilidad-a-los-tres-policias-violentos-de-parana\/","name":"Pasaron a disponibilidad a los tres polic\u00edas violentos de Paran\u00e1 - Informe Litoral","isPartOf":{"@id":"https:\/\/informelitoral.com.ar\/#website"},"primaryImageOfPage":{"@id":"https:\/\/informelitoral.com.ar\/pasaron-a-disponibilidad-a-los-tres-policias-violentos-de-parana\/#primaryimage"},"image":{"@id":"https:\/\/informelitoral.com.ar\/pasaron-a-disponibilidad-a-los-tres-policias-violentos-de-parana\/#primaryimage"},"thumbnailUrl":"https:\/\/i0.wp.com\/www.analisisdigital.com.ar\/sites\/default\/files\/inline\/images\/marcelo_b_3.jpg?w=1350&resize=1350,900&ssl=1","datePublished":"2025-04-19T22:51:06+00:00","breadcrumb":{"@id":"https:\/\/informelitoral.com.ar\/pasaron-a-disponibilidad-a-los-tres-policias-violentos-de-parana\/#breadcrumb"},"inLanguage":"es","potentialAction":[{"@type":"ReadAction","target":["https:\/\/informelitoral.com.ar\/pasaron-a-disponibilidad-a-los-tres-policias-violentos-de-parana\/"]}]},{"@type":"ImageObject","inLanguage":"es","@id":"https:\/\/informelitoral.com.ar\/pasaron-a-disponibilidad-a-los-tres-policias-violentos-de-parana\/#primaryimage","url":"https:\/\/i0.wp.com\/www.analisisdigital.com.ar\/sites\/default\/files\/inline\/images\/marcelo_b_3.jpg?w=1350&resize=1350,900&ssl=1","contentUrl":"https:\/\/i0.wp.com\/www.analisisdigital.com.ar\/sites\/default\/files\/inline\/images\/marcelo_b_3.jpg?w=1350&resize=1350,900&ssl=1","width":"1350","height":"900"},{"@type":"BreadcrumbList","@id":"https:\/\/informelitoral.com.ar\/pasaron-a-disponibilidad-a-los-tres-policias-violentos-de-parana\/#breadcrumb","itemListElement":[{"@type":"ListItem","position":1,"name":"Portada","item":"https:\/\/informelitoral.com.ar\/"},{"@type":"ListItem","position":2,"name":"Pasaron a disponibilidad a los tres polic\u00edas violentos de Paran\u00e1"}]},{"@type":"WebSite","@id":"https:\/\/informelitoral.com.ar\/#website","url":"https:\/\/informelitoral.com.ar\/","name":"Informe Litoral","description":"&quot;Nos informamos&quot; ","publisher":{"@id":"https:\/\/informelitoral.com.ar\/#organization"},"potentialAction":[{"@type":"SearchAction","target":{"@type":"EntryPoint","urlTemplate":"https:\/\/informelitoral.com.ar\/?s={search_term_string}"},"query-input":{"@type":"PropertyValueSpecification","valueRequired":true,"valueName":"search_term_string"}}],"inLanguage":"es"},{"@type":"Organization","@id":"https:\/\/informelitoral.com.ar\/#organization","name":"Informe Litoral","url":"https:\/\/informelitoral.com.ar\/","logo":{"@type":"ImageObject","inLanguage":"es","@id":"https:\/\/informelitoral.com.ar\/#\/schema\/logo\/image\/","url":"https:\/\/informelitoral.com.ar\/%77%70%2d%63%6f%6e%74%65%6e%74\/uploads\/2021\/01\/circulo.png","contentUrl":"https:\/\/informelitoral.com.ar\/%77%70%2d%63%6f%6e%74%65%6e%74\/uploads\/2021\/01\/circulo.png","width":723,"height":731,"caption":"Informe Litoral"},"image":{"@id":"https:\/\/informelitoral.com.ar\/#\/schema\/logo\/image\/"},"sameAs":["https:\/\/www.facebook.com\/informelitoral\/","https:\/\/x.com\/InformeLitoral","https:\/\/www.instagram.com\/informelitoral\/","https:\/\/www.youtube.com\/channel\/UCua4Qvz8Icb6MYqhoq9xLXw"]},{"@type":"Person","@id":"https:\/\/informelitoral.com.ar\/#\/schema\/person\/b9d00407c836482871ef1d57bf8e3180","name":"Gonzalo Schmidt","image":{"@type":"ImageObject","inLanguage":"es","@id":"https:\/\/secure.gravatar.com\/avatar\/31a1a7b66ff2de83bd0e9fd79d026630d2d99e55e8bfe501287647b4fd9743de?s=96&d=mm&r=g","url":"https:\/\/secure.gravatar.com\/avatar\/31a1a7b66ff2de83bd0e9fd79d026630d2d99e55e8bfe501287647b4fd9743de?s=96&d=mm&r=g","contentUrl":"https:\/\/secure.gravatar.com\/avatar\/31a1a7b66ff2de83bd0e9fd79d026630d2d99e55e8bfe501287647b4fd9743de?s=96&d=mm&r=g","caption":"Gonzalo Schmidt"},"description":"Sitio web de noticias de la provincia de Entre R\u00edos, Argentina. Informaci\u00f3n y entretenimiento. Informe Litoral, nos informamos.","sameAs":["http:\/\/www.isletasnoticias.com.ar"],"url":"https:\/\/informelitoral.com.ar\/author\/gonzalo\/"}]}},"fifu_image_url":"https:\/\/i0.wp.com\/www.analisisdigital.com.ar\/sites\/default\/files\/inline\/images\/marcelo_b_3.jpg?w=1350&resize=1350,900&ssl=1","_links":{"self":[{"href":"https:\/\/informelitoral.com.ar\/%77%70%2d%6a%73%6f%6e\/wp\/v2\/posts\/218795","targetHints":{"allow":["GET"]}}],"collection":[{"href":"https:\/\/informelitoral.com.ar\/%77%70%2d%6a%73%6f%6e\/wp\/v2\/posts"}],"about":[{"href":"https:\/\/informelitoral.com.ar\/%77%70%2d%6a%73%6f%6e\/wp\/v2\/types\/post"}],"author":[{"embeddable":true,"href":"https:\/\/informelitoral.com.ar\/%77%70%2d%6a%73%6f%6e\/wp\/v2\/users\/2"}],"replies":[{"embeddable":true,"href":"https:\/\/informelitoral.com.ar\/%77%70%2d%6a%73%6f%6e\/wp\/v2\/comments?post=218795"}],"version-history":[{"count":0,"href":"https:\/\/informelitoral.com.ar\/%77%70%2d%6a%73%6f%6e\/wp\/v2\/posts\/218795\/revisions"}],"wp:featuredmedia":[{"embeddable":true,"href":"https:\/\/informelitoral.com.ar\/%77%70%2d%6a%73%6f%6e\/wp\/v2\/media\/218796"}],"wp:attachment":[{"href":"https:\/\/informelitoral.com.ar\/%77%70%2d%6a%73%6f%6e\/wp\/v2\/media?parent=218795"}],"wp:term":[{"taxonomy":"category","embeddable":true,"href":"https:\/\/informelitoral.com.ar\/%77%70%2d%6a%73%6f%6e\/wp\/v2\/categories?post=218795"},{"taxonomy":"post_tag","embeddable":true,"href":"https:\/\/informelitoral.com.ar\/%77%70%2d%6a%73%6f%6e\/wp\/v2\/tags?post=218795"}],"curies":[{"name":"wp","href":"https:\/\/api.w.org\/{rel}","templated":true}]}}