{"id":218792,"date":"2025-04-18T18:14:33","date_gmt":"2025-04-18T21:14:33","guid":{"rendered":"https:\/\/informelitoral.com.ar\/?p=218792"},"modified":"2025-04-18T21:18:04","modified_gmt":"2025-04-19T00:18:04","slug":"encontraron-muerto-al-nino-que-desaparecio-en-el-rio-parana-junto-a-su-papa","status":"publish","type":"post","link":"https:\/\/informelitoral.com.ar\/encontraron-muerto-al-nino-que-desaparecio-en-el-rio-parana-junto-a-su-papa\/","title":{"rendered":"Encontraron muerto al ni\u00f1o que desapareci\u00f3 en el r\u00edo Paran\u00e1 junto a su pap\u00e1"},"content":{"rendered":"<section class=\"body-content\" data-twitter-link=\"https:\/\/twitter.com\/intent\/tweet?url=https:\/\/www.lmneuquen.com\/c1186936&amp;v\u00eda=lmneuquen&amp;related=LM Neuquen&amp;text=\" data-td-script-src=\"https:\/\/www.lmneuquen.com\/js-custom\/195\/v2\/jquery-3.6.0.min-min-version-1744949289.js,https:\/\/www.lmneuquen.com\/js-custom\/195\/v2\/functions\/function-embeds-min-version-1744949289.js\">\n<p data-mrf-recirculation=\"Links art\u00edculo\">Fue hallado sin vida el ni\u00f1o de cuatro a\u00f1os que hab\u00eda desaparecido en el r\u00edo Paran\u00e1,\u00a0junto a su pap\u00e1. La hip\u00f3tesis central indica que se cay\u00f3 de la lancha en la que circulaba, a la altura de la ciudad de Reconquista,\u00a0<strong>provincia de Santa Fe.<\/strong><\/p>\n<p data-mrf-recirculation=\"Links art\u00edculo\">El ni\u00f1o, identificado como <strong>Agust\u00edn Ovando<\/strong>, estaba a tres kil\u00f3metros del lugar donde qued\u00f3 la embarcaci\u00f3n. En tanto,\u00a0<strong>su padre<\/strong>, un gu\u00eda de pesca reconocido como<strong>\u00a0Pablo Ovando<\/strong>, de 44 a\u00f1os, sigue siendo intensamente buscado por las autoridades.<\/p>\n<\/section>\n<section class=\"body-content\" data-twitter-link=\"https:\/\/twitter.com\/intent\/tweet?url=https:\/\/www.lmneuquen.com\/c1186936&amp;v\u00eda=lmneuquen&amp;related=LM Neuquen&amp;text=\" data-td-script-src=\"https:\/\/www.lmneuquen.com\/js-custom\/195\/v2\/jquery-3.6.0.min-min-version-1744949289.js,https:\/\/www.lmneuquen.com\/js-custom\/195\/v2\/functions\/function-embeds-min-version-1744949289.js\">\n<p data-mrf-recirculation=\"Links art\u00edculo\">El fatal descenlace fue confirmado por el\u00a0<strong>fiscal de turno Norberto R\u00edos<\/strong>, al tiempo que la Polic\u00eda sostiene la hip\u00f3tesis de que el menor cay\u00f3 al agua cercan del canal de navegaci\u00f3n del afluente, emplazada al norte de Puerto Reconquista, seg\u00fan inform\u00f3\u00a0<em>Noticias Argentinas.<\/em><\/p>\n<\/section>\n<section class=\"body-content\" data-twitter-link=\"https:\/\/twitter.com\/intent\/tweet?url=https:\/\/www.lmneuquen.com\/c1186936&amp;v\u00eda=lmneuquen&amp;related=LM Neuquen&amp;text=\" data-td-script-src=\"https:\/\/www.lmneuquen.com\/js-custom\/195\/v2\/jquery-3.6.0.min-min-version-1744949289.js,https:\/\/www.lmneuquen.com\/js-custom\/195\/v2\/functions\/function-embeds-min-version-1744949289.js\">\n<p data-mrf-recirculation=\"Links art\u00edculo\">La familia del padre y la v\u00edctima indic\u00f3 que el \u00faltimo contacto con ellos ocurri\u00f3 a las\u00a0<strong>14:30 del martes 15 de abril<\/strong>, mientras que el retorno se preve\u00eda para el mi\u00e9rcoles 16.<\/p>\n<p data-mrf-recirculation=\"Links art\u00edculo\">Sin embargo, como los navegantes no respondieron m\u00e1s los mensajes, Valeria, la esposa del hombre, alert\u00f3 a las autoridades, las cuales\u00a0<strong>hallaron la embarcaci\u00f3n anclada en medio del Paran\u00e1,<\/strong>\u00a0con los chalecos, sin signos de violencia, pero no a Pablo y Agust\u00edn.<\/p>\n<p data-mrf-recirculation=\"Links art\u00edculo\">El cuerpo del nene fue encontrado por los buzos t\u00e1cticos de la Prefectura y trasladado a la Morgue Juduicial de Reconquista, mientras que efectivos de la Comisar\u00eda III de Avellaneda, Prefectura de Barranqueras, familiares y amigos participan de los rastrillajes para dar con el paradero del pescador.<\/p>\n<p data-mrf-recirculation=\"Links art\u00edculo\">La comunidad de\u00a0<strong>Reconquista<\/strong>, en el norte de la provincia de Santa Fe, se encontraba expectante y segu\u00eda con mucha angustia la b\u00fasqueda del ni\u00f1o y su padre gu\u00eda de pesca. Tras el hallazgo del cuerpo del ni\u00f1o, no hay consuelo.<\/p>\n<p data-mrf-recirculation=\"Links art\u00edculo\">No obstante, sigue activa la b\u00fasqueda de su padre como desde el primer d\u00eda, cuando el mi\u00e9rcoles por la ma\u00f1ana, las autoridades junto a vecinos y pescadores locales desplegaron un intenso operativo para tratar de encontrarlos.<\/p>\n<\/section>\n","protected":false},"excerpt":{"rendered":"<p>Crece con fuerza la hip\u00f3tesis de que el ni\u00f1o cay\u00f3 al r\u00edo Paran\u00e1 desde la lancha en la que circulaba con su padre. El hombre de 44 a\u00f1os sigue siendo buscado.<\/p>\n","protected":false},"author":2,"featured_media":218793,"comment_status":"open","ping_status":"open","sticky":false,"template":"","format":"standard","meta":{"fifu_image_url":"https:\/\/media.lmneuquen.com\/p\/bb3a71a63233d50d37c5e4565e1c0d45\/adjuntos\/195\/imagenes\/007\/878\/0007878546\/770x0\/smart\/buscan-un-guia-pesca-y-su-hijo-tres-anosjpg.jpg","fifu_image_alt":"","footnotes":""},"categories":[14],"tags":[2334,777,134],"class_list":{"0":"post-218792","1":"post","2":"type-post","3":"status-publish","4":"format-standard","5":"has-post-thumbnail","7":"category-policiales","8":"tag-reconquista","9":"tag-rio-parana","10":"tag-santa-fe"},"yoast_head":"<title>Encontraron muerto al ni\u00f1o que desapareci\u00f3 en el r\u00edo Paran\u00e1 junto a su pap\u00e1 - Informe Litoral<\/title>\n<meta name=\"robots\" content=\"index, follow, max-snippet:-1, max-image-preview:large, max-video-preview:-1\" \/>\n<link rel=\"canonical\" href=\"https:\/\/informelitoral.com.ar\/encontraron-muerto-al-nino-que-desaparecio-en-el-rio-parana-junto-a-su-papa\/\" \/>\n<meta property=\"og:locale\" content=\"es_ES\" \/>\n<meta property=\"og:type\" content=\"article\" \/>\n<meta property=\"og:title\" content=\"Encontraron muerto al ni\u00f1o que desapareci\u00f3 en el r\u00edo Paran\u00e1 junto a su pap\u00e1 - Informe Litoral\" \/>\n<meta property=\"og:description\" content=\"Crece con fuerza la hip\u00f3tesis de que el ni\u00f1o cay\u00f3 al r\u00edo Paran\u00e1 desde la lancha en la que circulaba con su padre. El hombre de 44 a\u00f1os sigue siendo buscado.\" \/>\n<meta property=\"og:url\" content=\"https:\/\/informelitoral.com.ar\/encontraron-muerto-al-nino-que-desaparecio-en-el-rio-parana-junto-a-su-papa\/\" \/>\n<meta property=\"og:site_name\" content=\"Informe Litoral\" \/>\n<meta property=\"article:publisher\" content=\"https:\/\/www.facebook.com\/informelitoral\/\" \/>\n<meta property=\"article:published_time\" content=\"2025-04-18T21:14:33+00:00\" \/>\n<meta property=\"article:modified_time\" content=\"2025-04-19T00:18:04+00:00\" \/>\n<meta property=\"og:image\" content=\"https:\/\/media.lmneuquen.com\/p\/bb3a71a63233d50d37c5e4565e1c0d45\/adjuntos\/195\/imagenes\/007\/878\/0007878546\/770x0\/smart\/buscan-un-guia-pesca-y-su-hijo-tres-anosjpg.jpg\" \/><meta property=\"og:image\" content=\"https:\/\/media.lmneuquen.com\/p\/bb3a71a63233d50d37c5e4565e1c0d45\/adjuntos\/195\/imagenes\/007\/878\/0007878546\/770x0\/smart\/buscan-un-guia-pesca-y-su-hijo-tres-anosjpg.jpg\" \/>\n\t<meta property=\"og:image:width\" content=\"770\" \/>\n\t<meta property=\"og:image:height\" content=\"435\" \/>\n\t<meta property=\"og:image:type\" content=\"image\/jpeg\" \/>\n<meta name=\"author\" content=\"Gonzalo Schmidt\" \/>\n<meta name=\"twitter:card\" content=\"summary_large_image\" \/>\n<meta name=\"twitter:image\" content=\"https:\/\/media.lmneuquen.com\/p\/bb3a71a63233d50d37c5e4565e1c0d45\/adjuntos\/195\/imagenes\/007\/878\/0007878546\/770x0\/smart\/buscan-un-guia-pesca-y-su-hijo-tres-anosjpg.jpg\" \/>\n<meta name=\"twitter:creator\" content=\"@InformeLitoral\" \/>\n<meta name=\"twitter:site\" content=\"@InformeLitoral\" \/>\n<meta name=\"twitter:label1\" content=\"Escrito por\" \/>\n\t<meta name=\"twitter:data1\" content=\"Gonzalo Schmidt\" \/>\n\t<meta name=\"twitter:label2\" content=\"Tiempo de lectura\" \/>\n\t<meta name=\"twitter:data2\" content=\"2 minutos\" \/>\n<script type=\"application\/ld+json\" class=\"yoast-schema-graph\">{\"@context\":\"https:\\\/\\\/schema.org\",\"@graph\":[{\"@type\":\"Article\",\"@id\":\"https:\\\/\\\/informelitoral.com.ar\\\/encontraron-muerto-al-nino-que-desaparecio-en-el-rio-parana-junto-a-su-papa\\\/#article\",\"isPartOf\":{\"@id\":\"https:\\\/\\\/informelitoral.com.ar\\\/encontraron-muerto-al-nino-que-desaparecio-en-el-rio-parana-junto-a-su-papa\\\/\"},\"author\":{\"name\":\"Gonzalo Schmidt\",\"@id\":\"https:\\\/\\\/informelitoral.com.ar\\\/#\\\/schema\\\/person\\\/b9d00407c836482871ef1d57bf8e3180\"},\"headline\":\"Encontraron muerto al ni\u00f1o que desapareci\u00f3 en el r\u00edo Paran\u00e1 junto a su pap\u00e1\",\"datePublished\":\"2025-04-18T21:14:33+00:00\",\"dateModified\":\"2025-04-19T00:18:04+00:00\",\"mainEntityOfPage\":{\"@id\":\"https:\\\/\\\/informelitoral.com.ar\\\/encontraron-muerto-al-nino-que-desaparecio-en-el-rio-parana-junto-a-su-papa\\\/\"},\"wordCount\":372,\"commentCount\":0,\"publisher\":{\"@id\":\"https:\\\/\\\/informelitoral.com.ar\\\/#organization\"},\"image\":{\"@id\":\"https:\\\/\\\/informelitoral.com.ar\\\/encontraron-muerto-al-nino-que-desaparecio-en-el-rio-parana-junto-a-su-papa\\\/#primaryimage\"},\"thumbnailUrl\":\"https:\\\/\\\/media.lmneuquen.com\\\/p\\\/bb3a71a63233d50d37c5e4565e1c0d45\\\/adjuntos\\\/195\\\/imagenes\\\/007\\\/878\\\/0007878546\\\/770x0\\\/smart\\\/buscan-un-guia-pesca-y-su-hijo-tres-anosjpg.jpg\",\"keywords\":[\"Reconquista\",\"R\u00edo Paran\u00e1\",\"Santa Fe\"],\"articleSection\":[\"Policiales\"],\"inLanguage\":\"es\",\"potentialAction\":[{\"@type\":\"CommentAction\",\"name\":\"Comment\",\"target\":[\"https:\\\/\\\/informelitoral.com.ar\\\/encontraron-muerto-al-nino-que-desaparecio-en-el-rio-parana-junto-a-su-papa\\\/#respond\"]}]},{\"@type\":\"WebPage\",\"@id\":\"https:\\\/\\\/informelitoral.com.ar\\\/encontraron-muerto-al-nino-que-desaparecio-en-el-rio-parana-junto-a-su-papa\\\/\",\"url\":\"https:\\\/\\\/informelitoral.com.ar\\\/encontraron-muerto-al-nino-que-desaparecio-en-el-rio-parana-junto-a-su-papa\\\/\",\"name\":\"Encontraron muerto al ni\u00f1o que desapareci\u00f3 en el r\u00edo Paran\u00e1 junto a su pap\u00e1 - Informe Litoral\",\"isPartOf\":{\"@id\":\"https:\\\/\\\/informelitoral.com.ar\\\/#website\"},\"primaryImageOfPage\":{\"@id\":\"https:\\\/\\\/informelitoral.com.ar\\\/encontraron-muerto-al-nino-que-desaparecio-en-el-rio-parana-junto-a-su-papa\\\/#primaryimage\"},\"image\":{\"@id\":\"https:\\\/\\\/informelitoral.com.ar\\\/encontraron-muerto-al-nino-que-desaparecio-en-el-rio-parana-junto-a-su-papa\\\/#primaryimage\"},\"thumbnailUrl\":\"https:\\\/\\\/media.lmneuquen.com\\\/p\\\/bb3a71a63233d50d37c5e4565e1c0d45\\\/adjuntos\\\/195\\\/imagenes\\\/007\\\/878\\\/0007878546\\\/770x0\\\/smart\\\/buscan-un-guia-pesca-y-su-hijo-tres-anosjpg.jpg\",\"datePublished\":\"2025-04-18T21:14:33+00:00\",\"dateModified\":\"2025-04-19T00:18:04+00:00\",\"breadcrumb\":{\"@id\":\"https:\\\/\\\/informelitoral.com.ar\\\/encontraron-muerto-al-nino-que-desaparecio-en-el-rio-parana-junto-a-su-papa\\\/#breadcrumb\"},\"inLanguage\":\"es\",\"potentialAction\":[{\"@type\":\"ReadAction\",\"target\":[\"https:\\\/\\\/informelitoral.com.ar\\\/encontraron-muerto-al-nino-que-desaparecio-en-el-rio-parana-junto-a-su-papa\\\/\"]}]},{\"@type\":\"ImageObject\",\"inLanguage\":\"es\",\"@id\":\"https:\\\/\\\/informelitoral.com.ar\\\/encontraron-muerto-al-nino-que-desaparecio-en-el-rio-parana-junto-a-su-papa\\\/#primaryimage\",\"url\":\"https:\\\/\\\/media.lmneuquen.com\\\/p\\\/bb3a71a63233d50d37c5e4565e1c0d45\\\/adjuntos\\\/195\\\/imagenes\\\/007\\\/878\\\/0007878546\\\/770x0\\\/smart\\\/buscan-un-guia-pesca-y-su-hijo-tres-anosjpg.jpg\",\"contentUrl\":\"https:\\\/\\\/media.lmneuquen.com\\\/p\\\/bb3a71a63233d50d37c5e4565e1c0d45\\\/adjuntos\\\/195\\\/imagenes\\\/007\\\/878\\\/0007878546\\\/770x0\\\/smart\\\/buscan-un-guia-pesca-y-su-hijo-tres-anosjpg.jpg\",\"width\":\"770\",\"height\":\"435\"},{\"@type\":\"BreadcrumbList\",\"@id\":\"https:\\\/\\\/informelitoral.com.ar\\\/encontraron-muerto-al-nino-que-desaparecio-en-el-rio-parana-junto-a-su-papa\\\/#breadcrumb\",\"itemListElement\":[{\"@type\":\"ListItem\",\"position\":1,\"name\":\"Portada\",\"item\":\"https:\\\/\\\/informelitoral.com.ar\\\/\"},{\"@type\":\"ListItem\",\"position\":2,\"name\":\"Encontraron muerto al ni\u00f1o que desapareci\u00f3 en el r\u00edo Paran\u00e1 junto a su pap\u00e1\"}]},{\"@type\":\"WebSite\",\"@id\":\"https:\\\/\\\/informelitoral.com.ar\\\/#website\",\"url\":\"https:\\\/\\\/informelitoral.com.ar\\\/\",\"name\":\"Informe Litoral\",\"description\":\"&quot;Nos informamos&quot; \",\"publisher\":{\"@id\":\"https:\\\/\\\/informelitoral.com.ar\\\/#organization\"},\"potentialAction\":[{\"@type\":\"SearchAction\",\"target\":{\"@type\":\"EntryPoint\",\"urlTemplate\":\"https:\\\/\\\/informelitoral.com.ar\\\/?s={search_term_string}\"},\"query-input\":{\"@type\":\"PropertyValueSpecification\",\"valueRequired\":true,\"valueName\":\"search_term_string\"}}],\"inLanguage\":\"es\"},{\"@type\":\"Organization\",\"@id\":\"https:\\\/\\\/informelitoral.com.ar\\\/#organization\",\"name\":\"Informe Litoral\",\"url\":\"https:\\\/\\\/informelitoral.com.ar\\\/\",\"logo\":{\"@type\":\"ImageObject\",\"inLanguage\":\"es\",\"@id\":\"https:\\\/\\\/informelitoral.com.ar\\\/#\\\/schema\\\/logo\\\/image\\\/\",\"url\":\"https:\\\/\\\/informelitoral.com.ar\\\/%77%70%2d%63%6f%6e%74%65%6e%74\\\/uploads\\\/2021\\\/01\\\/circulo.png\",\"contentUrl\":\"https:\\\/\\\/informelitoral.com.ar\\\/%77%70%2d%63%6f%6e%74%65%6e%74\\\/uploads\\\/2021\\\/01\\\/circulo.png\",\"width\":723,\"height\":731,\"caption\":\"Informe Litoral\"},\"image\":{\"@id\":\"https:\\\/\\\/informelitoral.com.ar\\\/#\\\/schema\\\/logo\\\/image\\\/\"},\"sameAs\":[\"https:\\\/\\\/www.facebook.com\\\/informelitoral\\\/\",\"https:\\\/\\\/x.com\\\/InformeLitoral\",\"https:\\\/\\\/www.instagram.com\\\/informelitoral\\\/\",\"https:\\\/\\\/www.youtube.com\\\/channel\\\/UCua4Qvz8Icb6MYqhoq9xLXw\"]},{\"@type\":\"Person\",\"@id\":\"https:\\\/\\\/informelitoral.com.ar\\\/#\\\/schema\\\/person\\\/b9d00407c836482871ef1d57bf8e3180\",\"name\":\"Gonzalo Schmidt\",\"image\":{\"@type\":\"ImageObject\",\"inLanguage\":\"es\",\"@id\":\"https:\\\/\\\/secure.gravatar.com\\\/avatar\\\/31a1a7b66ff2de83bd0e9fd79d026630d2d99e55e8bfe501287647b4fd9743de?s=96&d=mm&r=g\",\"url\":\"https:\\\/\\\/secure.gravatar.com\\\/avatar\\\/31a1a7b66ff2de83bd0e9fd79d026630d2d99e55e8bfe501287647b4fd9743de?s=96&d=mm&r=g\",\"contentUrl\":\"https:\\\/\\\/secure.gravatar.com\\\/avatar\\\/31a1a7b66ff2de83bd0e9fd79d026630d2d99e55e8bfe501287647b4fd9743de?s=96&d=mm&r=g\",\"caption\":\"Gonzalo Schmidt\"},\"description\":\"Sitio web de noticias de la provincia de Entre R\u00edos, Argentina. Informaci\u00f3n y entretenimiento. Informe Litoral, nos informamos.\",\"sameAs\":[\"http:\\\/\\\/www.isletasnoticias.com.ar\"],\"url\":\"https:\\\/\\\/informelitoral.com.ar\\\/author\\\/gonzalo\\\/\"}]}<\/script>","yoast_head_json":{"title":"Encontraron muerto al ni\u00f1o que desapareci\u00f3 en el r\u00edo Paran\u00e1 junto a su pap\u00e1 - Informe Litoral","robots":{"index":"index","follow":"follow","max-snippet":"max-snippet:-1","max-image-preview":"max-image-preview:large","max-video-preview":"max-video-preview:-1"},"canonical":"https:\/\/informelitoral.com.ar\/encontraron-muerto-al-nino-que-desaparecio-en-el-rio-parana-junto-a-su-papa\/","og_locale":"es_ES","og_type":"article","og_title":"Encontraron muerto al ni\u00f1o que desapareci\u00f3 en el r\u00edo Paran\u00e1 junto a su pap\u00e1 - Informe Litoral","og_description":"Crece con fuerza la hip\u00f3tesis de que el ni\u00f1o cay\u00f3 al r\u00edo Paran\u00e1 desde la lancha en la que circulaba con su padre. El hombre de 44 a\u00f1os sigue siendo buscado.","og_url":"https:\/\/informelitoral.com.ar\/encontraron-muerto-al-nino-que-desaparecio-en-el-rio-parana-junto-a-su-papa\/","og_site_name":"Informe Litoral","article_publisher":"https:\/\/www.facebook.com\/informelitoral\/","article_published_time":"2025-04-18T21:14:33+00:00","article_modified_time":"2025-04-19T00:18:04+00:00","og_image":[{"url":"https:\/\/media.lmneuquen.com\/p\/bb3a71a63233d50d37c5e4565e1c0d45\/adjuntos\/195\/imagenes\/007\/878\/0007878546\/770x0\/smart\/buscan-un-guia-pesca-y-su-hijo-tres-anosjpg.jpg","type":"","width":"","height":""},{"width":770,"height":435,"url":"https:\/\/media.lmneuquen.com\/p\/bb3a71a63233d50d37c5e4565e1c0d45\/adjuntos\/195\/imagenes\/007\/878\/0007878546\/770x0\/smart\/buscan-un-guia-pesca-y-su-hijo-tres-anosjpg.jpg","type":"image\/jpeg"}],"author":"Gonzalo Schmidt","twitter_card":"summary_large_image","twitter_image":"https:\/\/media.lmneuquen.com\/p\/bb3a71a63233d50d37c5e4565e1c0d45\/adjuntos\/195\/imagenes\/007\/878\/0007878546\/770x0\/smart\/buscan-un-guia-pesca-y-su-hijo-tres-anosjpg.jpg","twitter_creator":"@InformeLitoral","twitter_site":"@InformeLitoral","twitter_misc":{"Escrito por":"Gonzalo Schmidt","Tiempo de lectura":"2 minutos"},"schema":{"@context":"https:\/\/schema.org","@graph":[{"@type":"Article","@id":"https:\/\/informelitoral.com.ar\/encontraron-muerto-al-nino-que-desaparecio-en-el-rio-parana-junto-a-su-papa\/#article","isPartOf":{"@id":"https:\/\/informelitoral.com.ar\/encontraron-muerto-al-nino-que-desaparecio-en-el-rio-parana-junto-a-su-papa\/"},"author":{"name":"Gonzalo Schmidt","@id":"https:\/\/informelitoral.com.ar\/#\/schema\/person\/b9d00407c836482871ef1d57bf8e3180"},"headline":"Encontraron muerto al ni\u00f1o que desapareci\u00f3 en el r\u00edo Paran\u00e1 junto a su pap\u00e1","datePublished":"2025-04-18T21:14:33+00:00","dateModified":"2025-04-19T00:18:04+00:00","mainEntityOfPage":{"@id":"https:\/\/informelitoral.com.ar\/encontraron-muerto-al-nino-que-desaparecio-en-el-rio-parana-junto-a-su-papa\/"},"wordCount":372,"commentCount":0,"publisher":{"@id":"https:\/\/informelitoral.com.ar\/#organization"},"image":{"@id":"https:\/\/informelitoral.com.ar\/encontraron-muerto-al-nino-que-desaparecio-en-el-rio-parana-junto-a-su-papa\/#primaryimage"},"thumbnailUrl":"https:\/\/media.lmneuquen.com\/p\/bb3a71a63233d50d37c5e4565e1c0d45\/adjuntos\/195\/imagenes\/007\/878\/0007878546\/770x0\/smart\/buscan-un-guia-pesca-y-su-hijo-tres-anosjpg.jpg","keywords":["Reconquista","R\u00edo Paran\u00e1","Santa Fe"],"articleSection":["Policiales"],"inLanguage":"es","potentialAction":[{"@type":"CommentAction","name":"Comment","target":["https:\/\/informelitoral.com.ar\/encontraron-muerto-al-nino-que-desaparecio-en-el-rio-parana-junto-a-su-papa\/#respond"]}]},{"@type":"WebPage","@id":"https:\/\/informelitoral.com.ar\/encontraron-muerto-al-nino-que-desaparecio-en-el-rio-parana-junto-a-su-papa\/","url":"https:\/\/informelitoral.com.ar\/encontraron-muerto-al-nino-que-desaparecio-en-el-rio-parana-junto-a-su-papa\/","name":"Encontraron muerto al ni\u00f1o que desapareci\u00f3 en el r\u00edo Paran\u00e1 junto a su pap\u00e1 - Informe Litoral","isPartOf":{"@id":"https:\/\/informelitoral.com.ar\/#website"},"primaryImageOfPage":{"@id":"https:\/\/informelitoral.com.ar\/encontraron-muerto-al-nino-que-desaparecio-en-el-rio-parana-junto-a-su-papa\/#primaryimage"},"image":{"@id":"https:\/\/informelitoral.com.ar\/encontraron-muerto-al-nino-que-desaparecio-en-el-rio-parana-junto-a-su-papa\/#primaryimage"},"thumbnailUrl":"https:\/\/media.lmneuquen.com\/p\/bb3a71a63233d50d37c5e4565e1c0d45\/adjuntos\/195\/imagenes\/007\/878\/0007878546\/770x0\/smart\/buscan-un-guia-pesca-y-su-hijo-tres-anosjpg.jpg","datePublished":"2025-04-18T21:14:33+00:00","dateModified":"2025-04-19T00:18:04+00:00","breadcrumb":{"@id":"https:\/\/informelitoral.com.ar\/encontraron-muerto-al-nino-que-desaparecio-en-el-rio-parana-junto-a-su-papa\/#breadcrumb"},"inLanguage":"es","potentialAction":[{"@type":"ReadAction","target":["https:\/\/informelitoral.com.ar\/encontraron-muerto-al-nino-que-desaparecio-en-el-rio-parana-junto-a-su-papa\/"]}]},{"@type":"ImageObject","inLanguage":"es","@id":"https:\/\/informelitoral.com.ar\/encontraron-muerto-al-nino-que-desaparecio-en-el-rio-parana-junto-a-su-papa\/#primaryimage","url":"https:\/\/media.lmneuquen.com\/p\/bb3a71a63233d50d37c5e4565e1c0d45\/adjuntos\/195\/imagenes\/007\/878\/0007878546\/770x0\/smart\/buscan-un-guia-pesca-y-su-hijo-tres-anosjpg.jpg","contentUrl":"https:\/\/media.lmneuquen.com\/p\/bb3a71a63233d50d37c5e4565e1c0d45\/adjuntos\/195\/imagenes\/007\/878\/0007878546\/770x0\/smart\/buscan-un-guia-pesca-y-su-hijo-tres-anosjpg.jpg","width":"770","height":"435"},{"@type":"BreadcrumbList","@id":"https:\/\/informelitoral.com.ar\/encontraron-muerto-al-nino-que-desaparecio-en-el-rio-parana-junto-a-su-papa\/#breadcrumb","itemListElement":[{"@type":"ListItem","position":1,"name":"Portada","item":"https:\/\/informelitoral.com.ar\/"},{"@type":"ListItem","position":2,"name":"Encontraron muerto al ni\u00f1o que desapareci\u00f3 en el r\u00edo Paran\u00e1 junto a su pap\u00e1"}]},{"@type":"WebSite","@id":"https:\/\/informelitoral.com.ar\/#website","url":"https:\/\/informelitoral.com.ar\/","name":"Informe Litoral","description":"&quot;Nos informamos&quot; ","publisher":{"@id":"https:\/\/informelitoral.com.ar\/#organization"},"potentialAction":[{"@type":"SearchAction","target":{"@type":"EntryPoint","urlTemplate":"https:\/\/informelitoral.com.ar\/?s={search_term_string}"},"query-input":{"@type":"PropertyValueSpecification","valueRequired":true,"valueName":"search_term_string"}}],"inLanguage":"es"},{"@type":"Organization","@id":"https:\/\/informelitoral.com.ar\/#organization","name":"Informe Litoral","url":"https:\/\/informelitoral.com.ar\/","logo":{"@type":"ImageObject","inLanguage":"es","@id":"https:\/\/informelitoral.com.ar\/#\/schema\/logo\/image\/","url":"https:\/\/informelitoral.com.ar\/%77%70%2d%63%6f%6e%74%65%6e%74\/uploads\/2021\/01\/circulo.png","contentUrl":"https:\/\/informelitoral.com.ar\/%77%70%2d%63%6f%6e%74%65%6e%74\/uploads\/2021\/01\/circulo.png","width":723,"height":731,"caption":"Informe Litoral"},"image":{"@id":"https:\/\/informelitoral.com.ar\/#\/schema\/logo\/image\/"},"sameAs":["https:\/\/www.facebook.com\/informelitoral\/","https:\/\/x.com\/InformeLitoral","https:\/\/www.instagram.com\/informelitoral\/","https:\/\/www.youtube.com\/channel\/UCua4Qvz8Icb6MYqhoq9xLXw"]},{"@type":"Person","@id":"https:\/\/informelitoral.com.ar\/#\/schema\/person\/b9d00407c836482871ef1d57bf8e3180","name":"Gonzalo Schmidt","image":{"@type":"ImageObject","inLanguage":"es","@id":"https:\/\/secure.gravatar.com\/avatar\/31a1a7b66ff2de83bd0e9fd79d026630d2d99e55e8bfe501287647b4fd9743de?s=96&d=mm&r=g","url":"https:\/\/secure.gravatar.com\/avatar\/31a1a7b66ff2de83bd0e9fd79d026630d2d99e55e8bfe501287647b4fd9743de?s=96&d=mm&r=g","contentUrl":"https:\/\/secure.gravatar.com\/avatar\/31a1a7b66ff2de83bd0e9fd79d026630d2d99e55e8bfe501287647b4fd9743de?s=96&d=mm&r=g","caption":"Gonzalo Schmidt"},"description":"Sitio web de noticias de la provincia de Entre R\u00edos, Argentina. Informaci\u00f3n y entretenimiento. Informe Litoral, nos informamos.","sameAs":["http:\/\/www.isletasnoticias.com.ar"],"url":"https:\/\/informelitoral.com.ar\/author\/gonzalo\/"}]}},"fifu_image_url":"https:\/\/media.lmneuquen.com\/p\/bb3a71a63233d50d37c5e4565e1c0d45\/adjuntos\/195\/imagenes\/007\/878\/0007878546\/770x0\/smart\/buscan-un-guia-pesca-y-su-hijo-tres-anosjpg.jpg","_links":{"self":[{"href":"https:\/\/informelitoral.com.ar\/%77%70%2d%6a%73%6f%6e\/wp\/v2\/posts\/218792","targetHints":{"allow":["GET"]}}],"collection":[{"href":"https:\/\/informelitoral.com.ar\/%77%70%2d%6a%73%6f%6e\/wp\/v2\/posts"}],"about":[{"href":"https:\/\/informelitoral.com.ar\/%77%70%2d%6a%73%6f%6e\/wp\/v2\/types\/post"}],"author":[{"embeddable":true,"href":"https:\/\/informelitoral.com.ar\/%77%70%2d%6a%73%6f%6e\/wp\/v2\/users\/2"}],"replies":[{"embeddable":true,"href":"https:\/\/informelitoral.com.ar\/%77%70%2d%6a%73%6f%6e\/wp\/v2\/comments?post=218792"}],"version-history":[{"count":0,"href":"https:\/\/informelitoral.com.ar\/%77%70%2d%6a%73%6f%6e\/wp\/v2\/posts\/218792\/revisions"}],"wp:featuredmedia":[{"embeddable":true,"href":"https:\/\/informelitoral.com.ar\/%77%70%2d%6a%73%6f%6e\/wp\/v2\/media\/218793"}],"wp:attachment":[{"href":"https:\/\/informelitoral.com.ar\/%77%70%2d%6a%73%6f%6e\/wp\/v2\/media?parent=218792"}],"wp:term":[{"taxonomy":"category","embeddable":true,"href":"https:\/\/informelitoral.com.ar\/%77%70%2d%6a%73%6f%6e\/wp\/v2\/categories?post=218792"},{"taxonomy":"post_tag","embeddable":true,"href":"https:\/\/informelitoral.com.ar\/%77%70%2d%6a%73%6f%6e\/wp\/v2\/tags?post=218792"}],"curies":[{"name":"wp","href":"https:\/\/api.w.org\/{rel}","templated":true}]}}