{"id":218778,"date":"2025-04-18T20:01:15","date_gmt":"2025-04-18T23:01:15","guid":{"rendered":"https:\/\/informelitoral.com.ar\/?p=218778"},"modified":"2025-04-18T20:01:15","modified_gmt":"2025-04-18T23:01:15","slug":"video-investigan-la-agresion-de-policias-violentos-a-un-joven-de-parana","status":"publish","type":"post","link":"https:\/\/informelitoral.com.ar\/video-investigan-la-agresion-de-policias-violentos-a-un-joven-de-parana\/","title":{"rendered":"Video: Investigan la agresi\u00f3n de polic\u00edas violentos a un joven de Paran\u00e1"},"content":{"rendered":"<div id=\"standard_1\" class=\"st-placement standard_1 inArticle\">Una camioneta de un grupo especial pasa por el frente de la vivienda ubicada en calle Luis Palma, frena unos metros m\u00e1s adelante al escuchar al muchacho que dice \u201cqu\u00e9 pasa\u201d, retrocede, se bajan tres uniformados con las armas, discuten con el joven que estaba sacando ramas de un \u00e1rbol podado, se vuelven a subir al veh\u00edculo policial, y uno de ellos se vuelve a bajar, lo toma del cuello, lo tira al suelo y en la acci\u00f3n le rompe la rodilla. Los otros tres colaboran, lo reducen, lo suben al patrullero.<\/div>\n<div><\/div>\n<div class=\"st-placement standard_1 inArticle\">Lo llevaron a la sede de calle Racedo y Luis Palma. Luego lo trasladaron al m\u00e9dico policial en los consultorios de calle Rondeau y lo liberaron.<div style=\"width: 696px;\" class=\"wp-video\"><video class=\"wp-video-shortcode\" id=\"video-218778-1\" width=\"696\" height=\"392\" preload=\"metadata\" controls=\"controls\"><source type=\"video\/mp4\" src=\"https:\/\/informelitoral.com.ar\/%77%70%2d%63%6f%6e%74%65%6e%74\/uploads\/2025\/04\/AQPCaMeaeBq1SX6REc4kbZH9EkdNeiGL7Q10TvHG0nrXEm9qcBDhhmek65GMKCjrEr2_7rsHlFWBYPNyxLYMV53M.mp4?_=1\" \/><a href=\"https:\/\/informelitoral.com.ar\/%77%70%2d%63%6f%6e%74%65%6e%74\/uploads\/2025\/04\/AQPCaMeaeBq1SX6REc4kbZH9EkdNeiGL7Q10TvHG0nrXEm9qcBDhhmek65GMKCjrEr2_7rsHlFWBYPNyxLYMV53M.mp4\">https:\/\/informelitoral.com.ar\/%77%70%2d%63%6f%6e%74%65%6e%74\/uploads\/2025\/04\/AQPCaMeaeBq1SX6REc4kbZH9EkdNeiGL7Q10TvHG0nrXEm9qcBDhhmek65GMKCjrEr2_7rsHlFWBYPNyxLYMV53M.mp4<\/a><\/video><\/div>\n<\/div>\n<div><\/div>\n<h2><strong>\u201cNo entiendo por qu\u00e9 lo hicieron\u201d<\/strong><\/h2>\n<p>Marcelo Bruffal, v\u00edctima y denunciante, cont\u00f3 en di\u00e1logo con\u00a0<em>Cuesti\u00f3n de Fondo\u00a0<\/em>lo sucedido: \u201cLa situaci\u00f3n fue el jueves a la tarde. Yo hab\u00eda llegado de trabajar, el fin de semana hab\u00eda cortado los \u00e1rboles y mi mam\u00e1 me hab\u00eda dicho que le haga el favor de sacarle las ramas. Entonces, me puse a sacar las ramas mientras mi hermano me ayudaba a limpiar. Y en un momento me llam\u00f3 mi hermana, me pregunt\u00f3 que no me acuerdo qu\u00e9, yo le pregunt\u00e9 \u2018\u00bfQu\u00e9 pasa?\u2019. En ese momento, justo pasa el m\u00f3vil de la polic\u00eda que yo no lo hab\u00eda visto. Cuando entro se hab\u00edan bajado los oficiales y me empezaron a agredir verbalmente, yo no entend\u00eda el motivo. Me dec\u00edan que yo bardeaba, que insultaba a la Polic\u00eda, no s\u00e9 qu\u00e9. Y yo les dije claramente que estaba trabajando. Como no les di motivo, ellos amagaron a irse y yo segu\u00ed haciendo mi trabajo, segu\u00ed sacando las ramas. Cuando llego a tirar la segunda tanda de ramas viene un oficial, que no lo llegu\u00e9 a ver, me manotea de atr\u00e1s y me derriba. En ese movimiento me rompe la rodilla. Despu\u00e9s me llevan al destacamento de ellos, me toman la identificaci\u00f3n y me dejan atr\u00e1s de la Escuela Hogar, en la revisaci\u00f3n m\u00e9dica y me dejaron all\u00e1. Pero no entiendo por qu\u00e9 lo hicieron\u201d.<\/p>\n<p><img decoding=\"async\" src=\"https:\/\/www.analisisdigital.com.ar\/sites\/default\/files\/inline\/images\/marcelo_b_1.jpg\" alt=\"\" \/>Volviendo al momento inicial, cuando en el video se escucha que \u00e9l dice \u201c\u00bfQu\u00e9 pasa?\u201d, lo que fue interpretado por los polic\u00edas como palabras dirigidas hacia ellos, Marcelo volvi\u00f3 a decir: \u201cYo estaba hablando con mi hermana y no s\u00e9 si ellos lo tomaron mal o habr\u00e1n pensado que yo se lo dije a ellos, pero nunca tuve un motivo para decirle a ellos. Si estaba trabajando y no tengo ninguna mala intenci\u00f3n tampoco.<\/p>\n<p>Al momento de ser atacado por el polic\u00eda de mayor porte f\u00edsico, Marcelo record\u00f3: \u201cNo llegu\u00e9 a decir nada porque le dije \u2018soltame\u2019. Cuando me agarr\u00f3, me tir\u00f3 enseguida y ah\u00ed en el piso, yo le dije que me hab\u00eda roto la rodilla. \u00c9l me quer\u00eda poner las esposas, me dijo que le aflojara el brazo para que me levante, porque \u00e9l estaba arriba de mi rodilla y no me dejaba levantar. Entonces, tuve que aflojar mi brazo para que \u00e9l se levante. Aparte la empujaban a mi hermana y la maltrataban\u201d.<\/p>\n<p><img decoding=\"async\" src=\"https:\/\/www.analisisdigital.com.ar\/sites\/default\/files\/inline\/images\/marcelo_b_2.jpg\" alt=\"\" \/><\/p>\n<p>El muchacho afirm\u00f3 que \u201ces la primera vez\u201d que le sucede algo as\u00ed con la Polic\u00eda: \u201cMe sorprend\u00ed mucho por la reacci\u00f3n que tuvieron\u201d. Adem\u00e1s, neg\u00f3 conocerlos: \u201cNo, absolutamente no, que yo sepa\u201d. En la denuncia hab\u00eda manifestado que a uno de los tres polic\u00edas pod\u00eda llegar a conocerlo, por lo cual aclar\u00f3: \u201cLo he visto antes, cuando practicaba en Sportivo, los cruc\u00e9, pero como yo pens\u00e9 que ellos me hab\u00edan conocido, pero dec\u00edan que no, as\u00ed que no los conozco\u201d.<\/p>\n<p>Luego, Marcelo cont\u00f3 c\u00f3mo vive desde el jueves: \u201cSinceramente no me puedo mover. No puedo dormir porque me duele much\u00edsimo la pierna, no puedo pisar y necesito trabajar. M\u00e1s que nada necesito tener una soluci\u00f3n para la rodilla. Y en el hospital me dan vueltas, me dan vueltas, pero no encuentro una hasta ahora\u201d.<\/p>\n<p>Es alba\u00f1il y se encontraba trabajando en una obra: \u201cSal\u00ed a las 1 de la tarde y cuando llegu\u00e9 me puse a trabajar en casa. Y ahora hasta que no me llegue una soluci\u00f3n, que no s\u00e9 cu\u00e1nto tiempo me tomar\u00e1 esto, no creo que me aguanten mucho. Porque necesito trabajar para comer tambi\u00e9n, mantener a la familia tambi\u00e9n\u201d.<\/p>\n<p>\u201cEspero que se haga justicia m\u00e1s que nada y que traten de no andar as\u00ed insultando a la gente que no tienen motivo, y sacar a esta gente as\u00ed de la calle porque no sirve. En vez de ayudar, hacen las cosas mal y eso para m\u00ed no est\u00e1 bien, sinceramente\u201d.<\/p>\n<h2><strong>Actuaciones administrativas e investigaci\u00f3n penal<\/strong><\/h2>\n<p>Marcelo fue con su familia a radicar la denuncia en la Divisi\u00f3n Asuntos Internos de la Polic\u00eda, en la sede central de la fuerza en calle C\u00f3rdoba. Afirma que lo trataron bien, le tomaron la declaraci\u00f3n, se sorprendieron al ver el video e iniciaron el tr\u00e1mite administrativo interno, al tiempo que remitieron las actuaciones a la Fiscal\u00eda.<\/p>\n<p>La denuncia es tramitada por la fiscal Sof\u00eda Patat, quien junto a Santiago Alfieri integra la Unidad de Violencia Institucional del Ministerio P\u00fablico Fiscal en Paran\u00e1. Se dispuso el resguardo del registro de la c\u00e1mara de seguridad y se libraron distintos oficios, como al m\u00e9dico de polic\u00eda que atendi\u00f3 a Marcelo, para avanzar en la identificaci\u00f3n de los efectivos que intervinieron en ese procedimiento. La semana pr\u00f3xima ser\u00e1n citados a declarar Bruffal as\u00ed como su hermana, quien aparece en el video como testigo del hecho.<\/p>\n<p>Tanto desde la Jefatura policial como desde la Departamental Paran\u00e1, se inform\u00f3 que se tramitan las actuaciones correspondientes al caso, tanto en el plano administrativo como judicial.<\/p>\n<h2><strong>Los tipos de causas en la Fiscal\u00eda<\/strong><\/h2>\n<p>Seg\u00fan se inform\u00f3 a\u00a0<em>Cuesti\u00f3n de Fondo<\/em>, la Unidad de Violencia Institucional abri\u00f3 17 legajos desde enero hasta el momento. Las dependencias policiales donde cumplen funci\u00f3n los acusados en estas causas son variadas. Se refieren a hechos sucedidos tanto en procedimientos callejeros como en el marco de allanamientos u otras medidas judiciales.<\/p>\n<p>Asimismo, se precis\u00f3 que la gran mayor\u00eda de estas causas se originan por denuncias de parte de personas que pretendieron interrumpir o resistir un proceder policial leg\u00edtimo y en esas circunstancias, se enfrentaron a la Polic\u00eda.<\/p>\n<p>Uno de los casos en que la Fiscal\u00eda avanza hacia la formal imputaci\u00f3n de un grupo de polic\u00edas es un hecho sucedido hace dos meses, cuando efectivos identificaron a una persona en la calle, lo golpearon en inmediaciones de la comisar\u00eda octava sin bajarlo del m\u00f3vil, lo llevaron al m\u00e9dico policial, y luego lo trasladaron hacia un descampado por calle Ambrosetti, donde los esperaba el otro patrullero. Seg\u00fan las constancias del legajo, lo golpearon con los pu\u00f1os, a patadas y con un palo. Reci\u00e9n luego de ese momento comunicaron al 911 el traslado y lo asentaron en el libro de novedades. El informe m\u00e9dico precis\u00f3 que le causaron lesiones leves.<\/p>\n<p>El fiscal Alfieri est\u00e1 por citarlos a declaraci\u00f3n de imputados y luego, con la investigaci\u00f3n agotada, requerir\u00e1 la elevaci\u00f3n a juicio.<\/p>\n<p>En algunos casos en que hay individualizaci\u00f3n inmediata de los funcionarios que est\u00e1n involucrados en una denuncia de este tipo, se dispone como medidas cautelares que les saquen el arma y queden en situaci\u00f3n pasiva hasta que se esclarezca el suceso. Aunque lo m\u00e1s frecuente y efectivo, se inform\u00f3, es la comunicaci\u00f3n a la superioridad policial para que se tomen las medidas correspondientes.<\/p>\n<h2><strong>Un protocolo y 38% m\u00e1s de detenciones<\/strong><\/h2>\n<p>En los \u00faltimos dos o tres a\u00f1os al menos, se ha incrementado la presencia policial en las calles, con lo cual esto trae aparejado un mayor n\u00famero de procedimientos policiales, sea de identificaci\u00f3n, sea procedimientos en flagrancia por la presunta comisi\u00f3n de alg\u00fan il\u00edcito. Lo que no podr\u00eda afirmar es que proporcionalmente esto ha significado mayor cantidad de causas de violencia institucional. Nosotros, en el \u00e1mbito de la Defensor\u00eda, contamos con un protocolo que fue aprobado por una resoluci\u00f3n del defensor general all\u00e1 por el a\u00f1o 2019, si mal no recuerdo, en el que los defensores p\u00fablicos est\u00e1n obligados a generar un registro por cada uno de estos casos de violencia institucional. Este registro, lamentablemente, como no tenemos una base de datos, un software con el cual poder ir almacenando esta informaci\u00f3n, sigue siendo medio artesanal. Es decir, todav\u00eda lo maneja cada defensor en cada una de las jurisdicciones de toda la provincia en soporte papel. Esto, obviamente, dificulta muchas veces la recolecci\u00f3n de esos n\u00fameros como para tener un n\u00famero concreto de cantidad de denuncias de casos de violencia institucional. Igualmente, el protocolo tiene la particularidad que no solamente registra los casos que son denunciados, sino tambi\u00e9n aquellos casos que no son denunciados, es decir, aquellos casos de violencia institucional donde la persona prefiere no hacer la denuncia por distintas razones, algunas obvias. Esos casos tambi\u00e9n el defensor p\u00fablico tiene la obligaci\u00f3n de registrarlos.<\/p>\n<p>Consultado acerca de si, en este panorama, se ha notado un incremento de causas en general, y c\u00f3mo esto c\u00f3mo impacta en el funcionamiento de la defensor\u00eda, Greca sostuvo: \u201cNosotros hemos visto incrementado enormemente la cantidad de trabajo por parte de esta defensa p\u00fablica. Si bien no tengo estad\u00edsticas en este momento, en una comparativa que hicimos respecto de la cantidad de detenidos entre un mes del de este a\u00f1o y el mismo mes del a\u00f1o pasado, advertimos un 38% de incremento en la cantidad de detenidos. Tambi\u00e9n se\u00f1alar que esta cantidad de detenidos se ha sido se ha visto incrementada en toda la provincia. Hoy, concretamente, Concordia est\u00e1 con una situaci\u00f3n de enormes dificultades con el alojamiento de personas detenidas durante el proceso penal que est\u00e1n recibiendo alojamiento en comisar\u00edas, cuando todos sabemos que las dependencias policiales no son id\u00f3neas para el alojamiento de personas. Este mayor n\u00famero de personas no solamente se ha visto incrementado por esta mayor presencia policial, sino tambi\u00e9n, obviamente, por la situaci\u00f3n econ\u00f3mica y social que estamos atravesando. Si bien no es la \u00fanica causa que explica el delito, si no tengo dudas que es uno de los factores m\u00e1s importantes que llevan a la comisi\u00f3n de il\u00edcitos penales por parte de la poblaci\u00f3n\u201d.<\/p>\n<p>Por \u00faltimo, el coordinador de la Defensor\u00eda P\u00fablica de Paran\u00e1 se refiri\u00f3 a un gran drama social que impacta en la gran mayor\u00eda de las personas que son alcanzadas por el sistema penal, como es la problem\u00e1tica de las adicciones y el consumo de drogas: \u201cNosotros trabajamos con much\u00edsimos de nuestros chicos de 18, 19, 20, 21 a\u00f1os, que todos est\u00e1n atravesando el problema del consumo problem\u00e1tico de sustancias estupefacientes. Si tengo que dar un n\u00famero, digo que arriba del 80, 85% estamos trabajando en estas condiciones. Lamentablemente los organismos que con los que podemos contar, sea para la estabilizaci\u00f3n o para la rehabilitaci\u00f3n de estos chicos, no son muchos. En la mayor\u00eda son privados y estos chicos que acuden a la a la a la defensa p\u00fablica es porque est\u00e1n en condiciones de vulnerabilidad econ\u00f3mica y por ende poder solventar, no tienen un trabajo estable, no tienen una obra social, no tienen una prepaga, no tienen nada. Desde los organismos p\u00fablicos, muy poco. Obviamente trabajamos much\u00edsimo con el Hospital Escuela de Salud Mental en la ciudad de Paran\u00e1, o colonia de Diamante o la colonia de Federal, pero no tenemos muchas m\u00e1s herramientas que estas, principalmente para lo que es la estabilizaci\u00f3n de cuadros de agudos, podr\u00edamos decir, de intoxicaci\u00f3n. Ahora, en lo que respecta a rehabilitaci\u00f3n, dependemos de determinadas ONG que hacen un trabajo formidable, pero que lamentablemente no alcanza para satisfacer las enormes necesidades, las enormes demandas que tenemos comunitariamente ante este enorme problema del consumo del consumo de sustancias por parte de nuestros chicos\u201d.<em> (Fuente: An\u00e1lisis)<\/em><\/p>\n","protected":false},"excerpt":{"rendered":"<p>La Fiscal\u00eda de Paran\u00e1 investiga la denuncia de un joven por la agresi\u00f3n de un grupo de polic\u00edas que lo increp\u00f3 en su casa. El episodio qued\u00f3 grabado por una c\u00e1mara de seguridad y no pareciera dejar margen de discusi\u00f3n.<\/p>\n","protected":false},"author":2,"featured_media":218781,"comment_status":"open","ping_status":"open","sticky":false,"template":"","format":"standard","meta":{"fifu_image_url":"https:\/\/www.analisisdigital.com.ar\/sites\/default\/files\/inline\/images\/marcelo_b_3.jpg","fifu_image_alt":"","footnotes":""},"categories":[14],"tags":[45,1540],"class_list":{"0":"post-218778","1":"post","2":"type-post","3":"status-publish","4":"format-standard","5":"has-post-thumbnail","7":"category-policiales","8":"tag-parana","9":"tag-violencia-policial"},"yoast_head":"<title>Video: Investigan la agresi\u00f3n de polic\u00edas violentos a un joven de Paran\u00e1 - Informe Litoral<\/title>\n<meta name=\"robots\" content=\"index, follow, max-snippet:-1, max-image-preview:large, max-video-preview:-1\" \/>\n<link rel=\"canonical\" href=\"https:\/\/informelitoral.com.ar\/video-investigan-la-agresion-de-policias-violentos-a-un-joven-de-parana\/\" \/>\n<meta property=\"og:locale\" content=\"es_ES\" \/>\n<meta property=\"og:type\" content=\"article\" \/>\n<meta property=\"og:title\" content=\"Video: Investigan la agresi\u00f3n de polic\u00edas violentos a un joven de Paran\u00e1 - Informe Litoral\" \/>\n<meta property=\"og:description\" content=\"La Fiscal\u00eda de Paran\u00e1 investiga la denuncia de un joven por la agresi\u00f3n de un grupo de polic\u00edas que lo increp\u00f3 en su casa. El episodio qued\u00f3 grabado por una c\u00e1mara de seguridad y no pareciera dejar margen de discusi\u00f3n.\" \/>\n<meta property=\"og:url\" content=\"https:\/\/informelitoral.com.ar\/video-investigan-la-agresion-de-policias-violentos-a-un-joven-de-parana\/\" \/>\n<meta property=\"og:site_name\" content=\"Informe Litoral\" \/>\n<meta property=\"article:publisher\" content=\"https:\/\/www.facebook.com\/informelitoral\/\" \/>\n<meta property=\"article:published_time\" content=\"2025-04-18T23:01:15+00:00\" \/>\n<meta property=\"og:image\" content=\"https:\/\/www.analisisdigital.com.ar\/sites\/default\/files\/inline\/images\/marcelo_b_3.jpg\" \/><meta property=\"og:image\" content=\"https:\/\/www.analisisdigital.com.ar\/sites\/default\/files\/inline\/images\/marcelo_b_3.jpg\" \/>\n\t<meta property=\"og:image:width\" content=\"1350\" \/>\n\t<meta property=\"og:image:height\" content=\"900\" \/>\n\t<meta property=\"og:image:type\" content=\"image\/jpeg\" \/>\n<meta name=\"author\" content=\"Gonzalo Schmidt\" \/>\n<meta name=\"twitter:card\" content=\"summary_large_image\" \/>\n<meta name=\"twitter:image\" content=\"https:\/\/www.analisisdigital.com.ar\/sites\/default\/files\/inline\/images\/marcelo_b_3.jpg\" \/>\n<meta name=\"twitter:creator\" content=\"@InformeLitoral\" \/>\n<meta name=\"twitter:site\" content=\"@InformeLitoral\" \/>\n<meta name=\"twitter:label1\" content=\"Escrito por\" \/>\n\t<meta name=\"twitter:data1\" content=\"Gonzalo Schmidt\" \/>\n\t<meta name=\"twitter:label2\" content=\"Tiempo de lectura\" \/>\n\t<meta name=\"twitter:data2\" content=\"11 minutos\" \/>\n<script type=\"application\/ld+json\" class=\"yoast-schema-graph\">{\"@context\":\"https:\\\/\\\/schema.org\",\"@graph\":[{\"@type\":\"Article\",\"@id\":\"https:\\\/\\\/informelitoral.com.ar\\\/video-investigan-la-agresion-de-policias-violentos-a-un-joven-de-parana\\\/#article\",\"isPartOf\":{\"@id\":\"https:\\\/\\\/informelitoral.com.ar\\\/video-investigan-la-agresion-de-policias-violentos-a-un-joven-de-parana\\\/\"},\"author\":{\"name\":\"Gonzalo Schmidt\",\"@id\":\"https:\\\/\\\/informelitoral.com.ar\\\/#\\\/schema\\\/person\\\/b9d00407c836482871ef1d57bf8e3180\"},\"headline\":\"Video: Investigan la agresi\u00f3n de polic\u00edas violentos a un joven de Paran\u00e1\",\"datePublished\":\"2025-04-18T23:01:15+00:00\",\"mainEntityOfPage\":{\"@id\":\"https:\\\/\\\/informelitoral.com.ar\\\/video-investigan-la-agresion-de-policias-violentos-a-un-joven-de-parana\\\/\"},\"wordCount\":2115,\"commentCount\":0,\"publisher\":{\"@id\":\"https:\\\/\\\/informelitoral.com.ar\\\/#organization\"},\"image\":{\"@id\":\"https:\\\/\\\/informelitoral.com.ar\\\/video-investigan-la-agresion-de-policias-violentos-a-un-joven-de-parana\\\/#primaryimage\"},\"thumbnailUrl\":\"https:\\\/\\\/www.analisisdigital.com.ar\\\/sites\\\/default\\\/files\\\/inline\\\/images\\\/marcelo_b_3.jpg\",\"keywords\":[\"Paran\u00e1\",\"Violencia policial\"],\"articleSection\":[\"Policiales\"],\"inLanguage\":\"es\",\"potentialAction\":[{\"@type\":\"CommentAction\",\"name\":\"Comment\",\"target\":[\"https:\\\/\\\/informelitoral.com.ar\\\/video-investigan-la-agresion-de-policias-violentos-a-un-joven-de-parana\\\/#respond\"]}]},{\"@type\":\"WebPage\",\"@id\":\"https:\\\/\\\/informelitoral.com.ar\\\/video-investigan-la-agresion-de-policias-violentos-a-un-joven-de-parana\\\/\",\"url\":\"https:\\\/\\\/informelitoral.com.ar\\\/video-investigan-la-agresion-de-policias-violentos-a-un-joven-de-parana\\\/\",\"name\":\"Video: Investigan la agresi\u00f3n de polic\u00edas violentos a un joven de Paran\u00e1 - Informe Litoral\",\"isPartOf\":{\"@id\":\"https:\\\/\\\/informelitoral.com.ar\\\/#website\"},\"primaryImageOfPage\":{\"@id\":\"https:\\\/\\\/informelitoral.com.ar\\\/video-investigan-la-agresion-de-policias-violentos-a-un-joven-de-parana\\\/#primaryimage\"},\"image\":{\"@id\":\"https:\\\/\\\/informelitoral.com.ar\\\/video-investigan-la-agresion-de-policias-violentos-a-un-joven-de-parana\\\/#primaryimage\"},\"thumbnailUrl\":\"https:\\\/\\\/www.analisisdigital.com.ar\\\/sites\\\/default\\\/files\\\/inline\\\/images\\\/marcelo_b_3.jpg\",\"datePublished\":\"2025-04-18T23:01:15+00:00\",\"breadcrumb\":{\"@id\":\"https:\\\/\\\/informelitoral.com.ar\\\/video-investigan-la-agresion-de-policias-violentos-a-un-joven-de-parana\\\/#breadcrumb\"},\"inLanguage\":\"es\",\"potentialAction\":[{\"@type\":\"ReadAction\",\"target\":[\"https:\\\/\\\/informelitoral.com.ar\\\/video-investigan-la-agresion-de-policias-violentos-a-un-joven-de-parana\\\/\"]}]},{\"@type\":\"ImageObject\",\"inLanguage\":\"es\",\"@id\":\"https:\\\/\\\/informelitoral.com.ar\\\/video-investigan-la-agresion-de-policias-violentos-a-un-joven-de-parana\\\/#primaryimage\",\"url\":\"https:\\\/\\\/www.analisisdigital.com.ar\\\/sites\\\/default\\\/files\\\/inline\\\/images\\\/marcelo_b_3.jpg\",\"contentUrl\":\"https:\\\/\\\/www.analisisdigital.com.ar\\\/sites\\\/default\\\/files\\\/inline\\\/images\\\/marcelo_b_3.jpg\",\"width\":\"1350\",\"height\":\"900\"},{\"@type\":\"BreadcrumbList\",\"@id\":\"https:\\\/\\\/informelitoral.com.ar\\\/video-investigan-la-agresion-de-policias-violentos-a-un-joven-de-parana\\\/#breadcrumb\",\"itemListElement\":[{\"@type\":\"ListItem\",\"position\":1,\"name\":\"Portada\",\"item\":\"https:\\\/\\\/informelitoral.com.ar\\\/\"},{\"@type\":\"ListItem\",\"position\":2,\"name\":\"Video: Investigan la agresi\u00f3n de polic\u00edas violentos a un joven de Paran\u00e1\"}]},{\"@type\":\"WebSite\",\"@id\":\"https:\\\/\\\/informelitoral.com.ar\\\/#website\",\"url\":\"https:\\\/\\\/informelitoral.com.ar\\\/\",\"name\":\"Informe Litoral\",\"description\":\"&quot;Nos informamos&quot; \",\"publisher\":{\"@id\":\"https:\\\/\\\/informelitoral.com.ar\\\/#organization\"},\"potentialAction\":[{\"@type\":\"SearchAction\",\"target\":{\"@type\":\"EntryPoint\",\"urlTemplate\":\"https:\\\/\\\/informelitoral.com.ar\\\/?s={search_term_string}\"},\"query-input\":{\"@type\":\"PropertyValueSpecification\",\"valueRequired\":true,\"valueName\":\"search_term_string\"}}],\"inLanguage\":\"es\"},{\"@type\":\"Organization\",\"@id\":\"https:\\\/\\\/informelitoral.com.ar\\\/#organization\",\"name\":\"Informe Litoral\",\"url\":\"https:\\\/\\\/informelitoral.com.ar\\\/\",\"logo\":{\"@type\":\"ImageObject\",\"inLanguage\":\"es\",\"@id\":\"https:\\\/\\\/informelitoral.com.ar\\\/#\\\/schema\\\/logo\\\/image\\\/\",\"url\":\"https:\\\/\\\/informelitoral.com.ar\\\/%77%70%2d%63%6f%6e%74%65%6e%74\\\/uploads\\\/2021\\\/01\\\/circulo.png\",\"contentUrl\":\"https:\\\/\\\/informelitoral.com.ar\\\/%77%70%2d%63%6f%6e%74%65%6e%74\\\/uploads\\\/2021\\\/01\\\/circulo.png\",\"width\":723,\"height\":731,\"caption\":\"Informe Litoral\"},\"image\":{\"@id\":\"https:\\\/\\\/informelitoral.com.ar\\\/#\\\/schema\\\/logo\\\/image\\\/\"},\"sameAs\":[\"https:\\\/\\\/www.facebook.com\\\/informelitoral\\\/\",\"https:\\\/\\\/x.com\\\/InformeLitoral\",\"https:\\\/\\\/www.instagram.com\\\/informelitoral\\\/\",\"https:\\\/\\\/www.youtube.com\\\/channel\\\/UCua4Qvz8Icb6MYqhoq9xLXw\"]},{\"@type\":\"Person\",\"@id\":\"https:\\\/\\\/informelitoral.com.ar\\\/#\\\/schema\\\/person\\\/b9d00407c836482871ef1d57bf8e3180\",\"name\":\"Gonzalo Schmidt\",\"image\":{\"@type\":\"ImageObject\",\"inLanguage\":\"es\",\"@id\":\"https:\\\/\\\/secure.gravatar.com\\\/avatar\\\/31a1a7b66ff2de83bd0e9fd79d026630d2d99e55e8bfe501287647b4fd9743de?s=96&d=mm&r=g\",\"url\":\"https:\\\/\\\/secure.gravatar.com\\\/avatar\\\/31a1a7b66ff2de83bd0e9fd79d026630d2d99e55e8bfe501287647b4fd9743de?s=96&d=mm&r=g\",\"contentUrl\":\"https:\\\/\\\/secure.gravatar.com\\\/avatar\\\/31a1a7b66ff2de83bd0e9fd79d026630d2d99e55e8bfe501287647b4fd9743de?s=96&d=mm&r=g\",\"caption\":\"Gonzalo Schmidt\"},\"description\":\"Sitio web de noticias de la provincia de Entre R\u00edos, Argentina. Informaci\u00f3n y entretenimiento. Informe Litoral, nos informamos.\",\"sameAs\":[\"http:\\\/\\\/www.isletasnoticias.com.ar\"],\"url\":\"https:\\\/\\\/informelitoral.com.ar\\\/author\\\/gonzalo\\\/\"}]}<\/script>","yoast_head_json":{"title":"Video: Investigan la agresi\u00f3n de polic\u00edas violentos a un joven de Paran\u00e1 - Informe Litoral","robots":{"index":"index","follow":"follow","max-snippet":"max-snippet:-1","max-image-preview":"max-image-preview:large","max-video-preview":"max-video-preview:-1"},"canonical":"https:\/\/informelitoral.com.ar\/video-investigan-la-agresion-de-policias-violentos-a-un-joven-de-parana\/","og_locale":"es_ES","og_type":"article","og_title":"Video: Investigan la agresi\u00f3n de polic\u00edas violentos a un joven de Paran\u00e1 - Informe Litoral","og_description":"La Fiscal\u00eda de Paran\u00e1 investiga la denuncia de un joven por la agresi\u00f3n de un grupo de polic\u00edas que lo increp\u00f3 en su casa. El episodio qued\u00f3 grabado por una c\u00e1mara de seguridad y no pareciera dejar margen de discusi\u00f3n.","og_url":"https:\/\/informelitoral.com.ar\/video-investigan-la-agresion-de-policias-violentos-a-un-joven-de-parana\/","og_site_name":"Informe Litoral","article_publisher":"https:\/\/www.facebook.com\/informelitoral\/","article_published_time":"2025-04-18T23:01:15+00:00","og_image":[{"url":"https:\/\/www.analisisdigital.com.ar\/sites\/default\/files\/inline\/images\/marcelo_b_3.jpg","type":"","width":"","height":""},{"width":1350,"height":900,"url":"https:\/\/www.analisisdigital.com.ar\/sites\/default\/files\/inline\/images\/marcelo_b_3.jpg","type":"image\/jpeg"}],"author":"Gonzalo Schmidt","twitter_card":"summary_large_image","twitter_image":"https:\/\/www.analisisdigital.com.ar\/sites\/default\/files\/inline\/images\/marcelo_b_3.jpg","twitter_creator":"@InformeLitoral","twitter_site":"@InformeLitoral","twitter_misc":{"Escrito por":"Gonzalo Schmidt","Tiempo de lectura":"11 minutos"},"schema":{"@context":"https:\/\/schema.org","@graph":[{"@type":"Article","@id":"https:\/\/informelitoral.com.ar\/video-investigan-la-agresion-de-policias-violentos-a-un-joven-de-parana\/#article","isPartOf":{"@id":"https:\/\/informelitoral.com.ar\/video-investigan-la-agresion-de-policias-violentos-a-un-joven-de-parana\/"},"author":{"name":"Gonzalo Schmidt","@id":"https:\/\/informelitoral.com.ar\/#\/schema\/person\/b9d00407c836482871ef1d57bf8e3180"},"headline":"Video: Investigan la agresi\u00f3n de polic\u00edas violentos a un joven de Paran\u00e1","datePublished":"2025-04-18T23:01:15+00:00","mainEntityOfPage":{"@id":"https:\/\/informelitoral.com.ar\/video-investigan-la-agresion-de-policias-violentos-a-un-joven-de-parana\/"},"wordCount":2115,"commentCount":0,"publisher":{"@id":"https:\/\/informelitoral.com.ar\/#organization"},"image":{"@id":"https:\/\/informelitoral.com.ar\/video-investigan-la-agresion-de-policias-violentos-a-un-joven-de-parana\/#primaryimage"},"thumbnailUrl":"https:\/\/www.analisisdigital.com.ar\/sites\/default\/files\/inline\/images\/marcelo_b_3.jpg","keywords":["Paran\u00e1","Violencia policial"],"articleSection":["Policiales"],"inLanguage":"es","potentialAction":[{"@type":"CommentAction","name":"Comment","target":["https:\/\/informelitoral.com.ar\/video-investigan-la-agresion-de-policias-violentos-a-un-joven-de-parana\/#respond"]}]},{"@type":"WebPage","@id":"https:\/\/informelitoral.com.ar\/video-investigan-la-agresion-de-policias-violentos-a-un-joven-de-parana\/","url":"https:\/\/informelitoral.com.ar\/video-investigan-la-agresion-de-policias-violentos-a-un-joven-de-parana\/","name":"Video: Investigan la agresi\u00f3n de polic\u00edas violentos a un joven de Paran\u00e1 - Informe Litoral","isPartOf":{"@id":"https:\/\/informelitoral.com.ar\/#website"},"primaryImageOfPage":{"@id":"https:\/\/informelitoral.com.ar\/video-investigan-la-agresion-de-policias-violentos-a-un-joven-de-parana\/#primaryimage"},"image":{"@id":"https:\/\/informelitoral.com.ar\/video-investigan-la-agresion-de-policias-violentos-a-un-joven-de-parana\/#primaryimage"},"thumbnailUrl":"https:\/\/www.analisisdigital.com.ar\/sites\/default\/files\/inline\/images\/marcelo_b_3.jpg","datePublished":"2025-04-18T23:01:15+00:00","breadcrumb":{"@id":"https:\/\/informelitoral.com.ar\/video-investigan-la-agresion-de-policias-violentos-a-un-joven-de-parana\/#breadcrumb"},"inLanguage":"es","potentialAction":[{"@type":"ReadAction","target":["https:\/\/informelitoral.com.ar\/video-investigan-la-agresion-de-policias-violentos-a-un-joven-de-parana\/"]}]},{"@type":"ImageObject","inLanguage":"es","@id":"https:\/\/informelitoral.com.ar\/video-investigan-la-agresion-de-policias-violentos-a-un-joven-de-parana\/#primaryimage","url":"https:\/\/www.analisisdigital.com.ar\/sites\/default\/files\/inline\/images\/marcelo_b_3.jpg","contentUrl":"https:\/\/www.analisisdigital.com.ar\/sites\/default\/files\/inline\/images\/marcelo_b_3.jpg","width":"1350","height":"900"},{"@type":"BreadcrumbList","@id":"https:\/\/informelitoral.com.ar\/video-investigan-la-agresion-de-policias-violentos-a-un-joven-de-parana\/#breadcrumb","itemListElement":[{"@type":"ListItem","position":1,"name":"Portada","item":"https:\/\/informelitoral.com.ar\/"},{"@type":"ListItem","position":2,"name":"Video: Investigan la agresi\u00f3n de polic\u00edas violentos a un joven de Paran\u00e1"}]},{"@type":"WebSite","@id":"https:\/\/informelitoral.com.ar\/#website","url":"https:\/\/informelitoral.com.ar\/","name":"Informe Litoral","description":"&quot;Nos informamos&quot; ","publisher":{"@id":"https:\/\/informelitoral.com.ar\/#organization"},"potentialAction":[{"@type":"SearchAction","target":{"@type":"EntryPoint","urlTemplate":"https:\/\/informelitoral.com.ar\/?s={search_term_string}"},"query-input":{"@type":"PropertyValueSpecification","valueRequired":true,"valueName":"search_term_string"}}],"inLanguage":"es"},{"@type":"Organization","@id":"https:\/\/informelitoral.com.ar\/#organization","name":"Informe Litoral","url":"https:\/\/informelitoral.com.ar\/","logo":{"@type":"ImageObject","inLanguage":"es","@id":"https:\/\/informelitoral.com.ar\/#\/schema\/logo\/image\/","url":"https:\/\/informelitoral.com.ar\/%77%70%2d%63%6f%6e%74%65%6e%74\/uploads\/2021\/01\/circulo.png","contentUrl":"https:\/\/informelitoral.com.ar\/%77%70%2d%63%6f%6e%74%65%6e%74\/uploads\/2021\/01\/circulo.png","width":723,"height":731,"caption":"Informe Litoral"},"image":{"@id":"https:\/\/informelitoral.com.ar\/#\/schema\/logo\/image\/"},"sameAs":["https:\/\/www.facebook.com\/informelitoral\/","https:\/\/x.com\/InformeLitoral","https:\/\/www.instagram.com\/informelitoral\/","https:\/\/www.youtube.com\/channel\/UCua4Qvz8Icb6MYqhoq9xLXw"]},{"@type":"Person","@id":"https:\/\/informelitoral.com.ar\/#\/schema\/person\/b9d00407c836482871ef1d57bf8e3180","name":"Gonzalo Schmidt","image":{"@type":"ImageObject","inLanguage":"es","@id":"https:\/\/secure.gravatar.com\/avatar\/31a1a7b66ff2de83bd0e9fd79d026630d2d99e55e8bfe501287647b4fd9743de?s=96&d=mm&r=g","url":"https:\/\/secure.gravatar.com\/avatar\/31a1a7b66ff2de83bd0e9fd79d026630d2d99e55e8bfe501287647b4fd9743de?s=96&d=mm&r=g","contentUrl":"https:\/\/secure.gravatar.com\/avatar\/31a1a7b66ff2de83bd0e9fd79d026630d2d99e55e8bfe501287647b4fd9743de?s=96&d=mm&r=g","caption":"Gonzalo Schmidt"},"description":"Sitio web de noticias de la provincia de Entre R\u00edos, Argentina. Informaci\u00f3n y entretenimiento. Informe Litoral, nos informamos.","sameAs":["http:\/\/www.isletasnoticias.com.ar"],"url":"https:\/\/informelitoral.com.ar\/author\/gonzalo\/"}]}},"fifu_image_url":"https:\/\/www.analisisdigital.com.ar\/sites\/default\/files\/inline\/images\/marcelo_b_3.jpg","_links":{"self":[{"href":"https:\/\/informelitoral.com.ar\/%77%70%2d%6a%73%6f%6e\/wp\/v2\/posts\/218778","targetHints":{"allow":["GET"]}}],"collection":[{"href":"https:\/\/informelitoral.com.ar\/%77%70%2d%6a%73%6f%6e\/wp\/v2\/posts"}],"about":[{"href":"https:\/\/informelitoral.com.ar\/%77%70%2d%6a%73%6f%6e\/wp\/v2\/types\/post"}],"author":[{"embeddable":true,"href":"https:\/\/informelitoral.com.ar\/%77%70%2d%6a%73%6f%6e\/wp\/v2\/users\/2"}],"replies":[{"embeddable":true,"href":"https:\/\/informelitoral.com.ar\/%77%70%2d%6a%73%6f%6e\/wp\/v2\/comments?post=218778"}],"version-history":[{"count":0,"href":"https:\/\/informelitoral.com.ar\/%77%70%2d%6a%73%6f%6e\/wp\/v2\/posts\/218778\/revisions"}],"wp:featuredmedia":[{"embeddable":true,"href":"https:\/\/informelitoral.com.ar\/%77%70%2d%6a%73%6f%6e\/wp\/v2\/media\/218781"}],"wp:attachment":[{"href":"https:\/\/informelitoral.com.ar\/%77%70%2d%6a%73%6f%6e\/wp\/v2\/media?parent=218778"}],"wp:term":[{"taxonomy":"category","embeddable":true,"href":"https:\/\/informelitoral.com.ar\/%77%70%2d%6a%73%6f%6e\/wp\/v2\/categories?post=218778"},{"taxonomy":"post_tag","embeddable":true,"href":"https:\/\/informelitoral.com.ar\/%77%70%2d%6a%73%6f%6e\/wp\/v2\/tags?post=218778"}],"curies":[{"name":"wp","href":"https:\/\/api.w.org\/{rel}","templated":true}]}}