{"id":218509,"date":"2025-04-16T07:53:39","date_gmt":"2025-04-16T10:53:39","guid":{"rendered":"https:\/\/informelitoral.com.ar\/?p=218509"},"modified":"2025-04-16T08:09:10","modified_gmt":"2025-04-16T11:09:10","slug":"piden-que-el-aumento-del-inmobiliario-rural-sea-acorde-a-la-rentabilidad-de-los-productores","status":"publish","type":"post","link":"https:\/\/informelitoral.com.ar\/piden-que-el-aumento-del-inmobiliario-rural-sea-acorde-a-la-rentabilidad-de-los-productores\/","title":{"rendered":"Piden que el aumento del Inmobiliario Rural sea acorde a la rentabilidad de los productores"},"content":{"rendered":"<p>Con el fin de dialogar sobre la materia impositiva 2025, el ministro de Desarrollo Econ\u00f3mico de Entre R\u00edos, <strong>Guillermo Bernaudo<\/strong>, recibi\u00f3, junto al director ejecutivo de la Administradora Tributaria de Entre R\u00edos (ATER), <strong>Jes\u00fas Korell<\/strong>, a representantes de la Mesa de Enlace.<\/p>\n<p>Uno de los presentes fue el director de la Sociedad Rural en la provincia, <strong>Juan Diego Etchevehere<\/strong>, quien en <a href=\"https:\/\/informelitoral.com.ar\/la-hora-del-6-por-canal-6-ertv-donde-volver-a-ver-las-entrevistas\/\" target=\"_blank\" rel=\"noopener\"><strong>La Hora del 6<\/strong><\/a> por<em> Canal 6 ERTV,<\/em> cont\u00f3 que \u00abla mesa de trabajo fue acordada hace unos meses atr\u00e1s.<strong> El objetivo de estos encuentros es que tanto el Gobierno como nosotros podamos exponer los n\u00fameros<\/strong>\u00ab, indic\u00f3.<\/p>\n<p>En ese marco desde la SR presentaron un<strong> informe de la Bolsa de Cereales de Entre R\u00edos en el cu\u00e1l se da cuenta de la p\u00e9rdida del poder adquisitivo de los productores<\/strong>, ya que los precios de lo que vende el agro estuvo por debajo del \u00edndice de inflaci\u00f3n, mientras que los insumos aumentaron varios puntos por arriba, seg\u00fan el trabajo de la BolsaCER.<\/p>\n<p>\u00ab<strong>Lo que nosotros pedimos es que haya una actualizaci\u00f3n acorde del Inmobiliario Rural a la situaci\u00f3n econ\u00f3mica-financiera del productor agropecuario porque de acuerdo al rendimiento de cada productor tendr\u00e1 o no rentabilidad.<\/strong> El objetivo es que confluya la necesidad fiscal de la provincia y la capacidad de pago real de cada productor. Estamos con una presi\u00f3n tributaria r\u00e9cord y eso debe ser tenido en cuenta\u00bb, remarc\u00f3 el dirigente de la Sociedad Rural.<\/p>\n<p>Recordemos que tanto el pago anual como la primera cuota se emite a fines de mayo, por lo que a\u00fan quedan varias semanas para ajustar los n\u00fameros y acercar posiciones.<\/p>\n<h2><strong>Aumento de las retenciones<\/strong><\/h2>\n<p>Respecto del anuncio del presidente, <strong>Javier Milei<\/strong>, sobre el fin de la baja temporal de las retenciones para soja, ma\u00edz y el trigo a partir de julio, Etchevehere reconoci\u00f3 que <strong>\u00abfue una gran sorpresa. Es una mala noticia para el campo porque el propio presidente hab\u00eda dicho que era un impuesto distorsivo, que hab\u00eda que eliminarlo y ahora se conoce esta decisi\u00f3n\u00bb.\u00a0<\/strong><\/p>\n<p>\u00abSi bien esta baja era temporaria, cre\u00edamos que se iba a extender, m\u00e1s si tenemos en cuenta el aumento de costos nuestros y la baja de precios internacionales.<strong> Hoy seguimos en la misma circunstancia cr\u00edtica que hace seis meses atr\u00e1s<\/strong>\u00ab, asegur\u00f3 sobre la situaci\u00f3n de los productores.<\/p>\n<p>Por otro lado, seguramente a la espera de un nuevo acompa\u00f1amiento en este reclamo por parte de los gobernadores de la Regi\u00f3n Centro, Etchevehere marc\u00f3: <strong>\u00abEl sector agroindustrial es el principal sector econ\u00f3mico de la Regi\u00f3n Centro. Ese dinero que se va en retenciones no va a circular en nuestras provincias por lo que los gobernadores est\u00e1n preocupados.<\/strong> Esperemos que el presidente siga con la voluntad de quitarle la pata de encima al campo. Hasta ahora todo lo que ven\u00eda haciendo el Gobierno era positivo\u00bb, analiz\u00f3.<\/p>\n<h2><strong>Lucha contra la garrapata\u00a0<\/strong><\/h2>\n<p>El avance de la garrapata es otro de los temas que tratan las entidades ruralistas en sus peri\u00f3dicas reuniones con el Gobierno provincial, ya que es <strong>\u00abes un flagelo que afecta hace muchos a\u00f1os a la provincia por eso planteamos un nuevo plan sanitario.<\/strong> Estamos trabajando internamente para llevar las mejores ideas y por ahora vamos por buen camino\u00bb, consider\u00f3. <em>(Informe Litoral)<\/em><\/p>\n<h2><strong>Ver la entrevista completa con Juan Diego Etchevehere:\u00a0<\/strong><\/h2>\n<div class=\"youtube-embed\" data-video_id=\"Qk5kvt1v7lQ\"><iframe loading=\"lazy\" title=\"Juan Diego Etchevehere | Inmobiliario Rural y suba de retenciones\" width=\"696\" height=\"392\" src=\"https:\/\/www.youtube.com\/embed\/Qk5kvt1v7lQ?feature=oembed&#038;enablejsapi=1\" frameborder=\"0\" allow=\"accelerometer; autoplay; clipboard-write; encrypted-media; gyroscope; picture-in-picture; web-share\" referrerpolicy=\"strict-origin-when-cross-origin\" allowfullscreen><\/iframe><\/div>\n<p>&nbsp;<\/p>\n<h6><em><strong>Del archivo de Informe Litoral:\u00a0\u00a0<a href=\"https:\/\/informelitoral.com.ar\/alfredo-bel-explico-que-le-proponen-a-municipios-y-comunas-para-mejorar-caminos\/\" target=\"_blank\" rel=\"noopener\">Alfredo Bel explic\u00f3 qu\u00e9 le proponen a municipios y comunas para mejorar caminos<\/a><\/strong><\/em><\/h6>\n<h6><em><strong><a href=\"https:\/\/informelitoral.com.ar\/rogelio-frigerio-destaco-el-fin-del-cepo-y-no-descarto-un-acuerdo-electoral-con-milei\/\" target=\"_blank\" rel=\"noopener\">Rogelio Frigerio destac\u00f3 el fin del cepo y no descart\u00f3 un acuerdo electoral con Milei<\/a><\/strong><\/em><\/h6>\n<h6><em><strong><a href=\"https:\/\/informelitoral.com.ar\/sarnari-y-martiarena-contaron-que-el-desafio-en-conseguir-previsibilidad\/\" target=\"_blank\" rel=\"noopener\">Sarnari y Martiarena contaron que el desaf\u00edo en conseguir previsibilidad<\/a><\/strong><\/em><\/h6>\n","protected":false},"excerpt":{"rendered":"<p>El tema se trat\u00f3 en una reuni\u00f3n de la Mesa de Enlace, el ministro Guillermo Bernaudo y dem\u00e1s autoridades provinciales. Tras el encuentro, Juan Diego Etchevehere, director de la Sociedad Rural de Entre R\u00edos, cont\u00f3 detalles en La Hora del 6.<\/p>\n","protected":false},"author":2,"featured_media":218498,"comment_status":"open","ping_status":"open","sticky":false,"template":"","format":"standard","meta":{"fifu_image_url":"","fifu_image_alt":"","footnotes":""},"categories":[10],"tags":[4832,5356,195,865],"class_list":{"0":"post-218509","1":"post","2":"type-post","3":"status-publish","4":"format-standard","5":"has-post-thumbnail","7":"category-campo","8":"tag-impuesto-inmobiliario-rural","9":"tag-juan-diego-etchevehere","10":"tag-mesa-de-enlace","11":"tag-sociedad-rural"},"yoast_head":"<title>Piden que el aumento del Inmobiliario Rural sea acorde a la rentabilidad de los productores - Informe Litoral<\/title>\n<meta name=\"robots\" content=\"index, follow, max-snippet:-1, max-image-preview:large, max-video-preview:-1\" \/>\n<link rel=\"canonical\" href=\"https:\/\/informelitoral.com.ar\/piden-que-el-aumento-del-inmobiliario-rural-sea-acorde-a-la-rentabilidad-de-los-productores\/\" \/>\n<meta property=\"og:locale\" content=\"es_ES\" \/>\n<meta property=\"og:type\" content=\"article\" \/>\n<meta property=\"og:title\" content=\"Piden que el aumento del Inmobiliario Rural sea acorde a la rentabilidad de los productores - Informe Litoral\" \/>\n<meta property=\"og:description\" content=\"El tema se trat\u00f3 en una reuni\u00f3n de la Mesa de Enlace, el ministro Guillermo Bernaudo y dem\u00e1s autoridades provinciales. Tras el encuentro, Juan Diego Etchevehere, director de la Sociedad Rural de Entre R\u00edos, cont\u00f3 detalles en La Hora del 6.\" \/>\n<meta property=\"og:url\" content=\"https:\/\/informelitoral.com.ar\/piden-que-el-aumento-del-inmobiliario-rural-sea-acorde-a-la-rentabilidad-de-los-productores\/\" \/>\n<meta property=\"og:site_name\" content=\"Informe Litoral\" \/>\n<meta property=\"article:publisher\" content=\"https:\/\/www.facebook.com\/informelitoral\/\" \/>\n<meta property=\"article:published_time\" content=\"2025-04-16T10:53:39+00:00\" \/>\n<meta property=\"article:modified_time\" content=\"2025-04-16T11:09:10+00:00\" \/>\n<meta property=\"og:image\" content=\"https:\/\/informelitoral.com.ar\/%77%70%2d%63%6f%6e%74%65%6e%74\/uploads\/2025\/04\/juan-diego-etchevehere-la-hora-del-6-canal-6-ertv.jpg\" \/>\n\t<meta property=\"og:image:width\" content=\"1937\" \/>\n\t<meta property=\"og:image:height\" content=\"1080\" \/>\n\t<meta property=\"og:image:type\" content=\"image\/jpeg\" \/>\n<meta name=\"author\" content=\"Gonzalo Schmidt\" \/>\n<meta name=\"twitter:card\" content=\"summary_large_image\" \/>\n<meta name=\"twitter:creator\" content=\"@InformeLitoral\" \/>\n<meta name=\"twitter:site\" content=\"@InformeLitoral\" \/>\n<meta name=\"twitter:label1\" content=\"Escrito por\" \/>\n\t<meta name=\"twitter:data1\" content=\"Gonzalo Schmidt\" \/>\n\t<meta name=\"twitter:label2\" content=\"Tiempo de lectura\" \/>\n\t<meta name=\"twitter:data2\" content=\"3 minutos\" \/>\n<script type=\"application\/ld+json\" class=\"yoast-schema-graph\">{\"@context\":\"https:\\\/\\\/schema.org\",\"@graph\":[{\"@type\":\"Article\",\"@id\":\"https:\\\/\\\/informelitoral.com.ar\\\/piden-que-el-aumento-del-inmobiliario-rural-sea-acorde-a-la-rentabilidad-de-los-productores\\\/#article\",\"isPartOf\":{\"@id\":\"https:\\\/\\\/informelitoral.com.ar\\\/piden-que-el-aumento-del-inmobiliario-rural-sea-acorde-a-la-rentabilidad-de-los-productores\\\/\"},\"author\":{\"name\":\"Gonzalo Schmidt\",\"@id\":\"https:\\\/\\\/informelitoral.com.ar\\\/#\\\/schema\\\/person\\\/b9d00407c836482871ef1d57bf8e3180\"},\"headline\":\"Piden que el aumento del Inmobiliario Rural sea acorde a la rentabilidad de los productores\",\"datePublished\":\"2025-04-16T10:53:39+00:00\",\"dateModified\":\"2025-04-16T11:09:10+00:00\",\"mainEntityOfPage\":{\"@id\":\"https:\\\/\\\/informelitoral.com.ar\\\/piden-que-el-aumento-del-inmobiliario-rural-sea-acorde-a-la-rentabilidad-de-los-productores\\\/\"},\"wordCount\":639,\"commentCount\":0,\"publisher\":{\"@id\":\"https:\\\/\\\/informelitoral.com.ar\\\/#organization\"},\"image\":{\"@id\":\"https:\\\/\\\/informelitoral.com.ar\\\/piden-que-el-aumento-del-inmobiliario-rural-sea-acorde-a-la-rentabilidad-de-los-productores\\\/#primaryimage\"},\"thumbnailUrl\":\"https:\\\/\\\/informelitoral.com.ar\\\/%77%70%2d%63%6f%6e%74%65%6e%74\\\/uploads\\\/2025\\\/04\\\/juan-diego-etchevehere-la-hora-del-6-canal-6-ertv.jpg\",\"keywords\":[\"Impuesto Inmobiliario Rural\",\"Juan Diego Etchevehere\",\"Mesa de Enlace\",\"Sociedad Rural\"],\"articleSection\":[\"Campo\"],\"inLanguage\":\"es\",\"potentialAction\":[{\"@type\":\"CommentAction\",\"name\":\"Comment\",\"target\":[\"https:\\\/\\\/informelitoral.com.ar\\\/piden-que-el-aumento-del-inmobiliario-rural-sea-acorde-a-la-rentabilidad-de-los-productores\\\/#respond\"]}]},{\"@type\":\"WebPage\",\"@id\":\"https:\\\/\\\/informelitoral.com.ar\\\/piden-que-el-aumento-del-inmobiliario-rural-sea-acorde-a-la-rentabilidad-de-los-productores\\\/\",\"url\":\"https:\\\/\\\/informelitoral.com.ar\\\/piden-que-el-aumento-del-inmobiliario-rural-sea-acorde-a-la-rentabilidad-de-los-productores\\\/\",\"name\":\"Piden que el aumento del Inmobiliario Rural sea acorde a la rentabilidad de los productores - Informe Litoral\",\"isPartOf\":{\"@id\":\"https:\\\/\\\/informelitoral.com.ar\\\/#website\"},\"primaryImageOfPage\":{\"@id\":\"https:\\\/\\\/informelitoral.com.ar\\\/piden-que-el-aumento-del-inmobiliario-rural-sea-acorde-a-la-rentabilidad-de-los-productores\\\/#primaryimage\"},\"image\":{\"@id\":\"https:\\\/\\\/informelitoral.com.ar\\\/piden-que-el-aumento-del-inmobiliario-rural-sea-acorde-a-la-rentabilidad-de-los-productores\\\/#primaryimage\"},\"thumbnailUrl\":\"https:\\\/\\\/informelitoral.com.ar\\\/%77%70%2d%63%6f%6e%74%65%6e%74\\\/uploads\\\/2025\\\/04\\\/juan-diego-etchevehere-la-hora-del-6-canal-6-ertv.jpg\",\"datePublished\":\"2025-04-16T10:53:39+00:00\",\"dateModified\":\"2025-04-16T11:09:10+00:00\",\"breadcrumb\":{\"@id\":\"https:\\\/\\\/informelitoral.com.ar\\\/piden-que-el-aumento-del-inmobiliario-rural-sea-acorde-a-la-rentabilidad-de-los-productores\\\/#breadcrumb\"},\"inLanguage\":\"es\",\"potentialAction\":[{\"@type\":\"ReadAction\",\"target\":[\"https:\\\/\\\/informelitoral.com.ar\\\/piden-que-el-aumento-del-inmobiliario-rural-sea-acorde-a-la-rentabilidad-de-los-productores\\\/\"]}]},{\"@type\":\"ImageObject\",\"inLanguage\":\"es\",\"@id\":\"https:\\\/\\\/informelitoral.com.ar\\\/piden-que-el-aumento-del-inmobiliario-rural-sea-acorde-a-la-rentabilidad-de-los-productores\\\/#primaryimage\",\"url\":\"https:\\\/\\\/informelitoral.com.ar\\\/%77%70%2d%63%6f%6e%74%65%6e%74\\\/uploads\\\/2025\\\/04\\\/juan-diego-etchevehere-la-hora-del-6-canal-6-ertv.jpg\",\"contentUrl\":\"https:\\\/\\\/informelitoral.com.ar\\\/%77%70%2d%63%6f%6e%74%65%6e%74\\\/uploads\\\/2025\\\/04\\\/juan-diego-etchevehere-la-hora-del-6-canal-6-ertv.jpg\",\"width\":1937,\"height\":1080,\"caption\":\"Juan Diego Etchevehere, presidente de la Sociedad Rural de Entre R\u00edos en La Hora del 6 por Canal 6 ERTV.\"},{\"@type\":\"BreadcrumbList\",\"@id\":\"https:\\\/\\\/informelitoral.com.ar\\\/piden-que-el-aumento-del-inmobiliario-rural-sea-acorde-a-la-rentabilidad-de-los-productores\\\/#breadcrumb\",\"itemListElement\":[{\"@type\":\"ListItem\",\"position\":1,\"name\":\"Portada\",\"item\":\"https:\\\/\\\/informelitoral.com.ar\\\/\"},{\"@type\":\"ListItem\",\"position\":2,\"name\":\"Piden que el aumento del Inmobiliario Rural sea acorde a la rentabilidad de los productores\"}]},{\"@type\":\"WebSite\",\"@id\":\"https:\\\/\\\/informelitoral.com.ar\\\/#website\",\"url\":\"https:\\\/\\\/informelitoral.com.ar\\\/\",\"name\":\"Informe Litoral\",\"description\":\"&quot;Nos informamos&quot; \",\"publisher\":{\"@id\":\"https:\\\/\\\/informelitoral.com.ar\\\/#organization\"},\"potentialAction\":[{\"@type\":\"SearchAction\",\"target\":{\"@type\":\"EntryPoint\",\"urlTemplate\":\"https:\\\/\\\/informelitoral.com.ar\\\/?s={search_term_string}\"},\"query-input\":{\"@type\":\"PropertyValueSpecification\",\"valueRequired\":true,\"valueName\":\"search_term_string\"}}],\"inLanguage\":\"es\"},{\"@type\":\"Organization\",\"@id\":\"https:\\\/\\\/informelitoral.com.ar\\\/#organization\",\"name\":\"Informe Litoral\",\"url\":\"https:\\\/\\\/informelitoral.com.ar\\\/\",\"logo\":{\"@type\":\"ImageObject\",\"inLanguage\":\"es\",\"@id\":\"https:\\\/\\\/informelitoral.com.ar\\\/#\\\/schema\\\/logo\\\/image\\\/\",\"url\":\"https:\\\/\\\/informelitoral.com.ar\\\/%77%70%2d%63%6f%6e%74%65%6e%74\\\/uploads\\\/2021\\\/01\\\/circulo.png\",\"contentUrl\":\"https:\\\/\\\/informelitoral.com.ar\\\/%77%70%2d%63%6f%6e%74%65%6e%74\\\/uploads\\\/2021\\\/01\\\/circulo.png\",\"width\":723,\"height\":731,\"caption\":\"Informe Litoral\"},\"image\":{\"@id\":\"https:\\\/\\\/informelitoral.com.ar\\\/#\\\/schema\\\/logo\\\/image\\\/\"},\"sameAs\":[\"https:\\\/\\\/www.facebook.com\\\/informelitoral\\\/\",\"https:\\\/\\\/x.com\\\/InformeLitoral\",\"https:\\\/\\\/www.instagram.com\\\/informelitoral\\\/\",\"https:\\\/\\\/www.youtube.com\\\/channel\\\/UCua4Qvz8Icb6MYqhoq9xLXw\"]},{\"@type\":\"Person\",\"@id\":\"https:\\\/\\\/informelitoral.com.ar\\\/#\\\/schema\\\/person\\\/b9d00407c836482871ef1d57bf8e3180\",\"name\":\"Gonzalo Schmidt\",\"image\":{\"@type\":\"ImageObject\",\"inLanguage\":\"es\",\"@id\":\"https:\\\/\\\/secure.gravatar.com\\\/avatar\\\/31a1a7b66ff2de83bd0e9fd79d026630d2d99e55e8bfe501287647b4fd9743de?s=96&d=mm&r=g\",\"url\":\"https:\\\/\\\/secure.gravatar.com\\\/avatar\\\/31a1a7b66ff2de83bd0e9fd79d026630d2d99e55e8bfe501287647b4fd9743de?s=96&d=mm&r=g\",\"contentUrl\":\"https:\\\/\\\/secure.gravatar.com\\\/avatar\\\/31a1a7b66ff2de83bd0e9fd79d026630d2d99e55e8bfe501287647b4fd9743de?s=96&d=mm&r=g\",\"caption\":\"Gonzalo Schmidt\"},\"description\":\"Sitio web de noticias de la provincia de Entre R\u00edos, Argentina. Informaci\u00f3n y entretenimiento. Informe Litoral, nos informamos.\",\"sameAs\":[\"http:\\\/\\\/www.isletasnoticias.com.ar\"],\"url\":\"https:\\\/\\\/informelitoral.com.ar\\\/author\\\/gonzalo\\\/\"}]}<\/script>","yoast_head_json":{"title":"Piden que el aumento del Inmobiliario Rural sea acorde a la rentabilidad de los productores - Informe Litoral","robots":{"index":"index","follow":"follow","max-snippet":"max-snippet:-1","max-image-preview":"max-image-preview:large","max-video-preview":"max-video-preview:-1"},"canonical":"https:\/\/informelitoral.com.ar\/piden-que-el-aumento-del-inmobiliario-rural-sea-acorde-a-la-rentabilidad-de-los-productores\/","og_locale":"es_ES","og_type":"article","og_title":"Piden que el aumento del Inmobiliario Rural sea acorde a la rentabilidad de los productores - Informe Litoral","og_description":"El tema se trat\u00f3 en una reuni\u00f3n de la Mesa de Enlace, el ministro Guillermo Bernaudo y dem\u00e1s autoridades provinciales. Tras el encuentro, Juan Diego Etchevehere, director de la Sociedad Rural de Entre R\u00edos, cont\u00f3 detalles en La Hora del 6.","og_url":"https:\/\/informelitoral.com.ar\/piden-que-el-aumento-del-inmobiliario-rural-sea-acorde-a-la-rentabilidad-de-los-productores\/","og_site_name":"Informe Litoral","article_publisher":"https:\/\/www.facebook.com\/informelitoral\/","article_published_time":"2025-04-16T10:53:39+00:00","article_modified_time":"2025-04-16T11:09:10+00:00","og_image":[{"width":1937,"height":1080,"url":"https:\/\/informelitoral.com.ar\/%77%70%2d%63%6f%6e%74%65%6e%74\/uploads\/2025\/04\/juan-diego-etchevehere-la-hora-del-6-canal-6-ertv.jpg","type":"image\/jpeg"}],"author":"Gonzalo Schmidt","twitter_card":"summary_large_image","twitter_creator":"@InformeLitoral","twitter_site":"@InformeLitoral","twitter_misc":{"Escrito por":"Gonzalo Schmidt","Tiempo de lectura":"3 minutos"},"schema":{"@context":"https:\/\/schema.org","@graph":[{"@type":"Article","@id":"https:\/\/informelitoral.com.ar\/piden-que-el-aumento-del-inmobiliario-rural-sea-acorde-a-la-rentabilidad-de-los-productores\/#article","isPartOf":{"@id":"https:\/\/informelitoral.com.ar\/piden-que-el-aumento-del-inmobiliario-rural-sea-acorde-a-la-rentabilidad-de-los-productores\/"},"author":{"name":"Gonzalo Schmidt","@id":"https:\/\/informelitoral.com.ar\/#\/schema\/person\/b9d00407c836482871ef1d57bf8e3180"},"headline":"Piden que el aumento del Inmobiliario Rural sea acorde a la rentabilidad de los productores","datePublished":"2025-04-16T10:53:39+00:00","dateModified":"2025-04-16T11:09:10+00:00","mainEntityOfPage":{"@id":"https:\/\/informelitoral.com.ar\/piden-que-el-aumento-del-inmobiliario-rural-sea-acorde-a-la-rentabilidad-de-los-productores\/"},"wordCount":639,"commentCount":0,"publisher":{"@id":"https:\/\/informelitoral.com.ar\/#organization"},"image":{"@id":"https:\/\/informelitoral.com.ar\/piden-que-el-aumento-del-inmobiliario-rural-sea-acorde-a-la-rentabilidad-de-los-productores\/#primaryimage"},"thumbnailUrl":"https:\/\/informelitoral.com.ar\/%77%70%2d%63%6f%6e%74%65%6e%74\/uploads\/2025\/04\/juan-diego-etchevehere-la-hora-del-6-canal-6-ertv.jpg","keywords":["Impuesto Inmobiliario Rural","Juan Diego Etchevehere","Mesa de Enlace","Sociedad Rural"],"articleSection":["Campo"],"inLanguage":"es","potentialAction":[{"@type":"CommentAction","name":"Comment","target":["https:\/\/informelitoral.com.ar\/piden-que-el-aumento-del-inmobiliario-rural-sea-acorde-a-la-rentabilidad-de-los-productores\/#respond"]}]},{"@type":"WebPage","@id":"https:\/\/informelitoral.com.ar\/piden-que-el-aumento-del-inmobiliario-rural-sea-acorde-a-la-rentabilidad-de-los-productores\/","url":"https:\/\/informelitoral.com.ar\/piden-que-el-aumento-del-inmobiliario-rural-sea-acorde-a-la-rentabilidad-de-los-productores\/","name":"Piden que el aumento del Inmobiliario Rural sea acorde a la rentabilidad de los productores - Informe Litoral","isPartOf":{"@id":"https:\/\/informelitoral.com.ar\/#website"},"primaryImageOfPage":{"@id":"https:\/\/informelitoral.com.ar\/piden-que-el-aumento-del-inmobiliario-rural-sea-acorde-a-la-rentabilidad-de-los-productores\/#primaryimage"},"image":{"@id":"https:\/\/informelitoral.com.ar\/piden-que-el-aumento-del-inmobiliario-rural-sea-acorde-a-la-rentabilidad-de-los-productores\/#primaryimage"},"thumbnailUrl":"https:\/\/informelitoral.com.ar\/%77%70%2d%63%6f%6e%74%65%6e%74\/uploads\/2025\/04\/juan-diego-etchevehere-la-hora-del-6-canal-6-ertv.jpg","datePublished":"2025-04-16T10:53:39+00:00","dateModified":"2025-04-16T11:09:10+00:00","breadcrumb":{"@id":"https:\/\/informelitoral.com.ar\/piden-que-el-aumento-del-inmobiliario-rural-sea-acorde-a-la-rentabilidad-de-los-productores\/#breadcrumb"},"inLanguage":"es","potentialAction":[{"@type":"ReadAction","target":["https:\/\/informelitoral.com.ar\/piden-que-el-aumento-del-inmobiliario-rural-sea-acorde-a-la-rentabilidad-de-los-productores\/"]}]},{"@type":"ImageObject","inLanguage":"es","@id":"https:\/\/informelitoral.com.ar\/piden-que-el-aumento-del-inmobiliario-rural-sea-acorde-a-la-rentabilidad-de-los-productores\/#primaryimage","url":"https:\/\/informelitoral.com.ar\/%77%70%2d%63%6f%6e%74%65%6e%74\/uploads\/2025\/04\/juan-diego-etchevehere-la-hora-del-6-canal-6-ertv.jpg","contentUrl":"https:\/\/informelitoral.com.ar\/%77%70%2d%63%6f%6e%74%65%6e%74\/uploads\/2025\/04\/juan-diego-etchevehere-la-hora-del-6-canal-6-ertv.jpg","width":1937,"height":1080,"caption":"Juan Diego Etchevehere, presidente de la Sociedad Rural de Entre R\u00edos en La Hora del 6 por Canal 6 ERTV."},{"@type":"BreadcrumbList","@id":"https:\/\/informelitoral.com.ar\/piden-que-el-aumento-del-inmobiliario-rural-sea-acorde-a-la-rentabilidad-de-los-productores\/#breadcrumb","itemListElement":[{"@type":"ListItem","position":1,"name":"Portada","item":"https:\/\/informelitoral.com.ar\/"},{"@type":"ListItem","position":2,"name":"Piden que el aumento del Inmobiliario Rural sea acorde a la rentabilidad de los productores"}]},{"@type":"WebSite","@id":"https:\/\/informelitoral.com.ar\/#website","url":"https:\/\/informelitoral.com.ar\/","name":"Informe Litoral","description":"&quot;Nos informamos&quot; ","publisher":{"@id":"https:\/\/informelitoral.com.ar\/#organization"},"potentialAction":[{"@type":"SearchAction","target":{"@type":"EntryPoint","urlTemplate":"https:\/\/informelitoral.com.ar\/?s={search_term_string}"},"query-input":{"@type":"PropertyValueSpecification","valueRequired":true,"valueName":"search_term_string"}}],"inLanguage":"es"},{"@type":"Organization","@id":"https:\/\/informelitoral.com.ar\/#organization","name":"Informe Litoral","url":"https:\/\/informelitoral.com.ar\/","logo":{"@type":"ImageObject","inLanguage":"es","@id":"https:\/\/informelitoral.com.ar\/#\/schema\/logo\/image\/","url":"https:\/\/informelitoral.com.ar\/%77%70%2d%63%6f%6e%74%65%6e%74\/uploads\/2021\/01\/circulo.png","contentUrl":"https:\/\/informelitoral.com.ar\/%77%70%2d%63%6f%6e%74%65%6e%74\/uploads\/2021\/01\/circulo.png","width":723,"height":731,"caption":"Informe Litoral"},"image":{"@id":"https:\/\/informelitoral.com.ar\/#\/schema\/logo\/image\/"},"sameAs":["https:\/\/www.facebook.com\/informelitoral\/","https:\/\/x.com\/InformeLitoral","https:\/\/www.instagram.com\/informelitoral\/","https:\/\/www.youtube.com\/channel\/UCua4Qvz8Icb6MYqhoq9xLXw"]},{"@type":"Person","@id":"https:\/\/informelitoral.com.ar\/#\/schema\/person\/b9d00407c836482871ef1d57bf8e3180","name":"Gonzalo Schmidt","image":{"@type":"ImageObject","inLanguage":"es","@id":"https:\/\/secure.gravatar.com\/avatar\/31a1a7b66ff2de83bd0e9fd79d026630d2d99e55e8bfe501287647b4fd9743de?s=96&d=mm&r=g","url":"https:\/\/secure.gravatar.com\/avatar\/31a1a7b66ff2de83bd0e9fd79d026630d2d99e55e8bfe501287647b4fd9743de?s=96&d=mm&r=g","contentUrl":"https:\/\/secure.gravatar.com\/avatar\/31a1a7b66ff2de83bd0e9fd79d026630d2d99e55e8bfe501287647b4fd9743de?s=96&d=mm&r=g","caption":"Gonzalo Schmidt"},"description":"Sitio web de noticias de la provincia de Entre R\u00edos, Argentina. Informaci\u00f3n y entretenimiento. Informe Litoral, nos informamos.","sameAs":["http:\/\/www.isletasnoticias.com.ar"],"url":"https:\/\/informelitoral.com.ar\/author\/gonzalo\/"}]}},"_links":{"self":[{"href":"https:\/\/informelitoral.com.ar\/%77%70%2d%6a%73%6f%6e\/wp\/v2\/posts\/218509","targetHints":{"allow":["GET"]}}],"collection":[{"href":"https:\/\/informelitoral.com.ar\/%77%70%2d%6a%73%6f%6e\/wp\/v2\/posts"}],"about":[{"href":"https:\/\/informelitoral.com.ar\/%77%70%2d%6a%73%6f%6e\/wp\/v2\/types\/post"}],"author":[{"embeddable":true,"href":"https:\/\/informelitoral.com.ar\/%77%70%2d%6a%73%6f%6e\/wp\/v2\/users\/2"}],"replies":[{"embeddable":true,"href":"https:\/\/informelitoral.com.ar\/%77%70%2d%6a%73%6f%6e\/wp\/v2\/comments?post=218509"}],"version-history":[{"count":0,"href":"https:\/\/informelitoral.com.ar\/%77%70%2d%6a%73%6f%6e\/wp\/v2\/posts\/218509\/revisions"}],"wp:featuredmedia":[{"embeddable":true,"href":"https:\/\/informelitoral.com.ar\/%77%70%2d%6a%73%6f%6e\/wp\/v2\/media\/218498"}],"wp:attachment":[{"href":"https:\/\/informelitoral.com.ar\/%77%70%2d%6a%73%6f%6e\/wp\/v2\/media?parent=218509"}],"wp:term":[{"taxonomy":"category","embeddable":true,"href":"https:\/\/informelitoral.com.ar\/%77%70%2d%6a%73%6f%6e\/wp\/v2\/categories?post=218509"},{"taxonomy":"post_tag","embeddable":true,"href":"https:\/\/informelitoral.com.ar\/%77%70%2d%6a%73%6f%6e\/wp\/v2\/tags?post=218509"}],"curies":[{"name":"wp","href":"https:\/\/api.w.org\/{rel}","templated":true}]}}