{"id":218507,"date":"2025-04-16T07:00:25","date_gmt":"2025-04-16T10:00:25","guid":{"rendered":"https:\/\/informelitoral.com.ar\/?p=218507"},"modified":"2025-04-16T07:00:25","modified_gmt":"2025-04-16T10:00:25","slug":"semana-santa-la-primera-parte-empezaria-con-lluvias-y-despues-tiempo-estable","status":"publish","type":"post","link":"https:\/\/informelitoral.com.ar\/semana-santa-la-primera-parte-empezaria-con-lluvias-y-despues-tiempo-estable\/","title":{"rendered":"Semana Santa: La primera parte empezar\u00eda con lluvias y despu\u00e9s tiempo estable"},"content":{"rendered":"<p>\u201cEn las jornadas del jueves y viernes se espera el desarrollo de condiciones de tiempo inestable sobre la regi\u00f3n central del pa\u00eds, especialmente en provincias como C\u00f3rdoba, Santa Fe, Entre R\u00edos y el norte de Buenos Aires\u201d, pronostic\u00f3 el meteor\u00f3logo, Leonardo De Benedictis.<\/p>\n<p>Detall\u00f3 que \u201cla presencia de humedad, nubosidad y la posible aparici\u00f3n de lluvias y tormentas marcar\u00e1n estos dos primeros d\u00edas del fin de semana largo. Durante el viernes, estas condiciones se extender\u00e1n hacia el noroeste argentino y algunas zonas del NEA, como Formosa, norte de Chaco y Misiones, influenciadas por un sistema de tormentas en Paraguay y el sur de Brasil\u201d.<\/p>\n<p><b>Para el s\u00e1bado se espera una mejora generalizada en todo el territorio nacional<\/b>. El sistema de\u00a0<b>inestabilidad se habr\u00e1 retirado, dando paso a condiciones de mayor estabilidad<\/b>. Sin embargo, \u201ca zona costera del sur de la provincia de Buenos Aires podr\u00eda continuar afectada por chaparrones aislados debido al ingreso de aire fr\u00edo desde el Oc\u00e9ano Atl\u00e1ntico.\u00a0<b>En el resto del pa\u00eds predominar\u00e1 el tiempo estable<\/b>\u201d, indic\u00f3 el especialista.<\/p>\n<h2><strong>El pron\u00f3stico para Entre R\u00edos<\/strong><\/h2>\n<p><b>Durante la presente jornada<\/b>, en nuestra provincia se anuncia cielo parcialmente nublado, con temperaturas de\u00a0<b>hasta 22 grados<\/b>.<\/p>\n<p>Mientras tanto,\u00a0<b>el jueves estar\u00e1 m\u00e1s h\u00famedo y c\u00e1lido<\/b>, por lo cual los registros t\u00e9rmicos alcanzar\u00e1n los\u00a0<b>26 grados<\/b>.\u00a0<b>Una situaci\u00f3n similar se dar\u00e1 el viernes<\/b>, con cielo que presentar\u00e1 mayor nubosidad.<\/p>\n<p>Uno de los aspectos m\u00e1s destacados del fin de semana ser\u00e1 el descenso de las temperaturas que se notar\u00e1 desde el s\u00e1bado. \u201cEl ingreso de aire fr\u00edo desde el sur traer\u00e1 aparejado una masa de aire m\u00e1s seco, que favorecer\u00e1 la estabilidad atmosf\u00e9rica pero tambi\u00e9n provocar\u00e1 un marcado enfriamiento\u201d, indic\u00f3 De Benedictis. Para ese d\u00eda en Entre R\u00edos\u00a0<b>estiman m\u00ednimas de 11 o 12 grados y m\u00e1ximas de 21 grados cent\u00edgrados, con vientos intensos del sur<\/b>.<\/p>\n<h2><strong>Domingo de Pascua<\/strong><\/h2>\n<p>El domingo, cierre del fin de semana largo, tambi\u00e9n\u00a0<b>mostrar\u00e1 condiciones mayormente estables en todo el pa\u00eds<\/b>. \u201cLas \u00fanicas excepciones podr\u00edan ser algunas precipitaciones aisladas y muy d\u00e9biles en el noroeste argentino, puntualmente sobre las provincias de Jujuy, Salta y Tucum\u00e1n. Se tratar\u00eda de fen\u00f3menos poco significativos, con mayor protagonismo de la nubosidad que de las lluvias\u201d, explic\u00f3 De Benedictis en\u00a0<i>Meteored<\/i>.<\/p>\n<p>Durante esta jornada, \u201clas condiciones de estabilidad estar\u00e1n asociadas al ingreso de aire m\u00e1s fr\u00edo y seco, lo que proporcionar\u00e1 un menor contenido de humedad y permitir\u00e1 que prevalezcan cielos con nubosidad variable\u201d. Las marcas t\u00e9rmicas se presentar\u00e1n t\u00edpicas para la \u00e9poca del a\u00f1o, con cerca de 21 grados por la tarde en territorio entrerriano.<\/p>\n<h2><strong>Balance del pron\u00f3stico para Semana Santa<\/strong><\/h2>\n<p>En s\u00edntesis, \u201cel fin de semana largo de Semana Santa estar\u00e1 signado por un inicio con lluvias y tormentas en el centro y norte del pa\u00eds, seguido de una mejora notoria en la mayor parte del territorio. El cambio de masa de aire traer\u00e1 aparejado un descenso t\u00e9rmico significativo, pero tambi\u00e9n mejores condiciones para quienes disfruten del fin de semana largo al aire libre en su tramo final\u201d, expres\u00f3 el meteor\u00f3logo.<\/p>\n<p>Complet\u00f3 se\u00f1alando que \u201cesta situaci\u00f3n complica a la actividad agropecuaria, ya que las condiciones de humedad constante mantienen un importante retraso en los trabajos, impidiendo el normal avance de la cosecha especialmente para los cultivos de soja, que pueden comenzar a perder rendimiento y calidad\u201d. <em>(Con informaci\u00f3n de\u00a0Meteored)<\/em><\/p>\n","protected":false},"excerpt":{"rendered":"<p>La inestabilidad se espera para el jueves y viernes. Despu\u00e9s ingresar\u00e1 aire fr\u00edo y prevalecer\u00e1 el tiempo estable. Los detalles en esta nota. <\/p>\n","protected":false},"author":2,"featured_media":213633,"comment_status":"open","ping_status":"open","sticky":false,"template":"","format":"standard","meta":{"fifu_image_url":"","fifu_image_alt":"","footnotes":""},"categories":[7],"tags":[38,2759,113],"class_list":{"0":"post-218507","1":"post","2":"type-post","3":"status-publish","4":"format-standard","5":"has-post-thumbnail","7":"category-nacionales","8":"tag-el-tiempo","9":"tag-pronostico-del-tiempo","10":"tag-smn"},"yoast_head":"<title>Semana Santa: La primera parte empezar\u00eda con lluvias y despu\u00e9s tiempo estable - Informe Litoral<\/title>\n<meta name=\"robots\" content=\"index, follow, max-snippet:-1, max-image-preview:large, max-video-preview:-1\" \/>\n<link rel=\"canonical\" href=\"https:\/\/informelitoral.com.ar\/semana-santa-la-primera-parte-empezaria-con-lluvias-y-despues-tiempo-estable\/\" \/>\n<meta property=\"og:locale\" content=\"es_ES\" \/>\n<meta property=\"og:type\" content=\"article\" \/>\n<meta property=\"og:title\" content=\"Semana Santa: La primera parte empezar\u00eda con lluvias y despu\u00e9s tiempo estable - Informe Litoral\" \/>\n<meta property=\"og:description\" content=\"La inestabilidad se espera para el jueves y viernes. Despu\u00e9s ingresar\u00e1 aire fr\u00edo y prevalecer\u00e1 el tiempo estable. Los detalles en esta nota.\" \/>\n<meta property=\"og:url\" content=\"https:\/\/informelitoral.com.ar\/semana-santa-la-primera-parte-empezaria-con-lluvias-y-despues-tiempo-estable\/\" \/>\n<meta property=\"og:site_name\" content=\"Informe Litoral\" \/>\n<meta property=\"article:publisher\" content=\"https:\/\/www.facebook.com\/informelitoral\/\" \/>\n<meta property=\"article:published_time\" content=\"2025-04-16T10:00:25+00:00\" \/>\n<meta property=\"og:image\" content=\"https:\/\/informelitoral.com.ar\/%77%70%2d%63%6f%6e%74%65%6e%74\/uploads\/2025\/03\/jornada-algo-nujbosa-el-tiempo-cielo-rio-paisaje-e1741084296754.jpeg\" \/>\n\t<meta property=\"og:image:width\" content=\"1200\" \/>\n\t<meta property=\"og:image:height\" content=\"1075\" \/>\n\t<meta property=\"og:image:type\" content=\"image\/jpeg\" \/>\n<meta name=\"author\" content=\"Gonzalo Schmidt\" \/>\n<meta name=\"twitter:card\" content=\"summary_large_image\" \/>\n<meta name=\"twitter:creator\" content=\"@InformeLitoral\" \/>\n<meta name=\"twitter:site\" content=\"@InformeLitoral\" \/>\n<meta name=\"twitter:label1\" content=\"Escrito por\" \/>\n\t<meta name=\"twitter:data1\" content=\"Gonzalo Schmidt\" \/>\n\t<meta name=\"twitter:label2\" content=\"Tiempo de lectura\" \/>\n\t<meta name=\"twitter:data2\" content=\"3 minutos\" \/>\n<script type=\"application\/ld+json\" class=\"yoast-schema-graph\">{\"@context\":\"https:\\\/\\\/schema.org\",\"@graph\":[{\"@type\":\"Article\",\"@id\":\"https:\\\/\\\/informelitoral.com.ar\\\/semana-santa-la-primera-parte-empezaria-con-lluvias-y-despues-tiempo-estable\\\/#article\",\"isPartOf\":{\"@id\":\"https:\\\/\\\/informelitoral.com.ar\\\/semana-santa-la-primera-parte-empezaria-con-lluvias-y-despues-tiempo-estable\\\/\"},\"author\":{\"name\":\"Gonzalo Schmidt\",\"@id\":\"https:\\\/\\\/informelitoral.com.ar\\\/#\\\/schema\\\/person\\\/b9d00407c836482871ef1d57bf8e3180\"},\"headline\":\"Semana Santa: La primera parte empezar\u00eda con lluvias y despu\u00e9s tiempo estable\",\"datePublished\":\"2025-04-16T10:00:25+00:00\",\"mainEntityOfPage\":{\"@id\":\"https:\\\/\\\/informelitoral.com.ar\\\/semana-santa-la-primera-parte-empezaria-con-lluvias-y-despues-tiempo-estable\\\/\"},\"wordCount\":614,\"commentCount\":0,\"publisher\":{\"@id\":\"https:\\\/\\\/informelitoral.com.ar\\\/#organization\"},\"image\":{\"@id\":\"https:\\\/\\\/informelitoral.com.ar\\\/semana-santa-la-primera-parte-empezaria-con-lluvias-y-despues-tiempo-estable\\\/#primaryimage\"},\"thumbnailUrl\":\"https:\\\/\\\/informelitoral.com.ar\\\/%77%70%2d%63%6f%6e%74%65%6e%74\\\/uploads\\\/2025\\\/03\\\/jornada-algo-nujbosa-el-tiempo-cielo-rio-paisaje-e1741084296754.jpeg\",\"keywords\":[\"El tiempo\",\"Pron\u00f3stico del tiempo\",\"SMN\"],\"articleSection\":[\"Nacionales\"],\"inLanguage\":\"es\",\"potentialAction\":[{\"@type\":\"CommentAction\",\"name\":\"Comment\",\"target\":[\"https:\\\/\\\/informelitoral.com.ar\\\/semana-santa-la-primera-parte-empezaria-con-lluvias-y-despues-tiempo-estable\\\/#respond\"]}]},{\"@type\":\"WebPage\",\"@id\":\"https:\\\/\\\/informelitoral.com.ar\\\/semana-santa-la-primera-parte-empezaria-con-lluvias-y-despues-tiempo-estable\\\/\",\"url\":\"https:\\\/\\\/informelitoral.com.ar\\\/semana-santa-la-primera-parte-empezaria-con-lluvias-y-despues-tiempo-estable\\\/\",\"name\":\"Semana Santa: La primera parte empezar\u00eda con lluvias y despu\u00e9s tiempo estable - Informe Litoral\",\"isPartOf\":{\"@id\":\"https:\\\/\\\/informelitoral.com.ar\\\/#website\"},\"primaryImageOfPage\":{\"@id\":\"https:\\\/\\\/informelitoral.com.ar\\\/semana-santa-la-primera-parte-empezaria-con-lluvias-y-despues-tiempo-estable\\\/#primaryimage\"},\"image\":{\"@id\":\"https:\\\/\\\/informelitoral.com.ar\\\/semana-santa-la-primera-parte-empezaria-con-lluvias-y-despues-tiempo-estable\\\/#primaryimage\"},\"thumbnailUrl\":\"https:\\\/\\\/informelitoral.com.ar\\\/%77%70%2d%63%6f%6e%74%65%6e%74\\\/uploads\\\/2025\\\/03\\\/jornada-algo-nujbosa-el-tiempo-cielo-rio-paisaje-e1741084296754.jpeg\",\"datePublished\":\"2025-04-16T10:00:25+00:00\",\"breadcrumb\":{\"@id\":\"https:\\\/\\\/informelitoral.com.ar\\\/semana-santa-la-primera-parte-empezaria-con-lluvias-y-despues-tiempo-estable\\\/#breadcrumb\"},\"inLanguage\":\"es\",\"potentialAction\":[{\"@type\":\"ReadAction\",\"target\":[\"https:\\\/\\\/informelitoral.com.ar\\\/semana-santa-la-primera-parte-empezaria-con-lluvias-y-despues-tiempo-estable\\\/\"]}]},{\"@type\":\"ImageObject\",\"inLanguage\":\"es\",\"@id\":\"https:\\\/\\\/informelitoral.com.ar\\\/semana-santa-la-primera-parte-empezaria-con-lluvias-y-despues-tiempo-estable\\\/#primaryimage\",\"url\":\"https:\\\/\\\/informelitoral.com.ar\\\/%77%70%2d%63%6f%6e%74%65%6e%74\\\/uploads\\\/2025\\\/03\\\/jornada-algo-nujbosa-el-tiempo-cielo-rio-paisaje-e1741084296754.jpeg\",\"contentUrl\":\"https:\\\/\\\/informelitoral.com.ar\\\/%77%70%2d%63%6f%6e%74%65%6e%74\\\/uploads\\\/2025\\\/03\\\/jornada-algo-nujbosa-el-tiempo-cielo-rio-paisaje-e1741084296754.jpeg\",\"width\":1200,\"height\":1075},{\"@type\":\"BreadcrumbList\",\"@id\":\"https:\\\/\\\/informelitoral.com.ar\\\/semana-santa-la-primera-parte-empezaria-con-lluvias-y-despues-tiempo-estable\\\/#breadcrumb\",\"itemListElement\":[{\"@type\":\"ListItem\",\"position\":1,\"name\":\"Portada\",\"item\":\"https:\\\/\\\/informelitoral.com.ar\\\/\"},{\"@type\":\"ListItem\",\"position\":2,\"name\":\"Semana Santa: La primera parte empezar\u00eda con lluvias y despu\u00e9s tiempo estable\"}]},{\"@type\":\"WebSite\",\"@id\":\"https:\\\/\\\/informelitoral.com.ar\\\/#website\",\"url\":\"https:\\\/\\\/informelitoral.com.ar\\\/\",\"name\":\"Informe Litoral\",\"description\":\"&quot;Nos informamos&quot; \",\"publisher\":{\"@id\":\"https:\\\/\\\/informelitoral.com.ar\\\/#organization\"},\"potentialAction\":[{\"@type\":\"SearchAction\",\"target\":{\"@type\":\"EntryPoint\",\"urlTemplate\":\"https:\\\/\\\/informelitoral.com.ar\\\/?s={search_term_string}\"},\"query-input\":{\"@type\":\"PropertyValueSpecification\",\"valueRequired\":true,\"valueName\":\"search_term_string\"}}],\"inLanguage\":\"es\"},{\"@type\":\"Organization\",\"@id\":\"https:\\\/\\\/informelitoral.com.ar\\\/#organization\",\"name\":\"Informe Litoral\",\"url\":\"https:\\\/\\\/informelitoral.com.ar\\\/\",\"logo\":{\"@type\":\"ImageObject\",\"inLanguage\":\"es\",\"@id\":\"https:\\\/\\\/informelitoral.com.ar\\\/#\\\/schema\\\/logo\\\/image\\\/\",\"url\":\"https:\\\/\\\/informelitoral.com.ar\\\/%77%70%2d%63%6f%6e%74%65%6e%74\\\/uploads\\\/2021\\\/01\\\/circulo.png\",\"contentUrl\":\"https:\\\/\\\/informelitoral.com.ar\\\/%77%70%2d%63%6f%6e%74%65%6e%74\\\/uploads\\\/2021\\\/01\\\/circulo.png\",\"width\":723,\"height\":731,\"caption\":\"Informe Litoral\"},\"image\":{\"@id\":\"https:\\\/\\\/informelitoral.com.ar\\\/#\\\/schema\\\/logo\\\/image\\\/\"},\"sameAs\":[\"https:\\\/\\\/www.facebook.com\\\/informelitoral\\\/\",\"https:\\\/\\\/x.com\\\/InformeLitoral\",\"https:\\\/\\\/www.instagram.com\\\/informelitoral\\\/\",\"https:\\\/\\\/www.youtube.com\\\/channel\\\/UCua4Qvz8Icb6MYqhoq9xLXw\"]},{\"@type\":\"Person\",\"@id\":\"https:\\\/\\\/informelitoral.com.ar\\\/#\\\/schema\\\/person\\\/b9d00407c836482871ef1d57bf8e3180\",\"name\":\"Gonzalo Schmidt\",\"image\":{\"@type\":\"ImageObject\",\"inLanguage\":\"es\",\"@id\":\"https:\\\/\\\/secure.gravatar.com\\\/avatar\\\/31a1a7b66ff2de83bd0e9fd79d026630d2d99e55e8bfe501287647b4fd9743de?s=96&d=mm&r=g\",\"url\":\"https:\\\/\\\/secure.gravatar.com\\\/avatar\\\/31a1a7b66ff2de83bd0e9fd79d026630d2d99e55e8bfe501287647b4fd9743de?s=96&d=mm&r=g\",\"contentUrl\":\"https:\\\/\\\/secure.gravatar.com\\\/avatar\\\/31a1a7b66ff2de83bd0e9fd79d026630d2d99e55e8bfe501287647b4fd9743de?s=96&d=mm&r=g\",\"caption\":\"Gonzalo Schmidt\"},\"description\":\"Sitio web de noticias de la provincia de Entre R\u00edos, Argentina. Informaci\u00f3n y entretenimiento. Informe Litoral, nos informamos.\",\"sameAs\":[\"http:\\\/\\\/www.isletasnoticias.com.ar\"],\"url\":\"https:\\\/\\\/informelitoral.com.ar\\\/author\\\/gonzalo\\\/\"}]}<\/script>","yoast_head_json":{"title":"Semana Santa: La primera parte empezar\u00eda con lluvias y despu\u00e9s tiempo estable - Informe Litoral","robots":{"index":"index","follow":"follow","max-snippet":"max-snippet:-1","max-image-preview":"max-image-preview:large","max-video-preview":"max-video-preview:-1"},"canonical":"https:\/\/informelitoral.com.ar\/semana-santa-la-primera-parte-empezaria-con-lluvias-y-despues-tiempo-estable\/","og_locale":"es_ES","og_type":"article","og_title":"Semana Santa: La primera parte empezar\u00eda con lluvias y despu\u00e9s tiempo estable - Informe Litoral","og_description":"La inestabilidad se espera para el jueves y viernes. Despu\u00e9s ingresar\u00e1 aire fr\u00edo y prevalecer\u00e1 el tiempo estable. Los detalles en esta nota.","og_url":"https:\/\/informelitoral.com.ar\/semana-santa-la-primera-parte-empezaria-con-lluvias-y-despues-tiempo-estable\/","og_site_name":"Informe Litoral","article_publisher":"https:\/\/www.facebook.com\/informelitoral\/","article_published_time":"2025-04-16T10:00:25+00:00","og_image":[{"width":1200,"height":1075,"url":"https:\/\/informelitoral.com.ar\/%77%70%2d%63%6f%6e%74%65%6e%74\/uploads\/2025\/03\/jornada-algo-nujbosa-el-tiempo-cielo-rio-paisaje-e1741084296754.jpeg","type":"image\/jpeg"}],"author":"Gonzalo Schmidt","twitter_card":"summary_large_image","twitter_creator":"@InformeLitoral","twitter_site":"@InformeLitoral","twitter_misc":{"Escrito por":"Gonzalo Schmidt","Tiempo de lectura":"3 minutos"},"schema":{"@context":"https:\/\/schema.org","@graph":[{"@type":"Article","@id":"https:\/\/informelitoral.com.ar\/semana-santa-la-primera-parte-empezaria-con-lluvias-y-despues-tiempo-estable\/#article","isPartOf":{"@id":"https:\/\/informelitoral.com.ar\/semana-santa-la-primera-parte-empezaria-con-lluvias-y-despues-tiempo-estable\/"},"author":{"name":"Gonzalo Schmidt","@id":"https:\/\/informelitoral.com.ar\/#\/schema\/person\/b9d00407c836482871ef1d57bf8e3180"},"headline":"Semana Santa: La primera parte empezar\u00eda con lluvias y despu\u00e9s tiempo estable","datePublished":"2025-04-16T10:00:25+00:00","mainEntityOfPage":{"@id":"https:\/\/informelitoral.com.ar\/semana-santa-la-primera-parte-empezaria-con-lluvias-y-despues-tiempo-estable\/"},"wordCount":614,"commentCount":0,"publisher":{"@id":"https:\/\/informelitoral.com.ar\/#organization"},"image":{"@id":"https:\/\/informelitoral.com.ar\/semana-santa-la-primera-parte-empezaria-con-lluvias-y-despues-tiempo-estable\/#primaryimage"},"thumbnailUrl":"https:\/\/informelitoral.com.ar\/%77%70%2d%63%6f%6e%74%65%6e%74\/uploads\/2025\/03\/jornada-algo-nujbosa-el-tiempo-cielo-rio-paisaje-e1741084296754.jpeg","keywords":["El tiempo","Pron\u00f3stico del tiempo","SMN"],"articleSection":["Nacionales"],"inLanguage":"es","potentialAction":[{"@type":"CommentAction","name":"Comment","target":["https:\/\/informelitoral.com.ar\/semana-santa-la-primera-parte-empezaria-con-lluvias-y-despues-tiempo-estable\/#respond"]}]},{"@type":"WebPage","@id":"https:\/\/informelitoral.com.ar\/semana-santa-la-primera-parte-empezaria-con-lluvias-y-despues-tiempo-estable\/","url":"https:\/\/informelitoral.com.ar\/semana-santa-la-primera-parte-empezaria-con-lluvias-y-despues-tiempo-estable\/","name":"Semana Santa: La primera parte empezar\u00eda con lluvias y despu\u00e9s tiempo estable - Informe Litoral","isPartOf":{"@id":"https:\/\/informelitoral.com.ar\/#website"},"primaryImageOfPage":{"@id":"https:\/\/informelitoral.com.ar\/semana-santa-la-primera-parte-empezaria-con-lluvias-y-despues-tiempo-estable\/#primaryimage"},"image":{"@id":"https:\/\/informelitoral.com.ar\/semana-santa-la-primera-parte-empezaria-con-lluvias-y-despues-tiempo-estable\/#primaryimage"},"thumbnailUrl":"https:\/\/informelitoral.com.ar\/%77%70%2d%63%6f%6e%74%65%6e%74\/uploads\/2025\/03\/jornada-algo-nujbosa-el-tiempo-cielo-rio-paisaje-e1741084296754.jpeg","datePublished":"2025-04-16T10:00:25+00:00","breadcrumb":{"@id":"https:\/\/informelitoral.com.ar\/semana-santa-la-primera-parte-empezaria-con-lluvias-y-despues-tiempo-estable\/#breadcrumb"},"inLanguage":"es","potentialAction":[{"@type":"ReadAction","target":["https:\/\/informelitoral.com.ar\/semana-santa-la-primera-parte-empezaria-con-lluvias-y-despues-tiempo-estable\/"]}]},{"@type":"ImageObject","inLanguage":"es","@id":"https:\/\/informelitoral.com.ar\/semana-santa-la-primera-parte-empezaria-con-lluvias-y-despues-tiempo-estable\/#primaryimage","url":"https:\/\/informelitoral.com.ar\/%77%70%2d%63%6f%6e%74%65%6e%74\/uploads\/2025\/03\/jornada-algo-nujbosa-el-tiempo-cielo-rio-paisaje-e1741084296754.jpeg","contentUrl":"https:\/\/informelitoral.com.ar\/%77%70%2d%63%6f%6e%74%65%6e%74\/uploads\/2025\/03\/jornada-algo-nujbosa-el-tiempo-cielo-rio-paisaje-e1741084296754.jpeg","width":1200,"height":1075},{"@type":"BreadcrumbList","@id":"https:\/\/informelitoral.com.ar\/semana-santa-la-primera-parte-empezaria-con-lluvias-y-despues-tiempo-estable\/#breadcrumb","itemListElement":[{"@type":"ListItem","position":1,"name":"Portada","item":"https:\/\/informelitoral.com.ar\/"},{"@type":"ListItem","position":2,"name":"Semana Santa: La primera parte empezar\u00eda con lluvias y despu\u00e9s tiempo estable"}]},{"@type":"WebSite","@id":"https:\/\/informelitoral.com.ar\/#website","url":"https:\/\/informelitoral.com.ar\/","name":"Informe Litoral","description":"&quot;Nos informamos&quot; ","publisher":{"@id":"https:\/\/informelitoral.com.ar\/#organization"},"potentialAction":[{"@type":"SearchAction","target":{"@type":"EntryPoint","urlTemplate":"https:\/\/informelitoral.com.ar\/?s={search_term_string}"},"query-input":{"@type":"PropertyValueSpecification","valueRequired":true,"valueName":"search_term_string"}}],"inLanguage":"es"},{"@type":"Organization","@id":"https:\/\/informelitoral.com.ar\/#organization","name":"Informe Litoral","url":"https:\/\/informelitoral.com.ar\/","logo":{"@type":"ImageObject","inLanguage":"es","@id":"https:\/\/informelitoral.com.ar\/#\/schema\/logo\/image\/","url":"https:\/\/informelitoral.com.ar\/%77%70%2d%63%6f%6e%74%65%6e%74\/uploads\/2021\/01\/circulo.png","contentUrl":"https:\/\/informelitoral.com.ar\/%77%70%2d%63%6f%6e%74%65%6e%74\/uploads\/2021\/01\/circulo.png","width":723,"height":731,"caption":"Informe Litoral"},"image":{"@id":"https:\/\/informelitoral.com.ar\/#\/schema\/logo\/image\/"},"sameAs":["https:\/\/www.facebook.com\/informelitoral\/","https:\/\/x.com\/InformeLitoral","https:\/\/www.instagram.com\/informelitoral\/","https:\/\/www.youtube.com\/channel\/UCua4Qvz8Icb6MYqhoq9xLXw"]},{"@type":"Person","@id":"https:\/\/informelitoral.com.ar\/#\/schema\/person\/b9d00407c836482871ef1d57bf8e3180","name":"Gonzalo Schmidt","image":{"@type":"ImageObject","inLanguage":"es","@id":"https:\/\/secure.gravatar.com\/avatar\/31a1a7b66ff2de83bd0e9fd79d026630d2d99e55e8bfe501287647b4fd9743de?s=96&d=mm&r=g","url":"https:\/\/secure.gravatar.com\/avatar\/31a1a7b66ff2de83bd0e9fd79d026630d2d99e55e8bfe501287647b4fd9743de?s=96&d=mm&r=g","contentUrl":"https:\/\/secure.gravatar.com\/avatar\/31a1a7b66ff2de83bd0e9fd79d026630d2d99e55e8bfe501287647b4fd9743de?s=96&d=mm&r=g","caption":"Gonzalo Schmidt"},"description":"Sitio web de noticias de la provincia de Entre R\u00edos, Argentina. Informaci\u00f3n y entretenimiento. Informe Litoral, nos informamos.","sameAs":["http:\/\/www.isletasnoticias.com.ar"],"url":"https:\/\/informelitoral.com.ar\/author\/gonzalo\/"}]}},"_links":{"self":[{"href":"https:\/\/informelitoral.com.ar\/%77%70%2d%6a%73%6f%6e\/wp\/v2\/posts\/218507","targetHints":{"allow":["GET"]}}],"collection":[{"href":"https:\/\/informelitoral.com.ar\/%77%70%2d%6a%73%6f%6e\/wp\/v2\/posts"}],"about":[{"href":"https:\/\/informelitoral.com.ar\/%77%70%2d%6a%73%6f%6e\/wp\/v2\/types\/post"}],"author":[{"embeddable":true,"href":"https:\/\/informelitoral.com.ar\/%77%70%2d%6a%73%6f%6e\/wp\/v2\/users\/2"}],"replies":[{"embeddable":true,"href":"https:\/\/informelitoral.com.ar\/%77%70%2d%6a%73%6f%6e\/wp\/v2\/comments?post=218507"}],"version-history":[{"count":0,"href":"https:\/\/informelitoral.com.ar\/%77%70%2d%6a%73%6f%6e\/wp\/v2\/posts\/218507\/revisions"}],"wp:featuredmedia":[{"embeddable":true,"href":"https:\/\/informelitoral.com.ar\/%77%70%2d%6a%73%6f%6e\/wp\/v2\/media\/213633"}],"wp:attachment":[{"href":"https:\/\/informelitoral.com.ar\/%77%70%2d%6a%73%6f%6e\/wp\/v2\/media?parent=218507"}],"wp:term":[{"taxonomy":"category","embeddable":true,"href":"https:\/\/informelitoral.com.ar\/%77%70%2d%6a%73%6f%6e\/wp\/v2\/categories?post=218507"},{"taxonomy":"post_tag","embeddable":true,"href":"https:\/\/informelitoral.com.ar\/%77%70%2d%6a%73%6f%6e\/wp\/v2\/tags?post=218507"}],"curies":[{"name":"wp","href":"https:\/\/api.w.org\/{rel}","templated":true}]}}