{"id":218455,"date":"2025-04-15T10:37:04","date_gmt":"2025-04-15T13:37:04","guid":{"rendered":"https:\/\/informelitoral.com.ar\/?p=218455"},"modified":"2025-04-15T21:14:57","modified_gmt":"2025-04-16T00:14:57","slug":"mi-bandera-es-argentina-del-autor-diamantino-ruben-gimenez-podria-sumarse-a-actos-oficiales","status":"publish","type":"post","link":"https:\/\/informelitoral.com.ar\/mi-bandera-es-argentina-del-autor-diamantino-ruben-gimenez-podria-sumarse-a-actos-oficiales\/","title":{"rendered":"\u00abMi Bandera es Argentina\u00bb del autor diamantino Rub\u00e9n Gim\u00e9nez podr\u00eda sumarse a actos oficiales"},"content":{"rendered":"<p>La diputada provincial Gabriela Lena (JxER) present\u00f3 un proyecto para incorporar la canci\u00f3n \u00abMi Bandera es Argentina\u00bb, del autor diamantino Rub\u00e9n Gim\u00e9nez, en actos oficiales y ceremonias escolares de la provincia de Entre R\u00edos.<\/p>\n<p>La iniciativa busca que esta obra se convierta en una opci\u00f3n musical complementaria para el izado del Pabell\u00f3n Nacional en todas las instituciones educativas entrerrianas y en actos oficiales donde se rindan homenajes a la Bandera Nacional.<\/p>\n<p>Adem\u00e1s, el proyecto invita a las escuelas de la provincia a utilizar \u00abMi Bandera es Argentina\u00bb en el marco de la Promesa de Lealtad a la Bandera que realizan los estudiantes de 4\u00b0 grado de la educaci\u00f3n primaria.<\/p>\n<p>Asimismo, se promueve la difusi\u00f3n y ense\u00f1anza de la canci\u00f3n en las instituciones educativas, a trav\u00e9s de su incorporaci\u00f3n en programas y actividades vinculadas a la educaci\u00f3n musical y la formaci\u00f3n en valores c\u00edvicos patri\u00f3ticos.<\/p>\n<h2><strong>Fundamentos de la Propuesta<\/strong><\/h2>\n<p>En sus fundamentos, la diputada Lena expres\u00f3 su preocupaci\u00f3n por el desinter\u00e9s que muestran algunos estudiantes al entonar las canciones patrias, especialmente durante el izado de la Bandera Nacional. \u00abEste desinter\u00e9s pone en riesgo la transmisi\u00f3n de valores c\u00edvicos y el sentido de identidad nacional en las nuevas generaciones\u00bb, se\u00f1al\u00f3 la legisladora.<\/p>\n<p>Lena destac\u00f3 que \u00abMi Bandera es Argentina\u00bb, con su \u00abmelod\u00eda sencilla y bella y su letra actual\u00bb, permite una mayor identificaci\u00f3n por parte de los estudiantes, ya que menciona a los h\u00e9roes de Malvinas y resalta el valor de la Bandera Nacional.<\/p>\n<p>La diputada tambi\u00e9n resalt\u00f3 la trascendencia internacional de la canci\u00f3n, mencionando sus interpretaciones en eventos como los festejos del Bicentenario de los Pueblos Libres en Uruguay, el Festival Argentino USA en Virginia y la Embajada Argentina en Washington D.C.<\/p>\n<p>Record\u00f3 que el Concejo Deliberante de Diamante ya instituy\u00f3 la canci\u00f3n como oficial para ser entonada tras la Promesa de Lealtad a la Bandera en 2018, y que tanto la C\u00e1mara de Senadores como la de Diputados de Entre R\u00edos la declararon de Inter\u00e9s Legislativo, mientras que el Consejo General de Educaci\u00f3n la declar\u00f3 de Inter\u00e9s Educativo en 2023.<\/p>\n<p>Lena subray\u00f3 el amplio alcance de la canci\u00f3n, con m\u00e1s de 500.000 reproducciones de sus distintas versiones en YouTube, incluyendo una interpretada por el autor junto a reconocidos artistas nacionales como Patricia Sosa, Los Tekis, Canto 4 y Los Alonsitos.<\/p>\n<p>\u00abSi la provincia de Entre R\u00edos adopta esta propuesta, se convertir\u00e1 en pionera en impulsar un cambio significativo en la forma en que los estudiantes viven el momento del izado de la bandera, promoviendo un mayor compromiso e identidad con los s\u00edmbolos patrios. Esta iniciativa no pretende reemplazar las muchas tradiciones como &#8216;Aurora&#8217; ni aquellas reconocidas y aprobadas por ley, sino ofrecer su sentido de pertenencia e identidad nacional\u00bb, explic\u00f3 la diputada.<\/p>\n<h2><strong>Sobre el Autor<\/strong><\/h2>\n<p>Rub\u00e9n Gim\u00e9nez es un cantautor oriundo de Diamante, profesor de M\u00fasica y docente jubilado. La diputada Lena destac\u00f3 su importante trayectoria en el cancionero popular entrerriano y su reconocimiento como Personalidad Destacada por el Concejo Deliberante de Diamante por su contribuci\u00f3n a la difusi\u00f3n de la m\u00fasica entrerriana.<\/p>\n<h2><strong>Letra de \u00abMi Bandera es Argentina\u00bb<\/strong><\/h2>\n<p>Tan pura, tan clara, radiante<br \/>\nvas solt\u00e1ndote a volar<br \/>\nabriendo tus alas<br \/>\ndesplegando tus colores<br \/>\nde pureza celestial<br \/>\nCantando, sintiendo, te sigo<br \/>\ncon mis ojos a tu altar<br \/>\naltiva, flamante<br \/>\nquiero verte en este suelo<br \/>\ncon justicia y libertad<br \/>\nMi Bandera est\u00e1 en el cielo<br \/>\nno la tienes que buscar<br \/>\nmi Bandera es el reflejo<br \/>\nde los hombres con lealtad<br \/>\nque nos une, nos provoca<br \/>\nsentimientos de hermandad<br \/>\nmi Bandera es Argentina<br \/>\nArgentina es libertad<br \/>\nTu manto sublime protege<br \/>\na esta tierra sin igual<br \/>\ntu blanco celeste<br \/>\nen el rostro de los h\u00e9roes<br \/>\nde Malvinas vivir.<\/p>\n","protected":false},"excerpt":{"rendered":"<p>La diputada provincial Gabriela Lena (JxER) propuso incorporar la canci\u00f3n, del autor diamantino Rub\u00e9n Gim\u00e9nez, en actos oficiales y ceremonias escolares.<\/p>\n","protected":false},"author":8,"featured_media":218458,"comment_status":"open","ping_status":"open","sticky":false,"template":"","format":"standard","meta":{"fifu_image_url":"https:\/\/media.lacapital.com.ar\/p\/cbc03335077c48e070f8f4e38f979f9b\/adjuntos\/205\/imagenes\/101\/316\/0101316758\/ruben-gimenez-webjpg.jpg","fifu_image_alt":"","footnotes":""},"categories":[5,16],"tags":[34,196,5624,5685],"class_list":{"0":"post-218455","1":"post","2":"type-post","3":"status-publish","4":"format-standard","5":"has-post-thumbnail","7":"category-zonales","8":"category-politi","9":"tag-diamante","10":"tag-diputados","11":"tag-gabriela-lena","12":"tag-ruben-gimenez"},"yoast_head":"<title>&quot;Mi Bandera es Argentina&quot; del autor diamantino Rub\u00e9n Gim\u00e9nez podr\u00eda sumarse a actos oficiales - Informe Litoral<\/title>\n<meta name=\"robots\" content=\"index, follow, max-snippet:-1, max-image-preview:large, max-video-preview:-1\" \/>\n<link rel=\"canonical\" href=\"https:\/\/informelitoral.com.ar\/mi-bandera-es-argentina-del-autor-diamantino-ruben-gimenez-podria-sumarse-a-actos-oficiales\/\" \/>\n<meta property=\"og:locale\" content=\"es_ES\" \/>\n<meta property=\"og:type\" content=\"article\" \/>\n<meta property=\"og:title\" content=\"&quot;Mi Bandera es Argentina&quot; del autor diamantino Rub\u00e9n Gim\u00e9nez podr\u00eda sumarse a actos oficiales - Informe Litoral\" \/>\n<meta property=\"og:description\" content=\"La diputada provincial Gabriela Lena (JxER) propuso incorporar la canci\u00f3n, del autor diamantino Rub\u00e9n Gim\u00e9nez, en actos oficiales y ceremonias escolares.\" \/>\n<meta property=\"og:url\" content=\"https:\/\/informelitoral.com.ar\/mi-bandera-es-argentina-del-autor-diamantino-ruben-gimenez-podria-sumarse-a-actos-oficiales\/\" \/>\n<meta property=\"og:site_name\" content=\"Informe Litoral\" \/>\n<meta property=\"article:publisher\" content=\"https:\/\/www.facebook.com\/informelitoral\/\" \/>\n<meta property=\"article:published_time\" content=\"2025-04-15T13:37:04+00:00\" \/>\n<meta property=\"article:modified_time\" content=\"2025-04-16T00:14:57+00:00\" \/>\n<meta property=\"og:image\" content=\"https:\/\/media.lacapital.com.ar\/p\/cbc03335077c48e070f8f4e38f979f9b\/adjuntos\/205\/imagenes\/101\/316\/0101316758\/ruben-gimenez-webjpg.jpg\" \/><meta property=\"og:image\" content=\"https:\/\/media.lacapital.com.ar\/p\/cbc03335077c48e070f8f4e38f979f9b\/adjuntos\/205\/imagenes\/101\/316\/0101316758\/ruben-gimenez-webjpg.jpg\" \/>\n\t<meta property=\"og:image:width\" content=\"1200\" \/>\n\t<meta property=\"og:image:height\" content=\"675\" \/>\n\t<meta property=\"og:image:type\" content=\"image\/jpeg\" \/>\n<meta name=\"author\" content=\"Sebastian\" \/>\n<meta name=\"twitter:card\" content=\"summary_large_image\" \/>\n<meta name=\"twitter:image\" content=\"https:\/\/media.lacapital.com.ar\/p\/cbc03335077c48e070f8f4e38f979f9b\/adjuntos\/205\/imagenes\/101\/316\/0101316758\/ruben-gimenez-webjpg.jpg\" \/>\n<meta name=\"twitter:creator\" content=\"@InformeLitoral\" \/>\n<meta name=\"twitter:site\" content=\"@InformeLitoral\" \/>\n<meta name=\"twitter:label1\" content=\"Escrito por\" \/>\n\t<meta name=\"twitter:data1\" content=\"Sebastian\" \/>\n\t<meta name=\"twitter:label2\" content=\"Tiempo de lectura\" \/>\n\t<meta name=\"twitter:data2\" content=\"3 minutos\" \/>\n<script type=\"application\/ld+json\" class=\"yoast-schema-graph\">{\"@context\":\"https:\\\/\\\/schema.org\",\"@graph\":[{\"@type\":\"Article\",\"@id\":\"https:\\\/\\\/informelitoral.com.ar\\\/mi-bandera-es-argentina-del-autor-diamantino-ruben-gimenez-podria-sumarse-a-actos-oficiales\\\/#article\",\"isPartOf\":{\"@id\":\"https:\\\/\\\/informelitoral.com.ar\\\/mi-bandera-es-argentina-del-autor-diamantino-ruben-gimenez-podria-sumarse-a-actos-oficiales\\\/\"},\"author\":{\"name\":\"Sebastian\",\"@id\":\"https:\\\/\\\/informelitoral.com.ar\\\/#\\\/schema\\\/person\\\/f05f9f461677119578717524b127d6d5\"},\"headline\":\"\u00abMi Bandera es Argentina\u00bb del autor diamantino Rub\u00e9n Gim\u00e9nez podr\u00eda sumarse a actos oficiales\",\"datePublished\":\"2025-04-15T13:37:04+00:00\",\"dateModified\":\"2025-04-16T00:14:57+00:00\",\"mainEntityOfPage\":{\"@id\":\"https:\\\/\\\/informelitoral.com.ar\\\/mi-bandera-es-argentina-del-autor-diamantino-ruben-gimenez-podria-sumarse-a-actos-oficiales\\\/\"},\"wordCount\":664,\"commentCount\":0,\"publisher\":{\"@id\":\"https:\\\/\\\/informelitoral.com.ar\\\/#organization\"},\"image\":{\"@id\":\"https:\\\/\\\/informelitoral.com.ar\\\/mi-bandera-es-argentina-del-autor-diamantino-ruben-gimenez-podria-sumarse-a-actos-oficiales\\\/#primaryimage\"},\"thumbnailUrl\":\"https:\\\/\\\/media.lacapital.com.ar\\\/p\\\/cbc03335077c48e070f8f4e38f979f9b\\\/adjuntos\\\/205\\\/imagenes\\\/101\\\/316\\\/0101316758\\\/ruben-gimenez-webjpg.jpg\",\"keywords\":[\"Diamante\",\"Diputados\",\"Gabriela Lena\",\"Rub\u00e9n Gim\u00e9nez\"],\"articleSection\":[\"Departamento Diamante\",\"Politica\"],\"inLanguage\":\"es\",\"potentialAction\":[{\"@type\":\"CommentAction\",\"name\":\"Comment\",\"target\":[\"https:\\\/\\\/informelitoral.com.ar\\\/mi-bandera-es-argentina-del-autor-diamantino-ruben-gimenez-podria-sumarse-a-actos-oficiales\\\/#respond\"]}]},{\"@type\":\"WebPage\",\"@id\":\"https:\\\/\\\/informelitoral.com.ar\\\/mi-bandera-es-argentina-del-autor-diamantino-ruben-gimenez-podria-sumarse-a-actos-oficiales\\\/\",\"url\":\"https:\\\/\\\/informelitoral.com.ar\\\/mi-bandera-es-argentina-del-autor-diamantino-ruben-gimenez-podria-sumarse-a-actos-oficiales\\\/\",\"name\":\"\\\"Mi Bandera es Argentina\\\" del autor diamantino Rub\u00e9n Gim\u00e9nez podr\u00eda sumarse a actos oficiales - Informe Litoral\",\"isPartOf\":{\"@id\":\"https:\\\/\\\/informelitoral.com.ar\\\/#website\"},\"primaryImageOfPage\":{\"@id\":\"https:\\\/\\\/informelitoral.com.ar\\\/mi-bandera-es-argentina-del-autor-diamantino-ruben-gimenez-podria-sumarse-a-actos-oficiales\\\/#primaryimage\"},\"image\":{\"@id\":\"https:\\\/\\\/informelitoral.com.ar\\\/mi-bandera-es-argentina-del-autor-diamantino-ruben-gimenez-podria-sumarse-a-actos-oficiales\\\/#primaryimage\"},\"thumbnailUrl\":\"https:\\\/\\\/media.lacapital.com.ar\\\/p\\\/cbc03335077c48e070f8f4e38f979f9b\\\/adjuntos\\\/205\\\/imagenes\\\/101\\\/316\\\/0101316758\\\/ruben-gimenez-webjpg.jpg\",\"datePublished\":\"2025-04-15T13:37:04+00:00\",\"dateModified\":\"2025-04-16T00:14:57+00:00\",\"breadcrumb\":{\"@id\":\"https:\\\/\\\/informelitoral.com.ar\\\/mi-bandera-es-argentina-del-autor-diamantino-ruben-gimenez-podria-sumarse-a-actos-oficiales\\\/#breadcrumb\"},\"inLanguage\":\"es\",\"potentialAction\":[{\"@type\":\"ReadAction\",\"target\":[\"https:\\\/\\\/informelitoral.com.ar\\\/mi-bandera-es-argentina-del-autor-diamantino-ruben-gimenez-podria-sumarse-a-actos-oficiales\\\/\"]}]},{\"@type\":\"ImageObject\",\"inLanguage\":\"es\",\"@id\":\"https:\\\/\\\/informelitoral.com.ar\\\/mi-bandera-es-argentina-del-autor-diamantino-ruben-gimenez-podria-sumarse-a-actos-oficiales\\\/#primaryimage\",\"url\":\"https:\\\/\\\/media.lacapital.com.ar\\\/p\\\/cbc03335077c48e070f8f4e38f979f9b\\\/adjuntos\\\/205\\\/imagenes\\\/101\\\/316\\\/0101316758\\\/ruben-gimenez-webjpg.jpg\",\"contentUrl\":\"https:\\\/\\\/media.lacapital.com.ar\\\/p\\\/cbc03335077c48e070f8f4e38f979f9b\\\/adjuntos\\\/205\\\/imagenes\\\/101\\\/316\\\/0101316758\\\/ruben-gimenez-webjpg.jpg\",\"width\":\"1200\",\"height\":\"675\"},{\"@type\":\"BreadcrumbList\",\"@id\":\"https:\\\/\\\/informelitoral.com.ar\\\/mi-bandera-es-argentina-del-autor-diamantino-ruben-gimenez-podria-sumarse-a-actos-oficiales\\\/#breadcrumb\",\"itemListElement\":[{\"@type\":\"ListItem\",\"position\":1,\"name\":\"Portada\",\"item\":\"https:\\\/\\\/informelitoral.com.ar\\\/\"},{\"@type\":\"ListItem\",\"position\":2,\"name\":\"\u00abMi Bandera es Argentina\u00bb del autor diamantino Rub\u00e9n Gim\u00e9nez podr\u00eda sumarse a actos oficiales\"}]},{\"@type\":\"WebSite\",\"@id\":\"https:\\\/\\\/informelitoral.com.ar\\\/#website\",\"url\":\"https:\\\/\\\/informelitoral.com.ar\\\/\",\"name\":\"Informe Litoral\",\"description\":\"&quot;Nos informamos&quot; \",\"publisher\":{\"@id\":\"https:\\\/\\\/informelitoral.com.ar\\\/#organization\"},\"potentialAction\":[{\"@type\":\"SearchAction\",\"target\":{\"@type\":\"EntryPoint\",\"urlTemplate\":\"https:\\\/\\\/informelitoral.com.ar\\\/?s={search_term_string}\"},\"query-input\":{\"@type\":\"PropertyValueSpecification\",\"valueRequired\":true,\"valueName\":\"search_term_string\"}}],\"inLanguage\":\"es\"},{\"@type\":\"Organization\",\"@id\":\"https:\\\/\\\/informelitoral.com.ar\\\/#organization\",\"name\":\"Informe Litoral\",\"url\":\"https:\\\/\\\/informelitoral.com.ar\\\/\",\"logo\":{\"@type\":\"ImageObject\",\"inLanguage\":\"es\",\"@id\":\"https:\\\/\\\/informelitoral.com.ar\\\/#\\\/schema\\\/logo\\\/image\\\/\",\"url\":\"https:\\\/\\\/informelitoral.com.ar\\\/%77%70%2d%63%6f%6e%74%65%6e%74\\\/uploads\\\/2021\\\/01\\\/circulo.png\",\"contentUrl\":\"https:\\\/\\\/informelitoral.com.ar\\\/%77%70%2d%63%6f%6e%74%65%6e%74\\\/uploads\\\/2021\\\/01\\\/circulo.png\",\"width\":723,\"height\":731,\"caption\":\"Informe Litoral\"},\"image\":{\"@id\":\"https:\\\/\\\/informelitoral.com.ar\\\/#\\\/schema\\\/logo\\\/image\\\/\"},\"sameAs\":[\"https:\\\/\\\/www.facebook.com\\\/informelitoral\\\/\",\"https:\\\/\\\/x.com\\\/InformeLitoral\",\"https:\\\/\\\/www.instagram.com\\\/informelitoral\\\/\",\"https:\\\/\\\/www.youtube.com\\\/channel\\\/UCua4Qvz8Icb6MYqhoq9xLXw\"]},{\"@type\":\"Person\",\"@id\":\"https:\\\/\\\/informelitoral.com.ar\\\/#\\\/schema\\\/person\\\/f05f9f461677119578717524b127d6d5\",\"name\":\"Sebastian\",\"image\":{\"@type\":\"ImageObject\",\"inLanguage\":\"es\",\"@id\":\"https:\\\/\\\/secure.gravatar.com\\\/avatar\\\/b71bf7481d447dfb9583c7f2798e7cc64de6efb9067b74633ed8c31059a3bd82?s=96&d=mm&r=g\",\"url\":\"https:\\\/\\\/secure.gravatar.com\\\/avatar\\\/b71bf7481d447dfb9583c7f2798e7cc64de6efb9067b74633ed8c31059a3bd82?s=96&d=mm&r=g\",\"contentUrl\":\"https:\\\/\\\/secure.gravatar.com\\\/avatar\\\/b71bf7481d447dfb9583c7f2798e7cc64de6efb9067b74633ed8c31059a3bd82?s=96&d=mm&r=g\",\"caption\":\"Sebastian\"},\"url\":\"https:\\\/\\\/informelitoral.com.ar\\\/author\\\/sebastian\\\/\"}]}<\/script>","yoast_head_json":{"title":"\"Mi Bandera es Argentina\" del autor diamantino Rub\u00e9n Gim\u00e9nez podr\u00eda sumarse a actos oficiales - Informe Litoral","robots":{"index":"index","follow":"follow","max-snippet":"max-snippet:-1","max-image-preview":"max-image-preview:large","max-video-preview":"max-video-preview:-1"},"canonical":"https:\/\/informelitoral.com.ar\/mi-bandera-es-argentina-del-autor-diamantino-ruben-gimenez-podria-sumarse-a-actos-oficiales\/","og_locale":"es_ES","og_type":"article","og_title":"\"Mi Bandera es Argentina\" del autor diamantino Rub\u00e9n Gim\u00e9nez podr\u00eda sumarse a actos oficiales - Informe Litoral","og_description":"La diputada provincial Gabriela Lena (JxER) propuso incorporar la canci\u00f3n, del autor diamantino Rub\u00e9n Gim\u00e9nez, en actos oficiales y ceremonias escolares.","og_url":"https:\/\/informelitoral.com.ar\/mi-bandera-es-argentina-del-autor-diamantino-ruben-gimenez-podria-sumarse-a-actos-oficiales\/","og_site_name":"Informe Litoral","article_publisher":"https:\/\/www.facebook.com\/informelitoral\/","article_published_time":"2025-04-15T13:37:04+00:00","article_modified_time":"2025-04-16T00:14:57+00:00","og_image":[{"url":"https:\/\/media.lacapital.com.ar\/p\/cbc03335077c48e070f8f4e38f979f9b\/adjuntos\/205\/imagenes\/101\/316\/0101316758\/ruben-gimenez-webjpg.jpg","type":"","width":"","height":""},{"width":1200,"height":675,"url":"https:\/\/media.lacapital.com.ar\/p\/cbc03335077c48e070f8f4e38f979f9b\/adjuntos\/205\/imagenes\/101\/316\/0101316758\/ruben-gimenez-webjpg.jpg","type":"image\/jpeg"}],"author":"Sebastian","twitter_card":"summary_large_image","twitter_image":"https:\/\/media.lacapital.com.ar\/p\/cbc03335077c48e070f8f4e38f979f9b\/adjuntos\/205\/imagenes\/101\/316\/0101316758\/ruben-gimenez-webjpg.jpg","twitter_creator":"@InformeLitoral","twitter_site":"@InformeLitoral","twitter_misc":{"Escrito por":"Sebastian","Tiempo de lectura":"3 minutos"},"schema":{"@context":"https:\/\/schema.org","@graph":[{"@type":"Article","@id":"https:\/\/informelitoral.com.ar\/mi-bandera-es-argentina-del-autor-diamantino-ruben-gimenez-podria-sumarse-a-actos-oficiales\/#article","isPartOf":{"@id":"https:\/\/informelitoral.com.ar\/mi-bandera-es-argentina-del-autor-diamantino-ruben-gimenez-podria-sumarse-a-actos-oficiales\/"},"author":{"name":"Sebastian","@id":"https:\/\/informelitoral.com.ar\/#\/schema\/person\/f05f9f461677119578717524b127d6d5"},"headline":"\u00abMi Bandera es Argentina\u00bb del autor diamantino Rub\u00e9n Gim\u00e9nez podr\u00eda sumarse a actos oficiales","datePublished":"2025-04-15T13:37:04+00:00","dateModified":"2025-04-16T00:14:57+00:00","mainEntityOfPage":{"@id":"https:\/\/informelitoral.com.ar\/mi-bandera-es-argentina-del-autor-diamantino-ruben-gimenez-podria-sumarse-a-actos-oficiales\/"},"wordCount":664,"commentCount":0,"publisher":{"@id":"https:\/\/informelitoral.com.ar\/#organization"},"image":{"@id":"https:\/\/informelitoral.com.ar\/mi-bandera-es-argentina-del-autor-diamantino-ruben-gimenez-podria-sumarse-a-actos-oficiales\/#primaryimage"},"thumbnailUrl":"https:\/\/media.lacapital.com.ar\/p\/cbc03335077c48e070f8f4e38f979f9b\/adjuntos\/205\/imagenes\/101\/316\/0101316758\/ruben-gimenez-webjpg.jpg","keywords":["Diamante","Diputados","Gabriela Lena","Rub\u00e9n Gim\u00e9nez"],"articleSection":["Departamento Diamante","Politica"],"inLanguage":"es","potentialAction":[{"@type":"CommentAction","name":"Comment","target":["https:\/\/informelitoral.com.ar\/mi-bandera-es-argentina-del-autor-diamantino-ruben-gimenez-podria-sumarse-a-actos-oficiales\/#respond"]}]},{"@type":"WebPage","@id":"https:\/\/informelitoral.com.ar\/mi-bandera-es-argentina-del-autor-diamantino-ruben-gimenez-podria-sumarse-a-actos-oficiales\/","url":"https:\/\/informelitoral.com.ar\/mi-bandera-es-argentina-del-autor-diamantino-ruben-gimenez-podria-sumarse-a-actos-oficiales\/","name":"\"Mi Bandera es Argentina\" del autor diamantino Rub\u00e9n Gim\u00e9nez podr\u00eda sumarse a actos oficiales - Informe Litoral","isPartOf":{"@id":"https:\/\/informelitoral.com.ar\/#website"},"primaryImageOfPage":{"@id":"https:\/\/informelitoral.com.ar\/mi-bandera-es-argentina-del-autor-diamantino-ruben-gimenez-podria-sumarse-a-actos-oficiales\/#primaryimage"},"image":{"@id":"https:\/\/informelitoral.com.ar\/mi-bandera-es-argentina-del-autor-diamantino-ruben-gimenez-podria-sumarse-a-actos-oficiales\/#primaryimage"},"thumbnailUrl":"https:\/\/media.lacapital.com.ar\/p\/cbc03335077c48e070f8f4e38f979f9b\/adjuntos\/205\/imagenes\/101\/316\/0101316758\/ruben-gimenez-webjpg.jpg","datePublished":"2025-04-15T13:37:04+00:00","dateModified":"2025-04-16T00:14:57+00:00","breadcrumb":{"@id":"https:\/\/informelitoral.com.ar\/mi-bandera-es-argentina-del-autor-diamantino-ruben-gimenez-podria-sumarse-a-actos-oficiales\/#breadcrumb"},"inLanguage":"es","potentialAction":[{"@type":"ReadAction","target":["https:\/\/informelitoral.com.ar\/mi-bandera-es-argentina-del-autor-diamantino-ruben-gimenez-podria-sumarse-a-actos-oficiales\/"]}]},{"@type":"ImageObject","inLanguage":"es","@id":"https:\/\/informelitoral.com.ar\/mi-bandera-es-argentina-del-autor-diamantino-ruben-gimenez-podria-sumarse-a-actos-oficiales\/#primaryimage","url":"https:\/\/media.lacapital.com.ar\/p\/cbc03335077c48e070f8f4e38f979f9b\/adjuntos\/205\/imagenes\/101\/316\/0101316758\/ruben-gimenez-webjpg.jpg","contentUrl":"https:\/\/media.lacapital.com.ar\/p\/cbc03335077c48e070f8f4e38f979f9b\/adjuntos\/205\/imagenes\/101\/316\/0101316758\/ruben-gimenez-webjpg.jpg","width":"1200","height":"675"},{"@type":"BreadcrumbList","@id":"https:\/\/informelitoral.com.ar\/mi-bandera-es-argentina-del-autor-diamantino-ruben-gimenez-podria-sumarse-a-actos-oficiales\/#breadcrumb","itemListElement":[{"@type":"ListItem","position":1,"name":"Portada","item":"https:\/\/informelitoral.com.ar\/"},{"@type":"ListItem","position":2,"name":"\u00abMi Bandera es Argentina\u00bb del autor diamantino Rub\u00e9n Gim\u00e9nez podr\u00eda sumarse a actos oficiales"}]},{"@type":"WebSite","@id":"https:\/\/informelitoral.com.ar\/#website","url":"https:\/\/informelitoral.com.ar\/","name":"Informe Litoral","description":"&quot;Nos informamos&quot; ","publisher":{"@id":"https:\/\/informelitoral.com.ar\/#organization"},"potentialAction":[{"@type":"SearchAction","target":{"@type":"EntryPoint","urlTemplate":"https:\/\/informelitoral.com.ar\/?s={search_term_string}"},"query-input":{"@type":"PropertyValueSpecification","valueRequired":true,"valueName":"search_term_string"}}],"inLanguage":"es"},{"@type":"Organization","@id":"https:\/\/informelitoral.com.ar\/#organization","name":"Informe Litoral","url":"https:\/\/informelitoral.com.ar\/","logo":{"@type":"ImageObject","inLanguage":"es","@id":"https:\/\/informelitoral.com.ar\/#\/schema\/logo\/image\/","url":"https:\/\/informelitoral.com.ar\/%77%70%2d%63%6f%6e%74%65%6e%74\/uploads\/2021\/01\/circulo.png","contentUrl":"https:\/\/informelitoral.com.ar\/%77%70%2d%63%6f%6e%74%65%6e%74\/uploads\/2021\/01\/circulo.png","width":723,"height":731,"caption":"Informe Litoral"},"image":{"@id":"https:\/\/informelitoral.com.ar\/#\/schema\/logo\/image\/"},"sameAs":["https:\/\/www.facebook.com\/informelitoral\/","https:\/\/x.com\/InformeLitoral","https:\/\/www.instagram.com\/informelitoral\/","https:\/\/www.youtube.com\/channel\/UCua4Qvz8Icb6MYqhoq9xLXw"]},{"@type":"Person","@id":"https:\/\/informelitoral.com.ar\/#\/schema\/person\/f05f9f461677119578717524b127d6d5","name":"Sebastian","image":{"@type":"ImageObject","inLanguage":"es","@id":"https:\/\/secure.gravatar.com\/avatar\/b71bf7481d447dfb9583c7f2798e7cc64de6efb9067b74633ed8c31059a3bd82?s=96&d=mm&r=g","url":"https:\/\/secure.gravatar.com\/avatar\/b71bf7481d447dfb9583c7f2798e7cc64de6efb9067b74633ed8c31059a3bd82?s=96&d=mm&r=g","contentUrl":"https:\/\/secure.gravatar.com\/avatar\/b71bf7481d447dfb9583c7f2798e7cc64de6efb9067b74633ed8c31059a3bd82?s=96&d=mm&r=g","caption":"Sebastian"},"url":"https:\/\/informelitoral.com.ar\/author\/sebastian\/"}]}},"fifu_image_url":"https:\/\/media.lacapital.com.ar\/p\/cbc03335077c48e070f8f4e38f979f9b\/adjuntos\/205\/imagenes\/101\/316\/0101316758\/ruben-gimenez-webjpg.jpg","_links":{"self":[{"href":"https:\/\/informelitoral.com.ar\/%77%70%2d%6a%73%6f%6e\/wp\/v2\/posts\/218455","targetHints":{"allow":["GET"]}}],"collection":[{"href":"https:\/\/informelitoral.com.ar\/%77%70%2d%6a%73%6f%6e\/wp\/v2\/posts"}],"about":[{"href":"https:\/\/informelitoral.com.ar\/%77%70%2d%6a%73%6f%6e\/wp\/v2\/types\/post"}],"author":[{"embeddable":true,"href":"https:\/\/informelitoral.com.ar\/%77%70%2d%6a%73%6f%6e\/wp\/v2\/users\/8"}],"replies":[{"embeddable":true,"href":"https:\/\/informelitoral.com.ar\/%77%70%2d%6a%73%6f%6e\/wp\/v2\/comments?post=218455"}],"version-history":[{"count":0,"href":"https:\/\/informelitoral.com.ar\/%77%70%2d%6a%73%6f%6e\/wp\/v2\/posts\/218455\/revisions"}],"wp:featuredmedia":[{"embeddable":true,"href":"https:\/\/informelitoral.com.ar\/%77%70%2d%6a%73%6f%6e\/wp\/v2\/media\/218458"}],"wp:attachment":[{"href":"https:\/\/informelitoral.com.ar\/%77%70%2d%6a%73%6f%6e\/wp\/v2\/media?parent=218455"}],"wp:term":[{"taxonomy":"category","embeddable":true,"href":"https:\/\/informelitoral.com.ar\/%77%70%2d%6a%73%6f%6e\/wp\/v2\/categories?post=218455"},{"taxonomy":"post_tag","embeddable":true,"href":"https:\/\/informelitoral.com.ar\/%77%70%2d%6a%73%6f%6e\/wp\/v2\/tags?post=218455"}],"curies":[{"name":"wp","href":"https:\/\/api.w.org\/{rel}","templated":true}]}}