{"id":21845,"date":"2017-06-07T08:03:53","date_gmt":"2017-06-07T11:03:53","guid":{"rendered":"http:\/\/www.isletasnoticias.com.ar\/?p=21845"},"modified":"2017-06-07T08:03:53","modified_gmt":"2017-06-07T11:03:53","slug":"bordet-entrego-aportes-a-juntas-de-gobierno","status":"publish","type":"post","link":"https:\/\/informelitoral.com.ar\/bordet-entrego-aportes-a-juntas-de-gobierno\/","title":{"rendered":"Bordet entreg\u00f3 aportes a juntas de gobierno"},"content":{"rendered":"<div class=\"post-right\">\n<p class=\"post-excerpt\"><strong>El gobernador entreg\u00f3 aportes a juntas de gobierno de los departamentos San Salvador, Diamante y Paran\u00e1. El mandatario resalt\u00f3 que la asignaci\u00f3n de recursos se hace con \u201cun criterio equitativo de distribuci\u00f3n\u201d. Adem\u00e1s, volvi\u00f3 a reiterar que enviar\u00e1 el proyecto de Ley de Comunas a la legislatura.<a href=\"http:\/\/www.isletasnoticias.com.ar\/%77%70%2d%63%6f%6e%74%65%6e%74\/uploads\/2017\/06\/aportes-a-juntas-de-gobierno.jpg\"><img loading=\"lazy\" decoding=\"async\" class=\"aligncenter wp-image-21846 size-full\" src=\"http:\/\/www.isletasnoticias.com.ar\/%77%70%2d%63%6f%6e%74%65%6e%74\/uploads\/2017\/06\/aportes-a-juntas-de-gobierno.jpg\" alt=\"\" width=\"492\" height=\"329\" srcset=\"https:\/\/informelitoral.com.ar\/%77%70%2d%63%6f%6e%74%65%6e%74\/uploads\/2017\/06\/aportes-a-juntas-de-gobierno.jpg 492w, https:\/\/informelitoral.com.ar\/%77%70%2d%63%6f%6e%74%65%6e%74\/uploads\/2017\/06\/aportes-a-juntas-de-gobierno-300x201.jpg 300w\" sizes=\"auto, (max-width: 492px) 100vw, 492px\" \/><\/a><\/strong><\/p>\n<\/div>\n<div class=\"post-body-inner\">\n<p>El gobernador <strong>Gustavo Bordet<\/strong> hizo entrega el martes de aportes por 2.3 millones de pesos a <strong>juntas de gobierno de los departamentos Paran\u00e1, Diamante y San Salvador<\/strong>, en el marco de los programas <strong>Mil Evitas y Juntas a la Obra.<\/strong> El mandatario reforz\u00f3 su \u201ccompromiso de trabajo en conjunto con todas las juntas, sin distinci\u00f3n de colores pol\u00edticos\u201d, y asegur\u00f3 que la asignaci\u00f3n de fondos <strong>\u201csiempre se hace con un criterio equitativo de distribuci\u00f3n\u201d.<\/strong><\/p>\n<p>Durante el acto se hizo entrega, adem\u00e1s, de un pr\u00e9stamo por 1 mill\u00f3n de pesos a la cooperativa de Vivienda, Consumo, Servicios Sociales y Cr\u00e9dito (Vicoer), destinado al proyecto Procrear Vicoer I, 85 lotes en Concepci\u00f3n del Uruguay, provenientes de los fondos cooperativos de la ley 23.427 y 8130.<\/p>\n<p>Al hablar en el acto, el mandatario destac\u00f3 que, \u201cm\u00e1s all\u00e1 de los aportes, el hecho de<strong> poder estar en contacto con los presidentes de juntas siempre es bueno<\/strong> porque nos permite monitorear c\u00f3mo van los tr\u00e1mites que se vienen realizando en las distintas juntas, proyectar y comprometernos con distintos tipos de acciones en cada una\u201d.<\/p>\n<p>Hizo notar que \u201cdesde que estamos en la gesti\u00f3n trato de ir lo m\u00e1s que puedo a cada junta de gobierno, porque tenemos la firme vocaci\u00f3n de estar en el territorio. Yo he sido intendente durante ocho a\u00f1os en mi ciudad y<strong> se que los problemas son una cosa cuando se lo cuentan a uno en un despacho y otra cuando al problema se lo plantean en el territorio\u201d.<\/strong><\/p>\n<p>Por otra parte, el gobernador reiter\u00f3 el compromiso de, \u201cdurante este mes de junio, remitir el <strong>proyecto de ley de Comunas<\/strong> para que lo sancione la Legislatura. Esto permitir\u00e1 la autonom\u00eda y la autarqu\u00eda y tener un status jur\u00eddico para un mayor desenvolvimiento de fondos por asignaciones directas que no est\u00e9n a criterio de quien gobierna. Esto dar\u00e1 estabilidad, previsibilidad y seguridad jur\u00eddica en el futuro a todas las juntas\u201d.<\/p>\n<p>Tambi\u00e9n ratific\u00f3 el compromiso de la<strong> afectaci\u00f3n de un 3 por ciento del cr\u00e9dito internacional que tom\u00f3 la provincia<\/strong> en febrero, a las juntas de gobierno. \u201cPor ley en ese cr\u00e9dito estaba afectado el 16 por ciento a los municipios. Aunque no lo dice el texto de la ley, hemos decidido -y nos han acompa\u00f1ado los legisladores- que un 3 por ciento est\u00e9 destinado a las juntas de gobierno, a pesar de que no est\u00e1 escrito en la ley. <strong>Esto representa unos 160 millones de pesos, que sin duda se traducir\u00e1n en maquinarias, en equipamiento y en algunas obras puntuales para las juntas\u201d.<\/strong><\/p>\n<p>Asimismo, el mandatario aprovech\u00f3 para \u201creforzar este compromiso de trabajo en conjunto que tenemos con el gobierno provincial y con todas las juntas, sin distinci\u00f3n de colores pol\u00edticos. <strong>Sabemos que los problemas son comunes a todos y nosotros estamos para resolver los problemas de todos los entrerrianos, independientemente de que haya elecciones donde cada partido presente sus propuestas\u201d.<\/strong><\/p>\n<p>Por eso, agreg\u00f3, <strong>\u201ccuando hacemos entrega de aportes nunca nos fijamos el color pol\u00edtico de las juntas de gobierno, sino simplemente un criterio equitativo de distribuci\u00f3n, como lo hacemos tambi\u00e9n con los municipios\u201d.<\/strong> En ese marco, asegur\u00f3 que \u201cel dinero de 160 millones de pesos aproximadamente proveniente del cr\u00e9dito, ser\u00e1 afectado con el mismo criterio equitativo para que a cada junta le toque un monto equivalente que se dar\u00e1 a conocer y que se har\u00e1 p\u00fablico para no favorecer ni perjudicar a nadie\u201d.<\/p>\n<p>Por \u00faltimo, <strong>agradeci\u00f3 \u201cel acompa\u00f1amiento que hemos tenido en la gesti\u00f3n;<\/strong> en momentos a veces dif\u00edciles hemos sentido que de las juntas de gobierno nos han dado un respaldo muy importante y esto nos obliga a redoblar este compromiso\u201d.<\/p>\n<p><strong>Detalles de los aportes<\/strong><\/p>\n<p>El detalle de las juntas de gobierno que recibieron aportes es el siguiente:<\/p>\n<p><strong>Departamento San Salvador:<\/strong> Colonia Oficial.<\/p>\n<p><strong>Departamento Diamante:<\/strong> Aldea Salto; <strong>Isletas;<\/strong> General Alvear; Las Cuevas; Aldea Grapschental; Aldea Brasilera.<\/p>\n<p><strong>Departamento Paran\u00e1:<\/strong> El Pingo; Villa Fontana; Sauce Pinto; Aldea Santa Mar\u00eda; Colonia Merou; Arroyo Burgos; Colonia Cerrito; Estaci\u00f3n Sosa; La Picada; El Palenque; Colonia Celina; Puerto Curtiembre; Gobernador Etchevehere; Antonio Tomas; Paso de la Arena; Colonia Crespo; Aldea San Antonio; Arroyo Corralito; Aldea Mar\u00eda Luisa.<\/p>\n<\/div>\n","protected":false},"excerpt":{"rendered":"<p>El gobernador entreg&oacute; aportes a juntas de gobierno de los departamentos San Salvador, Diamante y Paran&aacute;. El mandatario resalt&oacute; que la asignaci&oacute;n de recursos se hace con &ldquo;un criterio equitativo de distribuci&oacute;n&rdquo;. Adem&aacute;s, volvi&oacute; a reiterar que enviar&aacute; el proyecto de Ley de Comunas a la legislatura. El gobernador Gustavo Bordet hizo entrega el martes [&hellip;]<\/p>\n","protected":false},"author":2,"featured_media":0,"comment_status":"open","ping_status":"open","sticky":false,"template":"","format":"standard","meta":{"fifu_image_url":"","fifu_image_alt":"","footnotes":""},"categories":[6,4,16],"tags":[],"class_list":{"0":"post-21845","1":"post","2":"type-post","3":"status-publish","4":"format-standard","6":"category-entre-rios","7":"category-locales","8":"category-politi"},"yoast_head":"<title>Bordet entreg\u00f3 aportes a juntas de gobierno - Informe Litoral<\/title>\n<meta name=\"robots\" content=\"index, follow, max-snippet:-1, max-image-preview:large, max-video-preview:-1\" \/>\n<link rel=\"canonical\" href=\"https:\/\/informelitoral.com.ar\/bordet-entrego-aportes-a-juntas-de-gobierno\/\" \/>\n<meta property=\"og:locale\" content=\"es_ES\" \/>\n<meta property=\"og:type\" content=\"article\" \/>\n<meta property=\"og:title\" content=\"Bordet entreg\u00f3 aportes a juntas de gobierno - Informe Litoral\" \/>\n<meta property=\"og:description\" content=\"El gobernador entreg&oacute; aportes a juntas de gobierno de los departamentos San Salvador, Diamante y Paran&aacute;. El mandatario resalt&oacute; que la asignaci&oacute;n de recursos se hace con &ldquo;un criterio equitativo de distribuci&oacute;n&rdquo;. Adem&aacute;s, volvi&oacute; a reiterar que enviar&aacute; el proyecto de Ley de Comunas a la legislatura. El gobernador Gustavo Bordet hizo entrega el martes [&hellip;]\" \/>\n<meta property=\"og:url\" content=\"https:\/\/informelitoral.com.ar\/bordet-entrego-aportes-a-juntas-de-gobierno\/\" \/>\n<meta property=\"og:site_name\" content=\"Informe Litoral\" \/>\n<meta property=\"article:publisher\" content=\"https:\/\/www.facebook.com\/informelitoral\/\" \/>\n<meta property=\"article:published_time\" content=\"2017-06-07T11:03:53+00:00\" \/>\n<meta property=\"og:image\" content=\"https:\/\/informelitoral.com.ar\/%77%70%2d%63%6f%6e%74%65%6e%74\/uploads\/2017\/06\/aportes-a-juntas-de-gobierno.jpg\" \/>\n\t<meta property=\"og:image:width\" content=\"492\" \/>\n\t<meta property=\"og:image:height\" content=\"329\" \/>\n\t<meta property=\"og:image:type\" content=\"image\/jpeg\" \/>\n<meta name=\"author\" content=\"Gonzalo Schmidt\" \/>\n<meta name=\"twitter:card\" content=\"summary_large_image\" \/>\n<meta name=\"twitter:creator\" content=\"@InformeLitoral\" \/>\n<meta name=\"twitter:site\" content=\"@InformeLitoral\" \/>\n<meta name=\"twitter:label1\" content=\"Escrito por\" \/>\n\t<meta name=\"twitter:data1\" content=\"Gonzalo Schmidt\" \/>\n\t<meta name=\"twitter:label2\" content=\"Tiempo de lectura\" \/>\n\t<meta name=\"twitter:data2\" content=\"4 minutos\" \/>\n<script type=\"application\/ld+json\" class=\"yoast-schema-graph\">{\"@context\":\"https:\\\/\\\/schema.org\",\"@graph\":[{\"@type\":\"Article\",\"@id\":\"https:\\\/\\\/informelitoral.com.ar\\\/bordet-entrego-aportes-a-juntas-de-gobierno\\\/#article\",\"isPartOf\":{\"@id\":\"https:\\\/\\\/informelitoral.com.ar\\\/bordet-entrego-aportes-a-juntas-de-gobierno\\\/\"},\"author\":{\"name\":\"Gonzalo Schmidt\",\"@id\":\"https:\\\/\\\/informelitoral.com.ar\\\/#\\\/schema\\\/person\\\/b9d00407c836482871ef1d57bf8e3180\"},\"headline\":\"Bordet entreg\u00f3 aportes a juntas de gobierno\",\"datePublished\":\"2017-06-07T11:03:53+00:00\",\"mainEntityOfPage\":{\"@id\":\"https:\\\/\\\/informelitoral.com.ar\\\/bordet-entrego-aportes-a-juntas-de-gobierno\\\/\"},\"wordCount\":768,\"commentCount\":0,\"publisher\":{\"@id\":\"https:\\\/\\\/informelitoral.com.ar\\\/#organization\"},\"image\":{\"@id\":\"https:\\\/\\\/informelitoral.com.ar\\\/bordet-entrego-aportes-a-juntas-de-gobierno\\\/#primaryimage\"},\"thumbnailUrl\":\"http:\\\/\\\/www.isletasnoticias.com.ar\\\/%77%70%2d%63%6f%6e%74%65%6e%74\\\/uploads\\\/2017\\\/06\\\/aportes-a-juntas-de-gobierno.jpg\",\"articleSection\":[\"Entre R\u00edos\",\"Isletas\",\"Politica\"],\"inLanguage\":\"es\",\"potentialAction\":[{\"@type\":\"CommentAction\",\"name\":\"Comment\",\"target\":[\"https:\\\/\\\/informelitoral.com.ar\\\/bordet-entrego-aportes-a-juntas-de-gobierno\\\/#respond\"]}]},{\"@type\":\"WebPage\",\"@id\":\"https:\\\/\\\/informelitoral.com.ar\\\/bordet-entrego-aportes-a-juntas-de-gobierno\\\/\",\"url\":\"https:\\\/\\\/informelitoral.com.ar\\\/bordet-entrego-aportes-a-juntas-de-gobierno\\\/\",\"name\":\"Bordet entreg\u00f3 aportes a juntas de gobierno - Informe Litoral\",\"isPartOf\":{\"@id\":\"https:\\\/\\\/informelitoral.com.ar\\\/#website\"},\"primaryImageOfPage\":{\"@id\":\"https:\\\/\\\/informelitoral.com.ar\\\/bordet-entrego-aportes-a-juntas-de-gobierno\\\/#primaryimage\"},\"image\":{\"@id\":\"https:\\\/\\\/informelitoral.com.ar\\\/bordet-entrego-aportes-a-juntas-de-gobierno\\\/#primaryimage\"},\"thumbnailUrl\":\"http:\\\/\\\/www.isletasnoticias.com.ar\\\/%77%70%2d%63%6f%6e%74%65%6e%74\\\/uploads\\\/2017\\\/06\\\/aportes-a-juntas-de-gobierno.jpg\",\"datePublished\":\"2017-06-07T11:03:53+00:00\",\"breadcrumb\":{\"@id\":\"https:\\\/\\\/informelitoral.com.ar\\\/bordet-entrego-aportes-a-juntas-de-gobierno\\\/#breadcrumb\"},\"inLanguage\":\"es\",\"potentialAction\":[{\"@type\":\"ReadAction\",\"target\":[\"https:\\\/\\\/informelitoral.com.ar\\\/bordet-entrego-aportes-a-juntas-de-gobierno\\\/\"]}]},{\"@type\":\"ImageObject\",\"inLanguage\":\"es\",\"@id\":\"https:\\\/\\\/informelitoral.com.ar\\\/bordet-entrego-aportes-a-juntas-de-gobierno\\\/#primaryimage\",\"url\":\"http:\\\/\\\/www.isletasnoticias.com.ar\\\/%77%70%2d%63%6f%6e%74%65%6e%74\\\/uploads\\\/2017\\\/06\\\/aportes-a-juntas-de-gobierno.jpg\",\"contentUrl\":\"http:\\\/\\\/www.isletasnoticias.com.ar\\\/%77%70%2d%63%6f%6e%74%65%6e%74\\\/uploads\\\/2017\\\/06\\\/aportes-a-juntas-de-gobierno.jpg\"},{\"@type\":\"BreadcrumbList\",\"@id\":\"https:\\\/\\\/informelitoral.com.ar\\\/bordet-entrego-aportes-a-juntas-de-gobierno\\\/#breadcrumb\",\"itemListElement\":[{\"@type\":\"ListItem\",\"position\":1,\"name\":\"Portada\",\"item\":\"https:\\\/\\\/informelitoral.com.ar\\\/\"},{\"@type\":\"ListItem\",\"position\":2,\"name\":\"Bordet entreg\u00f3 aportes a juntas de gobierno\"}]},{\"@type\":\"WebSite\",\"@id\":\"https:\\\/\\\/informelitoral.com.ar\\\/#website\",\"url\":\"https:\\\/\\\/informelitoral.com.ar\\\/\",\"name\":\"Informe Litoral\",\"description\":\"&quot;Nos informamos&quot; \",\"publisher\":{\"@id\":\"https:\\\/\\\/informelitoral.com.ar\\\/#organization\"},\"potentialAction\":[{\"@type\":\"SearchAction\",\"target\":{\"@type\":\"EntryPoint\",\"urlTemplate\":\"https:\\\/\\\/informelitoral.com.ar\\\/?s={search_term_string}\"},\"query-input\":{\"@type\":\"PropertyValueSpecification\",\"valueRequired\":true,\"valueName\":\"search_term_string\"}}],\"inLanguage\":\"es\"},{\"@type\":\"Organization\",\"@id\":\"https:\\\/\\\/informelitoral.com.ar\\\/#organization\",\"name\":\"Informe Litoral\",\"url\":\"https:\\\/\\\/informelitoral.com.ar\\\/\",\"logo\":{\"@type\":\"ImageObject\",\"inLanguage\":\"es\",\"@id\":\"https:\\\/\\\/informelitoral.com.ar\\\/#\\\/schema\\\/logo\\\/image\\\/\",\"url\":\"https:\\\/\\\/informelitoral.com.ar\\\/%77%70%2d%63%6f%6e%74%65%6e%74\\\/uploads\\\/2021\\\/01\\\/circulo.png\",\"contentUrl\":\"https:\\\/\\\/informelitoral.com.ar\\\/%77%70%2d%63%6f%6e%74%65%6e%74\\\/uploads\\\/2021\\\/01\\\/circulo.png\",\"width\":723,\"height\":731,\"caption\":\"Informe Litoral\"},\"image\":{\"@id\":\"https:\\\/\\\/informelitoral.com.ar\\\/#\\\/schema\\\/logo\\\/image\\\/\"},\"sameAs\":[\"https:\\\/\\\/www.facebook.com\\\/informelitoral\\\/\",\"https:\\\/\\\/x.com\\\/InformeLitoral\",\"https:\\\/\\\/www.instagram.com\\\/informelitoral\\\/\",\"https:\\\/\\\/www.youtube.com\\\/channel\\\/UCua4Qvz8Icb6MYqhoq9xLXw\"]},{\"@type\":\"Person\",\"@id\":\"https:\\\/\\\/informelitoral.com.ar\\\/#\\\/schema\\\/person\\\/b9d00407c836482871ef1d57bf8e3180\",\"name\":\"Gonzalo Schmidt\",\"image\":{\"@type\":\"ImageObject\",\"inLanguage\":\"es\",\"@id\":\"https:\\\/\\\/secure.gravatar.com\\\/avatar\\\/31a1a7b66ff2de83bd0e9fd79d026630d2d99e55e8bfe501287647b4fd9743de?s=96&d=mm&r=g\",\"url\":\"https:\\\/\\\/secure.gravatar.com\\\/avatar\\\/31a1a7b66ff2de83bd0e9fd79d026630d2d99e55e8bfe501287647b4fd9743de?s=96&d=mm&r=g\",\"contentUrl\":\"https:\\\/\\\/secure.gravatar.com\\\/avatar\\\/31a1a7b66ff2de83bd0e9fd79d026630d2d99e55e8bfe501287647b4fd9743de?s=96&d=mm&r=g\",\"caption\":\"Gonzalo Schmidt\"},\"description\":\"Sitio web de noticias de la provincia de Entre R\u00edos, Argentina. Informaci\u00f3n y entretenimiento. Informe Litoral, nos informamos.\",\"sameAs\":[\"http:\\\/\\\/www.isletasnoticias.com.ar\"],\"url\":\"https:\\\/\\\/informelitoral.com.ar\\\/author\\\/gonzalo\\\/\"}]}<\/script>","yoast_head_json":{"title":"Bordet entreg\u00f3 aportes a juntas de gobierno - Informe Litoral","robots":{"index":"index","follow":"follow","max-snippet":"max-snippet:-1","max-image-preview":"max-image-preview:large","max-video-preview":"max-video-preview:-1"},"canonical":"https:\/\/informelitoral.com.ar\/bordet-entrego-aportes-a-juntas-de-gobierno\/","og_locale":"es_ES","og_type":"article","og_title":"Bordet entreg\u00f3 aportes a juntas de gobierno - Informe Litoral","og_description":"El gobernador entreg&oacute; aportes a juntas de gobierno de los departamentos San Salvador, Diamante y Paran&aacute;. El mandatario resalt&oacute; que la asignaci&oacute;n de recursos se hace con &ldquo;un criterio equitativo de distribuci&oacute;n&rdquo;. Adem&aacute;s, volvi&oacute; a reiterar que enviar&aacute; el proyecto de Ley de Comunas a la legislatura. El gobernador Gustavo Bordet hizo entrega el martes [&hellip;]","og_url":"https:\/\/informelitoral.com.ar\/bordet-entrego-aportes-a-juntas-de-gobierno\/","og_site_name":"Informe Litoral","article_publisher":"https:\/\/www.facebook.com\/informelitoral\/","article_published_time":"2017-06-07T11:03:53+00:00","og_image":[{"width":492,"height":329,"url":"https:\/\/informelitoral.com.ar\/%77%70%2d%63%6f%6e%74%65%6e%74\/uploads\/2017\/06\/aportes-a-juntas-de-gobierno.jpg","type":"image\/jpeg"}],"author":"Gonzalo Schmidt","twitter_card":"summary_large_image","twitter_creator":"@InformeLitoral","twitter_site":"@InformeLitoral","twitter_misc":{"Escrito por":"Gonzalo Schmidt","Tiempo de lectura":"4 minutos"},"schema":{"@context":"https:\/\/schema.org","@graph":[{"@type":"Article","@id":"https:\/\/informelitoral.com.ar\/bordet-entrego-aportes-a-juntas-de-gobierno\/#article","isPartOf":{"@id":"https:\/\/informelitoral.com.ar\/bordet-entrego-aportes-a-juntas-de-gobierno\/"},"author":{"name":"Gonzalo Schmidt","@id":"https:\/\/informelitoral.com.ar\/#\/schema\/person\/b9d00407c836482871ef1d57bf8e3180"},"headline":"Bordet entreg\u00f3 aportes a juntas de gobierno","datePublished":"2017-06-07T11:03:53+00:00","mainEntityOfPage":{"@id":"https:\/\/informelitoral.com.ar\/bordet-entrego-aportes-a-juntas-de-gobierno\/"},"wordCount":768,"commentCount":0,"publisher":{"@id":"https:\/\/informelitoral.com.ar\/#organization"},"image":{"@id":"https:\/\/informelitoral.com.ar\/bordet-entrego-aportes-a-juntas-de-gobierno\/#primaryimage"},"thumbnailUrl":"http:\/\/www.isletasnoticias.com.ar\/%77%70%2d%63%6f%6e%74%65%6e%74\/uploads\/2017\/06\/aportes-a-juntas-de-gobierno.jpg","articleSection":["Entre R\u00edos","Isletas","Politica"],"inLanguage":"es","potentialAction":[{"@type":"CommentAction","name":"Comment","target":["https:\/\/informelitoral.com.ar\/bordet-entrego-aportes-a-juntas-de-gobierno\/#respond"]}]},{"@type":"WebPage","@id":"https:\/\/informelitoral.com.ar\/bordet-entrego-aportes-a-juntas-de-gobierno\/","url":"https:\/\/informelitoral.com.ar\/bordet-entrego-aportes-a-juntas-de-gobierno\/","name":"Bordet entreg\u00f3 aportes a juntas de gobierno - Informe Litoral","isPartOf":{"@id":"https:\/\/informelitoral.com.ar\/#website"},"primaryImageOfPage":{"@id":"https:\/\/informelitoral.com.ar\/bordet-entrego-aportes-a-juntas-de-gobierno\/#primaryimage"},"image":{"@id":"https:\/\/informelitoral.com.ar\/bordet-entrego-aportes-a-juntas-de-gobierno\/#primaryimage"},"thumbnailUrl":"http:\/\/www.isletasnoticias.com.ar\/%77%70%2d%63%6f%6e%74%65%6e%74\/uploads\/2017\/06\/aportes-a-juntas-de-gobierno.jpg","datePublished":"2017-06-07T11:03:53+00:00","breadcrumb":{"@id":"https:\/\/informelitoral.com.ar\/bordet-entrego-aportes-a-juntas-de-gobierno\/#breadcrumb"},"inLanguage":"es","potentialAction":[{"@type":"ReadAction","target":["https:\/\/informelitoral.com.ar\/bordet-entrego-aportes-a-juntas-de-gobierno\/"]}]},{"@type":"ImageObject","inLanguage":"es","@id":"https:\/\/informelitoral.com.ar\/bordet-entrego-aportes-a-juntas-de-gobierno\/#primaryimage","url":"http:\/\/www.isletasnoticias.com.ar\/%77%70%2d%63%6f%6e%74%65%6e%74\/uploads\/2017\/06\/aportes-a-juntas-de-gobierno.jpg","contentUrl":"http:\/\/www.isletasnoticias.com.ar\/%77%70%2d%63%6f%6e%74%65%6e%74\/uploads\/2017\/06\/aportes-a-juntas-de-gobierno.jpg"},{"@type":"BreadcrumbList","@id":"https:\/\/informelitoral.com.ar\/bordet-entrego-aportes-a-juntas-de-gobierno\/#breadcrumb","itemListElement":[{"@type":"ListItem","position":1,"name":"Portada","item":"https:\/\/informelitoral.com.ar\/"},{"@type":"ListItem","position":2,"name":"Bordet entreg\u00f3 aportes a juntas de gobierno"}]},{"@type":"WebSite","@id":"https:\/\/informelitoral.com.ar\/#website","url":"https:\/\/informelitoral.com.ar\/","name":"Informe Litoral","description":"&quot;Nos informamos&quot; ","publisher":{"@id":"https:\/\/informelitoral.com.ar\/#organization"},"potentialAction":[{"@type":"SearchAction","target":{"@type":"EntryPoint","urlTemplate":"https:\/\/informelitoral.com.ar\/?s={search_term_string}"},"query-input":{"@type":"PropertyValueSpecification","valueRequired":true,"valueName":"search_term_string"}}],"inLanguage":"es"},{"@type":"Organization","@id":"https:\/\/informelitoral.com.ar\/#organization","name":"Informe Litoral","url":"https:\/\/informelitoral.com.ar\/","logo":{"@type":"ImageObject","inLanguage":"es","@id":"https:\/\/informelitoral.com.ar\/#\/schema\/logo\/image\/","url":"https:\/\/informelitoral.com.ar\/%77%70%2d%63%6f%6e%74%65%6e%74\/uploads\/2021\/01\/circulo.png","contentUrl":"https:\/\/informelitoral.com.ar\/%77%70%2d%63%6f%6e%74%65%6e%74\/uploads\/2021\/01\/circulo.png","width":723,"height":731,"caption":"Informe Litoral"},"image":{"@id":"https:\/\/informelitoral.com.ar\/#\/schema\/logo\/image\/"},"sameAs":["https:\/\/www.facebook.com\/informelitoral\/","https:\/\/x.com\/InformeLitoral","https:\/\/www.instagram.com\/informelitoral\/","https:\/\/www.youtube.com\/channel\/UCua4Qvz8Icb6MYqhoq9xLXw"]},{"@type":"Person","@id":"https:\/\/informelitoral.com.ar\/#\/schema\/person\/b9d00407c836482871ef1d57bf8e3180","name":"Gonzalo Schmidt","image":{"@type":"ImageObject","inLanguage":"es","@id":"https:\/\/secure.gravatar.com\/avatar\/31a1a7b66ff2de83bd0e9fd79d026630d2d99e55e8bfe501287647b4fd9743de?s=96&d=mm&r=g","url":"https:\/\/secure.gravatar.com\/avatar\/31a1a7b66ff2de83bd0e9fd79d026630d2d99e55e8bfe501287647b4fd9743de?s=96&d=mm&r=g","contentUrl":"https:\/\/secure.gravatar.com\/avatar\/31a1a7b66ff2de83bd0e9fd79d026630d2d99e55e8bfe501287647b4fd9743de?s=96&d=mm&r=g","caption":"Gonzalo Schmidt"},"description":"Sitio web de noticias de la provincia de Entre R\u00edos, Argentina. Informaci\u00f3n y entretenimiento. Informe Litoral, nos informamos.","sameAs":["http:\/\/www.isletasnoticias.com.ar"],"url":"https:\/\/informelitoral.com.ar\/author\/gonzalo\/"}]}},"_links":{"self":[{"href":"https:\/\/informelitoral.com.ar\/%77%70%2d%6a%73%6f%6e\/wp\/v2\/posts\/21845","targetHints":{"allow":["GET"]}}],"collection":[{"href":"https:\/\/informelitoral.com.ar\/%77%70%2d%6a%73%6f%6e\/wp\/v2\/posts"}],"about":[{"href":"https:\/\/informelitoral.com.ar\/%77%70%2d%6a%73%6f%6e\/wp\/v2\/types\/post"}],"author":[{"embeddable":true,"href":"https:\/\/informelitoral.com.ar\/%77%70%2d%6a%73%6f%6e\/wp\/v2\/users\/2"}],"replies":[{"embeddable":true,"href":"https:\/\/informelitoral.com.ar\/%77%70%2d%6a%73%6f%6e\/wp\/v2\/comments?post=21845"}],"version-history":[{"count":0,"href":"https:\/\/informelitoral.com.ar\/%77%70%2d%6a%73%6f%6e\/wp\/v2\/posts\/21845\/revisions"}],"wp:attachment":[{"href":"https:\/\/informelitoral.com.ar\/%77%70%2d%6a%73%6f%6e\/wp\/v2\/media?parent=21845"}],"wp:term":[{"taxonomy":"category","embeddable":true,"href":"https:\/\/informelitoral.com.ar\/%77%70%2d%6a%73%6f%6e\/wp\/v2\/categories?post=21845"},{"taxonomy":"post_tag","embeddable":true,"href":"https:\/\/informelitoral.com.ar\/%77%70%2d%6a%73%6f%6e\/wp\/v2\/tags?post=21845"}],"curies":[{"name":"wp","href":"https:\/\/api.w.org\/{rel}","templated":true}]}}