{"id":21837,"date":"2017-06-06T06:30:48","date_gmt":"2017-06-06T09:30:48","guid":{"rendered":"http:\/\/www.isletasnoticias.com.ar\/?p=21837"},"modified":"2017-06-06T06:30:48","modified_gmt":"2017-06-06T09:30:48","slug":"entre-rios-comenzo-a-producir-energia-solar","status":"publish","type":"post","link":"https:\/\/informelitoral.com.ar\/entre-rios-comenzo-a-producir-energia-solar\/","title":{"rendered":"Entre R\u00edos comenz\u00f3 a producir energ\u00eda solar"},"content":{"rendered":"<p><strong>En el marco del D\u00eda Mundial del Ambiente, Enersa inaugur\u00f3 dos paneles fotovoltaicos, que producir\u00e1n energ\u00eda el\u00e9ctrica a partir de la luz solar, y el excedente de la energ\u00eda generada ser\u00e1 inyectado a la red de distribuci\u00f3n. A trav\u00e9s de un decreto el gobernador Bordet, resolvi\u00f3 fomentar y declarar de inter\u00e9s provincial la instalaci\u00f3n y uso de peque\u00f1as generaciones de energ\u00eda el\u00e9ctrica a partir de fuentes renovables y sustentables.<a href=\"http:\/\/www.isletasnoticias.com.ar\/%77%70%2d%63%6f%6e%74%65%6e%74\/uploads\/2017\/06\/b_1496694090.jpg\"><img loading=\"lazy\" decoding=\"async\" class=\"aligncenter wp-image-21838 size-full\" src=\"http:\/\/www.isletasnoticias.com.ar\/%77%70%2d%63%6f%6e%74%65%6e%74\/uploads\/2017\/06\/b_1496694090.jpg\" alt=\"\" width=\"492\" height=\"277\" srcset=\"https:\/\/informelitoral.com.ar\/%77%70%2d%63%6f%6e%74%65%6e%74\/uploads\/2017\/06\/b_1496694090.jpg 492w, https:\/\/informelitoral.com.ar\/%77%70%2d%63%6f%6e%74%65%6e%74\/uploads\/2017\/06\/b_1496694090-300x169.jpg 300w\" sizes=\"auto, (max-width: 492px) 100vw, 492px\" \/><\/a><\/strong><\/p>\n<p>El gobernador <strong>Gustavo Bordet,<\/strong> a trav\u00e9s del decreto 4.315 de 2016, resolvi\u00f3 <strong>fomentar y declarar de inter\u00e9s provincial la instalaci\u00f3n y uso de peque\u00f1as generaciones de energ\u00eda el\u00e9ctrica a partir de fuentes renovables y sustentables<\/strong>, como la e\u00f3lica, solar, gases de vertedero e hidr\u00e1ulica, entre otras, en el marco de la reglamentaci\u00f3n nacional. El gobierno fomenta as\u00ed la instalaci\u00f3n y uso de generaciones de energ\u00eda el\u00e9ctrica a partir de fuentes renovables.<\/p>\n<p>\u201cEl desaf\u00edo a futuro es encontrar fuentes alternativas energ\u00e9ticas para hacerlas compatibles con nuestros recursos naturales\u201d, manifest\u00f3 el primer mandatario provincial.<\/p>\n<p>Es prop\u00f3sito del Poder Ejecutivo entrerriano fomentar la instalaci\u00f3n y uso de fuentes renovables de energ\u00eda, dado los beneficios, econ\u00f3micos, sociales y ambientales que conlleva. \u201cEntendemos que el agua, aire y la luz solar son indispensables en las nuevas formas de generar energ\u00eda y esto requiere de est\u00edmulos para quienes utilizan este tipo de energ\u00edas\u201d, agreg\u00f3 Bordet. <a href=\"http:\/\/www.isletasnoticias.com.ar\/%77%70%2d%63%6f%6e%74%65%6e%74\/uploads\/2017\/06\/b_1496694385.jpg\"><img loading=\"lazy\" decoding=\"async\" class=\"aligncenter wp-image-21840 size-full\" src=\"http:\/\/www.isletasnoticias.com.ar\/%77%70%2d%63%6f%6e%74%65%6e%74\/uploads\/2017\/06\/b_1496694385.jpg\" alt=\"\" width=\"492\" height=\"327\" srcset=\"https:\/\/informelitoral.com.ar\/%77%70%2d%63%6f%6e%74%65%6e%74\/uploads\/2017\/06\/b_1496694385.jpg 492w, https:\/\/informelitoral.com.ar\/%77%70%2d%63%6f%6e%74%65%6e%74\/uploads\/2017\/06\/b_1496694385-300x199.jpg 300w\" sizes=\"auto, (max-width: 492px) 100vw, 492px\" \/><\/a><br \/>\nLa provincia se suma con acciones concretas a la celebraci\u00f3n del <strong>D\u00eda Mundial del Ambiente.<\/strong> Bajo la premisa del Decreto dictado por Bordet,<strong> Enersa inaugur\u00f3 dos paneles fotovoltaicos<\/strong> <strong>y suscribi\u00f3 convenios<\/strong> con la Secretar\u00eda de Energ\u00eda, la Secretar\u00eda de Ambiente, el Conicet y la Facultad Regional Concepci\u00f3n del Uruguay de la Universidad Tecnol\u00f3gica Nacional. Estos convenios buscan<strong> fortalecer el desarrollo de energ\u00edas renovables as\u00ed como el uso eficiente de la energ\u00eda.<\/strong><\/p>\n<p>El presidente de Enersa, <strong>Jorge Gonz\u00e1lez<\/strong> expres\u00f3 que \u201choy entidades gubernamentales, acad\u00e9micas, ambientales, productivas y legislativas reunidas en pos de trabajar juntos en materia de energ\u00edas limpias. Hoy tambi\u00e9n, nuestra Distribuidora Estatal comienza a generar energ\u00eda solar y a inyectarla a la red a trav\u00e9s de dos paneles fotovoltaicos, lo que nos pone a la vanguardia en esta acci\u00f3n y nos obliga como empresa de servicios p\u00fablicos a facilitarles a nuestros usuarios todas las herramientas disponibles para que puedan acceder a esta energ\u00eda limpia\u201d.<\/p>\n<p>Los <strong>dos paneles fotovoltaicos<\/strong> que se inauguraron, fueron adquiridos por Enersa e <strong>instalados en sus almacenes de Bulevar Racedo 500, en la ciudad de Paran\u00e1<\/strong>: uno de 5,5 kw y otro de 12,5 kw de potencia. Estos paneles producir\u00e1n energ\u00eda el\u00e9ctrica a partir de la luz solar, y el excedente de la energ\u00eda generada ser\u00e1 inyectado a la red de distribuci\u00f3n.<\/p>\n<p>Adem\u00e1s, se prev\u00e9 la instalaci\u00f3n de una Estaci\u00f3n Generadora El\u00e9ctrica a partir de Energ\u00eda Solar de origen Fotovoltaico, en la localidad de Ceibas, fruto del convenio entre Enersa y la Secretar\u00eda de Energ\u00eda.<\/p>\n<p>Del acto tambi\u00e9n participaron el secretario de energ\u00eda, <strong>Ra\u00fal Arroyo<\/strong>, el director general de Industria y Parques Industriales del Ministerio de la Producci\u00f3n, <strong>Ricardo Armocida<\/strong>, el director de Control y Fiscalizaci\u00f3n de la Secretar\u00eda de Ambiente de Gobierno<strong>, Daniel Ben\u00edtez,<\/strong> el titular del Conicet, <strong>Sergio Devalis<\/strong> y el Decano de la Universidad Tecnol\u00f3gica Nacional, Facultad Concepci\u00f3n del Uruguay, <strong>N\u00e9stor Garc\u00eda<\/strong>, entre otras autoridades provinciales, nacionales y representantes del sector productivo y de organizaciones ambientales.<\/p>\n<p><b>Detalles del Decreto<\/b><\/p>\n<p>La norma legal establece el reglamento de condiciones para que las peque\u00f1as generaciones puedan incorporarse a la red el\u00e9ctrica de distribuci\u00f3n en baja tensi\u00f3n e inyectar sus excedentes.<\/p>\n<p>En ese marco, un usuario peque\u00f1o &#8211; generador es el titular de un suministro conectado al servicio p\u00fablico de distribuci\u00f3n de energ\u00eda el\u00e9ctrica en Entre R\u00edos con potencia contratada inferior a 50 kW y que a la vez es titular de un equipamiento de generaci\u00f3n el\u00e9ctrica con fuente de energ\u00eda renovable conectado en paralelo a la red de distribuci\u00f3n en baja tensi\u00f3n. <a href=\"http:\/\/www.isletasnoticias.com.ar\/%77%70%2d%63%6f%6e%74%65%6e%74\/uploads\/2017\/06\/b_1496694106.jpg\"><img loading=\"lazy\" decoding=\"async\" class=\"aligncenter wp-image-21839 size-full\" src=\"http:\/\/www.isletasnoticias.com.ar\/%77%70%2d%63%6f%6e%74%65%6e%74\/uploads\/2017\/06\/b_1496694106.jpg\" alt=\"\" width=\"492\" height=\"277\" srcset=\"https:\/\/informelitoral.com.ar\/%77%70%2d%63%6f%6e%74%65%6e%74\/uploads\/2017\/06\/b_1496694106.jpg 492w, https:\/\/informelitoral.com.ar\/%77%70%2d%63%6f%6e%74%65%6e%74\/uploads\/2017\/06\/b_1496694106-300x169.jpg 300w\" sizes=\"auto, (max-width: 492px) 100vw, 492px\" \/><\/a><br \/>\nLos equipamientos de peque\u00f1a generaci\u00f3n, son instalaciones de generaci\u00f3n de energ\u00eda el\u00e9ctrica con fuentes renovables: e\u00f3lica; solar; geot\u00e9rmica; hidr\u00e1ulica; biomasa; gases de vertedero; de plantas de depuraci\u00f3n; biog\u00e1s.<\/p>\n<p>La capacidad instalada permitida a cada usuario peque\u00f1o &#8211; generador que desee conectar su equipamiento de generaci\u00f3n a una red de distribuci\u00f3n, estar\u00e1 sujeta a las limitaciones respecto a la capacidad del punto de conexi\u00f3n (no podr\u00e1 exceder la potencia contratada y autorizada para el suministro).<\/p>\n<p>El usuario peque\u00f1o &#8211; generador que desee inyectar sus excedentes de energ\u00eda el\u00e9ctrica a la red de distribuci\u00f3n, deber\u00e1 presentar una solicitud que debe como m\u00ednimo contener los datos t\u00e9cnicos de los generadores, una declaraci\u00f3n jurada del titular del suministro y el instalador responsable sobre los cumplimientos de los requisitos t\u00e9cnicos y asunci\u00f3n de la responsabilidad de funcionamiento de las instalaciones de generaci\u00f3n y una solicitud de conexi\u00f3n donde se incluyan los datos t\u00e9cnicos de la generaci\u00f3n.<\/p>\n<p>Por otra parte, \u00fanicamente podr\u00e1 ser autorizada la conexi\u00f3n de peque\u00f1os generadores en redes de baja tensi\u00f3n, teniendo en cuenta las categor\u00edas de peque\u00f1as potencias (potencia menor 10 kW. Tensi\u00f3n monof\u00e1sica o trif\u00e1sica); o medianas potencias (rango igual o mayor 10 kW y menor 50 kW. Tensi\u00f3n trif\u00e1sica). Adem\u00e1s, se debe tener en cuenta que la potencia del generador deber\u00e1 ser igual o inferior a la potencia contratada por el usuario a la distribuidora.<\/p>\n","protected":false},"excerpt":{"rendered":"<p>En el marco del D&iacute;a Mundial del Ambiente, Enersa inaugur&oacute; dos paneles fotovoltaicos, que producir&aacute;n energ&iacute;a el&eacute;ctrica a partir de la luz solar, y el excedente de la energ&iacute;a generada ser&aacute; inyectado a la red de distribuci&oacute;n. A trav&eacute;s de un decreto el gobernador Bordet, resolvi&oacute; fomentar y declarar de inter&eacute;s provincial la instalaci&oacute;n y [&hellip;]<\/p>\n","protected":false},"author":2,"featured_media":0,"comment_status":"open","ping_status":"open","sticky":false,"template":"","format":"standard","meta":{"fifu_image_url":"","fifu_image_alt":"","footnotes":""},"categories":[6],"tags":[],"class_list":{"0":"post-21837","1":"post","2":"type-post","3":"status-publish","4":"format-standard","6":"category-entre-rios"},"yoast_head":"<title>Entre R\u00edos comenz\u00f3 a producir energ\u00eda solar - Informe Litoral<\/title>\n<meta name=\"robots\" content=\"index, follow, max-snippet:-1, max-image-preview:large, max-video-preview:-1\" \/>\n<link rel=\"canonical\" href=\"https:\/\/informelitoral.com.ar\/entre-rios-comenzo-a-producir-energia-solar\/\" \/>\n<meta property=\"og:locale\" content=\"es_ES\" \/>\n<meta property=\"og:type\" content=\"article\" \/>\n<meta property=\"og:title\" content=\"Entre R\u00edos comenz\u00f3 a producir energ\u00eda solar - Informe Litoral\" \/>\n<meta property=\"og:description\" content=\"En el marco del D&iacute;a Mundial del Ambiente, Enersa inaugur&oacute; dos paneles fotovoltaicos, que producir&aacute;n energ&iacute;a el&eacute;ctrica a partir de la luz solar, y el excedente de la energ&iacute;a generada ser&aacute; inyectado a la red de distribuci&oacute;n. A trav&eacute;s de un decreto el gobernador Bordet, resolvi&oacute; fomentar y declarar de inter&eacute;s provincial la instalaci&oacute;n y [&hellip;]\" \/>\n<meta property=\"og:url\" content=\"https:\/\/informelitoral.com.ar\/entre-rios-comenzo-a-producir-energia-solar\/\" \/>\n<meta property=\"og:site_name\" content=\"Informe Litoral\" \/>\n<meta property=\"article:publisher\" content=\"https:\/\/www.facebook.com\/informelitoral\/\" \/>\n<meta property=\"article:published_time\" content=\"2017-06-06T09:30:48+00:00\" \/>\n<meta property=\"og:image\" content=\"https:\/\/informelitoral.com.ar\/%77%70%2d%63%6f%6e%74%65%6e%74\/uploads\/2017\/06\/b_1496694090.jpg\" \/>\n\t<meta property=\"og:image:width\" content=\"492\" \/>\n\t<meta property=\"og:image:height\" content=\"277\" \/>\n\t<meta property=\"og:image:type\" content=\"image\/jpeg\" \/>\n<meta name=\"author\" content=\"Gonzalo Schmidt\" \/>\n<meta name=\"twitter:card\" content=\"summary_large_image\" \/>\n<meta name=\"twitter:creator\" content=\"@InformeLitoral\" \/>\n<meta name=\"twitter:site\" content=\"@InformeLitoral\" \/>\n<meta name=\"twitter:label1\" content=\"Escrito por\" \/>\n\t<meta name=\"twitter:data1\" content=\"Gonzalo Schmidt\" \/>\n\t<meta name=\"twitter:label2\" content=\"Tiempo de lectura\" \/>\n\t<meta name=\"twitter:data2\" content=\"5 minutos\" \/>\n<script type=\"application\/ld+json\" class=\"yoast-schema-graph\">{\"@context\":\"https:\\\/\\\/schema.org\",\"@graph\":[{\"@type\":\"Article\",\"@id\":\"https:\\\/\\\/informelitoral.com.ar\\\/entre-rios-comenzo-a-producir-energia-solar\\\/#article\",\"isPartOf\":{\"@id\":\"https:\\\/\\\/informelitoral.com.ar\\\/entre-rios-comenzo-a-producir-energia-solar\\\/\"},\"author\":{\"name\":\"Gonzalo Schmidt\",\"@id\":\"https:\\\/\\\/informelitoral.com.ar\\\/#\\\/schema\\\/person\\\/b9d00407c836482871ef1d57bf8e3180\"},\"headline\":\"Entre R\u00edos comenz\u00f3 a producir energ\u00eda solar\",\"datePublished\":\"2017-06-06T09:30:48+00:00\",\"mainEntityOfPage\":{\"@id\":\"https:\\\/\\\/informelitoral.com.ar\\\/entre-rios-comenzo-a-producir-energia-solar\\\/\"},\"wordCount\":986,\"commentCount\":0,\"publisher\":{\"@id\":\"https:\\\/\\\/informelitoral.com.ar\\\/#organization\"},\"image\":{\"@id\":\"https:\\\/\\\/informelitoral.com.ar\\\/entre-rios-comenzo-a-producir-energia-solar\\\/#primaryimage\"},\"thumbnailUrl\":\"http:\\\/\\\/www.isletasnoticias.com.ar\\\/%77%70%2d%63%6f%6e%74%65%6e%74\\\/uploads\\\/2017\\\/06\\\/b_1496694090.jpg\",\"articleSection\":[\"Entre R\u00edos\"],\"inLanguage\":\"es\",\"potentialAction\":[{\"@type\":\"CommentAction\",\"name\":\"Comment\",\"target\":[\"https:\\\/\\\/informelitoral.com.ar\\\/entre-rios-comenzo-a-producir-energia-solar\\\/#respond\"]}]},{\"@type\":\"WebPage\",\"@id\":\"https:\\\/\\\/informelitoral.com.ar\\\/entre-rios-comenzo-a-producir-energia-solar\\\/\",\"url\":\"https:\\\/\\\/informelitoral.com.ar\\\/entre-rios-comenzo-a-producir-energia-solar\\\/\",\"name\":\"Entre R\u00edos comenz\u00f3 a producir energ\u00eda solar - Informe Litoral\",\"isPartOf\":{\"@id\":\"https:\\\/\\\/informelitoral.com.ar\\\/#website\"},\"primaryImageOfPage\":{\"@id\":\"https:\\\/\\\/informelitoral.com.ar\\\/entre-rios-comenzo-a-producir-energia-solar\\\/#primaryimage\"},\"image\":{\"@id\":\"https:\\\/\\\/informelitoral.com.ar\\\/entre-rios-comenzo-a-producir-energia-solar\\\/#primaryimage\"},\"thumbnailUrl\":\"http:\\\/\\\/www.isletasnoticias.com.ar\\\/%77%70%2d%63%6f%6e%74%65%6e%74\\\/uploads\\\/2017\\\/06\\\/b_1496694090.jpg\",\"datePublished\":\"2017-06-06T09:30:48+00:00\",\"breadcrumb\":{\"@id\":\"https:\\\/\\\/informelitoral.com.ar\\\/entre-rios-comenzo-a-producir-energia-solar\\\/#breadcrumb\"},\"inLanguage\":\"es\",\"potentialAction\":[{\"@type\":\"ReadAction\",\"target\":[\"https:\\\/\\\/informelitoral.com.ar\\\/entre-rios-comenzo-a-producir-energia-solar\\\/\"]}]},{\"@type\":\"ImageObject\",\"inLanguage\":\"es\",\"@id\":\"https:\\\/\\\/informelitoral.com.ar\\\/entre-rios-comenzo-a-producir-energia-solar\\\/#primaryimage\",\"url\":\"http:\\\/\\\/www.isletasnoticias.com.ar\\\/%77%70%2d%63%6f%6e%74%65%6e%74\\\/uploads\\\/2017\\\/06\\\/b_1496694090.jpg\",\"contentUrl\":\"http:\\\/\\\/www.isletasnoticias.com.ar\\\/%77%70%2d%63%6f%6e%74%65%6e%74\\\/uploads\\\/2017\\\/06\\\/b_1496694090.jpg\"},{\"@type\":\"BreadcrumbList\",\"@id\":\"https:\\\/\\\/informelitoral.com.ar\\\/entre-rios-comenzo-a-producir-energia-solar\\\/#breadcrumb\",\"itemListElement\":[{\"@type\":\"ListItem\",\"position\":1,\"name\":\"Portada\",\"item\":\"https:\\\/\\\/informelitoral.com.ar\\\/\"},{\"@type\":\"ListItem\",\"position\":2,\"name\":\"Entre R\u00edos comenz\u00f3 a producir energ\u00eda solar\"}]},{\"@type\":\"WebSite\",\"@id\":\"https:\\\/\\\/informelitoral.com.ar\\\/#website\",\"url\":\"https:\\\/\\\/informelitoral.com.ar\\\/\",\"name\":\"Informe Litoral\",\"description\":\"&quot;Nos informamos&quot; \",\"publisher\":{\"@id\":\"https:\\\/\\\/informelitoral.com.ar\\\/#organization\"},\"potentialAction\":[{\"@type\":\"SearchAction\",\"target\":{\"@type\":\"EntryPoint\",\"urlTemplate\":\"https:\\\/\\\/informelitoral.com.ar\\\/?s={search_term_string}\"},\"query-input\":{\"@type\":\"PropertyValueSpecification\",\"valueRequired\":true,\"valueName\":\"search_term_string\"}}],\"inLanguage\":\"es\"},{\"@type\":\"Organization\",\"@id\":\"https:\\\/\\\/informelitoral.com.ar\\\/#organization\",\"name\":\"Informe Litoral\",\"url\":\"https:\\\/\\\/informelitoral.com.ar\\\/\",\"logo\":{\"@type\":\"ImageObject\",\"inLanguage\":\"es\",\"@id\":\"https:\\\/\\\/informelitoral.com.ar\\\/#\\\/schema\\\/logo\\\/image\\\/\",\"url\":\"https:\\\/\\\/informelitoral.com.ar\\\/%77%70%2d%63%6f%6e%74%65%6e%74\\\/uploads\\\/2021\\\/01\\\/circulo.png\",\"contentUrl\":\"https:\\\/\\\/informelitoral.com.ar\\\/%77%70%2d%63%6f%6e%74%65%6e%74\\\/uploads\\\/2021\\\/01\\\/circulo.png\",\"width\":723,\"height\":731,\"caption\":\"Informe Litoral\"},\"image\":{\"@id\":\"https:\\\/\\\/informelitoral.com.ar\\\/#\\\/schema\\\/logo\\\/image\\\/\"},\"sameAs\":[\"https:\\\/\\\/www.facebook.com\\\/informelitoral\\\/\",\"https:\\\/\\\/x.com\\\/InformeLitoral\",\"https:\\\/\\\/www.instagram.com\\\/informelitoral\\\/\",\"https:\\\/\\\/www.youtube.com\\\/channel\\\/UCua4Qvz8Icb6MYqhoq9xLXw\"]},{\"@type\":\"Person\",\"@id\":\"https:\\\/\\\/informelitoral.com.ar\\\/#\\\/schema\\\/person\\\/b9d00407c836482871ef1d57bf8e3180\",\"name\":\"Gonzalo Schmidt\",\"image\":{\"@type\":\"ImageObject\",\"inLanguage\":\"es\",\"@id\":\"https:\\\/\\\/secure.gravatar.com\\\/avatar\\\/31a1a7b66ff2de83bd0e9fd79d026630d2d99e55e8bfe501287647b4fd9743de?s=96&d=mm&r=g\",\"url\":\"https:\\\/\\\/secure.gravatar.com\\\/avatar\\\/31a1a7b66ff2de83bd0e9fd79d026630d2d99e55e8bfe501287647b4fd9743de?s=96&d=mm&r=g\",\"contentUrl\":\"https:\\\/\\\/secure.gravatar.com\\\/avatar\\\/31a1a7b66ff2de83bd0e9fd79d026630d2d99e55e8bfe501287647b4fd9743de?s=96&d=mm&r=g\",\"caption\":\"Gonzalo Schmidt\"},\"description\":\"Sitio web de noticias de la provincia de Entre R\u00edos, Argentina. Informaci\u00f3n y entretenimiento. Informe Litoral, nos informamos.\",\"sameAs\":[\"http:\\\/\\\/www.isletasnoticias.com.ar\"],\"url\":\"https:\\\/\\\/informelitoral.com.ar\\\/author\\\/gonzalo\\\/\"}]}<\/script>","yoast_head_json":{"title":"Entre R\u00edos comenz\u00f3 a producir energ\u00eda solar - Informe Litoral","robots":{"index":"index","follow":"follow","max-snippet":"max-snippet:-1","max-image-preview":"max-image-preview:large","max-video-preview":"max-video-preview:-1"},"canonical":"https:\/\/informelitoral.com.ar\/entre-rios-comenzo-a-producir-energia-solar\/","og_locale":"es_ES","og_type":"article","og_title":"Entre R\u00edos comenz\u00f3 a producir energ\u00eda solar - Informe Litoral","og_description":"En el marco del D&iacute;a Mundial del Ambiente, Enersa inaugur&oacute; dos paneles fotovoltaicos, que producir&aacute;n energ&iacute;a el&eacute;ctrica a partir de la luz solar, y el excedente de la energ&iacute;a generada ser&aacute; inyectado a la red de distribuci&oacute;n. A trav&eacute;s de un decreto el gobernador Bordet, resolvi&oacute; fomentar y declarar de inter&eacute;s provincial la instalaci&oacute;n y [&hellip;]","og_url":"https:\/\/informelitoral.com.ar\/entre-rios-comenzo-a-producir-energia-solar\/","og_site_name":"Informe Litoral","article_publisher":"https:\/\/www.facebook.com\/informelitoral\/","article_published_time":"2017-06-06T09:30:48+00:00","og_image":[{"width":492,"height":277,"url":"https:\/\/informelitoral.com.ar\/%77%70%2d%63%6f%6e%74%65%6e%74\/uploads\/2017\/06\/b_1496694090.jpg","type":"image\/jpeg"}],"author":"Gonzalo Schmidt","twitter_card":"summary_large_image","twitter_creator":"@InformeLitoral","twitter_site":"@InformeLitoral","twitter_misc":{"Escrito por":"Gonzalo Schmidt","Tiempo de lectura":"5 minutos"},"schema":{"@context":"https:\/\/schema.org","@graph":[{"@type":"Article","@id":"https:\/\/informelitoral.com.ar\/entre-rios-comenzo-a-producir-energia-solar\/#article","isPartOf":{"@id":"https:\/\/informelitoral.com.ar\/entre-rios-comenzo-a-producir-energia-solar\/"},"author":{"name":"Gonzalo Schmidt","@id":"https:\/\/informelitoral.com.ar\/#\/schema\/person\/b9d00407c836482871ef1d57bf8e3180"},"headline":"Entre R\u00edos comenz\u00f3 a producir energ\u00eda solar","datePublished":"2017-06-06T09:30:48+00:00","mainEntityOfPage":{"@id":"https:\/\/informelitoral.com.ar\/entre-rios-comenzo-a-producir-energia-solar\/"},"wordCount":986,"commentCount":0,"publisher":{"@id":"https:\/\/informelitoral.com.ar\/#organization"},"image":{"@id":"https:\/\/informelitoral.com.ar\/entre-rios-comenzo-a-producir-energia-solar\/#primaryimage"},"thumbnailUrl":"http:\/\/www.isletasnoticias.com.ar\/%77%70%2d%63%6f%6e%74%65%6e%74\/uploads\/2017\/06\/b_1496694090.jpg","articleSection":["Entre R\u00edos"],"inLanguage":"es","potentialAction":[{"@type":"CommentAction","name":"Comment","target":["https:\/\/informelitoral.com.ar\/entre-rios-comenzo-a-producir-energia-solar\/#respond"]}]},{"@type":"WebPage","@id":"https:\/\/informelitoral.com.ar\/entre-rios-comenzo-a-producir-energia-solar\/","url":"https:\/\/informelitoral.com.ar\/entre-rios-comenzo-a-producir-energia-solar\/","name":"Entre R\u00edos comenz\u00f3 a producir energ\u00eda solar - Informe Litoral","isPartOf":{"@id":"https:\/\/informelitoral.com.ar\/#website"},"primaryImageOfPage":{"@id":"https:\/\/informelitoral.com.ar\/entre-rios-comenzo-a-producir-energia-solar\/#primaryimage"},"image":{"@id":"https:\/\/informelitoral.com.ar\/entre-rios-comenzo-a-producir-energia-solar\/#primaryimage"},"thumbnailUrl":"http:\/\/www.isletasnoticias.com.ar\/%77%70%2d%63%6f%6e%74%65%6e%74\/uploads\/2017\/06\/b_1496694090.jpg","datePublished":"2017-06-06T09:30:48+00:00","breadcrumb":{"@id":"https:\/\/informelitoral.com.ar\/entre-rios-comenzo-a-producir-energia-solar\/#breadcrumb"},"inLanguage":"es","potentialAction":[{"@type":"ReadAction","target":["https:\/\/informelitoral.com.ar\/entre-rios-comenzo-a-producir-energia-solar\/"]}]},{"@type":"ImageObject","inLanguage":"es","@id":"https:\/\/informelitoral.com.ar\/entre-rios-comenzo-a-producir-energia-solar\/#primaryimage","url":"http:\/\/www.isletasnoticias.com.ar\/%77%70%2d%63%6f%6e%74%65%6e%74\/uploads\/2017\/06\/b_1496694090.jpg","contentUrl":"http:\/\/www.isletasnoticias.com.ar\/%77%70%2d%63%6f%6e%74%65%6e%74\/uploads\/2017\/06\/b_1496694090.jpg"},{"@type":"BreadcrumbList","@id":"https:\/\/informelitoral.com.ar\/entre-rios-comenzo-a-producir-energia-solar\/#breadcrumb","itemListElement":[{"@type":"ListItem","position":1,"name":"Portada","item":"https:\/\/informelitoral.com.ar\/"},{"@type":"ListItem","position":2,"name":"Entre R\u00edos comenz\u00f3 a producir energ\u00eda solar"}]},{"@type":"WebSite","@id":"https:\/\/informelitoral.com.ar\/#website","url":"https:\/\/informelitoral.com.ar\/","name":"Informe Litoral","description":"&quot;Nos informamos&quot; ","publisher":{"@id":"https:\/\/informelitoral.com.ar\/#organization"},"potentialAction":[{"@type":"SearchAction","target":{"@type":"EntryPoint","urlTemplate":"https:\/\/informelitoral.com.ar\/?s={search_term_string}"},"query-input":{"@type":"PropertyValueSpecification","valueRequired":true,"valueName":"search_term_string"}}],"inLanguage":"es"},{"@type":"Organization","@id":"https:\/\/informelitoral.com.ar\/#organization","name":"Informe Litoral","url":"https:\/\/informelitoral.com.ar\/","logo":{"@type":"ImageObject","inLanguage":"es","@id":"https:\/\/informelitoral.com.ar\/#\/schema\/logo\/image\/","url":"https:\/\/informelitoral.com.ar\/%77%70%2d%63%6f%6e%74%65%6e%74\/uploads\/2021\/01\/circulo.png","contentUrl":"https:\/\/informelitoral.com.ar\/%77%70%2d%63%6f%6e%74%65%6e%74\/uploads\/2021\/01\/circulo.png","width":723,"height":731,"caption":"Informe Litoral"},"image":{"@id":"https:\/\/informelitoral.com.ar\/#\/schema\/logo\/image\/"},"sameAs":["https:\/\/www.facebook.com\/informelitoral\/","https:\/\/x.com\/InformeLitoral","https:\/\/www.instagram.com\/informelitoral\/","https:\/\/www.youtube.com\/channel\/UCua4Qvz8Icb6MYqhoq9xLXw"]},{"@type":"Person","@id":"https:\/\/informelitoral.com.ar\/#\/schema\/person\/b9d00407c836482871ef1d57bf8e3180","name":"Gonzalo Schmidt","image":{"@type":"ImageObject","inLanguage":"es","@id":"https:\/\/secure.gravatar.com\/avatar\/31a1a7b66ff2de83bd0e9fd79d026630d2d99e55e8bfe501287647b4fd9743de?s=96&d=mm&r=g","url":"https:\/\/secure.gravatar.com\/avatar\/31a1a7b66ff2de83bd0e9fd79d026630d2d99e55e8bfe501287647b4fd9743de?s=96&d=mm&r=g","contentUrl":"https:\/\/secure.gravatar.com\/avatar\/31a1a7b66ff2de83bd0e9fd79d026630d2d99e55e8bfe501287647b4fd9743de?s=96&d=mm&r=g","caption":"Gonzalo Schmidt"},"description":"Sitio web de noticias de la provincia de Entre R\u00edos, Argentina. Informaci\u00f3n y entretenimiento. Informe Litoral, nos informamos.","sameAs":["http:\/\/www.isletasnoticias.com.ar"],"url":"https:\/\/informelitoral.com.ar\/author\/gonzalo\/"}]}},"_links":{"self":[{"href":"https:\/\/informelitoral.com.ar\/%77%70%2d%6a%73%6f%6e\/wp\/v2\/posts\/21837","targetHints":{"allow":["GET"]}}],"collection":[{"href":"https:\/\/informelitoral.com.ar\/%77%70%2d%6a%73%6f%6e\/wp\/v2\/posts"}],"about":[{"href":"https:\/\/informelitoral.com.ar\/%77%70%2d%6a%73%6f%6e\/wp\/v2\/types\/post"}],"author":[{"embeddable":true,"href":"https:\/\/informelitoral.com.ar\/%77%70%2d%6a%73%6f%6e\/wp\/v2\/users\/2"}],"replies":[{"embeddable":true,"href":"https:\/\/informelitoral.com.ar\/%77%70%2d%6a%73%6f%6e\/wp\/v2\/comments?post=21837"}],"version-history":[{"count":0,"href":"https:\/\/informelitoral.com.ar\/%77%70%2d%6a%73%6f%6e\/wp\/v2\/posts\/21837\/revisions"}],"wp:attachment":[{"href":"https:\/\/informelitoral.com.ar\/%77%70%2d%6a%73%6f%6e\/wp\/v2\/media?parent=21837"}],"wp:term":[{"taxonomy":"category","embeddable":true,"href":"https:\/\/informelitoral.com.ar\/%77%70%2d%6a%73%6f%6e\/wp\/v2\/categories?post=21837"},{"taxonomy":"post_tag","embeddable":true,"href":"https:\/\/informelitoral.com.ar\/%77%70%2d%6a%73%6f%6e\/wp\/v2\/tags?post=21837"}],"curies":[{"name":"wp","href":"https:\/\/api.w.org\/{rel}","templated":true}]}}