{"id":218349,"date":"2025-04-15T06:52:16","date_gmt":"2025-04-15T09:52:16","guid":{"rendered":"https:\/\/informelitoral.com.ar\/?p=218349"},"modified":"2025-04-15T07:34:34","modified_gmt":"2025-04-15T10:34:34","slug":"frigerio-y-dirigentes-rurales-avanzaron-en-la-puesta-en-marcha-de-un-nuevo-puerto-cerealero-en-la-paz","status":"publish","type":"post","link":"https:\/\/informelitoral.com.ar\/frigerio-y-dirigentes-rurales-avanzaron-en-la-puesta-en-marcha-de-un-nuevo-puerto-cerealero-en-la-paz\/","title":{"rendered":"Frigerio y dirigentes rurales avanzaron en la puesta en marcha de un nuevo puerto cerealero en La Paz"},"content":{"rendered":"<p>Al final de la audiencia desarrollada en <strong>Casa de Gobierno<\/strong>, en Paran\u00e1, el ministro de Desarrollo Econ\u00f3mico, <strong>Guillermo Bernaudo<\/strong>, destac\u00f3 que \u00ablas habilitaciones ya est\u00e1n logradas\u00bb y que ese \u00abera un punto importante que el gobernador gestion\u00f3 frente a la Agencia Nacional de Puertos y Navegaci\u00f3n\u00bb. En tal sentido, indic\u00f3 que ahora el protagonismo lo tiene la cooperativa y que desde el gobierno provincial se colaborar\u00e1 desde los organismos de Vialidad y Energ\u00eda para dotar de \u00abinfraestructura necesaria\u00bb al entorno de la construcci\u00f3n.<\/p>\n<p>Asimismo, el funcionario resalt\u00f3 que el proyecto se alinea con el Plan Estrat\u00e9gico para el Norte Entrerriano que el gobierno provincial tiene en su programa de acci\u00f3n. \u00abEs una visi\u00f3n de desarrollo del norte que es muy fuerte y muy importante\u00bb, se\u00f1al\u00f3.<\/p>\n<p>A su vez, el gerente de la Cooperativa Agropecuaria La Paz Limitada, <strong>Fabi\u00e1n Cardozo<\/strong>, valor\u00f3 que el gobernador \u00abhaya hecho gestiones a nivel nacional para conseguir la aprobaci\u00f3n de este puerto\u00bb y coment\u00f3 que, sobre esa base, la reuni\u00f3n posibilit\u00f3 \u00abactualizar la informaci\u00f3n, comentar respecto del proyecto y de las necesidades que como instituci\u00f3n tenemos en la articulaci\u00f3n con el gobierno en lo referente a obras conexas, accesos, energ\u00eda y todo lo que se necesita para su construcci\u00f3n\u00bb.<\/p>\n<p>Respecto al proyecto, Cardozo coincidi\u00f3 en que \u00absi bien la cooperativa hace mucho tiempo trabaja con cargas de cereales a trav\u00e9s del Paran\u00e1, el nuevo puerto mejorar\u00e1 las condiciones de embarque de los cereales y las de competitividad para los productores de nuestra zona\u00bb.<\/p>\n<p>Por \u00faltimo, coment\u00f3 que en el encuentro tambi\u00e9n se trat\u00f3 sobre cuestiones vinculadas con la log\u00edstica de r\u00edo y los caminos de la zona norte de la provincia -zona de influencia de la cooperativa-. \u00abSon necesidades que se tienen desde hace tiempo de mejoramiento de caminos rurales, puentes y accesos, que van a contribuir a la mejora de la producci\u00f3n del norte entrerriano\u00bb, insisti\u00f3 Cardozo.<\/p>\n<h6><em><strong>Del archivo:\u00a0<a href=\"https:\/\/informelitoral.com.ar\/el-gobierno-nacional-derogo-una-medida-que-limitaba-las-plantaciones-de-yerba-mate\/\" target=\"_blank\" rel=\"noopener\">El Gobierno nacional derog\u00f3 una medida que limitaba las plantaciones de yerba mate<\/a><\/strong><\/em><\/h6>\n","protected":false},"excerpt":{"rendered":"<p>Tras lograr la habilitaci\u00f3n nacional del proyecto, el gobernador Rogelio Frigerio trat\u00f3 este lunes con integrantes de la Cooperativa Agropecuaria La Paz Limitada la articulaci\u00f3n de tareas para construir otra terminal portuaria sobre el Paran\u00e1. La iniciativa mejorar\u00e1 la producci\u00f3n del norte entrerriano.<\/p>\n","protected":false},"author":8,"featured_media":218350,"comment_status":"open","ping_status":"open","sticky":false,"template":"","format":"standard","meta":{"fifu_image_url":"https:\/\/elonce-media.elonce.com\/fotos\/2025\/04\/14\/l_1744671077_48738.webp","fifu_image_alt":"","footnotes":""},"categories":[6],"tags":[687,5682,642,949],"class_list":{"0":"post-218349","1":"post","2":"type-post","3":"status-publish","4":"format-standard","5":"has-post-thumbnail","7":"category-entre-rios","8":"tag-la-paz","9":"tag-puerto-de-cereales","10":"tag-reunion","11":"tag-rogelio-frigerio"},"yoast_head":"<title>Frigerio y dirigentes rurales avanzaron en la puesta en marcha de un nuevo puerto cerealero en La Paz - Informe Litoral<\/title>\n<meta name=\"robots\" content=\"index, follow, max-snippet:-1, max-image-preview:large, max-video-preview:-1\" \/>\n<link rel=\"canonical\" href=\"https:\/\/informelitoral.com.ar\/frigerio-y-dirigentes-rurales-avanzaron-en-la-puesta-en-marcha-de-un-nuevo-puerto-cerealero-en-la-paz\/\" \/>\n<meta property=\"og:locale\" content=\"es_ES\" \/>\n<meta property=\"og:type\" content=\"article\" \/>\n<meta property=\"og:title\" content=\"Frigerio y dirigentes rurales avanzaron en la puesta en marcha de un nuevo puerto cerealero en La Paz - Informe Litoral\" \/>\n<meta property=\"og:description\" content=\"Tras lograr la habilitaci\u00f3n nacional del proyecto, el gobernador Rogelio Frigerio trat\u00f3 este lunes con integrantes de la Cooperativa Agropecuaria La Paz Limitada la articulaci\u00f3n de tareas para construir otra terminal portuaria sobre el Paran\u00e1. La iniciativa mejorar\u00e1 la producci\u00f3n del norte entrerriano.\" \/>\n<meta property=\"og:url\" content=\"https:\/\/informelitoral.com.ar\/frigerio-y-dirigentes-rurales-avanzaron-en-la-puesta-en-marcha-de-un-nuevo-puerto-cerealero-en-la-paz\/\" \/>\n<meta property=\"og:site_name\" content=\"Informe Litoral\" \/>\n<meta property=\"article:publisher\" content=\"https:\/\/www.facebook.com\/informelitoral\/\" \/>\n<meta property=\"article:published_time\" content=\"2025-04-15T09:52:16+00:00\" \/>\n<meta property=\"article:modified_time\" content=\"2025-04-15T10:34:34+00:00\" \/>\n<meta property=\"og:image\" content=\"https:\/\/elonce-media.elonce.com\/fotos\/2025\/04\/14\/l_1744671077_48738.webp\" \/><meta property=\"og:image\" content=\"https:\/\/elonce-media.elonce.com\/fotos\/2025\/04\/14\/l_1744671077_48738.webp\" \/>\n\t<meta property=\"og:image:width\" content=\"1200\" \/>\n\t<meta property=\"og:image:height\" content=\"800\" \/>\n\t<meta property=\"og:image:type\" content=\"image\/jpeg\" \/>\n<meta name=\"author\" content=\"Sebastian\" \/>\n<meta name=\"twitter:card\" content=\"summary_large_image\" \/>\n<meta name=\"twitter:image\" content=\"https:\/\/elonce-media.elonce.com\/fotos\/2025\/04\/14\/l_1744671077_48738.webp\" \/>\n<meta name=\"twitter:creator\" content=\"@InformeLitoral\" \/>\n<meta name=\"twitter:site\" content=\"@InformeLitoral\" \/>\n<meta name=\"twitter:label1\" content=\"Escrito por\" \/>\n\t<meta name=\"twitter:data1\" content=\"Sebastian\" \/>\n\t<meta name=\"twitter:label2\" content=\"Tiempo de lectura\" \/>\n\t<meta name=\"twitter:data2\" content=\"2 minutos\" \/>\n<script type=\"application\/ld+json\" class=\"yoast-schema-graph\">{\"@context\":\"https:\\\/\\\/schema.org\",\"@graph\":[{\"@type\":\"Article\",\"@id\":\"https:\\\/\\\/informelitoral.com.ar\\\/frigerio-y-dirigentes-rurales-avanzaron-en-la-puesta-en-marcha-de-un-nuevo-puerto-cerealero-en-la-paz\\\/#article\",\"isPartOf\":{\"@id\":\"https:\\\/\\\/informelitoral.com.ar\\\/frigerio-y-dirigentes-rurales-avanzaron-en-la-puesta-en-marcha-de-un-nuevo-puerto-cerealero-en-la-paz\\\/\"},\"author\":{\"name\":\"Sebastian\",\"@id\":\"https:\\\/\\\/informelitoral.com.ar\\\/#\\\/schema\\\/person\\\/f05f9f461677119578717524b127d6d5\"},\"headline\":\"Frigerio y dirigentes rurales avanzaron en la puesta en marcha de un nuevo puerto cerealero en La Paz\",\"datePublished\":\"2025-04-15T09:52:16+00:00\",\"dateModified\":\"2025-04-15T10:34:34+00:00\",\"mainEntityOfPage\":{\"@id\":\"https:\\\/\\\/informelitoral.com.ar\\\/frigerio-y-dirigentes-rurales-avanzaron-en-la-puesta-en-marcha-de-un-nuevo-puerto-cerealero-en-la-paz\\\/\"},\"wordCount\":367,\"commentCount\":0,\"publisher\":{\"@id\":\"https:\\\/\\\/informelitoral.com.ar\\\/#organization\"},\"image\":{\"@id\":\"https:\\\/\\\/informelitoral.com.ar\\\/frigerio-y-dirigentes-rurales-avanzaron-en-la-puesta-en-marcha-de-un-nuevo-puerto-cerealero-en-la-paz\\\/#primaryimage\"},\"thumbnailUrl\":\"https:\\\/\\\/elonce-media.elonce.com\\\/fotos\\\/2025\\\/04\\\/14\\\/l_1744671077_48738.webp\",\"keywords\":[\"La Paz\",\"Puerto de Cereales\",\"Reuni\u00f3n\",\"Rogelio Frigerio\"],\"articleSection\":[\"Entre R\u00edos\"],\"inLanguage\":\"es\",\"potentialAction\":[{\"@type\":\"CommentAction\",\"name\":\"Comment\",\"target\":[\"https:\\\/\\\/informelitoral.com.ar\\\/frigerio-y-dirigentes-rurales-avanzaron-en-la-puesta-en-marcha-de-un-nuevo-puerto-cerealero-en-la-paz\\\/#respond\"]}]},{\"@type\":\"WebPage\",\"@id\":\"https:\\\/\\\/informelitoral.com.ar\\\/frigerio-y-dirigentes-rurales-avanzaron-en-la-puesta-en-marcha-de-un-nuevo-puerto-cerealero-en-la-paz\\\/\",\"url\":\"https:\\\/\\\/informelitoral.com.ar\\\/frigerio-y-dirigentes-rurales-avanzaron-en-la-puesta-en-marcha-de-un-nuevo-puerto-cerealero-en-la-paz\\\/\",\"name\":\"Frigerio y dirigentes rurales avanzaron en la puesta en marcha de un nuevo puerto cerealero en La Paz - Informe Litoral\",\"isPartOf\":{\"@id\":\"https:\\\/\\\/informelitoral.com.ar\\\/#website\"},\"primaryImageOfPage\":{\"@id\":\"https:\\\/\\\/informelitoral.com.ar\\\/frigerio-y-dirigentes-rurales-avanzaron-en-la-puesta-en-marcha-de-un-nuevo-puerto-cerealero-en-la-paz\\\/#primaryimage\"},\"image\":{\"@id\":\"https:\\\/\\\/informelitoral.com.ar\\\/frigerio-y-dirigentes-rurales-avanzaron-en-la-puesta-en-marcha-de-un-nuevo-puerto-cerealero-en-la-paz\\\/#primaryimage\"},\"thumbnailUrl\":\"https:\\\/\\\/elonce-media.elonce.com\\\/fotos\\\/2025\\\/04\\\/14\\\/l_1744671077_48738.webp\",\"datePublished\":\"2025-04-15T09:52:16+00:00\",\"dateModified\":\"2025-04-15T10:34:34+00:00\",\"breadcrumb\":{\"@id\":\"https:\\\/\\\/informelitoral.com.ar\\\/frigerio-y-dirigentes-rurales-avanzaron-en-la-puesta-en-marcha-de-un-nuevo-puerto-cerealero-en-la-paz\\\/#breadcrumb\"},\"inLanguage\":\"es\",\"potentialAction\":[{\"@type\":\"ReadAction\",\"target\":[\"https:\\\/\\\/informelitoral.com.ar\\\/frigerio-y-dirigentes-rurales-avanzaron-en-la-puesta-en-marcha-de-un-nuevo-puerto-cerealero-en-la-paz\\\/\"]}]},{\"@type\":\"ImageObject\",\"inLanguage\":\"es\",\"@id\":\"https:\\\/\\\/informelitoral.com.ar\\\/frigerio-y-dirigentes-rurales-avanzaron-en-la-puesta-en-marcha-de-un-nuevo-puerto-cerealero-en-la-paz\\\/#primaryimage\",\"url\":\"https:\\\/\\\/elonce-media.elonce.com\\\/fotos\\\/2025\\\/04\\\/14\\\/l_1744671077_48738.webp\",\"contentUrl\":\"https:\\\/\\\/elonce-media.elonce.com\\\/fotos\\\/2025\\\/04\\\/14\\\/l_1744671077_48738.webp\",\"width\":\"1200\",\"height\":\"800\"},{\"@type\":\"BreadcrumbList\",\"@id\":\"https:\\\/\\\/informelitoral.com.ar\\\/frigerio-y-dirigentes-rurales-avanzaron-en-la-puesta-en-marcha-de-un-nuevo-puerto-cerealero-en-la-paz\\\/#breadcrumb\",\"itemListElement\":[{\"@type\":\"ListItem\",\"position\":1,\"name\":\"Portada\",\"item\":\"https:\\\/\\\/informelitoral.com.ar\\\/\"},{\"@type\":\"ListItem\",\"position\":2,\"name\":\"Frigerio y dirigentes rurales avanzaron en la puesta en marcha de un nuevo puerto cerealero en La Paz\"}]},{\"@type\":\"WebSite\",\"@id\":\"https:\\\/\\\/informelitoral.com.ar\\\/#website\",\"url\":\"https:\\\/\\\/informelitoral.com.ar\\\/\",\"name\":\"Informe Litoral\",\"description\":\"&quot;Nos informamos&quot; \",\"publisher\":{\"@id\":\"https:\\\/\\\/informelitoral.com.ar\\\/#organization\"},\"potentialAction\":[{\"@type\":\"SearchAction\",\"target\":{\"@type\":\"EntryPoint\",\"urlTemplate\":\"https:\\\/\\\/informelitoral.com.ar\\\/?s={search_term_string}\"},\"query-input\":{\"@type\":\"PropertyValueSpecification\",\"valueRequired\":true,\"valueName\":\"search_term_string\"}}],\"inLanguage\":\"es\"},{\"@type\":\"Organization\",\"@id\":\"https:\\\/\\\/informelitoral.com.ar\\\/#organization\",\"name\":\"Informe Litoral\",\"url\":\"https:\\\/\\\/informelitoral.com.ar\\\/\",\"logo\":{\"@type\":\"ImageObject\",\"inLanguage\":\"es\",\"@id\":\"https:\\\/\\\/informelitoral.com.ar\\\/#\\\/schema\\\/logo\\\/image\\\/\",\"url\":\"https:\\\/\\\/informelitoral.com.ar\\\/%77%70%2d%63%6f%6e%74%65%6e%74\\\/uploads\\\/2021\\\/01\\\/circulo.png\",\"contentUrl\":\"https:\\\/\\\/informelitoral.com.ar\\\/%77%70%2d%63%6f%6e%74%65%6e%74\\\/uploads\\\/2021\\\/01\\\/circulo.png\",\"width\":723,\"height\":731,\"caption\":\"Informe Litoral\"},\"image\":{\"@id\":\"https:\\\/\\\/informelitoral.com.ar\\\/#\\\/schema\\\/logo\\\/image\\\/\"},\"sameAs\":[\"https:\\\/\\\/www.facebook.com\\\/informelitoral\\\/\",\"https:\\\/\\\/x.com\\\/InformeLitoral\",\"https:\\\/\\\/www.instagram.com\\\/informelitoral\\\/\",\"https:\\\/\\\/www.youtube.com\\\/channel\\\/UCua4Qvz8Icb6MYqhoq9xLXw\"]},{\"@type\":\"Person\",\"@id\":\"https:\\\/\\\/informelitoral.com.ar\\\/#\\\/schema\\\/person\\\/f05f9f461677119578717524b127d6d5\",\"name\":\"Sebastian\",\"image\":{\"@type\":\"ImageObject\",\"inLanguage\":\"es\",\"@id\":\"https:\\\/\\\/secure.gravatar.com\\\/avatar\\\/b71bf7481d447dfb9583c7f2798e7cc64de6efb9067b74633ed8c31059a3bd82?s=96&d=mm&r=g\",\"url\":\"https:\\\/\\\/secure.gravatar.com\\\/avatar\\\/b71bf7481d447dfb9583c7f2798e7cc64de6efb9067b74633ed8c31059a3bd82?s=96&d=mm&r=g\",\"contentUrl\":\"https:\\\/\\\/secure.gravatar.com\\\/avatar\\\/b71bf7481d447dfb9583c7f2798e7cc64de6efb9067b74633ed8c31059a3bd82?s=96&d=mm&r=g\",\"caption\":\"Sebastian\"},\"url\":\"https:\\\/\\\/informelitoral.com.ar\\\/author\\\/sebastian\\\/\"}]}<\/script>","yoast_head_json":{"title":"Frigerio y dirigentes rurales avanzaron en la puesta en marcha de un nuevo puerto cerealero en La Paz - Informe Litoral","robots":{"index":"index","follow":"follow","max-snippet":"max-snippet:-1","max-image-preview":"max-image-preview:large","max-video-preview":"max-video-preview:-1"},"canonical":"https:\/\/informelitoral.com.ar\/frigerio-y-dirigentes-rurales-avanzaron-en-la-puesta-en-marcha-de-un-nuevo-puerto-cerealero-en-la-paz\/","og_locale":"es_ES","og_type":"article","og_title":"Frigerio y dirigentes rurales avanzaron en la puesta en marcha de un nuevo puerto cerealero en La Paz - Informe Litoral","og_description":"Tras lograr la habilitaci\u00f3n nacional del proyecto, el gobernador Rogelio Frigerio trat\u00f3 este lunes con integrantes de la Cooperativa Agropecuaria La Paz Limitada la articulaci\u00f3n de tareas para construir otra terminal portuaria sobre el Paran\u00e1. La iniciativa mejorar\u00e1 la producci\u00f3n del norte entrerriano.","og_url":"https:\/\/informelitoral.com.ar\/frigerio-y-dirigentes-rurales-avanzaron-en-la-puesta-en-marcha-de-un-nuevo-puerto-cerealero-en-la-paz\/","og_site_name":"Informe Litoral","article_publisher":"https:\/\/www.facebook.com\/informelitoral\/","article_published_time":"2025-04-15T09:52:16+00:00","article_modified_time":"2025-04-15T10:34:34+00:00","og_image":[{"url":"https:\/\/elonce-media.elonce.com\/fotos\/2025\/04\/14\/l_1744671077_48738.webp","type":"","width":"","height":""},{"width":1200,"height":800,"url":"https:\/\/elonce-media.elonce.com\/fotos\/2025\/04\/14\/l_1744671077_48738.webp","type":"image\/jpeg"}],"author":"Sebastian","twitter_card":"summary_large_image","twitter_image":"https:\/\/elonce-media.elonce.com\/fotos\/2025\/04\/14\/l_1744671077_48738.webp","twitter_creator":"@InformeLitoral","twitter_site":"@InformeLitoral","twitter_misc":{"Escrito por":"Sebastian","Tiempo de lectura":"2 minutos"},"schema":{"@context":"https:\/\/schema.org","@graph":[{"@type":"Article","@id":"https:\/\/informelitoral.com.ar\/frigerio-y-dirigentes-rurales-avanzaron-en-la-puesta-en-marcha-de-un-nuevo-puerto-cerealero-en-la-paz\/#article","isPartOf":{"@id":"https:\/\/informelitoral.com.ar\/frigerio-y-dirigentes-rurales-avanzaron-en-la-puesta-en-marcha-de-un-nuevo-puerto-cerealero-en-la-paz\/"},"author":{"name":"Sebastian","@id":"https:\/\/informelitoral.com.ar\/#\/schema\/person\/f05f9f461677119578717524b127d6d5"},"headline":"Frigerio y dirigentes rurales avanzaron en la puesta en marcha de un nuevo puerto cerealero en La Paz","datePublished":"2025-04-15T09:52:16+00:00","dateModified":"2025-04-15T10:34:34+00:00","mainEntityOfPage":{"@id":"https:\/\/informelitoral.com.ar\/frigerio-y-dirigentes-rurales-avanzaron-en-la-puesta-en-marcha-de-un-nuevo-puerto-cerealero-en-la-paz\/"},"wordCount":367,"commentCount":0,"publisher":{"@id":"https:\/\/informelitoral.com.ar\/#organization"},"image":{"@id":"https:\/\/informelitoral.com.ar\/frigerio-y-dirigentes-rurales-avanzaron-en-la-puesta-en-marcha-de-un-nuevo-puerto-cerealero-en-la-paz\/#primaryimage"},"thumbnailUrl":"https:\/\/elonce-media.elonce.com\/fotos\/2025\/04\/14\/l_1744671077_48738.webp","keywords":["La Paz","Puerto de Cereales","Reuni\u00f3n","Rogelio Frigerio"],"articleSection":["Entre R\u00edos"],"inLanguage":"es","potentialAction":[{"@type":"CommentAction","name":"Comment","target":["https:\/\/informelitoral.com.ar\/frigerio-y-dirigentes-rurales-avanzaron-en-la-puesta-en-marcha-de-un-nuevo-puerto-cerealero-en-la-paz\/#respond"]}]},{"@type":"WebPage","@id":"https:\/\/informelitoral.com.ar\/frigerio-y-dirigentes-rurales-avanzaron-en-la-puesta-en-marcha-de-un-nuevo-puerto-cerealero-en-la-paz\/","url":"https:\/\/informelitoral.com.ar\/frigerio-y-dirigentes-rurales-avanzaron-en-la-puesta-en-marcha-de-un-nuevo-puerto-cerealero-en-la-paz\/","name":"Frigerio y dirigentes rurales avanzaron en la puesta en marcha de un nuevo puerto cerealero en La Paz - Informe Litoral","isPartOf":{"@id":"https:\/\/informelitoral.com.ar\/#website"},"primaryImageOfPage":{"@id":"https:\/\/informelitoral.com.ar\/frigerio-y-dirigentes-rurales-avanzaron-en-la-puesta-en-marcha-de-un-nuevo-puerto-cerealero-en-la-paz\/#primaryimage"},"image":{"@id":"https:\/\/informelitoral.com.ar\/frigerio-y-dirigentes-rurales-avanzaron-en-la-puesta-en-marcha-de-un-nuevo-puerto-cerealero-en-la-paz\/#primaryimage"},"thumbnailUrl":"https:\/\/elonce-media.elonce.com\/fotos\/2025\/04\/14\/l_1744671077_48738.webp","datePublished":"2025-04-15T09:52:16+00:00","dateModified":"2025-04-15T10:34:34+00:00","breadcrumb":{"@id":"https:\/\/informelitoral.com.ar\/frigerio-y-dirigentes-rurales-avanzaron-en-la-puesta-en-marcha-de-un-nuevo-puerto-cerealero-en-la-paz\/#breadcrumb"},"inLanguage":"es","potentialAction":[{"@type":"ReadAction","target":["https:\/\/informelitoral.com.ar\/frigerio-y-dirigentes-rurales-avanzaron-en-la-puesta-en-marcha-de-un-nuevo-puerto-cerealero-en-la-paz\/"]}]},{"@type":"ImageObject","inLanguage":"es","@id":"https:\/\/informelitoral.com.ar\/frigerio-y-dirigentes-rurales-avanzaron-en-la-puesta-en-marcha-de-un-nuevo-puerto-cerealero-en-la-paz\/#primaryimage","url":"https:\/\/elonce-media.elonce.com\/fotos\/2025\/04\/14\/l_1744671077_48738.webp","contentUrl":"https:\/\/elonce-media.elonce.com\/fotos\/2025\/04\/14\/l_1744671077_48738.webp","width":"1200","height":"800"},{"@type":"BreadcrumbList","@id":"https:\/\/informelitoral.com.ar\/frigerio-y-dirigentes-rurales-avanzaron-en-la-puesta-en-marcha-de-un-nuevo-puerto-cerealero-en-la-paz\/#breadcrumb","itemListElement":[{"@type":"ListItem","position":1,"name":"Portada","item":"https:\/\/informelitoral.com.ar\/"},{"@type":"ListItem","position":2,"name":"Frigerio y dirigentes rurales avanzaron en la puesta en marcha de un nuevo puerto cerealero en La Paz"}]},{"@type":"WebSite","@id":"https:\/\/informelitoral.com.ar\/#website","url":"https:\/\/informelitoral.com.ar\/","name":"Informe Litoral","description":"&quot;Nos informamos&quot; ","publisher":{"@id":"https:\/\/informelitoral.com.ar\/#organization"},"potentialAction":[{"@type":"SearchAction","target":{"@type":"EntryPoint","urlTemplate":"https:\/\/informelitoral.com.ar\/?s={search_term_string}"},"query-input":{"@type":"PropertyValueSpecification","valueRequired":true,"valueName":"search_term_string"}}],"inLanguage":"es"},{"@type":"Organization","@id":"https:\/\/informelitoral.com.ar\/#organization","name":"Informe Litoral","url":"https:\/\/informelitoral.com.ar\/","logo":{"@type":"ImageObject","inLanguage":"es","@id":"https:\/\/informelitoral.com.ar\/#\/schema\/logo\/image\/","url":"https:\/\/informelitoral.com.ar\/%77%70%2d%63%6f%6e%74%65%6e%74\/uploads\/2021\/01\/circulo.png","contentUrl":"https:\/\/informelitoral.com.ar\/%77%70%2d%63%6f%6e%74%65%6e%74\/uploads\/2021\/01\/circulo.png","width":723,"height":731,"caption":"Informe Litoral"},"image":{"@id":"https:\/\/informelitoral.com.ar\/#\/schema\/logo\/image\/"},"sameAs":["https:\/\/www.facebook.com\/informelitoral\/","https:\/\/x.com\/InformeLitoral","https:\/\/www.instagram.com\/informelitoral\/","https:\/\/www.youtube.com\/channel\/UCua4Qvz8Icb6MYqhoq9xLXw"]},{"@type":"Person","@id":"https:\/\/informelitoral.com.ar\/#\/schema\/person\/f05f9f461677119578717524b127d6d5","name":"Sebastian","image":{"@type":"ImageObject","inLanguage":"es","@id":"https:\/\/secure.gravatar.com\/avatar\/b71bf7481d447dfb9583c7f2798e7cc64de6efb9067b74633ed8c31059a3bd82?s=96&d=mm&r=g","url":"https:\/\/secure.gravatar.com\/avatar\/b71bf7481d447dfb9583c7f2798e7cc64de6efb9067b74633ed8c31059a3bd82?s=96&d=mm&r=g","contentUrl":"https:\/\/secure.gravatar.com\/avatar\/b71bf7481d447dfb9583c7f2798e7cc64de6efb9067b74633ed8c31059a3bd82?s=96&d=mm&r=g","caption":"Sebastian"},"url":"https:\/\/informelitoral.com.ar\/author\/sebastian\/"}]}},"fifu_image_url":"https:\/\/elonce-media.elonce.com\/fotos\/2025\/04\/14\/l_1744671077_48738.webp","_links":{"self":[{"href":"https:\/\/informelitoral.com.ar\/%77%70%2d%6a%73%6f%6e\/wp\/v2\/posts\/218349","targetHints":{"allow":["GET"]}}],"collection":[{"href":"https:\/\/informelitoral.com.ar\/%77%70%2d%6a%73%6f%6e\/wp\/v2\/posts"}],"about":[{"href":"https:\/\/informelitoral.com.ar\/%77%70%2d%6a%73%6f%6e\/wp\/v2\/types\/post"}],"author":[{"embeddable":true,"href":"https:\/\/informelitoral.com.ar\/%77%70%2d%6a%73%6f%6e\/wp\/v2\/users\/8"}],"replies":[{"embeddable":true,"href":"https:\/\/informelitoral.com.ar\/%77%70%2d%6a%73%6f%6e\/wp\/v2\/comments?post=218349"}],"version-history":[{"count":0,"href":"https:\/\/informelitoral.com.ar\/%77%70%2d%6a%73%6f%6e\/wp\/v2\/posts\/218349\/revisions"}],"wp:featuredmedia":[{"embeddable":true,"href":"https:\/\/informelitoral.com.ar\/%77%70%2d%6a%73%6f%6e\/wp\/v2\/media\/218350"}],"wp:attachment":[{"href":"https:\/\/informelitoral.com.ar\/%77%70%2d%6a%73%6f%6e\/wp\/v2\/media?parent=218349"}],"wp:term":[{"taxonomy":"category","embeddable":true,"href":"https:\/\/informelitoral.com.ar\/%77%70%2d%6a%73%6f%6e\/wp\/v2\/categories?post=218349"},{"taxonomy":"post_tag","embeddable":true,"href":"https:\/\/informelitoral.com.ar\/%77%70%2d%6a%73%6f%6e\/wp\/v2\/tags?post=218349"}],"curies":[{"name":"wp","href":"https:\/\/api.w.org\/{rel}","templated":true}]}}