{"id":218340,"date":"2025-04-15T06:27:58","date_gmt":"2025-04-15T09:27:58","guid":{"rendered":"https:\/\/informelitoral.com.ar\/?p=218340"},"modified":"2025-04-15T06:27:58","modified_gmt":"2025-04-15T09:27:58","slug":"no-se-pronostican-lluvias-para-lo-que-falta-de-la-semana","status":"publish","type":"post","link":"https:\/\/informelitoral.com.ar\/no-se-pronostican-lluvias-para-lo-que-falta-de-la-semana\/","title":{"rendered":"No se pronostican lluvias para lo que falta de la semana"},"content":{"rendered":"<p>La semana comenz\u00f3 con tiempo oto\u00f1al instalado a lo largo de la Rep\u00fablica Argentina. \u201cUn eje de altas presiones en superficie se extiende con buen tiempo asociado desde el sur de la Patagonia hacia la provincia de Buenos Aires\u201d, describi\u00f3 el meteor\u00f3logo, Christian Garavaglia.<\/p>\n<p>\u201cHacia el norte y hacia el oeste del territorio nacional el viento dominante, dada la posici\u00f3n del anticicl\u00f3n, es del noreste o del este, y las temperaturas son ligeramente mayores, normales para la \u00e9poca, en el rango de fr\u00edas a frescas en la ma\u00f1ana\u201d, se\u00f1al\u00f3 el especialista.<\/p>\n<p>En ese marco, adelant\u00f3 que \u201ca lo largo del martes continuar\u00e1 el avance hacia el este de un sistema de mal tiempo, con lluvias y tormentas afectando probablemente desde las primeras horas San Luis, buena parte de C\u00f3rdoba, y todo el sur, centro y noroeste bonaerense\u201d.<\/p>\n<p><b>En el caso de Entre R\u00edos, para hoy se prev\u00e9 nubosidad variable con registros t\u00e9rmicos m\u00e1ximos de 23 grados.<\/b><\/p>\n<h2><strong>El pron\u00f3stico<\/strong><\/h2>\n<p><b>Para el mi\u00e9rcoles<\/b>\u00a0<b>se espera una jornada mayormente soleada<\/b>\u00a0sobre el territorio entrerriano, con temperaturas m\u00ednimas de 15 a 17 grados, mientras que por la tarde podr\u00edan llegar a superar los 25 grados.<\/p>\n<p>Por su parte,\u00a0<b>para el Jueves Santo se anuncian buenas condiciones de tiempo<\/b> con marcas en los term\u00f3metros que ir\u00e1n de 14 a 25 grados.<\/p>\n<p><b>El Viernes Santo habr\u00e1 mayor nubosidad y empezar\u00e1 a ingresar aire m\u00e1s fr\u00edo<\/b>\u00a0a nuestra zona. Las m\u00e1ximas estar\u00e1n en unos 25 grados.<\/p>\n<p><b>Para el s\u00e1bado se pronostican vientos fuertes de sur, los cuales har\u00e1n descender m\u00e1s los registros t\u00e9rmicos<\/b>, con m\u00ednimas de 12 y m\u00e1ximas de 21 grados. Similares condiciones se repetir\u00edan el Domingo de Pascuas.<em> (Con informaci\u00f3n de Elonce, Meteored y Servicio Meteorol\u00f3gico Nacional)<\/em><\/p>\n","protected":false},"excerpt":{"rendered":"<p>En Entre R\u00edos y varias provincias contin\u00faa la estabilidad. Con algunas nubes, para este martes se prev\u00e9n 23 grados en la provincia. Qu\u00e9 pasar\u00e1 en los pr\u00f3ximos d\u00edas. <\/p>\n","protected":false},"author":2,"featured_media":85761,"comment_status":"open","ping_status":"open","sticky":false,"template":"","format":"standard","meta":{"fifu_image_url":"","fifu_image_alt":"","footnotes":""},"categories":[7],"tags":[38,2759],"class_list":{"0":"post-218340","1":"post","2":"type-post","3":"status-publish","4":"format-standard","5":"has-post-thumbnail","7":"category-nacionales","8":"tag-el-tiempo","9":"tag-pronostico-del-tiempo"},"yoast_head":"<title>No se pronostican lluvias para lo que falta de la semana - Informe Litoral<\/title>\n<meta name=\"robots\" content=\"index, follow, max-snippet:-1, max-image-preview:large, max-video-preview:-1\" \/>\n<link rel=\"canonical\" href=\"https:\/\/informelitoral.com.ar\/no-se-pronostican-lluvias-para-lo-que-falta-de-la-semana\/\" \/>\n<meta property=\"og:locale\" content=\"es_ES\" \/>\n<meta property=\"og:type\" content=\"article\" \/>\n<meta property=\"og:title\" content=\"No se pronostican lluvias para lo que falta de la semana - Informe Litoral\" \/>\n<meta property=\"og:description\" content=\"En Entre R\u00edos y varias provincias contin\u00faa la estabilidad. Con algunas nubes, para este martes se prev\u00e9n 23 grados en la provincia. Qu\u00e9 pasar\u00e1 en los pr\u00f3ximos d\u00edas.\" \/>\n<meta property=\"og:url\" content=\"https:\/\/informelitoral.com.ar\/no-se-pronostican-lluvias-para-lo-que-falta-de-la-semana\/\" \/>\n<meta property=\"og:site_name\" content=\"Informe Litoral\" \/>\n<meta property=\"article:publisher\" content=\"https:\/\/www.facebook.com\/informelitoral\/\" \/>\n<meta property=\"article:published_time\" content=\"2025-04-15T09:27:58+00:00\" \/>\n<meta property=\"og:image\" content=\"https:\/\/informelitoral.com.ar\/%77%70%2d%63%6f%6e%74%65%6e%74\/uploads\/2022\/09\/soli1-696x497-1.jpg\" \/>\n\t<meta property=\"og:image:width\" content=\"696\" \/>\n\t<meta property=\"og:image:height\" content=\"497\" \/>\n\t<meta property=\"og:image:type\" content=\"image\/jpeg\" \/>\n<meta name=\"author\" content=\"Gonzalo Schmidt\" \/>\n<meta name=\"twitter:card\" content=\"summary_large_image\" \/>\n<meta name=\"twitter:creator\" content=\"@InformeLitoral\" \/>\n<meta name=\"twitter:site\" content=\"@InformeLitoral\" \/>\n<meta name=\"twitter:label1\" content=\"Escrito por\" \/>\n\t<meta name=\"twitter:data1\" content=\"Gonzalo Schmidt\" \/>\n\t<meta name=\"twitter:label2\" content=\"Tiempo de lectura\" \/>\n\t<meta name=\"twitter:data2\" content=\"2 minutos\" \/>\n<script type=\"application\/ld+json\" class=\"yoast-schema-graph\">{\"@context\":\"https:\\\/\\\/schema.org\",\"@graph\":[{\"@type\":\"Article\",\"@id\":\"https:\\\/\\\/informelitoral.com.ar\\\/no-se-pronostican-lluvias-para-lo-que-falta-de-la-semana\\\/#article\",\"isPartOf\":{\"@id\":\"https:\\\/\\\/informelitoral.com.ar\\\/no-se-pronostican-lluvias-para-lo-que-falta-de-la-semana\\\/\"},\"author\":{\"name\":\"Gonzalo Schmidt\",\"@id\":\"https:\\\/\\\/informelitoral.com.ar\\\/#\\\/schema\\\/person\\\/b9d00407c836482871ef1d57bf8e3180\"},\"headline\":\"No se pronostican lluvias para lo que falta de la semana\",\"datePublished\":\"2025-04-15T09:27:58+00:00\",\"mainEntityOfPage\":{\"@id\":\"https:\\\/\\\/informelitoral.com.ar\\\/no-se-pronostican-lluvias-para-lo-que-falta-de-la-semana\\\/\"},\"wordCount\":315,\"commentCount\":0,\"publisher\":{\"@id\":\"https:\\\/\\\/informelitoral.com.ar\\\/#organization\"},\"image\":{\"@id\":\"https:\\\/\\\/informelitoral.com.ar\\\/no-se-pronostican-lluvias-para-lo-que-falta-de-la-semana\\\/#primaryimage\"},\"thumbnailUrl\":\"https:\\\/\\\/informelitoral.com.ar\\\/%77%70%2d%63%6f%6e%74%65%6e%74\\\/uploads\\\/2022\\\/09\\\/soli1-696x497-1.jpg\",\"keywords\":[\"El tiempo\",\"Pron\u00f3stico del tiempo\"],\"articleSection\":[\"Nacionales\"],\"inLanguage\":\"es\",\"potentialAction\":[{\"@type\":\"CommentAction\",\"name\":\"Comment\",\"target\":[\"https:\\\/\\\/informelitoral.com.ar\\\/no-se-pronostican-lluvias-para-lo-que-falta-de-la-semana\\\/#respond\"]}]},{\"@type\":\"WebPage\",\"@id\":\"https:\\\/\\\/informelitoral.com.ar\\\/no-se-pronostican-lluvias-para-lo-que-falta-de-la-semana\\\/\",\"url\":\"https:\\\/\\\/informelitoral.com.ar\\\/no-se-pronostican-lluvias-para-lo-que-falta-de-la-semana\\\/\",\"name\":\"No se pronostican lluvias para lo que falta de la semana - Informe Litoral\",\"isPartOf\":{\"@id\":\"https:\\\/\\\/informelitoral.com.ar\\\/#website\"},\"primaryImageOfPage\":{\"@id\":\"https:\\\/\\\/informelitoral.com.ar\\\/no-se-pronostican-lluvias-para-lo-que-falta-de-la-semana\\\/#primaryimage\"},\"image\":{\"@id\":\"https:\\\/\\\/informelitoral.com.ar\\\/no-se-pronostican-lluvias-para-lo-que-falta-de-la-semana\\\/#primaryimage\"},\"thumbnailUrl\":\"https:\\\/\\\/informelitoral.com.ar\\\/%77%70%2d%63%6f%6e%74%65%6e%74\\\/uploads\\\/2022\\\/09\\\/soli1-696x497-1.jpg\",\"datePublished\":\"2025-04-15T09:27:58+00:00\",\"breadcrumb\":{\"@id\":\"https:\\\/\\\/informelitoral.com.ar\\\/no-se-pronostican-lluvias-para-lo-que-falta-de-la-semana\\\/#breadcrumb\"},\"inLanguage\":\"es\",\"potentialAction\":[{\"@type\":\"ReadAction\",\"target\":[\"https:\\\/\\\/informelitoral.com.ar\\\/no-se-pronostican-lluvias-para-lo-que-falta-de-la-semana\\\/\"]}]},{\"@type\":\"ImageObject\",\"inLanguage\":\"es\",\"@id\":\"https:\\\/\\\/informelitoral.com.ar\\\/no-se-pronostican-lluvias-para-lo-que-falta-de-la-semana\\\/#primaryimage\",\"url\":\"https:\\\/\\\/informelitoral.com.ar\\\/%77%70%2d%63%6f%6e%74%65%6e%74\\\/uploads\\\/2022\\\/09\\\/soli1-696x497-1.jpg\",\"contentUrl\":\"https:\\\/\\\/informelitoral.com.ar\\\/%77%70%2d%63%6f%6e%74%65%6e%74\\\/uploads\\\/2022\\\/09\\\/soli1-696x497-1.jpg\",\"width\":696,\"height\":497},{\"@type\":\"BreadcrumbList\",\"@id\":\"https:\\\/\\\/informelitoral.com.ar\\\/no-se-pronostican-lluvias-para-lo-que-falta-de-la-semana\\\/#breadcrumb\",\"itemListElement\":[{\"@type\":\"ListItem\",\"position\":1,\"name\":\"Portada\",\"item\":\"https:\\\/\\\/informelitoral.com.ar\\\/\"},{\"@type\":\"ListItem\",\"position\":2,\"name\":\"No se pronostican lluvias para lo que falta de la semana\"}]},{\"@type\":\"WebSite\",\"@id\":\"https:\\\/\\\/informelitoral.com.ar\\\/#website\",\"url\":\"https:\\\/\\\/informelitoral.com.ar\\\/\",\"name\":\"Informe Litoral\",\"description\":\"&quot;Nos informamos&quot; \",\"publisher\":{\"@id\":\"https:\\\/\\\/informelitoral.com.ar\\\/#organization\"},\"potentialAction\":[{\"@type\":\"SearchAction\",\"target\":{\"@type\":\"EntryPoint\",\"urlTemplate\":\"https:\\\/\\\/informelitoral.com.ar\\\/?s={search_term_string}\"},\"query-input\":{\"@type\":\"PropertyValueSpecification\",\"valueRequired\":true,\"valueName\":\"search_term_string\"}}],\"inLanguage\":\"es\"},{\"@type\":\"Organization\",\"@id\":\"https:\\\/\\\/informelitoral.com.ar\\\/#organization\",\"name\":\"Informe Litoral\",\"url\":\"https:\\\/\\\/informelitoral.com.ar\\\/\",\"logo\":{\"@type\":\"ImageObject\",\"inLanguage\":\"es\",\"@id\":\"https:\\\/\\\/informelitoral.com.ar\\\/#\\\/schema\\\/logo\\\/image\\\/\",\"url\":\"https:\\\/\\\/informelitoral.com.ar\\\/%77%70%2d%63%6f%6e%74%65%6e%74\\\/uploads\\\/2021\\\/01\\\/circulo.png\",\"contentUrl\":\"https:\\\/\\\/informelitoral.com.ar\\\/%77%70%2d%63%6f%6e%74%65%6e%74\\\/uploads\\\/2021\\\/01\\\/circulo.png\",\"width\":723,\"height\":731,\"caption\":\"Informe Litoral\"},\"image\":{\"@id\":\"https:\\\/\\\/informelitoral.com.ar\\\/#\\\/schema\\\/logo\\\/image\\\/\"},\"sameAs\":[\"https:\\\/\\\/www.facebook.com\\\/informelitoral\\\/\",\"https:\\\/\\\/x.com\\\/InformeLitoral\",\"https:\\\/\\\/www.instagram.com\\\/informelitoral\\\/\",\"https:\\\/\\\/www.youtube.com\\\/channel\\\/UCua4Qvz8Icb6MYqhoq9xLXw\"]},{\"@type\":\"Person\",\"@id\":\"https:\\\/\\\/informelitoral.com.ar\\\/#\\\/schema\\\/person\\\/b9d00407c836482871ef1d57bf8e3180\",\"name\":\"Gonzalo Schmidt\",\"image\":{\"@type\":\"ImageObject\",\"inLanguage\":\"es\",\"@id\":\"https:\\\/\\\/secure.gravatar.com\\\/avatar\\\/31a1a7b66ff2de83bd0e9fd79d026630d2d99e55e8bfe501287647b4fd9743de?s=96&d=mm&r=g\",\"url\":\"https:\\\/\\\/secure.gravatar.com\\\/avatar\\\/31a1a7b66ff2de83bd0e9fd79d026630d2d99e55e8bfe501287647b4fd9743de?s=96&d=mm&r=g\",\"contentUrl\":\"https:\\\/\\\/secure.gravatar.com\\\/avatar\\\/31a1a7b66ff2de83bd0e9fd79d026630d2d99e55e8bfe501287647b4fd9743de?s=96&d=mm&r=g\",\"caption\":\"Gonzalo Schmidt\"},\"description\":\"Sitio web de noticias de la provincia de Entre R\u00edos, Argentina. Informaci\u00f3n y entretenimiento. Informe Litoral, nos informamos.\",\"sameAs\":[\"http:\\\/\\\/www.isletasnoticias.com.ar\"],\"url\":\"https:\\\/\\\/informelitoral.com.ar\\\/author\\\/gonzalo\\\/\"}]}<\/script>","yoast_head_json":{"title":"No se pronostican lluvias para lo que falta de la semana - Informe Litoral","robots":{"index":"index","follow":"follow","max-snippet":"max-snippet:-1","max-image-preview":"max-image-preview:large","max-video-preview":"max-video-preview:-1"},"canonical":"https:\/\/informelitoral.com.ar\/no-se-pronostican-lluvias-para-lo-que-falta-de-la-semana\/","og_locale":"es_ES","og_type":"article","og_title":"No se pronostican lluvias para lo que falta de la semana - Informe Litoral","og_description":"En Entre R\u00edos y varias provincias contin\u00faa la estabilidad. Con algunas nubes, para este martes se prev\u00e9n 23 grados en la provincia. Qu\u00e9 pasar\u00e1 en los pr\u00f3ximos d\u00edas.","og_url":"https:\/\/informelitoral.com.ar\/no-se-pronostican-lluvias-para-lo-que-falta-de-la-semana\/","og_site_name":"Informe Litoral","article_publisher":"https:\/\/www.facebook.com\/informelitoral\/","article_published_time":"2025-04-15T09:27:58+00:00","og_image":[{"width":696,"height":497,"url":"https:\/\/informelitoral.com.ar\/%77%70%2d%63%6f%6e%74%65%6e%74\/uploads\/2022\/09\/soli1-696x497-1.jpg","type":"image\/jpeg"}],"author":"Gonzalo Schmidt","twitter_card":"summary_large_image","twitter_creator":"@InformeLitoral","twitter_site":"@InformeLitoral","twitter_misc":{"Escrito por":"Gonzalo Schmidt","Tiempo de lectura":"2 minutos"},"schema":{"@context":"https:\/\/schema.org","@graph":[{"@type":"Article","@id":"https:\/\/informelitoral.com.ar\/no-se-pronostican-lluvias-para-lo-que-falta-de-la-semana\/#article","isPartOf":{"@id":"https:\/\/informelitoral.com.ar\/no-se-pronostican-lluvias-para-lo-que-falta-de-la-semana\/"},"author":{"name":"Gonzalo Schmidt","@id":"https:\/\/informelitoral.com.ar\/#\/schema\/person\/b9d00407c836482871ef1d57bf8e3180"},"headline":"No se pronostican lluvias para lo que falta de la semana","datePublished":"2025-04-15T09:27:58+00:00","mainEntityOfPage":{"@id":"https:\/\/informelitoral.com.ar\/no-se-pronostican-lluvias-para-lo-que-falta-de-la-semana\/"},"wordCount":315,"commentCount":0,"publisher":{"@id":"https:\/\/informelitoral.com.ar\/#organization"},"image":{"@id":"https:\/\/informelitoral.com.ar\/no-se-pronostican-lluvias-para-lo-que-falta-de-la-semana\/#primaryimage"},"thumbnailUrl":"https:\/\/informelitoral.com.ar\/%77%70%2d%63%6f%6e%74%65%6e%74\/uploads\/2022\/09\/soli1-696x497-1.jpg","keywords":["El tiempo","Pron\u00f3stico del tiempo"],"articleSection":["Nacionales"],"inLanguage":"es","potentialAction":[{"@type":"CommentAction","name":"Comment","target":["https:\/\/informelitoral.com.ar\/no-se-pronostican-lluvias-para-lo-que-falta-de-la-semana\/#respond"]}]},{"@type":"WebPage","@id":"https:\/\/informelitoral.com.ar\/no-se-pronostican-lluvias-para-lo-que-falta-de-la-semana\/","url":"https:\/\/informelitoral.com.ar\/no-se-pronostican-lluvias-para-lo-que-falta-de-la-semana\/","name":"No se pronostican lluvias para lo que falta de la semana - Informe Litoral","isPartOf":{"@id":"https:\/\/informelitoral.com.ar\/#website"},"primaryImageOfPage":{"@id":"https:\/\/informelitoral.com.ar\/no-se-pronostican-lluvias-para-lo-que-falta-de-la-semana\/#primaryimage"},"image":{"@id":"https:\/\/informelitoral.com.ar\/no-se-pronostican-lluvias-para-lo-que-falta-de-la-semana\/#primaryimage"},"thumbnailUrl":"https:\/\/informelitoral.com.ar\/%77%70%2d%63%6f%6e%74%65%6e%74\/uploads\/2022\/09\/soli1-696x497-1.jpg","datePublished":"2025-04-15T09:27:58+00:00","breadcrumb":{"@id":"https:\/\/informelitoral.com.ar\/no-se-pronostican-lluvias-para-lo-que-falta-de-la-semana\/#breadcrumb"},"inLanguage":"es","potentialAction":[{"@type":"ReadAction","target":["https:\/\/informelitoral.com.ar\/no-se-pronostican-lluvias-para-lo-que-falta-de-la-semana\/"]}]},{"@type":"ImageObject","inLanguage":"es","@id":"https:\/\/informelitoral.com.ar\/no-se-pronostican-lluvias-para-lo-que-falta-de-la-semana\/#primaryimage","url":"https:\/\/informelitoral.com.ar\/%77%70%2d%63%6f%6e%74%65%6e%74\/uploads\/2022\/09\/soli1-696x497-1.jpg","contentUrl":"https:\/\/informelitoral.com.ar\/%77%70%2d%63%6f%6e%74%65%6e%74\/uploads\/2022\/09\/soli1-696x497-1.jpg","width":696,"height":497},{"@type":"BreadcrumbList","@id":"https:\/\/informelitoral.com.ar\/no-se-pronostican-lluvias-para-lo-que-falta-de-la-semana\/#breadcrumb","itemListElement":[{"@type":"ListItem","position":1,"name":"Portada","item":"https:\/\/informelitoral.com.ar\/"},{"@type":"ListItem","position":2,"name":"No se pronostican lluvias para lo que falta de la semana"}]},{"@type":"WebSite","@id":"https:\/\/informelitoral.com.ar\/#website","url":"https:\/\/informelitoral.com.ar\/","name":"Informe Litoral","description":"&quot;Nos informamos&quot; ","publisher":{"@id":"https:\/\/informelitoral.com.ar\/#organization"},"potentialAction":[{"@type":"SearchAction","target":{"@type":"EntryPoint","urlTemplate":"https:\/\/informelitoral.com.ar\/?s={search_term_string}"},"query-input":{"@type":"PropertyValueSpecification","valueRequired":true,"valueName":"search_term_string"}}],"inLanguage":"es"},{"@type":"Organization","@id":"https:\/\/informelitoral.com.ar\/#organization","name":"Informe Litoral","url":"https:\/\/informelitoral.com.ar\/","logo":{"@type":"ImageObject","inLanguage":"es","@id":"https:\/\/informelitoral.com.ar\/#\/schema\/logo\/image\/","url":"https:\/\/informelitoral.com.ar\/%77%70%2d%63%6f%6e%74%65%6e%74\/uploads\/2021\/01\/circulo.png","contentUrl":"https:\/\/informelitoral.com.ar\/%77%70%2d%63%6f%6e%74%65%6e%74\/uploads\/2021\/01\/circulo.png","width":723,"height":731,"caption":"Informe Litoral"},"image":{"@id":"https:\/\/informelitoral.com.ar\/#\/schema\/logo\/image\/"},"sameAs":["https:\/\/www.facebook.com\/informelitoral\/","https:\/\/x.com\/InformeLitoral","https:\/\/www.instagram.com\/informelitoral\/","https:\/\/www.youtube.com\/channel\/UCua4Qvz8Icb6MYqhoq9xLXw"]},{"@type":"Person","@id":"https:\/\/informelitoral.com.ar\/#\/schema\/person\/b9d00407c836482871ef1d57bf8e3180","name":"Gonzalo Schmidt","image":{"@type":"ImageObject","inLanguage":"es","@id":"https:\/\/secure.gravatar.com\/avatar\/31a1a7b66ff2de83bd0e9fd79d026630d2d99e55e8bfe501287647b4fd9743de?s=96&d=mm&r=g","url":"https:\/\/secure.gravatar.com\/avatar\/31a1a7b66ff2de83bd0e9fd79d026630d2d99e55e8bfe501287647b4fd9743de?s=96&d=mm&r=g","contentUrl":"https:\/\/secure.gravatar.com\/avatar\/31a1a7b66ff2de83bd0e9fd79d026630d2d99e55e8bfe501287647b4fd9743de?s=96&d=mm&r=g","caption":"Gonzalo Schmidt"},"description":"Sitio web de noticias de la provincia de Entre R\u00edos, Argentina. Informaci\u00f3n y entretenimiento. Informe Litoral, nos informamos.","sameAs":["http:\/\/www.isletasnoticias.com.ar"],"url":"https:\/\/informelitoral.com.ar\/author\/gonzalo\/"}]}},"_links":{"self":[{"href":"https:\/\/informelitoral.com.ar\/%77%70%2d%6a%73%6f%6e\/wp\/v2\/posts\/218340","targetHints":{"allow":["GET"]}}],"collection":[{"href":"https:\/\/informelitoral.com.ar\/%77%70%2d%6a%73%6f%6e\/wp\/v2\/posts"}],"about":[{"href":"https:\/\/informelitoral.com.ar\/%77%70%2d%6a%73%6f%6e\/wp\/v2\/types\/post"}],"author":[{"embeddable":true,"href":"https:\/\/informelitoral.com.ar\/%77%70%2d%6a%73%6f%6e\/wp\/v2\/users\/2"}],"replies":[{"embeddable":true,"href":"https:\/\/informelitoral.com.ar\/%77%70%2d%6a%73%6f%6e\/wp\/v2\/comments?post=218340"}],"version-history":[{"count":0,"href":"https:\/\/informelitoral.com.ar\/%77%70%2d%6a%73%6f%6e\/wp\/v2\/posts\/218340\/revisions"}],"wp:featuredmedia":[{"embeddable":true,"href":"https:\/\/informelitoral.com.ar\/%77%70%2d%6a%73%6f%6e\/wp\/v2\/media\/85761"}],"wp:attachment":[{"href":"https:\/\/informelitoral.com.ar\/%77%70%2d%6a%73%6f%6e\/wp\/v2\/media?parent=218340"}],"wp:term":[{"taxonomy":"category","embeddable":true,"href":"https:\/\/informelitoral.com.ar\/%77%70%2d%6a%73%6f%6e\/wp\/v2\/categories?post=218340"},{"taxonomy":"post_tag","embeddable":true,"href":"https:\/\/informelitoral.com.ar\/%77%70%2d%6a%73%6f%6e\/wp\/v2\/tags?post=218340"}],"curies":[{"name":"wp","href":"https:\/\/api.w.org\/{rel}","templated":true}]}}