{"id":218283,"date":"2025-04-14T11:38:28","date_gmt":"2025-04-14T14:38:28","guid":{"rendered":"https:\/\/informelitoral.com.ar\/?p=218283"},"modified":"2025-04-14T12:27:07","modified_gmt":"2025-04-14T15:27:07","slug":"frigerio-junto-a-intendentes-acordaron-estudiar-medidas-para-mejorar-la-seguridad-vial-en-cruce-de-rutas-127-y-32","status":"publish","type":"post","link":"https:\/\/informelitoral.com.ar\/frigerio-junto-a-intendentes-acordaron-estudiar-medidas-para-mejorar-la-seguridad-vial-en-cruce-de-rutas-127-y-32\/","title":{"rendered":"Frigerio junto a intendentes acordaron estudiar medidas para mejorar la seguridad vial en cruce de rutas 127 y 32"},"content":{"rendered":"<p>Durante el encuentro, realizado en <strong>Casa de Gobierno<\/strong>, se destac\u00f3 la necesidad de avanzar en soluciones definitivas, como la construcci\u00f3n de una rotonda, mientras se implementan medidas de prevenci\u00f3n temporales, como la instalaci\u00f3n de un puesto caminero permanente en la zona.<\/p>\n<p>Participaron de la reuni\u00f3n el intendente de<strong> Mar\u00eda Grande<\/strong>, <strong>H\u00e9ctor Solari<\/strong>; la intendenta de <strong>Alcaraz<\/strong>, ; el intendente de <strong>Bovril<\/strong>, <strong>Jos\u00e9 Luis Gillig<\/strong>; la intendenta de <strong>El Pingo<\/strong>,<strong> Laura Rupp<\/strong>; y el intendente de Hasenkamp, Hern\u00e1n Kisser.Tras el encuentro, los intendentes compartieron sus impresiones sobre la respuesta del gobernador y las posibles soluciones a implementarse.<\/p>\n<p>Al presentar la situaci\u00f3n, la intendenta de El Pingo, Laura Rupp, coment\u00f3: \u00abLa finalidad fue traerle al gobernador la preocupaci\u00f3n que vivimos en el cruce de las rutas nacional 127 y provincial 32, respecto a los siniestros que se ocasionaron \u00faltimamente pero con un reclamo que llevamos de varios a\u00f1os\u00bb. Esperanzada en llevar adelante \u00abacciones concretas y profundas para llegar a una soluci\u00f3n definitiva\u00bb, la titular del Ejecutivo municipal consider\u00f3 como \u00abpositivo\u00bb al encuentro, destacando la predisposici\u00f3n del gobernador para \u00abarbitrar los medios necesarios para llevar la inquietud a nivel nacional, mientras se garantiza la seguridad a trav\u00e9s de un puesto caminero permanente en la zona\u00bb.<\/p>\n<p>En tanto, el intendente de Mar\u00eda Grande, H\u00e9ctor Solari, agradeci\u00f3 la r\u00e1pida respuesta del gobernador ante una problem\u00e1tica de larga data. \u00abLa ruta 32 se inaugur\u00f3 en el a\u00f1o 70 y de ah\u00ed siempre fue un cruce donde hubo muchos accidentes, afecta muchas localidades de los departamentos Paran\u00e1 y La Paz, as\u00ed que esperemos tener una respuesta, poder hacer una rotonda, mientras tanto se dispuso tener en forma permanente un puesto caminero\u00bb. Asegur\u00f3 que tambi\u00e9n hay que \u00abllamar a la prudencia de quienes conducen\u00bb. Haciendo un balance apunt\u00f3 que recibieron una respuesta favorable.Por su parte, la intendenta de Alcaraz, Yamila Acedo, agradeci\u00f3 la predisposici\u00f3n del mandatario para recibirlos. \u00abTenemos una primera respuesta para la comunidad, que es a quien representamos y por quien venimos a gestionar una soluci\u00f3n urgente: garantizar la seguridad a trav\u00e9s del puesto policial en ese lugar, mientras se avanza con lo que se viene solicitando desde gestiones anteriores, que es la construcci\u00f3n de la rotonda\u00bb, expres\u00f3.<\/p>\n<p>Del mismo modo, el intendente de Bovril, Jos\u00e9 Luis Gillig, quien catalog\u00f3 el encuentro como \u00abpositivo\u00bb, agradeci\u00f3 al gobernador por \u00abrecibirnos y atender nuestras inquietudes\u00bb. Respecto del pedido realizado, dijo que el mandatario se comprometi\u00f3 a analizar el tema con Vialidad y, adelant\u00f3 que el martes tendr\u00e1n una respuesta sobre la decisi\u00f3n. \u00abLa idea es hacer una rotonda que se viene pidiendo hace mucho tiempo\u00bb, expres\u00f3.<\/p>\n<p>Por \u00faltimo, el intendente de Hasenkamp, Hern\u00e1n Kisser, resalt\u00f3 la medida adoptada por el gobierno provincial de \u00abponer un puesto caminero\u00bb, y ahora \u00abhablamos con el gobernador de la necesidad de realizar una rotonda que es lo que la ciudadan\u00eda est\u00e1 reclamando hace much\u00edsimos a\u00f1os, no es de ahora, es un pedido de la zona de hace m\u00e1s de 20 a\u00f1os teniendo en cuenta que es un cruce muy peligroso\u00bb. Por otro lado, adelant\u00f3 que el martes el gobernador tendr\u00e1 una reuni\u00f3n en Vialidad Nacional para \u00abtratar de encontrarle una respuesta a la situaci\u00f3n\u00bb.<\/p>\n","protected":false},"excerpt":{"rendered":"<p>El gobernador Rogelio Frigerio recibi\u00f3 este viernes a intendentes para analizar y coordinar acciones inmediatas que permitan reducir los siniestros viales en el cruce de las rutas nacional 127 y provincial 32, un punto cr\u00edtico donde se han registrado m\u00faltiples accidentes en los \u00faltimos a\u00f1os.<\/p>\n","protected":false},"author":8,"featured_media":218284,"comment_status":"open","ping_status":"open","sticky":false,"template":"","format":"standard","meta":{"fifu_image_url":"https:\/\/elonce-media.elonce.com\/fotos\/2025\/04\/11\/l_1744421880_76956.webp","fifu_image_alt":"","footnotes":""},"categories":[6,16],"tags":[168,642,949,5681,2791,1098],"class_list":{"0":"post-218283","1":"post","2":"type-post","3":"status-publish","4":"format-standard","5":"has-post-thumbnail","7":"category-entre-rios","8":"category-politi","9":"tag-intendentes","10":"tag-reunion","11":"tag-rogelio-frigerio","12":"tag-ruta-127","13":"tag-ruta-32","14":"tag-rutas"},"yoast_head":"<title>Frigerio junto a intendentes acordaron estudiar medidas para mejorar la seguridad vial en cruce de rutas 127 y 32 - Informe Litoral<\/title>\n<meta name=\"robots\" content=\"index, follow, max-snippet:-1, max-image-preview:large, max-video-preview:-1\" \/>\n<link rel=\"canonical\" href=\"https:\/\/informelitoral.com.ar\/frigerio-junto-a-intendentes-acordaron-estudiar-medidas-para-mejorar-la-seguridad-vial-en-cruce-de-rutas-127-y-32\/\" \/>\n<meta property=\"og:locale\" content=\"es_ES\" \/>\n<meta property=\"og:type\" content=\"article\" \/>\n<meta property=\"og:title\" content=\"Frigerio junto a intendentes acordaron estudiar medidas para mejorar la seguridad vial en cruce de rutas 127 y 32 - Informe Litoral\" \/>\n<meta property=\"og:description\" content=\"El gobernador Rogelio Frigerio recibi\u00f3 este viernes a intendentes para analizar y coordinar acciones inmediatas que permitan reducir los siniestros viales en el cruce de las rutas nacional 127 y provincial 32, un punto cr\u00edtico donde se han registrado m\u00faltiples accidentes en los \u00faltimos a\u00f1os.\" \/>\n<meta property=\"og:url\" content=\"https:\/\/informelitoral.com.ar\/frigerio-junto-a-intendentes-acordaron-estudiar-medidas-para-mejorar-la-seguridad-vial-en-cruce-de-rutas-127-y-32\/\" \/>\n<meta property=\"og:site_name\" content=\"Informe Litoral\" \/>\n<meta property=\"article:publisher\" content=\"https:\/\/www.facebook.com\/informelitoral\/\" \/>\n<meta property=\"article:published_time\" content=\"2025-04-14T14:38:28+00:00\" \/>\n<meta property=\"article:modified_time\" content=\"2025-04-14T15:27:07+00:00\" \/>\n<meta property=\"og:image\" content=\"https:\/\/elonce-media.elonce.com\/fotos\/2025\/04\/11\/l_1744421880_76956.webp\" \/><meta property=\"og:image\" content=\"https:\/\/elonce-media.elonce.com\/fotos\/2025\/04\/11\/l_1744421880_76956.webp\" \/>\n\t<meta property=\"og:image:width\" content=\"1200\" \/>\n\t<meta property=\"og:image:height\" content=\"800\" \/>\n\t<meta property=\"og:image:type\" content=\"image\/jpeg\" \/>\n<meta name=\"author\" content=\"Sebastian\" \/>\n<meta name=\"twitter:card\" content=\"summary_large_image\" \/>\n<meta name=\"twitter:image\" content=\"https:\/\/elonce-media.elonce.com\/fotos\/2025\/04\/11\/l_1744421880_76956.webp\" \/>\n<meta name=\"twitter:creator\" content=\"@InformeLitoral\" \/>\n<meta name=\"twitter:site\" content=\"@InformeLitoral\" \/>\n<meta name=\"twitter:label1\" content=\"Escrito por\" \/>\n\t<meta name=\"twitter:data1\" content=\"Sebastian\" \/>\n\t<meta name=\"twitter:label2\" content=\"Tiempo de lectura\" \/>\n\t<meta name=\"twitter:data2\" content=\"3 minutos\" \/>\n<script type=\"application\/ld+json\" class=\"yoast-schema-graph\">{\"@context\":\"https:\\\/\\\/schema.org\",\"@graph\":[{\"@type\":\"Article\",\"@id\":\"https:\\\/\\\/informelitoral.com.ar\\\/frigerio-junto-a-intendentes-acordaron-estudiar-medidas-para-mejorar-la-seguridad-vial-en-cruce-de-rutas-127-y-32\\\/#article\",\"isPartOf\":{\"@id\":\"https:\\\/\\\/informelitoral.com.ar\\\/frigerio-junto-a-intendentes-acordaron-estudiar-medidas-para-mejorar-la-seguridad-vial-en-cruce-de-rutas-127-y-32\\\/\"},\"author\":{\"name\":\"Sebastian\",\"@id\":\"https:\\\/\\\/informelitoral.com.ar\\\/#\\\/schema\\\/person\\\/f05f9f461677119578717524b127d6d5\"},\"headline\":\"Frigerio junto a intendentes acordaron estudiar medidas para mejorar la seguridad vial en cruce de rutas 127 y 32\",\"datePublished\":\"2025-04-14T14:38:28+00:00\",\"dateModified\":\"2025-04-14T15:27:07+00:00\",\"mainEntityOfPage\":{\"@id\":\"https:\\\/\\\/informelitoral.com.ar\\\/frigerio-junto-a-intendentes-acordaron-estudiar-medidas-para-mejorar-la-seguridad-vial-en-cruce-de-rutas-127-y-32\\\/\"},\"wordCount\":568,\"commentCount\":0,\"publisher\":{\"@id\":\"https:\\\/\\\/informelitoral.com.ar\\\/#organization\"},\"image\":{\"@id\":\"https:\\\/\\\/informelitoral.com.ar\\\/frigerio-junto-a-intendentes-acordaron-estudiar-medidas-para-mejorar-la-seguridad-vial-en-cruce-de-rutas-127-y-32\\\/#primaryimage\"},\"thumbnailUrl\":\"https:\\\/\\\/elonce-media.elonce.com\\\/fotos\\\/2025\\\/04\\\/11\\\/l_1744421880_76956.webp\",\"keywords\":[\"Intendentes\",\"Reuni\u00f3n\",\"Rogelio Frigerio\",\"Ruta 127\",\"Ruta 32\",\"Rutas\"],\"articleSection\":[\"Entre R\u00edos\",\"Politica\"],\"inLanguage\":\"es\",\"potentialAction\":[{\"@type\":\"CommentAction\",\"name\":\"Comment\",\"target\":[\"https:\\\/\\\/informelitoral.com.ar\\\/frigerio-junto-a-intendentes-acordaron-estudiar-medidas-para-mejorar-la-seguridad-vial-en-cruce-de-rutas-127-y-32\\\/#respond\"]}]},{\"@type\":\"WebPage\",\"@id\":\"https:\\\/\\\/informelitoral.com.ar\\\/frigerio-junto-a-intendentes-acordaron-estudiar-medidas-para-mejorar-la-seguridad-vial-en-cruce-de-rutas-127-y-32\\\/\",\"url\":\"https:\\\/\\\/informelitoral.com.ar\\\/frigerio-junto-a-intendentes-acordaron-estudiar-medidas-para-mejorar-la-seguridad-vial-en-cruce-de-rutas-127-y-32\\\/\",\"name\":\"Frigerio junto a intendentes acordaron estudiar medidas para mejorar la seguridad vial en cruce de rutas 127 y 32 - Informe Litoral\",\"isPartOf\":{\"@id\":\"https:\\\/\\\/informelitoral.com.ar\\\/#website\"},\"primaryImageOfPage\":{\"@id\":\"https:\\\/\\\/informelitoral.com.ar\\\/frigerio-junto-a-intendentes-acordaron-estudiar-medidas-para-mejorar-la-seguridad-vial-en-cruce-de-rutas-127-y-32\\\/#primaryimage\"},\"image\":{\"@id\":\"https:\\\/\\\/informelitoral.com.ar\\\/frigerio-junto-a-intendentes-acordaron-estudiar-medidas-para-mejorar-la-seguridad-vial-en-cruce-de-rutas-127-y-32\\\/#primaryimage\"},\"thumbnailUrl\":\"https:\\\/\\\/elonce-media.elonce.com\\\/fotos\\\/2025\\\/04\\\/11\\\/l_1744421880_76956.webp\",\"datePublished\":\"2025-04-14T14:38:28+00:00\",\"dateModified\":\"2025-04-14T15:27:07+00:00\",\"breadcrumb\":{\"@id\":\"https:\\\/\\\/informelitoral.com.ar\\\/frigerio-junto-a-intendentes-acordaron-estudiar-medidas-para-mejorar-la-seguridad-vial-en-cruce-de-rutas-127-y-32\\\/#breadcrumb\"},\"inLanguage\":\"es\",\"potentialAction\":[{\"@type\":\"ReadAction\",\"target\":[\"https:\\\/\\\/informelitoral.com.ar\\\/frigerio-junto-a-intendentes-acordaron-estudiar-medidas-para-mejorar-la-seguridad-vial-en-cruce-de-rutas-127-y-32\\\/\"]}]},{\"@type\":\"ImageObject\",\"inLanguage\":\"es\",\"@id\":\"https:\\\/\\\/informelitoral.com.ar\\\/frigerio-junto-a-intendentes-acordaron-estudiar-medidas-para-mejorar-la-seguridad-vial-en-cruce-de-rutas-127-y-32\\\/#primaryimage\",\"url\":\"https:\\\/\\\/elonce-media.elonce.com\\\/fotos\\\/2025\\\/04\\\/11\\\/l_1744421880_76956.webp\",\"contentUrl\":\"https:\\\/\\\/elonce-media.elonce.com\\\/fotos\\\/2025\\\/04\\\/11\\\/l_1744421880_76956.webp\",\"width\":\"1200\",\"height\":\"800\"},{\"@type\":\"BreadcrumbList\",\"@id\":\"https:\\\/\\\/informelitoral.com.ar\\\/frigerio-junto-a-intendentes-acordaron-estudiar-medidas-para-mejorar-la-seguridad-vial-en-cruce-de-rutas-127-y-32\\\/#breadcrumb\",\"itemListElement\":[{\"@type\":\"ListItem\",\"position\":1,\"name\":\"Portada\",\"item\":\"https:\\\/\\\/informelitoral.com.ar\\\/\"},{\"@type\":\"ListItem\",\"position\":2,\"name\":\"Frigerio junto a intendentes acordaron estudiar medidas para mejorar la seguridad vial en cruce de rutas 127 y 32\"}]},{\"@type\":\"WebSite\",\"@id\":\"https:\\\/\\\/informelitoral.com.ar\\\/#website\",\"url\":\"https:\\\/\\\/informelitoral.com.ar\\\/\",\"name\":\"Informe Litoral\",\"description\":\"&quot;Nos informamos&quot; \",\"publisher\":{\"@id\":\"https:\\\/\\\/informelitoral.com.ar\\\/#organization\"},\"potentialAction\":[{\"@type\":\"SearchAction\",\"target\":{\"@type\":\"EntryPoint\",\"urlTemplate\":\"https:\\\/\\\/informelitoral.com.ar\\\/?s={search_term_string}\"},\"query-input\":{\"@type\":\"PropertyValueSpecification\",\"valueRequired\":true,\"valueName\":\"search_term_string\"}}],\"inLanguage\":\"es\"},{\"@type\":\"Organization\",\"@id\":\"https:\\\/\\\/informelitoral.com.ar\\\/#organization\",\"name\":\"Informe Litoral\",\"url\":\"https:\\\/\\\/informelitoral.com.ar\\\/\",\"logo\":{\"@type\":\"ImageObject\",\"inLanguage\":\"es\",\"@id\":\"https:\\\/\\\/informelitoral.com.ar\\\/#\\\/schema\\\/logo\\\/image\\\/\",\"url\":\"https:\\\/\\\/informelitoral.com.ar\\\/%77%70%2d%63%6f%6e%74%65%6e%74\\\/uploads\\\/2021\\\/01\\\/circulo.png\",\"contentUrl\":\"https:\\\/\\\/informelitoral.com.ar\\\/%77%70%2d%63%6f%6e%74%65%6e%74\\\/uploads\\\/2021\\\/01\\\/circulo.png\",\"width\":723,\"height\":731,\"caption\":\"Informe Litoral\"},\"image\":{\"@id\":\"https:\\\/\\\/informelitoral.com.ar\\\/#\\\/schema\\\/logo\\\/image\\\/\"},\"sameAs\":[\"https:\\\/\\\/www.facebook.com\\\/informelitoral\\\/\",\"https:\\\/\\\/x.com\\\/InformeLitoral\",\"https:\\\/\\\/www.instagram.com\\\/informelitoral\\\/\",\"https:\\\/\\\/www.youtube.com\\\/channel\\\/UCua4Qvz8Icb6MYqhoq9xLXw\"]},{\"@type\":\"Person\",\"@id\":\"https:\\\/\\\/informelitoral.com.ar\\\/#\\\/schema\\\/person\\\/f05f9f461677119578717524b127d6d5\",\"name\":\"Sebastian\",\"image\":{\"@type\":\"ImageObject\",\"inLanguage\":\"es\",\"@id\":\"https:\\\/\\\/secure.gravatar.com\\\/avatar\\\/b71bf7481d447dfb9583c7f2798e7cc64de6efb9067b74633ed8c31059a3bd82?s=96&d=mm&r=g\",\"url\":\"https:\\\/\\\/secure.gravatar.com\\\/avatar\\\/b71bf7481d447dfb9583c7f2798e7cc64de6efb9067b74633ed8c31059a3bd82?s=96&d=mm&r=g\",\"contentUrl\":\"https:\\\/\\\/secure.gravatar.com\\\/avatar\\\/b71bf7481d447dfb9583c7f2798e7cc64de6efb9067b74633ed8c31059a3bd82?s=96&d=mm&r=g\",\"caption\":\"Sebastian\"},\"url\":\"https:\\\/\\\/informelitoral.com.ar\\\/author\\\/sebastian\\\/\"}]}<\/script>","yoast_head_json":{"title":"Frigerio junto a intendentes acordaron estudiar medidas para mejorar la seguridad vial en cruce de rutas 127 y 32 - Informe Litoral","robots":{"index":"index","follow":"follow","max-snippet":"max-snippet:-1","max-image-preview":"max-image-preview:large","max-video-preview":"max-video-preview:-1"},"canonical":"https:\/\/informelitoral.com.ar\/frigerio-junto-a-intendentes-acordaron-estudiar-medidas-para-mejorar-la-seguridad-vial-en-cruce-de-rutas-127-y-32\/","og_locale":"es_ES","og_type":"article","og_title":"Frigerio junto a intendentes acordaron estudiar medidas para mejorar la seguridad vial en cruce de rutas 127 y 32 - Informe Litoral","og_description":"El gobernador Rogelio Frigerio recibi\u00f3 este viernes a intendentes para analizar y coordinar acciones inmediatas que permitan reducir los siniestros viales en el cruce de las rutas nacional 127 y provincial 32, un punto cr\u00edtico donde se han registrado m\u00faltiples accidentes en los \u00faltimos a\u00f1os.","og_url":"https:\/\/informelitoral.com.ar\/frigerio-junto-a-intendentes-acordaron-estudiar-medidas-para-mejorar-la-seguridad-vial-en-cruce-de-rutas-127-y-32\/","og_site_name":"Informe Litoral","article_publisher":"https:\/\/www.facebook.com\/informelitoral\/","article_published_time":"2025-04-14T14:38:28+00:00","article_modified_time":"2025-04-14T15:27:07+00:00","og_image":[{"url":"https:\/\/elonce-media.elonce.com\/fotos\/2025\/04\/11\/l_1744421880_76956.webp","type":"","width":"","height":""},{"width":1200,"height":800,"url":"https:\/\/elonce-media.elonce.com\/fotos\/2025\/04\/11\/l_1744421880_76956.webp","type":"image\/jpeg"}],"author":"Sebastian","twitter_card":"summary_large_image","twitter_image":"https:\/\/elonce-media.elonce.com\/fotos\/2025\/04\/11\/l_1744421880_76956.webp","twitter_creator":"@InformeLitoral","twitter_site":"@InformeLitoral","twitter_misc":{"Escrito por":"Sebastian","Tiempo de lectura":"3 minutos"},"schema":{"@context":"https:\/\/schema.org","@graph":[{"@type":"Article","@id":"https:\/\/informelitoral.com.ar\/frigerio-junto-a-intendentes-acordaron-estudiar-medidas-para-mejorar-la-seguridad-vial-en-cruce-de-rutas-127-y-32\/#article","isPartOf":{"@id":"https:\/\/informelitoral.com.ar\/frigerio-junto-a-intendentes-acordaron-estudiar-medidas-para-mejorar-la-seguridad-vial-en-cruce-de-rutas-127-y-32\/"},"author":{"name":"Sebastian","@id":"https:\/\/informelitoral.com.ar\/#\/schema\/person\/f05f9f461677119578717524b127d6d5"},"headline":"Frigerio junto a intendentes acordaron estudiar medidas para mejorar la seguridad vial en cruce de rutas 127 y 32","datePublished":"2025-04-14T14:38:28+00:00","dateModified":"2025-04-14T15:27:07+00:00","mainEntityOfPage":{"@id":"https:\/\/informelitoral.com.ar\/frigerio-junto-a-intendentes-acordaron-estudiar-medidas-para-mejorar-la-seguridad-vial-en-cruce-de-rutas-127-y-32\/"},"wordCount":568,"commentCount":0,"publisher":{"@id":"https:\/\/informelitoral.com.ar\/#organization"},"image":{"@id":"https:\/\/informelitoral.com.ar\/frigerio-junto-a-intendentes-acordaron-estudiar-medidas-para-mejorar-la-seguridad-vial-en-cruce-de-rutas-127-y-32\/#primaryimage"},"thumbnailUrl":"https:\/\/elonce-media.elonce.com\/fotos\/2025\/04\/11\/l_1744421880_76956.webp","keywords":["Intendentes","Reuni\u00f3n","Rogelio Frigerio","Ruta 127","Ruta 32","Rutas"],"articleSection":["Entre R\u00edos","Politica"],"inLanguage":"es","potentialAction":[{"@type":"CommentAction","name":"Comment","target":["https:\/\/informelitoral.com.ar\/frigerio-junto-a-intendentes-acordaron-estudiar-medidas-para-mejorar-la-seguridad-vial-en-cruce-de-rutas-127-y-32\/#respond"]}]},{"@type":"WebPage","@id":"https:\/\/informelitoral.com.ar\/frigerio-junto-a-intendentes-acordaron-estudiar-medidas-para-mejorar-la-seguridad-vial-en-cruce-de-rutas-127-y-32\/","url":"https:\/\/informelitoral.com.ar\/frigerio-junto-a-intendentes-acordaron-estudiar-medidas-para-mejorar-la-seguridad-vial-en-cruce-de-rutas-127-y-32\/","name":"Frigerio junto a intendentes acordaron estudiar medidas para mejorar la seguridad vial en cruce de rutas 127 y 32 - Informe Litoral","isPartOf":{"@id":"https:\/\/informelitoral.com.ar\/#website"},"primaryImageOfPage":{"@id":"https:\/\/informelitoral.com.ar\/frigerio-junto-a-intendentes-acordaron-estudiar-medidas-para-mejorar-la-seguridad-vial-en-cruce-de-rutas-127-y-32\/#primaryimage"},"image":{"@id":"https:\/\/informelitoral.com.ar\/frigerio-junto-a-intendentes-acordaron-estudiar-medidas-para-mejorar-la-seguridad-vial-en-cruce-de-rutas-127-y-32\/#primaryimage"},"thumbnailUrl":"https:\/\/elonce-media.elonce.com\/fotos\/2025\/04\/11\/l_1744421880_76956.webp","datePublished":"2025-04-14T14:38:28+00:00","dateModified":"2025-04-14T15:27:07+00:00","breadcrumb":{"@id":"https:\/\/informelitoral.com.ar\/frigerio-junto-a-intendentes-acordaron-estudiar-medidas-para-mejorar-la-seguridad-vial-en-cruce-de-rutas-127-y-32\/#breadcrumb"},"inLanguage":"es","potentialAction":[{"@type":"ReadAction","target":["https:\/\/informelitoral.com.ar\/frigerio-junto-a-intendentes-acordaron-estudiar-medidas-para-mejorar-la-seguridad-vial-en-cruce-de-rutas-127-y-32\/"]}]},{"@type":"ImageObject","inLanguage":"es","@id":"https:\/\/informelitoral.com.ar\/frigerio-junto-a-intendentes-acordaron-estudiar-medidas-para-mejorar-la-seguridad-vial-en-cruce-de-rutas-127-y-32\/#primaryimage","url":"https:\/\/elonce-media.elonce.com\/fotos\/2025\/04\/11\/l_1744421880_76956.webp","contentUrl":"https:\/\/elonce-media.elonce.com\/fotos\/2025\/04\/11\/l_1744421880_76956.webp","width":"1200","height":"800"},{"@type":"BreadcrumbList","@id":"https:\/\/informelitoral.com.ar\/frigerio-junto-a-intendentes-acordaron-estudiar-medidas-para-mejorar-la-seguridad-vial-en-cruce-de-rutas-127-y-32\/#breadcrumb","itemListElement":[{"@type":"ListItem","position":1,"name":"Portada","item":"https:\/\/informelitoral.com.ar\/"},{"@type":"ListItem","position":2,"name":"Frigerio junto a intendentes acordaron estudiar medidas para mejorar la seguridad vial en cruce de rutas 127 y 32"}]},{"@type":"WebSite","@id":"https:\/\/informelitoral.com.ar\/#website","url":"https:\/\/informelitoral.com.ar\/","name":"Informe Litoral","description":"&quot;Nos informamos&quot; ","publisher":{"@id":"https:\/\/informelitoral.com.ar\/#organization"},"potentialAction":[{"@type":"SearchAction","target":{"@type":"EntryPoint","urlTemplate":"https:\/\/informelitoral.com.ar\/?s={search_term_string}"},"query-input":{"@type":"PropertyValueSpecification","valueRequired":true,"valueName":"search_term_string"}}],"inLanguage":"es"},{"@type":"Organization","@id":"https:\/\/informelitoral.com.ar\/#organization","name":"Informe Litoral","url":"https:\/\/informelitoral.com.ar\/","logo":{"@type":"ImageObject","inLanguage":"es","@id":"https:\/\/informelitoral.com.ar\/#\/schema\/logo\/image\/","url":"https:\/\/informelitoral.com.ar\/%77%70%2d%63%6f%6e%74%65%6e%74\/uploads\/2021\/01\/circulo.png","contentUrl":"https:\/\/informelitoral.com.ar\/%77%70%2d%63%6f%6e%74%65%6e%74\/uploads\/2021\/01\/circulo.png","width":723,"height":731,"caption":"Informe Litoral"},"image":{"@id":"https:\/\/informelitoral.com.ar\/#\/schema\/logo\/image\/"},"sameAs":["https:\/\/www.facebook.com\/informelitoral\/","https:\/\/x.com\/InformeLitoral","https:\/\/www.instagram.com\/informelitoral\/","https:\/\/www.youtube.com\/channel\/UCua4Qvz8Icb6MYqhoq9xLXw"]},{"@type":"Person","@id":"https:\/\/informelitoral.com.ar\/#\/schema\/person\/f05f9f461677119578717524b127d6d5","name":"Sebastian","image":{"@type":"ImageObject","inLanguage":"es","@id":"https:\/\/secure.gravatar.com\/avatar\/b71bf7481d447dfb9583c7f2798e7cc64de6efb9067b74633ed8c31059a3bd82?s=96&d=mm&r=g","url":"https:\/\/secure.gravatar.com\/avatar\/b71bf7481d447dfb9583c7f2798e7cc64de6efb9067b74633ed8c31059a3bd82?s=96&d=mm&r=g","contentUrl":"https:\/\/secure.gravatar.com\/avatar\/b71bf7481d447dfb9583c7f2798e7cc64de6efb9067b74633ed8c31059a3bd82?s=96&d=mm&r=g","caption":"Sebastian"},"url":"https:\/\/informelitoral.com.ar\/author\/sebastian\/"}]}},"fifu_image_url":"https:\/\/elonce-media.elonce.com\/fotos\/2025\/04\/11\/l_1744421880_76956.webp","_links":{"self":[{"href":"https:\/\/informelitoral.com.ar\/%77%70%2d%6a%73%6f%6e\/wp\/v2\/posts\/218283","targetHints":{"allow":["GET"]}}],"collection":[{"href":"https:\/\/informelitoral.com.ar\/%77%70%2d%6a%73%6f%6e\/wp\/v2\/posts"}],"about":[{"href":"https:\/\/informelitoral.com.ar\/%77%70%2d%6a%73%6f%6e\/wp\/v2\/types\/post"}],"author":[{"embeddable":true,"href":"https:\/\/informelitoral.com.ar\/%77%70%2d%6a%73%6f%6e\/wp\/v2\/users\/8"}],"replies":[{"embeddable":true,"href":"https:\/\/informelitoral.com.ar\/%77%70%2d%6a%73%6f%6e\/wp\/v2\/comments?post=218283"}],"version-history":[{"count":0,"href":"https:\/\/informelitoral.com.ar\/%77%70%2d%6a%73%6f%6e\/wp\/v2\/posts\/218283\/revisions"}],"wp:featuredmedia":[{"embeddable":true,"href":"https:\/\/informelitoral.com.ar\/%77%70%2d%6a%73%6f%6e\/wp\/v2\/media\/218284"}],"wp:attachment":[{"href":"https:\/\/informelitoral.com.ar\/%77%70%2d%6a%73%6f%6e\/wp\/v2\/media?parent=218283"}],"wp:term":[{"taxonomy":"category","embeddable":true,"href":"https:\/\/informelitoral.com.ar\/%77%70%2d%6a%73%6f%6e\/wp\/v2\/categories?post=218283"},{"taxonomy":"post_tag","embeddable":true,"href":"https:\/\/informelitoral.com.ar\/%77%70%2d%6a%73%6f%6e\/wp\/v2\/tags?post=218283"}],"curies":[{"name":"wp","href":"https:\/\/api.w.org\/{rel}","templated":true}]}}