{"id":218252,"date":"2025-04-14T10:17:05","date_gmt":"2025-04-14T13:17:05","guid":{"rendered":"https:\/\/informelitoral.com.ar\/?p=218252"},"modified":"2025-04-14T11:03:04","modified_gmt":"2025-04-14T14:03:04","slug":"incendio-vehicular-en-ruta-26-perdidas-totales-y-un-herido","status":"publish","type":"post","link":"https:\/\/informelitoral.com.ar\/incendio-vehicular-en-ruta-26-perdidas-totales-y-un-herido\/","title":{"rendered":"Incendio vehicular en Ruta 26: p\u00e9rdidas totales y un herido"},"content":{"rendered":"<p data-sourcepos=\"5:1-5:457\">Un incidente de gran magnitud se registr\u00f3 durante la noche del s\u00e1bado en el <strong>kil\u00f3metro 3<\/strong> de la<strong> Ruta 26<\/strong>, cuando un Peugeot 307 se incendi\u00f3 por completo, generando alarma entre los automovilistas y movilizando a personal de emergencias. El veh\u00edculo, conducido por un hombre de <strong>42 a\u00f1os<\/strong> procedente de <strong>Santa Fe<\/strong> y con destino a <strong>Concordia<\/strong>, comenz\u00f3 a arder repentinamente, seg\u00fan el relato del conductor, a causa de un problema originado en la fusilera del autom\u00f3vil.<\/p>\n<p data-sourcepos=\"7:1-7:348\">Ante la emergencia, el conductor detuvo el veh\u00edculo en la banquina, pero las llamas se propagaron con rapidez, consumiendo gran parte del autom\u00f3vil y generando una densa columna de humo visible a varios metros de distancia. En un intento desesperado por salvar sus pertenencias, el hombre sufri\u00f3 quemaduras de segundo grado en su antebrazo derecho.<\/p>\n<p data-sourcepos=\"9:1-9:186\">Un automovilista que pasaba por el lugar brind\u00f3 asistencia inmediata al herido, quien fue trasladado al hospital de Victoria. Tras recibir atenci\u00f3n m\u00e9dica, el conductor fue dado de alta.<\/p>\n<p data-sourcepos=\"11:1-11:415\">Efectivos policiales y una dotaci\u00f3n de Bomberos Voluntarios de Victoria trabajaron en el lugar para controlar las llamas y asegurar la zona, mientras se investigan las causas del incendio, que apuntan preliminarmente a un problema el\u00e9ctrico.(<em>Elonce<\/em>)<\/p>\n","protected":false},"excerpt":{"rendered":"<p>Sucedi\u00f3 en el kil\u00f3metro tres de la Ruta 26. En un intento por rescatar algunas pertenencias del interior del rodado, el conductor sufri\u00f3 quemaduras en su antebrazo derecho. Fue auxiliado por otro automovilista.<\/p>\n","protected":false},"author":8,"featured_media":218253,"comment_status":"open","ping_status":"open","sticky":false,"template":"","format":"standard","meta":{"fifu_image_url":"https:\/\/elonce-media.elonce.com\/fotos\/2025\/04\/14\/l_1744620432_54361.webp","fifu_image_alt":"","footnotes":""},"categories":[14],"tags":[2500,3163,509,507],"class_list":{"0":"post-218252","1":"post","2":"type-post","3":"status-publish","4":"format-standard","5":"has-post-thumbnail","7":"category-policiales","8":"tag-automovil","9":"tag-herido","10":"tag-incendio","11":"tag-victoria"},"yoast_head":"<title>Incendio vehicular en Ruta 26: p\u00e9rdidas totales y un herido - Informe Litoral<\/title>\n<meta name=\"robots\" content=\"index, follow, max-snippet:-1, max-image-preview:large, max-video-preview:-1\" \/>\n<link rel=\"canonical\" href=\"https:\/\/informelitoral.com.ar\/incendio-vehicular-en-ruta-26-perdidas-totales-y-un-herido\/\" \/>\n<meta property=\"og:locale\" content=\"es_ES\" \/>\n<meta property=\"og:type\" content=\"article\" \/>\n<meta property=\"og:title\" content=\"Incendio vehicular en Ruta 26: p\u00e9rdidas totales y un herido - Informe Litoral\" \/>\n<meta property=\"og:description\" content=\"Sucedi\u00f3 en el kil\u00f3metro tres de la Ruta 26. En un intento por rescatar algunas pertenencias del interior del rodado, el conductor sufri\u00f3 quemaduras en su antebrazo derecho. Fue auxiliado por otro automovilista.\" \/>\n<meta property=\"og:url\" content=\"https:\/\/informelitoral.com.ar\/incendio-vehicular-en-ruta-26-perdidas-totales-y-un-herido\/\" \/>\n<meta property=\"og:site_name\" content=\"Informe Litoral\" \/>\n<meta property=\"article:publisher\" content=\"https:\/\/www.facebook.com\/informelitoral\/\" \/>\n<meta property=\"article:published_time\" content=\"2025-04-14T13:17:05+00:00\" \/>\n<meta property=\"article:modified_time\" content=\"2025-04-14T14:03:04+00:00\" \/>\n<meta property=\"og:image\" content=\"https:\/\/elonce-media.elonce.com\/fotos\/2025\/04\/14\/l_1744620432_54361.webp\" \/><meta property=\"og:image\" content=\"https:\/\/elonce-media.elonce.com\/fotos\/2025\/04\/14\/l_1744620432_54361.webp\" \/>\n\t<meta property=\"og:image:width\" content=\"1200\" \/>\n\t<meta property=\"og:image:height\" content=\"800\" \/>\n\t<meta property=\"og:image:type\" content=\"image\/jpeg\" \/>\n<meta name=\"author\" content=\"Sebastian\" \/>\n<meta name=\"twitter:card\" content=\"summary_large_image\" \/>\n<meta name=\"twitter:image\" content=\"https:\/\/elonce-media.elonce.com\/fotos\/2025\/04\/14\/l_1744620432_54361.webp\" \/>\n<meta name=\"twitter:creator\" content=\"@InformeLitoral\" \/>\n<meta name=\"twitter:site\" content=\"@InformeLitoral\" \/>\n<meta name=\"twitter:label1\" content=\"Escrito por\" \/>\n\t<meta name=\"twitter:data1\" content=\"Sebastian\" \/>\n\t<meta name=\"twitter:label2\" content=\"Tiempo de lectura\" \/>\n\t<meta name=\"twitter:data2\" content=\"1 minuto\" \/>\n<script type=\"application\/ld+json\" class=\"yoast-schema-graph\">{\"@context\":\"https:\\\/\\\/schema.org\",\"@graph\":[{\"@type\":\"Article\",\"@id\":\"https:\\\/\\\/informelitoral.com.ar\\\/incendio-vehicular-en-ruta-26-perdidas-totales-y-un-herido\\\/#article\",\"isPartOf\":{\"@id\":\"https:\\\/\\\/informelitoral.com.ar\\\/incendio-vehicular-en-ruta-26-perdidas-totales-y-un-herido\\\/\"},\"author\":{\"name\":\"Sebastian\",\"@id\":\"https:\\\/\\\/informelitoral.com.ar\\\/#\\\/schema\\\/person\\\/f05f9f461677119578717524b127d6d5\"},\"headline\":\"Incendio vehicular en Ruta 26: p\u00e9rdidas totales y un herido\",\"datePublished\":\"2025-04-14T13:17:05+00:00\",\"dateModified\":\"2025-04-14T14:03:04+00:00\",\"mainEntityOfPage\":{\"@id\":\"https:\\\/\\\/informelitoral.com.ar\\\/incendio-vehicular-en-ruta-26-perdidas-totales-y-un-herido\\\/\"},\"wordCount\":216,\"commentCount\":0,\"publisher\":{\"@id\":\"https:\\\/\\\/informelitoral.com.ar\\\/#organization\"},\"image\":{\"@id\":\"https:\\\/\\\/informelitoral.com.ar\\\/incendio-vehicular-en-ruta-26-perdidas-totales-y-un-herido\\\/#primaryimage\"},\"thumbnailUrl\":\"https:\\\/\\\/elonce-media.elonce.com\\\/fotos\\\/2025\\\/04\\\/14\\\/l_1744620432_54361.webp\",\"keywords\":[\"Automovil\",\"Herido\",\"Incendio\",\"Victoria\"],\"articleSection\":[\"Policiales\"],\"inLanguage\":\"es\",\"potentialAction\":[{\"@type\":\"CommentAction\",\"name\":\"Comment\",\"target\":[\"https:\\\/\\\/informelitoral.com.ar\\\/incendio-vehicular-en-ruta-26-perdidas-totales-y-un-herido\\\/#respond\"]}]},{\"@type\":\"WebPage\",\"@id\":\"https:\\\/\\\/informelitoral.com.ar\\\/incendio-vehicular-en-ruta-26-perdidas-totales-y-un-herido\\\/\",\"url\":\"https:\\\/\\\/informelitoral.com.ar\\\/incendio-vehicular-en-ruta-26-perdidas-totales-y-un-herido\\\/\",\"name\":\"Incendio vehicular en Ruta 26: p\u00e9rdidas totales y un herido - Informe Litoral\",\"isPartOf\":{\"@id\":\"https:\\\/\\\/informelitoral.com.ar\\\/#website\"},\"primaryImageOfPage\":{\"@id\":\"https:\\\/\\\/informelitoral.com.ar\\\/incendio-vehicular-en-ruta-26-perdidas-totales-y-un-herido\\\/#primaryimage\"},\"image\":{\"@id\":\"https:\\\/\\\/informelitoral.com.ar\\\/incendio-vehicular-en-ruta-26-perdidas-totales-y-un-herido\\\/#primaryimage\"},\"thumbnailUrl\":\"https:\\\/\\\/elonce-media.elonce.com\\\/fotos\\\/2025\\\/04\\\/14\\\/l_1744620432_54361.webp\",\"datePublished\":\"2025-04-14T13:17:05+00:00\",\"dateModified\":\"2025-04-14T14:03:04+00:00\",\"breadcrumb\":{\"@id\":\"https:\\\/\\\/informelitoral.com.ar\\\/incendio-vehicular-en-ruta-26-perdidas-totales-y-un-herido\\\/#breadcrumb\"},\"inLanguage\":\"es\",\"potentialAction\":[{\"@type\":\"ReadAction\",\"target\":[\"https:\\\/\\\/informelitoral.com.ar\\\/incendio-vehicular-en-ruta-26-perdidas-totales-y-un-herido\\\/\"]}]},{\"@type\":\"ImageObject\",\"inLanguage\":\"es\",\"@id\":\"https:\\\/\\\/informelitoral.com.ar\\\/incendio-vehicular-en-ruta-26-perdidas-totales-y-un-herido\\\/#primaryimage\",\"url\":\"https:\\\/\\\/elonce-media.elonce.com\\\/fotos\\\/2025\\\/04\\\/14\\\/l_1744620432_54361.webp\",\"contentUrl\":\"https:\\\/\\\/elonce-media.elonce.com\\\/fotos\\\/2025\\\/04\\\/14\\\/l_1744620432_54361.webp\",\"width\":\"1200\",\"height\":\"800\"},{\"@type\":\"BreadcrumbList\",\"@id\":\"https:\\\/\\\/informelitoral.com.ar\\\/incendio-vehicular-en-ruta-26-perdidas-totales-y-un-herido\\\/#breadcrumb\",\"itemListElement\":[{\"@type\":\"ListItem\",\"position\":1,\"name\":\"Portada\",\"item\":\"https:\\\/\\\/informelitoral.com.ar\\\/\"},{\"@type\":\"ListItem\",\"position\":2,\"name\":\"Incendio vehicular en Ruta 26: p\u00e9rdidas totales y un herido\"}]},{\"@type\":\"WebSite\",\"@id\":\"https:\\\/\\\/informelitoral.com.ar\\\/#website\",\"url\":\"https:\\\/\\\/informelitoral.com.ar\\\/\",\"name\":\"Informe Litoral\",\"description\":\"&quot;Nos informamos&quot; \",\"publisher\":{\"@id\":\"https:\\\/\\\/informelitoral.com.ar\\\/#organization\"},\"potentialAction\":[{\"@type\":\"SearchAction\",\"target\":{\"@type\":\"EntryPoint\",\"urlTemplate\":\"https:\\\/\\\/informelitoral.com.ar\\\/?s={search_term_string}\"},\"query-input\":{\"@type\":\"PropertyValueSpecification\",\"valueRequired\":true,\"valueName\":\"search_term_string\"}}],\"inLanguage\":\"es\"},{\"@type\":\"Organization\",\"@id\":\"https:\\\/\\\/informelitoral.com.ar\\\/#organization\",\"name\":\"Informe Litoral\",\"url\":\"https:\\\/\\\/informelitoral.com.ar\\\/\",\"logo\":{\"@type\":\"ImageObject\",\"inLanguage\":\"es\",\"@id\":\"https:\\\/\\\/informelitoral.com.ar\\\/#\\\/schema\\\/logo\\\/image\\\/\",\"url\":\"https:\\\/\\\/informelitoral.com.ar\\\/%77%70%2d%63%6f%6e%74%65%6e%74\\\/uploads\\\/2021\\\/01\\\/circulo.png\",\"contentUrl\":\"https:\\\/\\\/informelitoral.com.ar\\\/%77%70%2d%63%6f%6e%74%65%6e%74\\\/uploads\\\/2021\\\/01\\\/circulo.png\",\"width\":723,\"height\":731,\"caption\":\"Informe Litoral\"},\"image\":{\"@id\":\"https:\\\/\\\/informelitoral.com.ar\\\/#\\\/schema\\\/logo\\\/image\\\/\"},\"sameAs\":[\"https:\\\/\\\/www.facebook.com\\\/informelitoral\\\/\",\"https:\\\/\\\/x.com\\\/InformeLitoral\",\"https:\\\/\\\/www.instagram.com\\\/informelitoral\\\/\",\"https:\\\/\\\/www.youtube.com\\\/channel\\\/UCua4Qvz8Icb6MYqhoq9xLXw\"]},{\"@type\":\"Person\",\"@id\":\"https:\\\/\\\/informelitoral.com.ar\\\/#\\\/schema\\\/person\\\/f05f9f461677119578717524b127d6d5\",\"name\":\"Sebastian\",\"image\":{\"@type\":\"ImageObject\",\"inLanguage\":\"es\",\"@id\":\"https:\\\/\\\/secure.gravatar.com\\\/avatar\\\/b71bf7481d447dfb9583c7f2798e7cc64de6efb9067b74633ed8c31059a3bd82?s=96&d=mm&r=g\",\"url\":\"https:\\\/\\\/secure.gravatar.com\\\/avatar\\\/b71bf7481d447dfb9583c7f2798e7cc64de6efb9067b74633ed8c31059a3bd82?s=96&d=mm&r=g\",\"contentUrl\":\"https:\\\/\\\/secure.gravatar.com\\\/avatar\\\/b71bf7481d447dfb9583c7f2798e7cc64de6efb9067b74633ed8c31059a3bd82?s=96&d=mm&r=g\",\"caption\":\"Sebastian\"},\"url\":\"https:\\\/\\\/informelitoral.com.ar\\\/author\\\/sebastian\\\/\"}]}<\/script>","yoast_head_json":{"title":"Incendio vehicular en Ruta 26: p\u00e9rdidas totales y un herido - Informe Litoral","robots":{"index":"index","follow":"follow","max-snippet":"max-snippet:-1","max-image-preview":"max-image-preview:large","max-video-preview":"max-video-preview:-1"},"canonical":"https:\/\/informelitoral.com.ar\/incendio-vehicular-en-ruta-26-perdidas-totales-y-un-herido\/","og_locale":"es_ES","og_type":"article","og_title":"Incendio vehicular en Ruta 26: p\u00e9rdidas totales y un herido - Informe Litoral","og_description":"Sucedi\u00f3 en el kil\u00f3metro tres de la Ruta 26. En un intento por rescatar algunas pertenencias del interior del rodado, el conductor sufri\u00f3 quemaduras en su antebrazo derecho. Fue auxiliado por otro automovilista.","og_url":"https:\/\/informelitoral.com.ar\/incendio-vehicular-en-ruta-26-perdidas-totales-y-un-herido\/","og_site_name":"Informe Litoral","article_publisher":"https:\/\/www.facebook.com\/informelitoral\/","article_published_time":"2025-04-14T13:17:05+00:00","article_modified_time":"2025-04-14T14:03:04+00:00","og_image":[{"url":"https:\/\/elonce-media.elonce.com\/fotos\/2025\/04\/14\/l_1744620432_54361.webp","type":"","width":"","height":""},{"width":1200,"height":800,"url":"https:\/\/elonce-media.elonce.com\/fotos\/2025\/04\/14\/l_1744620432_54361.webp","type":"image\/jpeg"}],"author":"Sebastian","twitter_card":"summary_large_image","twitter_image":"https:\/\/elonce-media.elonce.com\/fotos\/2025\/04\/14\/l_1744620432_54361.webp","twitter_creator":"@InformeLitoral","twitter_site":"@InformeLitoral","twitter_misc":{"Escrito por":"Sebastian","Tiempo de lectura":"1 minuto"},"schema":{"@context":"https:\/\/schema.org","@graph":[{"@type":"Article","@id":"https:\/\/informelitoral.com.ar\/incendio-vehicular-en-ruta-26-perdidas-totales-y-un-herido\/#article","isPartOf":{"@id":"https:\/\/informelitoral.com.ar\/incendio-vehicular-en-ruta-26-perdidas-totales-y-un-herido\/"},"author":{"name":"Sebastian","@id":"https:\/\/informelitoral.com.ar\/#\/schema\/person\/f05f9f461677119578717524b127d6d5"},"headline":"Incendio vehicular en Ruta 26: p\u00e9rdidas totales y un herido","datePublished":"2025-04-14T13:17:05+00:00","dateModified":"2025-04-14T14:03:04+00:00","mainEntityOfPage":{"@id":"https:\/\/informelitoral.com.ar\/incendio-vehicular-en-ruta-26-perdidas-totales-y-un-herido\/"},"wordCount":216,"commentCount":0,"publisher":{"@id":"https:\/\/informelitoral.com.ar\/#organization"},"image":{"@id":"https:\/\/informelitoral.com.ar\/incendio-vehicular-en-ruta-26-perdidas-totales-y-un-herido\/#primaryimage"},"thumbnailUrl":"https:\/\/elonce-media.elonce.com\/fotos\/2025\/04\/14\/l_1744620432_54361.webp","keywords":["Automovil","Herido","Incendio","Victoria"],"articleSection":["Policiales"],"inLanguage":"es","potentialAction":[{"@type":"CommentAction","name":"Comment","target":["https:\/\/informelitoral.com.ar\/incendio-vehicular-en-ruta-26-perdidas-totales-y-un-herido\/#respond"]}]},{"@type":"WebPage","@id":"https:\/\/informelitoral.com.ar\/incendio-vehicular-en-ruta-26-perdidas-totales-y-un-herido\/","url":"https:\/\/informelitoral.com.ar\/incendio-vehicular-en-ruta-26-perdidas-totales-y-un-herido\/","name":"Incendio vehicular en Ruta 26: p\u00e9rdidas totales y un herido - Informe Litoral","isPartOf":{"@id":"https:\/\/informelitoral.com.ar\/#website"},"primaryImageOfPage":{"@id":"https:\/\/informelitoral.com.ar\/incendio-vehicular-en-ruta-26-perdidas-totales-y-un-herido\/#primaryimage"},"image":{"@id":"https:\/\/informelitoral.com.ar\/incendio-vehicular-en-ruta-26-perdidas-totales-y-un-herido\/#primaryimage"},"thumbnailUrl":"https:\/\/elonce-media.elonce.com\/fotos\/2025\/04\/14\/l_1744620432_54361.webp","datePublished":"2025-04-14T13:17:05+00:00","dateModified":"2025-04-14T14:03:04+00:00","breadcrumb":{"@id":"https:\/\/informelitoral.com.ar\/incendio-vehicular-en-ruta-26-perdidas-totales-y-un-herido\/#breadcrumb"},"inLanguage":"es","potentialAction":[{"@type":"ReadAction","target":["https:\/\/informelitoral.com.ar\/incendio-vehicular-en-ruta-26-perdidas-totales-y-un-herido\/"]}]},{"@type":"ImageObject","inLanguage":"es","@id":"https:\/\/informelitoral.com.ar\/incendio-vehicular-en-ruta-26-perdidas-totales-y-un-herido\/#primaryimage","url":"https:\/\/elonce-media.elonce.com\/fotos\/2025\/04\/14\/l_1744620432_54361.webp","contentUrl":"https:\/\/elonce-media.elonce.com\/fotos\/2025\/04\/14\/l_1744620432_54361.webp","width":"1200","height":"800"},{"@type":"BreadcrumbList","@id":"https:\/\/informelitoral.com.ar\/incendio-vehicular-en-ruta-26-perdidas-totales-y-un-herido\/#breadcrumb","itemListElement":[{"@type":"ListItem","position":1,"name":"Portada","item":"https:\/\/informelitoral.com.ar\/"},{"@type":"ListItem","position":2,"name":"Incendio vehicular en Ruta 26: p\u00e9rdidas totales y un herido"}]},{"@type":"WebSite","@id":"https:\/\/informelitoral.com.ar\/#website","url":"https:\/\/informelitoral.com.ar\/","name":"Informe Litoral","description":"&quot;Nos informamos&quot; ","publisher":{"@id":"https:\/\/informelitoral.com.ar\/#organization"},"potentialAction":[{"@type":"SearchAction","target":{"@type":"EntryPoint","urlTemplate":"https:\/\/informelitoral.com.ar\/?s={search_term_string}"},"query-input":{"@type":"PropertyValueSpecification","valueRequired":true,"valueName":"search_term_string"}}],"inLanguage":"es"},{"@type":"Organization","@id":"https:\/\/informelitoral.com.ar\/#organization","name":"Informe Litoral","url":"https:\/\/informelitoral.com.ar\/","logo":{"@type":"ImageObject","inLanguage":"es","@id":"https:\/\/informelitoral.com.ar\/#\/schema\/logo\/image\/","url":"https:\/\/informelitoral.com.ar\/%77%70%2d%63%6f%6e%74%65%6e%74\/uploads\/2021\/01\/circulo.png","contentUrl":"https:\/\/informelitoral.com.ar\/%77%70%2d%63%6f%6e%74%65%6e%74\/uploads\/2021\/01\/circulo.png","width":723,"height":731,"caption":"Informe Litoral"},"image":{"@id":"https:\/\/informelitoral.com.ar\/#\/schema\/logo\/image\/"},"sameAs":["https:\/\/www.facebook.com\/informelitoral\/","https:\/\/x.com\/InformeLitoral","https:\/\/www.instagram.com\/informelitoral\/","https:\/\/www.youtube.com\/channel\/UCua4Qvz8Icb6MYqhoq9xLXw"]},{"@type":"Person","@id":"https:\/\/informelitoral.com.ar\/#\/schema\/person\/f05f9f461677119578717524b127d6d5","name":"Sebastian","image":{"@type":"ImageObject","inLanguage":"es","@id":"https:\/\/secure.gravatar.com\/avatar\/b71bf7481d447dfb9583c7f2798e7cc64de6efb9067b74633ed8c31059a3bd82?s=96&d=mm&r=g","url":"https:\/\/secure.gravatar.com\/avatar\/b71bf7481d447dfb9583c7f2798e7cc64de6efb9067b74633ed8c31059a3bd82?s=96&d=mm&r=g","contentUrl":"https:\/\/secure.gravatar.com\/avatar\/b71bf7481d447dfb9583c7f2798e7cc64de6efb9067b74633ed8c31059a3bd82?s=96&d=mm&r=g","caption":"Sebastian"},"url":"https:\/\/informelitoral.com.ar\/author\/sebastian\/"}]}},"fifu_image_url":"https:\/\/elonce-media.elonce.com\/fotos\/2025\/04\/14\/l_1744620432_54361.webp","_links":{"self":[{"href":"https:\/\/informelitoral.com.ar\/%77%70%2d%6a%73%6f%6e\/wp\/v2\/posts\/218252","targetHints":{"allow":["GET"]}}],"collection":[{"href":"https:\/\/informelitoral.com.ar\/%77%70%2d%6a%73%6f%6e\/wp\/v2\/posts"}],"about":[{"href":"https:\/\/informelitoral.com.ar\/%77%70%2d%6a%73%6f%6e\/wp\/v2\/types\/post"}],"author":[{"embeddable":true,"href":"https:\/\/informelitoral.com.ar\/%77%70%2d%6a%73%6f%6e\/wp\/v2\/users\/8"}],"replies":[{"embeddable":true,"href":"https:\/\/informelitoral.com.ar\/%77%70%2d%6a%73%6f%6e\/wp\/v2\/comments?post=218252"}],"version-history":[{"count":0,"href":"https:\/\/informelitoral.com.ar\/%77%70%2d%6a%73%6f%6e\/wp\/v2\/posts\/218252\/revisions"}],"wp:featuredmedia":[{"embeddable":true,"href":"https:\/\/informelitoral.com.ar\/%77%70%2d%6a%73%6f%6e\/wp\/v2\/media\/218253"}],"wp:attachment":[{"href":"https:\/\/informelitoral.com.ar\/%77%70%2d%6a%73%6f%6e\/wp\/v2\/media?parent=218252"}],"wp:term":[{"taxonomy":"category","embeddable":true,"href":"https:\/\/informelitoral.com.ar\/%77%70%2d%6a%73%6f%6e\/wp\/v2\/categories?post=218252"},{"taxonomy":"post_tag","embeddable":true,"href":"https:\/\/informelitoral.com.ar\/%77%70%2d%6a%73%6f%6e\/wp\/v2\/tags?post=218252"}],"curies":[{"name":"wp","href":"https:\/\/api.w.org\/{rel}","templated":true}]}}