{"id":218166,"date":"2025-04-14T08:27:00","date_gmt":"2025-04-14T11:27:00","guid":{"rendered":"https:\/\/informelitoral.com.ar\/?p=218166"},"modified":"2025-04-14T08:43:22","modified_gmt":"2025-04-14T11:43:22","slug":"el-instituto-becario-impulsa-su-programa-de-apoyo-escolar","status":"publish","type":"post","link":"https:\/\/informelitoral.com.ar\/el-instituto-becario-impulsa-su-programa-de-apoyo-escolar\/","title":{"rendered":"El Instituto Becario impulsa su programa de apoyo escolar"},"content":{"rendered":"<p>El director ejecutivo del organismo, Mariano Berdi\u00f1as, rubric\u00f3 un convenio marco con la presidente municipal de Gualeguay, Dora Bogdan, que renovar\u00e1 el desarrollo del programa Educando en Movimiento en esa ciudad.<\/p>\n<p>Con esta firma, este servicio del Instituto Becario se lleva a cabo en 10 puntos de Entre R\u00edos, mientras se trabaja para alcanzar en las pr\u00f3ximas semanas los 17 departamentos.<\/p>\n<p>Berdi\u00f1as destac\u00f3 \u00abla importancia del programa para acompa\u00f1ar a los ni\u00f1os en su trayecto escolar. Educando es una propuesta integradora que lleva ya muchos a\u00f1os de compromiso con la familia entrerriana, y trabajamos para que este 2025 llegue a nuevas localidades\u00bb, dijo.<\/p>\n<p>Adem\u00e1s, \u00abesta propuesta de desarrollo educacional beneficia tanto\u00a0 a los ni\u00f1os que asisten a este espacio no formal para afianzar su proceso de aprendizaje como al estudiante de nivel superior que oficia de \u00abprofe\u00bb, concluy\u00f3 el funcionario provincial.<\/p>\n","protected":false},"excerpt":{"rendered":"<p>Comenz\u00f3 Educando en Movimiento, un servicio que ya se presta en 10 puntos de la provincia. Con apoyo escolar y actividades recreativas, el organismo acompa\u00f1a el trayecto escolar de ni\u00f1os de 6 a 13 a\u00f1os. Gualeguay se sum\u00f3 al programa.<\/p>\n","protected":false},"author":2,"featured_media":218168,"comment_status":"open","ping_status":"open","sticky":false,"template":"","format":"standard","meta":{"fifu_image_url":"","fifu_image_alt":"","footnotes":""},"categories":[6],"tags":[2405,4809],"class_list":{"0":"post-218166","1":"post","2":"type-post","3":"status-publish","4":"format-standard","5":"has-post-thumbnail","7":"category-entre-rios","8":"tag-apoyo-escolar","9":"tag-becario"},"yoast_head":"<title>El Instituto Becario impulsa su programa de apoyo escolar - Informe Litoral<\/title>\n<meta name=\"robots\" content=\"index, follow, max-snippet:-1, max-image-preview:large, max-video-preview:-1\" \/>\n<link rel=\"canonical\" href=\"https:\/\/informelitoral.com.ar\/el-instituto-becario-impulsa-su-programa-de-apoyo-escolar\/\" \/>\n<meta property=\"og:locale\" content=\"es_ES\" \/>\n<meta property=\"og:type\" content=\"article\" \/>\n<meta property=\"og:title\" content=\"El Instituto Becario impulsa su programa de apoyo escolar - Informe Litoral\" \/>\n<meta property=\"og:description\" content=\"Comenz\u00f3 Educando en Movimiento, un servicio que ya se presta en 10 puntos de la provincia. Con apoyo escolar y actividades recreativas, el organismo acompa\u00f1a el trayecto escolar de ni\u00f1os de 6 a 13 a\u00f1os. Gualeguay se sum\u00f3 al programa.\" \/>\n<meta property=\"og:url\" content=\"https:\/\/informelitoral.com.ar\/el-instituto-becario-impulsa-su-programa-de-apoyo-escolar\/\" \/>\n<meta property=\"og:site_name\" content=\"Informe Litoral\" \/>\n<meta property=\"article:publisher\" content=\"https:\/\/www.facebook.com\/informelitoral\/\" \/>\n<meta property=\"article:published_time\" content=\"2025-04-14T11:27:00+00:00\" \/>\n<meta property=\"article:modified_time\" content=\"2025-04-14T11:43:22+00:00\" \/>\n<meta property=\"og:image\" content=\"https:\/\/informelitoral.com.ar\/%77%70%2d%63%6f%6e%74%65%6e%74\/uploads\/2025\/04\/1-firma-educando.jpg\" \/>\n\t<meta property=\"og:image:width\" content=\"1920\" \/>\n\t<meta property=\"og:image:height\" content=\"1154\" \/>\n\t<meta property=\"og:image:type\" content=\"image\/jpeg\" \/>\n<meta name=\"author\" content=\"Gonzalo Schmidt\" \/>\n<meta name=\"twitter:card\" content=\"summary_large_image\" \/>\n<meta name=\"twitter:creator\" content=\"@InformeLitoral\" \/>\n<meta name=\"twitter:site\" content=\"@InformeLitoral\" \/>\n<meta name=\"twitter:label1\" content=\"Escrito por\" \/>\n\t<meta name=\"twitter:data1\" content=\"Gonzalo Schmidt\" \/>\n\t<meta name=\"twitter:label2\" content=\"Tiempo de lectura\" \/>\n\t<meta name=\"twitter:data2\" content=\"1 minuto\" \/>\n<script type=\"application\/ld+json\" class=\"yoast-schema-graph\">{\"@context\":\"https:\\\/\\\/schema.org\",\"@graph\":[{\"@type\":\"Article\",\"@id\":\"https:\\\/\\\/informelitoral.com.ar\\\/el-instituto-becario-impulsa-su-programa-de-apoyo-escolar\\\/#article\",\"isPartOf\":{\"@id\":\"https:\\\/\\\/informelitoral.com.ar\\\/el-instituto-becario-impulsa-su-programa-de-apoyo-escolar\\\/\"},\"author\":{\"name\":\"Gonzalo Schmidt\",\"@id\":\"https:\\\/\\\/informelitoral.com.ar\\\/#\\\/schema\\\/person\\\/b9d00407c836482871ef1d57bf8e3180\"},\"headline\":\"El Instituto Becario impulsa su programa de apoyo escolar\",\"datePublished\":\"2025-04-14T11:27:00+00:00\",\"dateModified\":\"2025-04-14T11:43:22+00:00\",\"mainEntityOfPage\":{\"@id\":\"https:\\\/\\\/informelitoral.com.ar\\\/el-instituto-becario-impulsa-su-programa-de-apoyo-escolar\\\/\"},\"wordCount\":156,\"commentCount\":0,\"publisher\":{\"@id\":\"https:\\\/\\\/informelitoral.com.ar\\\/#organization\"},\"image\":{\"@id\":\"https:\\\/\\\/informelitoral.com.ar\\\/el-instituto-becario-impulsa-su-programa-de-apoyo-escolar\\\/#primaryimage\"},\"thumbnailUrl\":\"https:\\\/\\\/informelitoral.com.ar\\\/%77%70%2d%63%6f%6e%74%65%6e%74\\\/uploads\\\/2025\\\/04\\\/1-firma-educando.jpg\",\"keywords\":[\"Apoyo escolar\",\"Becario\"],\"articleSection\":[\"Entre R\u00edos\"],\"inLanguage\":\"es\",\"potentialAction\":[{\"@type\":\"CommentAction\",\"name\":\"Comment\",\"target\":[\"https:\\\/\\\/informelitoral.com.ar\\\/el-instituto-becario-impulsa-su-programa-de-apoyo-escolar\\\/#respond\"]}]},{\"@type\":\"WebPage\",\"@id\":\"https:\\\/\\\/informelitoral.com.ar\\\/el-instituto-becario-impulsa-su-programa-de-apoyo-escolar\\\/\",\"url\":\"https:\\\/\\\/informelitoral.com.ar\\\/el-instituto-becario-impulsa-su-programa-de-apoyo-escolar\\\/\",\"name\":\"El Instituto Becario impulsa su programa de apoyo escolar - Informe Litoral\",\"isPartOf\":{\"@id\":\"https:\\\/\\\/informelitoral.com.ar\\\/#website\"},\"primaryImageOfPage\":{\"@id\":\"https:\\\/\\\/informelitoral.com.ar\\\/el-instituto-becario-impulsa-su-programa-de-apoyo-escolar\\\/#primaryimage\"},\"image\":{\"@id\":\"https:\\\/\\\/informelitoral.com.ar\\\/el-instituto-becario-impulsa-su-programa-de-apoyo-escolar\\\/#primaryimage\"},\"thumbnailUrl\":\"https:\\\/\\\/informelitoral.com.ar\\\/%77%70%2d%63%6f%6e%74%65%6e%74\\\/uploads\\\/2025\\\/04\\\/1-firma-educando.jpg\",\"datePublished\":\"2025-04-14T11:27:00+00:00\",\"dateModified\":\"2025-04-14T11:43:22+00:00\",\"breadcrumb\":{\"@id\":\"https:\\\/\\\/informelitoral.com.ar\\\/el-instituto-becario-impulsa-su-programa-de-apoyo-escolar\\\/#breadcrumb\"},\"inLanguage\":\"es\",\"potentialAction\":[{\"@type\":\"ReadAction\",\"target\":[\"https:\\\/\\\/informelitoral.com.ar\\\/el-instituto-becario-impulsa-su-programa-de-apoyo-escolar\\\/\"]}]},{\"@type\":\"ImageObject\",\"inLanguage\":\"es\",\"@id\":\"https:\\\/\\\/informelitoral.com.ar\\\/el-instituto-becario-impulsa-su-programa-de-apoyo-escolar\\\/#primaryimage\",\"url\":\"https:\\\/\\\/informelitoral.com.ar\\\/%77%70%2d%63%6f%6e%74%65%6e%74\\\/uploads\\\/2025\\\/04\\\/1-firma-educando.jpg\",\"contentUrl\":\"https:\\\/\\\/informelitoral.com.ar\\\/%77%70%2d%63%6f%6e%74%65%6e%74\\\/uploads\\\/2025\\\/04\\\/1-firma-educando.jpg\",\"width\":1920,\"height\":1154},{\"@type\":\"BreadcrumbList\",\"@id\":\"https:\\\/\\\/informelitoral.com.ar\\\/el-instituto-becario-impulsa-su-programa-de-apoyo-escolar\\\/#breadcrumb\",\"itemListElement\":[{\"@type\":\"ListItem\",\"position\":1,\"name\":\"Portada\",\"item\":\"https:\\\/\\\/informelitoral.com.ar\\\/\"},{\"@type\":\"ListItem\",\"position\":2,\"name\":\"El Instituto Becario impulsa su programa de apoyo escolar\"}]},{\"@type\":\"WebSite\",\"@id\":\"https:\\\/\\\/informelitoral.com.ar\\\/#website\",\"url\":\"https:\\\/\\\/informelitoral.com.ar\\\/\",\"name\":\"Informe Litoral\",\"description\":\"&quot;Nos informamos&quot; \",\"publisher\":{\"@id\":\"https:\\\/\\\/informelitoral.com.ar\\\/#organization\"},\"potentialAction\":[{\"@type\":\"SearchAction\",\"target\":{\"@type\":\"EntryPoint\",\"urlTemplate\":\"https:\\\/\\\/informelitoral.com.ar\\\/?s={search_term_string}\"},\"query-input\":{\"@type\":\"PropertyValueSpecification\",\"valueRequired\":true,\"valueName\":\"search_term_string\"}}],\"inLanguage\":\"es\"},{\"@type\":\"Organization\",\"@id\":\"https:\\\/\\\/informelitoral.com.ar\\\/#organization\",\"name\":\"Informe Litoral\",\"url\":\"https:\\\/\\\/informelitoral.com.ar\\\/\",\"logo\":{\"@type\":\"ImageObject\",\"inLanguage\":\"es\",\"@id\":\"https:\\\/\\\/informelitoral.com.ar\\\/#\\\/schema\\\/logo\\\/image\\\/\",\"url\":\"https:\\\/\\\/informelitoral.com.ar\\\/%77%70%2d%63%6f%6e%74%65%6e%74\\\/uploads\\\/2021\\\/01\\\/circulo.png\",\"contentUrl\":\"https:\\\/\\\/informelitoral.com.ar\\\/%77%70%2d%63%6f%6e%74%65%6e%74\\\/uploads\\\/2021\\\/01\\\/circulo.png\",\"width\":723,\"height\":731,\"caption\":\"Informe Litoral\"},\"image\":{\"@id\":\"https:\\\/\\\/informelitoral.com.ar\\\/#\\\/schema\\\/logo\\\/image\\\/\"},\"sameAs\":[\"https:\\\/\\\/www.facebook.com\\\/informelitoral\\\/\",\"https:\\\/\\\/x.com\\\/InformeLitoral\",\"https:\\\/\\\/www.instagram.com\\\/informelitoral\\\/\",\"https:\\\/\\\/www.youtube.com\\\/channel\\\/UCua4Qvz8Icb6MYqhoq9xLXw\"]},{\"@type\":\"Person\",\"@id\":\"https:\\\/\\\/informelitoral.com.ar\\\/#\\\/schema\\\/person\\\/b9d00407c836482871ef1d57bf8e3180\",\"name\":\"Gonzalo Schmidt\",\"image\":{\"@type\":\"ImageObject\",\"inLanguage\":\"es\",\"@id\":\"https:\\\/\\\/secure.gravatar.com\\\/avatar\\\/31a1a7b66ff2de83bd0e9fd79d026630d2d99e55e8bfe501287647b4fd9743de?s=96&d=mm&r=g\",\"url\":\"https:\\\/\\\/secure.gravatar.com\\\/avatar\\\/31a1a7b66ff2de83bd0e9fd79d026630d2d99e55e8bfe501287647b4fd9743de?s=96&d=mm&r=g\",\"contentUrl\":\"https:\\\/\\\/secure.gravatar.com\\\/avatar\\\/31a1a7b66ff2de83bd0e9fd79d026630d2d99e55e8bfe501287647b4fd9743de?s=96&d=mm&r=g\",\"caption\":\"Gonzalo Schmidt\"},\"description\":\"Sitio web de noticias de la provincia de Entre R\u00edos, Argentina. Informaci\u00f3n y entretenimiento. Informe Litoral, nos informamos.\",\"sameAs\":[\"http:\\\/\\\/www.isletasnoticias.com.ar\"],\"url\":\"https:\\\/\\\/informelitoral.com.ar\\\/author\\\/gonzalo\\\/\"}]}<\/script>","yoast_head_json":{"title":"El Instituto Becario impulsa su programa de apoyo escolar - Informe Litoral","robots":{"index":"index","follow":"follow","max-snippet":"max-snippet:-1","max-image-preview":"max-image-preview:large","max-video-preview":"max-video-preview:-1"},"canonical":"https:\/\/informelitoral.com.ar\/el-instituto-becario-impulsa-su-programa-de-apoyo-escolar\/","og_locale":"es_ES","og_type":"article","og_title":"El Instituto Becario impulsa su programa de apoyo escolar - Informe Litoral","og_description":"Comenz\u00f3 Educando en Movimiento, un servicio que ya se presta en 10 puntos de la provincia. Con apoyo escolar y actividades recreativas, el organismo acompa\u00f1a el trayecto escolar de ni\u00f1os de 6 a 13 a\u00f1os. Gualeguay se sum\u00f3 al programa.","og_url":"https:\/\/informelitoral.com.ar\/el-instituto-becario-impulsa-su-programa-de-apoyo-escolar\/","og_site_name":"Informe Litoral","article_publisher":"https:\/\/www.facebook.com\/informelitoral\/","article_published_time":"2025-04-14T11:27:00+00:00","article_modified_time":"2025-04-14T11:43:22+00:00","og_image":[{"width":1920,"height":1154,"url":"https:\/\/informelitoral.com.ar\/%77%70%2d%63%6f%6e%74%65%6e%74\/uploads\/2025\/04\/1-firma-educando.jpg","type":"image\/jpeg"}],"author":"Gonzalo Schmidt","twitter_card":"summary_large_image","twitter_creator":"@InformeLitoral","twitter_site":"@InformeLitoral","twitter_misc":{"Escrito por":"Gonzalo Schmidt","Tiempo de lectura":"1 minuto"},"schema":{"@context":"https:\/\/schema.org","@graph":[{"@type":"Article","@id":"https:\/\/informelitoral.com.ar\/el-instituto-becario-impulsa-su-programa-de-apoyo-escolar\/#article","isPartOf":{"@id":"https:\/\/informelitoral.com.ar\/el-instituto-becario-impulsa-su-programa-de-apoyo-escolar\/"},"author":{"name":"Gonzalo Schmidt","@id":"https:\/\/informelitoral.com.ar\/#\/schema\/person\/b9d00407c836482871ef1d57bf8e3180"},"headline":"El Instituto Becario impulsa su programa de apoyo escolar","datePublished":"2025-04-14T11:27:00+00:00","dateModified":"2025-04-14T11:43:22+00:00","mainEntityOfPage":{"@id":"https:\/\/informelitoral.com.ar\/el-instituto-becario-impulsa-su-programa-de-apoyo-escolar\/"},"wordCount":156,"commentCount":0,"publisher":{"@id":"https:\/\/informelitoral.com.ar\/#organization"},"image":{"@id":"https:\/\/informelitoral.com.ar\/el-instituto-becario-impulsa-su-programa-de-apoyo-escolar\/#primaryimage"},"thumbnailUrl":"https:\/\/informelitoral.com.ar\/%77%70%2d%63%6f%6e%74%65%6e%74\/uploads\/2025\/04\/1-firma-educando.jpg","keywords":["Apoyo escolar","Becario"],"articleSection":["Entre R\u00edos"],"inLanguage":"es","potentialAction":[{"@type":"CommentAction","name":"Comment","target":["https:\/\/informelitoral.com.ar\/el-instituto-becario-impulsa-su-programa-de-apoyo-escolar\/#respond"]}]},{"@type":"WebPage","@id":"https:\/\/informelitoral.com.ar\/el-instituto-becario-impulsa-su-programa-de-apoyo-escolar\/","url":"https:\/\/informelitoral.com.ar\/el-instituto-becario-impulsa-su-programa-de-apoyo-escolar\/","name":"El Instituto Becario impulsa su programa de apoyo escolar - Informe Litoral","isPartOf":{"@id":"https:\/\/informelitoral.com.ar\/#website"},"primaryImageOfPage":{"@id":"https:\/\/informelitoral.com.ar\/el-instituto-becario-impulsa-su-programa-de-apoyo-escolar\/#primaryimage"},"image":{"@id":"https:\/\/informelitoral.com.ar\/el-instituto-becario-impulsa-su-programa-de-apoyo-escolar\/#primaryimage"},"thumbnailUrl":"https:\/\/informelitoral.com.ar\/%77%70%2d%63%6f%6e%74%65%6e%74\/uploads\/2025\/04\/1-firma-educando.jpg","datePublished":"2025-04-14T11:27:00+00:00","dateModified":"2025-04-14T11:43:22+00:00","breadcrumb":{"@id":"https:\/\/informelitoral.com.ar\/el-instituto-becario-impulsa-su-programa-de-apoyo-escolar\/#breadcrumb"},"inLanguage":"es","potentialAction":[{"@type":"ReadAction","target":["https:\/\/informelitoral.com.ar\/el-instituto-becario-impulsa-su-programa-de-apoyo-escolar\/"]}]},{"@type":"ImageObject","inLanguage":"es","@id":"https:\/\/informelitoral.com.ar\/el-instituto-becario-impulsa-su-programa-de-apoyo-escolar\/#primaryimage","url":"https:\/\/informelitoral.com.ar\/%77%70%2d%63%6f%6e%74%65%6e%74\/uploads\/2025\/04\/1-firma-educando.jpg","contentUrl":"https:\/\/informelitoral.com.ar\/%77%70%2d%63%6f%6e%74%65%6e%74\/uploads\/2025\/04\/1-firma-educando.jpg","width":1920,"height":1154},{"@type":"BreadcrumbList","@id":"https:\/\/informelitoral.com.ar\/el-instituto-becario-impulsa-su-programa-de-apoyo-escolar\/#breadcrumb","itemListElement":[{"@type":"ListItem","position":1,"name":"Portada","item":"https:\/\/informelitoral.com.ar\/"},{"@type":"ListItem","position":2,"name":"El Instituto Becario impulsa su programa de apoyo escolar"}]},{"@type":"WebSite","@id":"https:\/\/informelitoral.com.ar\/#website","url":"https:\/\/informelitoral.com.ar\/","name":"Informe Litoral","description":"&quot;Nos informamos&quot; ","publisher":{"@id":"https:\/\/informelitoral.com.ar\/#organization"},"potentialAction":[{"@type":"SearchAction","target":{"@type":"EntryPoint","urlTemplate":"https:\/\/informelitoral.com.ar\/?s={search_term_string}"},"query-input":{"@type":"PropertyValueSpecification","valueRequired":true,"valueName":"search_term_string"}}],"inLanguage":"es"},{"@type":"Organization","@id":"https:\/\/informelitoral.com.ar\/#organization","name":"Informe Litoral","url":"https:\/\/informelitoral.com.ar\/","logo":{"@type":"ImageObject","inLanguage":"es","@id":"https:\/\/informelitoral.com.ar\/#\/schema\/logo\/image\/","url":"https:\/\/informelitoral.com.ar\/%77%70%2d%63%6f%6e%74%65%6e%74\/uploads\/2021\/01\/circulo.png","contentUrl":"https:\/\/informelitoral.com.ar\/%77%70%2d%63%6f%6e%74%65%6e%74\/uploads\/2021\/01\/circulo.png","width":723,"height":731,"caption":"Informe Litoral"},"image":{"@id":"https:\/\/informelitoral.com.ar\/#\/schema\/logo\/image\/"},"sameAs":["https:\/\/www.facebook.com\/informelitoral\/","https:\/\/x.com\/InformeLitoral","https:\/\/www.instagram.com\/informelitoral\/","https:\/\/www.youtube.com\/channel\/UCua4Qvz8Icb6MYqhoq9xLXw"]},{"@type":"Person","@id":"https:\/\/informelitoral.com.ar\/#\/schema\/person\/b9d00407c836482871ef1d57bf8e3180","name":"Gonzalo Schmidt","image":{"@type":"ImageObject","inLanguage":"es","@id":"https:\/\/secure.gravatar.com\/avatar\/31a1a7b66ff2de83bd0e9fd79d026630d2d99e55e8bfe501287647b4fd9743de?s=96&d=mm&r=g","url":"https:\/\/secure.gravatar.com\/avatar\/31a1a7b66ff2de83bd0e9fd79d026630d2d99e55e8bfe501287647b4fd9743de?s=96&d=mm&r=g","contentUrl":"https:\/\/secure.gravatar.com\/avatar\/31a1a7b66ff2de83bd0e9fd79d026630d2d99e55e8bfe501287647b4fd9743de?s=96&d=mm&r=g","caption":"Gonzalo Schmidt"},"description":"Sitio web de noticias de la provincia de Entre R\u00edos, Argentina. Informaci\u00f3n y entretenimiento. Informe Litoral, nos informamos.","sameAs":["http:\/\/www.isletasnoticias.com.ar"],"url":"https:\/\/informelitoral.com.ar\/author\/gonzalo\/"}]}},"_links":{"self":[{"href":"https:\/\/informelitoral.com.ar\/%77%70%2d%6a%73%6f%6e\/wp\/v2\/posts\/218166","targetHints":{"allow":["GET"]}}],"collection":[{"href":"https:\/\/informelitoral.com.ar\/%77%70%2d%6a%73%6f%6e\/wp\/v2\/posts"}],"about":[{"href":"https:\/\/informelitoral.com.ar\/%77%70%2d%6a%73%6f%6e\/wp\/v2\/types\/post"}],"author":[{"embeddable":true,"href":"https:\/\/informelitoral.com.ar\/%77%70%2d%6a%73%6f%6e\/wp\/v2\/users\/2"}],"replies":[{"embeddable":true,"href":"https:\/\/informelitoral.com.ar\/%77%70%2d%6a%73%6f%6e\/wp\/v2\/comments?post=218166"}],"version-history":[{"count":0,"href":"https:\/\/informelitoral.com.ar\/%77%70%2d%6a%73%6f%6e\/wp\/v2\/posts\/218166\/revisions"}],"wp:featuredmedia":[{"embeddable":true,"href":"https:\/\/informelitoral.com.ar\/%77%70%2d%6a%73%6f%6e\/wp\/v2\/media\/218168"}],"wp:attachment":[{"href":"https:\/\/informelitoral.com.ar\/%77%70%2d%6a%73%6f%6e\/wp\/v2\/media?parent=218166"}],"wp:term":[{"taxonomy":"category","embeddable":true,"href":"https:\/\/informelitoral.com.ar\/%77%70%2d%6a%73%6f%6e\/wp\/v2\/categories?post=218166"},{"taxonomy":"post_tag","embeddable":true,"href":"https:\/\/informelitoral.com.ar\/%77%70%2d%6a%73%6f%6e\/wp\/v2\/tags?post=218166"}],"curies":[{"name":"wp","href":"https:\/\/api.w.org\/{rel}","templated":true}]}}