{"id":218142,"date":"2025-04-12T19:57:28","date_gmt":"2025-04-12T22:57:28","guid":{"rendered":"https:\/\/informelitoral.com.ar\/?p=218142"},"modified":"2025-04-12T20:07:49","modified_gmt":"2025-04-12T23:07:49","slug":"canal-de-television-nacional-tendra-movil-desde-puerto-sanchez","status":"publish","type":"post","link":"https:\/\/informelitoral.com.ar\/canal-de-television-nacional-tendra-movil-desde-puerto-sanchez\/","title":{"rendered":"Canal de televisi\u00f3n nacional tendr\u00e1 m\u00f3vil desde Puerto S\u00e1nchez"},"content":{"rendered":"<p>Este <strong>domingo 13 de abril<\/strong>, el canal de cable<a href=\"https:\/\/x.com\/_ipnoticias\" target=\"_blank\" rel=\"noopener\"> <em><strong>IP Noticias<\/strong><\/em><\/a> tendr\u00e1 un <strong>m\u00f3vil en vivo<\/strong> entre las <strong>08.00 y las 12.00<\/strong> del tradicional y emblem\u00e1tico <strong>barrio pesquero paranaense.<\/strong><\/p>\n<p>El corresponsal en Entre R\u00edos,<a href=\"https:\/\/ar.linkedin.com\/in\/gonzalo-schmidt-1a3143b4\" target=\"_blank\" rel=\"noopener\"><strong> Gonzalo Schmidt<\/strong><\/a>, adelant\u00f3 que durante las salidas, adem\u00e1s de mostrar Puerto S\u00e1nchez, tienen previsto hablar con <strong>Ver\u00f3nica Gim\u00e9nez<\/strong>, la <strong>ganadora del concurso de empanadas 2024<\/strong>; referentes de un <strong>tradicional comedor<\/strong> de pescado, <strong>vecinos y turistas.<\/strong><\/p>\n<p>Esta transmisi\u00f3n se da en la previa de la <strong>Octava edici\u00f3n de la Fiesta de la Empanada de Pescado de R\u00edo<\/strong> que comenzar\u00e1 el jueves 17 de abril en Semana Santa donde se da un gran movimiento tur\u00edstico que visita la ciudad y se acerca a disfrutar de los exquisitos platos a base de pescado.<\/p>\n<figure id=\"attachment_218145\" aria-describedby=\"caption-attachment-218145\" style=\"width: 2560px\" class=\"wp-caption aligncenter\"><a href=\"https:\/\/informelitoral.com.ar\/%77%70%2d%63%6f%6e%74%65%6e%74\/uploads\/2025\/04\/ip-noticias-puerto-sanchez-parana-scaled.jpg\"><img loading=\"lazy\" decoding=\"async\" class=\"wp-image-218145 size-full\" src=\"https:\/\/informelitoral.com.ar\/%77%70%2d%63%6f%6e%74%65%6e%74\/uploads\/2025\/04\/ip-noticias-puerto-sanchez-parana-scaled.jpg\" alt=\"\" width=\"2560\" height=\"1920\" srcset=\"https:\/\/informelitoral.com.ar\/%77%70%2d%63%6f%6e%74%65%6e%74\/uploads\/2025\/04\/ip-noticias-puerto-sanchez-parana-scaled.jpg 2560w, https:\/\/informelitoral.com.ar\/%77%70%2d%63%6f%6e%74%65%6e%74\/uploads\/2025\/04\/ip-noticias-puerto-sanchez-parana-300x225.jpg 300w, https:\/\/informelitoral.com.ar\/%77%70%2d%63%6f%6e%74%65%6e%74\/uploads\/2025\/04\/ip-noticias-puerto-sanchez-parana-1024x768.jpg 1024w, https:\/\/informelitoral.com.ar\/%77%70%2d%63%6f%6e%74%65%6e%74\/uploads\/2025\/04\/ip-noticias-puerto-sanchez-parana-768x576.jpg 768w, https:\/\/informelitoral.com.ar\/%77%70%2d%63%6f%6e%74%65%6e%74\/uploads\/2025\/04\/ip-noticias-puerto-sanchez-parana-1536x1152.jpg 1536w, https:\/\/informelitoral.com.ar\/%77%70%2d%63%6f%6e%74%65%6e%74\/uploads\/2025\/04\/ip-noticias-puerto-sanchez-parana-2048x1536.jpg 2048w, https:\/\/informelitoral.com.ar\/%77%70%2d%63%6f%6e%74%65%6e%74\/uploads\/2025\/04\/ip-noticias-puerto-sanchez-parana-560x420.jpg 560w, https:\/\/informelitoral.com.ar\/%77%70%2d%63%6f%6e%74%65%6e%74\/uploads\/2025\/04\/ip-noticias-puerto-sanchez-parana-80x60.jpg 80w, https:\/\/informelitoral.com.ar\/%77%70%2d%63%6f%6e%74%65%6e%74\/uploads\/2025\/04\/ip-noticias-puerto-sanchez-parana-696x522.jpg 696w, https:\/\/informelitoral.com.ar\/%77%70%2d%63%6f%6e%74%65%6e%74\/uploads\/2025\/04\/ip-noticias-puerto-sanchez-parana-1068x801.jpg 1068w, https:\/\/informelitoral.com.ar\/%77%70%2d%63%6f%6e%74%65%6e%74\/uploads\/2025\/04\/ip-noticias-puerto-sanchez-parana-1920x1440.jpg 1920w, https:\/\/informelitoral.com.ar\/%77%70%2d%63%6f%6e%74%65%6e%74\/uploads\/2025\/04\/ip-noticias-puerto-sanchez-parana-265x198.jpg 265w\" sizes=\"auto, (max-width: 2560px) 100vw, 2560px\" \/><\/a><figcaption id=\"caption-attachment-218145\" class=\"wp-caption-text\">IP Noticias es el \u00fanico canal nacional con corresponsales permanentes en todo el pa\u00eds.<\/figcaption><\/figure>\n<p><em>IP Noticias<\/em> pertenece al <em>Grupo Octubre<\/em> que entre sus medios m\u00e1s destacados cuenta con<em>\u00a0P\u00e1gina 12, AM 750, FM Aspen<\/em>, entre otros, como la reciente participaci\u00f3n en\u00a0<em>Radio Contiental. <\/em>Hace algunos meses realizaron un relanzamiento de la se\u00f1al y entre otras cuestiones<strong> fortalecieron las corresponsal\u00edas en todo el pa\u00eds<\/strong>, siendo en este momento <strong>el canal porte\u00f1o m\u00e1s federal.<\/strong><\/p>\n<p>El corresponsal entrerriano asegur\u00f3 que las salidas desde Puerto S\u00e1nchez <strong>\u00abse har\u00e1n a pulm\u00f3n. Ni el canal ni yo, pedimos un centavo al Municipio, la Provincia o un privado.<\/strong> Esperamos conseguir alguna de esas ricas empanadas\u00bb, brome\u00f3 y <strong>pidi\u00f3 que la gente acompa\u00f1e a la se\u00f1al \u00abpor este gesto de federalismo\u00bb.<\/strong><\/p>\n<blockquote class=\"wp-embedded-content\" data-secret=\"j5VVFZ10Pp\"><p><a href=\"https:\/\/informelitoral.com.ar\/ip-noticias-tendra-mayor-presencia-con-informacion-desde-entre-rios\/\">IP Noticias tendr\u00e1 mayor presencia con informaci\u00f3n desde Entre R\u00edos<\/a><\/p><\/blockquote>\n<p><iframe loading=\"lazy\" class=\"wp-embedded-content\" sandbox=\"allow-scripts\" security=\"restricted\" style=\"position: absolute; visibility: hidden;\" title=\"\u00abIP Noticias tendr\u00e1 mayor presencia con informaci\u00f3n desde Entre R\u00edos\u00bb \u2014 Informe Litoral\" src=\"https:\/\/informelitoral.com.ar\/ip-noticias-tendra-mayor-presencia-con-informacion-desde-entre-rios\/embed\/#?secret=TLtvdTerHF#?secret=j5VVFZ10Pp\" data-secret=\"j5VVFZ10Pp\" width=\"600\" height=\"338\" frameborder=\"0\" marginwidth=\"0\" marginheight=\"0\" scrolling=\"no\"><\/iframe><\/p>\n<h2><strong>C\u00f3mo ver IP Noticias\u00a0<\/strong><\/h2>\n<p><span class=\"css-1jxf684 r-bcqeeo r-1ttztb7 r-qvutc0 r-poiln3\">Telecentro 17;\u00a0<\/span><span class=\"css-1jxf684 r-bcqeeo r-1ttztb7 r-qvutc0 r-poiln3\">Flow 24 y 82.2;\u00a0<\/span><span class=\"css-1jxf684 r-bcqeeo r-1ttztb7 r-qvutc0 r-poiln3\">TDA 24.5;\u00a0<\/span><span class=\"css-1jxf684 r-bcqeeo r-1ttztb7 r-qvutc0 r-poiln3\">DirecTV 721 y 1721;\u200a<\/span><span class=\"css-1jxf684 r-bcqeeo r-1ttztb7 r-qvutc0 r-poiln3\">Claro TV 19 y \u200a<\/span><span class=\"css-1jxf684 r-bcqeeo r-1ttztb7 r-qvutc0 r-poiln3\">\u200aMovistar TV 106. Adem\u00e1s desde el sitio web:\u00a0<a href=\"https:\/\/ipnoticias.ar\/\">IPNOTICIAS.AR.\u00a0<\/a><\/span><em>(Informe Litoral)<\/em><\/p>\n<h6><em><strong>Del archivo:\u00a0<a href=\"https:\/\/informelitoral.com.ar\/pablo-donadio-explico-porque-es-necesario-actualizar-la-defensoria-del-pueblo\/\" target=\"_blank\" rel=\"noopener\">Pablo Donad\u00edo explic\u00f3 porqu\u00e9 es necesario actualizar la Defensor\u00eda del Pueblo<\/a><\/strong><\/em><\/h6>\n<h6><em><strong><a href=\"https:\/\/informelitoral.com.ar\/enrique-rios-no-recibimos-ningun-acompanamiento-del-gobierno-nacional-y-muy-escaso-de-la-provincia\/\" target=\"_blank\" rel=\"noopener\">Enrique R\u00edos: \u00abNo recibimos ning\u00fan acompa\u00f1amiento del Gobierno nacional y muy escaso de la Provincia\u00bb<\/a><\/strong><\/em><\/h6>\n","protected":false},"excerpt":{"rendered":"<p>Ser\u00e1 este domingo 13 de abril entre las 8 y las 12. Adem\u00e1s se mostrar el barrio, tienen previsto hablar con la ganadora del concurso de empanadas de pescado de r\u00edo 2024 y uno de los tradicionales comedores. En Semana Santa es uno de los lugares m\u00e1s elegidos de la provincia. <\/p>\n","protected":false},"author":2,"featured_media":218146,"comment_status":"open","ping_status":"open","sticky":false,"template":"","format":"standard","meta":{"fifu_image_url":"","fifu_image_alt":"","footnotes":""},"categories":[1597],"tags":[5662,45,931,4585,5106,2259,357,104],"class_list":{"0":"post-218142","1":"post","2":"type-post","3":"status-publish","4":"format-standard","5":"has-post-thumbnail","7":"category-parana","8":"tag-ip-noticias","9":"tag-parana","10":"tag-pescado","11":"tag-pescadores","12":"tag-programa-de-television","13":"tag-semana-santa","14":"tag-television","15":"tag-turismo"},"yoast_head":"<title>Canal de televisi\u00f3n nacional tendr\u00e1 m\u00f3vil desde Puerto S\u00e1nchez - Informe Litoral<\/title>\n<meta name=\"robots\" content=\"index, follow, max-snippet:-1, max-image-preview:large, max-video-preview:-1\" \/>\n<link rel=\"canonical\" href=\"https:\/\/informelitoral.com.ar\/canal-de-television-nacional-tendra-movil-desde-puerto-sanchez\/\" \/>\n<meta property=\"og:locale\" content=\"es_ES\" \/>\n<meta property=\"og:type\" content=\"article\" \/>\n<meta property=\"og:title\" content=\"Canal de televisi\u00f3n nacional tendr\u00e1 m\u00f3vil desde Puerto S\u00e1nchez - Informe Litoral\" \/>\n<meta property=\"og:description\" content=\"Ser\u00e1 este domingo 13 de abril entre las 8 y las 12. Adem\u00e1s se mostrar el barrio, tienen previsto hablar con la ganadora del concurso de empanadas de pescado de r\u00edo 2024 y uno de los tradicionales comedores. En Semana Santa es uno de los lugares m\u00e1s elegidos de la provincia.\" \/>\n<meta property=\"og:url\" content=\"https:\/\/informelitoral.com.ar\/canal-de-television-nacional-tendra-movil-desde-puerto-sanchez\/\" \/>\n<meta property=\"og:site_name\" content=\"Informe Litoral\" \/>\n<meta property=\"article:publisher\" content=\"https:\/\/www.facebook.com\/informelitoral\/\" \/>\n<meta property=\"article:published_time\" content=\"2025-04-12T22:57:28+00:00\" \/>\n<meta property=\"article:modified_time\" content=\"2025-04-12T23:07:49+00:00\" \/>\n<meta property=\"og:image\" content=\"https:\/\/informelitoral.com.ar\/%77%70%2d%63%6f%6e%74%65%6e%74\/uploads\/2025\/04\/ip-noticias-puerto-sanchez-pescado-scaled.jpg\" \/>\n\t<meta property=\"og:image:width\" content=\"2560\" \/>\n\t<meta property=\"og:image:height\" content=\"1920\" \/>\n\t<meta property=\"og:image:type\" content=\"image\/jpeg\" \/>\n<meta name=\"author\" content=\"Gonzalo Schmidt\" \/>\n<meta name=\"twitter:card\" content=\"summary_large_image\" \/>\n<meta name=\"twitter:creator\" content=\"@InformeLitoral\" \/>\n<meta name=\"twitter:site\" content=\"@InformeLitoral\" \/>\n<meta name=\"twitter:label1\" content=\"Escrito por\" \/>\n\t<meta name=\"twitter:data1\" content=\"Gonzalo Schmidt\" \/>\n\t<meta name=\"twitter:label2\" content=\"Tiempo de lectura\" \/>\n\t<meta name=\"twitter:data2\" content=\"2 minutos\" \/>\n<script type=\"application\/ld+json\" class=\"yoast-schema-graph\">{\"@context\":\"https:\\\/\\\/schema.org\",\"@graph\":[{\"@type\":\"Article\",\"@id\":\"https:\\\/\\\/informelitoral.com.ar\\\/canal-de-television-nacional-tendra-movil-desde-puerto-sanchez\\\/#article\",\"isPartOf\":{\"@id\":\"https:\\\/\\\/informelitoral.com.ar\\\/canal-de-television-nacional-tendra-movil-desde-puerto-sanchez\\\/\"},\"author\":{\"name\":\"Gonzalo Schmidt\",\"@id\":\"https:\\\/\\\/informelitoral.com.ar\\\/#\\\/schema\\\/person\\\/b9d00407c836482871ef1d57bf8e3180\"},\"headline\":\"Canal de televisi\u00f3n nacional tendr\u00e1 m\u00f3vil desde Puerto S\u00e1nchez\",\"datePublished\":\"2025-04-12T22:57:28+00:00\",\"dateModified\":\"2025-04-12T23:07:49+00:00\",\"mainEntityOfPage\":{\"@id\":\"https:\\\/\\\/informelitoral.com.ar\\\/canal-de-television-nacional-tendra-movil-desde-puerto-sanchez\\\/\"},\"wordCount\":348,\"commentCount\":0,\"publisher\":{\"@id\":\"https:\\\/\\\/informelitoral.com.ar\\\/#organization\"},\"image\":{\"@id\":\"https:\\\/\\\/informelitoral.com.ar\\\/canal-de-television-nacional-tendra-movil-desde-puerto-sanchez\\\/#primaryimage\"},\"thumbnailUrl\":\"https:\\\/\\\/informelitoral.com.ar\\\/%77%70%2d%63%6f%6e%74%65%6e%74\\\/uploads\\\/2025\\\/04\\\/ip-noticias-puerto-sanchez-pescado-scaled.jpg\",\"keywords\":[\"IP Noticias\",\"Paran\u00e1\",\"Pescado\",\"Pescadores\",\"Programa de Televisi\u00f3n\",\"Semana Santa\",\"Televisi\u00f3n\",\"Turismo\"],\"articleSection\":[\"Paran\u00e1\"],\"inLanguage\":\"es\",\"potentialAction\":[{\"@type\":\"CommentAction\",\"name\":\"Comment\",\"target\":[\"https:\\\/\\\/informelitoral.com.ar\\\/canal-de-television-nacional-tendra-movil-desde-puerto-sanchez\\\/#respond\"]}]},{\"@type\":\"WebPage\",\"@id\":\"https:\\\/\\\/informelitoral.com.ar\\\/canal-de-television-nacional-tendra-movil-desde-puerto-sanchez\\\/\",\"url\":\"https:\\\/\\\/informelitoral.com.ar\\\/canal-de-television-nacional-tendra-movil-desde-puerto-sanchez\\\/\",\"name\":\"Canal de televisi\u00f3n nacional tendr\u00e1 m\u00f3vil desde Puerto S\u00e1nchez - Informe Litoral\",\"isPartOf\":{\"@id\":\"https:\\\/\\\/informelitoral.com.ar\\\/#website\"},\"primaryImageOfPage\":{\"@id\":\"https:\\\/\\\/informelitoral.com.ar\\\/canal-de-television-nacional-tendra-movil-desde-puerto-sanchez\\\/#primaryimage\"},\"image\":{\"@id\":\"https:\\\/\\\/informelitoral.com.ar\\\/canal-de-television-nacional-tendra-movil-desde-puerto-sanchez\\\/#primaryimage\"},\"thumbnailUrl\":\"https:\\\/\\\/informelitoral.com.ar\\\/%77%70%2d%63%6f%6e%74%65%6e%74\\\/uploads\\\/2025\\\/04\\\/ip-noticias-puerto-sanchez-pescado-scaled.jpg\",\"datePublished\":\"2025-04-12T22:57:28+00:00\",\"dateModified\":\"2025-04-12T23:07:49+00:00\",\"breadcrumb\":{\"@id\":\"https:\\\/\\\/informelitoral.com.ar\\\/canal-de-television-nacional-tendra-movil-desde-puerto-sanchez\\\/#breadcrumb\"},\"inLanguage\":\"es\",\"potentialAction\":[{\"@type\":\"ReadAction\",\"target\":[\"https:\\\/\\\/informelitoral.com.ar\\\/canal-de-television-nacional-tendra-movil-desde-puerto-sanchez\\\/\"]}]},{\"@type\":\"ImageObject\",\"inLanguage\":\"es\",\"@id\":\"https:\\\/\\\/informelitoral.com.ar\\\/canal-de-television-nacional-tendra-movil-desde-puerto-sanchez\\\/#primaryimage\",\"url\":\"https:\\\/\\\/informelitoral.com.ar\\\/%77%70%2d%63%6f%6e%74%65%6e%74\\\/uploads\\\/2025\\\/04\\\/ip-noticias-puerto-sanchez-pescado-scaled.jpg\",\"contentUrl\":\"https:\\\/\\\/informelitoral.com.ar\\\/%77%70%2d%63%6f%6e%74%65%6e%74\\\/uploads\\\/2025\\\/04\\\/ip-noticias-puerto-sanchez-pescado-scaled.jpg\",\"width\":2560,\"height\":1920,\"caption\":\"IP Noticias estar\u00e1 en Puerto S\u00e1nchez, Paran\u00e1.\"},{\"@type\":\"BreadcrumbList\",\"@id\":\"https:\\\/\\\/informelitoral.com.ar\\\/canal-de-television-nacional-tendra-movil-desde-puerto-sanchez\\\/#breadcrumb\",\"itemListElement\":[{\"@type\":\"ListItem\",\"position\":1,\"name\":\"Portada\",\"item\":\"https:\\\/\\\/informelitoral.com.ar\\\/\"},{\"@type\":\"ListItem\",\"position\":2,\"name\":\"Canal de televisi\u00f3n nacional tendr\u00e1 m\u00f3vil desde Puerto S\u00e1nchez\"}]},{\"@type\":\"WebSite\",\"@id\":\"https:\\\/\\\/informelitoral.com.ar\\\/#website\",\"url\":\"https:\\\/\\\/informelitoral.com.ar\\\/\",\"name\":\"Informe Litoral\",\"description\":\"&quot;Nos informamos&quot; \",\"publisher\":{\"@id\":\"https:\\\/\\\/informelitoral.com.ar\\\/#organization\"},\"potentialAction\":[{\"@type\":\"SearchAction\",\"target\":{\"@type\":\"EntryPoint\",\"urlTemplate\":\"https:\\\/\\\/informelitoral.com.ar\\\/?s={search_term_string}\"},\"query-input\":{\"@type\":\"PropertyValueSpecification\",\"valueRequired\":true,\"valueName\":\"search_term_string\"}}],\"inLanguage\":\"es\"},{\"@type\":\"Organization\",\"@id\":\"https:\\\/\\\/informelitoral.com.ar\\\/#organization\",\"name\":\"Informe Litoral\",\"url\":\"https:\\\/\\\/informelitoral.com.ar\\\/\",\"logo\":{\"@type\":\"ImageObject\",\"inLanguage\":\"es\",\"@id\":\"https:\\\/\\\/informelitoral.com.ar\\\/#\\\/schema\\\/logo\\\/image\\\/\",\"url\":\"https:\\\/\\\/informelitoral.com.ar\\\/%77%70%2d%63%6f%6e%74%65%6e%74\\\/uploads\\\/2021\\\/01\\\/circulo.png\",\"contentUrl\":\"https:\\\/\\\/informelitoral.com.ar\\\/%77%70%2d%63%6f%6e%74%65%6e%74\\\/uploads\\\/2021\\\/01\\\/circulo.png\",\"width\":723,\"height\":731,\"caption\":\"Informe Litoral\"},\"image\":{\"@id\":\"https:\\\/\\\/informelitoral.com.ar\\\/#\\\/schema\\\/logo\\\/image\\\/\"},\"sameAs\":[\"https:\\\/\\\/www.facebook.com\\\/informelitoral\\\/\",\"https:\\\/\\\/x.com\\\/InformeLitoral\",\"https:\\\/\\\/www.instagram.com\\\/informelitoral\\\/\",\"https:\\\/\\\/www.youtube.com\\\/channel\\\/UCua4Qvz8Icb6MYqhoq9xLXw\"]},{\"@type\":\"Person\",\"@id\":\"https:\\\/\\\/informelitoral.com.ar\\\/#\\\/schema\\\/person\\\/b9d00407c836482871ef1d57bf8e3180\",\"name\":\"Gonzalo Schmidt\",\"image\":{\"@type\":\"ImageObject\",\"inLanguage\":\"es\",\"@id\":\"https:\\\/\\\/secure.gravatar.com\\\/avatar\\\/31a1a7b66ff2de83bd0e9fd79d026630d2d99e55e8bfe501287647b4fd9743de?s=96&d=mm&r=g\",\"url\":\"https:\\\/\\\/secure.gravatar.com\\\/avatar\\\/31a1a7b66ff2de83bd0e9fd79d026630d2d99e55e8bfe501287647b4fd9743de?s=96&d=mm&r=g\",\"contentUrl\":\"https:\\\/\\\/secure.gravatar.com\\\/avatar\\\/31a1a7b66ff2de83bd0e9fd79d026630d2d99e55e8bfe501287647b4fd9743de?s=96&d=mm&r=g\",\"caption\":\"Gonzalo Schmidt\"},\"description\":\"Sitio web de noticias de la provincia de Entre R\u00edos, Argentina. Informaci\u00f3n y entretenimiento. Informe Litoral, nos informamos.\",\"sameAs\":[\"http:\\\/\\\/www.isletasnoticias.com.ar\"],\"url\":\"https:\\\/\\\/informelitoral.com.ar\\\/author\\\/gonzalo\\\/\"}]}<\/script>","yoast_head_json":{"title":"Canal de televisi\u00f3n nacional tendr\u00e1 m\u00f3vil desde Puerto S\u00e1nchez - Informe Litoral","robots":{"index":"index","follow":"follow","max-snippet":"max-snippet:-1","max-image-preview":"max-image-preview:large","max-video-preview":"max-video-preview:-1"},"canonical":"https:\/\/informelitoral.com.ar\/canal-de-television-nacional-tendra-movil-desde-puerto-sanchez\/","og_locale":"es_ES","og_type":"article","og_title":"Canal de televisi\u00f3n nacional tendr\u00e1 m\u00f3vil desde Puerto S\u00e1nchez - Informe Litoral","og_description":"Ser\u00e1 este domingo 13 de abril entre las 8 y las 12. Adem\u00e1s se mostrar el barrio, tienen previsto hablar con la ganadora del concurso de empanadas de pescado de r\u00edo 2024 y uno de los tradicionales comedores. En Semana Santa es uno de los lugares m\u00e1s elegidos de la provincia.","og_url":"https:\/\/informelitoral.com.ar\/canal-de-television-nacional-tendra-movil-desde-puerto-sanchez\/","og_site_name":"Informe Litoral","article_publisher":"https:\/\/www.facebook.com\/informelitoral\/","article_published_time":"2025-04-12T22:57:28+00:00","article_modified_time":"2025-04-12T23:07:49+00:00","og_image":[{"width":2560,"height":1920,"url":"https:\/\/informelitoral.com.ar\/%77%70%2d%63%6f%6e%74%65%6e%74\/uploads\/2025\/04\/ip-noticias-puerto-sanchez-pescado-scaled.jpg","type":"image\/jpeg"}],"author":"Gonzalo Schmidt","twitter_card":"summary_large_image","twitter_creator":"@InformeLitoral","twitter_site":"@InformeLitoral","twitter_misc":{"Escrito por":"Gonzalo Schmidt","Tiempo de lectura":"2 minutos"},"schema":{"@context":"https:\/\/schema.org","@graph":[{"@type":"Article","@id":"https:\/\/informelitoral.com.ar\/canal-de-television-nacional-tendra-movil-desde-puerto-sanchez\/#article","isPartOf":{"@id":"https:\/\/informelitoral.com.ar\/canal-de-television-nacional-tendra-movil-desde-puerto-sanchez\/"},"author":{"name":"Gonzalo Schmidt","@id":"https:\/\/informelitoral.com.ar\/#\/schema\/person\/b9d00407c836482871ef1d57bf8e3180"},"headline":"Canal de televisi\u00f3n nacional tendr\u00e1 m\u00f3vil desde Puerto S\u00e1nchez","datePublished":"2025-04-12T22:57:28+00:00","dateModified":"2025-04-12T23:07:49+00:00","mainEntityOfPage":{"@id":"https:\/\/informelitoral.com.ar\/canal-de-television-nacional-tendra-movil-desde-puerto-sanchez\/"},"wordCount":348,"commentCount":0,"publisher":{"@id":"https:\/\/informelitoral.com.ar\/#organization"},"image":{"@id":"https:\/\/informelitoral.com.ar\/canal-de-television-nacional-tendra-movil-desde-puerto-sanchez\/#primaryimage"},"thumbnailUrl":"https:\/\/informelitoral.com.ar\/%77%70%2d%63%6f%6e%74%65%6e%74\/uploads\/2025\/04\/ip-noticias-puerto-sanchez-pescado-scaled.jpg","keywords":["IP Noticias","Paran\u00e1","Pescado","Pescadores","Programa de Televisi\u00f3n","Semana Santa","Televisi\u00f3n","Turismo"],"articleSection":["Paran\u00e1"],"inLanguage":"es","potentialAction":[{"@type":"CommentAction","name":"Comment","target":["https:\/\/informelitoral.com.ar\/canal-de-television-nacional-tendra-movil-desde-puerto-sanchez\/#respond"]}]},{"@type":"WebPage","@id":"https:\/\/informelitoral.com.ar\/canal-de-television-nacional-tendra-movil-desde-puerto-sanchez\/","url":"https:\/\/informelitoral.com.ar\/canal-de-television-nacional-tendra-movil-desde-puerto-sanchez\/","name":"Canal de televisi\u00f3n nacional tendr\u00e1 m\u00f3vil desde Puerto S\u00e1nchez - Informe Litoral","isPartOf":{"@id":"https:\/\/informelitoral.com.ar\/#website"},"primaryImageOfPage":{"@id":"https:\/\/informelitoral.com.ar\/canal-de-television-nacional-tendra-movil-desde-puerto-sanchez\/#primaryimage"},"image":{"@id":"https:\/\/informelitoral.com.ar\/canal-de-television-nacional-tendra-movil-desde-puerto-sanchez\/#primaryimage"},"thumbnailUrl":"https:\/\/informelitoral.com.ar\/%77%70%2d%63%6f%6e%74%65%6e%74\/uploads\/2025\/04\/ip-noticias-puerto-sanchez-pescado-scaled.jpg","datePublished":"2025-04-12T22:57:28+00:00","dateModified":"2025-04-12T23:07:49+00:00","breadcrumb":{"@id":"https:\/\/informelitoral.com.ar\/canal-de-television-nacional-tendra-movil-desde-puerto-sanchez\/#breadcrumb"},"inLanguage":"es","potentialAction":[{"@type":"ReadAction","target":["https:\/\/informelitoral.com.ar\/canal-de-television-nacional-tendra-movil-desde-puerto-sanchez\/"]}]},{"@type":"ImageObject","inLanguage":"es","@id":"https:\/\/informelitoral.com.ar\/canal-de-television-nacional-tendra-movil-desde-puerto-sanchez\/#primaryimage","url":"https:\/\/informelitoral.com.ar\/%77%70%2d%63%6f%6e%74%65%6e%74\/uploads\/2025\/04\/ip-noticias-puerto-sanchez-pescado-scaled.jpg","contentUrl":"https:\/\/informelitoral.com.ar\/%77%70%2d%63%6f%6e%74%65%6e%74\/uploads\/2025\/04\/ip-noticias-puerto-sanchez-pescado-scaled.jpg","width":2560,"height":1920,"caption":"IP Noticias estar\u00e1 en Puerto S\u00e1nchez, Paran\u00e1."},{"@type":"BreadcrumbList","@id":"https:\/\/informelitoral.com.ar\/canal-de-television-nacional-tendra-movil-desde-puerto-sanchez\/#breadcrumb","itemListElement":[{"@type":"ListItem","position":1,"name":"Portada","item":"https:\/\/informelitoral.com.ar\/"},{"@type":"ListItem","position":2,"name":"Canal de televisi\u00f3n nacional tendr\u00e1 m\u00f3vil desde Puerto S\u00e1nchez"}]},{"@type":"WebSite","@id":"https:\/\/informelitoral.com.ar\/#website","url":"https:\/\/informelitoral.com.ar\/","name":"Informe Litoral","description":"&quot;Nos informamos&quot; ","publisher":{"@id":"https:\/\/informelitoral.com.ar\/#organization"},"potentialAction":[{"@type":"SearchAction","target":{"@type":"EntryPoint","urlTemplate":"https:\/\/informelitoral.com.ar\/?s={search_term_string}"},"query-input":{"@type":"PropertyValueSpecification","valueRequired":true,"valueName":"search_term_string"}}],"inLanguage":"es"},{"@type":"Organization","@id":"https:\/\/informelitoral.com.ar\/#organization","name":"Informe Litoral","url":"https:\/\/informelitoral.com.ar\/","logo":{"@type":"ImageObject","inLanguage":"es","@id":"https:\/\/informelitoral.com.ar\/#\/schema\/logo\/image\/","url":"https:\/\/informelitoral.com.ar\/%77%70%2d%63%6f%6e%74%65%6e%74\/uploads\/2021\/01\/circulo.png","contentUrl":"https:\/\/informelitoral.com.ar\/%77%70%2d%63%6f%6e%74%65%6e%74\/uploads\/2021\/01\/circulo.png","width":723,"height":731,"caption":"Informe Litoral"},"image":{"@id":"https:\/\/informelitoral.com.ar\/#\/schema\/logo\/image\/"},"sameAs":["https:\/\/www.facebook.com\/informelitoral\/","https:\/\/x.com\/InformeLitoral","https:\/\/www.instagram.com\/informelitoral\/","https:\/\/www.youtube.com\/channel\/UCua4Qvz8Icb6MYqhoq9xLXw"]},{"@type":"Person","@id":"https:\/\/informelitoral.com.ar\/#\/schema\/person\/b9d00407c836482871ef1d57bf8e3180","name":"Gonzalo Schmidt","image":{"@type":"ImageObject","inLanguage":"es","@id":"https:\/\/secure.gravatar.com\/avatar\/31a1a7b66ff2de83bd0e9fd79d026630d2d99e55e8bfe501287647b4fd9743de?s=96&d=mm&r=g","url":"https:\/\/secure.gravatar.com\/avatar\/31a1a7b66ff2de83bd0e9fd79d026630d2d99e55e8bfe501287647b4fd9743de?s=96&d=mm&r=g","contentUrl":"https:\/\/secure.gravatar.com\/avatar\/31a1a7b66ff2de83bd0e9fd79d026630d2d99e55e8bfe501287647b4fd9743de?s=96&d=mm&r=g","caption":"Gonzalo Schmidt"},"description":"Sitio web de noticias de la provincia de Entre R\u00edos, Argentina. Informaci\u00f3n y entretenimiento. Informe Litoral, nos informamos.","sameAs":["http:\/\/www.isletasnoticias.com.ar"],"url":"https:\/\/informelitoral.com.ar\/author\/gonzalo\/"}]}},"_links":{"self":[{"href":"https:\/\/informelitoral.com.ar\/%77%70%2d%6a%73%6f%6e\/wp\/v2\/posts\/218142","targetHints":{"allow":["GET"]}}],"collection":[{"href":"https:\/\/informelitoral.com.ar\/%77%70%2d%6a%73%6f%6e\/wp\/v2\/posts"}],"about":[{"href":"https:\/\/informelitoral.com.ar\/%77%70%2d%6a%73%6f%6e\/wp\/v2\/types\/post"}],"author":[{"embeddable":true,"href":"https:\/\/informelitoral.com.ar\/%77%70%2d%6a%73%6f%6e\/wp\/v2\/users\/2"}],"replies":[{"embeddable":true,"href":"https:\/\/informelitoral.com.ar\/%77%70%2d%6a%73%6f%6e\/wp\/v2\/comments?post=218142"}],"version-history":[{"count":0,"href":"https:\/\/informelitoral.com.ar\/%77%70%2d%6a%73%6f%6e\/wp\/v2\/posts\/218142\/revisions"}],"wp:featuredmedia":[{"embeddable":true,"href":"https:\/\/informelitoral.com.ar\/%77%70%2d%6a%73%6f%6e\/wp\/v2\/media\/218146"}],"wp:attachment":[{"href":"https:\/\/informelitoral.com.ar\/%77%70%2d%6a%73%6f%6e\/wp\/v2\/media?parent=218142"}],"wp:term":[{"taxonomy":"category","embeddable":true,"href":"https:\/\/informelitoral.com.ar\/%77%70%2d%6a%73%6f%6e\/wp\/v2\/categories?post=218142"},{"taxonomy":"post_tag","embeddable":true,"href":"https:\/\/informelitoral.com.ar\/%77%70%2d%6a%73%6f%6e\/wp\/v2\/tags?post=218142"}],"curies":[{"name":"wp","href":"https:\/\/api.w.org\/{rel}","templated":true}]}}