{"id":21814,"date":"2017-06-05T08:05:12","date_gmt":"2017-06-05T11:05:12","guid":{"rendered":"http:\/\/www.isletasnoticias.com.ar\/?p=21814"},"modified":"2017-06-06T06:07:00","modified_gmt":"2017-06-06T09:07:00","slug":"gustavo-vergara-por-la-ampliacion-del-area-industrial-pasa-el-futuro-desarrollo-de-la-ciudad","status":"publish","type":"post","link":"https:\/\/informelitoral.com.ar\/gustavo-vergara-por-la-ampliacion-del-area-industrial-pasa-el-futuro-desarrollo-de-la-ciudad\/","title":{"rendered":"Gustavo Vergara: \u201cPor la ampliaci\u00f3n del \u00c1rea Industrial pasa el futuro desarrollo de la ciudad\u201d"},"content":{"rendered":"<p><strong>El intendente de General Ram\u00edrez destac\u00f3 el trabajo de la gesti\u00f3n de la Alianza Ramirense para lograr la incorporaci\u00f3n de 23 hect\u00e1reas al \u00c1rea Industrial. En declaraciones a <em>IN<\/em>, Gustavo Vergara, pidi\u00f3 a la oposici\u00f3n \u201cunificar los esfuerzos para que Ram\u00edrez crezca\u201d. El dirigente valor\u00f3 los logros del \u201cequipo\u201d hasta el momento, a la vez que reconoci\u00f3<\/strong> <strong>\u00a0\u201cfallas\u201d de la gesti\u00f3n. En el plano pol\u00edtico, espera una audiencia con Bordet, y no dud\u00f3 en afirmar que \u201cel proyecto de Cambiemos es el mejor para el pa\u00eds\u201d.<a href=\"http:\/\/www.isletasnoticias.com.ar\/%77%70%2d%63%6f%6e%74%65%6e%74\/uploads\/2017\/06\/Gustavo-Vergara-intendente-ram\u00edrez.jpg\"><img loading=\"lazy\" decoding=\"async\" class=\"aligncenter wp-image-21815 size-full\" src=\"http:\/\/www.isletasnoticias.com.ar\/%77%70%2d%63%6f%6e%74%65%6e%74\/uploads\/2017\/06\/Gustavo-Vergara-intendente-ram\u00edrez.jpg\" alt=\"\" width=\"640\" height=\"360\" srcset=\"https:\/\/informelitoral.com.ar\/%77%70%2d%63%6f%6e%74%65%6e%74\/uploads\/2017\/06\/Gustavo-Vergara-intendente-ram\u00edrez.jpg 640w, https:\/\/informelitoral.com.ar\/%77%70%2d%63%6f%6e%74%65%6e%74\/uploads\/2017\/06\/Gustavo-Vergara-intendente-ram\u00edrez-300x169.jpg 300w\" sizes=\"auto, (max-width: 640px) 100vw, 640px\" \/><\/a><\/strong><\/p>\n<p>En una extensa entrevista con <strong><em>IN<\/em><\/strong>, el intendente de <strong>General Ram\u00edrez<\/strong>, <strong>Gustavo Vergara (Alianza Ramirense \u2013 Cambiemos)<\/strong> valor\u00f3 la <strong>ampliaci\u00f3n del<\/strong> <strong>\u00c1rea Industrial<\/strong> y diferentes proyectos en marcha como el <strong>saneamiento del basural<\/strong>, el <strong>traslado de la laguna cloacal<\/strong>, la <strong>construcci\u00f3n de viviendas,<\/strong> la<strong> modernizaci\u00f3n del edificio municipal<\/strong> y el <strong>mejorado de calles<\/strong>. En el plano pol\u00edtico fue consultado sobre la <strong>relaci\u00f3n con la oposici\u00f3n<\/strong>, el di\u00e1logo con los <strong>trabajadores municipales<\/strong>, las <strong>gestiones ante el gobierno provincial<\/strong> y las <strong>Elecciones Legislativas 2017, <\/strong>donde mostr\u00f3 su claro apoyo al proyecto encabezado por Mauricio Macri.<\/p>\n<p><strong>-Finalmente el Concejo Deliberante aprob\u00f3 la adquisici\u00f3n del predio de 23 hect\u00e1reas para ampliar el \u00c1rea Industrial. \u00bfCu\u00e1les son los pasos a seguir?<\/strong><\/p>\n<p>&#8211; Fue una decisi\u00f3n pol\u00edtica importante que tomamos como gesti\u00f3n de gobierno y que tiene como prop\u00f3sito avanzar. Consideramos que <strong>por la ampliaci\u00f3n del \u00c1rea Industrial pasa el futuro desarrollo de la ciudad.<\/strong> Brinda la posibilidad para que se radiquen nuevas inversiones y de que los empresarios locales puedan ampliar sus emprendimientos y as\u00ed generar m\u00e1s puestos de trabajo. Al predio de <strong>23 hect\u00e1reas<\/strong> lo adquiriremos por <strong>8 millones de pesos <\/strong>que es financiado por el Banco de Entre R\u00edos. La ordenanza que se aprob\u00f3 permite tomar a la coparticipaci\u00f3n como garant\u00eda del pago del cr\u00e9dito. Durante este mes <strong>estamos en la instancia de presentaci\u00f3n de la documentaci\u00f3n a nivel nacional y provincial. Queremos tomar la posesi\u00f3n del bien en julio<\/strong>.<\/p>\n<p><strong>-\u00bfC\u00f3mo resultaron las negociaciones con la oposici\u00f3n?<\/strong><\/p>\n<p>&#8211;<strong>Las negociaciones no fueron f\u00e1ciles.<\/strong> En primer lugar sensibilizamos a la poblaci\u00f3n porque consideramos que la gente debe estar enterada, ya que se define el perfil productivo de la ciudad. Con el bloque de la oposici\u00f3n tuvimos varios encuentros y debates en los que nosotros les facilitamos toda la informaci\u00f3n. Creo que <strong>m\u00e1s all\u00e1 de las diferencias\u00a0 se debe unificar el discurso de todas las fuerzas pol\u00edticas<\/strong> porque tenemos que luchar para que Ram\u00edrez crezca.<\/p>\n<p><strong>-\u00bfHay inter\u00e9s por parte de los empresarios locales?<\/strong><\/p>\n<p>-S\u00ed. <strong>A fines del 2016 se presentaron 17 proyectos de inversi\u00f3n y creemos que hoy hay m\u00e1s empresas interesadas<\/strong>. Somos conscientes que esas 23 hect\u00e1reas en algunos a\u00f1os tampoco van a alcanzar por eso habr\u00e1 que pensar en nuevos lotes.<\/p>\n<p><strong>-El Sindicato de Trabajadores Municipales estaba preocupado porque en caso de no poder pagar el pr\u00e9stamo del Banco se pondr\u00eda en riego la coparticipaci\u00f3n y por ende los salarios. \u00bfLlegaron a un entendimiento?<\/strong><\/p>\n<p>-Cuando nos plantemos incorporar alg\u00fan bien estamos pensando en que primero va a permanecer en el patrimonio de la Municipalidad y despu\u00e9s en que el flujo de ingresos nos va a permitir cumplir con los pagos, sin desatender las necesidades b\u00e1sicas del municipio. <strong>Los recursos afectados al pago de sueldos no los vamos a tocar. <\/strong>A eso se lo dejamos bien en claro al Sindicato.<\/p>\n<p><strong>-\u00bfEn la cuesti\u00f3n netamente salarial alcanzaron un acuerdo con los trabajadores?<\/strong><\/p>\n<p><strong>&#8211; Otorgamos un aumento del 20% en dos tramos<\/strong> -el 10% en abril y 10% en agosto- <strong>con<\/strong> <strong>una cl\u00e1usula gatillo seg\u00fan el nivel de inflaci\u00f3n.<\/strong> A parte avanzamos en mejorar el equipamiento, la ropa del personal, elementos de protecci\u00f3n que pr\u00e1cticamente no exist\u00edan y <strong>la capacitaci\u00f3n que ser\u00e1 una de las bases para futuras recategorizaciones<\/strong>. Adem\u00e1s vamos a acompa\u00f1ar al Sindicato para que puedan acceder a un plan de viviendas nacionales con terrenos que ya les dio la Municipalidad. Nosotros <strong>vamos m\u00e1s all\u00e1 de la parte salarial porque el trabajador necesita una mejora integral de la calidad de vida.<\/strong><\/p>\n<p><strong>-\u00bfCon cu\u00e1ntos empleados cuenta la Municipalidad y el n\u00famero es acorde para la ciudad?<\/strong><\/p>\n<p>&#8211;<strong>Hay aproximadamente cerca de 200 empleados de planta permanente y alrededor de \u00a080 transitorios. <\/strong>Es un n\u00famero elevado para Ram\u00edrez, pero decidimos avanzar en un plan en el que contemplamos a todo el personal y <strong>en los pocos casos que no se renovaron contratos fue previa a una evaluaci\u00f3n<\/strong>. De a poco tendremos el n\u00famero adecuado de personal pero <strong>no queremos dejar a nadie afuera. El bienestar del conjunto para nosotros es muy importante.<\/strong><\/p>\n<p><strong>-\u00bfAvanza la construcci\u00f3n de nuevas viviendas?<\/strong><\/p>\n<p>-S\u00ed. El a\u00f1o pasado se entregaron 50 casas del IAPV y 27 del Consorcio de Viviendas del Departamento Diamante. Actualmente hay 20 viviendas m\u00e1s asignadas a\u00a0 AMET -Asociaci\u00f3n del Magisterio de Ense\u00f1anza T\u00e9cnica- donde nosotros hacemos la obra de cloacas y\u00a0 se construyen 11 m\u00e1s destinadas a Agmer \u2013Asociaci\u00f3n Gremial del Magisterio de Entre R\u00edos-. Por el lado del nuevo Consorcio, <strong>estamos ejecutando 111 viviendas en todo el departamento de las cuales 71 est\u00e1n en Ram\u00edrez<\/strong> y las obras llevan cerca del 90 % de avance. <strong>En el futuro inmediato tenemos el problema en que no contamos con m\u00e1s terrenos para hacer viviendas de car\u00e1cter social<\/strong> por lo que hay que tratar de conseguir nuevos lotes.<\/p>\n<p><strong>-El basural a cielo abierto genera contaminaci\u00f3n en Ram\u00edrez y la zona desde hace muchos a\u00f1os. \u00bfC\u00f3mo avanza el saneamiento?<\/strong><\/p>\n<p>&#8211;<strong>Quer\u00edamos llegar al reciclado de los residuos de Ram\u00edrez pero no lo pudimos hacer en el primer a\u00f1o de gesti\u00f3n<\/strong>. No obstante, en los \u00faltimos meses avanzamos gracias a la Secretar\u00eda de Relaciones con la Comunidad, a cargo de la Dra. Flavia Pamberger, que logr\u00f3 un contacto directo con el CEAMSE -Coordinaci\u00f3n Ecol\u00f3gica \u00c1rea Metropolitana Sociedad del Estado-. Se firm\u00f3 un convenio y hay t\u00e9cnicos del organismo haciendo el trabajo de campo y en 30 d\u00edas m\u00e1s nos acercan el proyecto final. En una segunda etapa se har\u00e1 un relleno sanitario y en la tercera etapa <strong>vamos a separar\u00a0 residuos y reciclar<\/strong>. <strong>El plan contempla la dignificaci\u00f3n del trabajo de la gente que hoy desarrolla tareas en el basural. Nadie se quedar\u00e1 afuera, al contrario, tendr\u00e1n cobertura social y previsional.<\/strong><\/p>\n<p><strong>-\u00bfSe trasladar\u00e1 la laguna cloacal?<\/strong><\/p>\n<p>-S\u00ed. <strong>La obra ronda una inversi\u00f3n de 26 millones de pesos<\/strong>. Estamos negociando con un particular para adquirir los terrenos que necesitamos. Es un tema que nos preocupa mucho y en la segunda mitad de este a\u00f1o le dedicaremos gran parte de las horas de trabajo. <strong>El proyecto tiene una visi\u00f3n de mediano y largo plazo ya que se dise\u00f1\u00f3 para los pr\u00f3ximos 40 a\u00f1os.<\/strong><\/p>\n<p><strong>-Cuando asumieron, tanto el edificio municipal, el equipamiento y el Parque Automotor -salvo excepciones- estaba el mal estado. \u00bfPudieron mejorar algo en lo que va de la gesti\u00f3n?<a href=\"http:\/\/www.isletasnoticias.com.ar\/%77%70%2d%63%6f%6e%74%65%6e%74\/uploads\/2017\/06\/o_1450790925.jpg\"><img loading=\"lazy\" decoding=\"async\" class=\"aligncenter wp-image-21816 size-full\" src=\"http:\/\/www.isletasnoticias.com.ar\/%77%70%2d%63%6f%6e%74%65%6e%74\/uploads\/2017\/06\/o_1450790925.jpg\" alt=\"\" width=\"800\" height=\"450\" srcset=\"https:\/\/informelitoral.com.ar\/%77%70%2d%63%6f%6e%74%65%6e%74\/uploads\/2017\/06\/o_1450790925.jpg 800w, https:\/\/informelitoral.com.ar\/%77%70%2d%63%6f%6e%74%65%6e%74\/uploads\/2017\/06\/o_1450790925-300x169.jpg 300w, https:\/\/informelitoral.com.ar\/%77%70%2d%63%6f%6e%74%65%6e%74\/uploads\/2017\/06\/o_1450790925-768x432.jpg 768w\" sizes=\"auto, (max-width: 800px) 100vw, 800px\" \/><\/a><\/strong><\/p>\n<p>&#8211; Estamos adjudicando a una empresa que en los pr\u00f3ximos meses ser\u00e1 la encargada de <strong>hacer un techo nuevo que abarcar\u00e1 a todo el edificio central de la Municipalidad<\/strong> porque ante cada lluvia se pone en riesgo el equipamiento debido a las goteras. Despu\u00e9s <strong>avanzaremos en una modernizaci\u00f3n de las oficinas que consiste en unificarlas, lo que les dar\u00e1 un estilo \u00e1gil y moderno<\/strong>. Tambi\u00e9n incorporamos computadoras e impresoras y en este momento estamos instalando un nuevo servidor con una inversi\u00f3n de m\u00e1s de 100 mil pesos que va a permitir que toda la Municipalidad est\u00e9 integrada a un sistema inform\u00e1tico y cada \u00e1rea tenga un acceso r\u00e1pido a la informaci\u00f3n.<\/p>\n<p><strong>-O sea que no se va a construir un nuevo edificio, que era un proyecto que ten\u00eda la anterior gesti\u00f3n\u2026<\/strong><\/p>\n<p>-No. Por el momento consideramos que hay que mejorar el que tenemos porque <strong>Ram\u00edrez tiene necesidades m\u00e1s urgentes que construir un nuevo edificio municipal<\/strong>.<\/p>\n<p><strong>&#8211; Y el parque automotor\u2026<\/strong><\/p>\n<p>&#8211; Ese es un tema complejo. <strong>Tenemos un parque automotor envejecido.<\/strong> <strong>Incorporamos una retroexcavadora y en unos d\u00edas m\u00e1s llegar\u00e1 una camioneta 0 KM para obras p\u00fablicas y administraci\u00f3n<\/strong>. Tambi\u00e9n habr\u00e1 un nuevo veh\u00edculo para el Centro Polideportivo y con el cr\u00e9dito internacional que tom\u00f3 la Provincia, -del cual recibiremos una parte- tambi\u00e9n la afectaremos a la compra de herramientas. <strong>Capitalizar al municipio lleva su tiempo pero sabemos que es fundamental para brindar un mejor servicio.<\/strong><\/p>\n<p><strong>-Se observan varias calles en mal estado y b\u00e1sicamente la gente de algunos barrios se quejan mucho los d\u00edas de lluvia.<\/strong><\/p>\n<p>-Es un reclamo que tenemos y no lo negamos<strong>. Un sector siempre postergado fue el barrio Tanque el cual ahora tendr\u00e1 una mejora integral mediante el Plan H\u00e1bitat<\/strong> cuya ejecuci\u00f3n ya comenz\u00f3 y que va m\u00e1s all\u00e1 del mejorado de calles. En el caso de los barrios Norte y La Pradera se est\u00e1 en un plan de compactaci\u00f3n y colocado de broza que ya lleva unas 25 cuadras y una vez que terminemos ese trabajo iremos a otros sectores. <strong>La idea es que para fin de a\u00f1o la totalidad de los barrios tengan, al menos, broza para que la gente pueda circular.<\/strong> Despu\u00e9s el tema de los consorcios que comenz\u00f3 en calle Independencia fue una linda experiencia donde todas las partes cumplimos y la obra se ejecut\u00f3 con una excelente calidad y el trabajo de empleados municipales. Por ese mismo sistema vamos a hacer otras calles.<\/p>\n<p><strong>-Teniendo en cuenta la vinculaci\u00f3n de la ciudad con la zona, hay un proyecto de asfaltado del actual camino de ripio Costa Grande-Isletas-Ram\u00edrez. \u00bfDesde el municipio apoyan la iniciativa?<\/strong><\/p>\n<p><strong>-Esto ha sido una interesante idea de Alcides Wolf<\/strong> \u2013presidente de la Junta de Gobierno de Isletas- a la cual apoyamos y declaramos de inter\u00e9s municipal. Por otro lado, el senador Omar Schild tambi\u00e9n se ocupa del tema y est\u00e1 tratando de conseguir un proyecto original que est\u00e1 en Vialidad y hay que actualizarlo. <strong>Las cooperativas locales est\u00e1n muy interesadas en la iniciativa y nos va a beneficiar a todos. Es una obra costosa pero no la vemos imposible.<\/strong><\/p>\n<p>&#8211;<strong>En las \u00faltimos d\u00edas se conoci\u00f3 una noticia importante para el Departamento, como la reactivaci\u00f3n del Puerto de Diamante.<\/strong><\/p>\n<p>-En las primeras gestiones acompa\u00f1amos al intendente L\u00e9nico Aranda y <strong>es una decisi\u00f3n pol\u00edtica muy importante del municipio y la Provincia.<\/strong> Esto beneficia a una amplia regi\u00f3n de la cual somos parte. Ese <strong>es un ejemplo de trabajo conjunto independiente de los colores pol\u00edticos.<\/strong><\/p>\n<p><strong>-\u00bfC\u00f3mo est\u00e1 la relaci\u00f3n con el Frente Para la Victoria?<\/strong><\/p>\n<p>-Con la oposici\u00f3n tuvimos buenos debates y tambi\u00e9n hubo desencuentros. De todas maneras creemos que <strong>hay proyectos importantes para la ciudad que se deben apoyar m\u00e1s all\u00e1 de las cuestiones pol\u00edticas partidarias<\/strong>. Nos rechazaron la adquisici\u00f3n de un cami\u00f3n mediante leasing y ahora ingresamos dos nuevos proyectos al HCD para comprar un cami\u00f3n y una retroexcavadora. Esas iniciativas se deben aprobar con el acompa\u00f1amiento de los dos tercios ya que la garant\u00eda es la coparticipaci\u00f3n. Esperamos que haya una reflexi\u00f3n porque <strong>si no salen esos proyectos el \u00fanico afectado es el ciudadano.<\/strong><\/p>\n<p><strong>-\u00bfEl municipio trabaja con el gobierno provincial?<\/strong><\/p>\n<p>-Hay di\u00e1logo pero necesitamos una relaci\u00f3n m\u00e1s fluida. <strong>Al gobernador le pedimos una audiencia el 4 de abril y esperamos que nos reciba<\/strong>. Necesitamos charlar varias cuestiones importantes para el presente y el futuro de Ram\u00edrez, la principal es la ampliaci\u00f3n del Parque Industrial. No queremos llevarle problemas, s\u00f3lo temas para resolver en conjunto.<\/p>\n<p><strong>-\u00bfQu\u00e9 necesita mejorar su gesti\u00f3n?<\/strong><\/p>\n<p>&#8211; No desconocemos los problemas que hay y sabemos que tenemos algunas fallas en la gesti\u00f3n. <strong>La principal deficiencia est\u00e1 en la prestaci\u00f3n de los servicios pero estamos mejorando.<\/strong> Queremos que los vecinos sepan que trabajamos con los recursos propios y a la vez, gestionamos permanentemente en Naci\u00f3n y Provincia.<a href=\"http:\/\/www.isletasnoticias.com.ar\/%77%70%2d%63%6f%6e%74%65%6e%74\/uploads\/2017\/06\/DSCN7092.jpg\"><img loading=\"lazy\" decoding=\"async\" class=\"aligncenter wp-image-21817 size-large\" src=\"http:\/\/www.isletasnoticias.com.ar\/%77%70%2d%63%6f%6e%74%65%6e%74\/uploads\/2017\/06\/DSCN7092-1024x768.jpg\" alt=\"\" width=\"600\" height=\"450\" srcset=\"https:\/\/informelitoral.com.ar\/%77%70%2d%63%6f%6e%74%65%6e%74\/uploads\/2017\/06\/DSCN7092-1024x768.jpg 1024w, https:\/\/informelitoral.com.ar\/%77%70%2d%63%6f%6e%74%65%6e%74\/uploads\/2017\/06\/DSCN7092-300x225.jpg 300w, https:\/\/informelitoral.com.ar\/%77%70%2d%63%6f%6e%74%65%6e%74\/uploads\/2017\/06\/DSCN7092-768x576.jpg 768w\" sizes=\"auto, (max-width: 600px) 100vw, 600px\" \/><\/a><\/p>\n<p><strong>-\u00bfMilitar\u00e1n para Cambiemos en las elecciones legislativas?<\/strong><\/p>\n<p>-Totalmente. Tenemos muy en claro que en las pr\u00f3ximas elecciones se resuelve un dilema del pa\u00eds: si mirar hacia el futuro y el progreso o si volvemos hacia el pasado con todos los inconvenientes que nos dej\u00f3 y que al d\u00eda de hoy nos siguen afectando. <strong>Estamos convencidos que el proyecto de Cambiemos es lo mejor que le puede pasar a la Argentina.<\/strong>\u00a0 Vamos a salir a militar para que ese proyecto triunfe porque estamos viendo los resultados. Ac\u00e1 <strong>no negamos los momentos dif\u00edciles que tuvo que pasar la gente pero no debemos olvidar que muchos de los problemas los dej\u00f3 la anterior administraci\u00f3n.<\/strong> Uno de los temas m\u00e1s graves es la inflaci\u00f3n pero para resolverla no existen las soluciones m\u00e1gicas, se necesita tiempo para que las medidas tengas su efecto. Muchas veces se habla de ajuste pero se olvidan de programas integrales como el H\u00e1bitat, la incorporaci\u00f3n de los monotributistas a que puedan recibir la Asignaci\u00f3n Universal por Hijo, entre otros aportes important\u00edsimos a la acci\u00f3n social y la igual de derechos. <strong>En Ram\u00edrez desde la Municipalidad siempre ayudamos a quienes m\u00e1s lo necesitan, nadie debe quedar afuera del sistema. <\/strong><\/p>\n<p><strong>-\u00bfYa pens\u00f3 en su reelecci\u00f3n?<\/strong><\/p>\n<p>-El 100% de los integrantes de la Alianza Ramirense estamos involucrados en la gesti\u00f3n de gobierno. Por lo pronto queremos ayudar desde nuestro lugar a que el gobierno del Ingeniero Macri tenga sus legisladores para desarrollar la gesti\u00f3n de gobierno. <strong>La reelecci\u00f3n se definir\u00e1 cuando estemos terminando el mandato y afortunadamente tenemos una oferta importante de dirigentes que pueden desarrollar la misma tarea que hoy me toca a m\u00ed.<\/strong> Ac\u00e1 somos un equipo. <em>(Isletas Noticias)<\/em><\/p>\n","protected":false},"excerpt":{"rendered":"<p>El intendente de General Ram&iacute;rez destac&oacute; el trabajo de la gesti&oacute;n de la Alianza Ramirense para lograr la incorporaci&oacute;n de 23 hect&aacute;reas al &Aacute;rea Industrial. En declaraciones a IN, Gustavo Vergara, pidi&oacute; a la oposici&oacute;n &ldquo;unificar los esfuerzos para que Ram&iacute;rez crezca&rdquo;. El dirigente valor&oacute; los logros del &ldquo;equipo&rdquo; hasta el momento, a la vez [&hellip;]<\/p>\n","protected":false},"author":2,"featured_media":0,"comment_status":"open","ping_status":"open","sticky":false,"template":"","format":"standard","meta":{"fifu_image_url":"","fifu_image_alt":"","footnotes":""},"categories":[5,16],"tags":[28,29,27],"class_list":{"0":"post-21814","1":"post","2":"type-post","3":"status-publish","4":"format-standard","6":"category-zonales","7":"category-politi","8":"tag-alianza-ramirense","9":"tag-cambiemos","10":"tag-ramirez"},"yoast_head":"<title>Gustavo Vergara: \u201cPor la ampliaci\u00f3n del \u00c1rea Industrial pasa el futuro desarrollo de la ciudad\u201d - Informe Litoral<\/title>\n<meta name=\"robots\" content=\"index, follow, max-snippet:-1, max-image-preview:large, max-video-preview:-1\" \/>\n<link rel=\"canonical\" href=\"https:\/\/informelitoral.com.ar\/gustavo-vergara-por-la-ampliacion-del-area-industrial-pasa-el-futuro-desarrollo-de-la-ciudad\/\" \/>\n<meta property=\"og:locale\" content=\"es_ES\" \/>\n<meta property=\"og:type\" content=\"article\" \/>\n<meta property=\"og:title\" content=\"Gustavo Vergara: \u201cPor la ampliaci\u00f3n del \u00c1rea Industrial pasa el futuro desarrollo de la ciudad\u201d - Informe Litoral\" \/>\n<meta property=\"og:description\" content=\"El intendente de General Ram&iacute;rez destac&oacute; el trabajo de la gesti&oacute;n de la Alianza Ramirense para lograr la incorporaci&oacute;n de 23 hect&aacute;reas al &Aacute;rea Industrial. En declaraciones a IN, Gustavo Vergara, pidi&oacute; a la oposici&oacute;n &ldquo;unificar los esfuerzos para que Ram&iacute;rez crezca&rdquo;. El dirigente valor&oacute; los logros del &ldquo;equipo&rdquo; hasta el momento, a la vez [&hellip;]\" \/>\n<meta property=\"og:url\" content=\"https:\/\/informelitoral.com.ar\/gustavo-vergara-por-la-ampliacion-del-area-industrial-pasa-el-futuro-desarrollo-de-la-ciudad\/\" \/>\n<meta property=\"og:site_name\" content=\"Informe Litoral\" \/>\n<meta property=\"article:publisher\" content=\"https:\/\/www.facebook.com\/informelitoral\/\" \/>\n<meta property=\"article:published_time\" content=\"2017-06-05T11:05:12+00:00\" \/>\n<meta property=\"article:modified_time\" content=\"2017-06-06T09:07:00+00:00\" \/>\n<meta property=\"og:image\" content=\"http:\/\/www.isletasnoticias.com.ar\/%77%70%2d%63%6f%6e%74%65%6e%74\/uploads\/2017\/06\/o_1450790925.jpg\" \/>\n<meta name=\"author\" content=\"Gonzalo Schmidt\" \/>\n<meta name=\"twitter:card\" content=\"summary_large_image\" \/>\n<meta name=\"twitter:creator\" content=\"@InformeLitoral\" \/>\n<meta name=\"twitter:site\" content=\"@InformeLitoral\" \/>\n<meta name=\"twitter:label1\" content=\"Escrito por\" \/>\n\t<meta name=\"twitter:data1\" content=\"Gonzalo Schmidt\" \/>\n\t<meta name=\"twitter:label2\" content=\"Tiempo de lectura\" \/>\n\t<meta name=\"twitter:data2\" content=\"12 minutos\" \/>\n<script type=\"application\/ld+json\" class=\"yoast-schema-graph\">{\"@context\":\"https:\\\/\\\/schema.org\",\"@graph\":[{\"@type\":\"Article\",\"@id\":\"https:\\\/\\\/informelitoral.com.ar\\\/gustavo-vergara-por-la-ampliacion-del-area-industrial-pasa-el-futuro-desarrollo-de-la-ciudad\\\/#article\",\"isPartOf\":{\"@id\":\"https:\\\/\\\/informelitoral.com.ar\\\/gustavo-vergara-por-la-ampliacion-del-area-industrial-pasa-el-futuro-desarrollo-de-la-ciudad\\\/\"},\"author\":{\"name\":\"Gonzalo Schmidt\",\"@id\":\"https:\\\/\\\/informelitoral.com.ar\\\/#\\\/schema\\\/person\\\/b9d00407c836482871ef1d57bf8e3180\"},\"headline\":\"Gustavo Vergara: \u201cPor la ampliaci\u00f3n del \u00c1rea Industrial pasa el futuro desarrollo de la ciudad\u201d\",\"datePublished\":\"2017-06-05T11:05:12+00:00\",\"dateModified\":\"2017-06-06T09:07:00+00:00\",\"mainEntityOfPage\":{\"@id\":\"https:\\\/\\\/informelitoral.com.ar\\\/gustavo-vergara-por-la-ampliacion-del-area-industrial-pasa-el-futuro-desarrollo-de-la-ciudad\\\/\"},\"wordCount\":2378,\"commentCount\":0,\"publisher\":{\"@id\":\"https:\\\/\\\/informelitoral.com.ar\\\/#organization\"},\"image\":{\"@id\":\"https:\\\/\\\/informelitoral.com.ar\\\/gustavo-vergara-por-la-ampliacion-del-area-industrial-pasa-el-futuro-desarrollo-de-la-ciudad\\\/#primaryimage\"},\"thumbnailUrl\":\"http:\\\/\\\/www.isletasnoticias.com.ar\\\/%77%70%2d%63%6f%6e%74%65%6e%74\\\/uploads\\\/2017\\\/06\\\/o_1450790925.jpg\",\"keywords\":[\"Alianza Ramirense\",\"Cambiemos\",\"Ram\u00edrez\"],\"articleSection\":[\"Departamento Diamante\",\"Politica\"],\"inLanguage\":\"es\",\"potentialAction\":[{\"@type\":\"CommentAction\",\"name\":\"Comment\",\"target\":[\"https:\\\/\\\/informelitoral.com.ar\\\/gustavo-vergara-por-la-ampliacion-del-area-industrial-pasa-el-futuro-desarrollo-de-la-ciudad\\\/#respond\"]}]},{\"@type\":\"WebPage\",\"@id\":\"https:\\\/\\\/informelitoral.com.ar\\\/gustavo-vergara-por-la-ampliacion-del-area-industrial-pasa-el-futuro-desarrollo-de-la-ciudad\\\/\",\"url\":\"https:\\\/\\\/informelitoral.com.ar\\\/gustavo-vergara-por-la-ampliacion-del-area-industrial-pasa-el-futuro-desarrollo-de-la-ciudad\\\/\",\"name\":\"Gustavo Vergara: \u201cPor la ampliaci\u00f3n del \u00c1rea Industrial pasa el futuro desarrollo de la ciudad\u201d - Informe Litoral\",\"isPartOf\":{\"@id\":\"https:\\\/\\\/informelitoral.com.ar\\\/#website\"},\"primaryImageOfPage\":{\"@id\":\"https:\\\/\\\/informelitoral.com.ar\\\/gustavo-vergara-por-la-ampliacion-del-area-industrial-pasa-el-futuro-desarrollo-de-la-ciudad\\\/#primaryimage\"},\"image\":{\"@id\":\"https:\\\/\\\/informelitoral.com.ar\\\/gustavo-vergara-por-la-ampliacion-del-area-industrial-pasa-el-futuro-desarrollo-de-la-ciudad\\\/#primaryimage\"},\"thumbnailUrl\":\"http:\\\/\\\/www.isletasnoticias.com.ar\\\/%77%70%2d%63%6f%6e%74%65%6e%74\\\/uploads\\\/2017\\\/06\\\/o_1450790925.jpg\",\"datePublished\":\"2017-06-05T11:05:12+00:00\",\"dateModified\":\"2017-06-06T09:07:00+00:00\",\"breadcrumb\":{\"@id\":\"https:\\\/\\\/informelitoral.com.ar\\\/gustavo-vergara-por-la-ampliacion-del-area-industrial-pasa-el-futuro-desarrollo-de-la-ciudad\\\/#breadcrumb\"},\"inLanguage\":\"es\",\"potentialAction\":[{\"@type\":\"ReadAction\",\"target\":[\"https:\\\/\\\/informelitoral.com.ar\\\/gustavo-vergara-por-la-ampliacion-del-area-industrial-pasa-el-futuro-desarrollo-de-la-ciudad\\\/\"]}]},{\"@type\":\"ImageObject\",\"inLanguage\":\"es\",\"@id\":\"https:\\\/\\\/informelitoral.com.ar\\\/gustavo-vergara-por-la-ampliacion-del-area-industrial-pasa-el-futuro-desarrollo-de-la-ciudad\\\/#primaryimage\",\"url\":\"http:\\\/\\\/www.isletasnoticias.com.ar\\\/%77%70%2d%63%6f%6e%74%65%6e%74\\\/uploads\\\/2017\\\/06\\\/o_1450790925.jpg\",\"contentUrl\":\"http:\\\/\\\/www.isletasnoticias.com.ar\\\/%77%70%2d%63%6f%6e%74%65%6e%74\\\/uploads\\\/2017\\\/06\\\/o_1450790925.jpg\"},{\"@type\":\"BreadcrumbList\",\"@id\":\"https:\\\/\\\/informelitoral.com.ar\\\/gustavo-vergara-por-la-ampliacion-del-area-industrial-pasa-el-futuro-desarrollo-de-la-ciudad\\\/#breadcrumb\",\"itemListElement\":[{\"@type\":\"ListItem\",\"position\":1,\"name\":\"Portada\",\"item\":\"https:\\\/\\\/informelitoral.com.ar\\\/\"},{\"@type\":\"ListItem\",\"position\":2,\"name\":\"Gustavo Vergara: \u201cPor la ampliaci\u00f3n del \u00c1rea Industrial pasa el futuro desarrollo de la ciudad\u201d\"}]},{\"@type\":\"WebSite\",\"@id\":\"https:\\\/\\\/informelitoral.com.ar\\\/#website\",\"url\":\"https:\\\/\\\/informelitoral.com.ar\\\/\",\"name\":\"Informe Litoral\",\"description\":\"&quot;Nos informamos&quot; \",\"publisher\":{\"@id\":\"https:\\\/\\\/informelitoral.com.ar\\\/#organization\"},\"potentialAction\":[{\"@type\":\"SearchAction\",\"target\":{\"@type\":\"EntryPoint\",\"urlTemplate\":\"https:\\\/\\\/informelitoral.com.ar\\\/?s={search_term_string}\"},\"query-input\":{\"@type\":\"PropertyValueSpecification\",\"valueRequired\":true,\"valueName\":\"search_term_string\"}}],\"inLanguage\":\"es\"},{\"@type\":\"Organization\",\"@id\":\"https:\\\/\\\/informelitoral.com.ar\\\/#organization\",\"name\":\"Informe Litoral\",\"url\":\"https:\\\/\\\/informelitoral.com.ar\\\/\",\"logo\":{\"@type\":\"ImageObject\",\"inLanguage\":\"es\",\"@id\":\"https:\\\/\\\/informelitoral.com.ar\\\/#\\\/schema\\\/logo\\\/image\\\/\",\"url\":\"https:\\\/\\\/informelitoral.com.ar\\\/%77%70%2d%63%6f%6e%74%65%6e%74\\\/uploads\\\/2021\\\/01\\\/circulo.png\",\"contentUrl\":\"https:\\\/\\\/informelitoral.com.ar\\\/%77%70%2d%63%6f%6e%74%65%6e%74\\\/uploads\\\/2021\\\/01\\\/circulo.png\",\"width\":723,\"height\":731,\"caption\":\"Informe Litoral\"},\"image\":{\"@id\":\"https:\\\/\\\/informelitoral.com.ar\\\/#\\\/schema\\\/logo\\\/image\\\/\"},\"sameAs\":[\"https:\\\/\\\/www.facebook.com\\\/informelitoral\\\/\",\"https:\\\/\\\/x.com\\\/InformeLitoral\",\"https:\\\/\\\/www.instagram.com\\\/informelitoral\\\/\",\"https:\\\/\\\/www.youtube.com\\\/channel\\\/UCua4Qvz8Icb6MYqhoq9xLXw\"]},{\"@type\":\"Person\",\"@id\":\"https:\\\/\\\/informelitoral.com.ar\\\/#\\\/schema\\\/person\\\/b9d00407c836482871ef1d57bf8e3180\",\"name\":\"Gonzalo Schmidt\",\"image\":{\"@type\":\"ImageObject\",\"inLanguage\":\"es\",\"@id\":\"https:\\\/\\\/secure.gravatar.com\\\/avatar\\\/31a1a7b66ff2de83bd0e9fd79d026630d2d99e55e8bfe501287647b4fd9743de?s=96&d=mm&r=g\",\"url\":\"https:\\\/\\\/secure.gravatar.com\\\/avatar\\\/31a1a7b66ff2de83bd0e9fd79d026630d2d99e55e8bfe501287647b4fd9743de?s=96&d=mm&r=g\",\"contentUrl\":\"https:\\\/\\\/secure.gravatar.com\\\/avatar\\\/31a1a7b66ff2de83bd0e9fd79d026630d2d99e55e8bfe501287647b4fd9743de?s=96&d=mm&r=g\",\"caption\":\"Gonzalo Schmidt\"},\"description\":\"Sitio web de noticias de la provincia de Entre R\u00edos, Argentina. Informaci\u00f3n y entretenimiento. Informe Litoral, nos informamos.\",\"sameAs\":[\"http:\\\/\\\/www.isletasnoticias.com.ar\"],\"url\":\"https:\\\/\\\/informelitoral.com.ar\\\/author\\\/gonzalo\\\/\"}]}<\/script>","yoast_head_json":{"title":"Gustavo Vergara: \u201cPor la ampliaci\u00f3n del \u00c1rea Industrial pasa el futuro desarrollo de la ciudad\u201d - Informe Litoral","robots":{"index":"index","follow":"follow","max-snippet":"max-snippet:-1","max-image-preview":"max-image-preview:large","max-video-preview":"max-video-preview:-1"},"canonical":"https:\/\/informelitoral.com.ar\/gustavo-vergara-por-la-ampliacion-del-area-industrial-pasa-el-futuro-desarrollo-de-la-ciudad\/","og_locale":"es_ES","og_type":"article","og_title":"Gustavo Vergara: \u201cPor la ampliaci\u00f3n del \u00c1rea Industrial pasa el futuro desarrollo de la ciudad\u201d - Informe Litoral","og_description":"El intendente de General Ram&iacute;rez destac&oacute; el trabajo de la gesti&oacute;n de la Alianza Ramirense para lograr la incorporaci&oacute;n de 23 hect&aacute;reas al &Aacute;rea Industrial. En declaraciones a IN, Gustavo Vergara, pidi&oacute; a la oposici&oacute;n &ldquo;unificar los esfuerzos para que Ram&iacute;rez crezca&rdquo;. El dirigente valor&oacute; los logros del &ldquo;equipo&rdquo; hasta el momento, a la vez [&hellip;]","og_url":"https:\/\/informelitoral.com.ar\/gustavo-vergara-por-la-ampliacion-del-area-industrial-pasa-el-futuro-desarrollo-de-la-ciudad\/","og_site_name":"Informe Litoral","article_publisher":"https:\/\/www.facebook.com\/informelitoral\/","article_published_time":"2017-06-05T11:05:12+00:00","article_modified_time":"2017-06-06T09:07:00+00:00","og_image":[{"url":"http:\/\/www.isletasnoticias.com.ar\/%77%70%2d%63%6f%6e%74%65%6e%74\/uploads\/2017\/06\/o_1450790925.jpg","type":"","width":"","height":""}],"author":"Gonzalo Schmidt","twitter_card":"summary_large_image","twitter_creator":"@InformeLitoral","twitter_site":"@InformeLitoral","twitter_misc":{"Escrito por":"Gonzalo Schmidt","Tiempo de lectura":"12 minutos"},"schema":{"@context":"https:\/\/schema.org","@graph":[{"@type":"Article","@id":"https:\/\/informelitoral.com.ar\/gustavo-vergara-por-la-ampliacion-del-area-industrial-pasa-el-futuro-desarrollo-de-la-ciudad\/#article","isPartOf":{"@id":"https:\/\/informelitoral.com.ar\/gustavo-vergara-por-la-ampliacion-del-area-industrial-pasa-el-futuro-desarrollo-de-la-ciudad\/"},"author":{"name":"Gonzalo Schmidt","@id":"https:\/\/informelitoral.com.ar\/#\/schema\/person\/b9d00407c836482871ef1d57bf8e3180"},"headline":"Gustavo Vergara: \u201cPor la ampliaci\u00f3n del \u00c1rea Industrial pasa el futuro desarrollo de la ciudad\u201d","datePublished":"2017-06-05T11:05:12+00:00","dateModified":"2017-06-06T09:07:00+00:00","mainEntityOfPage":{"@id":"https:\/\/informelitoral.com.ar\/gustavo-vergara-por-la-ampliacion-del-area-industrial-pasa-el-futuro-desarrollo-de-la-ciudad\/"},"wordCount":2378,"commentCount":0,"publisher":{"@id":"https:\/\/informelitoral.com.ar\/#organization"},"image":{"@id":"https:\/\/informelitoral.com.ar\/gustavo-vergara-por-la-ampliacion-del-area-industrial-pasa-el-futuro-desarrollo-de-la-ciudad\/#primaryimage"},"thumbnailUrl":"http:\/\/www.isletasnoticias.com.ar\/%77%70%2d%63%6f%6e%74%65%6e%74\/uploads\/2017\/06\/o_1450790925.jpg","keywords":["Alianza Ramirense","Cambiemos","Ram\u00edrez"],"articleSection":["Departamento Diamante","Politica"],"inLanguage":"es","potentialAction":[{"@type":"CommentAction","name":"Comment","target":["https:\/\/informelitoral.com.ar\/gustavo-vergara-por-la-ampliacion-del-area-industrial-pasa-el-futuro-desarrollo-de-la-ciudad\/#respond"]}]},{"@type":"WebPage","@id":"https:\/\/informelitoral.com.ar\/gustavo-vergara-por-la-ampliacion-del-area-industrial-pasa-el-futuro-desarrollo-de-la-ciudad\/","url":"https:\/\/informelitoral.com.ar\/gustavo-vergara-por-la-ampliacion-del-area-industrial-pasa-el-futuro-desarrollo-de-la-ciudad\/","name":"Gustavo Vergara: \u201cPor la ampliaci\u00f3n del \u00c1rea Industrial pasa el futuro desarrollo de la ciudad\u201d - Informe Litoral","isPartOf":{"@id":"https:\/\/informelitoral.com.ar\/#website"},"primaryImageOfPage":{"@id":"https:\/\/informelitoral.com.ar\/gustavo-vergara-por-la-ampliacion-del-area-industrial-pasa-el-futuro-desarrollo-de-la-ciudad\/#primaryimage"},"image":{"@id":"https:\/\/informelitoral.com.ar\/gustavo-vergara-por-la-ampliacion-del-area-industrial-pasa-el-futuro-desarrollo-de-la-ciudad\/#primaryimage"},"thumbnailUrl":"http:\/\/www.isletasnoticias.com.ar\/%77%70%2d%63%6f%6e%74%65%6e%74\/uploads\/2017\/06\/o_1450790925.jpg","datePublished":"2017-06-05T11:05:12+00:00","dateModified":"2017-06-06T09:07:00+00:00","breadcrumb":{"@id":"https:\/\/informelitoral.com.ar\/gustavo-vergara-por-la-ampliacion-del-area-industrial-pasa-el-futuro-desarrollo-de-la-ciudad\/#breadcrumb"},"inLanguage":"es","potentialAction":[{"@type":"ReadAction","target":["https:\/\/informelitoral.com.ar\/gustavo-vergara-por-la-ampliacion-del-area-industrial-pasa-el-futuro-desarrollo-de-la-ciudad\/"]}]},{"@type":"ImageObject","inLanguage":"es","@id":"https:\/\/informelitoral.com.ar\/gustavo-vergara-por-la-ampliacion-del-area-industrial-pasa-el-futuro-desarrollo-de-la-ciudad\/#primaryimage","url":"http:\/\/www.isletasnoticias.com.ar\/%77%70%2d%63%6f%6e%74%65%6e%74\/uploads\/2017\/06\/o_1450790925.jpg","contentUrl":"http:\/\/www.isletasnoticias.com.ar\/%77%70%2d%63%6f%6e%74%65%6e%74\/uploads\/2017\/06\/o_1450790925.jpg"},{"@type":"BreadcrumbList","@id":"https:\/\/informelitoral.com.ar\/gustavo-vergara-por-la-ampliacion-del-area-industrial-pasa-el-futuro-desarrollo-de-la-ciudad\/#breadcrumb","itemListElement":[{"@type":"ListItem","position":1,"name":"Portada","item":"https:\/\/informelitoral.com.ar\/"},{"@type":"ListItem","position":2,"name":"Gustavo Vergara: \u201cPor la ampliaci\u00f3n del \u00c1rea Industrial pasa el futuro desarrollo de la ciudad\u201d"}]},{"@type":"WebSite","@id":"https:\/\/informelitoral.com.ar\/#website","url":"https:\/\/informelitoral.com.ar\/","name":"Informe Litoral","description":"&quot;Nos informamos&quot; ","publisher":{"@id":"https:\/\/informelitoral.com.ar\/#organization"},"potentialAction":[{"@type":"SearchAction","target":{"@type":"EntryPoint","urlTemplate":"https:\/\/informelitoral.com.ar\/?s={search_term_string}"},"query-input":{"@type":"PropertyValueSpecification","valueRequired":true,"valueName":"search_term_string"}}],"inLanguage":"es"},{"@type":"Organization","@id":"https:\/\/informelitoral.com.ar\/#organization","name":"Informe Litoral","url":"https:\/\/informelitoral.com.ar\/","logo":{"@type":"ImageObject","inLanguage":"es","@id":"https:\/\/informelitoral.com.ar\/#\/schema\/logo\/image\/","url":"https:\/\/informelitoral.com.ar\/%77%70%2d%63%6f%6e%74%65%6e%74\/uploads\/2021\/01\/circulo.png","contentUrl":"https:\/\/informelitoral.com.ar\/%77%70%2d%63%6f%6e%74%65%6e%74\/uploads\/2021\/01\/circulo.png","width":723,"height":731,"caption":"Informe Litoral"},"image":{"@id":"https:\/\/informelitoral.com.ar\/#\/schema\/logo\/image\/"},"sameAs":["https:\/\/www.facebook.com\/informelitoral\/","https:\/\/x.com\/InformeLitoral","https:\/\/www.instagram.com\/informelitoral\/","https:\/\/www.youtube.com\/channel\/UCua4Qvz8Icb6MYqhoq9xLXw"]},{"@type":"Person","@id":"https:\/\/informelitoral.com.ar\/#\/schema\/person\/b9d00407c836482871ef1d57bf8e3180","name":"Gonzalo Schmidt","image":{"@type":"ImageObject","inLanguage":"es","@id":"https:\/\/secure.gravatar.com\/avatar\/31a1a7b66ff2de83bd0e9fd79d026630d2d99e55e8bfe501287647b4fd9743de?s=96&d=mm&r=g","url":"https:\/\/secure.gravatar.com\/avatar\/31a1a7b66ff2de83bd0e9fd79d026630d2d99e55e8bfe501287647b4fd9743de?s=96&d=mm&r=g","contentUrl":"https:\/\/secure.gravatar.com\/avatar\/31a1a7b66ff2de83bd0e9fd79d026630d2d99e55e8bfe501287647b4fd9743de?s=96&d=mm&r=g","caption":"Gonzalo Schmidt"},"description":"Sitio web de noticias de la provincia de Entre R\u00edos, Argentina. Informaci\u00f3n y entretenimiento. Informe Litoral, nos informamos.","sameAs":["http:\/\/www.isletasnoticias.com.ar"],"url":"https:\/\/informelitoral.com.ar\/author\/gonzalo\/"}]}},"_links":{"self":[{"href":"https:\/\/informelitoral.com.ar\/%77%70%2d%6a%73%6f%6e\/wp\/v2\/posts\/21814","targetHints":{"allow":["GET"]}}],"collection":[{"href":"https:\/\/informelitoral.com.ar\/%77%70%2d%6a%73%6f%6e\/wp\/v2\/posts"}],"about":[{"href":"https:\/\/informelitoral.com.ar\/%77%70%2d%6a%73%6f%6e\/wp\/v2\/types\/post"}],"author":[{"embeddable":true,"href":"https:\/\/informelitoral.com.ar\/%77%70%2d%6a%73%6f%6e\/wp\/v2\/users\/2"}],"replies":[{"embeddable":true,"href":"https:\/\/informelitoral.com.ar\/%77%70%2d%6a%73%6f%6e\/wp\/v2\/comments?post=21814"}],"version-history":[{"count":0,"href":"https:\/\/informelitoral.com.ar\/%77%70%2d%6a%73%6f%6e\/wp\/v2\/posts\/21814\/revisions"}],"wp:attachment":[{"href":"https:\/\/informelitoral.com.ar\/%77%70%2d%6a%73%6f%6e\/wp\/v2\/media?parent=21814"}],"wp:term":[{"taxonomy":"category","embeddable":true,"href":"https:\/\/informelitoral.com.ar\/%77%70%2d%6a%73%6f%6e\/wp\/v2\/categories?post=21814"},{"taxonomy":"post_tag","embeddable":true,"href":"https:\/\/informelitoral.com.ar\/%77%70%2d%6a%73%6f%6e\/wp\/v2\/tags?post=21814"}],"curies":[{"name":"wp","href":"https:\/\/api.w.org\/{rel}","templated":true}]}}