{"id":218132,"date":"2025-04-12T10:42:47","date_gmt":"2025-04-12T13:42:47","guid":{"rendered":"https:\/\/informelitoral.com.ar\/?p=218132"},"modified":"2025-04-12T11:04:23","modified_gmt":"2025-04-12T14:04:23","slug":"pablo-donadio-explico-porque-es-necesario-actualizar-la-defensoria-del-pueblo","status":"publish","type":"post","link":"https:\/\/informelitoral.com.ar\/pablo-donadio-explico-porque-es-necesario-actualizar-la-defensoria-del-pueblo\/","title":{"rendered":"Pablo Donad\u00edo explic\u00f3 porqu\u00e9 es necesario actualizar la Defensor\u00eda del Pueblo"},"content":{"rendered":"<p><strong>Este a\u00f1o se cumplen 25 a\u00f1os del funcionamiento de la Defensor\u00eda del Pueblo de Paran\u00e1 y en ese marco, desde el bloque de concejales de Juntos por Entre R\u00edos presentar\u00e1n un proyecto para hacer algunas modificaciones y, sobre todo, actualizaciones en el funcionamiento de la misma.<\/strong><\/p>\n<p>El concejal <a href=\"https:\/\/www.instagram.com\/pablo_david_donadio\/\" target=\"_blank\" rel=\"noopener\"><strong>Pablo David Donad\u00edo<\/strong><\/a> es uno de los que m\u00e1s conoce sobre la Defensor\u00eda, ya que fue quien gener\u00f3 la ordenanza para la puesta en marcha, luego fue defensor adjunto durante nueve a\u00f1os y durante un a\u00f1o ocup\u00f3 el cargo m\u00e1ximo.<\/p>\n<p>En <a href=\"https:\/\/informelitoral.com.ar\/la-hora-del-6-cumple-seis-meses\/\" target=\"_blank\" rel=\"noopener\"><strong><em>La Hora del 6<\/em><\/strong><\/a> por <em>Canal 6 ERTV,<\/em> explic\u00f3 a grandes rasgos en qu\u00e9 consiste la iniciativa de su bloque. <strong>El mayor cambio es \u201creconvertir el cargo de defensor adjunto en defensor de Ni\u00f1os, Ni\u00f1as y Adolescentes<\/strong> porque entendemos que tras 25 a\u00f1os hay sectores que merecen nuestra especial atenci\u00f3n. Como capital provincial tenemos una complejidad social importante. No solo recibimos a los nacidos en Paran\u00e1, sino a un conjunto de ciudadanos que han migrado de la provincia de Entre R\u00edos o que llegaron de otras provincias o pa\u00edses vecinos. <strong>Quien se postule a ese cargo tendr\u00e1 que estar especializado en la materia, no se trata de voluntarismo sino de saber qu\u00e9 se debe hacer si es elegido<\/strong>\u201d, remarc\u00f3 Donad\u00edo.<\/p>\n<p>En relaci\u00f3n a las<strong> funciones<\/strong> que tendr\u00e1 el defensor de Ni\u00f1os, Ni\u00f1as y Adolescentes, indic\u00f3: \u201cNos preocupa no a nivel de organismos que pueden atender problem\u00e1ticas como el COPNAF, pero s\u00ed en cuestiones que tienen que ver con el<strong> acceso y la promoci\u00f3n de derechos, en lo que el Estado no puede estar ausente como lo es la Salud y la Educaci\u00f3n P\u00fablica, el acceso a la vivienda lo cual en muchos casos no est\u00e1 garantizado o la deserci\u00f3n escolar\u2026<\/strong> Son cosas que en el Siglo XXI no pueden estar pasando por eso consideramos que tiene que haber una instituci\u00f3n que se dedique a velar por esos derechos. <strong>No puede ejecutar pero si establecer recomendaciones al Ejecutivo para encontrar una respuesta o soluci\u00f3n<\/strong>\u201d, dijo.<\/p>\n<p><strong>Actualmente son dos las normas que rigen las defensor\u00edas<\/strong> -hay una para la defensor\u00eda del Pueblo y el Adjunto y otra para el defensor de Adultos Mayores, por m\u00e1s que est\u00e9n funcionando juntas- por lo que, seg\u00fan Donad\u00edo \u201cexiste un gris entre una norma y otra en cuanto a funcionamiento y hasta recursos presupuestarios por lo que <strong>el objetivo es unificar todo y que las autoridades de la Defensor\u00eda ocupen el cargo por cinco a\u00f1os con una reelecci\u00f3n<\/strong>\u201d.<\/p>\n<p>Adem\u00e1s, en el proyecto se propone<strong> establecer el Registro de Mediadores Comunitarios<\/strong> ya que hoy si bien trabajan no se hace de manera formal, aunque seguir\u00e1 siendo de manera ad honorem. <strong>Todas las modificaciones que proponemos no implican una mayor erogaci\u00f3n de recursos municipales y tampoco mas cargos. Es una reestructuraci\u00f3n y actualizaci\u00f3n\u201d,<\/strong> subray\u00f3 el edil de la oposici\u00f3n.<\/p>\n<p>Seg\u00fan lo previsto, \u201cel proyecto ingresar\u00e1 el martes al Recinto y de all\u00ed seguramente pasar\u00e1 a la Comisi\u00f3n de Legislaci\u00f3n general donde va a ser analizado por todos los bloques porque esto no es de un partido, el objetivo es mejorar la calidad de vida y de servicios a los paranaenses\u201d, expres\u00f3.<\/p>\n<h2><strong>Cr\u00edticas de Pol\u00edticas para la Rep\u00fablica<\/strong><\/h2>\n<h6><em><strong>Nota relacionada:\u00a0<a href=\"https:\/\/informelitoral.com.ar\/armando-sanchez-aseguro-que-en-parana-hacen-falta-respuestas-a-temas-centrales\/\" target=\"_blank\" rel=\"noopener\">Armando S\u00e1nchez asegur\u00f3 que en Paran\u00e1 hacen falta respuestas a temas centrales<\/a><\/strong><\/em><\/h6>\n<p>El presidente de Pol\u00edticas para la Rep\u00fablica (PR), <strong>Armando S\u00e1nchez<\/strong>, d\u00edas atr\u00e1s y en el mismo programa, <strong>critic\u00f3 a los ediles de la oposici\u00f3n paranaense por acompa\u00f1ar la mayor\u00eda de las iniciativas del Ejecutivo sin presentar \u201ccontrapropuestas\u201d.<\/strong> Al ser consultado al respecto, Donad\u00edo afirm\u00f3:<strong> \u201cLas sociedades evolucionan y lo que se da es madurez pol\u00edtica. El proceso electoral nos lleva a la competencia, pero luego hay que dedicarse a gobernar y tratar de hacer lo mejor para la gente.<\/strong> Hay buena relaci\u00f3n entre Provincia y Municipio y el mismo dialogo se da dentro del Concejo Deliberante. La discusi\u00f3n se da m\u00e1s que nada en las comisiones de trabajo cuando se llega al Recinto ya est\u00e1 pr\u00e1cticamente todo acordado. En comisiones nos reunimos todos los d\u00edas\u201d, cont\u00f3. <em>(Informe Litoral)<\/em><\/p>\n<h2><strong>Ver la entrevista completa con Pablo Donad\u00edo:\u00a0<\/strong><\/h2>\n<div class=\"youtube-embed\" data-video_id=\"1GBbHiz8pC8\"><iframe loading=\"lazy\" title=\"Pablo Donad\u00edo cont\u00f3 porqu\u00e9 es necesario actualizar la Defensor\u00eda del Pueblo\" width=\"696\" height=\"392\" src=\"https:\/\/www.youtube.com\/embed\/1GBbHiz8pC8?feature=oembed&#038;enablejsapi=1\" frameborder=\"0\" allow=\"accelerometer; autoplay; clipboard-write; encrypted-media; gyroscope; picture-in-picture; web-share\" referrerpolicy=\"strict-origin-when-cross-origin\" allowfullscreen><\/iframe><\/div>\n<h6><em><strong>Del archivo:\u00a0<a href=\"https:\/\/informelitoral.com.ar\/enrique-rios-no-recibimos-ningun-acompanamiento-del-gobierno-nacional-y-muy-escaso-de-la-provincia\/\" target=\"_blank\" rel=\"noopener\">Enrique R\u00edos: \u00abNo recibimos ning\u00fan acompa\u00f1amiento del Gobierno nacional y muy escaso de la Provincia\u00bb<\/a><\/strong><\/em><\/h6>\n<h6><em><strong><a href=\"https:\/\/informelitoral.com.ar\/mauricio-colello-no-cerro-las-puertas-a-un-acuerdo-con-los-libertarios-el-limite-es-el-kirchnerismo\/\" target=\"_blank\" rel=\"noopener\">Mauricio Colello no cerr\u00f3 las puertas a un acuerdo con los libertarios: \u201cEl l\u00edmite es el kirchnerismo\u201d<\/a><\/strong><\/em><\/h6>\n","protected":false},"excerpt":{"rendered":"<p>El concejal de Juntos por Entre R\u00edos brind\u00f3 detalles del proyecto que ingresar\u00e1n este martes en el HCD paranaense. Entre otras cosas, se prev\u00e9 crear la Defensor\u00eda de Ni\u00f1os, Ni\u00f1as y Adolescentes. \u201cNo implicar\u00e1 una mayor erogaci\u00f3n\u201d, afirm\u00f3 en La Hora del 6. Tambi\u00e9n respondi\u00f3 a cr\u00edticas de Armado S\u00e1nchez de PR. <\/p>\n","protected":false},"author":2,"featured_media":218006,"comment_status":"open","ping_status":"open","sticky":false,"template":"","format":"standard","meta":{"fifu_image_url":"","fifu_image_alt":"","footnotes":""},"categories":[1597,16],"tags":[1659,1193,2540,111,267,45],"class_list":{"0":"post-218132","1":"post","2":"type-post","3":"status-publish","4":"format-standard","5":"has-post-thumbnail","7":"category-parana","8":"category-politi","9":"tag-defensoria-del-pueblo","10":"tag-hcd","11":"tag-juntos-por-entre-rios","12":"tag-municipales","13":"tag-municipalidad","14":"tag-parana"},"yoast_head":"<title>Pablo Donad\u00edo explic\u00f3 porqu\u00e9 es necesario actualizar la Defensor\u00eda del Pueblo - Informe Litoral<\/title>\n<meta name=\"robots\" content=\"index, follow, max-snippet:-1, max-image-preview:large, max-video-preview:-1\" \/>\n<link rel=\"canonical\" href=\"https:\/\/informelitoral.com.ar\/pablo-donadio-explico-porque-es-necesario-actualizar-la-defensoria-del-pueblo\/\" \/>\n<meta property=\"og:locale\" content=\"es_ES\" \/>\n<meta property=\"og:type\" content=\"article\" \/>\n<meta property=\"og:title\" content=\"Pablo Donad\u00edo explic\u00f3 porqu\u00e9 es necesario actualizar la Defensor\u00eda del Pueblo - Informe Litoral\" \/>\n<meta property=\"og:description\" content=\"El concejal de Juntos por Entre R\u00edos brind\u00f3 detalles del proyecto que ingresar\u00e1n este martes en el HCD paranaense. Entre otras cosas, se prev\u00e9 crear la Defensor\u00eda de Ni\u00f1os, Ni\u00f1as y Adolescentes. \u201cNo implicar\u00e1 una mayor erogaci\u00f3n\u201d, afirm\u00f3 en La Hora del 6. Tambi\u00e9n respondi\u00f3 a cr\u00edticas de Armado S\u00e1nchez de PR.\" \/>\n<meta property=\"og:url\" content=\"https:\/\/informelitoral.com.ar\/pablo-donadio-explico-porque-es-necesario-actualizar-la-defensoria-del-pueblo\/\" \/>\n<meta property=\"og:site_name\" content=\"Informe Litoral\" \/>\n<meta property=\"article:publisher\" content=\"https:\/\/www.facebook.com\/informelitoral\/\" \/>\n<meta property=\"article:published_time\" content=\"2025-04-12T13:42:47+00:00\" \/>\n<meta property=\"article:modified_time\" content=\"2025-04-12T14:04:23+00:00\" \/>\n<meta property=\"og:image\" content=\"https:\/\/informelitoral.com.ar\/%77%70%2d%63%6f%6e%74%65%6e%74\/uploads\/2025\/04\/concejal-pablo-donadio-la-hora-del-6-canal-6-ertv.jpg\" \/>\n\t<meta property=\"og:image:width\" content=\"1913\" \/>\n\t<meta property=\"og:image:height\" content=\"1080\" \/>\n\t<meta property=\"og:image:type\" content=\"image\/jpeg\" \/>\n<meta name=\"author\" content=\"Gonzalo Schmidt\" \/>\n<meta name=\"twitter:card\" content=\"summary_large_image\" \/>\n<meta name=\"twitter:creator\" content=\"@InformeLitoral\" \/>\n<meta name=\"twitter:site\" content=\"@InformeLitoral\" \/>\n<meta name=\"twitter:label1\" content=\"Escrito por\" \/>\n\t<meta name=\"twitter:data1\" content=\"Gonzalo Schmidt\" \/>\n\t<meta name=\"twitter:label2\" content=\"Tiempo de lectura\" \/>\n\t<meta name=\"twitter:data2\" content=\"4 minutos\" \/>\n<script type=\"application\/ld+json\" class=\"yoast-schema-graph\">{\"@context\":\"https:\\\/\\\/schema.org\",\"@graph\":[{\"@type\":\"Article\",\"@id\":\"https:\\\/\\\/informelitoral.com.ar\\\/pablo-donadio-explico-porque-es-necesario-actualizar-la-defensoria-del-pueblo\\\/#article\",\"isPartOf\":{\"@id\":\"https:\\\/\\\/informelitoral.com.ar\\\/pablo-donadio-explico-porque-es-necesario-actualizar-la-defensoria-del-pueblo\\\/\"},\"author\":{\"name\":\"Gonzalo Schmidt\",\"@id\":\"https:\\\/\\\/informelitoral.com.ar\\\/#\\\/schema\\\/person\\\/b9d00407c836482871ef1d57bf8e3180\"},\"headline\":\"Pablo Donad\u00edo explic\u00f3 porqu\u00e9 es necesario actualizar la Defensor\u00eda del Pueblo\",\"datePublished\":\"2025-04-12T13:42:47+00:00\",\"dateModified\":\"2025-04-12T14:04:23+00:00\",\"mainEntityOfPage\":{\"@id\":\"https:\\\/\\\/informelitoral.com.ar\\\/pablo-donadio-explico-porque-es-necesario-actualizar-la-defensoria-del-pueblo\\\/\"},\"wordCount\":801,\"commentCount\":0,\"publisher\":{\"@id\":\"https:\\\/\\\/informelitoral.com.ar\\\/#organization\"},\"image\":{\"@id\":\"https:\\\/\\\/informelitoral.com.ar\\\/pablo-donadio-explico-porque-es-necesario-actualizar-la-defensoria-del-pueblo\\\/#primaryimage\"},\"thumbnailUrl\":\"https:\\\/\\\/informelitoral.com.ar\\\/%77%70%2d%63%6f%6e%74%65%6e%74\\\/uploads\\\/2025\\\/04\\\/concejal-pablo-donadio-la-hora-del-6-canal-6-ertv.jpg\",\"keywords\":[\"Defensoria del Pueblo\",\"HCD\",\"Juntos por Entre R\u00edos\",\"Municipales\",\"Municipalidad\",\"Paran\u00e1\"],\"articleSection\":[\"Paran\u00e1\",\"Politica\"],\"inLanguage\":\"es\",\"potentialAction\":[{\"@type\":\"CommentAction\",\"name\":\"Comment\",\"target\":[\"https:\\\/\\\/informelitoral.com.ar\\\/pablo-donadio-explico-porque-es-necesario-actualizar-la-defensoria-del-pueblo\\\/#respond\"]}]},{\"@type\":\"WebPage\",\"@id\":\"https:\\\/\\\/informelitoral.com.ar\\\/pablo-donadio-explico-porque-es-necesario-actualizar-la-defensoria-del-pueblo\\\/\",\"url\":\"https:\\\/\\\/informelitoral.com.ar\\\/pablo-donadio-explico-porque-es-necesario-actualizar-la-defensoria-del-pueblo\\\/\",\"name\":\"Pablo Donad\u00edo explic\u00f3 porqu\u00e9 es necesario actualizar la Defensor\u00eda del Pueblo - Informe Litoral\",\"isPartOf\":{\"@id\":\"https:\\\/\\\/informelitoral.com.ar\\\/#website\"},\"primaryImageOfPage\":{\"@id\":\"https:\\\/\\\/informelitoral.com.ar\\\/pablo-donadio-explico-porque-es-necesario-actualizar-la-defensoria-del-pueblo\\\/#primaryimage\"},\"image\":{\"@id\":\"https:\\\/\\\/informelitoral.com.ar\\\/pablo-donadio-explico-porque-es-necesario-actualizar-la-defensoria-del-pueblo\\\/#primaryimage\"},\"thumbnailUrl\":\"https:\\\/\\\/informelitoral.com.ar\\\/%77%70%2d%63%6f%6e%74%65%6e%74\\\/uploads\\\/2025\\\/04\\\/concejal-pablo-donadio-la-hora-del-6-canal-6-ertv.jpg\",\"datePublished\":\"2025-04-12T13:42:47+00:00\",\"dateModified\":\"2025-04-12T14:04:23+00:00\",\"breadcrumb\":{\"@id\":\"https:\\\/\\\/informelitoral.com.ar\\\/pablo-donadio-explico-porque-es-necesario-actualizar-la-defensoria-del-pueblo\\\/#breadcrumb\"},\"inLanguage\":\"es\",\"potentialAction\":[{\"@type\":\"ReadAction\",\"target\":[\"https:\\\/\\\/informelitoral.com.ar\\\/pablo-donadio-explico-porque-es-necesario-actualizar-la-defensoria-del-pueblo\\\/\"]}]},{\"@type\":\"ImageObject\",\"inLanguage\":\"es\",\"@id\":\"https:\\\/\\\/informelitoral.com.ar\\\/pablo-donadio-explico-porque-es-necesario-actualizar-la-defensoria-del-pueblo\\\/#primaryimage\",\"url\":\"https:\\\/\\\/informelitoral.com.ar\\\/%77%70%2d%63%6f%6e%74%65%6e%74\\\/uploads\\\/2025\\\/04\\\/concejal-pablo-donadio-la-hora-del-6-canal-6-ertv.jpg\",\"contentUrl\":\"https:\\\/\\\/informelitoral.com.ar\\\/%77%70%2d%63%6f%6e%74%65%6e%74\\\/uploads\\\/2025\\\/04\\\/concejal-pablo-donadio-la-hora-del-6-canal-6-ertv.jpg\",\"width\":1913,\"height\":1080,\"caption\":\"Pablo Donad\u00edo, concejal de Juntos por Entre R\u00edos en La Hora del 6 por Canal 6 ERTV.\"},{\"@type\":\"BreadcrumbList\",\"@id\":\"https:\\\/\\\/informelitoral.com.ar\\\/pablo-donadio-explico-porque-es-necesario-actualizar-la-defensoria-del-pueblo\\\/#breadcrumb\",\"itemListElement\":[{\"@type\":\"ListItem\",\"position\":1,\"name\":\"Portada\",\"item\":\"https:\\\/\\\/informelitoral.com.ar\\\/\"},{\"@type\":\"ListItem\",\"position\":2,\"name\":\"Pablo Donad\u00edo explic\u00f3 porqu\u00e9 es necesario actualizar la Defensor\u00eda del Pueblo\"}]},{\"@type\":\"WebSite\",\"@id\":\"https:\\\/\\\/informelitoral.com.ar\\\/#website\",\"url\":\"https:\\\/\\\/informelitoral.com.ar\\\/\",\"name\":\"Informe Litoral\",\"description\":\"&quot;Nos informamos&quot; \",\"publisher\":{\"@id\":\"https:\\\/\\\/informelitoral.com.ar\\\/#organization\"},\"potentialAction\":[{\"@type\":\"SearchAction\",\"target\":{\"@type\":\"EntryPoint\",\"urlTemplate\":\"https:\\\/\\\/informelitoral.com.ar\\\/?s={search_term_string}\"},\"query-input\":{\"@type\":\"PropertyValueSpecification\",\"valueRequired\":true,\"valueName\":\"search_term_string\"}}],\"inLanguage\":\"es\"},{\"@type\":\"Organization\",\"@id\":\"https:\\\/\\\/informelitoral.com.ar\\\/#organization\",\"name\":\"Informe Litoral\",\"url\":\"https:\\\/\\\/informelitoral.com.ar\\\/\",\"logo\":{\"@type\":\"ImageObject\",\"inLanguage\":\"es\",\"@id\":\"https:\\\/\\\/informelitoral.com.ar\\\/#\\\/schema\\\/logo\\\/image\\\/\",\"url\":\"https:\\\/\\\/informelitoral.com.ar\\\/%77%70%2d%63%6f%6e%74%65%6e%74\\\/uploads\\\/2021\\\/01\\\/circulo.png\",\"contentUrl\":\"https:\\\/\\\/informelitoral.com.ar\\\/%77%70%2d%63%6f%6e%74%65%6e%74\\\/uploads\\\/2021\\\/01\\\/circulo.png\",\"width\":723,\"height\":731,\"caption\":\"Informe Litoral\"},\"image\":{\"@id\":\"https:\\\/\\\/informelitoral.com.ar\\\/#\\\/schema\\\/logo\\\/image\\\/\"},\"sameAs\":[\"https:\\\/\\\/www.facebook.com\\\/informelitoral\\\/\",\"https:\\\/\\\/x.com\\\/InformeLitoral\",\"https:\\\/\\\/www.instagram.com\\\/informelitoral\\\/\",\"https:\\\/\\\/www.youtube.com\\\/channel\\\/UCua4Qvz8Icb6MYqhoq9xLXw\"]},{\"@type\":\"Person\",\"@id\":\"https:\\\/\\\/informelitoral.com.ar\\\/#\\\/schema\\\/person\\\/b9d00407c836482871ef1d57bf8e3180\",\"name\":\"Gonzalo Schmidt\",\"image\":{\"@type\":\"ImageObject\",\"inLanguage\":\"es\",\"@id\":\"https:\\\/\\\/secure.gravatar.com\\\/avatar\\\/31a1a7b66ff2de83bd0e9fd79d026630d2d99e55e8bfe501287647b4fd9743de?s=96&d=mm&r=g\",\"url\":\"https:\\\/\\\/secure.gravatar.com\\\/avatar\\\/31a1a7b66ff2de83bd0e9fd79d026630d2d99e55e8bfe501287647b4fd9743de?s=96&d=mm&r=g\",\"contentUrl\":\"https:\\\/\\\/secure.gravatar.com\\\/avatar\\\/31a1a7b66ff2de83bd0e9fd79d026630d2d99e55e8bfe501287647b4fd9743de?s=96&d=mm&r=g\",\"caption\":\"Gonzalo Schmidt\"},\"description\":\"Sitio web de noticias de la provincia de Entre R\u00edos, Argentina. Informaci\u00f3n y entretenimiento. Informe Litoral, nos informamos.\",\"sameAs\":[\"http:\\\/\\\/www.isletasnoticias.com.ar\"],\"url\":\"https:\\\/\\\/informelitoral.com.ar\\\/author\\\/gonzalo\\\/\"}]}<\/script>","yoast_head_json":{"title":"Pablo Donad\u00edo explic\u00f3 porqu\u00e9 es necesario actualizar la Defensor\u00eda del Pueblo - Informe Litoral","robots":{"index":"index","follow":"follow","max-snippet":"max-snippet:-1","max-image-preview":"max-image-preview:large","max-video-preview":"max-video-preview:-1"},"canonical":"https:\/\/informelitoral.com.ar\/pablo-donadio-explico-porque-es-necesario-actualizar-la-defensoria-del-pueblo\/","og_locale":"es_ES","og_type":"article","og_title":"Pablo Donad\u00edo explic\u00f3 porqu\u00e9 es necesario actualizar la Defensor\u00eda del Pueblo - Informe Litoral","og_description":"El concejal de Juntos por Entre R\u00edos brind\u00f3 detalles del proyecto que ingresar\u00e1n este martes en el HCD paranaense. Entre otras cosas, se prev\u00e9 crear la Defensor\u00eda de Ni\u00f1os, Ni\u00f1as y Adolescentes. \u201cNo implicar\u00e1 una mayor erogaci\u00f3n\u201d, afirm\u00f3 en La Hora del 6. Tambi\u00e9n respondi\u00f3 a cr\u00edticas de Armado S\u00e1nchez de PR.","og_url":"https:\/\/informelitoral.com.ar\/pablo-donadio-explico-porque-es-necesario-actualizar-la-defensoria-del-pueblo\/","og_site_name":"Informe Litoral","article_publisher":"https:\/\/www.facebook.com\/informelitoral\/","article_published_time":"2025-04-12T13:42:47+00:00","article_modified_time":"2025-04-12T14:04:23+00:00","og_image":[{"width":1913,"height":1080,"url":"https:\/\/informelitoral.com.ar\/%77%70%2d%63%6f%6e%74%65%6e%74\/uploads\/2025\/04\/concejal-pablo-donadio-la-hora-del-6-canal-6-ertv.jpg","type":"image\/jpeg"}],"author":"Gonzalo Schmidt","twitter_card":"summary_large_image","twitter_creator":"@InformeLitoral","twitter_site":"@InformeLitoral","twitter_misc":{"Escrito por":"Gonzalo Schmidt","Tiempo de lectura":"4 minutos"},"schema":{"@context":"https:\/\/schema.org","@graph":[{"@type":"Article","@id":"https:\/\/informelitoral.com.ar\/pablo-donadio-explico-porque-es-necesario-actualizar-la-defensoria-del-pueblo\/#article","isPartOf":{"@id":"https:\/\/informelitoral.com.ar\/pablo-donadio-explico-porque-es-necesario-actualizar-la-defensoria-del-pueblo\/"},"author":{"name":"Gonzalo Schmidt","@id":"https:\/\/informelitoral.com.ar\/#\/schema\/person\/b9d00407c836482871ef1d57bf8e3180"},"headline":"Pablo Donad\u00edo explic\u00f3 porqu\u00e9 es necesario actualizar la Defensor\u00eda del Pueblo","datePublished":"2025-04-12T13:42:47+00:00","dateModified":"2025-04-12T14:04:23+00:00","mainEntityOfPage":{"@id":"https:\/\/informelitoral.com.ar\/pablo-donadio-explico-porque-es-necesario-actualizar-la-defensoria-del-pueblo\/"},"wordCount":801,"commentCount":0,"publisher":{"@id":"https:\/\/informelitoral.com.ar\/#organization"},"image":{"@id":"https:\/\/informelitoral.com.ar\/pablo-donadio-explico-porque-es-necesario-actualizar-la-defensoria-del-pueblo\/#primaryimage"},"thumbnailUrl":"https:\/\/informelitoral.com.ar\/%77%70%2d%63%6f%6e%74%65%6e%74\/uploads\/2025\/04\/concejal-pablo-donadio-la-hora-del-6-canal-6-ertv.jpg","keywords":["Defensoria del Pueblo","HCD","Juntos por Entre R\u00edos","Municipales","Municipalidad","Paran\u00e1"],"articleSection":["Paran\u00e1","Politica"],"inLanguage":"es","potentialAction":[{"@type":"CommentAction","name":"Comment","target":["https:\/\/informelitoral.com.ar\/pablo-donadio-explico-porque-es-necesario-actualizar-la-defensoria-del-pueblo\/#respond"]}]},{"@type":"WebPage","@id":"https:\/\/informelitoral.com.ar\/pablo-donadio-explico-porque-es-necesario-actualizar-la-defensoria-del-pueblo\/","url":"https:\/\/informelitoral.com.ar\/pablo-donadio-explico-porque-es-necesario-actualizar-la-defensoria-del-pueblo\/","name":"Pablo Donad\u00edo explic\u00f3 porqu\u00e9 es necesario actualizar la Defensor\u00eda del Pueblo - Informe Litoral","isPartOf":{"@id":"https:\/\/informelitoral.com.ar\/#website"},"primaryImageOfPage":{"@id":"https:\/\/informelitoral.com.ar\/pablo-donadio-explico-porque-es-necesario-actualizar-la-defensoria-del-pueblo\/#primaryimage"},"image":{"@id":"https:\/\/informelitoral.com.ar\/pablo-donadio-explico-porque-es-necesario-actualizar-la-defensoria-del-pueblo\/#primaryimage"},"thumbnailUrl":"https:\/\/informelitoral.com.ar\/%77%70%2d%63%6f%6e%74%65%6e%74\/uploads\/2025\/04\/concejal-pablo-donadio-la-hora-del-6-canal-6-ertv.jpg","datePublished":"2025-04-12T13:42:47+00:00","dateModified":"2025-04-12T14:04:23+00:00","breadcrumb":{"@id":"https:\/\/informelitoral.com.ar\/pablo-donadio-explico-porque-es-necesario-actualizar-la-defensoria-del-pueblo\/#breadcrumb"},"inLanguage":"es","potentialAction":[{"@type":"ReadAction","target":["https:\/\/informelitoral.com.ar\/pablo-donadio-explico-porque-es-necesario-actualizar-la-defensoria-del-pueblo\/"]}]},{"@type":"ImageObject","inLanguage":"es","@id":"https:\/\/informelitoral.com.ar\/pablo-donadio-explico-porque-es-necesario-actualizar-la-defensoria-del-pueblo\/#primaryimage","url":"https:\/\/informelitoral.com.ar\/%77%70%2d%63%6f%6e%74%65%6e%74\/uploads\/2025\/04\/concejal-pablo-donadio-la-hora-del-6-canal-6-ertv.jpg","contentUrl":"https:\/\/informelitoral.com.ar\/%77%70%2d%63%6f%6e%74%65%6e%74\/uploads\/2025\/04\/concejal-pablo-donadio-la-hora-del-6-canal-6-ertv.jpg","width":1913,"height":1080,"caption":"Pablo Donad\u00edo, concejal de Juntos por Entre R\u00edos en La Hora del 6 por Canal 6 ERTV."},{"@type":"BreadcrumbList","@id":"https:\/\/informelitoral.com.ar\/pablo-donadio-explico-porque-es-necesario-actualizar-la-defensoria-del-pueblo\/#breadcrumb","itemListElement":[{"@type":"ListItem","position":1,"name":"Portada","item":"https:\/\/informelitoral.com.ar\/"},{"@type":"ListItem","position":2,"name":"Pablo Donad\u00edo explic\u00f3 porqu\u00e9 es necesario actualizar la Defensor\u00eda del Pueblo"}]},{"@type":"WebSite","@id":"https:\/\/informelitoral.com.ar\/#website","url":"https:\/\/informelitoral.com.ar\/","name":"Informe Litoral","description":"&quot;Nos informamos&quot; ","publisher":{"@id":"https:\/\/informelitoral.com.ar\/#organization"},"potentialAction":[{"@type":"SearchAction","target":{"@type":"EntryPoint","urlTemplate":"https:\/\/informelitoral.com.ar\/?s={search_term_string}"},"query-input":{"@type":"PropertyValueSpecification","valueRequired":true,"valueName":"search_term_string"}}],"inLanguage":"es"},{"@type":"Organization","@id":"https:\/\/informelitoral.com.ar\/#organization","name":"Informe Litoral","url":"https:\/\/informelitoral.com.ar\/","logo":{"@type":"ImageObject","inLanguage":"es","@id":"https:\/\/informelitoral.com.ar\/#\/schema\/logo\/image\/","url":"https:\/\/informelitoral.com.ar\/%77%70%2d%63%6f%6e%74%65%6e%74\/uploads\/2021\/01\/circulo.png","contentUrl":"https:\/\/informelitoral.com.ar\/%77%70%2d%63%6f%6e%74%65%6e%74\/uploads\/2021\/01\/circulo.png","width":723,"height":731,"caption":"Informe Litoral"},"image":{"@id":"https:\/\/informelitoral.com.ar\/#\/schema\/logo\/image\/"},"sameAs":["https:\/\/www.facebook.com\/informelitoral\/","https:\/\/x.com\/InformeLitoral","https:\/\/www.instagram.com\/informelitoral\/","https:\/\/www.youtube.com\/channel\/UCua4Qvz8Icb6MYqhoq9xLXw"]},{"@type":"Person","@id":"https:\/\/informelitoral.com.ar\/#\/schema\/person\/b9d00407c836482871ef1d57bf8e3180","name":"Gonzalo Schmidt","image":{"@type":"ImageObject","inLanguage":"es","@id":"https:\/\/secure.gravatar.com\/avatar\/31a1a7b66ff2de83bd0e9fd79d026630d2d99e55e8bfe501287647b4fd9743de?s=96&d=mm&r=g","url":"https:\/\/secure.gravatar.com\/avatar\/31a1a7b66ff2de83bd0e9fd79d026630d2d99e55e8bfe501287647b4fd9743de?s=96&d=mm&r=g","contentUrl":"https:\/\/secure.gravatar.com\/avatar\/31a1a7b66ff2de83bd0e9fd79d026630d2d99e55e8bfe501287647b4fd9743de?s=96&d=mm&r=g","caption":"Gonzalo Schmidt"},"description":"Sitio web de noticias de la provincia de Entre R\u00edos, Argentina. Informaci\u00f3n y entretenimiento. Informe Litoral, nos informamos.","sameAs":["http:\/\/www.isletasnoticias.com.ar"],"url":"https:\/\/informelitoral.com.ar\/author\/gonzalo\/"}]}},"_links":{"self":[{"href":"https:\/\/informelitoral.com.ar\/%77%70%2d%6a%73%6f%6e\/wp\/v2\/posts\/218132","targetHints":{"allow":["GET"]}}],"collection":[{"href":"https:\/\/informelitoral.com.ar\/%77%70%2d%6a%73%6f%6e\/wp\/v2\/posts"}],"about":[{"href":"https:\/\/informelitoral.com.ar\/%77%70%2d%6a%73%6f%6e\/wp\/v2\/types\/post"}],"author":[{"embeddable":true,"href":"https:\/\/informelitoral.com.ar\/%77%70%2d%6a%73%6f%6e\/wp\/v2\/users\/2"}],"replies":[{"embeddable":true,"href":"https:\/\/informelitoral.com.ar\/%77%70%2d%6a%73%6f%6e\/wp\/v2\/comments?post=218132"}],"version-history":[{"count":0,"href":"https:\/\/informelitoral.com.ar\/%77%70%2d%6a%73%6f%6e\/wp\/v2\/posts\/218132\/revisions"}],"wp:featuredmedia":[{"embeddable":true,"href":"https:\/\/informelitoral.com.ar\/%77%70%2d%6a%73%6f%6e\/wp\/v2\/media\/218006"}],"wp:attachment":[{"href":"https:\/\/informelitoral.com.ar\/%77%70%2d%6a%73%6f%6e\/wp\/v2\/media?parent=218132"}],"wp:term":[{"taxonomy":"category","embeddable":true,"href":"https:\/\/informelitoral.com.ar\/%77%70%2d%6a%73%6f%6e\/wp\/v2\/categories?post=218132"},{"taxonomy":"post_tag","embeddable":true,"href":"https:\/\/informelitoral.com.ar\/%77%70%2d%6a%73%6f%6e\/wp\/v2\/tags?post=218132"}],"curies":[{"name":"wp","href":"https:\/\/api.w.org\/{rel}","templated":true}]}}