{"id":21805,"date":"2017-06-05T07:36:29","date_gmt":"2017-06-05T10:36:29","guid":{"rendered":"http:\/\/www.isletasnoticias.com.ar\/?p=21805"},"modified":"2017-06-05T07:36:29","modified_gmt":"2017-06-05T10:36:29","slug":"cambiemos-gano-en-corrientes-y-el-pj-se-impuso-en-chaco-y-la-rioja","status":"publish","type":"post","link":"https:\/\/informelitoral.com.ar\/cambiemos-gano-en-corrientes-y-el-pj-se-impuso-en-chaco-y-la-rioja\/","title":{"rendered":"Cambiemos gan\u00f3 en Corrientes y el PJ se impuso en Chaco y La Rioja"},"content":{"rendered":"<div class=\"post-right\">\n<p class=\"post-excerpt\"><strong>La f\u00f3rmula<em> Tassano-Lanari<\/em>, que responde al Gobierno nacional, se qued\u00f3 con la intendencia de la capital correntina. En Chaco, donde se realizaron las Primarias para renovar la mitad de los esca\u00f1os de la C\u00e1mara de Diputados, se impuso el justicialismo y Cambiemos qued\u00f3 segundo. En tanto, en La Rioja, se eligieron diputados provinciales en siete de los 18 departamentos; el PJ qued\u00f3 primero y los representantes de Cambiemos terceros. Son los primeros comicios del a\u00f1o.<a href=\"http:\/\/www.isletasnoticias.com.ar\/%77%70%2d%63%6f%6e%74%65%6e%74\/uploads\/2017\/06\/elecciones2017-argentina.jpg\"><img loading=\"lazy\" decoding=\"async\" class=\"aligncenter wp-image-21806 size-full\" src=\"http:\/\/www.isletasnoticias.com.ar\/%77%70%2d%63%6f%6e%74%65%6e%74\/uploads\/2017\/06\/elecciones2017-argentina.jpg\" alt=\"\" width=\"746\" height=\"418\" srcset=\"https:\/\/informelitoral.com.ar\/%77%70%2d%63%6f%6e%74%65%6e%74\/uploads\/2017\/06\/elecciones2017-argentina.jpg 746w, https:\/\/informelitoral.com.ar\/%77%70%2d%63%6f%6e%74%65%6e%74\/uploads\/2017\/06\/elecciones2017-argentina-300x168.jpg 300w\" sizes=\"auto, (max-width: 746px) 100vw, 746px\" \/><\/a><\/strong><\/p>\n<\/div>\n<div class=\"post-body-inner\">\n<p>Las elecciones municipales de Corrientes, las primarias de Chaco y las legislativas parciales de La Rioja se desarrollaron el domingo con normalidad, en el inicio del calendario electoral 2017 y <strong>con la ausencia de los principales dirigentes de los diferentes espacios en el primer test de la pol\u00edtica nacional.<\/strong><\/p>\n<p><strong>Corrientes<\/strong><\/p>\n<p>En la ciudad de Corrientes se votaron los cargos de intendente y diez concejal\u00edas con tres listas: la alianza oficialista <em>Haciendo Corrientes<\/em> que lidera el PJ, el frente <em>ECO+Cambiemos<\/em> y <em>Frente para la Victoria<\/em> (FPV).<\/p>\n<p>El intendente justicialista <strong>Fabi\u00e1n R\u00edos<\/strong>\u00a0pretend\u00eda su reelecci\u00f3n de la mano de Haciendo Corrientes y tuvo como principal competidor al frente Encuentro por Corrientes (ECO) y Cambiemos, que present\u00f3 una f\u00f3rmula conformada por los m\u00e9dicos y ex funcionarios <strong>Eduardo Tassano y Emilio Lanari<\/strong>.<\/p>\n<div class=\"row\">\n<div class=\"col-xs-12 col-print-12\">\n<p class=\"element element-paragraph\">En tanto, la lista del FPV estuvo integrada por fuerzas de izquierda y agrupaciones kirchneristas, una f\u00f3rmula compuesta por la ex diputada comunista <strong>Sonia L\u00f3pez<\/strong> y un dirigente joven como <strong>Javier Sol\u00eds<\/strong>.<\/p>\n<\/div>\n<\/div>\n<div class=\"row\">\n<div class=\"col-xs-12 col-print-12\">\n<p class=\"element element-paragraph\"><span class=\"body-text-highlight\">De acuerdo a los datos oficiales, y con el 100% de las mesas escrutadas, la f\u00f3rmula Tassano-Lanari, que responde al Gobierno nacional, se impuso con el 50.17, mientras que los candidatos del peronismo se quedaron con el 46.47% de los votos y, m\u00e1s relegados, los kirchenristas L\u00f3pez y Sol\u00eds, con el 3.36%.<\/span><\/p>\n<\/div>\n<\/div>\n<div class=\"row\">\n<div class=\"col-xs-12 col-print-12\">\n<p class=\"element element-paragraph\"><strong>\u201cEstimado Presidente de la Naci\u00f3n, el cambio lleg\u00f3 a la ciudad de Corrientes\u201d, dijo Tassano<\/strong>, y adelant\u00f3 que \u00a0trabajar\u00e1 \u201cpara transformar la capital en una ciudad amigable, moderna, sustentable y que genere trabajo para los j\u00f3venes\u201d.<\/p>\n<p class=\"element element-paragraph\">En este turno electoral, adem\u00e1s, se utiliz\u00f3 a modo de prueba -y por primera vez en la provincia- el sistema de Boleta \u00danica Electr\u00f3nica (BUE). Se instalaron las m\u00e1quinas en s\u00f3lo dos escuelas, consign\u00f3<em> Infobae.<\/em><\/p>\n<\/div>\n<\/div>\n<div class=\"row\">\n<div class=\"col-xs-12 col-print-12\">\n<div class=\"row\">\n<div class=\"col-xs-12 col-print-12\">\n<p class=\"element element-paragraph\"><strong>Chaco<\/strong><\/p>\n<\/div>\n<\/div>\n<div class=\"row\">\n<div class=\"col-xs-12 col-print-12\">\n<p class=\"element element-paragraph\">Por otro lado, en Chaco se vot\u00f3 en unas PASO para renovar la mitad de los esca\u00f1os de la C\u00e1mara de Diputados provincial en julio. Se opt\u00f3 entre 23 listas divididas entre once fuerzas partidarias.<\/p>\n<\/div>\n<\/div>\n<div class=\"row\">\n<div class=\"col-xs-12 col-print-12\">\n<p class=\"element element-paragraph\"><span class=\"body-text-highlight\">En esta provincia, y con el<strong>\u00a096.94% de las mesas escrutadas<\/strong>, el <strong>Frente Chaco Merece M\u00e1s se consolida como la principal fuerza<\/strong> pol\u00edtica: alcanza el 50.09% de los votos, en tanto que el Cambiemos alcanza el 33.49%. En tercer lugar se ubica\u00a0el Partido Obrero, con el 4.49% de los votos.<\/span><\/p>\n<\/div>\n<\/div>\n<div class=\"row\">\n<div class=\"col-xs-12 col-print-12\">\n<p class=\"element element-paragraph\">El oficialista Chaco Merece Mas present\u00f3 11 listas que compitieron en la interna: hasta el momento se impone la lista \u201cHonestidad, trabajo y justicia social\u201d, que supera a la Corriente Provincial Kirchnerista.<\/p>\n<\/div>\n<\/div>\n<div class=\"row\">\n<div class=\"col-xs-12 col-print-12\">\n<p class=\"element element-paragraph\">M\u00e1s lejos queda el Frente Grande, con 3.16%, y el Partido para el Desarrollo y la Igualdad, del massista Jos\u00e9 S\u00e1nchez, con el 1.92%.<\/p>\n<div class=\"row\">\n<div class=\"col-xs-12 col-print-12\">\n<p class=\"element element-paragraph\"><strong>La Rioja<\/strong><\/p>\n<\/div>\n<\/div>\n<div class=\"row\">\n<div class=\"col-xs-12 col-print-12\">\n<p class=\"element element-paragraph\">En La Rioja, en tanto, los comicios se realizaron para elegir diputados provinciales en siete de los 18 departamentos de la provincia. En este caso, y de acuerdo informaci\u00f3n del Tribunal Electoral provincial, la f\u00f3rmula del PJ, que lideran <strong>Teresa Madera y Ricardo Quintela<\/strong>, y que cuenta con el aval del ex gobernador <strong>Luis Beder Herrera<\/strong>, obtiene el 25.01% de los votos con el <strong>99.78% de las mesas escrutadas en la ciudad capital<\/strong>. En segundo lugar se posiciona el Frente Encuentro por La Rioja, con el 19.60, mientras que la alianza Cambiemos-Fuerza C\u00edvica Federal, que lleva como candidatos a\u00a0<strong>Gustavo Galv\u00e1n y Alfredo Br\u00edgido<\/strong>, obtiene el 19.15% de los votos, y queda en tercer lugar. <em>(Infobae)<\/em><\/p>\n<\/div>\n<\/div>\n<\/div>\n<\/div>\n<\/div>\n<\/div>\n<\/div>\n","protected":false},"excerpt":{"rendered":"<p>La f&oacute;rmula Tassano-Lanari, que responde al Gobierno nacional, se qued&oacute; con la intendencia de la capital correntina. En Chaco, donde se realizaron las Primarias para renovar la mitad de los esca&ntilde;os de la C&aacute;mara de Diputados, se impuso el justicialismo y Cambiemos qued&oacute; segundo. En tanto, en La Rioja, se eligieron diputados provinciales en siete [&hellip;]<\/p>\n","protected":false},"author":2,"featured_media":0,"comment_status":"open","ping_status":"open","sticky":false,"template":"","format":"standard","meta":{"fifu_image_url":"","fifu_image_alt":"","footnotes":""},"categories":[7,16],"tags":[],"class_list":{"0":"post-21805","1":"post","2":"type-post","3":"status-publish","4":"format-standard","6":"category-nacionales","7":"category-politi"},"yoast_head":"<title>Cambiemos gan\u00f3 en Corrientes y el PJ se impuso en Chaco y La Rioja - Informe Litoral<\/title>\n<meta name=\"robots\" content=\"index, follow, max-snippet:-1, max-image-preview:large, max-video-preview:-1\" \/>\n<link rel=\"canonical\" href=\"https:\/\/informelitoral.com.ar\/cambiemos-gano-en-corrientes-y-el-pj-se-impuso-en-chaco-y-la-rioja\/\" \/>\n<meta property=\"og:locale\" content=\"es_ES\" \/>\n<meta property=\"og:type\" content=\"article\" \/>\n<meta property=\"og:title\" content=\"Cambiemos gan\u00f3 en Corrientes y el PJ se impuso en Chaco y La Rioja - Informe Litoral\" \/>\n<meta property=\"og:description\" content=\"La f&oacute;rmula Tassano-Lanari, que responde al Gobierno nacional, se qued&oacute; con la intendencia de la capital correntina. En Chaco, donde se realizaron las Primarias para renovar la mitad de los esca&ntilde;os de la C&aacute;mara de Diputados, se impuso el justicialismo y Cambiemos qued&oacute; segundo. En tanto, en La Rioja, se eligieron diputados provinciales en siete [&hellip;]\" \/>\n<meta property=\"og:url\" content=\"https:\/\/informelitoral.com.ar\/cambiemos-gano-en-corrientes-y-el-pj-se-impuso-en-chaco-y-la-rioja\/\" \/>\n<meta property=\"og:site_name\" content=\"Informe Litoral\" \/>\n<meta property=\"article:publisher\" content=\"https:\/\/www.facebook.com\/informelitoral\/\" \/>\n<meta property=\"article:published_time\" content=\"2017-06-05T10:36:29+00:00\" \/>\n<meta property=\"og:image\" content=\"https:\/\/informelitoral.com.ar\/%77%70%2d%63%6f%6e%74%65%6e%74\/uploads\/2017\/06\/elecciones2017-argentina.jpg\" \/>\n\t<meta property=\"og:image:width\" content=\"746\" \/>\n\t<meta property=\"og:image:height\" content=\"418\" \/>\n\t<meta property=\"og:image:type\" content=\"image\/jpeg\" \/>\n<meta name=\"author\" content=\"Gonzalo Schmidt\" \/>\n<meta name=\"twitter:card\" content=\"summary_large_image\" \/>\n<meta name=\"twitter:creator\" content=\"@InformeLitoral\" \/>\n<meta name=\"twitter:site\" content=\"@InformeLitoral\" \/>\n<meta name=\"twitter:label1\" content=\"Escrito por\" \/>\n\t<meta name=\"twitter:data1\" content=\"Gonzalo Schmidt\" \/>\n\t<meta name=\"twitter:label2\" content=\"Tiempo de lectura\" \/>\n\t<meta name=\"twitter:data2\" content=\"3 minutos\" \/>\n<script type=\"application\/ld+json\" class=\"yoast-schema-graph\">{\"@context\":\"https:\\\/\\\/schema.org\",\"@graph\":[{\"@type\":\"Article\",\"@id\":\"https:\\\/\\\/informelitoral.com.ar\\\/cambiemos-gano-en-corrientes-y-el-pj-se-impuso-en-chaco-y-la-rioja\\\/#article\",\"isPartOf\":{\"@id\":\"https:\\\/\\\/informelitoral.com.ar\\\/cambiemos-gano-en-corrientes-y-el-pj-se-impuso-en-chaco-y-la-rioja\\\/\"},\"author\":{\"name\":\"Gonzalo Schmidt\",\"@id\":\"https:\\\/\\\/informelitoral.com.ar\\\/#\\\/schema\\\/person\\\/b9d00407c836482871ef1d57bf8e3180\"},\"headline\":\"Cambiemos gan\u00f3 en Corrientes y el PJ se impuso en Chaco y La Rioja\",\"datePublished\":\"2017-06-05T10:36:29+00:00\",\"mainEntityOfPage\":{\"@id\":\"https:\\\/\\\/informelitoral.com.ar\\\/cambiemos-gano-en-corrientes-y-el-pj-se-impuso-en-chaco-y-la-rioja\\\/\"},\"wordCount\":651,\"commentCount\":0,\"publisher\":{\"@id\":\"https:\\\/\\\/informelitoral.com.ar\\\/#organization\"},\"image\":{\"@id\":\"https:\\\/\\\/informelitoral.com.ar\\\/cambiemos-gano-en-corrientes-y-el-pj-se-impuso-en-chaco-y-la-rioja\\\/#primaryimage\"},\"thumbnailUrl\":\"http:\\\/\\\/www.isletasnoticias.com.ar\\\/%77%70%2d%63%6f%6e%74%65%6e%74\\\/uploads\\\/2017\\\/06\\\/elecciones2017-argentina.jpg\",\"articleSection\":[\"Nacionales\",\"Politica\"],\"inLanguage\":\"es\",\"potentialAction\":[{\"@type\":\"CommentAction\",\"name\":\"Comment\",\"target\":[\"https:\\\/\\\/informelitoral.com.ar\\\/cambiemos-gano-en-corrientes-y-el-pj-se-impuso-en-chaco-y-la-rioja\\\/#respond\"]}]},{\"@type\":\"WebPage\",\"@id\":\"https:\\\/\\\/informelitoral.com.ar\\\/cambiemos-gano-en-corrientes-y-el-pj-se-impuso-en-chaco-y-la-rioja\\\/\",\"url\":\"https:\\\/\\\/informelitoral.com.ar\\\/cambiemos-gano-en-corrientes-y-el-pj-se-impuso-en-chaco-y-la-rioja\\\/\",\"name\":\"Cambiemos gan\u00f3 en Corrientes y el PJ se impuso en Chaco y La Rioja - Informe Litoral\",\"isPartOf\":{\"@id\":\"https:\\\/\\\/informelitoral.com.ar\\\/#website\"},\"primaryImageOfPage\":{\"@id\":\"https:\\\/\\\/informelitoral.com.ar\\\/cambiemos-gano-en-corrientes-y-el-pj-se-impuso-en-chaco-y-la-rioja\\\/#primaryimage\"},\"image\":{\"@id\":\"https:\\\/\\\/informelitoral.com.ar\\\/cambiemos-gano-en-corrientes-y-el-pj-se-impuso-en-chaco-y-la-rioja\\\/#primaryimage\"},\"thumbnailUrl\":\"http:\\\/\\\/www.isletasnoticias.com.ar\\\/%77%70%2d%63%6f%6e%74%65%6e%74\\\/uploads\\\/2017\\\/06\\\/elecciones2017-argentina.jpg\",\"datePublished\":\"2017-06-05T10:36:29+00:00\",\"breadcrumb\":{\"@id\":\"https:\\\/\\\/informelitoral.com.ar\\\/cambiemos-gano-en-corrientes-y-el-pj-se-impuso-en-chaco-y-la-rioja\\\/#breadcrumb\"},\"inLanguage\":\"es\",\"potentialAction\":[{\"@type\":\"ReadAction\",\"target\":[\"https:\\\/\\\/informelitoral.com.ar\\\/cambiemos-gano-en-corrientes-y-el-pj-se-impuso-en-chaco-y-la-rioja\\\/\"]}]},{\"@type\":\"ImageObject\",\"inLanguage\":\"es\",\"@id\":\"https:\\\/\\\/informelitoral.com.ar\\\/cambiemos-gano-en-corrientes-y-el-pj-se-impuso-en-chaco-y-la-rioja\\\/#primaryimage\",\"url\":\"http:\\\/\\\/www.isletasnoticias.com.ar\\\/%77%70%2d%63%6f%6e%74%65%6e%74\\\/uploads\\\/2017\\\/06\\\/elecciones2017-argentina.jpg\",\"contentUrl\":\"http:\\\/\\\/www.isletasnoticias.com.ar\\\/%77%70%2d%63%6f%6e%74%65%6e%74\\\/uploads\\\/2017\\\/06\\\/elecciones2017-argentina.jpg\"},{\"@type\":\"BreadcrumbList\",\"@id\":\"https:\\\/\\\/informelitoral.com.ar\\\/cambiemos-gano-en-corrientes-y-el-pj-se-impuso-en-chaco-y-la-rioja\\\/#breadcrumb\",\"itemListElement\":[{\"@type\":\"ListItem\",\"position\":1,\"name\":\"Portada\",\"item\":\"https:\\\/\\\/informelitoral.com.ar\\\/\"},{\"@type\":\"ListItem\",\"position\":2,\"name\":\"Cambiemos gan\u00f3 en Corrientes y el PJ se impuso en Chaco y La Rioja\"}]},{\"@type\":\"WebSite\",\"@id\":\"https:\\\/\\\/informelitoral.com.ar\\\/#website\",\"url\":\"https:\\\/\\\/informelitoral.com.ar\\\/\",\"name\":\"Informe Litoral\",\"description\":\"&quot;Nos informamos&quot; \",\"publisher\":{\"@id\":\"https:\\\/\\\/informelitoral.com.ar\\\/#organization\"},\"potentialAction\":[{\"@type\":\"SearchAction\",\"target\":{\"@type\":\"EntryPoint\",\"urlTemplate\":\"https:\\\/\\\/informelitoral.com.ar\\\/?s={search_term_string}\"},\"query-input\":{\"@type\":\"PropertyValueSpecification\",\"valueRequired\":true,\"valueName\":\"search_term_string\"}}],\"inLanguage\":\"es\"},{\"@type\":\"Organization\",\"@id\":\"https:\\\/\\\/informelitoral.com.ar\\\/#organization\",\"name\":\"Informe Litoral\",\"url\":\"https:\\\/\\\/informelitoral.com.ar\\\/\",\"logo\":{\"@type\":\"ImageObject\",\"inLanguage\":\"es\",\"@id\":\"https:\\\/\\\/informelitoral.com.ar\\\/#\\\/schema\\\/logo\\\/image\\\/\",\"url\":\"https:\\\/\\\/informelitoral.com.ar\\\/%77%70%2d%63%6f%6e%74%65%6e%74\\\/uploads\\\/2021\\\/01\\\/circulo.png\",\"contentUrl\":\"https:\\\/\\\/informelitoral.com.ar\\\/%77%70%2d%63%6f%6e%74%65%6e%74\\\/uploads\\\/2021\\\/01\\\/circulo.png\",\"width\":723,\"height\":731,\"caption\":\"Informe Litoral\"},\"image\":{\"@id\":\"https:\\\/\\\/informelitoral.com.ar\\\/#\\\/schema\\\/logo\\\/image\\\/\"},\"sameAs\":[\"https:\\\/\\\/www.facebook.com\\\/informelitoral\\\/\",\"https:\\\/\\\/x.com\\\/InformeLitoral\",\"https:\\\/\\\/www.instagram.com\\\/informelitoral\\\/\",\"https:\\\/\\\/www.youtube.com\\\/channel\\\/UCua4Qvz8Icb6MYqhoq9xLXw\"]},{\"@type\":\"Person\",\"@id\":\"https:\\\/\\\/informelitoral.com.ar\\\/#\\\/schema\\\/person\\\/b9d00407c836482871ef1d57bf8e3180\",\"name\":\"Gonzalo Schmidt\",\"image\":{\"@type\":\"ImageObject\",\"inLanguage\":\"es\",\"@id\":\"https:\\\/\\\/secure.gravatar.com\\\/avatar\\\/31a1a7b66ff2de83bd0e9fd79d026630d2d99e55e8bfe501287647b4fd9743de?s=96&d=mm&r=g\",\"url\":\"https:\\\/\\\/secure.gravatar.com\\\/avatar\\\/31a1a7b66ff2de83bd0e9fd79d026630d2d99e55e8bfe501287647b4fd9743de?s=96&d=mm&r=g\",\"contentUrl\":\"https:\\\/\\\/secure.gravatar.com\\\/avatar\\\/31a1a7b66ff2de83bd0e9fd79d026630d2d99e55e8bfe501287647b4fd9743de?s=96&d=mm&r=g\",\"caption\":\"Gonzalo Schmidt\"},\"description\":\"Sitio web de noticias de la provincia de Entre R\u00edos, Argentina. Informaci\u00f3n y entretenimiento. Informe Litoral, nos informamos.\",\"sameAs\":[\"http:\\\/\\\/www.isletasnoticias.com.ar\"],\"url\":\"https:\\\/\\\/informelitoral.com.ar\\\/author\\\/gonzalo\\\/\"}]}<\/script>","yoast_head_json":{"title":"Cambiemos gan\u00f3 en Corrientes y el PJ se impuso en Chaco y La Rioja - Informe Litoral","robots":{"index":"index","follow":"follow","max-snippet":"max-snippet:-1","max-image-preview":"max-image-preview:large","max-video-preview":"max-video-preview:-1"},"canonical":"https:\/\/informelitoral.com.ar\/cambiemos-gano-en-corrientes-y-el-pj-se-impuso-en-chaco-y-la-rioja\/","og_locale":"es_ES","og_type":"article","og_title":"Cambiemos gan\u00f3 en Corrientes y el PJ se impuso en Chaco y La Rioja - Informe Litoral","og_description":"La f&oacute;rmula Tassano-Lanari, que responde al Gobierno nacional, se qued&oacute; con la intendencia de la capital correntina. En Chaco, donde se realizaron las Primarias para renovar la mitad de los esca&ntilde;os de la C&aacute;mara de Diputados, se impuso el justicialismo y Cambiemos qued&oacute; segundo. En tanto, en La Rioja, se eligieron diputados provinciales en siete [&hellip;]","og_url":"https:\/\/informelitoral.com.ar\/cambiemos-gano-en-corrientes-y-el-pj-se-impuso-en-chaco-y-la-rioja\/","og_site_name":"Informe Litoral","article_publisher":"https:\/\/www.facebook.com\/informelitoral\/","article_published_time":"2017-06-05T10:36:29+00:00","og_image":[{"width":746,"height":418,"url":"https:\/\/informelitoral.com.ar\/%77%70%2d%63%6f%6e%74%65%6e%74\/uploads\/2017\/06\/elecciones2017-argentina.jpg","type":"image\/jpeg"}],"author":"Gonzalo Schmidt","twitter_card":"summary_large_image","twitter_creator":"@InformeLitoral","twitter_site":"@InformeLitoral","twitter_misc":{"Escrito por":"Gonzalo Schmidt","Tiempo de lectura":"3 minutos"},"schema":{"@context":"https:\/\/schema.org","@graph":[{"@type":"Article","@id":"https:\/\/informelitoral.com.ar\/cambiemos-gano-en-corrientes-y-el-pj-se-impuso-en-chaco-y-la-rioja\/#article","isPartOf":{"@id":"https:\/\/informelitoral.com.ar\/cambiemos-gano-en-corrientes-y-el-pj-se-impuso-en-chaco-y-la-rioja\/"},"author":{"name":"Gonzalo Schmidt","@id":"https:\/\/informelitoral.com.ar\/#\/schema\/person\/b9d00407c836482871ef1d57bf8e3180"},"headline":"Cambiemos gan\u00f3 en Corrientes y el PJ se impuso en Chaco y La Rioja","datePublished":"2017-06-05T10:36:29+00:00","mainEntityOfPage":{"@id":"https:\/\/informelitoral.com.ar\/cambiemos-gano-en-corrientes-y-el-pj-se-impuso-en-chaco-y-la-rioja\/"},"wordCount":651,"commentCount":0,"publisher":{"@id":"https:\/\/informelitoral.com.ar\/#organization"},"image":{"@id":"https:\/\/informelitoral.com.ar\/cambiemos-gano-en-corrientes-y-el-pj-se-impuso-en-chaco-y-la-rioja\/#primaryimage"},"thumbnailUrl":"http:\/\/www.isletasnoticias.com.ar\/%77%70%2d%63%6f%6e%74%65%6e%74\/uploads\/2017\/06\/elecciones2017-argentina.jpg","articleSection":["Nacionales","Politica"],"inLanguage":"es","potentialAction":[{"@type":"CommentAction","name":"Comment","target":["https:\/\/informelitoral.com.ar\/cambiemos-gano-en-corrientes-y-el-pj-se-impuso-en-chaco-y-la-rioja\/#respond"]}]},{"@type":"WebPage","@id":"https:\/\/informelitoral.com.ar\/cambiemos-gano-en-corrientes-y-el-pj-se-impuso-en-chaco-y-la-rioja\/","url":"https:\/\/informelitoral.com.ar\/cambiemos-gano-en-corrientes-y-el-pj-se-impuso-en-chaco-y-la-rioja\/","name":"Cambiemos gan\u00f3 en Corrientes y el PJ se impuso en Chaco y La Rioja - Informe Litoral","isPartOf":{"@id":"https:\/\/informelitoral.com.ar\/#website"},"primaryImageOfPage":{"@id":"https:\/\/informelitoral.com.ar\/cambiemos-gano-en-corrientes-y-el-pj-se-impuso-en-chaco-y-la-rioja\/#primaryimage"},"image":{"@id":"https:\/\/informelitoral.com.ar\/cambiemos-gano-en-corrientes-y-el-pj-se-impuso-en-chaco-y-la-rioja\/#primaryimage"},"thumbnailUrl":"http:\/\/www.isletasnoticias.com.ar\/%77%70%2d%63%6f%6e%74%65%6e%74\/uploads\/2017\/06\/elecciones2017-argentina.jpg","datePublished":"2017-06-05T10:36:29+00:00","breadcrumb":{"@id":"https:\/\/informelitoral.com.ar\/cambiemos-gano-en-corrientes-y-el-pj-se-impuso-en-chaco-y-la-rioja\/#breadcrumb"},"inLanguage":"es","potentialAction":[{"@type":"ReadAction","target":["https:\/\/informelitoral.com.ar\/cambiemos-gano-en-corrientes-y-el-pj-se-impuso-en-chaco-y-la-rioja\/"]}]},{"@type":"ImageObject","inLanguage":"es","@id":"https:\/\/informelitoral.com.ar\/cambiemos-gano-en-corrientes-y-el-pj-se-impuso-en-chaco-y-la-rioja\/#primaryimage","url":"http:\/\/www.isletasnoticias.com.ar\/%77%70%2d%63%6f%6e%74%65%6e%74\/uploads\/2017\/06\/elecciones2017-argentina.jpg","contentUrl":"http:\/\/www.isletasnoticias.com.ar\/%77%70%2d%63%6f%6e%74%65%6e%74\/uploads\/2017\/06\/elecciones2017-argentina.jpg"},{"@type":"BreadcrumbList","@id":"https:\/\/informelitoral.com.ar\/cambiemos-gano-en-corrientes-y-el-pj-se-impuso-en-chaco-y-la-rioja\/#breadcrumb","itemListElement":[{"@type":"ListItem","position":1,"name":"Portada","item":"https:\/\/informelitoral.com.ar\/"},{"@type":"ListItem","position":2,"name":"Cambiemos gan\u00f3 en Corrientes y el PJ se impuso en Chaco y La Rioja"}]},{"@type":"WebSite","@id":"https:\/\/informelitoral.com.ar\/#website","url":"https:\/\/informelitoral.com.ar\/","name":"Informe Litoral","description":"&quot;Nos informamos&quot; ","publisher":{"@id":"https:\/\/informelitoral.com.ar\/#organization"},"potentialAction":[{"@type":"SearchAction","target":{"@type":"EntryPoint","urlTemplate":"https:\/\/informelitoral.com.ar\/?s={search_term_string}"},"query-input":{"@type":"PropertyValueSpecification","valueRequired":true,"valueName":"search_term_string"}}],"inLanguage":"es"},{"@type":"Organization","@id":"https:\/\/informelitoral.com.ar\/#organization","name":"Informe Litoral","url":"https:\/\/informelitoral.com.ar\/","logo":{"@type":"ImageObject","inLanguage":"es","@id":"https:\/\/informelitoral.com.ar\/#\/schema\/logo\/image\/","url":"https:\/\/informelitoral.com.ar\/%77%70%2d%63%6f%6e%74%65%6e%74\/uploads\/2021\/01\/circulo.png","contentUrl":"https:\/\/informelitoral.com.ar\/%77%70%2d%63%6f%6e%74%65%6e%74\/uploads\/2021\/01\/circulo.png","width":723,"height":731,"caption":"Informe Litoral"},"image":{"@id":"https:\/\/informelitoral.com.ar\/#\/schema\/logo\/image\/"},"sameAs":["https:\/\/www.facebook.com\/informelitoral\/","https:\/\/x.com\/InformeLitoral","https:\/\/www.instagram.com\/informelitoral\/","https:\/\/www.youtube.com\/channel\/UCua4Qvz8Icb6MYqhoq9xLXw"]},{"@type":"Person","@id":"https:\/\/informelitoral.com.ar\/#\/schema\/person\/b9d00407c836482871ef1d57bf8e3180","name":"Gonzalo Schmidt","image":{"@type":"ImageObject","inLanguage":"es","@id":"https:\/\/secure.gravatar.com\/avatar\/31a1a7b66ff2de83bd0e9fd79d026630d2d99e55e8bfe501287647b4fd9743de?s=96&d=mm&r=g","url":"https:\/\/secure.gravatar.com\/avatar\/31a1a7b66ff2de83bd0e9fd79d026630d2d99e55e8bfe501287647b4fd9743de?s=96&d=mm&r=g","contentUrl":"https:\/\/secure.gravatar.com\/avatar\/31a1a7b66ff2de83bd0e9fd79d026630d2d99e55e8bfe501287647b4fd9743de?s=96&d=mm&r=g","caption":"Gonzalo Schmidt"},"description":"Sitio web de noticias de la provincia de Entre R\u00edos, Argentina. Informaci\u00f3n y entretenimiento. Informe Litoral, nos informamos.","sameAs":["http:\/\/www.isletasnoticias.com.ar"],"url":"https:\/\/informelitoral.com.ar\/author\/gonzalo\/"}]}},"_links":{"self":[{"href":"https:\/\/informelitoral.com.ar\/%77%70%2d%6a%73%6f%6e\/wp\/v2\/posts\/21805","targetHints":{"allow":["GET"]}}],"collection":[{"href":"https:\/\/informelitoral.com.ar\/%77%70%2d%6a%73%6f%6e\/wp\/v2\/posts"}],"about":[{"href":"https:\/\/informelitoral.com.ar\/%77%70%2d%6a%73%6f%6e\/wp\/v2\/types\/post"}],"author":[{"embeddable":true,"href":"https:\/\/informelitoral.com.ar\/%77%70%2d%6a%73%6f%6e\/wp\/v2\/users\/2"}],"replies":[{"embeddable":true,"href":"https:\/\/informelitoral.com.ar\/%77%70%2d%6a%73%6f%6e\/wp\/v2\/comments?post=21805"}],"version-history":[{"count":0,"href":"https:\/\/informelitoral.com.ar\/%77%70%2d%6a%73%6f%6e\/wp\/v2\/posts\/21805\/revisions"}],"wp:attachment":[{"href":"https:\/\/informelitoral.com.ar\/%77%70%2d%6a%73%6f%6e\/wp\/v2\/media?parent=21805"}],"wp:term":[{"taxonomy":"category","embeddable":true,"href":"https:\/\/informelitoral.com.ar\/%77%70%2d%6a%73%6f%6e\/wp\/v2\/categories?post=21805"},{"taxonomy":"post_tag","embeddable":true,"href":"https:\/\/informelitoral.com.ar\/%77%70%2d%6a%73%6f%6e\/wp\/v2\/tags?post=21805"}],"curies":[{"name":"wp","href":"https:\/\/api.w.org\/{rel}","templated":true}]}}