{"id":218003,"date":"2025-04-11T07:05:18","date_gmt":"2025-04-11T10:05:18","guid":{"rendered":"https:\/\/informelitoral.com.ar\/?p=218003"},"modified":"2025-04-11T07:05:18","modified_gmt":"2025-04-11T10:05:18","slug":"avicultura-lo-que-se-viene-segun-los-especialistas","status":"publish","type":"post","link":"https:\/\/informelitoral.com.ar\/avicultura-lo-que-se-viene-segun-los-especialistas\/","title":{"rendered":"Avicultura: lo que se viene seg\u00fan los especialistas"},"content":{"rendered":"<p>Organizado por la Asociaci\u00f3n Crespo capital nacional de la Avicultura junto al Consejo Nacional de Investigaciones Cient\u00edficas y T\u00e9cnicas (Conicet), la Facultad de Ciencias Econ\u00f3micas de la Universidad Nacional de Entre R\u00edos (UNER) y la Universidad de Berna; se realiz\u00f3 el primer Seminario Internacional de Avicultura \u00abAlimentando a la Argentina y al Mundo\u00bb.<\/p>\n<p>La bioingeniera <strong>Alexia Rolandelli<\/strong> coment\u00f3: \u201cEn la costa del Paran\u00e1 trabajo actualmente con una empresa integradora que tiene 56 integrados, y que a su vez busca cumplir a rajatabla todas las normativas ambientales; con lineamientos transversales a todos los integrados. Participar de este trabajo me llena de orgullo, ya que vemos que la firma no solo busca obtener el certificado, sino que demuestra compromiso en el avance de las gestiones ambientales: hemos logrado cosas nuevas como t\u00e9 de guano y tratamiento del mismo en las granjas, la segregaci\u00f3n de residuos peligrosos o el autocalentamiento.<\/p>\n<p>Por su parte, <strong>H\u00e9ctor Motta<\/strong>, titular de grupo Motta, indic\u00f3: \u201cEste seminario internacional es, sin dudas, una muestra de la conjunci\u00f3n del sector privado con la academia y una forma de estrechar relaciones profundas en el campo de la investigaci\u00f3n y el desarrollo; como tambi\u00e9n en el tema educativo, ya que del intercambio de conocimiento que ocurre en estos seminarios, cada profesional y t\u00e9cnico se lleva un enriquecimiento personal. Creo que, como toda actividad productiva, la avicultura se ve simplificada por la tecnolog\u00eda, pero esto nos obliga a amigarnos con la misma mediante un aprendizaje constante\u00bb.<\/p>\n<p><strong>Eduardo Godano,<\/strong> veterinario de la firma av\u00edcola 7 Hermanos, afirm\u00f3: \u201cLas ponedoras libres de jaula son una tendencia en crecimiento, gracias a la demanda de los consumidores finales que le piden al proveedor cada vez m\u00e1s informaci\u00f3n sobre el proceso de producci\u00f3n del huevo; pedido que se ve tambi\u00e9n en la carne vacuna, leche y cerdo. Me parece muy importante atender a esta demanda, como tambi\u00e9n cumplir con la normativa de Senasa de bioseguridad en granjas av\u00edcolas; y poseer una certificaci\u00f3n en bienestar animal que nos permita ser sustentables en el tiempo\u201d.<\/p>\n<p>Y el doctor en Historia e investigador del Conicet <strong>Maximiliano Camarda<\/strong>, inform\u00f3: \u201cEn las primeras d\u00e9cadas del siglo XX, la agricultura presentaba una serie de dificultades que lleva a los peque\u00f1os y medianos productores a complementar la producci\u00f3n agraria con la av\u00edcola. En las d\u00e9cadas del 50&#8242; y 60&#8242;, cambia la escala de comercializaci\u00f3n de huevo: pasan de gallineros peque\u00f1os a otros m\u00e1s complejos, con mayores inversiones en infraestructura y mejoramiento de razas aviares; inclusive con un nuevo tratamiento del huevo que podr\u00edamos decir que da inicio a la industrializaci\u00f3n del complejo av\u00edcola\u201d. <em>(Fuente: Campo en Acci\u00f3n)<\/em><\/p>\n<h6><em><strong>Del archivo:\u00a0<a href=\"https:\/\/informelitoral.com.ar\/general-ramirez-impulsa-la-economia-local-con-entrega-de-microcreditos-provinciales\/\" target=\"_blank\" rel=\"noopener\">General Ram\u00edrez impulsa la econom\u00eda local con entrega de microcr\u00e9ditos provinciales<\/a><\/strong><\/em><\/h6>\n","protected":false},"excerpt":{"rendered":"<p>La palabra de investigadores y referentes de toda la cadena productiva durante el primer Seminario Internacional de Avicultura \u00abAlimentando a la Argentina y al Mundo\u00bb. El evento se realiz\u00f3 d\u00edas atr\u00e1s en Paran\u00e1 y Crespo. <\/p>\n","protected":false},"author":2,"featured_media":81138,"comment_status":"open","ping_status":"open","sticky":false,"template":"","format":"standard","meta":{"fifu_image_url":"","fifu_image_alt":"","footnotes":""},"categories":[10],"tags":[336],"class_list":{"0":"post-218003","1":"post","2":"type-post","3":"status-publish","4":"format-standard","5":"has-post-thumbnail","7":"category-campo","8":"tag-avicultura"},"yoast_head":"<title>Avicultura: lo que se viene seg\u00fan los especialistas - Informe Litoral<\/title>\n<meta name=\"robots\" content=\"index, follow, max-snippet:-1, max-image-preview:large, max-video-preview:-1\" \/>\n<link rel=\"canonical\" href=\"https:\/\/informelitoral.com.ar\/avicultura-lo-que-se-viene-segun-los-especialistas\/\" \/>\n<meta property=\"og:locale\" content=\"es_ES\" \/>\n<meta property=\"og:type\" content=\"article\" \/>\n<meta property=\"og:title\" content=\"Avicultura: lo que se viene seg\u00fan los especialistas - Informe Litoral\" \/>\n<meta property=\"og:description\" content=\"La palabra de investigadores y referentes de toda la cadena productiva durante el primer Seminario Internacional de Avicultura &quot;Alimentando a la Argentina y al Mundo&quot;. El evento se realiz\u00f3 d\u00edas atr\u00e1s en Paran\u00e1 y Crespo.\" \/>\n<meta property=\"og:url\" content=\"https:\/\/informelitoral.com.ar\/avicultura-lo-que-se-viene-segun-los-especialistas\/\" \/>\n<meta property=\"og:site_name\" content=\"Informe Litoral\" \/>\n<meta property=\"article:publisher\" content=\"https:\/\/www.facebook.com\/informelitoral\/\" \/>\n<meta property=\"article:published_time\" content=\"2025-04-11T10:05:18+00:00\" \/>\n<meta property=\"og:image\" content=\"https:\/\/informelitoral.com.ar\/%77%70%2d%63%6f%6e%74%65%6e%74\/uploads\/2022\/07\/avicultura-1024x642-1.jpg\" \/>\n\t<meta property=\"og:image:width\" content=\"1024\" \/>\n\t<meta property=\"og:image:height\" content=\"642\" \/>\n\t<meta property=\"og:image:type\" content=\"image\/jpeg\" \/>\n<meta name=\"author\" content=\"Gonzalo Schmidt\" \/>\n<meta name=\"twitter:card\" content=\"summary_large_image\" \/>\n<meta name=\"twitter:creator\" content=\"@InformeLitoral\" \/>\n<meta name=\"twitter:site\" content=\"@InformeLitoral\" \/>\n<meta name=\"twitter:label1\" content=\"Escrito por\" \/>\n\t<meta name=\"twitter:data1\" content=\"Gonzalo Schmidt\" \/>\n\t<meta name=\"twitter:label2\" content=\"Tiempo de lectura\" \/>\n\t<meta name=\"twitter:data2\" content=\"2 minutos\" \/>\n<script type=\"application\/ld+json\" class=\"yoast-schema-graph\">{\"@context\":\"https:\\\/\\\/schema.org\",\"@graph\":[{\"@type\":\"Article\",\"@id\":\"https:\\\/\\\/informelitoral.com.ar\\\/avicultura-lo-que-se-viene-segun-los-especialistas\\\/#article\",\"isPartOf\":{\"@id\":\"https:\\\/\\\/informelitoral.com.ar\\\/avicultura-lo-que-se-viene-segun-los-especialistas\\\/\"},\"author\":{\"name\":\"Gonzalo Schmidt\",\"@id\":\"https:\\\/\\\/informelitoral.com.ar\\\/#\\\/schema\\\/person\\\/b9d00407c836482871ef1d57bf8e3180\"},\"headline\":\"Avicultura: lo que se viene seg\u00fan los especialistas\",\"datePublished\":\"2025-04-11T10:05:18+00:00\",\"mainEntityOfPage\":{\"@id\":\"https:\\\/\\\/informelitoral.com.ar\\\/avicultura-lo-que-se-viene-segun-los-especialistas\\\/\"},\"wordCount\":485,\"commentCount\":0,\"publisher\":{\"@id\":\"https:\\\/\\\/informelitoral.com.ar\\\/#organization\"},\"image\":{\"@id\":\"https:\\\/\\\/informelitoral.com.ar\\\/avicultura-lo-que-se-viene-segun-los-especialistas\\\/#primaryimage\"},\"thumbnailUrl\":\"https:\\\/\\\/informelitoral.com.ar\\\/%77%70%2d%63%6f%6e%74%65%6e%74\\\/uploads\\\/2022\\\/07\\\/avicultura-1024x642-1.jpg\",\"keywords\":[\"Avicultura\"],\"articleSection\":[\"Campo\"],\"inLanguage\":\"es\",\"potentialAction\":[{\"@type\":\"CommentAction\",\"name\":\"Comment\",\"target\":[\"https:\\\/\\\/informelitoral.com.ar\\\/avicultura-lo-que-se-viene-segun-los-especialistas\\\/#respond\"]}]},{\"@type\":\"WebPage\",\"@id\":\"https:\\\/\\\/informelitoral.com.ar\\\/avicultura-lo-que-se-viene-segun-los-especialistas\\\/\",\"url\":\"https:\\\/\\\/informelitoral.com.ar\\\/avicultura-lo-que-se-viene-segun-los-especialistas\\\/\",\"name\":\"Avicultura: lo que se viene seg\u00fan los especialistas - Informe Litoral\",\"isPartOf\":{\"@id\":\"https:\\\/\\\/informelitoral.com.ar\\\/#website\"},\"primaryImageOfPage\":{\"@id\":\"https:\\\/\\\/informelitoral.com.ar\\\/avicultura-lo-que-se-viene-segun-los-especialistas\\\/#primaryimage\"},\"image\":{\"@id\":\"https:\\\/\\\/informelitoral.com.ar\\\/avicultura-lo-que-se-viene-segun-los-especialistas\\\/#primaryimage\"},\"thumbnailUrl\":\"https:\\\/\\\/informelitoral.com.ar\\\/%77%70%2d%63%6f%6e%74%65%6e%74\\\/uploads\\\/2022\\\/07\\\/avicultura-1024x642-1.jpg\",\"datePublished\":\"2025-04-11T10:05:18+00:00\",\"breadcrumb\":{\"@id\":\"https:\\\/\\\/informelitoral.com.ar\\\/avicultura-lo-que-se-viene-segun-los-especialistas\\\/#breadcrumb\"},\"inLanguage\":\"es\",\"potentialAction\":[{\"@type\":\"ReadAction\",\"target\":[\"https:\\\/\\\/informelitoral.com.ar\\\/avicultura-lo-que-se-viene-segun-los-especialistas\\\/\"]}]},{\"@type\":\"ImageObject\",\"inLanguage\":\"es\",\"@id\":\"https:\\\/\\\/informelitoral.com.ar\\\/avicultura-lo-que-se-viene-segun-los-especialistas\\\/#primaryimage\",\"url\":\"https:\\\/\\\/informelitoral.com.ar\\\/%77%70%2d%63%6f%6e%74%65%6e%74\\\/uploads\\\/2022\\\/07\\\/avicultura-1024x642-1.jpg\",\"contentUrl\":\"https:\\\/\\\/informelitoral.com.ar\\\/%77%70%2d%63%6f%6e%74%65%6e%74\\\/uploads\\\/2022\\\/07\\\/avicultura-1024x642-1.jpg\",\"width\":1024,\"height\":642},{\"@type\":\"BreadcrumbList\",\"@id\":\"https:\\\/\\\/informelitoral.com.ar\\\/avicultura-lo-que-se-viene-segun-los-especialistas\\\/#breadcrumb\",\"itemListElement\":[{\"@type\":\"ListItem\",\"position\":1,\"name\":\"Portada\",\"item\":\"https:\\\/\\\/informelitoral.com.ar\\\/\"},{\"@type\":\"ListItem\",\"position\":2,\"name\":\"Avicultura: lo que se viene seg\u00fan los especialistas\"}]},{\"@type\":\"WebSite\",\"@id\":\"https:\\\/\\\/informelitoral.com.ar\\\/#website\",\"url\":\"https:\\\/\\\/informelitoral.com.ar\\\/\",\"name\":\"Informe Litoral\",\"description\":\"&quot;Nos informamos&quot; \",\"publisher\":{\"@id\":\"https:\\\/\\\/informelitoral.com.ar\\\/#organization\"},\"potentialAction\":[{\"@type\":\"SearchAction\",\"target\":{\"@type\":\"EntryPoint\",\"urlTemplate\":\"https:\\\/\\\/informelitoral.com.ar\\\/?s={search_term_string}\"},\"query-input\":{\"@type\":\"PropertyValueSpecification\",\"valueRequired\":true,\"valueName\":\"search_term_string\"}}],\"inLanguage\":\"es\"},{\"@type\":\"Organization\",\"@id\":\"https:\\\/\\\/informelitoral.com.ar\\\/#organization\",\"name\":\"Informe Litoral\",\"url\":\"https:\\\/\\\/informelitoral.com.ar\\\/\",\"logo\":{\"@type\":\"ImageObject\",\"inLanguage\":\"es\",\"@id\":\"https:\\\/\\\/informelitoral.com.ar\\\/#\\\/schema\\\/logo\\\/image\\\/\",\"url\":\"https:\\\/\\\/informelitoral.com.ar\\\/%77%70%2d%63%6f%6e%74%65%6e%74\\\/uploads\\\/2021\\\/01\\\/circulo.png\",\"contentUrl\":\"https:\\\/\\\/informelitoral.com.ar\\\/%77%70%2d%63%6f%6e%74%65%6e%74\\\/uploads\\\/2021\\\/01\\\/circulo.png\",\"width\":723,\"height\":731,\"caption\":\"Informe Litoral\"},\"image\":{\"@id\":\"https:\\\/\\\/informelitoral.com.ar\\\/#\\\/schema\\\/logo\\\/image\\\/\"},\"sameAs\":[\"https:\\\/\\\/www.facebook.com\\\/informelitoral\\\/\",\"https:\\\/\\\/x.com\\\/InformeLitoral\",\"https:\\\/\\\/www.instagram.com\\\/informelitoral\\\/\",\"https:\\\/\\\/www.youtube.com\\\/channel\\\/UCua4Qvz8Icb6MYqhoq9xLXw\"]},{\"@type\":\"Person\",\"@id\":\"https:\\\/\\\/informelitoral.com.ar\\\/#\\\/schema\\\/person\\\/b9d00407c836482871ef1d57bf8e3180\",\"name\":\"Gonzalo Schmidt\",\"image\":{\"@type\":\"ImageObject\",\"inLanguage\":\"es\",\"@id\":\"https:\\\/\\\/secure.gravatar.com\\\/avatar\\\/31a1a7b66ff2de83bd0e9fd79d026630d2d99e55e8bfe501287647b4fd9743de?s=96&d=mm&r=g\",\"url\":\"https:\\\/\\\/secure.gravatar.com\\\/avatar\\\/31a1a7b66ff2de83bd0e9fd79d026630d2d99e55e8bfe501287647b4fd9743de?s=96&d=mm&r=g\",\"contentUrl\":\"https:\\\/\\\/secure.gravatar.com\\\/avatar\\\/31a1a7b66ff2de83bd0e9fd79d026630d2d99e55e8bfe501287647b4fd9743de?s=96&d=mm&r=g\",\"caption\":\"Gonzalo Schmidt\"},\"description\":\"Sitio web de noticias de la provincia de Entre R\u00edos, Argentina. Informaci\u00f3n y entretenimiento. Informe Litoral, nos informamos.\",\"sameAs\":[\"http:\\\/\\\/www.isletasnoticias.com.ar\"],\"url\":\"https:\\\/\\\/informelitoral.com.ar\\\/author\\\/gonzalo\\\/\"}]}<\/script>","yoast_head_json":{"title":"Avicultura: lo que se viene seg\u00fan los especialistas - Informe Litoral","robots":{"index":"index","follow":"follow","max-snippet":"max-snippet:-1","max-image-preview":"max-image-preview:large","max-video-preview":"max-video-preview:-1"},"canonical":"https:\/\/informelitoral.com.ar\/avicultura-lo-que-se-viene-segun-los-especialistas\/","og_locale":"es_ES","og_type":"article","og_title":"Avicultura: lo que se viene seg\u00fan los especialistas - Informe Litoral","og_description":"La palabra de investigadores y referentes de toda la cadena productiva durante el primer Seminario Internacional de Avicultura \"Alimentando a la Argentina y al Mundo\". El evento se realiz\u00f3 d\u00edas atr\u00e1s en Paran\u00e1 y Crespo.","og_url":"https:\/\/informelitoral.com.ar\/avicultura-lo-que-se-viene-segun-los-especialistas\/","og_site_name":"Informe Litoral","article_publisher":"https:\/\/www.facebook.com\/informelitoral\/","article_published_time":"2025-04-11T10:05:18+00:00","og_image":[{"width":1024,"height":642,"url":"https:\/\/informelitoral.com.ar\/%77%70%2d%63%6f%6e%74%65%6e%74\/uploads\/2022\/07\/avicultura-1024x642-1.jpg","type":"image\/jpeg"}],"author":"Gonzalo Schmidt","twitter_card":"summary_large_image","twitter_creator":"@InformeLitoral","twitter_site":"@InformeLitoral","twitter_misc":{"Escrito por":"Gonzalo Schmidt","Tiempo de lectura":"2 minutos"},"schema":{"@context":"https:\/\/schema.org","@graph":[{"@type":"Article","@id":"https:\/\/informelitoral.com.ar\/avicultura-lo-que-se-viene-segun-los-especialistas\/#article","isPartOf":{"@id":"https:\/\/informelitoral.com.ar\/avicultura-lo-que-se-viene-segun-los-especialistas\/"},"author":{"name":"Gonzalo Schmidt","@id":"https:\/\/informelitoral.com.ar\/#\/schema\/person\/b9d00407c836482871ef1d57bf8e3180"},"headline":"Avicultura: lo que se viene seg\u00fan los especialistas","datePublished":"2025-04-11T10:05:18+00:00","mainEntityOfPage":{"@id":"https:\/\/informelitoral.com.ar\/avicultura-lo-que-se-viene-segun-los-especialistas\/"},"wordCount":485,"commentCount":0,"publisher":{"@id":"https:\/\/informelitoral.com.ar\/#organization"},"image":{"@id":"https:\/\/informelitoral.com.ar\/avicultura-lo-que-se-viene-segun-los-especialistas\/#primaryimage"},"thumbnailUrl":"https:\/\/informelitoral.com.ar\/%77%70%2d%63%6f%6e%74%65%6e%74\/uploads\/2022\/07\/avicultura-1024x642-1.jpg","keywords":["Avicultura"],"articleSection":["Campo"],"inLanguage":"es","potentialAction":[{"@type":"CommentAction","name":"Comment","target":["https:\/\/informelitoral.com.ar\/avicultura-lo-que-se-viene-segun-los-especialistas\/#respond"]}]},{"@type":"WebPage","@id":"https:\/\/informelitoral.com.ar\/avicultura-lo-que-se-viene-segun-los-especialistas\/","url":"https:\/\/informelitoral.com.ar\/avicultura-lo-que-se-viene-segun-los-especialistas\/","name":"Avicultura: lo que se viene seg\u00fan los especialistas - Informe Litoral","isPartOf":{"@id":"https:\/\/informelitoral.com.ar\/#website"},"primaryImageOfPage":{"@id":"https:\/\/informelitoral.com.ar\/avicultura-lo-que-se-viene-segun-los-especialistas\/#primaryimage"},"image":{"@id":"https:\/\/informelitoral.com.ar\/avicultura-lo-que-se-viene-segun-los-especialistas\/#primaryimage"},"thumbnailUrl":"https:\/\/informelitoral.com.ar\/%77%70%2d%63%6f%6e%74%65%6e%74\/uploads\/2022\/07\/avicultura-1024x642-1.jpg","datePublished":"2025-04-11T10:05:18+00:00","breadcrumb":{"@id":"https:\/\/informelitoral.com.ar\/avicultura-lo-que-se-viene-segun-los-especialistas\/#breadcrumb"},"inLanguage":"es","potentialAction":[{"@type":"ReadAction","target":["https:\/\/informelitoral.com.ar\/avicultura-lo-que-se-viene-segun-los-especialistas\/"]}]},{"@type":"ImageObject","inLanguage":"es","@id":"https:\/\/informelitoral.com.ar\/avicultura-lo-que-se-viene-segun-los-especialistas\/#primaryimage","url":"https:\/\/informelitoral.com.ar\/%77%70%2d%63%6f%6e%74%65%6e%74\/uploads\/2022\/07\/avicultura-1024x642-1.jpg","contentUrl":"https:\/\/informelitoral.com.ar\/%77%70%2d%63%6f%6e%74%65%6e%74\/uploads\/2022\/07\/avicultura-1024x642-1.jpg","width":1024,"height":642},{"@type":"BreadcrumbList","@id":"https:\/\/informelitoral.com.ar\/avicultura-lo-que-se-viene-segun-los-especialistas\/#breadcrumb","itemListElement":[{"@type":"ListItem","position":1,"name":"Portada","item":"https:\/\/informelitoral.com.ar\/"},{"@type":"ListItem","position":2,"name":"Avicultura: lo que se viene seg\u00fan los especialistas"}]},{"@type":"WebSite","@id":"https:\/\/informelitoral.com.ar\/#website","url":"https:\/\/informelitoral.com.ar\/","name":"Informe Litoral","description":"&quot;Nos informamos&quot; ","publisher":{"@id":"https:\/\/informelitoral.com.ar\/#organization"},"potentialAction":[{"@type":"SearchAction","target":{"@type":"EntryPoint","urlTemplate":"https:\/\/informelitoral.com.ar\/?s={search_term_string}"},"query-input":{"@type":"PropertyValueSpecification","valueRequired":true,"valueName":"search_term_string"}}],"inLanguage":"es"},{"@type":"Organization","@id":"https:\/\/informelitoral.com.ar\/#organization","name":"Informe Litoral","url":"https:\/\/informelitoral.com.ar\/","logo":{"@type":"ImageObject","inLanguage":"es","@id":"https:\/\/informelitoral.com.ar\/#\/schema\/logo\/image\/","url":"https:\/\/informelitoral.com.ar\/%77%70%2d%63%6f%6e%74%65%6e%74\/uploads\/2021\/01\/circulo.png","contentUrl":"https:\/\/informelitoral.com.ar\/%77%70%2d%63%6f%6e%74%65%6e%74\/uploads\/2021\/01\/circulo.png","width":723,"height":731,"caption":"Informe Litoral"},"image":{"@id":"https:\/\/informelitoral.com.ar\/#\/schema\/logo\/image\/"},"sameAs":["https:\/\/www.facebook.com\/informelitoral\/","https:\/\/x.com\/InformeLitoral","https:\/\/www.instagram.com\/informelitoral\/","https:\/\/www.youtube.com\/channel\/UCua4Qvz8Icb6MYqhoq9xLXw"]},{"@type":"Person","@id":"https:\/\/informelitoral.com.ar\/#\/schema\/person\/b9d00407c836482871ef1d57bf8e3180","name":"Gonzalo Schmidt","image":{"@type":"ImageObject","inLanguage":"es","@id":"https:\/\/secure.gravatar.com\/avatar\/31a1a7b66ff2de83bd0e9fd79d026630d2d99e55e8bfe501287647b4fd9743de?s=96&d=mm&r=g","url":"https:\/\/secure.gravatar.com\/avatar\/31a1a7b66ff2de83bd0e9fd79d026630d2d99e55e8bfe501287647b4fd9743de?s=96&d=mm&r=g","contentUrl":"https:\/\/secure.gravatar.com\/avatar\/31a1a7b66ff2de83bd0e9fd79d026630d2d99e55e8bfe501287647b4fd9743de?s=96&d=mm&r=g","caption":"Gonzalo Schmidt"},"description":"Sitio web de noticias de la provincia de Entre R\u00edos, Argentina. Informaci\u00f3n y entretenimiento. Informe Litoral, nos informamos.","sameAs":["http:\/\/www.isletasnoticias.com.ar"],"url":"https:\/\/informelitoral.com.ar\/author\/gonzalo\/"}]}},"_links":{"self":[{"href":"https:\/\/informelitoral.com.ar\/%77%70%2d%6a%73%6f%6e\/wp\/v2\/posts\/218003","targetHints":{"allow":["GET"]}}],"collection":[{"href":"https:\/\/informelitoral.com.ar\/%77%70%2d%6a%73%6f%6e\/wp\/v2\/posts"}],"about":[{"href":"https:\/\/informelitoral.com.ar\/%77%70%2d%6a%73%6f%6e\/wp\/v2\/types\/post"}],"author":[{"embeddable":true,"href":"https:\/\/informelitoral.com.ar\/%77%70%2d%6a%73%6f%6e\/wp\/v2\/users\/2"}],"replies":[{"embeddable":true,"href":"https:\/\/informelitoral.com.ar\/%77%70%2d%6a%73%6f%6e\/wp\/v2\/comments?post=218003"}],"version-history":[{"count":0,"href":"https:\/\/informelitoral.com.ar\/%77%70%2d%6a%73%6f%6e\/wp\/v2\/posts\/218003\/revisions"}],"wp:featuredmedia":[{"embeddable":true,"href":"https:\/\/informelitoral.com.ar\/%77%70%2d%6a%73%6f%6e\/wp\/v2\/media\/81138"}],"wp:attachment":[{"href":"https:\/\/informelitoral.com.ar\/%77%70%2d%6a%73%6f%6e\/wp\/v2\/media?parent=218003"}],"wp:term":[{"taxonomy":"category","embeddable":true,"href":"https:\/\/informelitoral.com.ar\/%77%70%2d%6a%73%6f%6e\/wp\/v2\/categories?post=218003"},{"taxonomy":"post_tag","embeddable":true,"href":"https:\/\/informelitoral.com.ar\/%77%70%2d%6a%73%6f%6e\/wp\/v2\/tags?post=218003"}],"curies":[{"name":"wp","href":"https:\/\/api.w.org\/{rel}","templated":true}]}}