{"id":218001,"date":"2025-04-11T06:40:12","date_gmt":"2025-04-11T09:40:12","guid":{"rendered":"https:\/\/informelitoral.com.ar\/?p=218001"},"modified":"2025-04-11T06:40:12","modified_gmt":"2025-04-11T09:40:12","slug":"recien-la-semana-proxima-habra-un-cambio-de-tiempo-mas-notorio","status":"publish","type":"post","link":"https:\/\/informelitoral.com.ar\/recien-la-semana-proxima-habra-un-cambio-de-tiempo-mas-notorio\/","title":{"rendered":"Reci\u00e9n la semana pr\u00f3xima habr\u00e1 un cambio de tiempo m\u00e1s notorio"},"content":{"rendered":"<p>Durante esta semana,\u00a0<b>la humedad se mantuvo como el principal factor meteorol\u00f3gico que domina el escenario clim\u00e1tico<\/b>\u00a0en la mayor parte del pa\u00eds. Desde Buenos Aires hasta Corrientes, incluyendo provincias como La Pampa, Santa Fe,\u00a0<b>C\u00f3rdoba y Entre R\u00edos, las condiciones de alta humedad han sido persistentes<\/b>. \u201cEsta situaci\u00f3n gener\u00f3 neblinas, bancos de niebla, lluvias d\u00e9biles y una nubosidad densa y sostenida\u201d, describi\u00f3 el meteor\u00f3logo, Leonardo De Benedictis.<\/p>\n<p>El ambiente h\u00famedo contribuy\u00f3 a una marcada estabilidad t\u00e9rmica. Durante los \u00faltimos d\u00edas, las temperaturas m\u00ednimas y m\u00e1ximas mostraron escasa variabilidad a lo largo del territorio. Tanto en el norte como en el sur argentino, los valores t\u00e9rmicos se han mantenido dentro de un rango muy similar, situaci\u00f3n que continuar\u00e1 durante los pr\u00f3ximos d\u00edas.<\/p>\n<p>A partir de hoy, el ingreso de un frente fr\u00edo comenzar\u00e1 a alterar las condiciones actuales, provocando lluvias y tormentas en varias regiones del pa\u00eds, aunque estos fen\u00f3menos no alcanzar\u00edan a Entre R\u00edos, donde para la presente jornada se anuncia cielo mayormente nublado con registros t\u00e9rmicos de hasta 24 grados.<\/p>\n<p>El s\u00e1bado las condiciones ser\u00e1n similares, aunque con un descenso en las temperaturas m\u00ednimas que ser\u00edan de unos 13 grados a la ma\u00f1ana con un ambiente algo m\u00e1s seco que en las jornadas precedentes.<\/p>\n<h2><strong>Leve descenso de temperaturas<\/strong><\/h2>\n<p>Se prev\u00e9 que el frente fr\u00edo avanzar\u00e1 desde el sudoeste, generando tormentas que afectar\u00e1n inicialmente el norte de la Patagonia, el oeste de la zona pampeana y la regi\u00f3n cuyana. \u201cA lo largo del viernes, estas condiciones se ir\u00e1n desplazando hacia el sudoeste de Buenos Aires, el este de La Pampa, el sur de C\u00f3rdoba y San Luis, alcanzando tambi\u00e9n sectores del extremo sur de Santa Fe\u201d, indic\u00f3 De Benedictis.<\/p>\n<p>Una vez que el sistema frontal se retire, \u201c<b>no se espera un cambio dr\u00e1stico en la masa de aire. La humedad seguir\u00e1 siendo protagonista<\/b>, manteni\u00e9ndose sobre el centro y norte del pa\u00eds. Esta persistencia podr\u00eda favorecer nuevamente la presencia de neblinas, bancos de niebla y nubosidad abundante\u201d.<\/p>\n<p><b>En cuanto a las temperaturas, no se prev\u00e9 un descenso significativo tras el paso del frente fr\u00edo. Las marcas t\u00e9rmicas seguir\u00e1n siendo similares a las de los \u00faltimos d\u00edas, sin grandes sobresalto<\/b>s.<\/p>\n<p>En Entre R\u00edos el domingo y lunes se pronostican cielos algo nublados con temperaturas m\u00ednimas de 14 grados y m\u00e1ximas que rondar\u00e1n los 25 grados cent\u00edgrados.<\/p>\n<h2><strong>Cu\u00e1ndo se viene el cambio m\u00e1s notorio\u00a0<\/strong><\/h2>\n<p>Seg\u00fan el informe de\u00a0<i>Meteored<\/i>, \u201c<b>el cambio m\u00e1s notorio en las condiciones del tiempo reci\u00e9n podr\u00eda llegar hacia mediados de la pr\u00f3xima semana<\/b>, cuando se espera el ingreso de aire m\u00e1s fresco y seco\u201d.<\/p>\n<p>Para los sectores agropecuarios, \u201ceste escenario presenta desaf\u00edos en cuanto a la planificaci\u00f3n en las labores de cosecha, presentando una retraso en las tareas. El monitoreo constante del pron\u00f3stico ser\u00e1 clave para tomar decisiones en tiempo y forma ante estos pulsos de inestabilidad y humedad persistente\u201d, complet\u00f3 De Benedictis. <em>(Con informaci\u00f3n de\u00a0<\/em><i>Meteored<\/i>)<\/p>\n","protected":false},"excerpt":{"rendered":"<p>Si bien no hay chances de lluvia y habr\u00e1 m\u00e1s sol durante el fin de semana, la humedad no se ir\u00e1 del todo. Reci\u00e9n la semana pr\u00f3xima se espera el ingreso de un frente fr\u00edo. <\/p>\n","protected":false},"author":2,"featured_media":65990,"comment_status":"open","ping_status":"open","sticky":false,"template":"","format":"standard","meta":{"fifu_image_url":"","fifu_image_alt":"","footnotes":""},"categories":[7],"tags":[38,2759],"class_list":{"0":"post-218001","1":"post","2":"type-post","3":"status-publish","4":"format-standard","5":"has-post-thumbnail","7":"category-nacionales","8":"tag-el-tiempo","9":"tag-pronostico-del-tiempo"},"yoast_head":"<title>Reci\u00e9n la semana pr\u00f3xima habr\u00e1 un cambio de tiempo m\u00e1s notorio - Informe Litoral<\/title>\n<meta name=\"robots\" content=\"index, follow, max-snippet:-1, max-image-preview:large, max-video-preview:-1\" \/>\n<link rel=\"canonical\" href=\"https:\/\/informelitoral.com.ar\/recien-la-semana-proxima-habra-un-cambio-de-tiempo-mas-notorio\/\" \/>\n<meta property=\"og:locale\" content=\"es_ES\" \/>\n<meta property=\"og:type\" content=\"article\" \/>\n<meta property=\"og:title\" content=\"Reci\u00e9n la semana pr\u00f3xima habr\u00e1 un cambio de tiempo m\u00e1s notorio - Informe Litoral\" \/>\n<meta property=\"og:description\" content=\"Si bien no hay chances de lluvia y habr\u00e1 m\u00e1s sol durante el fin de semana, la humedad no se ir\u00e1 del todo. Reci\u00e9n la semana pr\u00f3xima se espera el ingreso de un frente fr\u00edo.\" \/>\n<meta property=\"og:url\" content=\"https:\/\/informelitoral.com.ar\/recien-la-semana-proxima-habra-un-cambio-de-tiempo-mas-notorio\/\" \/>\n<meta property=\"og:site_name\" content=\"Informe Litoral\" \/>\n<meta property=\"article:publisher\" content=\"https:\/\/www.facebook.com\/informelitoral\/\" \/>\n<meta property=\"article:published_time\" content=\"2025-04-11T09:40:12+00:00\" \/>\n<meta property=\"og:image\" content=\"https:\/\/informelitoral.com.ar\/%77%70%2d%63%6f%6e%74%65%6e%74\/uploads\/2021\/10\/amanecer-nuboso.jpeg\" \/>\n\t<meta property=\"og:image:width\" content=\"656\" \/>\n\t<meta property=\"og:image:height\" content=\"370\" \/>\n\t<meta property=\"og:image:type\" content=\"image\/jpeg\" \/>\n<meta name=\"author\" content=\"Gonzalo Schmidt\" \/>\n<meta name=\"twitter:card\" content=\"summary_large_image\" \/>\n<meta name=\"twitter:creator\" content=\"@InformeLitoral\" \/>\n<meta name=\"twitter:site\" content=\"@InformeLitoral\" \/>\n<meta name=\"twitter:label1\" content=\"Escrito por\" \/>\n\t<meta name=\"twitter:data1\" content=\"Gonzalo Schmidt\" \/>\n\t<meta name=\"twitter:label2\" content=\"Tiempo de lectura\" \/>\n\t<meta name=\"twitter:data2\" content=\"3 minutos\" \/>\n<script type=\"application\/ld+json\" class=\"yoast-schema-graph\">{\"@context\":\"https:\\\/\\\/schema.org\",\"@graph\":[{\"@type\":\"Article\",\"@id\":\"https:\\\/\\\/informelitoral.com.ar\\\/recien-la-semana-proxima-habra-un-cambio-de-tiempo-mas-notorio\\\/#article\",\"isPartOf\":{\"@id\":\"https:\\\/\\\/informelitoral.com.ar\\\/recien-la-semana-proxima-habra-un-cambio-de-tiempo-mas-notorio\\\/\"},\"author\":{\"name\":\"Gonzalo Schmidt\",\"@id\":\"https:\\\/\\\/informelitoral.com.ar\\\/#\\\/schema\\\/person\\\/b9d00407c836482871ef1d57bf8e3180\"},\"headline\":\"Reci\u00e9n la semana pr\u00f3xima habr\u00e1 un cambio de tiempo m\u00e1s notorio\",\"datePublished\":\"2025-04-11T09:40:12+00:00\",\"mainEntityOfPage\":{\"@id\":\"https:\\\/\\\/informelitoral.com.ar\\\/recien-la-semana-proxima-habra-un-cambio-de-tiempo-mas-notorio\\\/\"},\"wordCount\":549,\"commentCount\":0,\"publisher\":{\"@id\":\"https:\\\/\\\/informelitoral.com.ar\\\/#organization\"},\"image\":{\"@id\":\"https:\\\/\\\/informelitoral.com.ar\\\/recien-la-semana-proxima-habra-un-cambio-de-tiempo-mas-notorio\\\/#primaryimage\"},\"thumbnailUrl\":\"https:\\\/\\\/informelitoral.com.ar\\\/%77%70%2d%63%6f%6e%74%65%6e%74\\\/uploads\\\/2021\\\/10\\\/amanecer-nuboso.jpeg\",\"keywords\":[\"El tiempo\",\"Pron\u00f3stico del tiempo\"],\"articleSection\":[\"Nacionales\"],\"inLanguage\":\"es\",\"potentialAction\":[{\"@type\":\"CommentAction\",\"name\":\"Comment\",\"target\":[\"https:\\\/\\\/informelitoral.com.ar\\\/recien-la-semana-proxima-habra-un-cambio-de-tiempo-mas-notorio\\\/#respond\"]}]},{\"@type\":\"WebPage\",\"@id\":\"https:\\\/\\\/informelitoral.com.ar\\\/recien-la-semana-proxima-habra-un-cambio-de-tiempo-mas-notorio\\\/\",\"url\":\"https:\\\/\\\/informelitoral.com.ar\\\/recien-la-semana-proxima-habra-un-cambio-de-tiempo-mas-notorio\\\/\",\"name\":\"Reci\u00e9n la semana pr\u00f3xima habr\u00e1 un cambio de tiempo m\u00e1s notorio - Informe Litoral\",\"isPartOf\":{\"@id\":\"https:\\\/\\\/informelitoral.com.ar\\\/#website\"},\"primaryImageOfPage\":{\"@id\":\"https:\\\/\\\/informelitoral.com.ar\\\/recien-la-semana-proxima-habra-un-cambio-de-tiempo-mas-notorio\\\/#primaryimage\"},\"image\":{\"@id\":\"https:\\\/\\\/informelitoral.com.ar\\\/recien-la-semana-proxima-habra-un-cambio-de-tiempo-mas-notorio\\\/#primaryimage\"},\"thumbnailUrl\":\"https:\\\/\\\/informelitoral.com.ar\\\/%77%70%2d%63%6f%6e%74%65%6e%74\\\/uploads\\\/2021\\\/10\\\/amanecer-nuboso.jpeg\",\"datePublished\":\"2025-04-11T09:40:12+00:00\",\"breadcrumb\":{\"@id\":\"https:\\\/\\\/informelitoral.com.ar\\\/recien-la-semana-proxima-habra-un-cambio-de-tiempo-mas-notorio\\\/#breadcrumb\"},\"inLanguage\":\"es\",\"potentialAction\":[{\"@type\":\"ReadAction\",\"target\":[\"https:\\\/\\\/informelitoral.com.ar\\\/recien-la-semana-proxima-habra-un-cambio-de-tiempo-mas-notorio\\\/\"]}]},{\"@type\":\"ImageObject\",\"inLanguage\":\"es\",\"@id\":\"https:\\\/\\\/informelitoral.com.ar\\\/recien-la-semana-proxima-habra-un-cambio-de-tiempo-mas-notorio\\\/#primaryimage\",\"url\":\"https:\\\/\\\/informelitoral.com.ar\\\/%77%70%2d%63%6f%6e%74%65%6e%74\\\/uploads\\\/2021\\\/10\\\/amanecer-nuboso.jpeg\",\"contentUrl\":\"https:\\\/\\\/informelitoral.com.ar\\\/%77%70%2d%63%6f%6e%74%65%6e%74\\\/uploads\\\/2021\\\/10\\\/amanecer-nuboso.jpeg\",\"width\":656,\"height\":370},{\"@type\":\"BreadcrumbList\",\"@id\":\"https:\\\/\\\/informelitoral.com.ar\\\/recien-la-semana-proxima-habra-un-cambio-de-tiempo-mas-notorio\\\/#breadcrumb\",\"itemListElement\":[{\"@type\":\"ListItem\",\"position\":1,\"name\":\"Portada\",\"item\":\"https:\\\/\\\/informelitoral.com.ar\\\/\"},{\"@type\":\"ListItem\",\"position\":2,\"name\":\"Reci\u00e9n la semana pr\u00f3xima habr\u00e1 un cambio de tiempo m\u00e1s notorio\"}]},{\"@type\":\"WebSite\",\"@id\":\"https:\\\/\\\/informelitoral.com.ar\\\/#website\",\"url\":\"https:\\\/\\\/informelitoral.com.ar\\\/\",\"name\":\"Informe Litoral\",\"description\":\"&quot;Nos informamos&quot; \",\"publisher\":{\"@id\":\"https:\\\/\\\/informelitoral.com.ar\\\/#organization\"},\"potentialAction\":[{\"@type\":\"SearchAction\",\"target\":{\"@type\":\"EntryPoint\",\"urlTemplate\":\"https:\\\/\\\/informelitoral.com.ar\\\/?s={search_term_string}\"},\"query-input\":{\"@type\":\"PropertyValueSpecification\",\"valueRequired\":true,\"valueName\":\"search_term_string\"}}],\"inLanguage\":\"es\"},{\"@type\":\"Organization\",\"@id\":\"https:\\\/\\\/informelitoral.com.ar\\\/#organization\",\"name\":\"Informe Litoral\",\"url\":\"https:\\\/\\\/informelitoral.com.ar\\\/\",\"logo\":{\"@type\":\"ImageObject\",\"inLanguage\":\"es\",\"@id\":\"https:\\\/\\\/informelitoral.com.ar\\\/#\\\/schema\\\/logo\\\/image\\\/\",\"url\":\"https:\\\/\\\/informelitoral.com.ar\\\/%77%70%2d%63%6f%6e%74%65%6e%74\\\/uploads\\\/2021\\\/01\\\/circulo.png\",\"contentUrl\":\"https:\\\/\\\/informelitoral.com.ar\\\/%77%70%2d%63%6f%6e%74%65%6e%74\\\/uploads\\\/2021\\\/01\\\/circulo.png\",\"width\":723,\"height\":731,\"caption\":\"Informe Litoral\"},\"image\":{\"@id\":\"https:\\\/\\\/informelitoral.com.ar\\\/#\\\/schema\\\/logo\\\/image\\\/\"},\"sameAs\":[\"https:\\\/\\\/www.facebook.com\\\/informelitoral\\\/\",\"https:\\\/\\\/x.com\\\/InformeLitoral\",\"https:\\\/\\\/www.instagram.com\\\/informelitoral\\\/\",\"https:\\\/\\\/www.youtube.com\\\/channel\\\/UCua4Qvz8Icb6MYqhoq9xLXw\"]},{\"@type\":\"Person\",\"@id\":\"https:\\\/\\\/informelitoral.com.ar\\\/#\\\/schema\\\/person\\\/b9d00407c836482871ef1d57bf8e3180\",\"name\":\"Gonzalo Schmidt\",\"image\":{\"@type\":\"ImageObject\",\"inLanguage\":\"es\",\"@id\":\"https:\\\/\\\/secure.gravatar.com\\\/avatar\\\/31a1a7b66ff2de83bd0e9fd79d026630d2d99e55e8bfe501287647b4fd9743de?s=96&d=mm&r=g\",\"url\":\"https:\\\/\\\/secure.gravatar.com\\\/avatar\\\/31a1a7b66ff2de83bd0e9fd79d026630d2d99e55e8bfe501287647b4fd9743de?s=96&d=mm&r=g\",\"contentUrl\":\"https:\\\/\\\/secure.gravatar.com\\\/avatar\\\/31a1a7b66ff2de83bd0e9fd79d026630d2d99e55e8bfe501287647b4fd9743de?s=96&d=mm&r=g\",\"caption\":\"Gonzalo Schmidt\"},\"description\":\"Sitio web de noticias de la provincia de Entre R\u00edos, Argentina. Informaci\u00f3n y entretenimiento. Informe Litoral, nos informamos.\",\"sameAs\":[\"http:\\\/\\\/www.isletasnoticias.com.ar\"],\"url\":\"https:\\\/\\\/informelitoral.com.ar\\\/author\\\/gonzalo\\\/\"}]}<\/script>","yoast_head_json":{"title":"Reci\u00e9n la semana pr\u00f3xima habr\u00e1 un cambio de tiempo m\u00e1s notorio - Informe Litoral","robots":{"index":"index","follow":"follow","max-snippet":"max-snippet:-1","max-image-preview":"max-image-preview:large","max-video-preview":"max-video-preview:-1"},"canonical":"https:\/\/informelitoral.com.ar\/recien-la-semana-proxima-habra-un-cambio-de-tiempo-mas-notorio\/","og_locale":"es_ES","og_type":"article","og_title":"Reci\u00e9n la semana pr\u00f3xima habr\u00e1 un cambio de tiempo m\u00e1s notorio - Informe Litoral","og_description":"Si bien no hay chances de lluvia y habr\u00e1 m\u00e1s sol durante el fin de semana, la humedad no se ir\u00e1 del todo. Reci\u00e9n la semana pr\u00f3xima se espera el ingreso de un frente fr\u00edo.","og_url":"https:\/\/informelitoral.com.ar\/recien-la-semana-proxima-habra-un-cambio-de-tiempo-mas-notorio\/","og_site_name":"Informe Litoral","article_publisher":"https:\/\/www.facebook.com\/informelitoral\/","article_published_time":"2025-04-11T09:40:12+00:00","og_image":[{"width":656,"height":370,"url":"https:\/\/informelitoral.com.ar\/%77%70%2d%63%6f%6e%74%65%6e%74\/uploads\/2021\/10\/amanecer-nuboso.jpeg","type":"image\/jpeg"}],"author":"Gonzalo Schmidt","twitter_card":"summary_large_image","twitter_creator":"@InformeLitoral","twitter_site":"@InformeLitoral","twitter_misc":{"Escrito por":"Gonzalo Schmidt","Tiempo de lectura":"3 minutos"},"schema":{"@context":"https:\/\/schema.org","@graph":[{"@type":"Article","@id":"https:\/\/informelitoral.com.ar\/recien-la-semana-proxima-habra-un-cambio-de-tiempo-mas-notorio\/#article","isPartOf":{"@id":"https:\/\/informelitoral.com.ar\/recien-la-semana-proxima-habra-un-cambio-de-tiempo-mas-notorio\/"},"author":{"name":"Gonzalo Schmidt","@id":"https:\/\/informelitoral.com.ar\/#\/schema\/person\/b9d00407c836482871ef1d57bf8e3180"},"headline":"Reci\u00e9n la semana pr\u00f3xima habr\u00e1 un cambio de tiempo m\u00e1s notorio","datePublished":"2025-04-11T09:40:12+00:00","mainEntityOfPage":{"@id":"https:\/\/informelitoral.com.ar\/recien-la-semana-proxima-habra-un-cambio-de-tiempo-mas-notorio\/"},"wordCount":549,"commentCount":0,"publisher":{"@id":"https:\/\/informelitoral.com.ar\/#organization"},"image":{"@id":"https:\/\/informelitoral.com.ar\/recien-la-semana-proxima-habra-un-cambio-de-tiempo-mas-notorio\/#primaryimage"},"thumbnailUrl":"https:\/\/informelitoral.com.ar\/%77%70%2d%63%6f%6e%74%65%6e%74\/uploads\/2021\/10\/amanecer-nuboso.jpeg","keywords":["El tiempo","Pron\u00f3stico del tiempo"],"articleSection":["Nacionales"],"inLanguage":"es","potentialAction":[{"@type":"CommentAction","name":"Comment","target":["https:\/\/informelitoral.com.ar\/recien-la-semana-proxima-habra-un-cambio-de-tiempo-mas-notorio\/#respond"]}]},{"@type":"WebPage","@id":"https:\/\/informelitoral.com.ar\/recien-la-semana-proxima-habra-un-cambio-de-tiempo-mas-notorio\/","url":"https:\/\/informelitoral.com.ar\/recien-la-semana-proxima-habra-un-cambio-de-tiempo-mas-notorio\/","name":"Reci\u00e9n la semana pr\u00f3xima habr\u00e1 un cambio de tiempo m\u00e1s notorio - Informe Litoral","isPartOf":{"@id":"https:\/\/informelitoral.com.ar\/#website"},"primaryImageOfPage":{"@id":"https:\/\/informelitoral.com.ar\/recien-la-semana-proxima-habra-un-cambio-de-tiempo-mas-notorio\/#primaryimage"},"image":{"@id":"https:\/\/informelitoral.com.ar\/recien-la-semana-proxima-habra-un-cambio-de-tiempo-mas-notorio\/#primaryimage"},"thumbnailUrl":"https:\/\/informelitoral.com.ar\/%77%70%2d%63%6f%6e%74%65%6e%74\/uploads\/2021\/10\/amanecer-nuboso.jpeg","datePublished":"2025-04-11T09:40:12+00:00","breadcrumb":{"@id":"https:\/\/informelitoral.com.ar\/recien-la-semana-proxima-habra-un-cambio-de-tiempo-mas-notorio\/#breadcrumb"},"inLanguage":"es","potentialAction":[{"@type":"ReadAction","target":["https:\/\/informelitoral.com.ar\/recien-la-semana-proxima-habra-un-cambio-de-tiempo-mas-notorio\/"]}]},{"@type":"ImageObject","inLanguage":"es","@id":"https:\/\/informelitoral.com.ar\/recien-la-semana-proxima-habra-un-cambio-de-tiempo-mas-notorio\/#primaryimage","url":"https:\/\/informelitoral.com.ar\/%77%70%2d%63%6f%6e%74%65%6e%74\/uploads\/2021\/10\/amanecer-nuboso.jpeg","contentUrl":"https:\/\/informelitoral.com.ar\/%77%70%2d%63%6f%6e%74%65%6e%74\/uploads\/2021\/10\/amanecer-nuboso.jpeg","width":656,"height":370},{"@type":"BreadcrumbList","@id":"https:\/\/informelitoral.com.ar\/recien-la-semana-proxima-habra-un-cambio-de-tiempo-mas-notorio\/#breadcrumb","itemListElement":[{"@type":"ListItem","position":1,"name":"Portada","item":"https:\/\/informelitoral.com.ar\/"},{"@type":"ListItem","position":2,"name":"Reci\u00e9n la semana pr\u00f3xima habr\u00e1 un cambio de tiempo m\u00e1s notorio"}]},{"@type":"WebSite","@id":"https:\/\/informelitoral.com.ar\/#website","url":"https:\/\/informelitoral.com.ar\/","name":"Informe Litoral","description":"&quot;Nos informamos&quot; ","publisher":{"@id":"https:\/\/informelitoral.com.ar\/#organization"},"potentialAction":[{"@type":"SearchAction","target":{"@type":"EntryPoint","urlTemplate":"https:\/\/informelitoral.com.ar\/?s={search_term_string}"},"query-input":{"@type":"PropertyValueSpecification","valueRequired":true,"valueName":"search_term_string"}}],"inLanguage":"es"},{"@type":"Organization","@id":"https:\/\/informelitoral.com.ar\/#organization","name":"Informe Litoral","url":"https:\/\/informelitoral.com.ar\/","logo":{"@type":"ImageObject","inLanguage":"es","@id":"https:\/\/informelitoral.com.ar\/#\/schema\/logo\/image\/","url":"https:\/\/informelitoral.com.ar\/%77%70%2d%63%6f%6e%74%65%6e%74\/uploads\/2021\/01\/circulo.png","contentUrl":"https:\/\/informelitoral.com.ar\/%77%70%2d%63%6f%6e%74%65%6e%74\/uploads\/2021\/01\/circulo.png","width":723,"height":731,"caption":"Informe Litoral"},"image":{"@id":"https:\/\/informelitoral.com.ar\/#\/schema\/logo\/image\/"},"sameAs":["https:\/\/www.facebook.com\/informelitoral\/","https:\/\/x.com\/InformeLitoral","https:\/\/www.instagram.com\/informelitoral\/","https:\/\/www.youtube.com\/channel\/UCua4Qvz8Icb6MYqhoq9xLXw"]},{"@type":"Person","@id":"https:\/\/informelitoral.com.ar\/#\/schema\/person\/b9d00407c836482871ef1d57bf8e3180","name":"Gonzalo Schmidt","image":{"@type":"ImageObject","inLanguage":"es","@id":"https:\/\/secure.gravatar.com\/avatar\/31a1a7b66ff2de83bd0e9fd79d026630d2d99e55e8bfe501287647b4fd9743de?s=96&d=mm&r=g","url":"https:\/\/secure.gravatar.com\/avatar\/31a1a7b66ff2de83bd0e9fd79d026630d2d99e55e8bfe501287647b4fd9743de?s=96&d=mm&r=g","contentUrl":"https:\/\/secure.gravatar.com\/avatar\/31a1a7b66ff2de83bd0e9fd79d026630d2d99e55e8bfe501287647b4fd9743de?s=96&d=mm&r=g","caption":"Gonzalo Schmidt"},"description":"Sitio web de noticias de la provincia de Entre R\u00edos, Argentina. Informaci\u00f3n y entretenimiento. Informe Litoral, nos informamos.","sameAs":["http:\/\/www.isletasnoticias.com.ar"],"url":"https:\/\/informelitoral.com.ar\/author\/gonzalo\/"}]}},"_links":{"self":[{"href":"https:\/\/informelitoral.com.ar\/%77%70%2d%6a%73%6f%6e\/wp\/v2\/posts\/218001","targetHints":{"allow":["GET"]}}],"collection":[{"href":"https:\/\/informelitoral.com.ar\/%77%70%2d%6a%73%6f%6e\/wp\/v2\/posts"}],"about":[{"href":"https:\/\/informelitoral.com.ar\/%77%70%2d%6a%73%6f%6e\/wp\/v2\/types\/post"}],"author":[{"embeddable":true,"href":"https:\/\/informelitoral.com.ar\/%77%70%2d%6a%73%6f%6e\/wp\/v2\/users\/2"}],"replies":[{"embeddable":true,"href":"https:\/\/informelitoral.com.ar\/%77%70%2d%6a%73%6f%6e\/wp\/v2\/comments?post=218001"}],"version-history":[{"count":0,"href":"https:\/\/informelitoral.com.ar\/%77%70%2d%6a%73%6f%6e\/wp\/v2\/posts\/218001\/revisions"}],"wp:featuredmedia":[{"embeddable":true,"href":"https:\/\/informelitoral.com.ar\/%77%70%2d%6a%73%6f%6e\/wp\/v2\/media\/65990"}],"wp:attachment":[{"href":"https:\/\/informelitoral.com.ar\/%77%70%2d%6a%73%6f%6e\/wp\/v2\/media?parent=218001"}],"wp:term":[{"taxonomy":"category","embeddable":true,"href":"https:\/\/informelitoral.com.ar\/%77%70%2d%6a%73%6f%6e\/wp\/v2\/categories?post=218001"},{"taxonomy":"post_tag","embeddable":true,"href":"https:\/\/informelitoral.com.ar\/%77%70%2d%6a%73%6f%6e\/wp\/v2\/tags?post=218001"}],"curies":[{"name":"wp","href":"https:\/\/api.w.org\/{rel}","templated":true}]}}