{"id":21798,"date":"2017-06-05T07:33:08","date_gmt":"2017-06-05T10:33:08","guid":{"rendered":"http:\/\/www.isletasnoticias.com.ar\/?p=21798"},"modified":"2017-06-05T07:33:08","modified_gmt":"2017-06-05T10:33:08","slug":"el-estado-islamico-se-adjudico-el-atentado-de-londres","status":"publish","type":"post","link":"https:\/\/informelitoral.com.ar\/el-estado-islamico-se-adjudico-el-atentado-de-londres\/","title":{"rendered":"El Estado Isl\u00e1mico se adjudic\u00f3 el atentado de Londres"},"content":{"rendered":"<div class=\"post-right\">\n<p class=\"post-excerpt\"><strong>A trav\u00e9s de su agencia de noticias Amaq, el grupo terrorista asumi\u00f3 la responsabilidad del ataque del s\u00e1bado que dej\u00f3 al menos siete muertos. Fue el segundo ataque terrorista en suelo brit\u00e1nico en menos de un mes.<a href=\"http:\/\/www.isletasnoticias.com.ar\/%77%70%2d%63%6f%6e%74%65%6e%74\/uploads\/2017\/06\/isis-atentado-londres.jpg\"><img loading=\"lazy\" decoding=\"async\" class=\"aligncenter wp-image-21799 size-full\" src=\"http:\/\/www.isletasnoticias.com.ar\/%77%70%2d%63%6f%6e%74%65%6e%74\/uploads\/2017\/06\/isis-atentado-londres.jpg\" alt=\"\" width=\"1000\" height=\"562\" srcset=\"https:\/\/informelitoral.com.ar\/%77%70%2d%63%6f%6e%74%65%6e%74\/uploads\/2017\/06\/isis-atentado-londres.jpg 1000w, https:\/\/informelitoral.com.ar\/%77%70%2d%63%6f%6e%74%65%6e%74\/uploads\/2017\/06\/isis-atentado-londres-300x169.jpg 300w, https:\/\/informelitoral.com.ar\/%77%70%2d%63%6f%6e%74%65%6e%74\/uploads\/2017\/06\/isis-atentado-londres-768x432.jpg 768w\" sizes=\"auto, (max-width: 1000px) 100vw, 1000px\" \/><\/a><\/strong><\/p>\n<\/div>\n<div class=\"post-body-inner\">\n<div class=\"row\">\n<div class=\"col-xs-12 col-print-12\">\n<p class=\"element element-paragraph\">Un d\u00eda despu\u00e9s del atentado de Londres que dej\u00f3, hasta el momento, al menos siete muertos, el Estado Isl\u00e1mico (ISIS, por sus siglas en ingl\u00e9s) se adjudic\u00f3 este domingo el ataque en el centro de la capital inglesa.<\/p>\n<\/div>\n<\/div>\n<div class=\"row\">\n<div class=\"col-xs-12 col-print-12\">\n<p class=\"element element-paragraph\">Tal como realiza con cada atentado en Occidente, el grupo terrorista asumi\u00f3 la responsabilidad del ataque a trav\u00e9s de su agencia de noticias <em>Amaq.<\/em><\/p>\n<\/div>\n<\/div>\n<div class=\"row\">\n<div class=\"col-xs-12 col-print-12\">\n<p class=\"element element-paragraph\"><strong>\u201cUn destacamento de combatientes de Estado Isl\u00e1mico ejecut\u00f3 el ataque de ayer en Londres\u201d<\/strong>, afirm\u00f3 un comunicado subido a la p\u00e1gina de <em>Amaq.<\/em><\/p>\n<\/div>\n<\/div>\n<div class=\"row\">\n<div class=\"col-xs-12 col-print-12\">\n<p class=\"element element-paragraph\">Junto a la nota de la agencia, la misma p\u00e1gina empleada por el grupo, distribuy\u00f3 un montaje fotogr\u00e1fico en el que aparece el puente de Londres y un hombre con un cuchillo ensangrentado y sobre el que se puede leer en ingl\u00e9s, franc\u00e9s y \u00e1rabe:<strong> \u201cVenganza. No hay compromisos\u2026 en la seguridad de los musulmanes\u201d.<\/strong><\/p>\n<\/div>\n<\/div>\n<div class=\"row\">\n<div class=\"col-xs-12 col-print-12\">\n<p class=\"element element-paragraph\">El del s\u00e1bado fue el segundo ataque terrorista en suelo brit\u00e1nico en menos de un mes.<\/p>\n<\/div>\n<\/div>\n<div class=\"row\">\n<figure class=\"element element-image col-xs-12\">\n<div class=\"single-image\">\n<div class=\"shares\"><\/div>\n<p><img loading=\"lazy\" decoding=\"async\" id=\"XR455QCGZVBQPDTFTGGDGHRWZQ\" class=\"image-lazy\" src=\"http:\/\/www.infobae.com\/new-resizer\/Yhz096E9u33ego-HhHMYY_KO4YY=\/600x0\/s3.amazonaws.com\/arc-wordpress-client-uploads\/infobae-wp\/%77%70%2d%63%6f%6e%74%65%6e%74\/uploads\/2017\/06\/03200132\/ataque-londres-london-bridge-1.jpg?token=bar\" alt=\"El atentado dej\u00f3 al menos siete muertos y 48 heridos (Reuters)\" width=\"750\" height=\"0\" data-url=\"http:\/\/www.infobae.com\/america\/mundo\/2017\/06\/04\/el-estado-islamico-se-adjudico-el-atentado-de-londres\/%23XR455QCGZVBQPDTFTGGDGHRWZQ\" data-original=\"http:\/\/www.infobae.com\/new-resizer\/Yhz096E9u33ego-HhHMYY_KO4YY=\/600x0\/s3.amazonaws.com\/arc-wordpress-client-uploads\/infobae-wp\/%77%70%2d%63%6f%6e%74%65%6e%74\/uploads\/2017\/06\/03200132\/ataque-londres-london-bridge-1.jpg?token=bar\" \/><\/p>\n<\/div><figcaption class=\"\"><em><span class=\"credit\">El atentado dej\u00f3 al menos siete muertos y 48 heridos (Reuters)<\/span><\/em><\/figcaption><\/figure>\n<\/div>\n<div class=\"row\">\n<div class=\"col-xs-12 col-print-12\">\n<p class=\"element element-paragraph\">Luego del atentado del pasado 22 de mayo en Manchester, donde murieron 22 personas, los yihadistas llamaron a sus seguidores a llevar a cabo m\u00e1s ataques durante el mes del Ramad\u00e1n.<\/p>\n<\/div>\n<\/div>\n<div class=\"row\">\n<div class=\"col-xs-12 col-print-12\">\n<p class=\"element element-paragraph\">Los extremistas han publicados instrucciones detalles por medio de revistas de propaganda y videos sobre c\u00f3mo realizar ataques con veh\u00edculos y cuchillos; los medios utilizados por los tres terroristas este s\u00e1bado para atacar en el centro de Londres.<\/p>\n<\/div>\n<\/div>\n<div class=\"row\">\n<div class=\"col-xs-12 col-print-12\">\n<p class=\"element element-paragraph\">Seg\u00fan public\u00f3 <em>Infobae<\/em>, la primer ministro brit\u00e1nica, <strong>Theresa May<\/strong>, pidi\u00f3 el domingo una respuesta m\u00e1s en\u00e9rgica al extremismo isl\u00e1mico despu\u00e9s de que tres terroristas\u00a0arrollaron a peatones con una furgoneta en el Puente de Londres y apu\u00f1alaron a otros transe\u00fantes en las cercan\u00edas, matando a siete personas e hiriendo a otras 48.<\/p>\n<\/div>\n<\/div>\n<\/div>\n","protected":false},"excerpt":{"rendered":"<p>A trav&eacute;s de su agencia de noticias Amaq, el grupo terrorista asumi&oacute; la responsabilidad del ataque del s&aacute;bado que dej&oacute; al menos siete muertos. Fue el segundo ataque terrorista en suelo brit&aacute;nico en menos de un mes. Un d&iacute;a despu&eacute;s del atentado de Londres que dej&oacute;, hasta el momento, al menos siete muertos, el Estado [&hellip;]<\/p>\n","protected":false},"author":2,"featured_media":0,"comment_status":"open","ping_status":"open","sticky":false,"template":"","format":"standard","meta":{"fifu_image_url":"","fifu_image_alt":"","footnotes":""},"categories":[8],"tags":[],"class_list":{"0":"post-21798","1":"post","2":"type-post","3":"status-publish","4":"format-standard","6":"category-internacionales"},"yoast_head":"<title>El Estado Isl\u00e1mico se adjudic\u00f3 el atentado de Londres - Informe Litoral<\/title>\n<meta name=\"robots\" content=\"index, follow, max-snippet:-1, max-image-preview:large, max-video-preview:-1\" \/>\n<link rel=\"canonical\" href=\"https:\/\/informelitoral.com.ar\/el-estado-islamico-se-adjudico-el-atentado-de-londres\/\" \/>\n<meta property=\"og:locale\" content=\"es_ES\" \/>\n<meta property=\"og:type\" content=\"article\" \/>\n<meta property=\"og:title\" content=\"El Estado Isl\u00e1mico se adjudic\u00f3 el atentado de Londres - Informe Litoral\" \/>\n<meta property=\"og:description\" content=\"A trav&eacute;s de su agencia de noticias Amaq, el grupo terrorista asumi&oacute; la responsabilidad del ataque del s&aacute;bado que dej&oacute; al menos siete muertos. Fue el segundo ataque terrorista en suelo brit&aacute;nico en menos de un mes. Un d&iacute;a despu&eacute;s del atentado de Londres que dej&oacute;, hasta el momento, al menos siete muertos, el Estado [&hellip;]\" \/>\n<meta property=\"og:url\" content=\"https:\/\/informelitoral.com.ar\/el-estado-islamico-se-adjudico-el-atentado-de-londres\/\" \/>\n<meta property=\"og:site_name\" content=\"Informe Litoral\" \/>\n<meta property=\"article:publisher\" content=\"https:\/\/www.facebook.com\/informelitoral\/\" \/>\n<meta property=\"article:published_time\" content=\"2017-06-05T10:33:08+00:00\" \/>\n<meta property=\"og:image\" content=\"https:\/\/informelitoral.com.ar\/%77%70%2d%63%6f%6e%74%65%6e%74\/uploads\/2017\/06\/isis-atentado-londres.jpg\" \/>\n\t<meta property=\"og:image:width\" content=\"1000\" \/>\n\t<meta property=\"og:image:height\" content=\"562\" \/>\n\t<meta property=\"og:image:type\" content=\"image\/jpeg\" \/>\n<meta name=\"author\" content=\"Gonzalo Schmidt\" \/>\n<meta name=\"twitter:card\" content=\"summary_large_image\" \/>\n<meta name=\"twitter:creator\" content=\"@InformeLitoral\" \/>\n<meta name=\"twitter:site\" content=\"@InformeLitoral\" \/>\n<meta name=\"twitter:label1\" content=\"Escrito por\" \/>\n\t<meta name=\"twitter:data1\" content=\"Gonzalo Schmidt\" \/>\n\t<meta name=\"twitter:label2\" content=\"Tiempo de lectura\" \/>\n\t<meta name=\"twitter:data2\" content=\"2 minutos\" \/>\n<script type=\"application\/ld+json\" class=\"yoast-schema-graph\">{\"@context\":\"https:\\\/\\\/schema.org\",\"@graph\":[{\"@type\":\"Article\",\"@id\":\"https:\\\/\\\/informelitoral.com.ar\\\/el-estado-islamico-se-adjudico-el-atentado-de-londres\\\/#article\",\"isPartOf\":{\"@id\":\"https:\\\/\\\/informelitoral.com.ar\\\/el-estado-islamico-se-adjudico-el-atentado-de-londres\\\/\"},\"author\":{\"name\":\"Gonzalo Schmidt\",\"@id\":\"https:\\\/\\\/informelitoral.com.ar\\\/#\\\/schema\\\/person\\\/b9d00407c836482871ef1d57bf8e3180\"},\"headline\":\"El Estado Isl\u00e1mico se adjudic\u00f3 el atentado de Londres\",\"datePublished\":\"2017-06-05T10:33:08+00:00\",\"mainEntityOfPage\":{\"@id\":\"https:\\\/\\\/informelitoral.com.ar\\\/el-estado-islamico-se-adjudico-el-atentado-de-londres\\\/\"},\"wordCount\":361,\"commentCount\":0,\"publisher\":{\"@id\":\"https:\\\/\\\/informelitoral.com.ar\\\/#organization\"},\"image\":{\"@id\":\"https:\\\/\\\/informelitoral.com.ar\\\/el-estado-islamico-se-adjudico-el-atentado-de-londres\\\/#primaryimage\"},\"thumbnailUrl\":\"http:\\\/\\\/www.isletasnoticias.com.ar\\\/%77%70%2d%63%6f%6e%74%65%6e%74\\\/uploads\\\/2017\\\/06\\\/isis-atentado-londres.jpg\",\"articleSection\":[\"Internacionales\"],\"inLanguage\":\"es\",\"potentialAction\":[{\"@type\":\"CommentAction\",\"name\":\"Comment\",\"target\":[\"https:\\\/\\\/informelitoral.com.ar\\\/el-estado-islamico-se-adjudico-el-atentado-de-londres\\\/#respond\"]}]},{\"@type\":\"WebPage\",\"@id\":\"https:\\\/\\\/informelitoral.com.ar\\\/el-estado-islamico-se-adjudico-el-atentado-de-londres\\\/\",\"url\":\"https:\\\/\\\/informelitoral.com.ar\\\/el-estado-islamico-se-adjudico-el-atentado-de-londres\\\/\",\"name\":\"El Estado Isl\u00e1mico se adjudic\u00f3 el atentado de Londres - Informe Litoral\",\"isPartOf\":{\"@id\":\"https:\\\/\\\/informelitoral.com.ar\\\/#website\"},\"primaryImageOfPage\":{\"@id\":\"https:\\\/\\\/informelitoral.com.ar\\\/el-estado-islamico-se-adjudico-el-atentado-de-londres\\\/#primaryimage\"},\"image\":{\"@id\":\"https:\\\/\\\/informelitoral.com.ar\\\/el-estado-islamico-se-adjudico-el-atentado-de-londres\\\/#primaryimage\"},\"thumbnailUrl\":\"http:\\\/\\\/www.isletasnoticias.com.ar\\\/%77%70%2d%63%6f%6e%74%65%6e%74\\\/uploads\\\/2017\\\/06\\\/isis-atentado-londres.jpg\",\"datePublished\":\"2017-06-05T10:33:08+00:00\",\"breadcrumb\":{\"@id\":\"https:\\\/\\\/informelitoral.com.ar\\\/el-estado-islamico-se-adjudico-el-atentado-de-londres\\\/#breadcrumb\"},\"inLanguage\":\"es\",\"potentialAction\":[{\"@type\":\"ReadAction\",\"target\":[\"https:\\\/\\\/informelitoral.com.ar\\\/el-estado-islamico-se-adjudico-el-atentado-de-londres\\\/\"]}]},{\"@type\":\"ImageObject\",\"inLanguage\":\"es\",\"@id\":\"https:\\\/\\\/informelitoral.com.ar\\\/el-estado-islamico-se-adjudico-el-atentado-de-londres\\\/#primaryimage\",\"url\":\"http:\\\/\\\/www.isletasnoticias.com.ar\\\/%77%70%2d%63%6f%6e%74%65%6e%74\\\/uploads\\\/2017\\\/06\\\/isis-atentado-londres.jpg\",\"contentUrl\":\"http:\\\/\\\/www.isletasnoticias.com.ar\\\/%77%70%2d%63%6f%6e%74%65%6e%74\\\/uploads\\\/2017\\\/06\\\/isis-atentado-londres.jpg\"},{\"@type\":\"BreadcrumbList\",\"@id\":\"https:\\\/\\\/informelitoral.com.ar\\\/el-estado-islamico-se-adjudico-el-atentado-de-londres\\\/#breadcrumb\",\"itemListElement\":[{\"@type\":\"ListItem\",\"position\":1,\"name\":\"Portada\",\"item\":\"https:\\\/\\\/informelitoral.com.ar\\\/\"},{\"@type\":\"ListItem\",\"position\":2,\"name\":\"El Estado Isl\u00e1mico se adjudic\u00f3 el atentado de Londres\"}]},{\"@type\":\"WebSite\",\"@id\":\"https:\\\/\\\/informelitoral.com.ar\\\/#website\",\"url\":\"https:\\\/\\\/informelitoral.com.ar\\\/\",\"name\":\"Informe Litoral\",\"description\":\"&quot;Nos informamos&quot; \",\"publisher\":{\"@id\":\"https:\\\/\\\/informelitoral.com.ar\\\/#organization\"},\"potentialAction\":[{\"@type\":\"SearchAction\",\"target\":{\"@type\":\"EntryPoint\",\"urlTemplate\":\"https:\\\/\\\/informelitoral.com.ar\\\/?s={search_term_string}\"},\"query-input\":{\"@type\":\"PropertyValueSpecification\",\"valueRequired\":true,\"valueName\":\"search_term_string\"}}],\"inLanguage\":\"es\"},{\"@type\":\"Organization\",\"@id\":\"https:\\\/\\\/informelitoral.com.ar\\\/#organization\",\"name\":\"Informe Litoral\",\"url\":\"https:\\\/\\\/informelitoral.com.ar\\\/\",\"logo\":{\"@type\":\"ImageObject\",\"inLanguage\":\"es\",\"@id\":\"https:\\\/\\\/informelitoral.com.ar\\\/#\\\/schema\\\/logo\\\/image\\\/\",\"url\":\"https:\\\/\\\/informelitoral.com.ar\\\/%77%70%2d%63%6f%6e%74%65%6e%74\\\/uploads\\\/2021\\\/01\\\/circulo.png\",\"contentUrl\":\"https:\\\/\\\/informelitoral.com.ar\\\/%77%70%2d%63%6f%6e%74%65%6e%74\\\/uploads\\\/2021\\\/01\\\/circulo.png\",\"width\":723,\"height\":731,\"caption\":\"Informe Litoral\"},\"image\":{\"@id\":\"https:\\\/\\\/informelitoral.com.ar\\\/#\\\/schema\\\/logo\\\/image\\\/\"},\"sameAs\":[\"https:\\\/\\\/www.facebook.com\\\/informelitoral\\\/\",\"https:\\\/\\\/x.com\\\/InformeLitoral\",\"https:\\\/\\\/www.instagram.com\\\/informelitoral\\\/\",\"https:\\\/\\\/www.youtube.com\\\/channel\\\/UCua4Qvz8Icb6MYqhoq9xLXw\"]},{\"@type\":\"Person\",\"@id\":\"https:\\\/\\\/informelitoral.com.ar\\\/#\\\/schema\\\/person\\\/b9d00407c836482871ef1d57bf8e3180\",\"name\":\"Gonzalo Schmidt\",\"image\":{\"@type\":\"ImageObject\",\"inLanguage\":\"es\",\"@id\":\"https:\\\/\\\/secure.gravatar.com\\\/avatar\\\/31a1a7b66ff2de83bd0e9fd79d026630d2d99e55e8bfe501287647b4fd9743de?s=96&d=mm&r=g\",\"url\":\"https:\\\/\\\/secure.gravatar.com\\\/avatar\\\/31a1a7b66ff2de83bd0e9fd79d026630d2d99e55e8bfe501287647b4fd9743de?s=96&d=mm&r=g\",\"contentUrl\":\"https:\\\/\\\/secure.gravatar.com\\\/avatar\\\/31a1a7b66ff2de83bd0e9fd79d026630d2d99e55e8bfe501287647b4fd9743de?s=96&d=mm&r=g\",\"caption\":\"Gonzalo Schmidt\"},\"description\":\"Sitio web de noticias de la provincia de Entre R\u00edos, Argentina. Informaci\u00f3n y entretenimiento. Informe Litoral, nos informamos.\",\"sameAs\":[\"http:\\\/\\\/www.isletasnoticias.com.ar\"],\"url\":\"https:\\\/\\\/informelitoral.com.ar\\\/author\\\/gonzalo\\\/\"}]}<\/script>","yoast_head_json":{"title":"El Estado Isl\u00e1mico se adjudic\u00f3 el atentado de Londres - Informe Litoral","robots":{"index":"index","follow":"follow","max-snippet":"max-snippet:-1","max-image-preview":"max-image-preview:large","max-video-preview":"max-video-preview:-1"},"canonical":"https:\/\/informelitoral.com.ar\/el-estado-islamico-se-adjudico-el-atentado-de-londres\/","og_locale":"es_ES","og_type":"article","og_title":"El Estado Isl\u00e1mico se adjudic\u00f3 el atentado de Londres - Informe Litoral","og_description":"A trav&eacute;s de su agencia de noticias Amaq, el grupo terrorista asumi&oacute; la responsabilidad del ataque del s&aacute;bado que dej&oacute; al menos siete muertos. Fue el segundo ataque terrorista en suelo brit&aacute;nico en menos de un mes. Un d&iacute;a despu&eacute;s del atentado de Londres que dej&oacute;, hasta el momento, al menos siete muertos, el Estado [&hellip;]","og_url":"https:\/\/informelitoral.com.ar\/el-estado-islamico-se-adjudico-el-atentado-de-londres\/","og_site_name":"Informe Litoral","article_publisher":"https:\/\/www.facebook.com\/informelitoral\/","article_published_time":"2017-06-05T10:33:08+00:00","og_image":[{"width":1000,"height":562,"url":"https:\/\/informelitoral.com.ar\/%77%70%2d%63%6f%6e%74%65%6e%74\/uploads\/2017\/06\/isis-atentado-londres.jpg","type":"image\/jpeg"}],"author":"Gonzalo Schmidt","twitter_card":"summary_large_image","twitter_creator":"@InformeLitoral","twitter_site":"@InformeLitoral","twitter_misc":{"Escrito por":"Gonzalo Schmidt","Tiempo de lectura":"2 minutos"},"schema":{"@context":"https:\/\/schema.org","@graph":[{"@type":"Article","@id":"https:\/\/informelitoral.com.ar\/el-estado-islamico-se-adjudico-el-atentado-de-londres\/#article","isPartOf":{"@id":"https:\/\/informelitoral.com.ar\/el-estado-islamico-se-adjudico-el-atentado-de-londres\/"},"author":{"name":"Gonzalo Schmidt","@id":"https:\/\/informelitoral.com.ar\/#\/schema\/person\/b9d00407c836482871ef1d57bf8e3180"},"headline":"El Estado Isl\u00e1mico se adjudic\u00f3 el atentado de Londres","datePublished":"2017-06-05T10:33:08+00:00","mainEntityOfPage":{"@id":"https:\/\/informelitoral.com.ar\/el-estado-islamico-se-adjudico-el-atentado-de-londres\/"},"wordCount":361,"commentCount":0,"publisher":{"@id":"https:\/\/informelitoral.com.ar\/#organization"},"image":{"@id":"https:\/\/informelitoral.com.ar\/el-estado-islamico-se-adjudico-el-atentado-de-londres\/#primaryimage"},"thumbnailUrl":"http:\/\/www.isletasnoticias.com.ar\/%77%70%2d%63%6f%6e%74%65%6e%74\/uploads\/2017\/06\/isis-atentado-londres.jpg","articleSection":["Internacionales"],"inLanguage":"es","potentialAction":[{"@type":"CommentAction","name":"Comment","target":["https:\/\/informelitoral.com.ar\/el-estado-islamico-se-adjudico-el-atentado-de-londres\/#respond"]}]},{"@type":"WebPage","@id":"https:\/\/informelitoral.com.ar\/el-estado-islamico-se-adjudico-el-atentado-de-londres\/","url":"https:\/\/informelitoral.com.ar\/el-estado-islamico-se-adjudico-el-atentado-de-londres\/","name":"El Estado Isl\u00e1mico se adjudic\u00f3 el atentado de Londres - Informe Litoral","isPartOf":{"@id":"https:\/\/informelitoral.com.ar\/#website"},"primaryImageOfPage":{"@id":"https:\/\/informelitoral.com.ar\/el-estado-islamico-se-adjudico-el-atentado-de-londres\/#primaryimage"},"image":{"@id":"https:\/\/informelitoral.com.ar\/el-estado-islamico-se-adjudico-el-atentado-de-londres\/#primaryimage"},"thumbnailUrl":"http:\/\/www.isletasnoticias.com.ar\/%77%70%2d%63%6f%6e%74%65%6e%74\/uploads\/2017\/06\/isis-atentado-londres.jpg","datePublished":"2017-06-05T10:33:08+00:00","breadcrumb":{"@id":"https:\/\/informelitoral.com.ar\/el-estado-islamico-se-adjudico-el-atentado-de-londres\/#breadcrumb"},"inLanguage":"es","potentialAction":[{"@type":"ReadAction","target":["https:\/\/informelitoral.com.ar\/el-estado-islamico-se-adjudico-el-atentado-de-londres\/"]}]},{"@type":"ImageObject","inLanguage":"es","@id":"https:\/\/informelitoral.com.ar\/el-estado-islamico-se-adjudico-el-atentado-de-londres\/#primaryimage","url":"http:\/\/www.isletasnoticias.com.ar\/%77%70%2d%63%6f%6e%74%65%6e%74\/uploads\/2017\/06\/isis-atentado-londres.jpg","contentUrl":"http:\/\/www.isletasnoticias.com.ar\/%77%70%2d%63%6f%6e%74%65%6e%74\/uploads\/2017\/06\/isis-atentado-londres.jpg"},{"@type":"BreadcrumbList","@id":"https:\/\/informelitoral.com.ar\/el-estado-islamico-se-adjudico-el-atentado-de-londres\/#breadcrumb","itemListElement":[{"@type":"ListItem","position":1,"name":"Portada","item":"https:\/\/informelitoral.com.ar\/"},{"@type":"ListItem","position":2,"name":"El Estado Isl\u00e1mico se adjudic\u00f3 el atentado de Londres"}]},{"@type":"WebSite","@id":"https:\/\/informelitoral.com.ar\/#website","url":"https:\/\/informelitoral.com.ar\/","name":"Informe Litoral","description":"&quot;Nos informamos&quot; ","publisher":{"@id":"https:\/\/informelitoral.com.ar\/#organization"},"potentialAction":[{"@type":"SearchAction","target":{"@type":"EntryPoint","urlTemplate":"https:\/\/informelitoral.com.ar\/?s={search_term_string}"},"query-input":{"@type":"PropertyValueSpecification","valueRequired":true,"valueName":"search_term_string"}}],"inLanguage":"es"},{"@type":"Organization","@id":"https:\/\/informelitoral.com.ar\/#organization","name":"Informe Litoral","url":"https:\/\/informelitoral.com.ar\/","logo":{"@type":"ImageObject","inLanguage":"es","@id":"https:\/\/informelitoral.com.ar\/#\/schema\/logo\/image\/","url":"https:\/\/informelitoral.com.ar\/%77%70%2d%63%6f%6e%74%65%6e%74\/uploads\/2021\/01\/circulo.png","contentUrl":"https:\/\/informelitoral.com.ar\/%77%70%2d%63%6f%6e%74%65%6e%74\/uploads\/2021\/01\/circulo.png","width":723,"height":731,"caption":"Informe Litoral"},"image":{"@id":"https:\/\/informelitoral.com.ar\/#\/schema\/logo\/image\/"},"sameAs":["https:\/\/www.facebook.com\/informelitoral\/","https:\/\/x.com\/InformeLitoral","https:\/\/www.instagram.com\/informelitoral\/","https:\/\/www.youtube.com\/channel\/UCua4Qvz8Icb6MYqhoq9xLXw"]},{"@type":"Person","@id":"https:\/\/informelitoral.com.ar\/#\/schema\/person\/b9d00407c836482871ef1d57bf8e3180","name":"Gonzalo Schmidt","image":{"@type":"ImageObject","inLanguage":"es","@id":"https:\/\/secure.gravatar.com\/avatar\/31a1a7b66ff2de83bd0e9fd79d026630d2d99e55e8bfe501287647b4fd9743de?s=96&d=mm&r=g","url":"https:\/\/secure.gravatar.com\/avatar\/31a1a7b66ff2de83bd0e9fd79d026630d2d99e55e8bfe501287647b4fd9743de?s=96&d=mm&r=g","contentUrl":"https:\/\/secure.gravatar.com\/avatar\/31a1a7b66ff2de83bd0e9fd79d026630d2d99e55e8bfe501287647b4fd9743de?s=96&d=mm&r=g","caption":"Gonzalo Schmidt"},"description":"Sitio web de noticias de la provincia de Entre R\u00edos, Argentina. Informaci\u00f3n y entretenimiento. Informe Litoral, nos informamos.","sameAs":["http:\/\/www.isletasnoticias.com.ar"],"url":"https:\/\/informelitoral.com.ar\/author\/gonzalo\/"}]}},"_links":{"self":[{"href":"https:\/\/informelitoral.com.ar\/%77%70%2d%6a%73%6f%6e\/wp\/v2\/posts\/21798","targetHints":{"allow":["GET"]}}],"collection":[{"href":"https:\/\/informelitoral.com.ar\/%77%70%2d%6a%73%6f%6e\/wp\/v2\/posts"}],"about":[{"href":"https:\/\/informelitoral.com.ar\/%77%70%2d%6a%73%6f%6e\/wp\/v2\/types\/post"}],"author":[{"embeddable":true,"href":"https:\/\/informelitoral.com.ar\/%77%70%2d%6a%73%6f%6e\/wp\/v2\/users\/2"}],"replies":[{"embeddable":true,"href":"https:\/\/informelitoral.com.ar\/%77%70%2d%6a%73%6f%6e\/wp\/v2\/comments?post=21798"}],"version-history":[{"count":0,"href":"https:\/\/informelitoral.com.ar\/%77%70%2d%6a%73%6f%6e\/wp\/v2\/posts\/21798\/revisions"}],"wp:attachment":[{"href":"https:\/\/informelitoral.com.ar\/%77%70%2d%6a%73%6f%6e\/wp\/v2\/media?parent=21798"}],"wp:term":[{"taxonomy":"category","embeddable":true,"href":"https:\/\/informelitoral.com.ar\/%77%70%2d%6a%73%6f%6e\/wp\/v2\/categories?post=21798"},{"taxonomy":"post_tag","embeddable":true,"href":"https:\/\/informelitoral.com.ar\/%77%70%2d%6a%73%6f%6e\/wp\/v2\/tags?post=21798"}],"curies":[{"name":"wp","href":"https:\/\/api.w.org\/{rel}","templated":true}]}}