{"id":217822,"date":"2025-04-09T14:07:20","date_gmt":"2025-04-09T17:07:20","guid":{"rendered":"https:\/\/informelitoral.com.ar\/?p=217822"},"modified":"2025-04-09T23:26:29","modified_gmt":"2025-04-10T02:26:29","slug":"parana-renueva-el-parque-infantil-apolinario-osinalde-con-un-plan-integral","status":"publish","type":"post","link":"https:\/\/informelitoral.com.ar\/parana-renueva-el-parque-infantil-apolinario-osinalde-con-un-plan-integral\/","title":{"rendered":"Paran\u00e1 renueva el Parque Infantil Apolinario Osinalde con un plan integral"},"content":{"rendered":"<p>La <strong>Municipalidad de Paran\u00e1<\/strong> se encuentra ejecutando una obra integral para mejorar y poner en valor el emblem\u00e1tico<strong> Parque Infantil Apolinario Osinalde<\/strong>, ubicado entre las calles <strong>Alameda de la Federaci\u00f3n, Arnaldo Cruz, Los Vascos y Enrique Berduc<\/strong>.<\/p>\n<p>Este proyecto tiene como objetivo principal recuperar la infraestructura del espacio p\u00fablico, respetando la pendiente natural del terreno para su conservaci\u00f3n y funcionalidad a largo plazo.<\/p>\n<p>Entre los trabajos destacados se encuentra el mejoramiento integral de la accesibilidad, una prioridad para la gesti\u00f3n municipal que busca garantizar un entorno inclusivo para todos los vecinos y vecinas de la ciudad.<\/p>\n<h6><em><strong>Te puede interesar:\u00a0<a href=\"https:\/\/informelitoral.com.ar\/prorrogaron-la-inscripcion-del-programa-disena-parana-hasta-el-11-de-abril\/\" target=\"_blank\" rel=\"noopener\">Paran\u00e1: restricci\u00f3n de agua potable en zona de L\u00f3pez Jord\u00e1n por intervenci\u00f3n en la red<\/a><\/strong><\/em><\/h6>\n<p>Asimismo, se est\u00e1 llevando a cabo una importante tarea de reforestaci\u00f3n del \u00e1rea, con el fin de preservar y ampliar el arbolado existente, contribuyendo a un espacio m\u00e1s verde y saludable.<\/p>\n<p>La renovaci\u00f3n del parque tambi\u00e9n incluye la instalaci\u00f3n de nuevo equipamiento urbano y juegos infantiles modernos y seguros, destinados al disfrute de ni\u00f1as, ni\u00f1os y sus familias, fomentando la recreaci\u00f3n y el encuentro comunitario.<\/p>\n","protected":false},"excerpt":{"rendered":"<p>La obra integral busca mejorar el espacio para vecinos y turistas, priorizando accesibilidad, reforestaci\u00f3n y nuevo equipamiento.<\/p>\n","protected":false},"author":8,"featured_media":217823,"comment_status":"open","ping_status":"open","sticky":false,"template":"","format":"standard","meta":{"fifu_image_url":"","fifu_image_alt":"","footnotes":""},"categories":[1597],"tags":[283,45,5678],"class_list":{"0":"post-217822","1":"post","2":"type-post","3":"status-publish","4":"format-standard","5":"has-post-thumbnail","7":"category-parana","8":"tag-obras","9":"tag-parana","10":"tag-parque-infantil-apolinario-osinalde"},"yoast_head":"<title>Paran\u00e1 renueva el Parque Infantil Apolinario Osinalde con un plan integral - Informe Litoral<\/title>\n<meta name=\"robots\" content=\"index, follow, max-snippet:-1, max-image-preview:large, max-video-preview:-1\" \/>\n<link rel=\"canonical\" href=\"https:\/\/informelitoral.com.ar\/parana-renueva-el-parque-infantil-apolinario-osinalde-con-un-plan-integral\/\" \/>\n<meta property=\"og:locale\" content=\"es_ES\" \/>\n<meta property=\"og:type\" content=\"article\" \/>\n<meta property=\"og:title\" content=\"Paran\u00e1 renueva el Parque Infantil Apolinario Osinalde con un plan integral - Informe Litoral\" \/>\n<meta property=\"og:description\" content=\"La obra integral busca mejorar el espacio para vecinos y turistas, priorizando accesibilidad, reforestaci\u00f3n y nuevo equipamiento.\" \/>\n<meta property=\"og:url\" content=\"https:\/\/informelitoral.com.ar\/parana-renueva-el-parque-infantil-apolinario-osinalde-con-un-plan-integral\/\" \/>\n<meta property=\"og:site_name\" content=\"Informe Litoral\" \/>\n<meta property=\"article:publisher\" content=\"https:\/\/www.facebook.com\/informelitoral\/\" \/>\n<meta property=\"article:published_time\" content=\"2025-04-09T17:07:20+00:00\" \/>\n<meta property=\"article:modified_time\" content=\"2025-04-10T02:26:29+00:00\" \/>\n<meta property=\"og:image\" content=\"https:\/\/informelitoral.com.ar\/%77%70%2d%63%6f%6e%74%65%6e%74\/uploads\/2025\/04\/237f653f7d412a44bb53cc87f107a1aa.jpg\" \/>\n\t<meta property=\"og:image:width\" content=\"1280\" \/>\n\t<meta property=\"og:image:height\" content=\"854\" \/>\n\t<meta property=\"og:image:type\" content=\"image\/jpeg\" \/>\n<meta name=\"author\" content=\"Sebastian\" \/>\n<meta name=\"twitter:card\" content=\"summary_large_image\" \/>\n<meta name=\"twitter:creator\" content=\"@InformeLitoral\" \/>\n<meta name=\"twitter:site\" content=\"@InformeLitoral\" \/>\n<meta name=\"twitter:label1\" content=\"Escrito por\" \/>\n\t<meta name=\"twitter:data1\" content=\"Sebastian\" \/>\n\t<meta name=\"twitter:label2\" content=\"Tiempo de lectura\" \/>\n\t<meta name=\"twitter:data2\" content=\"1 minuto\" \/>\n<script type=\"application\/ld+json\" class=\"yoast-schema-graph\">{\"@context\":\"https:\\\/\\\/schema.org\",\"@graph\":[{\"@type\":\"Article\",\"@id\":\"https:\\\/\\\/informelitoral.com.ar\\\/parana-renueva-el-parque-infantil-apolinario-osinalde-con-un-plan-integral\\\/#article\",\"isPartOf\":{\"@id\":\"https:\\\/\\\/informelitoral.com.ar\\\/parana-renueva-el-parque-infantil-apolinario-osinalde-con-un-plan-integral\\\/\"},\"author\":{\"name\":\"Sebastian\",\"@id\":\"https:\\\/\\\/informelitoral.com.ar\\\/#\\\/schema\\\/person\\\/f05f9f461677119578717524b127d6d5\"},\"headline\":\"Paran\u00e1 renueva el Parque Infantil Apolinario Osinalde con un plan integral\",\"datePublished\":\"2025-04-09T17:07:20+00:00\",\"dateModified\":\"2025-04-10T02:26:29+00:00\",\"mainEntityOfPage\":{\"@id\":\"https:\\\/\\\/informelitoral.com.ar\\\/parana-renueva-el-parque-infantil-apolinario-osinalde-con-un-plan-integral\\\/\"},\"wordCount\":207,\"commentCount\":0,\"publisher\":{\"@id\":\"https:\\\/\\\/informelitoral.com.ar\\\/#organization\"},\"image\":{\"@id\":\"https:\\\/\\\/informelitoral.com.ar\\\/parana-renueva-el-parque-infantil-apolinario-osinalde-con-un-plan-integral\\\/#primaryimage\"},\"thumbnailUrl\":\"https:\\\/\\\/informelitoral.com.ar\\\/%77%70%2d%63%6f%6e%74%65%6e%74\\\/uploads\\\/2025\\\/04\\\/237f653f7d412a44bb53cc87f107a1aa.jpg\",\"keywords\":[\"Obras\",\"Paran\u00e1\",\"Parque Infantil Apolinario Osinalde\"],\"articleSection\":[\"Paran\u00e1\"],\"inLanguage\":\"es\",\"potentialAction\":[{\"@type\":\"CommentAction\",\"name\":\"Comment\",\"target\":[\"https:\\\/\\\/informelitoral.com.ar\\\/parana-renueva-el-parque-infantil-apolinario-osinalde-con-un-plan-integral\\\/#respond\"]}]},{\"@type\":\"WebPage\",\"@id\":\"https:\\\/\\\/informelitoral.com.ar\\\/parana-renueva-el-parque-infantil-apolinario-osinalde-con-un-plan-integral\\\/\",\"url\":\"https:\\\/\\\/informelitoral.com.ar\\\/parana-renueva-el-parque-infantil-apolinario-osinalde-con-un-plan-integral\\\/\",\"name\":\"Paran\u00e1 renueva el Parque Infantil Apolinario Osinalde con un plan integral - Informe Litoral\",\"isPartOf\":{\"@id\":\"https:\\\/\\\/informelitoral.com.ar\\\/#website\"},\"primaryImageOfPage\":{\"@id\":\"https:\\\/\\\/informelitoral.com.ar\\\/parana-renueva-el-parque-infantil-apolinario-osinalde-con-un-plan-integral\\\/#primaryimage\"},\"image\":{\"@id\":\"https:\\\/\\\/informelitoral.com.ar\\\/parana-renueva-el-parque-infantil-apolinario-osinalde-con-un-plan-integral\\\/#primaryimage\"},\"thumbnailUrl\":\"https:\\\/\\\/informelitoral.com.ar\\\/%77%70%2d%63%6f%6e%74%65%6e%74\\\/uploads\\\/2025\\\/04\\\/237f653f7d412a44bb53cc87f107a1aa.jpg\",\"datePublished\":\"2025-04-09T17:07:20+00:00\",\"dateModified\":\"2025-04-10T02:26:29+00:00\",\"breadcrumb\":{\"@id\":\"https:\\\/\\\/informelitoral.com.ar\\\/parana-renueva-el-parque-infantil-apolinario-osinalde-con-un-plan-integral\\\/#breadcrumb\"},\"inLanguage\":\"es\",\"potentialAction\":[{\"@type\":\"ReadAction\",\"target\":[\"https:\\\/\\\/informelitoral.com.ar\\\/parana-renueva-el-parque-infantil-apolinario-osinalde-con-un-plan-integral\\\/\"]}]},{\"@type\":\"ImageObject\",\"inLanguage\":\"es\",\"@id\":\"https:\\\/\\\/informelitoral.com.ar\\\/parana-renueva-el-parque-infantil-apolinario-osinalde-con-un-plan-integral\\\/#primaryimage\",\"url\":\"https:\\\/\\\/informelitoral.com.ar\\\/%77%70%2d%63%6f%6e%74%65%6e%74\\\/uploads\\\/2025\\\/04\\\/237f653f7d412a44bb53cc87f107a1aa.jpg\",\"contentUrl\":\"https:\\\/\\\/informelitoral.com.ar\\\/%77%70%2d%63%6f%6e%74%65%6e%74\\\/uploads\\\/2025\\\/04\\\/237f653f7d412a44bb53cc87f107a1aa.jpg\",\"width\":1280,\"height\":854},{\"@type\":\"BreadcrumbList\",\"@id\":\"https:\\\/\\\/informelitoral.com.ar\\\/parana-renueva-el-parque-infantil-apolinario-osinalde-con-un-plan-integral\\\/#breadcrumb\",\"itemListElement\":[{\"@type\":\"ListItem\",\"position\":1,\"name\":\"Portada\",\"item\":\"https:\\\/\\\/informelitoral.com.ar\\\/\"},{\"@type\":\"ListItem\",\"position\":2,\"name\":\"Paran\u00e1 renueva el Parque Infantil Apolinario Osinalde con un plan integral\"}]},{\"@type\":\"WebSite\",\"@id\":\"https:\\\/\\\/informelitoral.com.ar\\\/#website\",\"url\":\"https:\\\/\\\/informelitoral.com.ar\\\/\",\"name\":\"Informe Litoral\",\"description\":\"&quot;Nos informamos&quot; \",\"publisher\":{\"@id\":\"https:\\\/\\\/informelitoral.com.ar\\\/#organization\"},\"potentialAction\":[{\"@type\":\"SearchAction\",\"target\":{\"@type\":\"EntryPoint\",\"urlTemplate\":\"https:\\\/\\\/informelitoral.com.ar\\\/?s={search_term_string}\"},\"query-input\":{\"@type\":\"PropertyValueSpecification\",\"valueRequired\":true,\"valueName\":\"search_term_string\"}}],\"inLanguage\":\"es\"},{\"@type\":\"Organization\",\"@id\":\"https:\\\/\\\/informelitoral.com.ar\\\/#organization\",\"name\":\"Informe Litoral\",\"url\":\"https:\\\/\\\/informelitoral.com.ar\\\/\",\"logo\":{\"@type\":\"ImageObject\",\"inLanguage\":\"es\",\"@id\":\"https:\\\/\\\/informelitoral.com.ar\\\/#\\\/schema\\\/logo\\\/image\\\/\",\"url\":\"https:\\\/\\\/informelitoral.com.ar\\\/%77%70%2d%63%6f%6e%74%65%6e%74\\\/uploads\\\/2021\\\/01\\\/circulo.png\",\"contentUrl\":\"https:\\\/\\\/informelitoral.com.ar\\\/%77%70%2d%63%6f%6e%74%65%6e%74\\\/uploads\\\/2021\\\/01\\\/circulo.png\",\"width\":723,\"height\":731,\"caption\":\"Informe Litoral\"},\"image\":{\"@id\":\"https:\\\/\\\/informelitoral.com.ar\\\/#\\\/schema\\\/logo\\\/image\\\/\"},\"sameAs\":[\"https:\\\/\\\/www.facebook.com\\\/informelitoral\\\/\",\"https:\\\/\\\/x.com\\\/InformeLitoral\",\"https:\\\/\\\/www.instagram.com\\\/informelitoral\\\/\",\"https:\\\/\\\/www.youtube.com\\\/channel\\\/UCua4Qvz8Icb6MYqhoq9xLXw\"]},{\"@type\":\"Person\",\"@id\":\"https:\\\/\\\/informelitoral.com.ar\\\/#\\\/schema\\\/person\\\/f05f9f461677119578717524b127d6d5\",\"name\":\"Sebastian\",\"image\":{\"@type\":\"ImageObject\",\"inLanguage\":\"es\",\"@id\":\"https:\\\/\\\/secure.gravatar.com\\\/avatar\\\/b71bf7481d447dfb9583c7f2798e7cc64de6efb9067b74633ed8c31059a3bd82?s=96&d=mm&r=g\",\"url\":\"https:\\\/\\\/secure.gravatar.com\\\/avatar\\\/b71bf7481d447dfb9583c7f2798e7cc64de6efb9067b74633ed8c31059a3bd82?s=96&d=mm&r=g\",\"contentUrl\":\"https:\\\/\\\/secure.gravatar.com\\\/avatar\\\/b71bf7481d447dfb9583c7f2798e7cc64de6efb9067b74633ed8c31059a3bd82?s=96&d=mm&r=g\",\"caption\":\"Sebastian\"},\"url\":\"https:\\\/\\\/informelitoral.com.ar\\\/author\\\/sebastian\\\/\"}]}<\/script>","yoast_head_json":{"title":"Paran\u00e1 renueva el Parque Infantil Apolinario Osinalde con un plan integral - Informe Litoral","robots":{"index":"index","follow":"follow","max-snippet":"max-snippet:-1","max-image-preview":"max-image-preview:large","max-video-preview":"max-video-preview:-1"},"canonical":"https:\/\/informelitoral.com.ar\/parana-renueva-el-parque-infantil-apolinario-osinalde-con-un-plan-integral\/","og_locale":"es_ES","og_type":"article","og_title":"Paran\u00e1 renueva el Parque Infantil Apolinario Osinalde con un plan integral - Informe Litoral","og_description":"La obra integral busca mejorar el espacio para vecinos y turistas, priorizando accesibilidad, reforestaci\u00f3n y nuevo equipamiento.","og_url":"https:\/\/informelitoral.com.ar\/parana-renueva-el-parque-infantil-apolinario-osinalde-con-un-plan-integral\/","og_site_name":"Informe Litoral","article_publisher":"https:\/\/www.facebook.com\/informelitoral\/","article_published_time":"2025-04-09T17:07:20+00:00","article_modified_time":"2025-04-10T02:26:29+00:00","og_image":[{"width":1280,"height":854,"url":"https:\/\/informelitoral.com.ar\/%77%70%2d%63%6f%6e%74%65%6e%74\/uploads\/2025\/04\/237f653f7d412a44bb53cc87f107a1aa.jpg","type":"image\/jpeg"}],"author":"Sebastian","twitter_card":"summary_large_image","twitter_creator":"@InformeLitoral","twitter_site":"@InformeLitoral","twitter_misc":{"Escrito por":"Sebastian","Tiempo de lectura":"1 minuto"},"schema":{"@context":"https:\/\/schema.org","@graph":[{"@type":"Article","@id":"https:\/\/informelitoral.com.ar\/parana-renueva-el-parque-infantil-apolinario-osinalde-con-un-plan-integral\/#article","isPartOf":{"@id":"https:\/\/informelitoral.com.ar\/parana-renueva-el-parque-infantil-apolinario-osinalde-con-un-plan-integral\/"},"author":{"name":"Sebastian","@id":"https:\/\/informelitoral.com.ar\/#\/schema\/person\/f05f9f461677119578717524b127d6d5"},"headline":"Paran\u00e1 renueva el Parque Infantil Apolinario Osinalde con un plan integral","datePublished":"2025-04-09T17:07:20+00:00","dateModified":"2025-04-10T02:26:29+00:00","mainEntityOfPage":{"@id":"https:\/\/informelitoral.com.ar\/parana-renueva-el-parque-infantil-apolinario-osinalde-con-un-plan-integral\/"},"wordCount":207,"commentCount":0,"publisher":{"@id":"https:\/\/informelitoral.com.ar\/#organization"},"image":{"@id":"https:\/\/informelitoral.com.ar\/parana-renueva-el-parque-infantil-apolinario-osinalde-con-un-plan-integral\/#primaryimage"},"thumbnailUrl":"https:\/\/informelitoral.com.ar\/%77%70%2d%63%6f%6e%74%65%6e%74\/uploads\/2025\/04\/237f653f7d412a44bb53cc87f107a1aa.jpg","keywords":["Obras","Paran\u00e1","Parque Infantil Apolinario Osinalde"],"articleSection":["Paran\u00e1"],"inLanguage":"es","potentialAction":[{"@type":"CommentAction","name":"Comment","target":["https:\/\/informelitoral.com.ar\/parana-renueva-el-parque-infantil-apolinario-osinalde-con-un-plan-integral\/#respond"]}]},{"@type":"WebPage","@id":"https:\/\/informelitoral.com.ar\/parana-renueva-el-parque-infantil-apolinario-osinalde-con-un-plan-integral\/","url":"https:\/\/informelitoral.com.ar\/parana-renueva-el-parque-infantil-apolinario-osinalde-con-un-plan-integral\/","name":"Paran\u00e1 renueva el Parque Infantil Apolinario Osinalde con un plan integral - Informe Litoral","isPartOf":{"@id":"https:\/\/informelitoral.com.ar\/#website"},"primaryImageOfPage":{"@id":"https:\/\/informelitoral.com.ar\/parana-renueva-el-parque-infantil-apolinario-osinalde-con-un-plan-integral\/#primaryimage"},"image":{"@id":"https:\/\/informelitoral.com.ar\/parana-renueva-el-parque-infantil-apolinario-osinalde-con-un-plan-integral\/#primaryimage"},"thumbnailUrl":"https:\/\/informelitoral.com.ar\/%77%70%2d%63%6f%6e%74%65%6e%74\/uploads\/2025\/04\/237f653f7d412a44bb53cc87f107a1aa.jpg","datePublished":"2025-04-09T17:07:20+00:00","dateModified":"2025-04-10T02:26:29+00:00","breadcrumb":{"@id":"https:\/\/informelitoral.com.ar\/parana-renueva-el-parque-infantil-apolinario-osinalde-con-un-plan-integral\/#breadcrumb"},"inLanguage":"es","potentialAction":[{"@type":"ReadAction","target":["https:\/\/informelitoral.com.ar\/parana-renueva-el-parque-infantil-apolinario-osinalde-con-un-plan-integral\/"]}]},{"@type":"ImageObject","inLanguage":"es","@id":"https:\/\/informelitoral.com.ar\/parana-renueva-el-parque-infantil-apolinario-osinalde-con-un-plan-integral\/#primaryimage","url":"https:\/\/informelitoral.com.ar\/%77%70%2d%63%6f%6e%74%65%6e%74\/uploads\/2025\/04\/237f653f7d412a44bb53cc87f107a1aa.jpg","contentUrl":"https:\/\/informelitoral.com.ar\/%77%70%2d%63%6f%6e%74%65%6e%74\/uploads\/2025\/04\/237f653f7d412a44bb53cc87f107a1aa.jpg","width":1280,"height":854},{"@type":"BreadcrumbList","@id":"https:\/\/informelitoral.com.ar\/parana-renueva-el-parque-infantil-apolinario-osinalde-con-un-plan-integral\/#breadcrumb","itemListElement":[{"@type":"ListItem","position":1,"name":"Portada","item":"https:\/\/informelitoral.com.ar\/"},{"@type":"ListItem","position":2,"name":"Paran\u00e1 renueva el Parque Infantil Apolinario Osinalde con un plan integral"}]},{"@type":"WebSite","@id":"https:\/\/informelitoral.com.ar\/#website","url":"https:\/\/informelitoral.com.ar\/","name":"Informe Litoral","description":"&quot;Nos informamos&quot; ","publisher":{"@id":"https:\/\/informelitoral.com.ar\/#organization"},"potentialAction":[{"@type":"SearchAction","target":{"@type":"EntryPoint","urlTemplate":"https:\/\/informelitoral.com.ar\/?s={search_term_string}"},"query-input":{"@type":"PropertyValueSpecification","valueRequired":true,"valueName":"search_term_string"}}],"inLanguage":"es"},{"@type":"Organization","@id":"https:\/\/informelitoral.com.ar\/#organization","name":"Informe Litoral","url":"https:\/\/informelitoral.com.ar\/","logo":{"@type":"ImageObject","inLanguage":"es","@id":"https:\/\/informelitoral.com.ar\/#\/schema\/logo\/image\/","url":"https:\/\/informelitoral.com.ar\/%77%70%2d%63%6f%6e%74%65%6e%74\/uploads\/2021\/01\/circulo.png","contentUrl":"https:\/\/informelitoral.com.ar\/%77%70%2d%63%6f%6e%74%65%6e%74\/uploads\/2021\/01\/circulo.png","width":723,"height":731,"caption":"Informe Litoral"},"image":{"@id":"https:\/\/informelitoral.com.ar\/#\/schema\/logo\/image\/"},"sameAs":["https:\/\/www.facebook.com\/informelitoral\/","https:\/\/x.com\/InformeLitoral","https:\/\/www.instagram.com\/informelitoral\/","https:\/\/www.youtube.com\/channel\/UCua4Qvz8Icb6MYqhoq9xLXw"]},{"@type":"Person","@id":"https:\/\/informelitoral.com.ar\/#\/schema\/person\/f05f9f461677119578717524b127d6d5","name":"Sebastian","image":{"@type":"ImageObject","inLanguage":"es","@id":"https:\/\/secure.gravatar.com\/avatar\/b71bf7481d447dfb9583c7f2798e7cc64de6efb9067b74633ed8c31059a3bd82?s=96&d=mm&r=g","url":"https:\/\/secure.gravatar.com\/avatar\/b71bf7481d447dfb9583c7f2798e7cc64de6efb9067b74633ed8c31059a3bd82?s=96&d=mm&r=g","contentUrl":"https:\/\/secure.gravatar.com\/avatar\/b71bf7481d447dfb9583c7f2798e7cc64de6efb9067b74633ed8c31059a3bd82?s=96&d=mm&r=g","caption":"Sebastian"},"url":"https:\/\/informelitoral.com.ar\/author\/sebastian\/"}]}},"_links":{"self":[{"href":"https:\/\/informelitoral.com.ar\/%77%70%2d%6a%73%6f%6e\/wp\/v2\/posts\/217822","targetHints":{"allow":["GET"]}}],"collection":[{"href":"https:\/\/informelitoral.com.ar\/%77%70%2d%6a%73%6f%6e\/wp\/v2\/posts"}],"about":[{"href":"https:\/\/informelitoral.com.ar\/%77%70%2d%6a%73%6f%6e\/wp\/v2\/types\/post"}],"author":[{"embeddable":true,"href":"https:\/\/informelitoral.com.ar\/%77%70%2d%6a%73%6f%6e\/wp\/v2\/users\/8"}],"replies":[{"embeddable":true,"href":"https:\/\/informelitoral.com.ar\/%77%70%2d%6a%73%6f%6e\/wp\/v2\/comments?post=217822"}],"version-history":[{"count":0,"href":"https:\/\/informelitoral.com.ar\/%77%70%2d%6a%73%6f%6e\/wp\/v2\/posts\/217822\/revisions"}],"wp:featuredmedia":[{"embeddable":true,"href":"https:\/\/informelitoral.com.ar\/%77%70%2d%6a%73%6f%6e\/wp\/v2\/media\/217823"}],"wp:attachment":[{"href":"https:\/\/informelitoral.com.ar\/%77%70%2d%6a%73%6f%6e\/wp\/v2\/media?parent=217822"}],"wp:term":[{"taxonomy":"category","embeddable":true,"href":"https:\/\/informelitoral.com.ar\/%77%70%2d%6a%73%6f%6e\/wp\/v2\/categories?post=217822"},{"taxonomy":"post_tag","embeddable":true,"href":"https:\/\/informelitoral.com.ar\/%77%70%2d%6a%73%6f%6e\/wp\/v2\/tags?post=217822"}],"curies":[{"name":"wp","href":"https:\/\/api.w.org\/{rel}","templated":true}]}}