{"id":217712,"date":"2025-04-08T21:31:39","date_gmt":"2025-04-09T00:31:39","guid":{"rendered":"https:\/\/informelitoral.com.ar\/?p=217712"},"modified":"2025-04-09T07:41:45","modified_gmt":"2025-04-09T10:41:45","slug":"asuntos-constitucionales-emitio-dictamen-por-la-reforma-del-consejo-de-la-magistratura","status":"publish","type":"post","link":"https:\/\/informelitoral.com.ar\/asuntos-constitucionales-emitio-dictamen-por-la-reforma-del-consejo-de-la-magistratura\/","title":{"rendered":"Asuntos Constitucionales emiti\u00f3 dictamen por la reforma del Consejo de la Magistratura"},"content":{"rendered":"<p>La comisi\u00f3n de Asuntos Constitucionales, Juicio Pol\u00edtico y Peticiones, Poderes y Reglamento, que preside Gabriela Lena, se reuni\u00f3 este martes para tratar dos expedientes: la reforma de la Ley del Consejo de la Magistratura de la Provincia de Entre R\u00edos N\u00ba 11.003, propuesta por el Poder Ejecutivo, y la regulaci\u00f3n del procedimiento de pedidos de datos e informes realizados por las c\u00e1maras legislativas a los otros poderes del Estado, presentado por la diputada <strong>Andrea Zoff.<\/strong><\/p>\n<p>Al t\u00e9rmino de la reuni\u00f3n, Lena inform\u00f3 que hubo dictamen favorable para el proyecto que prev\u00e9 cambios en la norma del organismo que selecciona jueces, fiscales y defensores del Poder Judicial de la provincia; luego de una serie de encuentros en que la comisi\u00f3n escuch\u00f3 a especialistas y a representantes de instituciones que tienen participaci\u00f3n en el Consejo, adem\u00e1s de debatir el articulado entre los mismos legisladores.<\/p>\n<p>\u201cHubo dictamen. Ya reunimos las firmas necesarias como para poder ingresarlo y que sea tratado en el recinto\u201d, dijo Lena, quien precis\u00f3 que se realizaron cambios al texto enviado por el ejecutivo, de acuerdo con los aportes que realizaron los legisladores y los invitados y en coordinaci\u00f3n con el Ejecutivo.<\/p>\n<p>\u201cEste proyecto es para que el Consejo de la Magistratura funcione y lo haga de una manera m\u00e1s \u00e1gil, que todos los concursos que hoy est\u00e1n frenados puedan resolverse mucho m\u00e1s r\u00e1pido y los jueces, fiscales y defensores tengan la independencia de criterios que se necesita para poder obrar de acuerdo a su saber y entender y a su conciencia, sin depender del poder de turno o de una persona que haya sugerido su nombre\u201d, explic\u00f3.<\/p>\n<p>Con respecto a la conformaci\u00f3n del CMER, dijo que el dictamen prev\u00e9 representaci\u00f3n del Poder Ejecutivo, de los magistrados y funcionarios judiciales, de los trabajadores, del sector acad\u00e9mico y de organizaciones no gubernamentales que tienen que ver con la tem\u00e1tica. \u201cEn cuanto a la representaci\u00f3n de las universidades, que fue uno de los temas m\u00e1s debatidos, se le da prioridad a aquellas que tengan asiento en la provincia de Entre R\u00edos\u201d, complet\u00f3.<\/p>\n<h2><strong>Regulaci\u00f3n de pedidos de informes<\/strong><\/h2>\n<p>Consultada acerca de su iniciativa, Andrea Zoff explic\u00f3: \u201cEste proyecto busca regular y reglamentar el procedimiento para pedidos de informes que est\u00e1 previsto en el art\u00edculo 117 y 204 inciso F de nuestra Constituci\u00f3n. Como legisladores, una de nuestras funciones es controlar lo que hacen los otros poderes y nos encontramos con que para esta figura no est\u00e1n estipulados plazos para su respuesta ni alguna consecuencia en caso de incumplimiento\u201d.<\/p>\n<p>En ese sentido, manifest\u00f3 que \u201chay muchos pedidos que si la respuesta llega tarde o no llega, deja de tener sentido contar con esta herramienta\u201d. Por ese motivo, se busca establecer: \u201cPrimero, c\u00f3mo tienen que responderse los informes: de manera clara, completa, documentada. El segundo punto es el plazo: 15 d\u00edas h\u00e1biles, que se condice con el que est\u00e1 previsto en la Ley de Acceso a la Informaci\u00f3n P\u00fablica, y le sumamos una pr\u00f3rroga autom\u00e1tica por igual tiempo en caso de que se trate de un pedido de informes que tenga determinada complejidad\u201d.<\/p>\n<p>Otra de las propuestas es que en caso de que no existiera respuesta, la Presidencia de la C\u00e1mara requirente deba instar al poder de que se trate para que lo haga. \u201cEn caso de no cumplirse, se habilitar\u00e1 la v\u00eda judicial y, por otro lado, a los funcionarios p\u00fablicos se les aplicar\u00e1 causal por mal desempe\u00f1o de su cargo\u201d, dijo la legisladora.<\/p>\n<p>Finalmente, se prev\u00e9 la publicaci\u00f3n de los informes en la p\u00e1gina web de la C\u00e1mara requirente, con el objetivo de brindar mayor transparencia. \u201cNo solamente los legisladores vamos a contar con esta informaci\u00f3n, sino que tambi\u00e9n podr\u00e1 tener acceso a ella cualquier ciudadano\u201d, concluy\u00f3.<\/p>\n<h6><em><strong>Del archivo:\u00a0<a href=\"https:\/\/informelitoral.com.ar\/cayo-un-42-el-area-maicera-en-entre-rios\/\" target=\"_blank\" rel=\"noopener\">Cay\u00f3 un 42% el \u00e1rea maicera en Entre R\u00edos<\/a><\/strong><\/em><\/h6>\n","protected":false},"excerpt":{"rendered":"<p>Los diputados debatieron en comisi\u00f3n sobre los proyectos de reforma de la ley del Consejo de la Magistratura de la Provincia y de regulaci\u00f3n de los pedidos de informes.<\/p>\n","protected":false},"author":2,"featured_media":217713,"comment_status":"open","ping_status":"open","sticky":false,"template":"","format":"standard","meta":{"fifu_image_url":"","fifu_image_alt":"","footnotes":""},"categories":[16],"tags":[3627,196,287],"class_list":{"0":"post-217712","1":"post","2":"type-post","3":"status-publish","4":"format-standard","5":"has-post-thumbnail","7":"category-politi","8":"tag-camara-de-diputados","9":"tag-diputados","10":"tag-legislativas"},"yoast_head":"<title>Asuntos Constitucionales emiti\u00f3 dictamen por la reforma del Consejo de la Magistratura - Informe Litoral<\/title>\n<meta name=\"robots\" content=\"index, follow, max-snippet:-1, max-image-preview:large, max-video-preview:-1\" \/>\n<link rel=\"canonical\" href=\"https:\/\/informelitoral.com.ar\/asuntos-constitucionales-emitio-dictamen-por-la-reforma-del-consejo-de-la-magistratura\/\" \/>\n<meta property=\"og:locale\" content=\"es_ES\" \/>\n<meta property=\"og:type\" content=\"article\" \/>\n<meta property=\"og:title\" content=\"Asuntos Constitucionales emiti\u00f3 dictamen por la reforma del Consejo de la Magistratura - Informe Litoral\" \/>\n<meta property=\"og:description\" content=\"Los diputados debatieron en comisi\u00f3n sobre los proyectos de reforma de la ley del Consejo de la Magistratura de la Provincia y de regulaci\u00f3n de los pedidos de informes.\" \/>\n<meta property=\"og:url\" content=\"https:\/\/informelitoral.com.ar\/asuntos-constitucionales-emitio-dictamen-por-la-reforma-del-consejo-de-la-magistratura\/\" \/>\n<meta property=\"og:site_name\" content=\"Informe Litoral\" \/>\n<meta property=\"article:publisher\" content=\"https:\/\/www.facebook.com\/informelitoral\/\" \/>\n<meta property=\"article:published_time\" content=\"2025-04-09T00:31:39+00:00\" \/>\n<meta property=\"article:modified_time\" content=\"2025-04-09T10:41:45+00:00\" \/>\n<meta property=\"og:image\" content=\"https:\/\/informelitoral.com.ar\/%77%70%2d%63%6f%6e%74%65%6e%74\/uploads\/2025\/04\/Sin-titulo-01-scaled.jpg\" \/>\n\t<meta property=\"og:image:width\" content=\"2560\" \/>\n\t<meta property=\"og:image:height\" content=\"1707\" \/>\n\t<meta property=\"og:image:type\" content=\"image\/jpeg\" \/>\n<meta name=\"author\" content=\"Gonzalo Schmidt\" \/>\n<meta name=\"twitter:card\" content=\"summary_large_image\" \/>\n<meta name=\"twitter:creator\" content=\"@InformeLitoral\" \/>\n<meta name=\"twitter:site\" content=\"@InformeLitoral\" \/>\n<meta name=\"twitter:label1\" content=\"Escrito por\" \/>\n\t<meta name=\"twitter:data1\" content=\"Gonzalo Schmidt\" \/>\n\t<meta name=\"twitter:label2\" content=\"Tiempo de lectura\" \/>\n\t<meta name=\"twitter:data2\" content=\"3 minutos\" \/>\n<script type=\"application\/ld+json\" class=\"yoast-schema-graph\">{\"@context\":\"https:\\\/\\\/schema.org\",\"@graph\":[{\"@type\":\"Article\",\"@id\":\"https:\\\/\\\/informelitoral.com.ar\\\/asuntos-constitucionales-emitio-dictamen-por-la-reforma-del-consejo-de-la-magistratura\\\/#article\",\"isPartOf\":{\"@id\":\"https:\\\/\\\/informelitoral.com.ar\\\/asuntos-constitucionales-emitio-dictamen-por-la-reforma-del-consejo-de-la-magistratura\\\/\"},\"author\":{\"name\":\"Gonzalo Schmidt\",\"@id\":\"https:\\\/\\\/informelitoral.com.ar\\\/#\\\/schema\\\/person\\\/b9d00407c836482871ef1d57bf8e3180\"},\"headline\":\"Asuntos Constitucionales emiti\u00f3 dictamen por la reforma del Consejo de la Magistratura\",\"datePublished\":\"2025-04-09T00:31:39+00:00\",\"dateModified\":\"2025-04-09T10:41:45+00:00\",\"mainEntityOfPage\":{\"@id\":\"https:\\\/\\\/informelitoral.com.ar\\\/asuntos-constitucionales-emitio-dictamen-por-la-reforma-del-consejo-de-la-magistratura\\\/\"},\"wordCount\":675,\"commentCount\":0,\"publisher\":{\"@id\":\"https:\\\/\\\/informelitoral.com.ar\\\/#organization\"},\"image\":{\"@id\":\"https:\\\/\\\/informelitoral.com.ar\\\/asuntos-constitucionales-emitio-dictamen-por-la-reforma-del-consejo-de-la-magistratura\\\/#primaryimage\"},\"thumbnailUrl\":\"https:\\\/\\\/informelitoral.com.ar\\\/%77%70%2d%63%6f%6e%74%65%6e%74\\\/uploads\\\/2025\\\/04\\\/Sin-titulo-01-scaled.jpg\",\"keywords\":[\"C\u00e1mara de Diputados\",\"Diputados\",\"Legislativas\"],\"articleSection\":[\"Politica\"],\"inLanguage\":\"es\",\"potentialAction\":[{\"@type\":\"CommentAction\",\"name\":\"Comment\",\"target\":[\"https:\\\/\\\/informelitoral.com.ar\\\/asuntos-constitucionales-emitio-dictamen-por-la-reforma-del-consejo-de-la-magistratura\\\/#respond\"]}]},{\"@type\":\"WebPage\",\"@id\":\"https:\\\/\\\/informelitoral.com.ar\\\/asuntos-constitucionales-emitio-dictamen-por-la-reforma-del-consejo-de-la-magistratura\\\/\",\"url\":\"https:\\\/\\\/informelitoral.com.ar\\\/asuntos-constitucionales-emitio-dictamen-por-la-reforma-del-consejo-de-la-magistratura\\\/\",\"name\":\"Asuntos Constitucionales emiti\u00f3 dictamen por la reforma del Consejo de la Magistratura - Informe Litoral\",\"isPartOf\":{\"@id\":\"https:\\\/\\\/informelitoral.com.ar\\\/#website\"},\"primaryImageOfPage\":{\"@id\":\"https:\\\/\\\/informelitoral.com.ar\\\/asuntos-constitucionales-emitio-dictamen-por-la-reforma-del-consejo-de-la-magistratura\\\/#primaryimage\"},\"image\":{\"@id\":\"https:\\\/\\\/informelitoral.com.ar\\\/asuntos-constitucionales-emitio-dictamen-por-la-reforma-del-consejo-de-la-magistratura\\\/#primaryimage\"},\"thumbnailUrl\":\"https:\\\/\\\/informelitoral.com.ar\\\/%77%70%2d%63%6f%6e%74%65%6e%74\\\/uploads\\\/2025\\\/04\\\/Sin-titulo-01-scaled.jpg\",\"datePublished\":\"2025-04-09T00:31:39+00:00\",\"dateModified\":\"2025-04-09T10:41:45+00:00\",\"breadcrumb\":{\"@id\":\"https:\\\/\\\/informelitoral.com.ar\\\/asuntos-constitucionales-emitio-dictamen-por-la-reforma-del-consejo-de-la-magistratura\\\/#breadcrumb\"},\"inLanguage\":\"es\",\"potentialAction\":[{\"@type\":\"ReadAction\",\"target\":[\"https:\\\/\\\/informelitoral.com.ar\\\/asuntos-constitucionales-emitio-dictamen-por-la-reforma-del-consejo-de-la-magistratura\\\/\"]}]},{\"@type\":\"ImageObject\",\"inLanguage\":\"es\",\"@id\":\"https:\\\/\\\/informelitoral.com.ar\\\/asuntos-constitucionales-emitio-dictamen-por-la-reforma-del-consejo-de-la-magistratura\\\/#primaryimage\",\"url\":\"https:\\\/\\\/informelitoral.com.ar\\\/%77%70%2d%63%6f%6e%74%65%6e%74\\\/uploads\\\/2025\\\/04\\\/Sin-titulo-01-scaled.jpg\",\"contentUrl\":\"https:\\\/\\\/informelitoral.com.ar\\\/%77%70%2d%63%6f%6e%74%65%6e%74\\\/uploads\\\/2025\\\/04\\\/Sin-titulo-01-scaled.jpg\",\"width\":2560,\"height\":1707},{\"@type\":\"BreadcrumbList\",\"@id\":\"https:\\\/\\\/informelitoral.com.ar\\\/asuntos-constitucionales-emitio-dictamen-por-la-reforma-del-consejo-de-la-magistratura\\\/#breadcrumb\",\"itemListElement\":[{\"@type\":\"ListItem\",\"position\":1,\"name\":\"Portada\",\"item\":\"https:\\\/\\\/informelitoral.com.ar\\\/\"},{\"@type\":\"ListItem\",\"position\":2,\"name\":\"Asuntos Constitucionales emiti\u00f3 dictamen por la reforma del Consejo de la Magistratura\"}]},{\"@type\":\"WebSite\",\"@id\":\"https:\\\/\\\/informelitoral.com.ar\\\/#website\",\"url\":\"https:\\\/\\\/informelitoral.com.ar\\\/\",\"name\":\"Informe Litoral\",\"description\":\"&quot;Nos informamos&quot; \",\"publisher\":{\"@id\":\"https:\\\/\\\/informelitoral.com.ar\\\/#organization\"},\"potentialAction\":[{\"@type\":\"SearchAction\",\"target\":{\"@type\":\"EntryPoint\",\"urlTemplate\":\"https:\\\/\\\/informelitoral.com.ar\\\/?s={search_term_string}\"},\"query-input\":{\"@type\":\"PropertyValueSpecification\",\"valueRequired\":true,\"valueName\":\"search_term_string\"}}],\"inLanguage\":\"es\"},{\"@type\":\"Organization\",\"@id\":\"https:\\\/\\\/informelitoral.com.ar\\\/#organization\",\"name\":\"Informe Litoral\",\"url\":\"https:\\\/\\\/informelitoral.com.ar\\\/\",\"logo\":{\"@type\":\"ImageObject\",\"inLanguage\":\"es\",\"@id\":\"https:\\\/\\\/informelitoral.com.ar\\\/#\\\/schema\\\/logo\\\/image\\\/\",\"url\":\"https:\\\/\\\/informelitoral.com.ar\\\/%77%70%2d%63%6f%6e%74%65%6e%74\\\/uploads\\\/2021\\\/01\\\/circulo.png\",\"contentUrl\":\"https:\\\/\\\/informelitoral.com.ar\\\/%77%70%2d%63%6f%6e%74%65%6e%74\\\/uploads\\\/2021\\\/01\\\/circulo.png\",\"width\":723,\"height\":731,\"caption\":\"Informe Litoral\"},\"image\":{\"@id\":\"https:\\\/\\\/informelitoral.com.ar\\\/#\\\/schema\\\/logo\\\/image\\\/\"},\"sameAs\":[\"https:\\\/\\\/www.facebook.com\\\/informelitoral\\\/\",\"https:\\\/\\\/x.com\\\/InformeLitoral\",\"https:\\\/\\\/www.instagram.com\\\/informelitoral\\\/\",\"https:\\\/\\\/www.youtube.com\\\/channel\\\/UCua4Qvz8Icb6MYqhoq9xLXw\"]},{\"@type\":\"Person\",\"@id\":\"https:\\\/\\\/informelitoral.com.ar\\\/#\\\/schema\\\/person\\\/b9d00407c836482871ef1d57bf8e3180\",\"name\":\"Gonzalo Schmidt\",\"image\":{\"@type\":\"ImageObject\",\"inLanguage\":\"es\",\"@id\":\"https:\\\/\\\/secure.gravatar.com\\\/avatar\\\/31a1a7b66ff2de83bd0e9fd79d026630d2d99e55e8bfe501287647b4fd9743de?s=96&d=mm&r=g\",\"url\":\"https:\\\/\\\/secure.gravatar.com\\\/avatar\\\/31a1a7b66ff2de83bd0e9fd79d026630d2d99e55e8bfe501287647b4fd9743de?s=96&d=mm&r=g\",\"contentUrl\":\"https:\\\/\\\/secure.gravatar.com\\\/avatar\\\/31a1a7b66ff2de83bd0e9fd79d026630d2d99e55e8bfe501287647b4fd9743de?s=96&d=mm&r=g\",\"caption\":\"Gonzalo Schmidt\"},\"description\":\"Sitio web de noticias de la provincia de Entre R\u00edos, Argentina. Informaci\u00f3n y entretenimiento. Informe Litoral, nos informamos.\",\"sameAs\":[\"http:\\\/\\\/www.isletasnoticias.com.ar\"],\"url\":\"https:\\\/\\\/informelitoral.com.ar\\\/author\\\/gonzalo\\\/\"}]}<\/script>","yoast_head_json":{"title":"Asuntos Constitucionales emiti\u00f3 dictamen por la reforma del Consejo de la Magistratura - Informe Litoral","robots":{"index":"index","follow":"follow","max-snippet":"max-snippet:-1","max-image-preview":"max-image-preview:large","max-video-preview":"max-video-preview:-1"},"canonical":"https:\/\/informelitoral.com.ar\/asuntos-constitucionales-emitio-dictamen-por-la-reforma-del-consejo-de-la-magistratura\/","og_locale":"es_ES","og_type":"article","og_title":"Asuntos Constitucionales emiti\u00f3 dictamen por la reforma del Consejo de la Magistratura - Informe Litoral","og_description":"Los diputados debatieron en comisi\u00f3n sobre los proyectos de reforma de la ley del Consejo de la Magistratura de la Provincia y de regulaci\u00f3n de los pedidos de informes.","og_url":"https:\/\/informelitoral.com.ar\/asuntos-constitucionales-emitio-dictamen-por-la-reforma-del-consejo-de-la-magistratura\/","og_site_name":"Informe Litoral","article_publisher":"https:\/\/www.facebook.com\/informelitoral\/","article_published_time":"2025-04-09T00:31:39+00:00","article_modified_time":"2025-04-09T10:41:45+00:00","og_image":[{"width":2560,"height":1707,"url":"https:\/\/informelitoral.com.ar\/%77%70%2d%63%6f%6e%74%65%6e%74\/uploads\/2025\/04\/Sin-titulo-01-scaled.jpg","type":"image\/jpeg"}],"author":"Gonzalo Schmidt","twitter_card":"summary_large_image","twitter_creator":"@InformeLitoral","twitter_site":"@InformeLitoral","twitter_misc":{"Escrito por":"Gonzalo Schmidt","Tiempo de lectura":"3 minutos"},"schema":{"@context":"https:\/\/schema.org","@graph":[{"@type":"Article","@id":"https:\/\/informelitoral.com.ar\/asuntos-constitucionales-emitio-dictamen-por-la-reforma-del-consejo-de-la-magistratura\/#article","isPartOf":{"@id":"https:\/\/informelitoral.com.ar\/asuntos-constitucionales-emitio-dictamen-por-la-reforma-del-consejo-de-la-magistratura\/"},"author":{"name":"Gonzalo Schmidt","@id":"https:\/\/informelitoral.com.ar\/#\/schema\/person\/b9d00407c836482871ef1d57bf8e3180"},"headline":"Asuntos Constitucionales emiti\u00f3 dictamen por la reforma del Consejo de la Magistratura","datePublished":"2025-04-09T00:31:39+00:00","dateModified":"2025-04-09T10:41:45+00:00","mainEntityOfPage":{"@id":"https:\/\/informelitoral.com.ar\/asuntos-constitucionales-emitio-dictamen-por-la-reforma-del-consejo-de-la-magistratura\/"},"wordCount":675,"commentCount":0,"publisher":{"@id":"https:\/\/informelitoral.com.ar\/#organization"},"image":{"@id":"https:\/\/informelitoral.com.ar\/asuntos-constitucionales-emitio-dictamen-por-la-reforma-del-consejo-de-la-magistratura\/#primaryimage"},"thumbnailUrl":"https:\/\/informelitoral.com.ar\/%77%70%2d%63%6f%6e%74%65%6e%74\/uploads\/2025\/04\/Sin-titulo-01-scaled.jpg","keywords":["C\u00e1mara de Diputados","Diputados","Legislativas"],"articleSection":["Politica"],"inLanguage":"es","potentialAction":[{"@type":"CommentAction","name":"Comment","target":["https:\/\/informelitoral.com.ar\/asuntos-constitucionales-emitio-dictamen-por-la-reforma-del-consejo-de-la-magistratura\/#respond"]}]},{"@type":"WebPage","@id":"https:\/\/informelitoral.com.ar\/asuntos-constitucionales-emitio-dictamen-por-la-reforma-del-consejo-de-la-magistratura\/","url":"https:\/\/informelitoral.com.ar\/asuntos-constitucionales-emitio-dictamen-por-la-reforma-del-consejo-de-la-magistratura\/","name":"Asuntos Constitucionales emiti\u00f3 dictamen por la reforma del Consejo de la Magistratura - Informe Litoral","isPartOf":{"@id":"https:\/\/informelitoral.com.ar\/#website"},"primaryImageOfPage":{"@id":"https:\/\/informelitoral.com.ar\/asuntos-constitucionales-emitio-dictamen-por-la-reforma-del-consejo-de-la-magistratura\/#primaryimage"},"image":{"@id":"https:\/\/informelitoral.com.ar\/asuntos-constitucionales-emitio-dictamen-por-la-reforma-del-consejo-de-la-magistratura\/#primaryimage"},"thumbnailUrl":"https:\/\/informelitoral.com.ar\/%77%70%2d%63%6f%6e%74%65%6e%74\/uploads\/2025\/04\/Sin-titulo-01-scaled.jpg","datePublished":"2025-04-09T00:31:39+00:00","dateModified":"2025-04-09T10:41:45+00:00","breadcrumb":{"@id":"https:\/\/informelitoral.com.ar\/asuntos-constitucionales-emitio-dictamen-por-la-reforma-del-consejo-de-la-magistratura\/#breadcrumb"},"inLanguage":"es","potentialAction":[{"@type":"ReadAction","target":["https:\/\/informelitoral.com.ar\/asuntos-constitucionales-emitio-dictamen-por-la-reforma-del-consejo-de-la-magistratura\/"]}]},{"@type":"ImageObject","inLanguage":"es","@id":"https:\/\/informelitoral.com.ar\/asuntos-constitucionales-emitio-dictamen-por-la-reforma-del-consejo-de-la-magistratura\/#primaryimage","url":"https:\/\/informelitoral.com.ar\/%77%70%2d%63%6f%6e%74%65%6e%74\/uploads\/2025\/04\/Sin-titulo-01-scaled.jpg","contentUrl":"https:\/\/informelitoral.com.ar\/%77%70%2d%63%6f%6e%74%65%6e%74\/uploads\/2025\/04\/Sin-titulo-01-scaled.jpg","width":2560,"height":1707},{"@type":"BreadcrumbList","@id":"https:\/\/informelitoral.com.ar\/asuntos-constitucionales-emitio-dictamen-por-la-reforma-del-consejo-de-la-magistratura\/#breadcrumb","itemListElement":[{"@type":"ListItem","position":1,"name":"Portada","item":"https:\/\/informelitoral.com.ar\/"},{"@type":"ListItem","position":2,"name":"Asuntos Constitucionales emiti\u00f3 dictamen por la reforma del Consejo de la Magistratura"}]},{"@type":"WebSite","@id":"https:\/\/informelitoral.com.ar\/#website","url":"https:\/\/informelitoral.com.ar\/","name":"Informe Litoral","description":"&quot;Nos informamos&quot; ","publisher":{"@id":"https:\/\/informelitoral.com.ar\/#organization"},"potentialAction":[{"@type":"SearchAction","target":{"@type":"EntryPoint","urlTemplate":"https:\/\/informelitoral.com.ar\/?s={search_term_string}"},"query-input":{"@type":"PropertyValueSpecification","valueRequired":true,"valueName":"search_term_string"}}],"inLanguage":"es"},{"@type":"Organization","@id":"https:\/\/informelitoral.com.ar\/#organization","name":"Informe Litoral","url":"https:\/\/informelitoral.com.ar\/","logo":{"@type":"ImageObject","inLanguage":"es","@id":"https:\/\/informelitoral.com.ar\/#\/schema\/logo\/image\/","url":"https:\/\/informelitoral.com.ar\/%77%70%2d%63%6f%6e%74%65%6e%74\/uploads\/2021\/01\/circulo.png","contentUrl":"https:\/\/informelitoral.com.ar\/%77%70%2d%63%6f%6e%74%65%6e%74\/uploads\/2021\/01\/circulo.png","width":723,"height":731,"caption":"Informe Litoral"},"image":{"@id":"https:\/\/informelitoral.com.ar\/#\/schema\/logo\/image\/"},"sameAs":["https:\/\/www.facebook.com\/informelitoral\/","https:\/\/x.com\/InformeLitoral","https:\/\/www.instagram.com\/informelitoral\/","https:\/\/www.youtube.com\/channel\/UCua4Qvz8Icb6MYqhoq9xLXw"]},{"@type":"Person","@id":"https:\/\/informelitoral.com.ar\/#\/schema\/person\/b9d00407c836482871ef1d57bf8e3180","name":"Gonzalo Schmidt","image":{"@type":"ImageObject","inLanguage":"es","@id":"https:\/\/secure.gravatar.com\/avatar\/31a1a7b66ff2de83bd0e9fd79d026630d2d99e55e8bfe501287647b4fd9743de?s=96&d=mm&r=g","url":"https:\/\/secure.gravatar.com\/avatar\/31a1a7b66ff2de83bd0e9fd79d026630d2d99e55e8bfe501287647b4fd9743de?s=96&d=mm&r=g","contentUrl":"https:\/\/secure.gravatar.com\/avatar\/31a1a7b66ff2de83bd0e9fd79d026630d2d99e55e8bfe501287647b4fd9743de?s=96&d=mm&r=g","caption":"Gonzalo Schmidt"},"description":"Sitio web de noticias de la provincia de Entre R\u00edos, Argentina. Informaci\u00f3n y entretenimiento. Informe Litoral, nos informamos.","sameAs":["http:\/\/www.isletasnoticias.com.ar"],"url":"https:\/\/informelitoral.com.ar\/author\/gonzalo\/"}]}},"_links":{"self":[{"href":"https:\/\/informelitoral.com.ar\/%77%70%2d%6a%73%6f%6e\/wp\/v2\/posts\/217712","targetHints":{"allow":["GET"]}}],"collection":[{"href":"https:\/\/informelitoral.com.ar\/%77%70%2d%6a%73%6f%6e\/wp\/v2\/posts"}],"about":[{"href":"https:\/\/informelitoral.com.ar\/%77%70%2d%6a%73%6f%6e\/wp\/v2\/types\/post"}],"author":[{"embeddable":true,"href":"https:\/\/informelitoral.com.ar\/%77%70%2d%6a%73%6f%6e\/wp\/v2\/users\/2"}],"replies":[{"embeddable":true,"href":"https:\/\/informelitoral.com.ar\/%77%70%2d%6a%73%6f%6e\/wp\/v2\/comments?post=217712"}],"version-history":[{"count":0,"href":"https:\/\/informelitoral.com.ar\/%77%70%2d%6a%73%6f%6e\/wp\/v2\/posts\/217712\/revisions"}],"wp:featuredmedia":[{"embeddable":true,"href":"https:\/\/informelitoral.com.ar\/%77%70%2d%6a%73%6f%6e\/wp\/v2\/media\/217713"}],"wp:attachment":[{"href":"https:\/\/informelitoral.com.ar\/%77%70%2d%6a%73%6f%6e\/wp\/v2\/media?parent=217712"}],"wp:term":[{"taxonomy":"category","embeddable":true,"href":"https:\/\/informelitoral.com.ar\/%77%70%2d%6a%73%6f%6e\/wp\/v2\/categories?post=217712"},{"taxonomy":"post_tag","embeddable":true,"href":"https:\/\/informelitoral.com.ar\/%77%70%2d%6a%73%6f%6e\/wp\/v2\/tags?post=217712"}],"curies":[{"name":"wp","href":"https:\/\/api.w.org\/{rel}","templated":true}]}}