{"id":217709,"date":"2025-04-09T07:28:58","date_gmt":"2025-04-09T10:28:58","guid":{"rendered":"https:\/\/informelitoral.com.ar\/?p=217709"},"modified":"2025-04-09T07:28:58","modified_gmt":"2025-04-09T10:28:58","slug":"aluani-encabezo-la-inauguracion-del-nuevo-espacio-del-centro-educativo-integral-no-4-de-valle-maria","status":"publish","type":"post","link":"https:\/\/informelitoral.com.ar\/aluani-encabezo-la-inauguracion-del-nuevo-espacio-del-centro-educativo-integral-no-4-de-valle-maria\/","title":{"rendered":"Aluani encabez\u00f3 la inauguraci\u00f3n del nuevo espacio del Centro Educativo Integral N\u00ba 4 de Valle Mar\u00eda"},"content":{"rendered":"<p>En esta ceremonia tambi\u00e9n estuvieron presentes el intendente y la viceintendente de la localidad, <strong>Mario Sokolovsky<\/strong> y <strong>Sonia Sokolovsky<\/strong>; el senador departamental<strong> Gustavo Vergara<\/strong>, la presidente del Consejo General de Educaci\u00f3n (CGE), <strong>Alicia Fregonese<\/strong>; la directora de Educaci\u00f3n Especial de la provincia, <strong>Alexia Mors<\/strong>; la directora Departamental de Escuelas de Diamante, <strong>Marta M\u00fcller<\/strong>; la supervisora de Educaci\u00f3n Especial departamental y directora del Centro Integral N\u00b0 4, <strong>Judit Ram\u00edrez<\/strong>; funcionarios y autoridades municipales y policiales; docente, alumnos y vecinos.<\/p>\n<p>Al hacer uso de la palabra, la vicegobernadora Aluani agradeci\u00f3 la invitaci\u00f3n a participar del acto formal de inauguraci\u00f3n del Centro Educativo Integral y valor\u00f3: \u201cEste espacio no es solamente un cambio de lugar, es un paso adelante en el camino de la inclusi\u00f3n, la dignidad y las oportunidades reales que hay que darles a nuestras infancias y juventudes\u201d.<\/p>\n<p>Y continu\u00f3: \u201cNo se trata solamente de paredes nuevas, sino que es el derecho que tienen nuestras infancias y juventudes, a aprender en un entorno que sea amigable, que los abrace, que los acompa\u00f1e y que los escuche. En ese camino estamos, junto al gobierno provincial, para darles la oportunidad que realmente se merece cada uno de los entrerrianos de tener una educaci\u00f3n digna\u201d.<\/p>\n<p>En ese sentido, la mandataria tambi\u00e9n agradeci\u00f3 y valor\u00f3 el rol de los docentes y las familias que \u201cd\u00eda a d\u00eda ponen el cuerpo y el coraz\u00f3n en este espacio; son los que hacen posible que sea una comunidad vital, esa comunidad en donde se encuentran, pueden tejer amistades y construir futuro\u201d, remarc\u00f3 al tiempo que afirm\u00f3: \u201cDesde el gobierno provincial tenemos la responsabilidad de acompa\u00f1arlos y de asegurarles sus entornos donde tengan educaci\u00f3n de calidad, donde puedan sentirse seguros y donde sean incluidos\u201d.<\/p>\n<p>\u201cEn este camino estamos, en donde tenemos la convicci\u00f3n de acompa\u00f1ar, proteger y cuidar a nuestros ni\u00f1os, ni\u00f1as y adolescentes, es el camino que tenemos que realizar. Much\u00edsimas gracias por hacerme parte de este momento tan especial. Agradezco a toda la comunidad y seguimos adelante caminando juntos\u201d, cerr\u00f3 Aluani.<\/p>\n<p>Por otro lado, el intendente <strong>Mario Sokolovsky<\/strong> expres\u00f3: \u201cLa inclusi\u00f3n educativa no solo enriquece a quienes reciben esa oportunidad, sino que tambi\u00e9n transforma a toda la sociedad, haci\u00e9ndola m\u00e1s justa, diversa y comprensiva. En la diversidad de capacidades se encuentra la verdadera riqueza humana y es a trav\u00e9s de la educaci\u00f3n donde podemos construir un mundo donde todos, sin excepci\u00f3n, tengan las mismas oportunidades para crecer, aprender y aportar\u201d.<\/p>\n<p>Al respecto de la inauguraci\u00f3n del nuevo espacio, remarc\u00f3 que es una jornada de \u201cinmensa felicidad\u201d para la localidad y que \u201cbrindamos una nueva posibilidad para los vecinos de Valle Mar\u00eda como tambi\u00e9n para los de las aldeas de la regi\u00f3n, convencidos de su utilidad y necesidad\u201d. En este sentido, agradeci\u00f3 a \u201ctodo el equipo municipal y a los alba\u00f1iles que contratamos para esta obra, que en tiempo r\u00e9cord se ocuparon de dejar esto en condiciones\u201d.<\/p>\n<p>Asimismo,<strong> Alicia Fregonese<\/strong> agradeci\u00f3 a las autoridades presentes e hizo menci\u00f3n a la Direcci\u00f3n de Educaci\u00f3n Especial \u201cque est\u00e1 haciendo un trabajo maravilloso en el Consejo\u201d, en tanto destac\u00f3 \u201ca la Supervisi\u00f3n, a la supervisora, a la comunidad educativa y a las familias que est\u00e1n acompa\u00f1ando en este momento tan especial, donde estamos tratando de recuperar todas las trayectorias de los estudiantes que est\u00e1n integrados\u201d.<\/p>\n<p>\u201cHoy celebramos no solo un aniversario, sino tambi\u00e9n el compromiso y la dedicaci\u00f3n, la transformaci\u00f3n de un espacio educativo que ha marcado la vida de muchas personas a lo largo de la vida\u201d, ratific\u00f3. Adem\u00e1s, explic\u00f3 que en la provincia: \u201cTenemos m\u00e1s de 3.200 estudiantes en escuelas integrales y hay m\u00e1s de 2.000 estudiantes que est\u00e1n en escuelas comunes haciendo la trayectoria y tambi\u00e9n con procesos de inclusi\u00f3n\u201d.<\/p>\n<p>Por su parte, la supervisora de Educaci\u00f3n Especial del departamento Diamante y directora del Centro Integral N\u00b0 4, <strong>Judit Ram\u00edrez<\/strong>, realiz\u00f3 una rese\u00f1a hist\u00f3rica de la instituci\u00f3n. En ese sentido, enfatiz\u00f3 en la situaci\u00f3n actual y la propuesta de trasladar la instituci\u00f3n a Valle Mar\u00eda: \u201cEl 28 de marzo de este a\u00f1o se firma el convenio de cooperaci\u00f3n mutua entre autoridades del gobierno municipal de Valle Mar\u00eda y autoridades educativas, que rubrica los acuerdos de cooperaci\u00f3n, de trabajo en conjunto, de articulaci\u00f3n con los organismos de la comunidad\u201d, explic\u00f3. Adem\u00e1s, expres\u00f3: \u201cHoy, a 60 a\u00f1os de su creaci\u00f3n, el Centro Educativo Integral N\u00ba 4 inicia un nuevo cap\u00edtulo de su historia en esta localidad, inaugurando el ciclo lectivo a pocos de cumplirse su aniversario en un espacio que ofrecer\u00e1 atenci\u00f3n educativa integral a ni\u00f1os, adolescentes, j\u00f3venes y adultos con discapacidad y ofreciendo a toda la comunidad un futuro m\u00e1s inclusivo\u201d.<\/p>\n<h2><strong>Placa conmemorativa<\/strong><\/h2>\n<p>Durante el acto, la vicegobernadora Aluani junto al senador Gustavo Vergara descubrieron una placa conmemorativa de la C\u00e1mara de Senadores de la provincia de Entre R\u00edos \u201ccon motivo de la inauguraci\u00f3n del nuevo edificio de educaci\u00f3n especial y de contenci\u00f3n para ni\u00f1os, adolescentes, j\u00f3venes y adultos\u201d.<\/p>\n<h6><em><strong>Del archivo:\u00a0<a href=\"https:\/\/informelitoral.com.ar\/entre-rios-el-precio-de-los-cultivos-no-sigue-el-ritmo-de-los-costos\/\" target=\"_blank\" rel=\"noopener\">Entre R\u00edos: el precio de los cultivos no sigue el ritmo de los costos<\/a><\/strong><\/em><\/h6>\n","protected":false},"excerpt":{"rendered":"<p>La vicegobernadora Alicia Aluani particip\u00f3 del acto de inauguraci\u00f3n de las nuevas instalaciones del Centro Educativo Integral N\u00ba 4 \u201cEnrique de Vedia\u201d de la localidad de Valle Mar\u00eda, departamento Diamante. El evento se realiz\u00f3 en el marco del 60\u00ba aniversario de la instituci\u00f3n.<\/p>\n","protected":false},"author":2,"featured_media":217710,"comment_status":"open","ping_status":"open","sticky":false,"template":"","format":"standard","meta":{"fifu_image_url":"","fifu_image_alt":"","footnotes":""},"categories":[16],"tags":[4462,287,464,5305],"class_list":{"0":"post-217709","1":"post","2":"type-post","3":"status-publish","4":"format-standard","5":"has-post-thumbnail","7":"category-politi","8":"tag-alicia-aluani","9":"tag-legislativas","10":"tag-senado","11":"tag-vicegobernadora"},"yoast_head":"<title>Aluani encabez\u00f3 la inauguraci\u00f3n del nuevo espacio del Centro Educativo Integral N\u00ba 4 de Valle Mar\u00eda - Informe Litoral<\/title>\n<meta name=\"robots\" content=\"index, follow, max-snippet:-1, max-image-preview:large, max-video-preview:-1\" \/>\n<link rel=\"canonical\" href=\"https:\/\/informelitoral.com.ar\/aluani-encabezo-la-inauguracion-del-nuevo-espacio-del-centro-educativo-integral-no-4-de-valle-maria\/\" \/>\n<meta property=\"og:locale\" content=\"es_ES\" \/>\n<meta property=\"og:type\" content=\"article\" \/>\n<meta property=\"og:title\" content=\"Aluani encabez\u00f3 la inauguraci\u00f3n del nuevo espacio del Centro Educativo Integral N\u00ba 4 de Valle Mar\u00eda - Informe Litoral\" \/>\n<meta property=\"og:description\" content=\"La vicegobernadora Alicia Aluani particip\u00f3 del acto de inauguraci\u00f3n de las nuevas instalaciones del Centro Educativo Integral N\u00ba 4 \u201cEnrique de Vedia\u201d de la localidad de Valle Mar\u00eda, departamento Diamante. El evento se realiz\u00f3 en el marco del 60\u00ba aniversario de la instituci\u00f3n.\" \/>\n<meta property=\"og:url\" content=\"https:\/\/informelitoral.com.ar\/aluani-encabezo-la-inauguracion-del-nuevo-espacio-del-centro-educativo-integral-no-4-de-valle-maria\/\" \/>\n<meta property=\"og:site_name\" content=\"Informe Litoral\" \/>\n<meta property=\"article:publisher\" content=\"https:\/\/www.facebook.com\/informelitoral\/\" \/>\n<meta property=\"article:published_time\" content=\"2025-04-09T10:28:58+00:00\" \/>\n<meta property=\"og:image\" content=\"https:\/\/informelitoral.com.ar\/%77%70%2d%63%6f%6e%74%65%6e%74\/uploads\/2025\/04\/WhatsApp-Image-2025-04-08-at-12.13.24-860x573-1.jpeg\" \/>\n\t<meta property=\"og:image:width\" content=\"860\" \/>\n\t<meta property=\"og:image:height\" content=\"573\" \/>\n\t<meta property=\"og:image:type\" content=\"image\/jpeg\" \/>\n<meta name=\"author\" content=\"Gonzalo Schmidt\" \/>\n<meta name=\"twitter:card\" content=\"summary_large_image\" \/>\n<meta name=\"twitter:creator\" content=\"@InformeLitoral\" \/>\n<meta name=\"twitter:site\" content=\"@InformeLitoral\" \/>\n<meta name=\"twitter:label1\" content=\"Escrito por\" \/>\n\t<meta name=\"twitter:data1\" content=\"Gonzalo Schmidt\" \/>\n\t<meta name=\"twitter:label2\" content=\"Tiempo de lectura\" \/>\n\t<meta name=\"twitter:data2\" content=\"4 minutos\" \/>\n<script type=\"application\/ld+json\" class=\"yoast-schema-graph\">{\"@context\":\"https:\\\/\\\/schema.org\",\"@graph\":[{\"@type\":\"Article\",\"@id\":\"https:\\\/\\\/informelitoral.com.ar\\\/aluani-encabezo-la-inauguracion-del-nuevo-espacio-del-centro-educativo-integral-no-4-de-valle-maria\\\/#article\",\"isPartOf\":{\"@id\":\"https:\\\/\\\/informelitoral.com.ar\\\/aluani-encabezo-la-inauguracion-del-nuevo-espacio-del-centro-educativo-integral-no-4-de-valle-maria\\\/\"},\"author\":{\"name\":\"Gonzalo Schmidt\",\"@id\":\"https:\\\/\\\/informelitoral.com.ar\\\/#\\\/schema\\\/person\\\/b9d00407c836482871ef1d57bf8e3180\"},\"headline\":\"Aluani encabez\u00f3 la inauguraci\u00f3n del nuevo espacio del Centro Educativo Integral N\u00ba 4 de Valle Mar\u00eda\",\"datePublished\":\"2025-04-09T10:28:58+00:00\",\"mainEntityOfPage\":{\"@id\":\"https:\\\/\\\/informelitoral.com.ar\\\/aluani-encabezo-la-inauguracion-del-nuevo-espacio-del-centro-educativo-integral-no-4-de-valle-maria\\\/\"},\"wordCount\":916,\"commentCount\":0,\"publisher\":{\"@id\":\"https:\\\/\\\/informelitoral.com.ar\\\/#organization\"},\"image\":{\"@id\":\"https:\\\/\\\/informelitoral.com.ar\\\/aluani-encabezo-la-inauguracion-del-nuevo-espacio-del-centro-educativo-integral-no-4-de-valle-maria\\\/#primaryimage\"},\"thumbnailUrl\":\"https:\\\/\\\/informelitoral.com.ar\\\/%77%70%2d%63%6f%6e%74%65%6e%74\\\/uploads\\\/2025\\\/04\\\/WhatsApp-Image-2025-04-08-at-12.13.24-860x573-1.jpeg\",\"keywords\":[\"Alicia Aluani\",\"Legislativas\",\"Senado\",\"Vicegobernadora\"],\"articleSection\":[\"Politica\"],\"inLanguage\":\"es\",\"potentialAction\":[{\"@type\":\"CommentAction\",\"name\":\"Comment\",\"target\":[\"https:\\\/\\\/informelitoral.com.ar\\\/aluani-encabezo-la-inauguracion-del-nuevo-espacio-del-centro-educativo-integral-no-4-de-valle-maria\\\/#respond\"]}]},{\"@type\":\"WebPage\",\"@id\":\"https:\\\/\\\/informelitoral.com.ar\\\/aluani-encabezo-la-inauguracion-del-nuevo-espacio-del-centro-educativo-integral-no-4-de-valle-maria\\\/\",\"url\":\"https:\\\/\\\/informelitoral.com.ar\\\/aluani-encabezo-la-inauguracion-del-nuevo-espacio-del-centro-educativo-integral-no-4-de-valle-maria\\\/\",\"name\":\"Aluani encabez\u00f3 la inauguraci\u00f3n del nuevo espacio del Centro Educativo Integral N\u00ba 4 de Valle Mar\u00eda - Informe Litoral\",\"isPartOf\":{\"@id\":\"https:\\\/\\\/informelitoral.com.ar\\\/#website\"},\"primaryImageOfPage\":{\"@id\":\"https:\\\/\\\/informelitoral.com.ar\\\/aluani-encabezo-la-inauguracion-del-nuevo-espacio-del-centro-educativo-integral-no-4-de-valle-maria\\\/#primaryimage\"},\"image\":{\"@id\":\"https:\\\/\\\/informelitoral.com.ar\\\/aluani-encabezo-la-inauguracion-del-nuevo-espacio-del-centro-educativo-integral-no-4-de-valle-maria\\\/#primaryimage\"},\"thumbnailUrl\":\"https:\\\/\\\/informelitoral.com.ar\\\/%77%70%2d%63%6f%6e%74%65%6e%74\\\/uploads\\\/2025\\\/04\\\/WhatsApp-Image-2025-04-08-at-12.13.24-860x573-1.jpeg\",\"datePublished\":\"2025-04-09T10:28:58+00:00\",\"breadcrumb\":{\"@id\":\"https:\\\/\\\/informelitoral.com.ar\\\/aluani-encabezo-la-inauguracion-del-nuevo-espacio-del-centro-educativo-integral-no-4-de-valle-maria\\\/#breadcrumb\"},\"inLanguage\":\"es\",\"potentialAction\":[{\"@type\":\"ReadAction\",\"target\":[\"https:\\\/\\\/informelitoral.com.ar\\\/aluani-encabezo-la-inauguracion-del-nuevo-espacio-del-centro-educativo-integral-no-4-de-valle-maria\\\/\"]}]},{\"@type\":\"ImageObject\",\"inLanguage\":\"es\",\"@id\":\"https:\\\/\\\/informelitoral.com.ar\\\/aluani-encabezo-la-inauguracion-del-nuevo-espacio-del-centro-educativo-integral-no-4-de-valle-maria\\\/#primaryimage\",\"url\":\"https:\\\/\\\/informelitoral.com.ar\\\/%77%70%2d%63%6f%6e%74%65%6e%74\\\/uploads\\\/2025\\\/04\\\/WhatsApp-Image-2025-04-08-at-12.13.24-860x573-1.jpeg\",\"contentUrl\":\"https:\\\/\\\/informelitoral.com.ar\\\/%77%70%2d%63%6f%6e%74%65%6e%74\\\/uploads\\\/2025\\\/04\\\/WhatsApp-Image-2025-04-08-at-12.13.24-860x573-1.jpeg\",\"width\":860,\"height\":573},{\"@type\":\"BreadcrumbList\",\"@id\":\"https:\\\/\\\/informelitoral.com.ar\\\/aluani-encabezo-la-inauguracion-del-nuevo-espacio-del-centro-educativo-integral-no-4-de-valle-maria\\\/#breadcrumb\",\"itemListElement\":[{\"@type\":\"ListItem\",\"position\":1,\"name\":\"Portada\",\"item\":\"https:\\\/\\\/informelitoral.com.ar\\\/\"},{\"@type\":\"ListItem\",\"position\":2,\"name\":\"Aluani encabez\u00f3 la inauguraci\u00f3n del nuevo espacio del Centro Educativo Integral N\u00ba 4 de Valle Mar\u00eda\"}]},{\"@type\":\"WebSite\",\"@id\":\"https:\\\/\\\/informelitoral.com.ar\\\/#website\",\"url\":\"https:\\\/\\\/informelitoral.com.ar\\\/\",\"name\":\"Informe Litoral\",\"description\":\"&quot;Nos informamos&quot; \",\"publisher\":{\"@id\":\"https:\\\/\\\/informelitoral.com.ar\\\/#organization\"},\"potentialAction\":[{\"@type\":\"SearchAction\",\"target\":{\"@type\":\"EntryPoint\",\"urlTemplate\":\"https:\\\/\\\/informelitoral.com.ar\\\/?s={search_term_string}\"},\"query-input\":{\"@type\":\"PropertyValueSpecification\",\"valueRequired\":true,\"valueName\":\"search_term_string\"}}],\"inLanguage\":\"es\"},{\"@type\":\"Organization\",\"@id\":\"https:\\\/\\\/informelitoral.com.ar\\\/#organization\",\"name\":\"Informe Litoral\",\"url\":\"https:\\\/\\\/informelitoral.com.ar\\\/\",\"logo\":{\"@type\":\"ImageObject\",\"inLanguage\":\"es\",\"@id\":\"https:\\\/\\\/informelitoral.com.ar\\\/#\\\/schema\\\/logo\\\/image\\\/\",\"url\":\"https:\\\/\\\/informelitoral.com.ar\\\/%77%70%2d%63%6f%6e%74%65%6e%74\\\/uploads\\\/2021\\\/01\\\/circulo.png\",\"contentUrl\":\"https:\\\/\\\/informelitoral.com.ar\\\/%77%70%2d%63%6f%6e%74%65%6e%74\\\/uploads\\\/2021\\\/01\\\/circulo.png\",\"width\":723,\"height\":731,\"caption\":\"Informe Litoral\"},\"image\":{\"@id\":\"https:\\\/\\\/informelitoral.com.ar\\\/#\\\/schema\\\/logo\\\/image\\\/\"},\"sameAs\":[\"https:\\\/\\\/www.facebook.com\\\/informelitoral\\\/\",\"https:\\\/\\\/x.com\\\/InformeLitoral\",\"https:\\\/\\\/www.instagram.com\\\/informelitoral\\\/\",\"https:\\\/\\\/www.youtube.com\\\/channel\\\/UCua4Qvz8Icb6MYqhoq9xLXw\"]},{\"@type\":\"Person\",\"@id\":\"https:\\\/\\\/informelitoral.com.ar\\\/#\\\/schema\\\/person\\\/b9d00407c836482871ef1d57bf8e3180\",\"name\":\"Gonzalo Schmidt\",\"image\":{\"@type\":\"ImageObject\",\"inLanguage\":\"es\",\"@id\":\"https:\\\/\\\/secure.gravatar.com\\\/avatar\\\/31a1a7b66ff2de83bd0e9fd79d026630d2d99e55e8bfe501287647b4fd9743de?s=96&d=mm&r=g\",\"url\":\"https:\\\/\\\/secure.gravatar.com\\\/avatar\\\/31a1a7b66ff2de83bd0e9fd79d026630d2d99e55e8bfe501287647b4fd9743de?s=96&d=mm&r=g\",\"contentUrl\":\"https:\\\/\\\/secure.gravatar.com\\\/avatar\\\/31a1a7b66ff2de83bd0e9fd79d026630d2d99e55e8bfe501287647b4fd9743de?s=96&d=mm&r=g\",\"caption\":\"Gonzalo Schmidt\"},\"description\":\"Sitio web de noticias de la provincia de Entre R\u00edos, Argentina. Informaci\u00f3n y entretenimiento. Informe Litoral, nos informamos.\",\"sameAs\":[\"http:\\\/\\\/www.isletasnoticias.com.ar\"],\"url\":\"https:\\\/\\\/informelitoral.com.ar\\\/author\\\/gonzalo\\\/\"}]}<\/script>","yoast_head_json":{"title":"Aluani encabez\u00f3 la inauguraci\u00f3n del nuevo espacio del Centro Educativo Integral N\u00ba 4 de Valle Mar\u00eda - Informe Litoral","robots":{"index":"index","follow":"follow","max-snippet":"max-snippet:-1","max-image-preview":"max-image-preview:large","max-video-preview":"max-video-preview:-1"},"canonical":"https:\/\/informelitoral.com.ar\/aluani-encabezo-la-inauguracion-del-nuevo-espacio-del-centro-educativo-integral-no-4-de-valle-maria\/","og_locale":"es_ES","og_type":"article","og_title":"Aluani encabez\u00f3 la inauguraci\u00f3n del nuevo espacio del Centro Educativo Integral N\u00ba 4 de Valle Mar\u00eda - Informe Litoral","og_description":"La vicegobernadora Alicia Aluani particip\u00f3 del acto de inauguraci\u00f3n de las nuevas instalaciones del Centro Educativo Integral N\u00ba 4 \u201cEnrique de Vedia\u201d de la localidad de Valle Mar\u00eda, departamento Diamante. El evento se realiz\u00f3 en el marco del 60\u00ba aniversario de la instituci\u00f3n.","og_url":"https:\/\/informelitoral.com.ar\/aluani-encabezo-la-inauguracion-del-nuevo-espacio-del-centro-educativo-integral-no-4-de-valle-maria\/","og_site_name":"Informe Litoral","article_publisher":"https:\/\/www.facebook.com\/informelitoral\/","article_published_time":"2025-04-09T10:28:58+00:00","og_image":[{"width":860,"height":573,"url":"https:\/\/informelitoral.com.ar\/%77%70%2d%63%6f%6e%74%65%6e%74\/uploads\/2025\/04\/WhatsApp-Image-2025-04-08-at-12.13.24-860x573-1.jpeg","type":"image\/jpeg"}],"author":"Gonzalo Schmidt","twitter_card":"summary_large_image","twitter_creator":"@InformeLitoral","twitter_site":"@InformeLitoral","twitter_misc":{"Escrito por":"Gonzalo Schmidt","Tiempo de lectura":"4 minutos"},"schema":{"@context":"https:\/\/schema.org","@graph":[{"@type":"Article","@id":"https:\/\/informelitoral.com.ar\/aluani-encabezo-la-inauguracion-del-nuevo-espacio-del-centro-educativo-integral-no-4-de-valle-maria\/#article","isPartOf":{"@id":"https:\/\/informelitoral.com.ar\/aluani-encabezo-la-inauguracion-del-nuevo-espacio-del-centro-educativo-integral-no-4-de-valle-maria\/"},"author":{"name":"Gonzalo Schmidt","@id":"https:\/\/informelitoral.com.ar\/#\/schema\/person\/b9d00407c836482871ef1d57bf8e3180"},"headline":"Aluani encabez\u00f3 la inauguraci\u00f3n del nuevo espacio del Centro Educativo Integral N\u00ba 4 de Valle Mar\u00eda","datePublished":"2025-04-09T10:28:58+00:00","mainEntityOfPage":{"@id":"https:\/\/informelitoral.com.ar\/aluani-encabezo-la-inauguracion-del-nuevo-espacio-del-centro-educativo-integral-no-4-de-valle-maria\/"},"wordCount":916,"commentCount":0,"publisher":{"@id":"https:\/\/informelitoral.com.ar\/#organization"},"image":{"@id":"https:\/\/informelitoral.com.ar\/aluani-encabezo-la-inauguracion-del-nuevo-espacio-del-centro-educativo-integral-no-4-de-valle-maria\/#primaryimage"},"thumbnailUrl":"https:\/\/informelitoral.com.ar\/%77%70%2d%63%6f%6e%74%65%6e%74\/uploads\/2025\/04\/WhatsApp-Image-2025-04-08-at-12.13.24-860x573-1.jpeg","keywords":["Alicia Aluani","Legislativas","Senado","Vicegobernadora"],"articleSection":["Politica"],"inLanguage":"es","potentialAction":[{"@type":"CommentAction","name":"Comment","target":["https:\/\/informelitoral.com.ar\/aluani-encabezo-la-inauguracion-del-nuevo-espacio-del-centro-educativo-integral-no-4-de-valle-maria\/#respond"]}]},{"@type":"WebPage","@id":"https:\/\/informelitoral.com.ar\/aluani-encabezo-la-inauguracion-del-nuevo-espacio-del-centro-educativo-integral-no-4-de-valle-maria\/","url":"https:\/\/informelitoral.com.ar\/aluani-encabezo-la-inauguracion-del-nuevo-espacio-del-centro-educativo-integral-no-4-de-valle-maria\/","name":"Aluani encabez\u00f3 la inauguraci\u00f3n del nuevo espacio del Centro Educativo Integral N\u00ba 4 de Valle Mar\u00eda - Informe Litoral","isPartOf":{"@id":"https:\/\/informelitoral.com.ar\/#website"},"primaryImageOfPage":{"@id":"https:\/\/informelitoral.com.ar\/aluani-encabezo-la-inauguracion-del-nuevo-espacio-del-centro-educativo-integral-no-4-de-valle-maria\/#primaryimage"},"image":{"@id":"https:\/\/informelitoral.com.ar\/aluani-encabezo-la-inauguracion-del-nuevo-espacio-del-centro-educativo-integral-no-4-de-valle-maria\/#primaryimage"},"thumbnailUrl":"https:\/\/informelitoral.com.ar\/%77%70%2d%63%6f%6e%74%65%6e%74\/uploads\/2025\/04\/WhatsApp-Image-2025-04-08-at-12.13.24-860x573-1.jpeg","datePublished":"2025-04-09T10:28:58+00:00","breadcrumb":{"@id":"https:\/\/informelitoral.com.ar\/aluani-encabezo-la-inauguracion-del-nuevo-espacio-del-centro-educativo-integral-no-4-de-valle-maria\/#breadcrumb"},"inLanguage":"es","potentialAction":[{"@type":"ReadAction","target":["https:\/\/informelitoral.com.ar\/aluani-encabezo-la-inauguracion-del-nuevo-espacio-del-centro-educativo-integral-no-4-de-valle-maria\/"]}]},{"@type":"ImageObject","inLanguage":"es","@id":"https:\/\/informelitoral.com.ar\/aluani-encabezo-la-inauguracion-del-nuevo-espacio-del-centro-educativo-integral-no-4-de-valle-maria\/#primaryimage","url":"https:\/\/informelitoral.com.ar\/%77%70%2d%63%6f%6e%74%65%6e%74\/uploads\/2025\/04\/WhatsApp-Image-2025-04-08-at-12.13.24-860x573-1.jpeg","contentUrl":"https:\/\/informelitoral.com.ar\/%77%70%2d%63%6f%6e%74%65%6e%74\/uploads\/2025\/04\/WhatsApp-Image-2025-04-08-at-12.13.24-860x573-1.jpeg","width":860,"height":573},{"@type":"BreadcrumbList","@id":"https:\/\/informelitoral.com.ar\/aluani-encabezo-la-inauguracion-del-nuevo-espacio-del-centro-educativo-integral-no-4-de-valle-maria\/#breadcrumb","itemListElement":[{"@type":"ListItem","position":1,"name":"Portada","item":"https:\/\/informelitoral.com.ar\/"},{"@type":"ListItem","position":2,"name":"Aluani encabez\u00f3 la inauguraci\u00f3n del nuevo espacio del Centro Educativo Integral N\u00ba 4 de Valle Mar\u00eda"}]},{"@type":"WebSite","@id":"https:\/\/informelitoral.com.ar\/#website","url":"https:\/\/informelitoral.com.ar\/","name":"Informe Litoral","description":"&quot;Nos informamos&quot; ","publisher":{"@id":"https:\/\/informelitoral.com.ar\/#organization"},"potentialAction":[{"@type":"SearchAction","target":{"@type":"EntryPoint","urlTemplate":"https:\/\/informelitoral.com.ar\/?s={search_term_string}"},"query-input":{"@type":"PropertyValueSpecification","valueRequired":true,"valueName":"search_term_string"}}],"inLanguage":"es"},{"@type":"Organization","@id":"https:\/\/informelitoral.com.ar\/#organization","name":"Informe Litoral","url":"https:\/\/informelitoral.com.ar\/","logo":{"@type":"ImageObject","inLanguage":"es","@id":"https:\/\/informelitoral.com.ar\/#\/schema\/logo\/image\/","url":"https:\/\/informelitoral.com.ar\/%77%70%2d%63%6f%6e%74%65%6e%74\/uploads\/2021\/01\/circulo.png","contentUrl":"https:\/\/informelitoral.com.ar\/%77%70%2d%63%6f%6e%74%65%6e%74\/uploads\/2021\/01\/circulo.png","width":723,"height":731,"caption":"Informe Litoral"},"image":{"@id":"https:\/\/informelitoral.com.ar\/#\/schema\/logo\/image\/"},"sameAs":["https:\/\/www.facebook.com\/informelitoral\/","https:\/\/x.com\/InformeLitoral","https:\/\/www.instagram.com\/informelitoral\/","https:\/\/www.youtube.com\/channel\/UCua4Qvz8Icb6MYqhoq9xLXw"]},{"@type":"Person","@id":"https:\/\/informelitoral.com.ar\/#\/schema\/person\/b9d00407c836482871ef1d57bf8e3180","name":"Gonzalo Schmidt","image":{"@type":"ImageObject","inLanguage":"es","@id":"https:\/\/secure.gravatar.com\/avatar\/31a1a7b66ff2de83bd0e9fd79d026630d2d99e55e8bfe501287647b4fd9743de?s=96&d=mm&r=g","url":"https:\/\/secure.gravatar.com\/avatar\/31a1a7b66ff2de83bd0e9fd79d026630d2d99e55e8bfe501287647b4fd9743de?s=96&d=mm&r=g","contentUrl":"https:\/\/secure.gravatar.com\/avatar\/31a1a7b66ff2de83bd0e9fd79d026630d2d99e55e8bfe501287647b4fd9743de?s=96&d=mm&r=g","caption":"Gonzalo Schmidt"},"description":"Sitio web de noticias de la provincia de Entre R\u00edos, Argentina. Informaci\u00f3n y entretenimiento. Informe Litoral, nos informamos.","sameAs":["http:\/\/www.isletasnoticias.com.ar"],"url":"https:\/\/informelitoral.com.ar\/author\/gonzalo\/"}]}},"_links":{"self":[{"href":"https:\/\/informelitoral.com.ar\/%77%70%2d%6a%73%6f%6e\/wp\/v2\/posts\/217709","targetHints":{"allow":["GET"]}}],"collection":[{"href":"https:\/\/informelitoral.com.ar\/%77%70%2d%6a%73%6f%6e\/wp\/v2\/posts"}],"about":[{"href":"https:\/\/informelitoral.com.ar\/%77%70%2d%6a%73%6f%6e\/wp\/v2\/types\/post"}],"author":[{"embeddable":true,"href":"https:\/\/informelitoral.com.ar\/%77%70%2d%6a%73%6f%6e\/wp\/v2\/users\/2"}],"replies":[{"embeddable":true,"href":"https:\/\/informelitoral.com.ar\/%77%70%2d%6a%73%6f%6e\/wp\/v2\/comments?post=217709"}],"version-history":[{"count":0,"href":"https:\/\/informelitoral.com.ar\/%77%70%2d%6a%73%6f%6e\/wp\/v2\/posts\/217709\/revisions"}],"wp:featuredmedia":[{"embeddable":true,"href":"https:\/\/informelitoral.com.ar\/%77%70%2d%6a%73%6f%6e\/wp\/v2\/media\/217710"}],"wp:attachment":[{"href":"https:\/\/informelitoral.com.ar\/%77%70%2d%6a%73%6f%6e\/wp\/v2\/media?parent=217709"}],"wp:term":[{"taxonomy":"category","embeddable":true,"href":"https:\/\/informelitoral.com.ar\/%77%70%2d%6a%73%6f%6e\/wp\/v2\/categories?post=217709"},{"taxonomy":"post_tag","embeddable":true,"href":"https:\/\/informelitoral.com.ar\/%77%70%2d%6a%73%6f%6e\/wp\/v2\/tags?post=217709"}],"curies":[{"name":"wp","href":"https:\/\/api.w.org\/{rel}","templated":true}]}}