{"id":217634,"date":"2025-04-08T09:33:03","date_gmt":"2025-04-08T12:33:03","guid":{"rendered":"https:\/\/informelitoral.com.ar\/?p=217634"},"modified":"2025-04-09T06:42:34","modified_gmt":"2025-04-09T09:42:34","slug":"trabajadores-del-iosper-adhieren-al-paro-nacional-sin-desatender-servicios-esenciales","status":"publish","type":"post","link":"https:\/\/informelitoral.com.ar\/trabajadores-del-iosper-adhieren-al-paro-nacional-sin-desatender-servicios-esenciales\/","title":{"rendered":"Trabajadores del Iosper adhieren al paro nacional sin desatender servicios esenciales"},"content":{"rendered":"<p>\u201cCompartimos las consignas en defensa de los derechos laborales, los salarios y las fuentes de trabajo, y en rechazo al brutal ajuste que est\u00e1 llevando adelante el gobierno nacional, la represi\u00f3n hacia los jubilados y las pol\u00edticas econ\u00f3micas que afectan directamente a los trabajadores\u201d, sostuvieron.<\/p>\n<p>La adhesi\u00f3n de los trabajadores del <strong>Iosper<\/strong> ser\u00e1 sin concurrencia a los lugares de trabajo, pero se procurar\u00e1 no desatender las labores esenciales que se prestan a los afiliados del Instituto, \u201cbuscando el equilibrio entre el derecho a la protesta y el compromiso con las tareas que se desarrollan dentro de la obra social\u201d, indicaron en un comunicado enviado a esta Agencia.<\/p>\n<p>La notificaci\u00f3n correspondiente fue formalmente presentada ante el Interventor del Instituto de Obra Social de la Provincia de Entre R\u00edos, Mariano Gallegos, este lunes 7 de abril, indicaron desde el sindicato.(<em>APF Digital<\/em>)<\/p>\n<h6><em><strong>Te puede interesar:\u00a0<a href=\"https:\/\/informelitoral.com.ar\/paro-de-la-cgt-como-va-a-impactar-en-entre-r\/\" target=\"_blank\" rel=\"noopener\">Paro de la CGT: c\u00f3mo va a impactar en Entre R\u00edos<\/a><\/strong><\/em><\/h6>\n","protected":false},"excerpt":{"rendered":"<p> Se comprometieron a garantizar la atenci\u00f3n de las tareas esenciales para los afiliados, \u201cpriorizando el equilibrio entre el derecho a la protesta y el compromiso con la obra social\u201d.<\/p>\n","protected":false},"author":8,"featured_media":44015,"comment_status":"open","ping_status":"open","sticky":false,"template":"","format":"standard","meta":{"fifu_image_url":"","fifu_image_alt":"","footnotes":""},"categories":[6],"tags":[604,65],"class_list":{"0":"post-217634","1":"post","2":"type-post","3":"status-publish","4":"format-standard","5":"has-post-thumbnail","7":"category-entre-rios","8":"tag-iosper","9":"tag-paro"},"yoast_head":"<title>Trabajadores del Iosper adhieren al paro nacional sin desatender servicios esenciales - Informe Litoral<\/title>\n<meta name=\"robots\" content=\"index, follow, max-snippet:-1, max-image-preview:large, max-video-preview:-1\" \/>\n<link rel=\"canonical\" href=\"https:\/\/informelitoral.com.ar\/trabajadores-del-iosper-adhieren-al-paro-nacional-sin-desatender-servicios-esenciales\/\" \/>\n<meta property=\"og:locale\" content=\"es_ES\" \/>\n<meta property=\"og:type\" content=\"article\" \/>\n<meta property=\"og:title\" content=\"Trabajadores del Iosper adhieren al paro nacional sin desatender servicios esenciales - Informe Litoral\" \/>\n<meta property=\"og:description\" content=\"Se comprometieron a garantizar la atenci\u00f3n de las tareas esenciales para los afiliados, \u201cpriorizando el equilibrio entre el derecho a la protesta y el compromiso con la obra social\u201d.\" \/>\n<meta property=\"og:url\" content=\"https:\/\/informelitoral.com.ar\/trabajadores-del-iosper-adhieren-al-paro-nacional-sin-desatender-servicios-esenciales\/\" \/>\n<meta property=\"og:site_name\" content=\"Informe Litoral\" \/>\n<meta property=\"article:publisher\" content=\"https:\/\/www.facebook.com\/informelitoral\/\" \/>\n<meta property=\"article:published_time\" content=\"2025-04-08T12:33:03+00:00\" \/>\n<meta property=\"article:modified_time\" content=\"2025-04-09T09:42:34+00:00\" \/>\n<meta property=\"og:image\" content=\"https:\/\/informelitoral.com.ar\/%77%70%2d%63%6f%6e%74%65%6e%74\/uploads\/2020\/06\/Iosper.jpg\" \/>\n\t<meta property=\"og:image:width\" content=\"640\" \/>\n\t<meta property=\"og:image:height\" content=\"360\" \/>\n\t<meta property=\"og:image:type\" content=\"image\/jpeg\" \/>\n<meta name=\"author\" content=\"Sebastian\" \/>\n<meta name=\"twitter:card\" content=\"summary_large_image\" \/>\n<meta name=\"twitter:creator\" content=\"@InformeLitoral\" \/>\n<meta name=\"twitter:site\" content=\"@InformeLitoral\" \/>\n<meta name=\"twitter:label1\" content=\"Escrito por\" \/>\n\t<meta name=\"twitter:data1\" content=\"Sebastian\" \/>\n\t<meta name=\"twitter:label2\" content=\"Tiempo de lectura\" \/>\n\t<meta name=\"twitter:data2\" content=\"1 minuto\" \/>\n<script type=\"application\/ld+json\" class=\"yoast-schema-graph\">{\"@context\":\"https:\\\/\\\/schema.org\",\"@graph\":[{\"@type\":\"Article\",\"@id\":\"https:\\\/\\\/informelitoral.com.ar\\\/trabajadores-del-iosper-adhieren-al-paro-nacional-sin-desatender-servicios-esenciales\\\/#article\",\"isPartOf\":{\"@id\":\"https:\\\/\\\/informelitoral.com.ar\\\/trabajadores-del-iosper-adhieren-al-paro-nacional-sin-desatender-servicios-esenciales\\\/\"},\"author\":{\"name\":\"Sebastian\",\"@id\":\"https:\\\/\\\/informelitoral.com.ar\\\/#\\\/schema\\\/person\\\/f05f9f461677119578717524b127d6d5\"},\"headline\":\"Trabajadores del Iosper adhieren al paro nacional sin desatender servicios esenciales\",\"datePublished\":\"2025-04-08T12:33:03+00:00\",\"dateModified\":\"2025-04-09T09:42:34+00:00\",\"mainEntityOfPage\":{\"@id\":\"https:\\\/\\\/informelitoral.com.ar\\\/trabajadores-del-iosper-adhieren-al-paro-nacional-sin-desatender-servicios-esenciales\\\/\"},\"wordCount\":172,\"commentCount\":0,\"publisher\":{\"@id\":\"https:\\\/\\\/informelitoral.com.ar\\\/#organization\"},\"image\":{\"@id\":\"https:\\\/\\\/informelitoral.com.ar\\\/trabajadores-del-iosper-adhieren-al-paro-nacional-sin-desatender-servicios-esenciales\\\/#primaryimage\"},\"thumbnailUrl\":\"https:\\\/\\\/informelitoral.com.ar\\\/%77%70%2d%63%6f%6e%74%65%6e%74\\\/uploads\\\/2020\\\/06\\\/Iosper.jpg\",\"keywords\":[\"Iosper\",\"Paro\"],\"articleSection\":[\"Entre R\u00edos\"],\"inLanguage\":\"es\",\"potentialAction\":[{\"@type\":\"CommentAction\",\"name\":\"Comment\",\"target\":[\"https:\\\/\\\/informelitoral.com.ar\\\/trabajadores-del-iosper-adhieren-al-paro-nacional-sin-desatender-servicios-esenciales\\\/#respond\"]}]},{\"@type\":\"WebPage\",\"@id\":\"https:\\\/\\\/informelitoral.com.ar\\\/trabajadores-del-iosper-adhieren-al-paro-nacional-sin-desatender-servicios-esenciales\\\/\",\"url\":\"https:\\\/\\\/informelitoral.com.ar\\\/trabajadores-del-iosper-adhieren-al-paro-nacional-sin-desatender-servicios-esenciales\\\/\",\"name\":\"Trabajadores del Iosper adhieren al paro nacional sin desatender servicios esenciales - Informe Litoral\",\"isPartOf\":{\"@id\":\"https:\\\/\\\/informelitoral.com.ar\\\/#website\"},\"primaryImageOfPage\":{\"@id\":\"https:\\\/\\\/informelitoral.com.ar\\\/trabajadores-del-iosper-adhieren-al-paro-nacional-sin-desatender-servicios-esenciales\\\/#primaryimage\"},\"image\":{\"@id\":\"https:\\\/\\\/informelitoral.com.ar\\\/trabajadores-del-iosper-adhieren-al-paro-nacional-sin-desatender-servicios-esenciales\\\/#primaryimage\"},\"thumbnailUrl\":\"https:\\\/\\\/informelitoral.com.ar\\\/%77%70%2d%63%6f%6e%74%65%6e%74\\\/uploads\\\/2020\\\/06\\\/Iosper.jpg\",\"datePublished\":\"2025-04-08T12:33:03+00:00\",\"dateModified\":\"2025-04-09T09:42:34+00:00\",\"breadcrumb\":{\"@id\":\"https:\\\/\\\/informelitoral.com.ar\\\/trabajadores-del-iosper-adhieren-al-paro-nacional-sin-desatender-servicios-esenciales\\\/#breadcrumb\"},\"inLanguage\":\"es\",\"potentialAction\":[{\"@type\":\"ReadAction\",\"target\":[\"https:\\\/\\\/informelitoral.com.ar\\\/trabajadores-del-iosper-adhieren-al-paro-nacional-sin-desatender-servicios-esenciales\\\/\"]}]},{\"@type\":\"ImageObject\",\"inLanguage\":\"es\",\"@id\":\"https:\\\/\\\/informelitoral.com.ar\\\/trabajadores-del-iosper-adhieren-al-paro-nacional-sin-desatender-servicios-esenciales\\\/#primaryimage\",\"url\":\"https:\\\/\\\/informelitoral.com.ar\\\/%77%70%2d%63%6f%6e%74%65%6e%74\\\/uploads\\\/2020\\\/06\\\/Iosper.jpg\",\"contentUrl\":\"https:\\\/\\\/informelitoral.com.ar\\\/%77%70%2d%63%6f%6e%74%65%6e%74\\\/uploads\\\/2020\\\/06\\\/Iosper.jpg\",\"width\":640,\"height\":360},{\"@type\":\"BreadcrumbList\",\"@id\":\"https:\\\/\\\/informelitoral.com.ar\\\/trabajadores-del-iosper-adhieren-al-paro-nacional-sin-desatender-servicios-esenciales\\\/#breadcrumb\",\"itemListElement\":[{\"@type\":\"ListItem\",\"position\":1,\"name\":\"Portada\",\"item\":\"https:\\\/\\\/informelitoral.com.ar\\\/\"},{\"@type\":\"ListItem\",\"position\":2,\"name\":\"Trabajadores del Iosper adhieren al paro nacional sin desatender servicios esenciales\"}]},{\"@type\":\"WebSite\",\"@id\":\"https:\\\/\\\/informelitoral.com.ar\\\/#website\",\"url\":\"https:\\\/\\\/informelitoral.com.ar\\\/\",\"name\":\"Informe Litoral\",\"description\":\"&quot;Nos informamos&quot; \",\"publisher\":{\"@id\":\"https:\\\/\\\/informelitoral.com.ar\\\/#organization\"},\"potentialAction\":[{\"@type\":\"SearchAction\",\"target\":{\"@type\":\"EntryPoint\",\"urlTemplate\":\"https:\\\/\\\/informelitoral.com.ar\\\/?s={search_term_string}\"},\"query-input\":{\"@type\":\"PropertyValueSpecification\",\"valueRequired\":true,\"valueName\":\"search_term_string\"}}],\"inLanguage\":\"es\"},{\"@type\":\"Organization\",\"@id\":\"https:\\\/\\\/informelitoral.com.ar\\\/#organization\",\"name\":\"Informe Litoral\",\"url\":\"https:\\\/\\\/informelitoral.com.ar\\\/\",\"logo\":{\"@type\":\"ImageObject\",\"inLanguage\":\"es\",\"@id\":\"https:\\\/\\\/informelitoral.com.ar\\\/#\\\/schema\\\/logo\\\/image\\\/\",\"url\":\"https:\\\/\\\/informelitoral.com.ar\\\/%77%70%2d%63%6f%6e%74%65%6e%74\\\/uploads\\\/2021\\\/01\\\/circulo.png\",\"contentUrl\":\"https:\\\/\\\/informelitoral.com.ar\\\/%77%70%2d%63%6f%6e%74%65%6e%74\\\/uploads\\\/2021\\\/01\\\/circulo.png\",\"width\":723,\"height\":731,\"caption\":\"Informe Litoral\"},\"image\":{\"@id\":\"https:\\\/\\\/informelitoral.com.ar\\\/#\\\/schema\\\/logo\\\/image\\\/\"},\"sameAs\":[\"https:\\\/\\\/www.facebook.com\\\/informelitoral\\\/\",\"https:\\\/\\\/x.com\\\/InformeLitoral\",\"https:\\\/\\\/www.instagram.com\\\/informelitoral\\\/\",\"https:\\\/\\\/www.youtube.com\\\/channel\\\/UCua4Qvz8Icb6MYqhoq9xLXw\"]},{\"@type\":\"Person\",\"@id\":\"https:\\\/\\\/informelitoral.com.ar\\\/#\\\/schema\\\/person\\\/f05f9f461677119578717524b127d6d5\",\"name\":\"Sebastian\",\"image\":{\"@type\":\"ImageObject\",\"inLanguage\":\"es\",\"@id\":\"https:\\\/\\\/secure.gravatar.com\\\/avatar\\\/b71bf7481d447dfb9583c7f2798e7cc64de6efb9067b74633ed8c31059a3bd82?s=96&d=mm&r=g\",\"url\":\"https:\\\/\\\/secure.gravatar.com\\\/avatar\\\/b71bf7481d447dfb9583c7f2798e7cc64de6efb9067b74633ed8c31059a3bd82?s=96&d=mm&r=g\",\"contentUrl\":\"https:\\\/\\\/secure.gravatar.com\\\/avatar\\\/b71bf7481d447dfb9583c7f2798e7cc64de6efb9067b74633ed8c31059a3bd82?s=96&d=mm&r=g\",\"caption\":\"Sebastian\"},\"url\":\"https:\\\/\\\/informelitoral.com.ar\\\/author\\\/sebastian\\\/\"}]}<\/script>","yoast_head_json":{"title":"Trabajadores del Iosper adhieren al paro nacional sin desatender servicios esenciales - Informe Litoral","robots":{"index":"index","follow":"follow","max-snippet":"max-snippet:-1","max-image-preview":"max-image-preview:large","max-video-preview":"max-video-preview:-1"},"canonical":"https:\/\/informelitoral.com.ar\/trabajadores-del-iosper-adhieren-al-paro-nacional-sin-desatender-servicios-esenciales\/","og_locale":"es_ES","og_type":"article","og_title":"Trabajadores del Iosper adhieren al paro nacional sin desatender servicios esenciales - Informe Litoral","og_description":"Se comprometieron a garantizar la atenci\u00f3n de las tareas esenciales para los afiliados, \u201cpriorizando el equilibrio entre el derecho a la protesta y el compromiso con la obra social\u201d.","og_url":"https:\/\/informelitoral.com.ar\/trabajadores-del-iosper-adhieren-al-paro-nacional-sin-desatender-servicios-esenciales\/","og_site_name":"Informe Litoral","article_publisher":"https:\/\/www.facebook.com\/informelitoral\/","article_published_time":"2025-04-08T12:33:03+00:00","article_modified_time":"2025-04-09T09:42:34+00:00","og_image":[{"width":640,"height":360,"url":"https:\/\/informelitoral.com.ar\/%77%70%2d%63%6f%6e%74%65%6e%74\/uploads\/2020\/06\/Iosper.jpg","type":"image\/jpeg"}],"author":"Sebastian","twitter_card":"summary_large_image","twitter_creator":"@InformeLitoral","twitter_site":"@InformeLitoral","twitter_misc":{"Escrito por":"Sebastian","Tiempo de lectura":"1 minuto"},"schema":{"@context":"https:\/\/schema.org","@graph":[{"@type":"Article","@id":"https:\/\/informelitoral.com.ar\/trabajadores-del-iosper-adhieren-al-paro-nacional-sin-desatender-servicios-esenciales\/#article","isPartOf":{"@id":"https:\/\/informelitoral.com.ar\/trabajadores-del-iosper-adhieren-al-paro-nacional-sin-desatender-servicios-esenciales\/"},"author":{"name":"Sebastian","@id":"https:\/\/informelitoral.com.ar\/#\/schema\/person\/f05f9f461677119578717524b127d6d5"},"headline":"Trabajadores del Iosper adhieren al paro nacional sin desatender servicios esenciales","datePublished":"2025-04-08T12:33:03+00:00","dateModified":"2025-04-09T09:42:34+00:00","mainEntityOfPage":{"@id":"https:\/\/informelitoral.com.ar\/trabajadores-del-iosper-adhieren-al-paro-nacional-sin-desatender-servicios-esenciales\/"},"wordCount":172,"commentCount":0,"publisher":{"@id":"https:\/\/informelitoral.com.ar\/#organization"},"image":{"@id":"https:\/\/informelitoral.com.ar\/trabajadores-del-iosper-adhieren-al-paro-nacional-sin-desatender-servicios-esenciales\/#primaryimage"},"thumbnailUrl":"https:\/\/informelitoral.com.ar\/%77%70%2d%63%6f%6e%74%65%6e%74\/uploads\/2020\/06\/Iosper.jpg","keywords":["Iosper","Paro"],"articleSection":["Entre R\u00edos"],"inLanguage":"es","potentialAction":[{"@type":"CommentAction","name":"Comment","target":["https:\/\/informelitoral.com.ar\/trabajadores-del-iosper-adhieren-al-paro-nacional-sin-desatender-servicios-esenciales\/#respond"]}]},{"@type":"WebPage","@id":"https:\/\/informelitoral.com.ar\/trabajadores-del-iosper-adhieren-al-paro-nacional-sin-desatender-servicios-esenciales\/","url":"https:\/\/informelitoral.com.ar\/trabajadores-del-iosper-adhieren-al-paro-nacional-sin-desatender-servicios-esenciales\/","name":"Trabajadores del Iosper adhieren al paro nacional sin desatender servicios esenciales - Informe Litoral","isPartOf":{"@id":"https:\/\/informelitoral.com.ar\/#website"},"primaryImageOfPage":{"@id":"https:\/\/informelitoral.com.ar\/trabajadores-del-iosper-adhieren-al-paro-nacional-sin-desatender-servicios-esenciales\/#primaryimage"},"image":{"@id":"https:\/\/informelitoral.com.ar\/trabajadores-del-iosper-adhieren-al-paro-nacional-sin-desatender-servicios-esenciales\/#primaryimage"},"thumbnailUrl":"https:\/\/informelitoral.com.ar\/%77%70%2d%63%6f%6e%74%65%6e%74\/uploads\/2020\/06\/Iosper.jpg","datePublished":"2025-04-08T12:33:03+00:00","dateModified":"2025-04-09T09:42:34+00:00","breadcrumb":{"@id":"https:\/\/informelitoral.com.ar\/trabajadores-del-iosper-adhieren-al-paro-nacional-sin-desatender-servicios-esenciales\/#breadcrumb"},"inLanguage":"es","potentialAction":[{"@type":"ReadAction","target":["https:\/\/informelitoral.com.ar\/trabajadores-del-iosper-adhieren-al-paro-nacional-sin-desatender-servicios-esenciales\/"]}]},{"@type":"ImageObject","inLanguage":"es","@id":"https:\/\/informelitoral.com.ar\/trabajadores-del-iosper-adhieren-al-paro-nacional-sin-desatender-servicios-esenciales\/#primaryimage","url":"https:\/\/informelitoral.com.ar\/%77%70%2d%63%6f%6e%74%65%6e%74\/uploads\/2020\/06\/Iosper.jpg","contentUrl":"https:\/\/informelitoral.com.ar\/%77%70%2d%63%6f%6e%74%65%6e%74\/uploads\/2020\/06\/Iosper.jpg","width":640,"height":360},{"@type":"BreadcrumbList","@id":"https:\/\/informelitoral.com.ar\/trabajadores-del-iosper-adhieren-al-paro-nacional-sin-desatender-servicios-esenciales\/#breadcrumb","itemListElement":[{"@type":"ListItem","position":1,"name":"Portada","item":"https:\/\/informelitoral.com.ar\/"},{"@type":"ListItem","position":2,"name":"Trabajadores del Iosper adhieren al paro nacional sin desatender servicios esenciales"}]},{"@type":"WebSite","@id":"https:\/\/informelitoral.com.ar\/#website","url":"https:\/\/informelitoral.com.ar\/","name":"Informe Litoral","description":"&quot;Nos informamos&quot; ","publisher":{"@id":"https:\/\/informelitoral.com.ar\/#organization"},"potentialAction":[{"@type":"SearchAction","target":{"@type":"EntryPoint","urlTemplate":"https:\/\/informelitoral.com.ar\/?s={search_term_string}"},"query-input":{"@type":"PropertyValueSpecification","valueRequired":true,"valueName":"search_term_string"}}],"inLanguage":"es"},{"@type":"Organization","@id":"https:\/\/informelitoral.com.ar\/#organization","name":"Informe Litoral","url":"https:\/\/informelitoral.com.ar\/","logo":{"@type":"ImageObject","inLanguage":"es","@id":"https:\/\/informelitoral.com.ar\/#\/schema\/logo\/image\/","url":"https:\/\/informelitoral.com.ar\/%77%70%2d%63%6f%6e%74%65%6e%74\/uploads\/2021\/01\/circulo.png","contentUrl":"https:\/\/informelitoral.com.ar\/%77%70%2d%63%6f%6e%74%65%6e%74\/uploads\/2021\/01\/circulo.png","width":723,"height":731,"caption":"Informe Litoral"},"image":{"@id":"https:\/\/informelitoral.com.ar\/#\/schema\/logo\/image\/"},"sameAs":["https:\/\/www.facebook.com\/informelitoral\/","https:\/\/x.com\/InformeLitoral","https:\/\/www.instagram.com\/informelitoral\/","https:\/\/www.youtube.com\/channel\/UCua4Qvz8Icb6MYqhoq9xLXw"]},{"@type":"Person","@id":"https:\/\/informelitoral.com.ar\/#\/schema\/person\/f05f9f461677119578717524b127d6d5","name":"Sebastian","image":{"@type":"ImageObject","inLanguage":"es","@id":"https:\/\/secure.gravatar.com\/avatar\/b71bf7481d447dfb9583c7f2798e7cc64de6efb9067b74633ed8c31059a3bd82?s=96&d=mm&r=g","url":"https:\/\/secure.gravatar.com\/avatar\/b71bf7481d447dfb9583c7f2798e7cc64de6efb9067b74633ed8c31059a3bd82?s=96&d=mm&r=g","contentUrl":"https:\/\/secure.gravatar.com\/avatar\/b71bf7481d447dfb9583c7f2798e7cc64de6efb9067b74633ed8c31059a3bd82?s=96&d=mm&r=g","caption":"Sebastian"},"url":"https:\/\/informelitoral.com.ar\/author\/sebastian\/"}]}},"_links":{"self":[{"href":"https:\/\/informelitoral.com.ar\/%77%70%2d%6a%73%6f%6e\/wp\/v2\/posts\/217634","targetHints":{"allow":["GET"]}}],"collection":[{"href":"https:\/\/informelitoral.com.ar\/%77%70%2d%6a%73%6f%6e\/wp\/v2\/posts"}],"about":[{"href":"https:\/\/informelitoral.com.ar\/%77%70%2d%6a%73%6f%6e\/wp\/v2\/types\/post"}],"author":[{"embeddable":true,"href":"https:\/\/informelitoral.com.ar\/%77%70%2d%6a%73%6f%6e\/wp\/v2\/users\/8"}],"replies":[{"embeddable":true,"href":"https:\/\/informelitoral.com.ar\/%77%70%2d%6a%73%6f%6e\/wp\/v2\/comments?post=217634"}],"version-history":[{"count":0,"href":"https:\/\/informelitoral.com.ar\/%77%70%2d%6a%73%6f%6e\/wp\/v2\/posts\/217634\/revisions"}],"wp:featuredmedia":[{"embeddable":true,"href":"https:\/\/informelitoral.com.ar\/%77%70%2d%6a%73%6f%6e\/wp\/v2\/media\/44015"}],"wp:attachment":[{"href":"https:\/\/informelitoral.com.ar\/%77%70%2d%6a%73%6f%6e\/wp\/v2\/media?parent=217634"}],"wp:term":[{"taxonomy":"category","embeddable":true,"href":"https:\/\/informelitoral.com.ar\/%77%70%2d%6a%73%6f%6e\/wp\/v2\/categories?post=217634"},{"taxonomy":"post_tag","embeddable":true,"href":"https:\/\/informelitoral.com.ar\/%77%70%2d%6a%73%6f%6e\/wp\/v2\/tags?post=217634"}],"curies":[{"name":"wp","href":"https:\/\/api.w.org\/{rel}","templated":true}]}}