{"id":217563,"date":"2025-04-07T15:03:53","date_gmt":"2025-04-07T18:03:53","guid":{"rendered":"https:\/\/informelitoral.com.ar\/?p=217563"},"modified":"2025-04-07T21:38:03","modified_gmt":"2025-04-08T00:38:03","slug":"paro-de-la-cgt-como-va-a-impactar-en-entre-r","status":"publish","type":"post","link":"https:\/\/informelitoral.com.ar\/paro-de-la-cgt-como-va-a-impactar-en-entre-r\/","title":{"rendered":"Paro de la CGT: c\u00f3mo va a impactar en Entre R\u00edos"},"content":{"rendered":"<p><strong>La Confederaci\u00f3n General del Trabajo (CGT)<\/strong> ejecutar\u00e1 este<strong> jueves 10 de abril<\/strong> su tercera huelga general contra la administraci\u00f3n libertaria de<strong> Javier Milei<\/strong>, esta vez con consignas centradas por paritarias libres, aumento de jubilaciones y en rechazo a la represi\u00f3n de la protesta social. La adhesi\u00f3n a la medida de fuerza ser\u00e1 significativa en Entre R\u00edos, aunque algunos sectores determinantes no se plegar\u00e1n.<\/p>\n<h2 class=\"wp-block-heading\"><strong>Adhieren<\/strong><\/h2>\n<p>Entre los gremios que confirmaron adhesi\u00f3n en la provincia se encuentran:<\/p>\n<p><strong>Docentes<\/strong>: AGMER, AMET (escuelas t\u00e9cnicas) y SADOP (privadas). No habr\u00e1 clases en niveles inicial, primario y secundario<\/p>\n<p><strong>Estatales<\/strong>: tanto ATE como UPCN se sumar\u00e1n. No atender\u00e1 al p\u00fablico y no habr\u00e1 concurrencia a lugares de trabajo en la administraci\u00f3n p\u00fablica y habr\u00e1 s\u00f3lo guardias m\u00ednimas en salud y comedores<\/p>\n<p><strong>Universitarios:<\/strong>\u00a0Docentes y trabajadores administrativos y de servicios de universidades nacionales (UNER y UTN) se plegar\u00e1n al paro, por lo que no habr\u00e1 clases en facultades.<\/p>\n<p><strong>Ferroviarios:<\/strong>\u00a0No habr\u00e1 servicios de trenes (no funcionar\u00e1 el de Paran\u00e1-Colonia Avellaneda) debido a la adhesi\u00f3n de la Uni\u00f3n Ferroviaria y La Fraternidad<\/p>\n<figure class=\"wp-block-image size-large\"><img loading=\"lazy\" decoding=\"async\" class=\"wp-image-31782 lazyautosizes ls-is-cached lazyloaded\" src=\"https:\/\/i0.wp.com\/ahora.com.ar\/%77%70%2d%63%6f%6e%74%65%6e%74\/uploads\/2024\/09\/tren.jpeg?resize=696%2C392&amp;quality=89&amp;ssl=1\" sizes=\"auto, 696px\" srcset=\"https:\/\/i0.wp.com\/ahora.com.ar\/%77%70%2d%63%6f%6e%74%65%6e%74\/uploads\/2024\/09\/tren.jpeg?resize=1024%2C577&amp;quality=89&amp;ssl=1 1024w, https:\/\/i0.wp.com\/ahora.com.ar\/%77%70%2d%63%6f%6e%74%65%6e%74\/uploads\/2024\/09\/tren.jpeg?resize=300%2C169&amp;quality=89&amp;ssl=1 300w, https:\/\/i0.wp.com\/ahora.com.ar\/%77%70%2d%63%6f%6e%74%65%6e%74\/uploads\/2024\/09\/tren.jpeg?resize=768%2C432&amp;quality=89&amp;ssl=1 768w, https:\/\/i0.wp.com\/ahora.com.ar\/%77%70%2d%63%6f%6e%74%65%6e%74\/uploads\/2024\/09\/tren.jpeg?resize=150%2C84&amp;quality=89&amp;ssl=1 150w, https:\/\/i0.wp.com\/ahora.com.ar\/%77%70%2d%63%6f%6e%74%65%6e%74\/uploads\/2024\/09\/tren.jpeg?resize=696%2C392&amp;quality=89&amp;ssl=1 696w, https:\/\/i0.wp.com\/ahora.com.ar\/%77%70%2d%63%6f%6e%74%65%6e%74\/uploads\/2024\/09\/tren.jpeg?resize=1068%2C601&amp;quality=89&amp;ssl=1 1068w, https:\/\/i0.wp.com\/ahora.com.ar\/%77%70%2d%63%6f%6e%74%65%6e%74\/uploads\/2024\/09\/tren.jpeg?w=1275&amp;quality=89&amp;ssl=1 1275w\" alt=\"\" width=\"696\" height=\"392\" data-recalc-dims=\"1\" data-src=\"https:\/\/i0.wp.com\/ahora.com.ar\/%77%70%2d%63%6f%6e%74%65%6e%74\/uploads\/2024\/09\/tren.jpeg?resize=696%2C392&amp;quality=89&amp;ssl=1\" data-srcset=\"https:\/\/i0.wp.com\/ahora.com.ar\/%77%70%2d%63%6f%6e%74%65%6e%74\/uploads\/2024\/09\/tren.jpeg?resize=1024%2C577&amp;quality=89&amp;ssl=1 1024w, https:\/\/i0.wp.com\/ahora.com.ar\/%77%70%2d%63%6f%6e%74%65%6e%74\/uploads\/2024\/09\/tren.jpeg?resize=300%2C169&amp;quality=89&amp;ssl=1 300w, https:\/\/i0.wp.com\/ahora.com.ar\/%77%70%2d%63%6f%6e%74%65%6e%74\/uploads\/2024\/09\/tren.jpeg?resize=768%2C432&amp;quality=89&amp;ssl=1 768w, https:\/\/i0.wp.com\/ahora.com.ar\/%77%70%2d%63%6f%6e%74%65%6e%74\/uploads\/2024\/09\/tren.jpeg?resize=150%2C84&amp;quality=89&amp;ssl=1 150w, https:\/\/i0.wp.com\/ahora.com.ar\/%77%70%2d%63%6f%6e%74%65%6e%74\/uploads\/2024\/09\/tren.jpeg?resize=696%2C392&amp;quality=89&amp;ssl=1 696w, https:\/\/i0.wp.com\/ahora.com.ar\/%77%70%2d%63%6f%6e%74%65%6e%74\/uploads\/2024\/09\/tren.jpeg?resize=1068%2C601&amp;quality=89&amp;ssl=1 1068w, https:\/\/i0.wp.com\/ahora.com.ar\/%77%70%2d%63%6f%6e%74%65%6e%74\/uploads\/2024\/09\/tren.jpeg?w=1275&amp;quality=89&amp;ssl=1 1275w\" data-sizes=\"auto\" data-eio-rwidth=\"696\" data-eio-rheight=\"392\" \/><\/figure>\n<p><strong>Camioneros<\/strong>: uno de los sindicatos de mayor peso en la CGT motoriza el paro y se resentir\u00e1 el transporte de mercader\u00edas en toda la provincia<\/p>\n<p><strong>Bancarios<\/strong>: La Bancaria confirm\u00f3 adhesi\u00f3n al paro y no habr\u00e1 atenci\u00f3n al p\u00fablico ni concurrencia al trabajo en las sucursales. S\u00ed funcionar\u00e1n cajeros autom\u00e1ticos,\u00a0<em>homebanking\u00a0<\/em>y aplicaciones<\/p>\n<figure class=\"wp-block-image size-large\"><img loading=\"lazy\" decoding=\"async\" class=\"wp-image-11292 lazyautosizes ls-is-cached lazyloaded\" src=\"https:\/\/i0.wp.com\/ahora.com.ar\/%77%70%2d%63%6f%6e%74%65%6e%74\/uploads\/2024\/05\/banco-nacionjpg-1.jpg?resize=696%2C386&amp;quality=89&amp;ssl=1\" sizes=\"auto, 696px\" srcset=\"https:\/\/i0.wp.com\/ahora.com.ar\/%77%70%2d%63%6f%6e%74%65%6e%74\/uploads\/2024\/05\/banco-nacionjpg-1.jpg?resize=1024%2C568&amp;quality=89&amp;ssl=1 1024w, https:\/\/i0.wp.com\/ahora.com.ar\/%77%70%2d%63%6f%6e%74%65%6e%74\/uploads\/2024\/05\/banco-nacionjpg-1.jpg?resize=300%2C166&amp;quality=89&amp;ssl=1 300w, https:\/\/i0.wp.com\/ahora.com.ar\/%77%70%2d%63%6f%6e%74%65%6e%74\/uploads\/2024\/05\/banco-nacionjpg-1.jpg?resize=768%2C426&amp;quality=89&amp;ssl=1 768w, https:\/\/i0.wp.com\/ahora.com.ar\/%77%70%2d%63%6f%6e%74%65%6e%74\/uploads\/2024\/05\/banco-nacionjpg-1.jpg?resize=757%2C420&amp;quality=89&amp;ssl=1 757w, https:\/\/i0.wp.com\/ahora.com.ar\/%77%70%2d%63%6f%6e%74%65%6e%74\/uploads\/2024\/05\/banco-nacionjpg-1.jpg?resize=150%2C83&amp;quality=89&amp;ssl=1 150w, https:\/\/i0.wp.com\/ahora.com.ar\/%77%70%2d%63%6f%6e%74%65%6e%74\/uploads\/2024\/05\/banco-nacionjpg-1.jpg?resize=696%2C386&amp;quality=89&amp;ssl=1 696w, https:\/\/i0.wp.com\/ahora.com.ar\/%77%70%2d%63%6f%6e%74%65%6e%74\/uploads\/2024\/05\/banco-nacionjpg-1.jpg?resize=1068%2C592&amp;quality=89&amp;ssl=1 1068w, https:\/\/i0.wp.com\/ahora.com.ar\/%77%70%2d%63%6f%6e%74%65%6e%74\/uploads\/2024\/05\/banco-nacionjpg-1.jpg?w=1338&amp;quality=89&amp;ssl=1 1338w\" alt=\"\" width=\"696\" height=\"386\" data-recalc-dims=\"1\" data-src=\"https:\/\/i0.wp.com\/ahora.com.ar\/%77%70%2d%63%6f%6e%74%65%6e%74\/uploads\/2024\/05\/banco-nacionjpg-1.jpg?resize=696%2C386&amp;quality=89&amp;ssl=1\" data-srcset=\"https:\/\/i0.wp.com\/ahora.com.ar\/%77%70%2d%63%6f%6e%74%65%6e%74\/uploads\/2024\/05\/banco-nacionjpg-1.jpg?resize=1024%2C568&amp;quality=89&amp;ssl=1 1024w, https:\/\/i0.wp.com\/ahora.com.ar\/%77%70%2d%63%6f%6e%74%65%6e%74\/uploads\/2024\/05\/banco-nacionjpg-1.jpg?resize=300%2C166&amp;quality=89&amp;ssl=1 300w, https:\/\/i0.wp.com\/ahora.com.ar\/%77%70%2d%63%6f%6e%74%65%6e%74\/uploads\/2024\/05\/banco-nacionjpg-1.jpg?resize=768%2C426&amp;quality=89&amp;ssl=1 768w, https:\/\/i0.wp.com\/ahora.com.ar\/%77%70%2d%63%6f%6e%74%65%6e%74\/uploads\/2024\/05\/banco-nacionjpg-1.jpg?resize=757%2C420&amp;quality=89&amp;ssl=1 757w, https:\/\/i0.wp.com\/ahora.com.ar\/%77%70%2d%63%6f%6e%74%65%6e%74\/uploads\/2024\/05\/banco-nacionjpg-1.jpg?resize=150%2C83&amp;quality=89&amp;ssl=1 150w, https:\/\/i0.wp.com\/ahora.com.ar\/%77%70%2d%63%6f%6e%74%65%6e%74\/uploads\/2024\/05\/banco-nacionjpg-1.jpg?resize=696%2C386&amp;quality=89&amp;ssl=1 696w, https:\/\/i0.wp.com\/ahora.com.ar\/%77%70%2d%63%6f%6e%74%65%6e%74\/uploads\/2024\/05\/banco-nacionjpg-1.jpg?resize=1068%2C592&amp;quality=89&amp;ssl=1 1068w, https:\/\/i0.wp.com\/ahora.com.ar\/%77%70%2d%63%6f%6e%74%65%6e%74\/uploads\/2024\/05\/banco-nacionjpg-1.jpg?w=1338&amp;quality=89&amp;ssl=1 1338w\" data-sizes=\"auto\" data-eio-rwidth=\"696\" data-eio-rheight=\"386\" \/><\/figure>\n<p><strong>Municipales<\/strong>: aunque puede haber variaciones en algunos municipios, el sector se plegar\u00e1 a la medida de fuerza. Desde el Suoyem en Paran\u00e1 confirmaron<strong>\u00a0<\/strong>que se sumar\u00e1n al paro as\u00ed que se ver\u00e1 afectada la atenci\u00f3n al p\u00fablico y los servicios en la ciudad. Habr\u00eda guardias esenciales y no est\u00e1 definido a\u00fan si habr\u00e1 recolecci\u00f3n de residuos<\/p>\n<figure class=\"wp-block-image size-large\"><img loading=\"lazy\" decoding=\"async\" class=\"wp-image-65548 lazyautosizes ls-is-cached lazyloaded\" src=\"https:\/\/i0.wp.com\/ahora.com.ar\/%77%70%2d%63%6f%6e%74%65%6e%74\/uploads\/2025\/03\/recoleccion-de-residuos-camiones-parana.jpg?resize=696%2C387&amp;quality=89&amp;ssl=1\" sizes=\"auto, 696px\" srcset=\"https:\/\/i0.wp.com\/ahora.com.ar\/%77%70%2d%63%6f%6e%74%65%6e%74\/uploads\/2025\/03\/recoleccion-de-residuos-camiones-parana.jpg?resize=1024%2C570&amp;quality=89&amp;ssl=1 1024w, https:\/\/i0.wp.com\/ahora.com.ar\/%77%70%2d%63%6f%6e%74%65%6e%74\/uploads\/2025\/03\/recoleccion-de-residuos-camiones-parana.jpg?resize=300%2C167&amp;quality=89&amp;ssl=1 300w, https:\/\/i0.wp.com\/ahora.com.ar\/%77%70%2d%63%6f%6e%74%65%6e%74\/uploads\/2025\/03\/recoleccion-de-residuos-camiones-parana.jpg?resize=768%2C427&amp;quality=89&amp;ssl=1 768w, https:\/\/i0.wp.com\/ahora.com.ar\/%77%70%2d%63%6f%6e%74%65%6e%74\/uploads\/2025\/03\/recoleccion-de-residuos-camiones-parana.jpg?resize=1536%2C855&amp;quality=89&amp;ssl=1 1536w, https:\/\/i0.wp.com\/ahora.com.ar\/%77%70%2d%63%6f%6e%74%65%6e%74\/uploads\/2025\/03\/recoleccion-de-residuos-camiones-parana.jpg?resize=150%2C83&amp;quality=89&amp;ssl=1 150w, https:\/\/i0.wp.com\/ahora.com.ar\/%77%70%2d%63%6f%6e%74%65%6e%74\/uploads\/2025\/03\/recoleccion-de-residuos-camiones-parana.jpg?resize=696%2C387&amp;quality=89&amp;ssl=1 696w, https:\/\/i0.wp.com\/ahora.com.ar\/%77%70%2d%63%6f%6e%74%65%6e%74\/uploads\/2025\/03\/recoleccion-de-residuos-camiones-parana.jpg?resize=1068%2C594&amp;quality=89&amp;ssl=1 1068w, https:\/\/i0.wp.com\/ahora.com.ar\/%77%70%2d%63%6f%6e%74%65%6e%74\/uploads\/2025\/03\/recoleccion-de-residuos-camiones-parana.jpg?w=1903&amp;quality=89&amp;ssl=1 1903w, https:\/\/i0.wp.com\/ahora.com.ar\/%77%70%2d%63%6f%6e%74%65%6e%74\/uploads\/2025\/03\/recoleccion-de-residuos-camiones-parana.jpg?w=1392&amp;quality=89&amp;ssl=1 1392w\" alt=\"\" width=\"696\" height=\"387\" data-recalc-dims=\"1\" data-src=\"https:\/\/i0.wp.com\/ahora.com.ar\/%77%70%2d%63%6f%6e%74%65%6e%74\/uploads\/2025\/03\/recoleccion-de-residuos-camiones-parana.jpg?resize=696%2C387&amp;quality=89&amp;ssl=1\" data-srcset=\"https:\/\/i0.wp.com\/ahora.com.ar\/%77%70%2d%63%6f%6e%74%65%6e%74\/uploads\/2025\/03\/recoleccion-de-residuos-camiones-parana.jpg?resize=1024%2C570&amp;quality=89&amp;ssl=1 1024w, https:\/\/i0.wp.com\/ahora.com.ar\/%77%70%2d%63%6f%6e%74%65%6e%74\/uploads\/2025\/03\/recoleccion-de-residuos-camiones-parana.jpg?resize=300%2C167&amp;quality=89&amp;ssl=1 300w, https:\/\/i0.wp.com\/ahora.com.ar\/%77%70%2d%63%6f%6e%74%65%6e%74\/uploads\/2025\/03\/recoleccion-de-residuos-camiones-parana.jpg?resize=768%2C427&amp;quality=89&amp;ssl=1 768w, https:\/\/i0.wp.com\/ahora.com.ar\/%77%70%2d%63%6f%6e%74%65%6e%74\/uploads\/2025\/03\/recoleccion-de-residuos-camiones-parana.jpg?resize=1536%2C855&amp;quality=89&amp;ssl=1 1536w, https:\/\/i0.wp.com\/ahora.com.ar\/%77%70%2d%63%6f%6e%74%65%6e%74\/uploads\/2025\/03\/recoleccion-de-residuos-camiones-parana.jpg?resize=150%2C83&amp;quality=89&amp;ssl=1 150w, https:\/\/i0.wp.com\/ahora.com.ar\/%77%70%2d%63%6f%6e%74%65%6e%74\/uploads\/2025\/03\/recoleccion-de-residuos-camiones-parana.jpg?resize=696%2C387&amp;quality=89&amp;ssl=1 696w, https:\/\/i0.wp.com\/ahora.com.ar\/%77%70%2d%63%6f%6e%74%65%6e%74\/uploads\/2025\/03\/recoleccion-de-residuos-camiones-parana.jpg?resize=1068%2C594&amp;quality=89&amp;ssl=1 1068w, https:\/\/i0.wp.com\/ahora.com.ar\/%77%70%2d%63%6f%6e%74%65%6e%74\/uploads\/2025\/03\/recoleccion-de-residuos-camiones-parana.jpg?w=1903&amp;quality=89&amp;ssl=1 1903w, https:\/\/i0.wp.com\/ahora.com.ar\/%77%70%2d%63%6f%6e%74%65%6e%74\/uploads\/2025\/03\/recoleccion-de-residuos-camiones-parana.jpg?w=1392&amp;quality=89&amp;ssl=1 1392w\" data-sizes=\"auto\" data-eio-rwidth=\"696\" data-eio-rheight=\"387\" \/><\/figure>\n<h2 class=\"wp-block-heading\"><strong>Indefinido<\/strong><\/h2>\n<p><strong>Mercantiles<\/strong>: el Sindicato de Empleados de Comercio que conduce Daniel Ruberto en Paran\u00e1 espera la definici\u00f3n del gremio a nivel nacional. Este martes habr\u00e1 un encuentro que determinar\u00e1 la adhesi\u00f3n o no<\/p>\n<p>Estaciones de servicio: el Sindicato de Obreros y Empleados de Estaciones de Servicio (Soegyspe) confirm\u00f3 a nivel nacional su adhesi\u00f3n a la huelga, pero no est\u00e1 confirmado el impacto en el orden local. Estacioneros de la provincia afirman que el jueves habr\u00e1 provisi\u00f3n de combustible casi con normalidad<\/p>\n<h2 class=\"wp-block-heading\"><strong>No adhieren<\/strong><\/h2>\n<p><strong>Colectiveros:<\/strong>\u00a0la Uni\u00f3n Tranviarios del Automotor (UTA) acatar\u00e1 la conciliaci\u00f3n obligatoria que rige espec\u00edficamente para el sector en el marco de su propia paritaria y\u00a0<strong>no har\u00e1 paro este jueves.\u00a0<\/strong>Desde la seccional Entre R\u00edos confirmaron<strong>\u00a0<\/strong>que habr\u00e1 los servicios urbanos e inteurbanos funcionar\u00e1n con normalidad durante toda la jornada. Tambi\u00e9n circular\u00e1n los coches entre las terminales de Paran\u00e1 y Santa Fe.<\/p>\n<figure class=\"wp-block-image size-large\"><img loading=\"lazy\" decoding=\"async\" class=\"wp-image-61799 lazyautosizes ls-is-cached lazyloaded\" src=\"https:\/\/i0.wp.com\/ahora.com.ar\/%77%70%2d%63%6f%6e%74%65%6e%74\/uploads\/2025\/02\/colectivo-san-benito-parana-transporte.jpg?resize=696%2C392&amp;quality=89&amp;ssl=1\" sizes=\"auto, 696px\" srcset=\"https:\/\/i0.wp.com\/ahora.com.ar\/%77%70%2d%63%6f%6e%74%65%6e%74\/uploads\/2025\/02\/colectivo-san-benito-parana-transporte.jpg?resize=1024%2C576&amp;quality=89&amp;ssl=1 1024w, https:\/\/i0.wp.com\/ahora.com.ar\/%77%70%2d%63%6f%6e%74%65%6e%74\/uploads\/2025\/02\/colectivo-san-benito-parana-transporte.jpg?resize=300%2C169&amp;quality=89&amp;ssl=1 300w, https:\/\/i0.wp.com\/ahora.com.ar\/%77%70%2d%63%6f%6e%74%65%6e%74\/uploads\/2025\/02\/colectivo-san-benito-parana-transporte.jpg?resize=768%2C432&amp;quality=89&amp;ssl=1 768w, https:\/\/i0.wp.com\/ahora.com.ar\/%77%70%2d%63%6f%6e%74%65%6e%74\/uploads\/2025\/02\/colectivo-san-benito-parana-transporte.jpg?resize=1536%2C864&amp;quality=89&amp;ssl=1 1536w, https:\/\/i0.wp.com\/ahora.com.ar\/%77%70%2d%63%6f%6e%74%65%6e%74\/uploads\/2025\/02\/colectivo-san-benito-parana-transporte.jpg?resize=150%2C84&amp;quality=89&amp;ssl=1 150w, https:\/\/i0.wp.com\/ahora.com.ar\/%77%70%2d%63%6f%6e%74%65%6e%74\/uploads\/2025\/02\/colectivo-san-benito-parana-transporte.jpg?resize=696%2C392&amp;quality=89&amp;ssl=1 696w, https:\/\/i0.wp.com\/ahora.com.ar\/%77%70%2d%63%6f%6e%74%65%6e%74\/uploads\/2025\/02\/colectivo-san-benito-parana-transporte.jpg?resize=1068%2C601&amp;quality=89&amp;ssl=1 1068w, https:\/\/i0.wp.com\/ahora.com.ar\/%77%70%2d%63%6f%6e%74%65%6e%74\/uploads\/2025\/02\/colectivo-san-benito-parana-transporte.jpg?w=1600&amp;quality=89&amp;ssl=1 1600w, https:\/\/i0.wp.com\/ahora.com.ar\/%77%70%2d%63%6f%6e%74%65%6e%74\/uploads\/2025\/02\/colectivo-san-benito-parana-transporte.jpg?w=1392&amp;quality=89&amp;ssl=1 1392w\" alt=\"\" width=\"696\" height=\"392\" data-recalc-dims=\"1\" data-src=\"https:\/\/i0.wp.com\/ahora.com.ar\/%77%70%2d%63%6f%6e%74%65%6e%74\/uploads\/2025\/02\/colectivo-san-benito-parana-transporte.jpg?resize=696%2C392&amp;quality=89&amp;ssl=1\" data-srcset=\"https:\/\/i0.wp.com\/ahora.com.ar\/%77%70%2d%63%6f%6e%74%65%6e%74\/uploads\/2025\/02\/colectivo-san-benito-parana-transporte.jpg?resize=1024%2C576&amp;quality=89&amp;ssl=1 1024w, https:\/\/i0.wp.com\/ahora.com.ar\/%77%70%2d%63%6f%6e%74%65%6e%74\/uploads\/2025\/02\/colectivo-san-benito-parana-transporte.jpg?resize=300%2C169&amp;quality=89&amp;ssl=1 300w, https:\/\/i0.wp.com\/ahora.com.ar\/%77%70%2d%63%6f%6e%74%65%6e%74\/uploads\/2025\/02\/colectivo-san-benito-parana-transporte.jpg?resize=768%2C432&amp;quality=89&amp;ssl=1 768w, https:\/\/i0.wp.com\/ahora.com.ar\/%77%70%2d%63%6f%6e%74%65%6e%74\/uploads\/2025\/02\/colectivo-san-benito-parana-transporte.jpg?resize=1536%2C864&amp;quality=89&amp;ssl=1 1536w, https:\/\/i0.wp.com\/ahora.com.ar\/%77%70%2d%63%6f%6e%74%65%6e%74\/uploads\/2025\/02\/colectivo-san-benito-parana-transporte.jpg?resize=150%2C84&amp;quality=89&amp;ssl=1 150w, https:\/\/i0.wp.com\/ahora.com.ar\/%77%70%2d%63%6f%6e%74%65%6e%74\/uploads\/2025\/02\/colectivo-san-benito-parana-transporte.jpg?resize=696%2C392&amp;quality=89&amp;ssl=1 696w, https:\/\/i0.wp.com\/ahora.com.ar\/%77%70%2d%63%6f%6e%74%65%6e%74\/uploads\/2025\/02\/colectivo-san-benito-parana-transporte.jpg?resize=1068%2C601&amp;quality=89&amp;ssl=1 1068w, https:\/\/i0.wp.com\/ahora.com.ar\/%77%70%2d%63%6f%6e%74%65%6e%74\/uploads\/2025\/02\/colectivo-san-benito-parana-transporte.jpg?w=1600&amp;quality=89&amp;ssl=1 1600w, https:\/\/i0.wp.com\/ahora.com.ar\/%77%70%2d%63%6f%6e%74%65%6e%74\/uploads\/2025\/02\/colectivo-san-benito-parana-transporte.jpg?w=1392&amp;quality=89&amp;ssl=1 1392w\" data-sizes=\"auto\" data-eio-rwidth=\"696\" data-eio-rheight=\"392\" \/><\/figure>\n<h2 class=\"wp-block-heading\"><strong>Movilizaci\u00f3n al T\u00fanel<\/strong><\/h2>\n<p>Este lunes por la tarde se reunir\u00e1n la conducci\u00f3n de la CGT Paran\u00e1 junto con la Multisectorial que lideran ATE, AGMER y las CTA para definir las condiciones en que se manifestar\u00e1n en el marco de la jornada de protesta, que iniciar\u00e1 previo al jueves, a partir del mediod\u00eda del mi\u00e9rcoles. Los detalles de la movilizaci\u00f3n se dar\u00e1n a conocer en una conferencia de prensa este martes.<\/p>\n<p>Seg\u00fan anticiparon<strong>\u00a0<\/strong>desde la CGT paranaense, la central obrera y la Multisectorial<strong>\u00a0confluir\u00e1n en el acceso el T\u00fanel Subfluvial para \u201cvolantear\u201d<\/strong>\u00a0a los veh\u00edculos que crucen el enlace vial para explicar los motivos de la medida de fuerza. La manifestaci\u00f3n ser\u00eda\u00a0<strong>sin corte de tr\u00e1nsito,<\/strong>\u00a0seg\u00fan adelantaron desde la Comisi\u00f3n Directiva de la CGT, y se realizar\u00eda aproximadamente\u00a0<strong>de 12 a 15 horas.<\/strong><\/p>\n<p>El\u00a0<strong>jueves<\/strong>, en cambio, la jornada de huelga propiamente dicha ser\u00eda\u00a0<strong>sin movilizaciones en la provincia.\u00a0<\/strong>Algunos gremios enviar\u00e1n delegaciones y comitivas a la marcha nacional en Buenos Aires.<\/p>\n<h2 class=\"wp-block-heading\"><strong>El paro de la CGT<\/strong><\/h2>\n<p>La central obrera convoc\u00f3 el 1\u00b0 de abril a todas sus federaciones y sindicatos a una huelga general de 24 horas para este jueves. La \u201cjornada de acci\u00f3n gremial\u201d ser\u00e1 de 36 horas en total, ya que iniciar\u00e1 el mediod\u00eda del mi\u00e9rcoles 9 con una movilizaci\u00f3n en el centro porte\u00f1o en respaldo a la manifestaci\u00f3n semanal de los jubilados al Congreso.<\/p>\n<p>El pliego de reclamos que difunde la CGT junto con el llamamiento al paro exige \u201cparitarias libres y homologadas\u201d, \u201caumento de emergencia a los jubilados y un proyecto de actualizaci\u00f3n del bono\u201d; \u201d y \u201cbasta de reprimir la protesta social\u201d.<\/p>\n<p>Tambi\u00e9n se convoca \u201cen defensa de la industria nacional\u201d, con la demanda de \u201cque se retome la obra p\u00fablica\u201d y un \u201cplan nacional de empleo\u201d y por \u201cm\u00e1s presupuesto para educaci\u00f3n y salud\u201d, entre otros puntos.(<em>Ahora<\/em>)<\/p>\n","protected":false},"excerpt":{"rendered":"<p>La tercera huelga general contra el gobierno de Javier Milei resentir\u00e1 servicios y rubros de la producci\u00f3n en la provincia, pero algunos sectores claves no adherir\u00e1n. Habr\u00e1 manifestaci\u00f3n en el T\u00fanel Subfluvial.<\/p>\n","protected":false},"author":8,"featured_media":45961,"comment_status":"open","ping_status":"open","sticky":false,"template":"","format":"standard","meta":{"fifu_image_url":"","fifu_image_alt":"","footnotes":""},"categories":[6],"tags":[536,81,65,576],"class_list":{"0":"post-217563","1":"post","2":"type-post","3":"status-publish","4":"format-standard","5":"has-post-thumbnail","7":"category-entre-rios","8":"tag-cgt","9":"tag-entre-rios","10":"tag-paro","11":"tag-paro-general"},"yoast_head":"<title>Paro de la CGT: c\u00f3mo va a impactar en Entre R\u00edos - Informe Litoral<\/title>\n<meta name=\"robots\" content=\"index, follow, max-snippet:-1, max-image-preview:large, max-video-preview:-1\" \/>\n<link rel=\"canonical\" href=\"https:\/\/informelitoral.com.ar\/paro-de-la-cgt-como-va-a-impactar-en-entre-r\/\" \/>\n<meta property=\"og:locale\" content=\"es_ES\" \/>\n<meta property=\"og:type\" content=\"article\" \/>\n<meta property=\"og:title\" content=\"Paro de la CGT: c\u00f3mo va a impactar en Entre R\u00edos - Informe Litoral\" \/>\n<meta property=\"og:description\" content=\"La tercera huelga general contra el gobierno de Javier Milei resentir\u00e1 servicios y rubros de la producci\u00f3n en la provincia, pero algunos sectores claves no adherir\u00e1n. Habr\u00e1 manifestaci\u00f3n en el T\u00fanel Subfluvial.\" \/>\n<meta property=\"og:url\" content=\"https:\/\/informelitoral.com.ar\/paro-de-la-cgt-como-va-a-impactar-en-entre-r\/\" \/>\n<meta property=\"og:site_name\" content=\"Informe Litoral\" \/>\n<meta property=\"article:publisher\" content=\"https:\/\/www.facebook.com\/informelitoral\/\" \/>\n<meta property=\"article:published_time\" content=\"2025-04-07T18:03:53+00:00\" \/>\n<meta property=\"article:modified_time\" content=\"2025-04-08T00:38:03+00:00\" \/>\n<meta property=\"og:image\" content=\"https:\/\/informelitoral.com.ar\/%77%70%2d%63%6f%6e%74%65%6e%74\/uploads\/2020\/07\/colectivos-1.jpg\" \/>\n\t<meta property=\"og:image:width\" content=\"642\" \/>\n\t<meta property=\"og:image:height\" content=\"361\" \/>\n\t<meta property=\"og:image:type\" content=\"image\/jpeg\" \/>\n<meta name=\"author\" content=\"Sebastian\" \/>\n<meta name=\"twitter:card\" content=\"summary_large_image\" \/>\n<meta name=\"twitter:creator\" content=\"@InformeLitoral\" \/>\n<meta name=\"twitter:site\" content=\"@InformeLitoral\" \/>\n<meta name=\"twitter:label1\" content=\"Escrito por\" \/>\n\t<meta name=\"twitter:data1\" content=\"Sebastian\" \/>\n\t<meta name=\"twitter:label2\" content=\"Tiempo de lectura\" \/>\n\t<meta name=\"twitter:data2\" content=\"4 minutos\" \/>\n<script type=\"application\/ld+json\" class=\"yoast-schema-graph\">{\"@context\":\"https:\\\/\\\/schema.org\",\"@graph\":[{\"@type\":\"Article\",\"@id\":\"https:\\\/\\\/informelitoral.com.ar\\\/paro-de-la-cgt-como-va-a-impactar-en-entre-r\\\/#article\",\"isPartOf\":{\"@id\":\"https:\\\/\\\/informelitoral.com.ar\\\/paro-de-la-cgt-como-va-a-impactar-en-entre-r\\\/\"},\"author\":{\"name\":\"Sebastian\",\"@id\":\"https:\\\/\\\/informelitoral.com.ar\\\/#\\\/schema\\\/person\\\/f05f9f461677119578717524b127d6d5\"},\"headline\":\"Paro de la CGT: c\u00f3mo va a impactar en Entre R\u00edos\",\"datePublished\":\"2025-04-07T18:03:53+00:00\",\"dateModified\":\"2025-04-08T00:38:03+00:00\",\"mainEntityOfPage\":{\"@id\":\"https:\\\/\\\/informelitoral.com.ar\\\/paro-de-la-cgt-como-va-a-impactar-en-entre-r\\\/\"},\"wordCount\":809,\"commentCount\":0,\"publisher\":{\"@id\":\"https:\\\/\\\/informelitoral.com.ar\\\/#organization\"},\"image\":{\"@id\":\"https:\\\/\\\/informelitoral.com.ar\\\/paro-de-la-cgt-como-va-a-impactar-en-entre-r\\\/#primaryimage\"},\"thumbnailUrl\":\"https:\\\/\\\/informelitoral.com.ar\\\/%77%70%2d%63%6f%6e%74%65%6e%74\\\/uploads\\\/2020\\\/07\\\/colectivos-1.jpg\",\"keywords\":[\"CGT\",\"Entre R\u00edos\",\"Paro\",\"Paro general\"],\"articleSection\":[\"Entre R\u00edos\"],\"inLanguage\":\"es\",\"potentialAction\":[{\"@type\":\"CommentAction\",\"name\":\"Comment\",\"target\":[\"https:\\\/\\\/informelitoral.com.ar\\\/paro-de-la-cgt-como-va-a-impactar-en-entre-r\\\/#respond\"]}]},{\"@type\":\"WebPage\",\"@id\":\"https:\\\/\\\/informelitoral.com.ar\\\/paro-de-la-cgt-como-va-a-impactar-en-entre-r\\\/\",\"url\":\"https:\\\/\\\/informelitoral.com.ar\\\/paro-de-la-cgt-como-va-a-impactar-en-entre-r\\\/\",\"name\":\"Paro de la CGT: c\u00f3mo va a impactar en Entre R\u00edos - Informe Litoral\",\"isPartOf\":{\"@id\":\"https:\\\/\\\/informelitoral.com.ar\\\/#website\"},\"primaryImageOfPage\":{\"@id\":\"https:\\\/\\\/informelitoral.com.ar\\\/paro-de-la-cgt-como-va-a-impactar-en-entre-r\\\/#primaryimage\"},\"image\":{\"@id\":\"https:\\\/\\\/informelitoral.com.ar\\\/paro-de-la-cgt-como-va-a-impactar-en-entre-r\\\/#primaryimage\"},\"thumbnailUrl\":\"https:\\\/\\\/informelitoral.com.ar\\\/%77%70%2d%63%6f%6e%74%65%6e%74\\\/uploads\\\/2020\\\/07\\\/colectivos-1.jpg\",\"datePublished\":\"2025-04-07T18:03:53+00:00\",\"dateModified\":\"2025-04-08T00:38:03+00:00\",\"breadcrumb\":{\"@id\":\"https:\\\/\\\/informelitoral.com.ar\\\/paro-de-la-cgt-como-va-a-impactar-en-entre-r\\\/#breadcrumb\"},\"inLanguage\":\"es\",\"potentialAction\":[{\"@type\":\"ReadAction\",\"target\":[\"https:\\\/\\\/informelitoral.com.ar\\\/paro-de-la-cgt-como-va-a-impactar-en-entre-r\\\/\"]}]},{\"@type\":\"ImageObject\",\"inLanguage\":\"es\",\"@id\":\"https:\\\/\\\/informelitoral.com.ar\\\/paro-de-la-cgt-como-va-a-impactar-en-entre-r\\\/#primaryimage\",\"url\":\"https:\\\/\\\/informelitoral.com.ar\\\/%77%70%2d%63%6f%6e%74%65%6e%74\\\/uploads\\\/2020\\\/07\\\/colectivos-1.jpg\",\"contentUrl\":\"https:\\\/\\\/informelitoral.com.ar\\\/%77%70%2d%63%6f%6e%74%65%6e%74\\\/uploads\\\/2020\\\/07\\\/colectivos-1.jpg\",\"width\":642,\"height\":361},{\"@type\":\"BreadcrumbList\",\"@id\":\"https:\\\/\\\/informelitoral.com.ar\\\/paro-de-la-cgt-como-va-a-impactar-en-entre-r\\\/#breadcrumb\",\"itemListElement\":[{\"@type\":\"ListItem\",\"position\":1,\"name\":\"Portada\",\"item\":\"https:\\\/\\\/informelitoral.com.ar\\\/\"},{\"@type\":\"ListItem\",\"position\":2,\"name\":\"Paro de la CGT: c\u00f3mo va a impactar en Entre R\u00edos\"}]},{\"@type\":\"WebSite\",\"@id\":\"https:\\\/\\\/informelitoral.com.ar\\\/#website\",\"url\":\"https:\\\/\\\/informelitoral.com.ar\\\/\",\"name\":\"Informe Litoral\",\"description\":\"&quot;Nos informamos&quot; \",\"publisher\":{\"@id\":\"https:\\\/\\\/informelitoral.com.ar\\\/#organization\"},\"potentialAction\":[{\"@type\":\"SearchAction\",\"target\":{\"@type\":\"EntryPoint\",\"urlTemplate\":\"https:\\\/\\\/informelitoral.com.ar\\\/?s={search_term_string}\"},\"query-input\":{\"@type\":\"PropertyValueSpecification\",\"valueRequired\":true,\"valueName\":\"search_term_string\"}}],\"inLanguage\":\"es\"},{\"@type\":\"Organization\",\"@id\":\"https:\\\/\\\/informelitoral.com.ar\\\/#organization\",\"name\":\"Informe Litoral\",\"url\":\"https:\\\/\\\/informelitoral.com.ar\\\/\",\"logo\":{\"@type\":\"ImageObject\",\"inLanguage\":\"es\",\"@id\":\"https:\\\/\\\/informelitoral.com.ar\\\/#\\\/schema\\\/logo\\\/image\\\/\",\"url\":\"https:\\\/\\\/informelitoral.com.ar\\\/%77%70%2d%63%6f%6e%74%65%6e%74\\\/uploads\\\/2021\\\/01\\\/circulo.png\",\"contentUrl\":\"https:\\\/\\\/informelitoral.com.ar\\\/%77%70%2d%63%6f%6e%74%65%6e%74\\\/uploads\\\/2021\\\/01\\\/circulo.png\",\"width\":723,\"height\":731,\"caption\":\"Informe Litoral\"},\"image\":{\"@id\":\"https:\\\/\\\/informelitoral.com.ar\\\/#\\\/schema\\\/logo\\\/image\\\/\"},\"sameAs\":[\"https:\\\/\\\/www.facebook.com\\\/informelitoral\\\/\",\"https:\\\/\\\/x.com\\\/InformeLitoral\",\"https:\\\/\\\/www.instagram.com\\\/informelitoral\\\/\",\"https:\\\/\\\/www.youtube.com\\\/channel\\\/UCua4Qvz8Icb6MYqhoq9xLXw\"]},{\"@type\":\"Person\",\"@id\":\"https:\\\/\\\/informelitoral.com.ar\\\/#\\\/schema\\\/person\\\/f05f9f461677119578717524b127d6d5\",\"name\":\"Sebastian\",\"image\":{\"@type\":\"ImageObject\",\"inLanguage\":\"es\",\"@id\":\"https:\\\/\\\/secure.gravatar.com\\\/avatar\\\/b71bf7481d447dfb9583c7f2798e7cc64de6efb9067b74633ed8c31059a3bd82?s=96&d=mm&r=g\",\"url\":\"https:\\\/\\\/secure.gravatar.com\\\/avatar\\\/b71bf7481d447dfb9583c7f2798e7cc64de6efb9067b74633ed8c31059a3bd82?s=96&d=mm&r=g\",\"contentUrl\":\"https:\\\/\\\/secure.gravatar.com\\\/avatar\\\/b71bf7481d447dfb9583c7f2798e7cc64de6efb9067b74633ed8c31059a3bd82?s=96&d=mm&r=g\",\"caption\":\"Sebastian\"},\"url\":\"https:\\\/\\\/informelitoral.com.ar\\\/author\\\/sebastian\\\/\"}]}<\/script>","yoast_head_json":{"title":"Paro de la CGT: c\u00f3mo va a impactar en Entre R\u00edos - Informe Litoral","robots":{"index":"index","follow":"follow","max-snippet":"max-snippet:-1","max-image-preview":"max-image-preview:large","max-video-preview":"max-video-preview:-1"},"canonical":"https:\/\/informelitoral.com.ar\/paro-de-la-cgt-como-va-a-impactar-en-entre-r\/","og_locale":"es_ES","og_type":"article","og_title":"Paro de la CGT: c\u00f3mo va a impactar en Entre R\u00edos - Informe Litoral","og_description":"La tercera huelga general contra el gobierno de Javier Milei resentir\u00e1 servicios y rubros de la producci\u00f3n en la provincia, pero algunos sectores claves no adherir\u00e1n. Habr\u00e1 manifestaci\u00f3n en el T\u00fanel Subfluvial.","og_url":"https:\/\/informelitoral.com.ar\/paro-de-la-cgt-como-va-a-impactar-en-entre-r\/","og_site_name":"Informe Litoral","article_publisher":"https:\/\/www.facebook.com\/informelitoral\/","article_published_time":"2025-04-07T18:03:53+00:00","article_modified_time":"2025-04-08T00:38:03+00:00","og_image":[{"width":642,"height":361,"url":"https:\/\/informelitoral.com.ar\/%77%70%2d%63%6f%6e%74%65%6e%74\/uploads\/2020\/07\/colectivos-1.jpg","type":"image\/jpeg"}],"author":"Sebastian","twitter_card":"summary_large_image","twitter_creator":"@InformeLitoral","twitter_site":"@InformeLitoral","twitter_misc":{"Escrito por":"Sebastian","Tiempo de lectura":"4 minutos"},"schema":{"@context":"https:\/\/schema.org","@graph":[{"@type":"Article","@id":"https:\/\/informelitoral.com.ar\/paro-de-la-cgt-como-va-a-impactar-en-entre-r\/#article","isPartOf":{"@id":"https:\/\/informelitoral.com.ar\/paro-de-la-cgt-como-va-a-impactar-en-entre-r\/"},"author":{"name":"Sebastian","@id":"https:\/\/informelitoral.com.ar\/#\/schema\/person\/f05f9f461677119578717524b127d6d5"},"headline":"Paro de la CGT: c\u00f3mo va a impactar en Entre R\u00edos","datePublished":"2025-04-07T18:03:53+00:00","dateModified":"2025-04-08T00:38:03+00:00","mainEntityOfPage":{"@id":"https:\/\/informelitoral.com.ar\/paro-de-la-cgt-como-va-a-impactar-en-entre-r\/"},"wordCount":809,"commentCount":0,"publisher":{"@id":"https:\/\/informelitoral.com.ar\/#organization"},"image":{"@id":"https:\/\/informelitoral.com.ar\/paro-de-la-cgt-como-va-a-impactar-en-entre-r\/#primaryimage"},"thumbnailUrl":"https:\/\/informelitoral.com.ar\/%77%70%2d%63%6f%6e%74%65%6e%74\/uploads\/2020\/07\/colectivos-1.jpg","keywords":["CGT","Entre R\u00edos","Paro","Paro general"],"articleSection":["Entre R\u00edos"],"inLanguage":"es","potentialAction":[{"@type":"CommentAction","name":"Comment","target":["https:\/\/informelitoral.com.ar\/paro-de-la-cgt-como-va-a-impactar-en-entre-r\/#respond"]}]},{"@type":"WebPage","@id":"https:\/\/informelitoral.com.ar\/paro-de-la-cgt-como-va-a-impactar-en-entre-r\/","url":"https:\/\/informelitoral.com.ar\/paro-de-la-cgt-como-va-a-impactar-en-entre-r\/","name":"Paro de la CGT: c\u00f3mo va a impactar en Entre R\u00edos - Informe Litoral","isPartOf":{"@id":"https:\/\/informelitoral.com.ar\/#website"},"primaryImageOfPage":{"@id":"https:\/\/informelitoral.com.ar\/paro-de-la-cgt-como-va-a-impactar-en-entre-r\/#primaryimage"},"image":{"@id":"https:\/\/informelitoral.com.ar\/paro-de-la-cgt-como-va-a-impactar-en-entre-r\/#primaryimage"},"thumbnailUrl":"https:\/\/informelitoral.com.ar\/%77%70%2d%63%6f%6e%74%65%6e%74\/uploads\/2020\/07\/colectivos-1.jpg","datePublished":"2025-04-07T18:03:53+00:00","dateModified":"2025-04-08T00:38:03+00:00","breadcrumb":{"@id":"https:\/\/informelitoral.com.ar\/paro-de-la-cgt-como-va-a-impactar-en-entre-r\/#breadcrumb"},"inLanguage":"es","potentialAction":[{"@type":"ReadAction","target":["https:\/\/informelitoral.com.ar\/paro-de-la-cgt-como-va-a-impactar-en-entre-r\/"]}]},{"@type":"ImageObject","inLanguage":"es","@id":"https:\/\/informelitoral.com.ar\/paro-de-la-cgt-como-va-a-impactar-en-entre-r\/#primaryimage","url":"https:\/\/informelitoral.com.ar\/%77%70%2d%63%6f%6e%74%65%6e%74\/uploads\/2020\/07\/colectivos-1.jpg","contentUrl":"https:\/\/informelitoral.com.ar\/%77%70%2d%63%6f%6e%74%65%6e%74\/uploads\/2020\/07\/colectivos-1.jpg","width":642,"height":361},{"@type":"BreadcrumbList","@id":"https:\/\/informelitoral.com.ar\/paro-de-la-cgt-como-va-a-impactar-en-entre-r\/#breadcrumb","itemListElement":[{"@type":"ListItem","position":1,"name":"Portada","item":"https:\/\/informelitoral.com.ar\/"},{"@type":"ListItem","position":2,"name":"Paro de la CGT: c\u00f3mo va a impactar en Entre R\u00edos"}]},{"@type":"WebSite","@id":"https:\/\/informelitoral.com.ar\/#website","url":"https:\/\/informelitoral.com.ar\/","name":"Informe Litoral","description":"&quot;Nos informamos&quot; ","publisher":{"@id":"https:\/\/informelitoral.com.ar\/#organization"},"potentialAction":[{"@type":"SearchAction","target":{"@type":"EntryPoint","urlTemplate":"https:\/\/informelitoral.com.ar\/?s={search_term_string}"},"query-input":{"@type":"PropertyValueSpecification","valueRequired":true,"valueName":"search_term_string"}}],"inLanguage":"es"},{"@type":"Organization","@id":"https:\/\/informelitoral.com.ar\/#organization","name":"Informe Litoral","url":"https:\/\/informelitoral.com.ar\/","logo":{"@type":"ImageObject","inLanguage":"es","@id":"https:\/\/informelitoral.com.ar\/#\/schema\/logo\/image\/","url":"https:\/\/informelitoral.com.ar\/%77%70%2d%63%6f%6e%74%65%6e%74\/uploads\/2021\/01\/circulo.png","contentUrl":"https:\/\/informelitoral.com.ar\/%77%70%2d%63%6f%6e%74%65%6e%74\/uploads\/2021\/01\/circulo.png","width":723,"height":731,"caption":"Informe Litoral"},"image":{"@id":"https:\/\/informelitoral.com.ar\/#\/schema\/logo\/image\/"},"sameAs":["https:\/\/www.facebook.com\/informelitoral\/","https:\/\/x.com\/InformeLitoral","https:\/\/www.instagram.com\/informelitoral\/","https:\/\/www.youtube.com\/channel\/UCua4Qvz8Icb6MYqhoq9xLXw"]},{"@type":"Person","@id":"https:\/\/informelitoral.com.ar\/#\/schema\/person\/f05f9f461677119578717524b127d6d5","name":"Sebastian","image":{"@type":"ImageObject","inLanguage":"es","@id":"https:\/\/secure.gravatar.com\/avatar\/b71bf7481d447dfb9583c7f2798e7cc64de6efb9067b74633ed8c31059a3bd82?s=96&d=mm&r=g","url":"https:\/\/secure.gravatar.com\/avatar\/b71bf7481d447dfb9583c7f2798e7cc64de6efb9067b74633ed8c31059a3bd82?s=96&d=mm&r=g","contentUrl":"https:\/\/secure.gravatar.com\/avatar\/b71bf7481d447dfb9583c7f2798e7cc64de6efb9067b74633ed8c31059a3bd82?s=96&d=mm&r=g","caption":"Sebastian"},"url":"https:\/\/informelitoral.com.ar\/author\/sebastian\/"}]}},"_links":{"self":[{"href":"https:\/\/informelitoral.com.ar\/%77%70%2d%6a%73%6f%6e\/wp\/v2\/posts\/217563","targetHints":{"allow":["GET"]}}],"collection":[{"href":"https:\/\/informelitoral.com.ar\/%77%70%2d%6a%73%6f%6e\/wp\/v2\/posts"}],"about":[{"href":"https:\/\/informelitoral.com.ar\/%77%70%2d%6a%73%6f%6e\/wp\/v2\/types\/post"}],"author":[{"embeddable":true,"href":"https:\/\/informelitoral.com.ar\/%77%70%2d%6a%73%6f%6e\/wp\/v2\/users\/8"}],"replies":[{"embeddable":true,"href":"https:\/\/informelitoral.com.ar\/%77%70%2d%6a%73%6f%6e\/wp\/v2\/comments?post=217563"}],"version-history":[{"count":0,"href":"https:\/\/informelitoral.com.ar\/%77%70%2d%6a%73%6f%6e\/wp\/v2\/posts\/217563\/revisions"}],"wp:featuredmedia":[{"embeddable":true,"href":"https:\/\/informelitoral.com.ar\/%77%70%2d%6a%73%6f%6e\/wp\/v2\/media\/45961"}],"wp:attachment":[{"href":"https:\/\/informelitoral.com.ar\/%77%70%2d%6a%73%6f%6e\/wp\/v2\/media?parent=217563"}],"wp:term":[{"taxonomy":"category","embeddable":true,"href":"https:\/\/informelitoral.com.ar\/%77%70%2d%6a%73%6f%6e\/wp\/v2\/categories?post=217563"},{"taxonomy":"post_tag","embeddable":true,"href":"https:\/\/informelitoral.com.ar\/%77%70%2d%6a%73%6f%6e\/wp\/v2\/tags?post=217563"}],"curies":[{"name":"wp","href":"https:\/\/api.w.org\/{rel}","templated":true}]}}