{"id":217531,"date":"2025-04-07T10:57:52","date_gmt":"2025-04-07T13:57:52","guid":{"rendered":"https:\/\/informelitoral.com.ar\/?p=217531"},"modified":"2025-04-07T21:45:02","modified_gmt":"2025-04-08T00:45:02","slug":"ccidente-en-ruta-39-unidad-de-traslado-penitenciario-vuelca-tras-cruzar-charco","status":"publish","type":"post","link":"https:\/\/informelitoral.com.ar\/ccidente-en-ruta-39-unidad-de-traslado-penitenciario-vuelca-tras-cruzar-charco\/","title":{"rendered":"Accidente en Ruta 39: unidad de traslado penitenciario volc\u00f3 y dej\u00f3 dos heridos"},"content":{"rendered":"<p>Este lunes, poco antes de las 9 de la ma\u00f1ana, se produjo un siniestro vial en la\u00a0<strong>Ruta 39<\/strong>, que involucr\u00f3 a una\u00a0<strong>unidad de traslado de la Unidad Penal 4<\/strong>. El veh\u00edculo, que se dirig\u00eda\u00a0<strong>desde Concepci\u00f3n del Uruguay hacia el Penal de Victoria<\/strong>, sufri\u00f3 un vuelco tras perder el control mientras cruzaba un charco en la calzada.<\/p>\n<p>Seg\u00fan las primeras informaciones, el conductor del utilitario, en el que\u00a0<strong>viajaban cinco funcionarios del Servicio Penitenciario y un interno<\/strong>, no logr\u00f3 evitar el accidente debido a las condiciones de la ruta.<\/p>\n<p>El veh\u00edculo transitaba a unos mil metros al oeste del Acceso Oeste de Basavilbaso se sali\u00f3 de la calzada y termin\u00f3 volcando.<\/p>\n<p>Afortunadamente, los dem\u00e1s ocupantes del veh\u00edculo, aunque afectados por el impacto, no sufrieron heridas graves. Inmediatamente despu\u00e9s del incidente,\u00a0<strong>efectivos de la Polic\u00eda de Basavilbaso acudieron al lugar para brindar asistencia a los accidentados.<\/strong><\/p>\n<p>Con aparentes lesiones leves,\u00a0<strong>un integrante del equipo del Servicio Penitenciario y el reo fueron trasladados al Hospital local para recibir atenci\u00f3n m\u00e9dica.<\/strong><\/p>\n<p>En tanto, los Bomberos de Basavilbaso colaboraron con la organizaci\u00f3n del tr\u00e1nsito en la zona, que estuvo parcialmente afectado por el siniestro mientras se realizaban las tareas de rescate y auxilio.<\/p>\n<p>Afortunadamente,\u00a0<strong>las lesiones de las personas involucradas no revisten gravedad<\/strong>, y se espera que en las pr\u00f3ximas horas se puedan conocer m\u00e1s detalles sobre el estado de salud de los heridos.<em> (Ahora)<\/em><\/p>\n","protected":false},"excerpt":{"rendered":"<p>El siniestro vial ocurri\u00f3 en la ruta 39. El conductor asegur\u00f3 que no pudo controlar el veh\u00edculo por el estado de la calzada.<\/p>\n","protected":false},"author":8,"featured_media":217533,"comment_status":"open","ping_status":"open","sticky":false,"template":"","format":"standard","meta":{"fifu_image_url":"","fifu_image_alt":"","footnotes":""},"categories":[14],"tags":[304,507,3214],"class_list":{"0":"post-217531","1":"post","2":"type-post","3":"status-publish","4":"format-standard","5":"has-post-thumbnail","7":"category-policiales","8":"tag-accidente-vial","9":"tag-victoria","10":"tag-vuelco"},"yoast_head":"<title>Accidente en Ruta 39: unidad de traslado penitenciario volc\u00f3 y dej\u00f3 dos heridos - Informe Litoral<\/title>\n<meta name=\"robots\" content=\"index, follow, max-snippet:-1, max-image-preview:large, max-video-preview:-1\" \/>\n<link rel=\"canonical\" href=\"https:\/\/informelitoral.com.ar\/ccidente-en-ruta-39-unidad-de-traslado-penitenciario-vuelca-tras-cruzar-charco\/\" \/>\n<meta property=\"og:locale\" content=\"es_ES\" \/>\n<meta property=\"og:type\" content=\"article\" \/>\n<meta property=\"og:title\" content=\"Accidente en Ruta 39: unidad de traslado penitenciario volc\u00f3 y dej\u00f3 dos heridos - Informe Litoral\" \/>\n<meta property=\"og:description\" content=\"El siniestro vial ocurri\u00f3 en la ruta 39. El conductor asegur\u00f3 que no pudo controlar el veh\u00edculo por el estado de la calzada.\" \/>\n<meta property=\"og:url\" content=\"https:\/\/informelitoral.com.ar\/ccidente-en-ruta-39-unidad-de-traslado-penitenciario-vuelca-tras-cruzar-charco\/\" \/>\n<meta property=\"og:site_name\" content=\"Informe Litoral\" \/>\n<meta property=\"article:publisher\" content=\"https:\/\/www.facebook.com\/informelitoral\/\" \/>\n<meta property=\"article:published_time\" content=\"2025-04-07T13:57:52+00:00\" \/>\n<meta property=\"article:modified_time\" content=\"2025-04-08T00:45:02+00:00\" \/>\n<meta property=\"og:image\" content=\"https:\/\/informelitoral.com.ar\/%77%70%2d%63%6f%6e%74%65%6e%74\/uploads\/2025\/04\/vuelco-ruta-39.webp\" \/>\n\t<meta property=\"og:image:width\" content=\"696\" \/>\n\t<meta property=\"og:image:height\" content=\"424\" \/>\n\t<meta property=\"og:image:type\" content=\"image\/webp\" \/>\n<meta name=\"author\" content=\"Sebastian\" \/>\n<meta name=\"twitter:card\" content=\"summary_large_image\" \/>\n<meta name=\"twitter:creator\" content=\"@InformeLitoral\" \/>\n<meta name=\"twitter:site\" content=\"@InformeLitoral\" \/>\n<meta name=\"twitter:label1\" content=\"Escrito por\" \/>\n\t<meta name=\"twitter:data1\" content=\"Sebastian\" \/>\n\t<meta name=\"twitter:label2\" content=\"Tiempo de lectura\" \/>\n\t<meta name=\"twitter:data2\" content=\"1 minuto\" \/>\n<script type=\"application\/ld+json\" class=\"yoast-schema-graph\">{\"@context\":\"https:\\\/\\\/schema.org\",\"@graph\":[{\"@type\":\"Article\",\"@id\":\"https:\\\/\\\/informelitoral.com.ar\\\/ccidente-en-ruta-39-unidad-de-traslado-penitenciario-vuelca-tras-cruzar-charco\\\/#article\",\"isPartOf\":{\"@id\":\"https:\\\/\\\/informelitoral.com.ar\\\/ccidente-en-ruta-39-unidad-de-traslado-penitenciario-vuelca-tras-cruzar-charco\\\/\"},\"author\":{\"name\":\"Sebastian\",\"@id\":\"https:\\\/\\\/informelitoral.com.ar\\\/#\\\/schema\\\/person\\\/f05f9f461677119578717524b127d6d5\"},\"headline\":\"Accidente en Ruta 39: unidad de traslado penitenciario volc\u00f3 y dej\u00f3 dos heridos\",\"datePublished\":\"2025-04-07T13:57:52+00:00\",\"dateModified\":\"2025-04-08T00:45:02+00:00\",\"mainEntityOfPage\":{\"@id\":\"https:\\\/\\\/informelitoral.com.ar\\\/ccidente-en-ruta-39-unidad-de-traslado-penitenciario-vuelca-tras-cruzar-charco\\\/\"},\"wordCount\":258,\"commentCount\":0,\"publisher\":{\"@id\":\"https:\\\/\\\/informelitoral.com.ar\\\/#organization\"},\"image\":{\"@id\":\"https:\\\/\\\/informelitoral.com.ar\\\/ccidente-en-ruta-39-unidad-de-traslado-penitenciario-vuelca-tras-cruzar-charco\\\/#primaryimage\"},\"thumbnailUrl\":\"https:\\\/\\\/informelitoral.com.ar\\\/%77%70%2d%63%6f%6e%74%65%6e%74\\\/uploads\\\/2025\\\/04\\\/vuelco-ruta-39.webp\",\"keywords\":[\"Accidente vial\",\"Victoria\",\"vuelco\"],\"articleSection\":[\"Policiales\"],\"inLanguage\":\"es\",\"potentialAction\":[{\"@type\":\"CommentAction\",\"name\":\"Comment\",\"target\":[\"https:\\\/\\\/informelitoral.com.ar\\\/ccidente-en-ruta-39-unidad-de-traslado-penitenciario-vuelca-tras-cruzar-charco\\\/#respond\"]}]},{\"@type\":\"WebPage\",\"@id\":\"https:\\\/\\\/informelitoral.com.ar\\\/ccidente-en-ruta-39-unidad-de-traslado-penitenciario-vuelca-tras-cruzar-charco\\\/\",\"url\":\"https:\\\/\\\/informelitoral.com.ar\\\/ccidente-en-ruta-39-unidad-de-traslado-penitenciario-vuelca-tras-cruzar-charco\\\/\",\"name\":\"Accidente en Ruta 39: unidad de traslado penitenciario volc\u00f3 y dej\u00f3 dos heridos - Informe Litoral\",\"isPartOf\":{\"@id\":\"https:\\\/\\\/informelitoral.com.ar\\\/#website\"},\"primaryImageOfPage\":{\"@id\":\"https:\\\/\\\/informelitoral.com.ar\\\/ccidente-en-ruta-39-unidad-de-traslado-penitenciario-vuelca-tras-cruzar-charco\\\/#primaryimage\"},\"image\":{\"@id\":\"https:\\\/\\\/informelitoral.com.ar\\\/ccidente-en-ruta-39-unidad-de-traslado-penitenciario-vuelca-tras-cruzar-charco\\\/#primaryimage\"},\"thumbnailUrl\":\"https:\\\/\\\/informelitoral.com.ar\\\/%77%70%2d%63%6f%6e%74%65%6e%74\\\/uploads\\\/2025\\\/04\\\/vuelco-ruta-39.webp\",\"datePublished\":\"2025-04-07T13:57:52+00:00\",\"dateModified\":\"2025-04-08T00:45:02+00:00\",\"breadcrumb\":{\"@id\":\"https:\\\/\\\/informelitoral.com.ar\\\/ccidente-en-ruta-39-unidad-de-traslado-penitenciario-vuelca-tras-cruzar-charco\\\/#breadcrumb\"},\"inLanguage\":\"es\",\"potentialAction\":[{\"@type\":\"ReadAction\",\"target\":[\"https:\\\/\\\/informelitoral.com.ar\\\/ccidente-en-ruta-39-unidad-de-traslado-penitenciario-vuelca-tras-cruzar-charco\\\/\"]}]},{\"@type\":\"ImageObject\",\"inLanguage\":\"es\",\"@id\":\"https:\\\/\\\/informelitoral.com.ar\\\/ccidente-en-ruta-39-unidad-de-traslado-penitenciario-vuelca-tras-cruzar-charco\\\/#primaryimage\",\"url\":\"https:\\\/\\\/informelitoral.com.ar\\\/%77%70%2d%63%6f%6e%74%65%6e%74\\\/uploads\\\/2025\\\/04\\\/vuelco-ruta-39.webp\",\"contentUrl\":\"https:\\\/\\\/informelitoral.com.ar\\\/%77%70%2d%63%6f%6e%74%65%6e%74\\\/uploads\\\/2025\\\/04\\\/vuelco-ruta-39.webp\",\"width\":696,\"height\":424},{\"@type\":\"BreadcrumbList\",\"@id\":\"https:\\\/\\\/informelitoral.com.ar\\\/ccidente-en-ruta-39-unidad-de-traslado-penitenciario-vuelca-tras-cruzar-charco\\\/#breadcrumb\",\"itemListElement\":[{\"@type\":\"ListItem\",\"position\":1,\"name\":\"Portada\",\"item\":\"https:\\\/\\\/informelitoral.com.ar\\\/\"},{\"@type\":\"ListItem\",\"position\":2,\"name\":\"Accidente en Ruta 39: unidad de traslado penitenciario volc\u00f3 y dej\u00f3 dos heridos\"}]},{\"@type\":\"WebSite\",\"@id\":\"https:\\\/\\\/informelitoral.com.ar\\\/#website\",\"url\":\"https:\\\/\\\/informelitoral.com.ar\\\/\",\"name\":\"Informe Litoral\",\"description\":\"&quot;Nos informamos&quot; \",\"publisher\":{\"@id\":\"https:\\\/\\\/informelitoral.com.ar\\\/#organization\"},\"potentialAction\":[{\"@type\":\"SearchAction\",\"target\":{\"@type\":\"EntryPoint\",\"urlTemplate\":\"https:\\\/\\\/informelitoral.com.ar\\\/?s={search_term_string}\"},\"query-input\":{\"@type\":\"PropertyValueSpecification\",\"valueRequired\":true,\"valueName\":\"search_term_string\"}}],\"inLanguage\":\"es\"},{\"@type\":\"Organization\",\"@id\":\"https:\\\/\\\/informelitoral.com.ar\\\/#organization\",\"name\":\"Informe Litoral\",\"url\":\"https:\\\/\\\/informelitoral.com.ar\\\/\",\"logo\":{\"@type\":\"ImageObject\",\"inLanguage\":\"es\",\"@id\":\"https:\\\/\\\/informelitoral.com.ar\\\/#\\\/schema\\\/logo\\\/image\\\/\",\"url\":\"https:\\\/\\\/informelitoral.com.ar\\\/%77%70%2d%63%6f%6e%74%65%6e%74\\\/uploads\\\/2021\\\/01\\\/circulo.png\",\"contentUrl\":\"https:\\\/\\\/informelitoral.com.ar\\\/%77%70%2d%63%6f%6e%74%65%6e%74\\\/uploads\\\/2021\\\/01\\\/circulo.png\",\"width\":723,\"height\":731,\"caption\":\"Informe Litoral\"},\"image\":{\"@id\":\"https:\\\/\\\/informelitoral.com.ar\\\/#\\\/schema\\\/logo\\\/image\\\/\"},\"sameAs\":[\"https:\\\/\\\/www.facebook.com\\\/informelitoral\\\/\",\"https:\\\/\\\/x.com\\\/InformeLitoral\",\"https:\\\/\\\/www.instagram.com\\\/informelitoral\\\/\",\"https:\\\/\\\/www.youtube.com\\\/channel\\\/UCua4Qvz8Icb6MYqhoq9xLXw\"]},{\"@type\":\"Person\",\"@id\":\"https:\\\/\\\/informelitoral.com.ar\\\/#\\\/schema\\\/person\\\/f05f9f461677119578717524b127d6d5\",\"name\":\"Sebastian\",\"image\":{\"@type\":\"ImageObject\",\"inLanguage\":\"es\",\"@id\":\"https:\\\/\\\/secure.gravatar.com\\\/avatar\\\/b71bf7481d447dfb9583c7f2798e7cc64de6efb9067b74633ed8c31059a3bd82?s=96&d=mm&r=g\",\"url\":\"https:\\\/\\\/secure.gravatar.com\\\/avatar\\\/b71bf7481d447dfb9583c7f2798e7cc64de6efb9067b74633ed8c31059a3bd82?s=96&d=mm&r=g\",\"contentUrl\":\"https:\\\/\\\/secure.gravatar.com\\\/avatar\\\/b71bf7481d447dfb9583c7f2798e7cc64de6efb9067b74633ed8c31059a3bd82?s=96&d=mm&r=g\",\"caption\":\"Sebastian\"},\"url\":\"https:\\\/\\\/informelitoral.com.ar\\\/author\\\/sebastian\\\/\"}]}<\/script>","yoast_head_json":{"title":"Accidente en Ruta 39: unidad de traslado penitenciario volc\u00f3 y dej\u00f3 dos heridos - Informe Litoral","robots":{"index":"index","follow":"follow","max-snippet":"max-snippet:-1","max-image-preview":"max-image-preview:large","max-video-preview":"max-video-preview:-1"},"canonical":"https:\/\/informelitoral.com.ar\/ccidente-en-ruta-39-unidad-de-traslado-penitenciario-vuelca-tras-cruzar-charco\/","og_locale":"es_ES","og_type":"article","og_title":"Accidente en Ruta 39: unidad de traslado penitenciario volc\u00f3 y dej\u00f3 dos heridos - Informe Litoral","og_description":"El siniestro vial ocurri\u00f3 en la ruta 39. El conductor asegur\u00f3 que no pudo controlar el veh\u00edculo por el estado de la calzada.","og_url":"https:\/\/informelitoral.com.ar\/ccidente-en-ruta-39-unidad-de-traslado-penitenciario-vuelca-tras-cruzar-charco\/","og_site_name":"Informe Litoral","article_publisher":"https:\/\/www.facebook.com\/informelitoral\/","article_published_time":"2025-04-07T13:57:52+00:00","article_modified_time":"2025-04-08T00:45:02+00:00","og_image":[{"width":696,"height":424,"url":"https:\/\/informelitoral.com.ar\/%77%70%2d%63%6f%6e%74%65%6e%74\/uploads\/2025\/04\/vuelco-ruta-39.webp","type":"image\/webp"}],"author":"Sebastian","twitter_card":"summary_large_image","twitter_creator":"@InformeLitoral","twitter_site":"@InformeLitoral","twitter_misc":{"Escrito por":"Sebastian","Tiempo de lectura":"1 minuto"},"schema":{"@context":"https:\/\/schema.org","@graph":[{"@type":"Article","@id":"https:\/\/informelitoral.com.ar\/ccidente-en-ruta-39-unidad-de-traslado-penitenciario-vuelca-tras-cruzar-charco\/#article","isPartOf":{"@id":"https:\/\/informelitoral.com.ar\/ccidente-en-ruta-39-unidad-de-traslado-penitenciario-vuelca-tras-cruzar-charco\/"},"author":{"name":"Sebastian","@id":"https:\/\/informelitoral.com.ar\/#\/schema\/person\/f05f9f461677119578717524b127d6d5"},"headline":"Accidente en Ruta 39: unidad de traslado penitenciario volc\u00f3 y dej\u00f3 dos heridos","datePublished":"2025-04-07T13:57:52+00:00","dateModified":"2025-04-08T00:45:02+00:00","mainEntityOfPage":{"@id":"https:\/\/informelitoral.com.ar\/ccidente-en-ruta-39-unidad-de-traslado-penitenciario-vuelca-tras-cruzar-charco\/"},"wordCount":258,"commentCount":0,"publisher":{"@id":"https:\/\/informelitoral.com.ar\/#organization"},"image":{"@id":"https:\/\/informelitoral.com.ar\/ccidente-en-ruta-39-unidad-de-traslado-penitenciario-vuelca-tras-cruzar-charco\/#primaryimage"},"thumbnailUrl":"https:\/\/informelitoral.com.ar\/%77%70%2d%63%6f%6e%74%65%6e%74\/uploads\/2025\/04\/vuelco-ruta-39.webp","keywords":["Accidente vial","Victoria","vuelco"],"articleSection":["Policiales"],"inLanguage":"es","potentialAction":[{"@type":"CommentAction","name":"Comment","target":["https:\/\/informelitoral.com.ar\/ccidente-en-ruta-39-unidad-de-traslado-penitenciario-vuelca-tras-cruzar-charco\/#respond"]}]},{"@type":"WebPage","@id":"https:\/\/informelitoral.com.ar\/ccidente-en-ruta-39-unidad-de-traslado-penitenciario-vuelca-tras-cruzar-charco\/","url":"https:\/\/informelitoral.com.ar\/ccidente-en-ruta-39-unidad-de-traslado-penitenciario-vuelca-tras-cruzar-charco\/","name":"Accidente en Ruta 39: unidad de traslado penitenciario volc\u00f3 y dej\u00f3 dos heridos - Informe Litoral","isPartOf":{"@id":"https:\/\/informelitoral.com.ar\/#website"},"primaryImageOfPage":{"@id":"https:\/\/informelitoral.com.ar\/ccidente-en-ruta-39-unidad-de-traslado-penitenciario-vuelca-tras-cruzar-charco\/#primaryimage"},"image":{"@id":"https:\/\/informelitoral.com.ar\/ccidente-en-ruta-39-unidad-de-traslado-penitenciario-vuelca-tras-cruzar-charco\/#primaryimage"},"thumbnailUrl":"https:\/\/informelitoral.com.ar\/%77%70%2d%63%6f%6e%74%65%6e%74\/uploads\/2025\/04\/vuelco-ruta-39.webp","datePublished":"2025-04-07T13:57:52+00:00","dateModified":"2025-04-08T00:45:02+00:00","breadcrumb":{"@id":"https:\/\/informelitoral.com.ar\/ccidente-en-ruta-39-unidad-de-traslado-penitenciario-vuelca-tras-cruzar-charco\/#breadcrumb"},"inLanguage":"es","potentialAction":[{"@type":"ReadAction","target":["https:\/\/informelitoral.com.ar\/ccidente-en-ruta-39-unidad-de-traslado-penitenciario-vuelca-tras-cruzar-charco\/"]}]},{"@type":"ImageObject","inLanguage":"es","@id":"https:\/\/informelitoral.com.ar\/ccidente-en-ruta-39-unidad-de-traslado-penitenciario-vuelca-tras-cruzar-charco\/#primaryimage","url":"https:\/\/informelitoral.com.ar\/%77%70%2d%63%6f%6e%74%65%6e%74\/uploads\/2025\/04\/vuelco-ruta-39.webp","contentUrl":"https:\/\/informelitoral.com.ar\/%77%70%2d%63%6f%6e%74%65%6e%74\/uploads\/2025\/04\/vuelco-ruta-39.webp","width":696,"height":424},{"@type":"BreadcrumbList","@id":"https:\/\/informelitoral.com.ar\/ccidente-en-ruta-39-unidad-de-traslado-penitenciario-vuelca-tras-cruzar-charco\/#breadcrumb","itemListElement":[{"@type":"ListItem","position":1,"name":"Portada","item":"https:\/\/informelitoral.com.ar\/"},{"@type":"ListItem","position":2,"name":"Accidente en Ruta 39: unidad de traslado penitenciario volc\u00f3 y dej\u00f3 dos heridos"}]},{"@type":"WebSite","@id":"https:\/\/informelitoral.com.ar\/#website","url":"https:\/\/informelitoral.com.ar\/","name":"Informe Litoral","description":"&quot;Nos informamos&quot; ","publisher":{"@id":"https:\/\/informelitoral.com.ar\/#organization"},"potentialAction":[{"@type":"SearchAction","target":{"@type":"EntryPoint","urlTemplate":"https:\/\/informelitoral.com.ar\/?s={search_term_string}"},"query-input":{"@type":"PropertyValueSpecification","valueRequired":true,"valueName":"search_term_string"}}],"inLanguage":"es"},{"@type":"Organization","@id":"https:\/\/informelitoral.com.ar\/#organization","name":"Informe Litoral","url":"https:\/\/informelitoral.com.ar\/","logo":{"@type":"ImageObject","inLanguage":"es","@id":"https:\/\/informelitoral.com.ar\/#\/schema\/logo\/image\/","url":"https:\/\/informelitoral.com.ar\/%77%70%2d%63%6f%6e%74%65%6e%74\/uploads\/2021\/01\/circulo.png","contentUrl":"https:\/\/informelitoral.com.ar\/%77%70%2d%63%6f%6e%74%65%6e%74\/uploads\/2021\/01\/circulo.png","width":723,"height":731,"caption":"Informe Litoral"},"image":{"@id":"https:\/\/informelitoral.com.ar\/#\/schema\/logo\/image\/"},"sameAs":["https:\/\/www.facebook.com\/informelitoral\/","https:\/\/x.com\/InformeLitoral","https:\/\/www.instagram.com\/informelitoral\/","https:\/\/www.youtube.com\/channel\/UCua4Qvz8Icb6MYqhoq9xLXw"]},{"@type":"Person","@id":"https:\/\/informelitoral.com.ar\/#\/schema\/person\/f05f9f461677119578717524b127d6d5","name":"Sebastian","image":{"@type":"ImageObject","inLanguage":"es","@id":"https:\/\/secure.gravatar.com\/avatar\/b71bf7481d447dfb9583c7f2798e7cc64de6efb9067b74633ed8c31059a3bd82?s=96&d=mm&r=g","url":"https:\/\/secure.gravatar.com\/avatar\/b71bf7481d447dfb9583c7f2798e7cc64de6efb9067b74633ed8c31059a3bd82?s=96&d=mm&r=g","contentUrl":"https:\/\/secure.gravatar.com\/avatar\/b71bf7481d447dfb9583c7f2798e7cc64de6efb9067b74633ed8c31059a3bd82?s=96&d=mm&r=g","caption":"Sebastian"},"url":"https:\/\/informelitoral.com.ar\/author\/sebastian\/"}]}},"_links":{"self":[{"href":"https:\/\/informelitoral.com.ar\/%77%70%2d%6a%73%6f%6e\/wp\/v2\/posts\/217531","targetHints":{"allow":["GET"]}}],"collection":[{"href":"https:\/\/informelitoral.com.ar\/%77%70%2d%6a%73%6f%6e\/wp\/v2\/posts"}],"about":[{"href":"https:\/\/informelitoral.com.ar\/%77%70%2d%6a%73%6f%6e\/wp\/v2\/types\/post"}],"author":[{"embeddable":true,"href":"https:\/\/informelitoral.com.ar\/%77%70%2d%6a%73%6f%6e\/wp\/v2\/users\/8"}],"replies":[{"embeddable":true,"href":"https:\/\/informelitoral.com.ar\/%77%70%2d%6a%73%6f%6e\/wp\/v2\/comments?post=217531"}],"version-history":[{"count":0,"href":"https:\/\/informelitoral.com.ar\/%77%70%2d%6a%73%6f%6e\/wp\/v2\/posts\/217531\/revisions"}],"wp:featuredmedia":[{"embeddable":true,"href":"https:\/\/informelitoral.com.ar\/%77%70%2d%6a%73%6f%6e\/wp\/v2\/media\/217533"}],"wp:attachment":[{"href":"https:\/\/informelitoral.com.ar\/%77%70%2d%6a%73%6f%6e\/wp\/v2\/media?parent=217531"}],"wp:term":[{"taxonomy":"category","embeddable":true,"href":"https:\/\/informelitoral.com.ar\/%77%70%2d%6a%73%6f%6e\/wp\/v2\/categories?post=217531"},{"taxonomy":"post_tag","embeddable":true,"href":"https:\/\/informelitoral.com.ar\/%77%70%2d%6a%73%6f%6e\/wp\/v2\/tags?post=217531"}],"curies":[{"name":"wp","href":"https:\/\/api.w.org\/{rel}","templated":true}]}}