{"id":217522,"date":"2025-04-07T10:02:44","date_gmt":"2025-04-07T13:02:44","guid":{"rendered":"https:\/\/informelitoral.com.ar\/?p=217522"},"modified":"2025-04-07T10:03:52","modified_gmt":"2025-04-07T13:03:52","slug":"la-vicegobernadora-participo-del-becario-en-escena-en-nogoya","status":"publish","type":"post","link":"https:\/\/informelitoral.com.ar\/la-vicegobernadora-participo-del-becario-en-escena-en-nogoya\/","title":{"rendered":"La vicegobernadora particip\u00f3 del Becario en Escena en Nogoy\u00e1"},"content":{"rendered":"<p>El concurso, que se desarroll\u00f3 en la Asociaci\u00f3n Cultural de Nogoy\u00e1, cont\u00f3 con la participaci\u00f3n de estudiantes de distintas localidades que resultaron ganadores del certamen en Nogoy\u00e1, Gualeguay y Federaci\u00f3n en el 2024.<\/p>\n<p>Estuvieron presentes en la actividad, el senador por el departamento Nogoy\u00e1, Rafael Cavagna; el director del Instituto Becario, Mariano Berdi\u00f1as; el intendente Bernardo Schneider; el presidente del Instituto Aut\u00e1rquico de Planeamiento y Vivienda (IAPV), Manuel Sch\u00f6nhals; la coordinadora de la Honorable C\u00e1mara de Senadores, Julieta Sosa y la coordinadora de Cultura, Turismo y Educaci\u00f3n de la Municipalidad de Nogoy\u00e1, Karina Clement\u00edn.<\/p>\n<p>Durante el acto las autoridades entregaron las menciones y obsequios a los participantes.<\/p>\n<h2><strong>J\u00f3venes talentos<\/strong><\/h2>\n<p>Al hacer uso de la palabra, la vicegobernadora expres\u00f3 que \u201ctener tantos j\u00f3venes talentos en este escenario es un orgullo y me llena de alegr\u00eda y de emoci\u00f3n, porque detr\u00e1s de cada uno de ellos hay esfuerzo, hay compromiso, hay trabajo, hay horas de sue\u00f1o y realmente lo transportan a este lugar y hacen lo que quieren hacer\u201d. En ese sentido, la mandataria afirm\u00f3 que \u201cpor eso necesitan el acompa\u00f1amiento desde el Estado para que se puedan realmente especializar\u201d. Y agreg\u00f3: \u201cHay que apoyarlos para que se puedan desarrollar, para que sea una sociedad un poco m\u00e1s emp\u00e1tica y que realmente tenga valores para seguir reforzando lo que es la identidad cultural y tambi\u00e9n nuestra comunidad\u201d.<\/p>\n<p>En ese sentido, Aluani inst\u00f3 \u201ca todos ustedes j\u00f3venes talentos a que sigan en este camino, que no se decepcionen porque en realidad m\u00e1s que un concurso esto es un incentivo para que puedan seguir en este camino que han elegido hacer\u201d. Tambi\u00e9n manifest\u00f3 que \u201cdetr\u00e1s de cada uno de ellos hay una familia que los apoya y es muy importante estimularlos y dejarlos hacer esto tan hermoso que es comunicarse con su cuerpo, con su voz, con la expresi\u00f3n art\u00edstica que tienen\u201d.<\/p>\n<p>Por su parte, Mariano Berdi\u00f1as, indic\u00f3: \u201cTodos los chicos de ac\u00e1 ya ganaron, lo vamos diciendo en cada una de las etapas que tuvimos, tanto en la ciudad de Nogoy\u00e1, como tambi\u00e9n en Gualeguay o en Federaci\u00f3n\u201d. Al respecto, explic\u00f3 que \u201cellos ya fueron seleccionados por el jurado en su momento y hoy estamos aqu\u00ed simplemente para darle un cierre a lo que fue el Becario de Escena 2024 con esta final\u00edsima\u201d.<\/p>\n<p>\u201cUn chico practicando baile, canto, un deporte, lo que sea, es un chico que est\u00e1 mucho m\u00e1s lejos de algunas problem\u00e1ticas que sabemos que tenemos como sociedad. Y nosotros desde el Becario venimos a hacer nuestro aporte a trav\u00e9s de la herramienta que tenemos, que es la organizaci\u00f3n de estos eventos y dar la posibilidad en materia de los recursos de otorgarles becas\u201d, subray\u00f3. Y ratific\u00f3 que: \u201cLa beca es un acompa\u00f1amiento econ\u00f3mico de un Estado, que es el Estado de la provincia de Entre R\u00edos, que conf\u00eda en sus j\u00f3venes, en sus gurises, en sus estudiantes\u201d.<\/p>\n<h2><strong>Menciones especiales:<\/strong><\/h2>\n<p>\u2043 Celina L\u00f3pez Mu\u00f1oz (Nogoy\u00e1).<br \/>\n\u2043 Nicol\u00e1s Molina (Gualeguay)<br \/>\n\u2043 Bruno Samir \u00c1lvarez y Catalina Pintos (Federaci\u00f3n).<br \/>\n\u2043 Dylan Viano (Federaci\u00f3n).<\/p>\n<h2><strong>Ganadores:<\/strong><\/h2>\n<p>\u2043 Tadeo Sosa Erbes (Nogoy\u00e1).<br \/>\n\u2043 Micaela Molina y Elo\u00edsa Barbaidos (Gualeguay).<br \/>\n\u2043 Atilio Agust\u00edn Acevedo (Nogoy\u00e1)<br \/>\n\u2043 Delfina Acosta y Miguel Mart\u00ednez D\u00edaz (Nogoy\u00e1).<\/p>\n<h2><strong>El Becario en Escena<\/strong><\/h2>\n<p>Es uno de los servicios con que cuenta el Instituto Becario y se distingue por otorgar becas culturales, las cuales est\u00e1n destinadas a estudiantes entrerrianos de 6 a 25 a\u00f1os. Las mismas son otorgadas mediante un certamen de talentos realizado en diferentes localidades de la provincia.<\/p>\n<p>De esta manera, el artista mostrar\u00e1 sus habilidades ante un jurado que est\u00e1 integrado por un reconocido jurado. En t\u00e9rminos generales, los participantes pueden presentarse de forma individual o grupal hasta seis integrantes, en tanto que el concurso est\u00e1 dividido por edad y rubro.<\/p>\n<p>El beneficio de la beca cultural se otorga durante el t\u00e9rmino de ocho meses, y la finalidad es acompa\u00f1ar al artista en el perfeccionamiento de su talento.<\/p>\n","protected":false},"excerpt":{"rendered":"<p>Este s\u00e1bado se desarroll\u00f3 una nueva edici\u00f3n de la \u201cFinal\u00edsima Becario en Escena 2025\u201d, y cont\u00f3 con la presencia de Alicia Aluani.<\/p>\n","protected":false},"author":8,"featured_media":217523,"comment_status":"open","ping_status":"open","sticky":false,"template":"","format":"standard","meta":{"fifu_image_url":"","fifu_image_alt":"","footnotes":""},"categories":[16],"tags":[4462,4809,74],"class_list":{"0":"post-217522","1":"post","2":"type-post","3":"status-publish","4":"format-standard","5":"has-post-thumbnail","7":"category-politi","8":"tag-alicia-aluani","9":"tag-becario","10":"tag-nogoya"},"yoast_head":"<title>La vicegobernadora particip\u00f3 del Becario en Escena en Nogoy\u00e1 - Informe Litoral<\/title>\n<meta name=\"robots\" content=\"index, follow, max-snippet:-1, max-image-preview:large, max-video-preview:-1\" \/>\n<link rel=\"canonical\" href=\"https:\/\/informelitoral.com.ar\/la-vicegobernadora-participo-del-becario-en-escena-en-nogoya\/\" \/>\n<meta property=\"og:locale\" content=\"es_ES\" \/>\n<meta property=\"og:type\" content=\"article\" \/>\n<meta property=\"og:title\" content=\"La vicegobernadora particip\u00f3 del Becario en Escena en Nogoy\u00e1 - Informe Litoral\" \/>\n<meta property=\"og:description\" content=\"Este s\u00e1bado se desarroll\u00f3 una nueva edici\u00f3n de la \u201cFinal\u00edsima Becario en Escena 2025\u201d, y cont\u00f3 con la presencia de Alicia Aluani.\" \/>\n<meta property=\"og:url\" content=\"https:\/\/informelitoral.com.ar\/la-vicegobernadora-participo-del-becario-en-escena-en-nogoya\/\" \/>\n<meta property=\"og:site_name\" content=\"Informe Litoral\" \/>\n<meta property=\"article:publisher\" content=\"https:\/\/www.facebook.com\/informelitoral\/\" \/>\n<meta property=\"article:published_time\" content=\"2025-04-07T13:02:44+00:00\" \/>\n<meta property=\"article:modified_time\" content=\"2025-04-07T13:03:52+00:00\" \/>\n<meta property=\"og:image\" content=\"https:\/\/informelitoral.com.ar\/%77%70%2d%63%6f%6e%74%65%6e%74\/uploads\/2025\/04\/1-860x573-1.jpeg\" \/>\n\t<meta property=\"og:image:width\" content=\"860\" \/>\n\t<meta property=\"og:image:height\" content=\"573\" \/>\n\t<meta property=\"og:image:type\" content=\"image\/jpeg\" \/>\n<meta name=\"author\" content=\"Sebastian\" \/>\n<meta name=\"twitter:card\" content=\"summary_large_image\" \/>\n<meta name=\"twitter:creator\" content=\"@InformeLitoral\" \/>\n<meta name=\"twitter:site\" content=\"@InformeLitoral\" \/>\n<meta name=\"twitter:label1\" content=\"Escrito por\" \/>\n\t<meta name=\"twitter:data1\" content=\"Sebastian\" \/>\n\t<meta name=\"twitter:label2\" content=\"Tiempo de lectura\" \/>\n\t<meta name=\"twitter:data2\" content=\"3 minutos\" \/>\n<script type=\"application\/ld+json\" class=\"yoast-schema-graph\">{\"@context\":\"https:\\\/\\\/schema.org\",\"@graph\":[{\"@type\":\"Article\",\"@id\":\"https:\\\/\\\/informelitoral.com.ar\\\/la-vicegobernadora-participo-del-becario-en-escena-en-nogoya\\\/#article\",\"isPartOf\":{\"@id\":\"https:\\\/\\\/informelitoral.com.ar\\\/la-vicegobernadora-participo-del-becario-en-escena-en-nogoya\\\/\"},\"author\":{\"name\":\"Sebastian\",\"@id\":\"https:\\\/\\\/informelitoral.com.ar\\\/#\\\/schema\\\/person\\\/f05f9f461677119578717524b127d6d5\"},\"headline\":\"La vicegobernadora particip\u00f3 del Becario en Escena en Nogoy\u00e1\",\"datePublished\":\"2025-04-07T13:02:44+00:00\",\"dateModified\":\"2025-04-07T13:03:52+00:00\",\"mainEntityOfPage\":{\"@id\":\"https:\\\/\\\/informelitoral.com.ar\\\/la-vicegobernadora-participo-del-becario-en-escena-en-nogoya\\\/\"},\"wordCount\":696,\"commentCount\":0,\"publisher\":{\"@id\":\"https:\\\/\\\/informelitoral.com.ar\\\/#organization\"},\"image\":{\"@id\":\"https:\\\/\\\/informelitoral.com.ar\\\/la-vicegobernadora-participo-del-becario-en-escena-en-nogoya\\\/#primaryimage\"},\"thumbnailUrl\":\"https:\\\/\\\/informelitoral.com.ar\\\/%77%70%2d%63%6f%6e%74%65%6e%74\\\/uploads\\\/2025\\\/04\\\/1-860x573-1.jpeg\",\"keywords\":[\"Alicia Aluani\",\"Becario\",\"Nogoy\u00e1\"],\"articleSection\":[\"Politica\"],\"inLanguage\":\"es\",\"potentialAction\":[{\"@type\":\"CommentAction\",\"name\":\"Comment\",\"target\":[\"https:\\\/\\\/informelitoral.com.ar\\\/la-vicegobernadora-participo-del-becario-en-escena-en-nogoya\\\/#respond\"]}]},{\"@type\":\"WebPage\",\"@id\":\"https:\\\/\\\/informelitoral.com.ar\\\/la-vicegobernadora-participo-del-becario-en-escena-en-nogoya\\\/\",\"url\":\"https:\\\/\\\/informelitoral.com.ar\\\/la-vicegobernadora-participo-del-becario-en-escena-en-nogoya\\\/\",\"name\":\"La vicegobernadora particip\u00f3 del Becario en Escena en Nogoy\u00e1 - Informe Litoral\",\"isPartOf\":{\"@id\":\"https:\\\/\\\/informelitoral.com.ar\\\/#website\"},\"primaryImageOfPage\":{\"@id\":\"https:\\\/\\\/informelitoral.com.ar\\\/la-vicegobernadora-participo-del-becario-en-escena-en-nogoya\\\/#primaryimage\"},\"image\":{\"@id\":\"https:\\\/\\\/informelitoral.com.ar\\\/la-vicegobernadora-participo-del-becario-en-escena-en-nogoya\\\/#primaryimage\"},\"thumbnailUrl\":\"https:\\\/\\\/informelitoral.com.ar\\\/%77%70%2d%63%6f%6e%74%65%6e%74\\\/uploads\\\/2025\\\/04\\\/1-860x573-1.jpeg\",\"datePublished\":\"2025-04-07T13:02:44+00:00\",\"dateModified\":\"2025-04-07T13:03:52+00:00\",\"breadcrumb\":{\"@id\":\"https:\\\/\\\/informelitoral.com.ar\\\/la-vicegobernadora-participo-del-becario-en-escena-en-nogoya\\\/#breadcrumb\"},\"inLanguage\":\"es\",\"potentialAction\":[{\"@type\":\"ReadAction\",\"target\":[\"https:\\\/\\\/informelitoral.com.ar\\\/la-vicegobernadora-participo-del-becario-en-escena-en-nogoya\\\/\"]}]},{\"@type\":\"ImageObject\",\"inLanguage\":\"es\",\"@id\":\"https:\\\/\\\/informelitoral.com.ar\\\/la-vicegobernadora-participo-del-becario-en-escena-en-nogoya\\\/#primaryimage\",\"url\":\"https:\\\/\\\/informelitoral.com.ar\\\/%77%70%2d%63%6f%6e%74%65%6e%74\\\/uploads\\\/2025\\\/04\\\/1-860x573-1.jpeg\",\"contentUrl\":\"https:\\\/\\\/informelitoral.com.ar\\\/%77%70%2d%63%6f%6e%74%65%6e%74\\\/uploads\\\/2025\\\/04\\\/1-860x573-1.jpeg\",\"width\":860,\"height\":573},{\"@type\":\"BreadcrumbList\",\"@id\":\"https:\\\/\\\/informelitoral.com.ar\\\/la-vicegobernadora-participo-del-becario-en-escena-en-nogoya\\\/#breadcrumb\",\"itemListElement\":[{\"@type\":\"ListItem\",\"position\":1,\"name\":\"Portada\",\"item\":\"https:\\\/\\\/informelitoral.com.ar\\\/\"},{\"@type\":\"ListItem\",\"position\":2,\"name\":\"La vicegobernadora particip\u00f3 del Becario en Escena en Nogoy\u00e1\"}]},{\"@type\":\"WebSite\",\"@id\":\"https:\\\/\\\/informelitoral.com.ar\\\/#website\",\"url\":\"https:\\\/\\\/informelitoral.com.ar\\\/\",\"name\":\"Informe Litoral\",\"description\":\"&quot;Nos informamos&quot; \",\"publisher\":{\"@id\":\"https:\\\/\\\/informelitoral.com.ar\\\/#organization\"},\"potentialAction\":[{\"@type\":\"SearchAction\",\"target\":{\"@type\":\"EntryPoint\",\"urlTemplate\":\"https:\\\/\\\/informelitoral.com.ar\\\/?s={search_term_string}\"},\"query-input\":{\"@type\":\"PropertyValueSpecification\",\"valueRequired\":true,\"valueName\":\"search_term_string\"}}],\"inLanguage\":\"es\"},{\"@type\":\"Organization\",\"@id\":\"https:\\\/\\\/informelitoral.com.ar\\\/#organization\",\"name\":\"Informe Litoral\",\"url\":\"https:\\\/\\\/informelitoral.com.ar\\\/\",\"logo\":{\"@type\":\"ImageObject\",\"inLanguage\":\"es\",\"@id\":\"https:\\\/\\\/informelitoral.com.ar\\\/#\\\/schema\\\/logo\\\/image\\\/\",\"url\":\"https:\\\/\\\/informelitoral.com.ar\\\/%77%70%2d%63%6f%6e%74%65%6e%74\\\/uploads\\\/2021\\\/01\\\/circulo.png\",\"contentUrl\":\"https:\\\/\\\/informelitoral.com.ar\\\/%77%70%2d%63%6f%6e%74%65%6e%74\\\/uploads\\\/2021\\\/01\\\/circulo.png\",\"width\":723,\"height\":731,\"caption\":\"Informe Litoral\"},\"image\":{\"@id\":\"https:\\\/\\\/informelitoral.com.ar\\\/#\\\/schema\\\/logo\\\/image\\\/\"},\"sameAs\":[\"https:\\\/\\\/www.facebook.com\\\/informelitoral\\\/\",\"https:\\\/\\\/x.com\\\/InformeLitoral\",\"https:\\\/\\\/www.instagram.com\\\/informelitoral\\\/\",\"https:\\\/\\\/www.youtube.com\\\/channel\\\/UCua4Qvz8Icb6MYqhoq9xLXw\"]},{\"@type\":\"Person\",\"@id\":\"https:\\\/\\\/informelitoral.com.ar\\\/#\\\/schema\\\/person\\\/f05f9f461677119578717524b127d6d5\",\"name\":\"Sebastian\",\"image\":{\"@type\":\"ImageObject\",\"inLanguage\":\"es\",\"@id\":\"https:\\\/\\\/secure.gravatar.com\\\/avatar\\\/b71bf7481d447dfb9583c7f2798e7cc64de6efb9067b74633ed8c31059a3bd82?s=96&d=mm&r=g\",\"url\":\"https:\\\/\\\/secure.gravatar.com\\\/avatar\\\/b71bf7481d447dfb9583c7f2798e7cc64de6efb9067b74633ed8c31059a3bd82?s=96&d=mm&r=g\",\"contentUrl\":\"https:\\\/\\\/secure.gravatar.com\\\/avatar\\\/b71bf7481d447dfb9583c7f2798e7cc64de6efb9067b74633ed8c31059a3bd82?s=96&d=mm&r=g\",\"caption\":\"Sebastian\"},\"url\":\"https:\\\/\\\/informelitoral.com.ar\\\/author\\\/sebastian\\\/\"}]}<\/script>","yoast_head_json":{"title":"La vicegobernadora particip\u00f3 del Becario en Escena en Nogoy\u00e1 - Informe Litoral","robots":{"index":"index","follow":"follow","max-snippet":"max-snippet:-1","max-image-preview":"max-image-preview:large","max-video-preview":"max-video-preview:-1"},"canonical":"https:\/\/informelitoral.com.ar\/la-vicegobernadora-participo-del-becario-en-escena-en-nogoya\/","og_locale":"es_ES","og_type":"article","og_title":"La vicegobernadora particip\u00f3 del Becario en Escena en Nogoy\u00e1 - Informe Litoral","og_description":"Este s\u00e1bado se desarroll\u00f3 una nueva edici\u00f3n de la \u201cFinal\u00edsima Becario en Escena 2025\u201d, y cont\u00f3 con la presencia de Alicia Aluani.","og_url":"https:\/\/informelitoral.com.ar\/la-vicegobernadora-participo-del-becario-en-escena-en-nogoya\/","og_site_name":"Informe Litoral","article_publisher":"https:\/\/www.facebook.com\/informelitoral\/","article_published_time":"2025-04-07T13:02:44+00:00","article_modified_time":"2025-04-07T13:03:52+00:00","og_image":[{"width":860,"height":573,"url":"https:\/\/informelitoral.com.ar\/%77%70%2d%63%6f%6e%74%65%6e%74\/uploads\/2025\/04\/1-860x573-1.jpeg","type":"image\/jpeg"}],"author":"Sebastian","twitter_card":"summary_large_image","twitter_creator":"@InformeLitoral","twitter_site":"@InformeLitoral","twitter_misc":{"Escrito por":"Sebastian","Tiempo de lectura":"3 minutos"},"schema":{"@context":"https:\/\/schema.org","@graph":[{"@type":"Article","@id":"https:\/\/informelitoral.com.ar\/la-vicegobernadora-participo-del-becario-en-escena-en-nogoya\/#article","isPartOf":{"@id":"https:\/\/informelitoral.com.ar\/la-vicegobernadora-participo-del-becario-en-escena-en-nogoya\/"},"author":{"name":"Sebastian","@id":"https:\/\/informelitoral.com.ar\/#\/schema\/person\/f05f9f461677119578717524b127d6d5"},"headline":"La vicegobernadora particip\u00f3 del Becario en Escena en Nogoy\u00e1","datePublished":"2025-04-07T13:02:44+00:00","dateModified":"2025-04-07T13:03:52+00:00","mainEntityOfPage":{"@id":"https:\/\/informelitoral.com.ar\/la-vicegobernadora-participo-del-becario-en-escena-en-nogoya\/"},"wordCount":696,"commentCount":0,"publisher":{"@id":"https:\/\/informelitoral.com.ar\/#organization"},"image":{"@id":"https:\/\/informelitoral.com.ar\/la-vicegobernadora-participo-del-becario-en-escena-en-nogoya\/#primaryimage"},"thumbnailUrl":"https:\/\/informelitoral.com.ar\/%77%70%2d%63%6f%6e%74%65%6e%74\/uploads\/2025\/04\/1-860x573-1.jpeg","keywords":["Alicia Aluani","Becario","Nogoy\u00e1"],"articleSection":["Politica"],"inLanguage":"es","potentialAction":[{"@type":"CommentAction","name":"Comment","target":["https:\/\/informelitoral.com.ar\/la-vicegobernadora-participo-del-becario-en-escena-en-nogoya\/#respond"]}]},{"@type":"WebPage","@id":"https:\/\/informelitoral.com.ar\/la-vicegobernadora-participo-del-becario-en-escena-en-nogoya\/","url":"https:\/\/informelitoral.com.ar\/la-vicegobernadora-participo-del-becario-en-escena-en-nogoya\/","name":"La vicegobernadora particip\u00f3 del Becario en Escena en Nogoy\u00e1 - Informe Litoral","isPartOf":{"@id":"https:\/\/informelitoral.com.ar\/#website"},"primaryImageOfPage":{"@id":"https:\/\/informelitoral.com.ar\/la-vicegobernadora-participo-del-becario-en-escena-en-nogoya\/#primaryimage"},"image":{"@id":"https:\/\/informelitoral.com.ar\/la-vicegobernadora-participo-del-becario-en-escena-en-nogoya\/#primaryimage"},"thumbnailUrl":"https:\/\/informelitoral.com.ar\/%77%70%2d%63%6f%6e%74%65%6e%74\/uploads\/2025\/04\/1-860x573-1.jpeg","datePublished":"2025-04-07T13:02:44+00:00","dateModified":"2025-04-07T13:03:52+00:00","breadcrumb":{"@id":"https:\/\/informelitoral.com.ar\/la-vicegobernadora-participo-del-becario-en-escena-en-nogoya\/#breadcrumb"},"inLanguage":"es","potentialAction":[{"@type":"ReadAction","target":["https:\/\/informelitoral.com.ar\/la-vicegobernadora-participo-del-becario-en-escena-en-nogoya\/"]}]},{"@type":"ImageObject","inLanguage":"es","@id":"https:\/\/informelitoral.com.ar\/la-vicegobernadora-participo-del-becario-en-escena-en-nogoya\/#primaryimage","url":"https:\/\/informelitoral.com.ar\/%77%70%2d%63%6f%6e%74%65%6e%74\/uploads\/2025\/04\/1-860x573-1.jpeg","contentUrl":"https:\/\/informelitoral.com.ar\/%77%70%2d%63%6f%6e%74%65%6e%74\/uploads\/2025\/04\/1-860x573-1.jpeg","width":860,"height":573},{"@type":"BreadcrumbList","@id":"https:\/\/informelitoral.com.ar\/la-vicegobernadora-participo-del-becario-en-escena-en-nogoya\/#breadcrumb","itemListElement":[{"@type":"ListItem","position":1,"name":"Portada","item":"https:\/\/informelitoral.com.ar\/"},{"@type":"ListItem","position":2,"name":"La vicegobernadora particip\u00f3 del Becario en Escena en Nogoy\u00e1"}]},{"@type":"WebSite","@id":"https:\/\/informelitoral.com.ar\/#website","url":"https:\/\/informelitoral.com.ar\/","name":"Informe Litoral","description":"&quot;Nos informamos&quot; ","publisher":{"@id":"https:\/\/informelitoral.com.ar\/#organization"},"potentialAction":[{"@type":"SearchAction","target":{"@type":"EntryPoint","urlTemplate":"https:\/\/informelitoral.com.ar\/?s={search_term_string}"},"query-input":{"@type":"PropertyValueSpecification","valueRequired":true,"valueName":"search_term_string"}}],"inLanguage":"es"},{"@type":"Organization","@id":"https:\/\/informelitoral.com.ar\/#organization","name":"Informe Litoral","url":"https:\/\/informelitoral.com.ar\/","logo":{"@type":"ImageObject","inLanguage":"es","@id":"https:\/\/informelitoral.com.ar\/#\/schema\/logo\/image\/","url":"https:\/\/informelitoral.com.ar\/%77%70%2d%63%6f%6e%74%65%6e%74\/uploads\/2021\/01\/circulo.png","contentUrl":"https:\/\/informelitoral.com.ar\/%77%70%2d%63%6f%6e%74%65%6e%74\/uploads\/2021\/01\/circulo.png","width":723,"height":731,"caption":"Informe Litoral"},"image":{"@id":"https:\/\/informelitoral.com.ar\/#\/schema\/logo\/image\/"},"sameAs":["https:\/\/www.facebook.com\/informelitoral\/","https:\/\/x.com\/InformeLitoral","https:\/\/www.instagram.com\/informelitoral\/","https:\/\/www.youtube.com\/channel\/UCua4Qvz8Icb6MYqhoq9xLXw"]},{"@type":"Person","@id":"https:\/\/informelitoral.com.ar\/#\/schema\/person\/f05f9f461677119578717524b127d6d5","name":"Sebastian","image":{"@type":"ImageObject","inLanguage":"es","@id":"https:\/\/secure.gravatar.com\/avatar\/b71bf7481d447dfb9583c7f2798e7cc64de6efb9067b74633ed8c31059a3bd82?s=96&d=mm&r=g","url":"https:\/\/secure.gravatar.com\/avatar\/b71bf7481d447dfb9583c7f2798e7cc64de6efb9067b74633ed8c31059a3bd82?s=96&d=mm&r=g","contentUrl":"https:\/\/secure.gravatar.com\/avatar\/b71bf7481d447dfb9583c7f2798e7cc64de6efb9067b74633ed8c31059a3bd82?s=96&d=mm&r=g","caption":"Sebastian"},"url":"https:\/\/informelitoral.com.ar\/author\/sebastian\/"}]}},"_links":{"self":[{"href":"https:\/\/informelitoral.com.ar\/%77%70%2d%6a%73%6f%6e\/wp\/v2\/posts\/217522","targetHints":{"allow":["GET"]}}],"collection":[{"href":"https:\/\/informelitoral.com.ar\/%77%70%2d%6a%73%6f%6e\/wp\/v2\/posts"}],"about":[{"href":"https:\/\/informelitoral.com.ar\/%77%70%2d%6a%73%6f%6e\/wp\/v2\/types\/post"}],"author":[{"embeddable":true,"href":"https:\/\/informelitoral.com.ar\/%77%70%2d%6a%73%6f%6e\/wp\/v2\/users\/8"}],"replies":[{"embeddable":true,"href":"https:\/\/informelitoral.com.ar\/%77%70%2d%6a%73%6f%6e\/wp\/v2\/comments?post=217522"}],"version-history":[{"count":0,"href":"https:\/\/informelitoral.com.ar\/%77%70%2d%6a%73%6f%6e\/wp\/v2\/posts\/217522\/revisions"}],"wp:featuredmedia":[{"embeddable":true,"href":"https:\/\/informelitoral.com.ar\/%77%70%2d%6a%73%6f%6e\/wp\/v2\/media\/217523"}],"wp:attachment":[{"href":"https:\/\/informelitoral.com.ar\/%77%70%2d%6a%73%6f%6e\/wp\/v2\/media?parent=217522"}],"wp:term":[{"taxonomy":"category","embeddable":true,"href":"https:\/\/informelitoral.com.ar\/%77%70%2d%6a%73%6f%6e\/wp\/v2\/categories?post=217522"},{"taxonomy":"post_tag","embeddable":true,"href":"https:\/\/informelitoral.com.ar\/%77%70%2d%6a%73%6f%6e\/wp\/v2\/tags?post=217522"}],"curies":[{"name":"wp","href":"https:\/\/api.w.org\/{rel}","templated":true}]}}